{"id":6928,"date":"2021-09-13T06:06:00","date_gmt":"2021-09-13T09:06:00","guid":{"rendered":"https:\/\/www.padreeustaquio.com.br\/?p=6928"},"modified":"2021-09-11T17:18:23","modified_gmt":"2021-09-11T20:18:23","slug":"79-years-ago-jk-donated-the-land-for-the-health-and-peace-sanctuary","status":"publish","type":"post","link":"https:\/\/www.padreeustaquio.com.br\/en\/79-years-ago-jk-donated-the-land-for-the-health-and-peace-sanctuary\/","title":{"rendered":"79 years ago, JK donated the land for the Health and Peace Sanctuary."},"content":{"rendered":"<p>It was in September 1942 that the then mayor of Belo Horizonte, Juscelino Kubitschek, donated the land for the construction of the new main church, the Church of the Sacred Hearts, today the Sanctuary of Health and Peace. The donation was made to the Congregation through Father Eust\u00e1quio.<\/p>\n\n\n\n<p>JK knew the Dutch priest because of his great fame for blessings and the graces obtained through his intercession. Kubitschek said he was blessed by the Blessed Father&#039;s prayer on two occasions. The first was when his wife, Sarah Kubitschek, was only able to conceive after a blessing from Father Eust\u00e1quio. The second was when he suffered from a serious throat infection and recovered after the Blessed Father&#039;s prayer.<\/p>\n\n\n\n<p>These events made Juscelino Kubitschek a great admirer and friend of Father Eust\u00e1quio, leading him to donate the land for the construction of what would become the future Sacred Hearts Church in Belo Horizonte.<\/p>\n\n\n\n<p>After the death of Father Eust\u00e1quio, JK contributed to the beginning of the canonization process for the Dutch priest, writing a letter to be attached to the documents taken to Rome.<\/p>\n\n\n\n<p>Juscelino Kubitschek was mayor of Belo Horizonte from 1940 to 1946.<\/p>","protected":false},"excerpt":{"rendered":"<p>Foi em setembro de 1942 que o ent\u00e3o prefeito de Belo Horizonte, Juscelino Kubitschek, doou o terreno para a constru\u00e7\u00e3o da nova matriz, a Igreja dos Sagrados Cora\u00e7\u00f5es, hoje, Santu\u00e1rio da Sa\u00fade e da Paz. A doa\u00e7\u00e3o foi feita para a Congrega\u00e7\u00e3o, por interm\u00e9dio de Padre Eust\u00e1quio. JK conheceu o padre holand\u00eas pela grande fama de suas b\u00ean\u00e7\u00e3os e pelas gra\u00e7as alcan\u00e7adas por intercess\u00e3o dele. Kubitschek se dizia agraciado pela ora\u00e7\u00e3o do Bem-aventurado por duas vezes. A primeira, quando sua esposa Sarah Kubitschek s\u00f3 conseguiu engravidar ap\u00f3s uma b\u00ean\u00e7\u00e3o de Padre Eust\u00e1quio. A segunda, quando sofria de uma grave infec\u00e7\u00e3o [&hellip;]<\/p>\n","protected":false},"author":2,"featured_media":6932,"comment_status":"open","ping_status":"closed","sticky":false,"template":"","format":"standard","meta":{"_acf_changed":false,"footnotes":""},"categories":[611],"tags":[],"class_list":["post-6928","post","type-post","status-publish","format-standard","has-post-thumbnail","hentry","category-noticias"],"acf":[],"yoast_head":"<!-- This site is optimized with the Yoast SEO plugin v27.2 - https:\/\/yoast.com\/product\/yoast-seo-wordpress\/ -->\n<title>H\u00e1 79 anos, JK doava terreno do Santu\u00e1rio Sa\u00fade e Paz<\/title>\n<meta name=\"description\" content=\"Em setembro de 1942 o ent\u00e3o prefeito de BH, Juscelino Kubitschek, doou o terreno para a constru\u00e7\u00e3o da nova matriz. A doa\u00e7\u00e3o foi feita para a Congrega\u00e7\u00e3o, por interm\u00e9dio de Padre Eust\u00e1quio.\" \/>\n<meta name=\"robots\" content=\"index, follow, max-snippet:-1, max-image-preview:large, max-video-preview:-1\" \/>\n<link rel=\"canonical\" href=\"https:\/\/www.padreeustaquio.com.br\/en\/79-years-ago-jk-donated-the-land-for-the-health-and-peace-sanctuary\/\" \/>\n<meta property=\"og:locale\" content=\"en_US\" \/>\n<meta property=\"og:type\" content=\"article\" \/>\n<meta property=\"og:title\" content=\"H\u00e1 79 anos, JK doava terreno do Santu\u00e1rio Sa\u00fade e Paz\" \/>\n<meta property=\"og:description\" content=\"Em setembro de 1942 o ent\u00e3o prefeito de BH, Juscelino Kubitschek, doou o terreno para a constru\u00e7\u00e3o da nova matriz. A doa\u00e7\u00e3o foi feita para a Congrega\u00e7\u00e3o, por interm\u00e9dio de Padre Eust\u00e1quio.\" \/>\n<meta property=\"og:url\" content=\"https:\/\/www.padreeustaquio.com.br\/en\/79-years-ago-jk-donated-the-land-for-the-health-and-peace-sanctuary\/\" \/>\n<meta property=\"og:site_name\" content=\"Padre Eust\u00e1quio\" \/>\n<meta property=\"article:publisher\" content=\"https:\/\/www.facebook.com\/beatopadreeustaquio\/\" \/>\n<meta property=\"article:published_time\" content=\"2021-09-13T09:06:00+00:00\" \/>\n<meta property=\"og:image\" content=\"https:\/\/www.padreeustaquio.com.br\/wp-content\/uploads\/2021\/09\/JK-e-Elfrink.jpg\" \/>\n\t<meta property=\"og:image:width\" content=\"748\" \/>\n\t<meta property=\"og:image:height\" content=\"394\" \/>\n\t<meta property=\"og:image:type\" content=\"image\/jpeg\" \/>\n<meta name=\"author\" content=\"@sscc\" \/>\n<meta name=\"twitter:card\" content=\"summary_large_image\" \/>\n<meta name=\"twitter:creator\" content=\"@beatopeustaquio\" \/>\n<meta name=\"twitter:site\" content=\"@beatopeustaquio\" \/>\n<meta name=\"twitter:label1\" content=\"Written by\" \/>\n\t<meta name=\"twitter:data1\" content=\"@sscc\" \/>\n\t<meta name=\"twitter:label2\" content=\"Est. reading time\" \/>\n\t<meta name=\"twitter:data2\" content=\"1 minute\" \/>\n<script type=\"application\/ld+json\" class=\"yoast-schema-graph\">{\"@context\":\"https:\/\/schema.org\",\"@graph\":[{\"@type\":\"Article\",\"@id\":\"https:\/\/www.padreeustaquio.com.br\/ha-79-anos-jk-doava-terreno-do-santuario-saude-e-paz\/#article\",\"isPartOf\":{\"@id\":\"https:\/\/www.padreeustaquio.com.br\/ha-79-anos-jk-doava-terreno-do-santuario-saude-e-paz\/\"},\"author\":{\"name\":\"@sscc\",\"@id\":\"https:\/\/www.padreeustaquio.com.br\/#\/schema\/person\/a2a51db1d00f1a7af0204a0f1ddb1566\"},\"headline\":\"H\u00e1 79 anos, JK doava terreno do Santu\u00e1rio Sa\u00fade e Paz\",\"datePublished\":\"2021-09-13T09:06:00+00:00\",\"mainEntityOfPage\":{\"@id\":\"https:\/\/www.padreeustaquio.com.br\/ha-79-anos-jk-doava-terreno-do-santuario-saude-e-paz\/\"},\"wordCount\":220,\"commentCount\":0,\"publisher\":{\"@id\":\"https:\/\/www.padreeustaquio.com.br\/#organization\"},\"image\":{\"@id\":\"https:\/\/www.padreeustaquio.com.br\/ha-79-anos-jk-doava-terreno-do-santuario-saude-e-paz\/#primaryimage\"},\"thumbnailUrl\":\"https:\/\/www.padreeustaquio.com.br\/wp-content\/uploads\/2021\/09\/JK-e-Elfrink.jpg\",\"articleSection\":[\"Not\u00edcias\"],\"inLanguage\":\"en-US\",\"potentialAction\":[{\"@type\":\"CommentAction\",\"name\":\"Comment\",\"target\":[\"https:\/\/www.padreeustaquio.com.br\/ha-79-anos-jk-doava-terreno-do-santuario-saude-e-paz\/#respond\"]}]},{\"@type\":\"WebPage\",\"@id\":\"https:\/\/www.padreeustaquio.com.br\/ha-79-anos-jk-doava-terreno-do-santuario-saude-e-paz\/\",\"url\":\"https:\/\/www.padreeustaquio.com.br\/ha-79-anos-jk-doava-terreno-do-santuario-saude-e-paz\/\",\"name\":\"H\u00e1 79 anos, JK doava terreno do Santu\u00e1rio Sa\u00fade e Paz\",\"isPartOf\":{\"@id\":\"https:\/\/www.padreeustaquio.com.br\/#website\"},\"primaryImageOfPage\":{\"@id\":\"https:\/\/www.padreeustaquio.com.br\/ha-79-anos-jk-doava-terreno-do-santuario-saude-e-paz\/#primaryimage\"},\"image\":{\"@id\":\"https:\/\/www.padreeustaquio.com.br\/ha-79-anos-jk-doava-terreno-do-santuario-saude-e-paz\/#primaryimage\"},\"thumbnailUrl\":\"https:\/\/www.padreeustaquio.com.br\/wp-content\/uploads\/2021\/09\/JK-e-Elfrink.jpg\",\"datePublished\":\"2021-09-13T09:06:00+00:00\",\"description\":\"Em setembro de 1942 o ent\u00e3o prefeito de BH, Juscelino Kubitschek, doou o terreno para a constru\u00e7\u00e3o da nova matriz. A doa\u00e7\u00e3o foi feita para a Congrega\u00e7\u00e3o, por interm\u00e9dio de Padre Eust\u00e1quio.\",\"breadcrumb\":{\"@id\":\"https:\/\/www.padreeustaquio.com.br\/ha-79-anos-jk-doava-terreno-do-santuario-saude-e-paz\/#breadcrumb\"},\"inLanguage\":\"en-US\",\"potentialAction\":[{\"@type\":\"ReadAction\",\"target\":[\"https:\/\/www.padreeustaquio.com.br\/ha-79-anos-jk-doava-terreno-do-santuario-saude-e-paz\/\"]}]},{\"@type\":\"ImageObject\",\"inLanguage\":\"en-US\",\"@id\":\"https:\/\/www.padreeustaquio.com.br\/ha-79-anos-jk-doava-terreno-do-santuario-saude-e-paz\/#primaryimage\",\"url\":\"https:\/\/www.padreeustaquio.com.br\/wp-content\/uploads\/2021\/09\/JK-e-Elfrink.jpg\",\"contentUrl\":\"https:\/\/www.padreeustaquio.com.br\/wp-content\/uploads\/2021\/09\/JK-e-Elfrink.jpg\",\"width\":748,\"height\":394,\"caption\":\"Momento em que Juscelino Kubitschek d\u00e1 seu depoimento ao processo de Beatifica\u00e7\u00e3o de Padre Eust\u00e1quio.\"},{\"@type\":\"BreadcrumbList\",\"@id\":\"https:\/\/www.padreeustaquio.com.br\/ha-79-anos-jk-doava-terreno-do-santuario-saude-e-paz\/#breadcrumb\",\"itemListElement\":[{\"@type\":\"ListItem\",\"position\":1,\"name\":\"In\u00edcio\",\"item\":\"https:\/\/www.padreeustaquio.com.br\/\"},{\"@type\":\"ListItem\",\"position\":2,\"name\":\"H\u00e1 79 anos, JK doava terreno do Santu\u00e1rio Sa\u00fade e Paz\"}]},{\"@type\":\"WebSite\",\"@id\":\"https:\/\/www.padreeustaquio.com.br\/#website\",\"url\":\"https:\/\/www.padreeustaquio.com.br\/\",\"name\":\"Padre Eust\u00e1quio\",\"description\":\"Sa\u00fade e Paz\",\"publisher\":{\"@id\":\"https:\/\/www.padreeustaquio.com.br\/#organization\"},\"potentialAction\":[{\"@type\":\"SearchAction\",\"target\":{\"@type\":\"EntryPoint\",\"urlTemplate\":\"https:\/\/www.padreeustaquio.com.br\/?s={search_term_string}\"},\"query-input\":{\"@type\":\"PropertyValueSpecification\",\"valueRequired\":true,\"valueName\":\"search_term_string\"}}],\"inLanguage\":\"en-US\"},{\"@type\":\"Organization\",\"@id\":\"https:\/\/www.padreeustaquio.com.br\/#organization\",\"name\":\"Padre Eust\u00e1quio\",\"url\":\"https:\/\/www.padreeustaquio.com.br\/\",\"logo\":{\"@type\":\"ImageObject\",\"inLanguage\":\"en-US\",\"@id\":\"https:\/\/www.padreeustaquio.com.br\/#\/schema\/logo\/image\/\",\"url\":\"https:\/\/www.padreeustaquio.com.br\/wp-content\/uploads\/2019\/08\/marca.png\",\"contentUrl\":\"https:\/\/www.padreeustaquio.com.br\/wp-content\/uploads\/2019\/08\/marca.png\",\"width\":350,\"height\":400,\"caption\":\"Padre Eust\u00e1quio\"},\"image\":{\"@id\":\"https:\/\/www.padreeustaquio.com.br\/#\/schema\/logo\/image\/\"},\"sameAs\":[\"https:\/\/www.facebook.com\/beatopadreeustaquio\/\",\"https:\/\/x.com\/beatopeustaquio\",\"https:\/\/www.instagram.com\/beatopadreeustaquio\/\",\"https:\/\/www.youtube.com\/channel\/UCRhw7vfabnajwLxb1ZXMeIw\"]},{\"@type\":\"Person\",\"@id\":\"https:\/\/www.padreeustaquio.com.br\/#\/schema\/person\/a2a51db1d00f1a7af0204a0f1ddb1566\",\"name\":\"@sscc\",\"image\":{\"@type\":\"ImageObject\",\"inLanguage\":\"en-US\",\"@id\":\"https:\/\/secure.gravatar.com\/avatar\/68cfafa5f44617fea54071e215026e0ff06be366c3d54a8425f04fdcb86f8c5f?s=96&d=mm&r=g\",\"url\":\"https:\/\/secure.gravatar.com\/avatar\/68cfafa5f44617fea54071e215026e0ff06be366c3d54a8425f04fdcb86f8c5f?s=96&d=mm&r=g\",\"contentUrl\":\"https:\/\/secure.gravatar.com\/avatar\/68cfafa5f44617fea54071e215026e0ff06be366c3d54a8425f04fdcb86f8c5f?s=96&d=mm&r=g\",\"caption\":\"@sscc\"},\"url\":\"https:\/\/www.padreeustaquio.com.br\/en\/author\/sscc\/\"}]}<\/script>\n<!-- \/ Yoast SEO plugin. -->","yoast_head_json":{"title":"79 years ago, JK donated the land for the Health and Peace Sanctuary.","description":"In September 1942, the then mayor of Belo Horizonte, Juscelino Kubitschek, donated the land for the construction of the new main church. The donation was made to the Congregation through Father Eust\u00e1quio.","robots":{"index":"index","follow":"follow","max-snippet":"max-snippet:-1","max-image-preview":"max-image-preview:large","max-video-preview":"max-video-preview:-1"},"canonical":"https:\/\/www.padreeustaquio.com.br\/en\/79-years-ago-jk-donated-the-land-for-the-health-and-peace-sanctuary\/","og_locale":"en_US","og_type":"article","og_title":"H\u00e1 79 anos, JK doava terreno do Santu\u00e1rio Sa\u00fade e Paz","og_description":"Em setembro de 1942 o ent\u00e3o prefeito de BH, Juscelino Kubitschek, doou o terreno para a constru\u00e7\u00e3o da nova matriz. A doa\u00e7\u00e3o foi feita para a Congrega\u00e7\u00e3o, por interm\u00e9dio de Padre Eust\u00e1quio.","og_url":"https:\/\/www.padreeustaquio.com.br\/en\/79-years-ago-jk-donated-the-land-for-the-health-and-peace-sanctuary\/","og_site_name":"Padre Eust\u00e1quio","article_publisher":"https:\/\/www.facebook.com\/beatopadreeustaquio\/","article_published_time":"2021-09-13T09:06:00+00:00","og_image":[{"width":748,"height":394,"url":"https:\/\/www.padreeustaquio.com.br\/wp-content\/uploads\/2021\/09\/JK-e-Elfrink.jpg","type":"image\/jpeg"}],"author":"@sscc","twitter_card":"summary_large_image","twitter_creator":"@beatopeustaquio","twitter_site":"@beatopeustaquio","twitter_misc":{"Written by":"@sscc","Est. reading time":"1 minute"},"schema":{"@context":"https:\/\/schema.org","@graph":[{"@type":"Article","@id":"https:\/\/www.padreeustaquio.com.br\/ha-79-anos-jk-doava-terreno-do-santuario-saude-e-paz\/#article","isPartOf":{"@id":"https:\/\/www.padreeustaquio.com.br\/ha-79-anos-jk-doava-terreno-do-santuario-saude-e-paz\/"},"author":{"name":"@sscc","@id":"https:\/\/www.padreeustaquio.com.br\/#\/schema\/person\/a2a51db1d00f1a7af0204a0f1ddb1566"},"headline":"H\u00e1 79 anos, JK doava terreno do Santu\u00e1rio Sa\u00fade e Paz","datePublished":"2021-09-13T09:06:00+00:00","mainEntityOfPage":{"@id":"https:\/\/www.padreeustaquio.com.br\/ha-79-anos-jk-doava-terreno-do-santuario-saude-e-paz\/"},"wordCount":220,"commentCount":0,"publisher":{"@id":"https:\/\/www.padreeustaquio.com.br\/#organization"},"image":{"@id":"https:\/\/www.padreeustaquio.com.br\/ha-79-anos-jk-doava-terreno-do-santuario-saude-e-paz\/#primaryimage"},"thumbnailUrl":"https:\/\/www.padreeustaquio.com.br\/wp-content\/uploads\/2021\/09\/JK-e-Elfrink.jpg","articleSection":["Not\u00edcias"],"inLanguage":"en-US","potentialAction":[{"@type":"CommentAction","name":"Comment","target":["https:\/\/www.padreeustaquio.com.br\/ha-79-anos-jk-doava-terreno-do-santuario-saude-e-paz\/#respond"]}]},{"@type":"WebPage","@id":"https:\/\/www.padreeustaquio.com.br\/ha-79-anos-jk-doava-terreno-do-santuario-saude-e-paz\/","url":"https:\/\/www.padreeustaquio.com.br\/ha-79-anos-jk-doava-terreno-do-santuario-saude-e-paz\/","name":"79 years ago, JK donated the land for the Health and Peace Sanctuary.","isPartOf":{"@id":"https:\/\/www.padreeustaquio.com.br\/#website"},"primaryImageOfPage":{"@id":"https:\/\/www.padreeustaquio.com.br\/ha-79-anos-jk-doava-terreno-do-santuario-saude-e-paz\/#primaryimage"},"image":{"@id":"https:\/\/www.padreeustaquio.com.br\/ha-79-anos-jk-doava-terreno-do-santuario-saude-e-paz\/#primaryimage"},"thumbnailUrl":"https:\/\/www.padreeustaquio.com.br\/wp-content\/uploads\/2021\/09\/JK-e-Elfrink.jpg","datePublished":"2021-09-13T09:06:00+00:00","description":"In September 1942, the then mayor of Belo Horizonte, Juscelino Kubitschek, donated the land for the construction of the new main church. The donation was made to the Congregation through Father Eust\u00e1quio.","breadcrumb":{"@id":"https:\/\/www.padreeustaquio.com.br\/ha-79-anos-jk-doava-terreno-do-santuario-saude-e-paz\/#breadcrumb"},"inLanguage":"en-US","potentialAction":[{"@type":"ReadAction","target":["https:\/\/www.padreeustaquio.com.br\/ha-79-anos-jk-doava-terreno-do-santuario-saude-e-paz\/"]}]},{"@type":"ImageObject","inLanguage":"en-US","@id":"https:\/\/www.padreeustaquio.com.br\/ha-79-anos-jk-doava-terreno-do-santuario-saude-e-paz\/#primaryimage","url":"https:\/\/www.padreeustaquio.com.br\/wp-content\/uploads\/2021\/09\/JK-e-Elfrink.jpg","contentUrl":"https:\/\/www.padreeustaquio.com.br\/wp-content\/uploads\/2021\/09\/JK-e-Elfrink.jpg","width":748,"height":394,"caption":"Momento em que Juscelino Kubitschek d\u00e1 seu depoimento ao processo de Beatifica\u00e7\u00e3o de Padre Eust\u00e1quio."},{"@type":"BreadcrumbList","@id":"https:\/\/www.padreeustaquio.com.br\/ha-79-anos-jk-doava-terreno-do-santuario-saude-e-paz\/#breadcrumb","itemListElement":[{"@type":"ListItem","position":1,"name":"In\u00edcio","item":"https:\/\/www.padreeustaquio.com.br\/"},{"@type":"ListItem","position":2,"name":"H\u00e1 79 anos, JK doava terreno do Santu\u00e1rio Sa\u00fade e Paz"}]},{"@type":"WebSite","@id":"https:\/\/www.padreeustaquio.com.br\/#website","url":"https:\/\/www.padreeustaquio.com.br\/","name":"FATHER EUST\u00c1QUIO","description":"Health and Peace","publisher":{"@id":"https:\/\/www.padreeustaquio.com.br\/#organization"},"potentialAction":[{"@type":"SearchAction","target":{"@type":"EntryPoint","urlTemplate":"https:\/\/www.padreeustaquio.com.br\/?s={search_term_string}"},"query-input":{"@type":"PropertyValueSpecification","valueRequired":true,"valueName":"search_term_string"}}],"inLanguage":"en-US"},{"@type":"Organization","@id":"https:\/\/www.padreeustaquio.com.br\/#organization","name":"FATHER EUST\u00c1QUIO","url":"https:\/\/www.padreeustaquio.com.br\/","logo":{"@type":"ImageObject","inLanguage":"en-US","@id":"https:\/\/www.padreeustaquio.com.br\/#\/schema\/logo\/image\/","url":"https:\/\/www.padreeustaquio.com.br\/wp-content\/uploads\/2019\/08\/marca.png","contentUrl":"https:\/\/www.padreeustaquio.com.br\/wp-content\/uploads\/2019\/08\/marca.png","width":350,"height":400,"caption":"Padre Eust\u00e1quio"},"image":{"@id":"https:\/\/www.padreeustaquio.com.br\/#\/schema\/logo\/image\/"},"sameAs":["https:\/\/www.facebook.com\/beatopadreeustaquio\/","https:\/\/x.com\/beatopeustaquio","https:\/\/www.instagram.com\/beatopadreeustaquio\/","https:\/\/www.youtube.com\/channel\/UCRhw7vfabnajwLxb1ZXMeIw"]},{"@type":"Person","@id":"https:\/\/www.padreeustaquio.com.br\/#\/schema\/person\/a2a51db1d00f1a7af0204a0f1ddb1566","name":"@sscc","image":{"@type":"ImageObject","inLanguage":"en-US","@id":"https:\/\/secure.gravatar.com\/avatar\/68cfafa5f44617fea54071e215026e0ff06be366c3d54a8425f04fdcb86f8c5f?s=96&d=mm&r=g","url":"https:\/\/secure.gravatar.com\/avatar\/68cfafa5f44617fea54071e215026e0ff06be366c3d54a8425f04fdcb86f8c5f?s=96&d=mm&r=g","contentUrl":"https:\/\/secure.gravatar.com\/avatar\/68cfafa5f44617fea54071e215026e0ff06be366c3d54a8425f04fdcb86f8c5f?s=96&d=mm&r=g","caption":"@sscc"},"url":"https:\/\/www.padreeustaquio.com.br\/en\/author\/sscc\/"}]}},"_links":{"self":[{"href":"https:\/\/www.padreeustaquio.com.br\/en\/wp-json\/wp\/v2\/posts\/6928","targetHints":{"allow":["GET"]}}],"collection":[{"href":"https:\/\/www.padreeustaquio.com.br\/en\/wp-json\/wp\/v2\/posts"}],"about":[{"href":"https:\/\/www.padreeustaquio.com.br\/en\/wp-json\/wp\/v2\/types\/post"}],"author":[{"embeddable":true,"href":"https:\/\/www.padreeustaquio.com.br\/en\/wp-json\/wp\/v2\/users\/2"}],"replies":[{"embeddable":true,"href":"https:\/\/www.padreeustaquio.com.br\/en\/wp-json\/wp\/v2\/comments?post=6928"}],"version-history":[{"count":0,"href":"https:\/\/www.padreeustaquio.com.br\/en\/wp-json\/wp\/v2\/posts\/6928\/revisions"}],"wp:featuredmedia":[{"embeddable":true,"href":"https:\/\/www.padreeustaquio.com.br\/en\/wp-json\/wp\/v2\/media\/6932"}],"wp:attachment":[{"href":"https:\/\/www.padreeustaquio.com.br\/en\/wp-json\/wp\/v2\/media?parent=6928"}],"wp:term":[{"taxonomy":"category","embeddable":true,"href":"https:\/\/www.padreeustaquio.com.br\/en\/wp-json\/wp\/v2\/categories?post=6928"},{"taxonomy":"post_tag","embeddable":true,"href":"https:\/\/www.padreeustaquio.com.br\/en\/wp-json\/wp\/v2\/tags?post=6928"}],"curies":[{"name":"wp","href":"https:\/\/api.w.org\/{rel}","templated":true}]}}