{"id":6909,"date":"2021-09-10T06:01:00","date_gmt":"2021-09-10T09:01:00","guid":{"rendered":"https:\/\/www.padreeustaquio.com.br\/?p=6909"},"modified":"2021-09-10T11:01:15","modified_gmt":"2021-09-10T14:01:15","slug":"wash-your-car-and-help-the-padre-eustaquio-social-action-project","status":"publish","type":"post","link":"https:\/\/www.padreeustaquio.com.br\/en\/wash-your-car-and-help-the-padre-eustaquio-social-action-project\/","title":{"rendered":"Wash your car and help the Padre Eust\u00e1quio Social Action."},"content":{"rendered":"<p>A very devout family of Padre Eust\u00e1quio decided to help the Social Action works in Belo Horizonte in a very interesting way. They own a gas station with a car wash service, and all the income from car washes, done on the 12th of each month, will be donated to the social works of the Sanctuary of Health and Peace.<\/p>\n\n\n\n<div class=\"wp-block-image\"><figure class=\"alignleft size-large is-resized\"><img fetchpriority=\"high\" decoding=\"async\" src=\"https:\/\/www.padreeustaquio.com.br\/wp-content\/uploads\/2021\/09\/WhatsApp-Image-2021-09-10-at-10.39.34-edited.jpeg\" alt=\"\" class=\"wp-image-6917\" width=\"277\" height=\"208\" srcset=\"https:\/\/www.padreeustaquio.com.br\/wp-content\/uploads\/2021\/09\/WhatsApp-Image-2021-09-10-at-10.39.34-edited.jpeg 1200w, https:\/\/www.padreeustaquio.com.br\/wp-content\/uploads\/2021\/09\/WhatsApp-Image-2021-09-10-at-10.39.34-edited-300x225.jpeg 300w, https:\/\/www.padreeustaquio.com.br\/wp-content\/uploads\/2021\/09\/WhatsApp-Image-2021-09-10-at-10.39.34-edited-1024x768.jpeg 1024w, https:\/\/www.padreeustaquio.com.br\/wp-content\/uploads\/2021\/09\/WhatsApp-Image-2021-09-10-at-10.39.34-edited-768x576.jpeg 768w, https:\/\/www.padreeustaquio.com.br\/wp-content\/uploads\/2021\/09\/WhatsApp-Image-2021-09-10-at-10.39.34-edited-180x135.jpeg 180w, https:\/\/www.padreeustaquio.com.br\/wp-content\/uploads\/2021\/09\/WhatsApp-Image-2021-09-10-at-10.39.34-edited-400x300.jpeg 400w, https:\/\/www.padreeustaquio.com.br\/wp-content\/uploads\/2021\/09\/WhatsApp-Image-2021-09-10-at-10.39.34-edited-600x450.jpeg 600w, https:\/\/www.padreeustaquio.com.br\/wp-content\/uploads\/2021\/09\/WhatsApp-Image-2021-09-10-at-10.39.34-edited-800x600.jpeg 800w\" sizes=\"(max-width: 277px) 100vw, 277px\" \/><\/figure><\/div>\n\n\n\n<p>The initiative came from the children and grandchildren of Mrs. Neusa Moreira. A devout follower of Father Eust\u00e1quio, the retired woman passed on her devotion to the younger generations, who joined together and decided to donate all the money collected from washing vehicles on a specific day to the Church. The grandchildren chose the 12th of each month to promote this action and even put up a sign informing gas station users about the destination of the money.<\/p>\n\n\n\n<p>The donation drive started last month and will continue permanently. So, if you need a thorough car wash with quality service, stop by the Wap station next Sunday (September 12th) and leave with a clean car and a guaranteed donation.<\/p>\n\n\n\n<p>Spread this idea to your friends and family so that the gas station is full every 12th of the month, demonstrating their great devotion to Blessed Father Eustace, as well as their desire to help the works of the Church. <strong>The Wap station is located at Avenida Dom Pedro II, 4091, right on the corner of Rua Henrique Gorceix, in the Padre Eust\u00e1quio neighborhood. <\/strong>The phone number there for more information is... <a href=\"tel:34122190\">(31) 3412-2190<\/a>.<\/p>\n\n\n\n<div class=\"wp-block-image\"><figure class=\"aligncenter size-large is-resized\"><img decoding=\"async\" src=\"https:\/\/www.padreeustaquio.com.br\/wp-content\/uploads\/2021\/09\/WhatsApp-Image-2021-09-10-at-10.39.22-1024x768.jpeg\" alt=\"\" class=\"wp-image-6916\" width=\"354\" height=\"265\" srcset=\"https:\/\/www.padreeustaquio.com.br\/wp-content\/uploads\/2021\/09\/WhatsApp-Image-2021-09-10-at-10.39.22-1024x768.jpeg 1024w, https:\/\/www.padreeustaquio.com.br\/wp-content\/uploads\/2021\/09\/WhatsApp-Image-2021-09-10-at-10.39.22-300x225.jpeg 300w, https:\/\/www.padreeustaquio.com.br\/wp-content\/uploads\/2021\/09\/WhatsApp-Image-2021-09-10-at-10.39.22-768x576.jpeg 768w, https:\/\/www.padreeustaquio.com.br\/wp-content\/uploads\/2021\/09\/WhatsApp-Image-2021-09-10-at-10.39.22-1536x1152.jpeg 1536w, https:\/\/www.padreeustaquio.com.br\/wp-content\/uploads\/2021\/09\/WhatsApp-Image-2021-09-10-at-10.39.22-180x135.jpeg 180w, https:\/\/www.padreeustaquio.com.br\/wp-content\/uploads\/2021\/09\/WhatsApp-Image-2021-09-10-at-10.39.22-400x300.jpeg 400w, https:\/\/www.padreeustaquio.com.br\/wp-content\/uploads\/2021\/09\/WhatsApp-Image-2021-09-10-at-10.39.22-600x450.jpeg 600w, https:\/\/www.padreeustaquio.com.br\/wp-content\/uploads\/2021\/09\/WhatsApp-Image-2021-09-10-at-10.39.22-800x600.jpeg 800w, https:\/\/www.padreeustaquio.com.br\/wp-content\/uploads\/2021\/09\/WhatsApp-Image-2021-09-10-at-10.39.22-1200x900.jpeg 1200w, https:\/\/www.padreeustaquio.com.br\/wp-content\/uploads\/2021\/09\/WhatsApp-Image-2021-09-10-at-10.39.22.jpeg 1600w\" sizes=\"(max-width: 354px) 100vw, 354px\" \/><\/figure><\/div>\n\n\n\n<p><\/p>\n\n\n\n<p><\/p>","protected":false},"excerpt":{"rendered":"<p>Uma fam\u00edlia muito devota de Padre Eust\u00e1quio resolveu ajudar as obras da A\u00e7\u00e3o Social, em Belo Horizonte, de uma forma bastante interessante. Eles t\u00eam um posto de combust\u00edveis com servi\u00e7o de &#8220;Lava-jato&#8221; e toda a renda das lava\u00e7\u00f5es de autom\u00f3veis, feitas no dia 12 de cada m\u00eas, ser\u00e1 repassada para as obras sociais do Santu\u00e1rio da Sa\u00fade e da Paz. A a\u00e7\u00e3o partiu dos filhos e netos da dona Neusa Moreira. Muito devota de Padre Eust\u00e1quio, a aposentada passou a devo\u00e7\u00e3o \u00e0s novas gera\u00e7\u00f5es que se uniram e resolveram doar todo o dinheiro arrecadado com a lavagem de ve\u00edculos, de [&hellip;]<\/p>\n","protected":false},"author":2,"featured_media":6914,"comment_status":"open","ping_status":"closed","sticky":false,"template":"","format":"standard","meta":{"_acf_changed":false,"footnotes":""},"categories":[611],"tags":[],"class_list":["post-6909","post","type-post","status-publish","format-standard","has-post-thumbnail","hentry","category-noticias"],"acf":[],"yoast_head":"<!-- This site is optimized with the Yoast SEO plugin v27.2 - https:\/\/yoast.com\/product\/yoast-seo-wordpress\/ -->\n<title>Lave seu carro e ajude a A\u00e7\u00e3o Social Padre Eust\u00e1quio<\/title>\n<meta name=\"description\" content=\"Uma fam\u00edlia muito devota de Padre Eust\u00e1quio vai repassar toda a renda das lava\u00e7\u00f5es de autom\u00f3veis, feitas no dia 12 de cada m\u00eas, no posto de combust\u00edveis deles para as obras sociais do Santu\u00e1rio. Saiba onde fica o posto e ajude tamb\u00e9m!\" \/>\n<meta name=\"robots\" content=\"index, follow, max-snippet:-1, max-image-preview:large, max-video-preview:-1\" \/>\n<link rel=\"canonical\" href=\"https:\/\/www.padreeustaquio.com.br\/en\/wash-your-car-and-help-the-padre-eustaquio-social-action-project\/\" \/>\n<meta property=\"og:locale\" content=\"en_US\" \/>\n<meta property=\"og:type\" content=\"article\" \/>\n<meta property=\"og:title\" content=\"Lave seu carro e ajude a A\u00e7\u00e3o Social Padre Eust\u00e1quio\" \/>\n<meta property=\"og:description\" content=\"Uma fam\u00edlia muito devota de Padre Eust\u00e1quio vai repassar toda a renda das lava\u00e7\u00f5es de autom\u00f3veis, feitas no dia 12 de cada m\u00eas, no posto de combust\u00edveis deles para as obras sociais do Santu\u00e1rio. Saiba onde fica o posto e ajude tamb\u00e9m!\" \/>\n<meta property=\"og:url\" content=\"https:\/\/www.padreeustaquio.com.br\/en\/wash-your-car-and-help-the-padre-eustaquio-social-action-project\/\" \/>\n<meta property=\"og:site_name\" content=\"Padre Eust\u00e1quio\" \/>\n<meta property=\"article:publisher\" content=\"https:\/\/www.facebook.com\/beatopadreeustaquio\/\" \/>\n<meta property=\"article:published_time\" content=\"2021-09-10T09:01:00+00:00\" \/>\n<meta property=\"article:modified_time\" content=\"2021-09-10T14:01:15+00:00\" \/>\n<meta property=\"og:image\" content=\"https:\/\/www.padreeustaquio.com.br\/wp-content\/uploads\/2021\/09\/posto-dinheiro-acao.jpg\" \/>\n\t<meta property=\"og:image:width\" content=\"748\" \/>\n\t<meta property=\"og:image:height\" content=\"394\" \/>\n\t<meta property=\"og:image:type\" content=\"image\/jpeg\" \/>\n<meta name=\"author\" content=\"@sscc\" \/>\n<meta name=\"twitter:card\" content=\"summary_large_image\" \/>\n<meta name=\"twitter:creator\" content=\"@beatopeustaquio\" \/>\n<meta name=\"twitter:site\" content=\"@beatopeustaquio\" \/>\n<meta name=\"twitter:label1\" content=\"Written by\" \/>\n\t<meta name=\"twitter:data1\" content=\"@sscc\" \/>\n\t<meta name=\"twitter:label2\" content=\"Est. reading time\" \/>\n\t<meta name=\"twitter:data2\" content=\"2 minutes\" \/>\n<script type=\"application\/ld+json\" class=\"yoast-schema-graph\">{\"@context\":\"https:\/\/schema.org\",\"@graph\":[{\"@type\":\"Article\",\"@id\":\"https:\/\/www.padreeustaquio.com.br\/lave-seu-carro-e-ajude-a-acao-social-padre-eustaquio\/#article\",\"isPartOf\":{\"@id\":\"https:\/\/www.padreeustaquio.com.br\/lave-seu-carro-e-ajude-a-acao-social-padre-eustaquio\/\"},\"author\":{\"name\":\"@sscc\",\"@id\":\"https:\/\/www.padreeustaquio.com.br\/#\/schema\/person\/a2a51db1d00f1a7af0204a0f1ddb1566\"},\"headline\":\"Lave seu carro e ajude a A\u00e7\u00e3o Social Padre Eust\u00e1quio\",\"datePublished\":\"2021-09-10T09:01:00+00:00\",\"dateModified\":\"2021-09-10T14:01:15+00:00\",\"mainEntityOfPage\":{\"@id\":\"https:\/\/www.padreeustaquio.com.br\/lave-seu-carro-e-ajude-a-acao-social-padre-eustaquio\/\"},\"wordCount\":285,\"commentCount\":0,\"publisher\":{\"@id\":\"https:\/\/www.padreeustaquio.com.br\/#organization\"},\"image\":{\"@id\":\"https:\/\/www.padreeustaquio.com.br\/lave-seu-carro-e-ajude-a-acao-social-padre-eustaquio\/#primaryimage\"},\"thumbnailUrl\":\"https:\/\/www.padreeustaquio.com.br\/wp-content\/uploads\/2021\/09\/posto-dinheiro-acao.jpg\",\"articleSection\":[\"Not\u00edcias\"],\"inLanguage\":\"en-US\",\"potentialAction\":[{\"@type\":\"CommentAction\",\"name\":\"Comment\",\"target\":[\"https:\/\/www.padreeustaquio.com.br\/lave-seu-carro-e-ajude-a-acao-social-padre-eustaquio\/#respond\"]}]},{\"@type\":\"WebPage\",\"@id\":\"https:\/\/www.padreeustaquio.com.br\/lave-seu-carro-e-ajude-a-acao-social-padre-eustaquio\/\",\"url\":\"https:\/\/www.padreeustaquio.com.br\/lave-seu-carro-e-ajude-a-acao-social-padre-eustaquio\/\",\"name\":\"Lave seu carro e ajude a A\u00e7\u00e3o Social Padre Eust\u00e1quio\",\"isPartOf\":{\"@id\":\"https:\/\/www.padreeustaquio.com.br\/#website\"},\"primaryImageOfPage\":{\"@id\":\"https:\/\/www.padreeustaquio.com.br\/lave-seu-carro-e-ajude-a-acao-social-padre-eustaquio\/#primaryimage\"},\"image\":{\"@id\":\"https:\/\/www.padreeustaquio.com.br\/lave-seu-carro-e-ajude-a-acao-social-padre-eustaquio\/#primaryimage\"},\"thumbnailUrl\":\"https:\/\/www.padreeustaquio.com.br\/wp-content\/uploads\/2021\/09\/posto-dinheiro-acao.jpg\",\"datePublished\":\"2021-09-10T09:01:00+00:00\",\"dateModified\":\"2021-09-10T14:01:15+00:00\",\"description\":\"Uma fam\u00edlia muito devota de Padre Eust\u00e1quio vai repassar toda a renda das lava\u00e7\u00f5es de autom\u00f3veis, feitas no dia 12 de cada m\u00eas, no posto de combust\u00edveis deles para as obras sociais do Santu\u00e1rio. Saiba onde fica o posto e ajude tamb\u00e9m!\",\"breadcrumb\":{\"@id\":\"https:\/\/www.padreeustaquio.com.br\/lave-seu-carro-e-ajude-a-acao-social-padre-eustaquio\/#breadcrumb\"},\"inLanguage\":\"en-US\",\"potentialAction\":[{\"@type\":\"ReadAction\",\"target\":[\"https:\/\/www.padreeustaquio.com.br\/lave-seu-carro-e-ajude-a-acao-social-padre-eustaquio\/\"]}]},{\"@type\":\"ImageObject\",\"inLanguage\":\"en-US\",\"@id\":\"https:\/\/www.padreeustaquio.com.br\/lave-seu-carro-e-ajude-a-acao-social-padre-eustaquio\/#primaryimage\",\"url\":\"https:\/\/www.padreeustaquio.com.br\/wp-content\/uploads\/2021\/09\/posto-dinheiro-acao.jpg\",\"contentUrl\":\"https:\/\/www.padreeustaquio.com.br\/wp-content\/uploads\/2021\/09\/posto-dinheiro-acao.jpg\",\"width\":748,\"height\":394},{\"@type\":\"BreadcrumbList\",\"@id\":\"https:\/\/www.padreeustaquio.com.br\/lave-seu-carro-e-ajude-a-acao-social-padre-eustaquio\/#breadcrumb\",\"itemListElement\":[{\"@type\":\"ListItem\",\"position\":1,\"name\":\"In\u00edcio\",\"item\":\"https:\/\/www.padreeustaquio.com.br\/\"},{\"@type\":\"ListItem\",\"position\":2,\"name\":\"Lave seu carro e ajude a A\u00e7\u00e3o Social Padre Eust\u00e1quio\"}]},{\"@type\":\"WebSite\",\"@id\":\"https:\/\/www.padreeustaquio.com.br\/#website\",\"url\":\"https:\/\/www.padreeustaquio.com.br\/\",\"name\":\"Padre Eust\u00e1quio\",\"description\":\"Sa\u00fade e Paz\",\"publisher\":{\"@id\":\"https:\/\/www.padreeustaquio.com.br\/#organization\"},\"potentialAction\":[{\"@type\":\"SearchAction\",\"target\":{\"@type\":\"EntryPoint\",\"urlTemplate\":\"https:\/\/www.padreeustaquio.com.br\/?s={search_term_string}\"},\"query-input\":{\"@type\":\"PropertyValueSpecification\",\"valueRequired\":true,\"valueName\":\"search_term_string\"}}],\"inLanguage\":\"en-US\"},{\"@type\":\"Organization\",\"@id\":\"https:\/\/www.padreeustaquio.com.br\/#organization\",\"name\":\"Padre Eust\u00e1quio\",\"url\":\"https:\/\/www.padreeustaquio.com.br\/\",\"logo\":{\"@type\":\"ImageObject\",\"inLanguage\":\"en-US\",\"@id\":\"https:\/\/www.padreeustaquio.com.br\/#\/schema\/logo\/image\/\",\"url\":\"https:\/\/www.padreeustaquio.com.br\/wp-content\/uploads\/2019\/08\/marca.png\",\"contentUrl\":\"https:\/\/www.padreeustaquio.com.br\/wp-content\/uploads\/2019\/08\/marca.png\",\"width\":350,\"height\":400,\"caption\":\"Padre Eust\u00e1quio\"},\"image\":{\"@id\":\"https:\/\/www.padreeustaquio.com.br\/#\/schema\/logo\/image\/\"},\"sameAs\":[\"https:\/\/www.facebook.com\/beatopadreeustaquio\/\",\"https:\/\/x.com\/beatopeustaquio\",\"https:\/\/www.instagram.com\/beatopadreeustaquio\/\",\"https:\/\/www.youtube.com\/channel\/UCRhw7vfabnajwLxb1ZXMeIw\"]},{\"@type\":\"Person\",\"@id\":\"https:\/\/www.padreeustaquio.com.br\/#\/schema\/person\/a2a51db1d00f1a7af0204a0f1ddb1566\",\"name\":\"@sscc\",\"image\":{\"@type\":\"ImageObject\",\"inLanguage\":\"en-US\",\"@id\":\"https:\/\/secure.gravatar.com\/avatar\/68cfafa5f44617fea54071e215026e0ff06be366c3d54a8425f04fdcb86f8c5f?s=96&d=mm&r=g\",\"url\":\"https:\/\/secure.gravatar.com\/avatar\/68cfafa5f44617fea54071e215026e0ff06be366c3d54a8425f04fdcb86f8c5f?s=96&d=mm&r=g\",\"contentUrl\":\"https:\/\/secure.gravatar.com\/avatar\/68cfafa5f44617fea54071e215026e0ff06be366c3d54a8425f04fdcb86f8c5f?s=96&d=mm&r=g\",\"caption\":\"@sscc\"},\"url\":\"https:\/\/www.padreeustaquio.com.br\/en\/author\/sscc\/\"}]}<\/script>\n<!-- \/ Yoast SEO plugin. -->","yoast_head_json":{"title":"Wash your car and help the Padre Eust\u00e1quio Social Action.","description":"A very devout family of Padre Eust\u00e1quio will donate all the proceeds from car washes, held on the 12th of each month at their gas station, to the social works of the Sanctuary. Find out where the gas station is located and help too!","robots":{"index":"index","follow":"follow","max-snippet":"max-snippet:-1","max-image-preview":"max-image-preview:large","max-video-preview":"max-video-preview:-1"},"canonical":"https:\/\/www.padreeustaquio.com.br\/en\/wash-your-car-and-help-the-padre-eustaquio-social-action-project\/","og_locale":"en_US","og_type":"article","og_title":"Lave seu carro e ajude a A\u00e7\u00e3o Social Padre Eust\u00e1quio","og_description":"Uma fam\u00edlia muito devota de Padre Eust\u00e1quio vai repassar toda a renda das lava\u00e7\u00f5es de autom\u00f3veis, feitas no dia 12 de cada m\u00eas, no posto de combust\u00edveis deles para as obras sociais do Santu\u00e1rio. Saiba onde fica o posto e ajude tamb\u00e9m!","og_url":"https:\/\/www.padreeustaquio.com.br\/en\/wash-your-car-and-help-the-padre-eustaquio-social-action-project\/","og_site_name":"Padre Eust\u00e1quio","article_publisher":"https:\/\/www.facebook.com\/beatopadreeustaquio\/","article_published_time":"2021-09-10T09:01:00+00:00","article_modified_time":"2021-09-10T14:01:15+00:00","og_image":[{"width":748,"height":394,"url":"https:\/\/www.padreeustaquio.com.br\/wp-content\/uploads\/2021\/09\/posto-dinheiro-acao.jpg","type":"image\/jpeg"}],"author":"@sscc","twitter_card":"summary_large_image","twitter_creator":"@beatopeustaquio","twitter_site":"@beatopeustaquio","twitter_misc":{"Written by":"@sscc","Est. reading time":"2 minutes"},"schema":{"@context":"https:\/\/schema.org","@graph":[{"@type":"Article","@id":"https:\/\/www.padreeustaquio.com.br\/lave-seu-carro-e-ajude-a-acao-social-padre-eustaquio\/#article","isPartOf":{"@id":"https:\/\/www.padreeustaquio.com.br\/lave-seu-carro-e-ajude-a-acao-social-padre-eustaquio\/"},"author":{"name":"@sscc","@id":"https:\/\/www.padreeustaquio.com.br\/#\/schema\/person\/a2a51db1d00f1a7af0204a0f1ddb1566"},"headline":"Lave seu carro e ajude a A\u00e7\u00e3o Social Padre Eust\u00e1quio","datePublished":"2021-09-10T09:01:00+00:00","dateModified":"2021-09-10T14:01:15+00:00","mainEntityOfPage":{"@id":"https:\/\/www.padreeustaquio.com.br\/lave-seu-carro-e-ajude-a-acao-social-padre-eustaquio\/"},"wordCount":285,"commentCount":0,"publisher":{"@id":"https:\/\/www.padreeustaquio.com.br\/#organization"},"image":{"@id":"https:\/\/www.padreeustaquio.com.br\/lave-seu-carro-e-ajude-a-acao-social-padre-eustaquio\/#primaryimage"},"thumbnailUrl":"https:\/\/www.padreeustaquio.com.br\/wp-content\/uploads\/2021\/09\/posto-dinheiro-acao.jpg","articleSection":["Not\u00edcias"],"inLanguage":"en-US","potentialAction":[{"@type":"CommentAction","name":"Comment","target":["https:\/\/www.padreeustaquio.com.br\/lave-seu-carro-e-ajude-a-acao-social-padre-eustaquio\/#respond"]}]},{"@type":"WebPage","@id":"https:\/\/www.padreeustaquio.com.br\/lave-seu-carro-e-ajude-a-acao-social-padre-eustaquio\/","url":"https:\/\/www.padreeustaquio.com.br\/lave-seu-carro-e-ajude-a-acao-social-padre-eustaquio\/","name":"Wash your car and help the Padre Eust\u00e1quio Social Action.","isPartOf":{"@id":"https:\/\/www.padreeustaquio.com.br\/#website"},"primaryImageOfPage":{"@id":"https:\/\/www.padreeustaquio.com.br\/lave-seu-carro-e-ajude-a-acao-social-padre-eustaquio\/#primaryimage"},"image":{"@id":"https:\/\/www.padreeustaquio.com.br\/lave-seu-carro-e-ajude-a-acao-social-padre-eustaquio\/#primaryimage"},"thumbnailUrl":"https:\/\/www.padreeustaquio.com.br\/wp-content\/uploads\/2021\/09\/posto-dinheiro-acao.jpg","datePublished":"2021-09-10T09:01:00+00:00","dateModified":"2021-09-10T14:01:15+00:00","description":"A very devout family of Padre Eust\u00e1quio will donate all the proceeds from car washes, held on the 12th of each month at their gas station, to the social works of the Sanctuary. Find out where the gas station is located and help too!","breadcrumb":{"@id":"https:\/\/www.padreeustaquio.com.br\/lave-seu-carro-e-ajude-a-acao-social-padre-eustaquio\/#breadcrumb"},"inLanguage":"en-US","potentialAction":[{"@type":"ReadAction","target":["https:\/\/www.padreeustaquio.com.br\/lave-seu-carro-e-ajude-a-acao-social-padre-eustaquio\/"]}]},{"@type":"ImageObject","inLanguage":"en-US","@id":"https:\/\/www.padreeustaquio.com.br\/lave-seu-carro-e-ajude-a-acao-social-padre-eustaquio\/#primaryimage","url":"https:\/\/www.padreeustaquio.com.br\/wp-content\/uploads\/2021\/09\/posto-dinheiro-acao.jpg","contentUrl":"https:\/\/www.padreeustaquio.com.br\/wp-content\/uploads\/2021\/09\/posto-dinheiro-acao.jpg","width":748,"height":394},{"@type":"BreadcrumbList","@id":"https:\/\/www.padreeustaquio.com.br\/lave-seu-carro-e-ajude-a-acao-social-padre-eustaquio\/#breadcrumb","itemListElement":[{"@type":"ListItem","position":1,"name":"In\u00edcio","item":"https:\/\/www.padreeustaquio.com.br\/"},{"@type":"ListItem","position":2,"name":"Lave seu carro e ajude a A\u00e7\u00e3o Social Padre Eust\u00e1quio"}]},{"@type":"WebSite","@id":"https:\/\/www.padreeustaquio.com.br\/#website","url":"https:\/\/www.padreeustaquio.com.br\/","name":"FATHER EUST\u00c1QUIO","description":"Health and Peace","publisher":{"@id":"https:\/\/www.padreeustaquio.com.br\/#organization"},"potentialAction":[{"@type":"SearchAction","target":{"@type":"EntryPoint","urlTemplate":"https:\/\/www.padreeustaquio.com.br\/?s={search_term_string}"},"query-input":{"@type":"PropertyValueSpecification","valueRequired":true,"valueName":"search_term_string"}}],"inLanguage":"en-US"},{"@type":"Organization","@id":"https:\/\/www.padreeustaquio.com.br\/#organization","name":"FATHER EUST\u00c1QUIO","url":"https:\/\/www.padreeustaquio.com.br\/","logo":{"@type":"ImageObject","inLanguage":"en-US","@id":"https:\/\/www.padreeustaquio.com.br\/#\/schema\/logo\/image\/","url":"https:\/\/www.padreeustaquio.com.br\/wp-content\/uploads\/2019\/08\/marca.png","contentUrl":"https:\/\/www.padreeustaquio.com.br\/wp-content\/uploads\/2019\/08\/marca.png","width":350,"height":400,"caption":"Padre Eust\u00e1quio"},"image":{"@id":"https:\/\/www.padreeustaquio.com.br\/#\/schema\/logo\/image\/"},"sameAs":["https:\/\/www.facebook.com\/beatopadreeustaquio\/","https:\/\/x.com\/beatopeustaquio","https:\/\/www.instagram.com\/beatopadreeustaquio\/","https:\/\/www.youtube.com\/channel\/UCRhw7vfabnajwLxb1ZXMeIw"]},{"@type":"Person","@id":"https:\/\/www.padreeustaquio.com.br\/#\/schema\/person\/a2a51db1d00f1a7af0204a0f1ddb1566","name":"@sscc","image":{"@type":"ImageObject","inLanguage":"en-US","@id":"https:\/\/secure.gravatar.com\/avatar\/68cfafa5f44617fea54071e215026e0ff06be366c3d54a8425f04fdcb86f8c5f?s=96&d=mm&r=g","url":"https:\/\/secure.gravatar.com\/avatar\/68cfafa5f44617fea54071e215026e0ff06be366c3d54a8425f04fdcb86f8c5f?s=96&d=mm&r=g","contentUrl":"https:\/\/secure.gravatar.com\/avatar\/68cfafa5f44617fea54071e215026e0ff06be366c3d54a8425f04fdcb86f8c5f?s=96&d=mm&r=g","caption":"@sscc"},"url":"https:\/\/www.padreeustaquio.com.br\/en\/author\/sscc\/"}]}},"_links":{"self":[{"href":"https:\/\/www.padreeustaquio.com.br\/en\/wp-json\/wp\/v2\/posts\/6909","targetHints":{"allow":["GET"]}}],"collection":[{"href":"https:\/\/www.padreeustaquio.com.br\/en\/wp-json\/wp\/v2\/posts"}],"about":[{"href":"https:\/\/www.padreeustaquio.com.br\/en\/wp-json\/wp\/v2\/types\/post"}],"author":[{"embeddable":true,"href":"https:\/\/www.padreeustaquio.com.br\/en\/wp-json\/wp\/v2\/users\/2"}],"replies":[{"embeddable":true,"href":"https:\/\/www.padreeustaquio.com.br\/en\/wp-json\/wp\/v2\/comments?post=6909"}],"version-history":[{"count":0,"href":"https:\/\/www.padreeustaquio.com.br\/en\/wp-json\/wp\/v2\/posts\/6909\/revisions"}],"wp:featuredmedia":[{"embeddable":true,"href":"https:\/\/www.padreeustaquio.com.br\/en\/wp-json\/wp\/v2\/media\/6914"}],"wp:attachment":[{"href":"https:\/\/www.padreeustaquio.com.br\/en\/wp-json\/wp\/v2\/media?parent=6909"}],"wp:term":[{"taxonomy":"category","embeddable":true,"href":"https:\/\/www.padreeustaquio.com.br\/en\/wp-json\/wp\/v2\/categories?post=6909"},{"taxonomy":"post_tag","embeddable":true,"href":"https:\/\/www.padreeustaquio.com.br\/en\/wp-json\/wp\/v2\/tags?post=6909"}],"curies":[{"name":"wp","href":"https:\/\/api.w.org\/{rel}","templated":true}]}}