{"id":6896,"date":"2021-09-06T06:01:00","date_gmt":"2021-09-06T09:01:00","guid":{"rendered":"https:\/\/www.padreeustaquio.com.br\/?p=6896"},"modified":"2021-09-05T20:37:27","modified_gmt":"2021-09-05T23:37:27","slug":"deacon-edvaldo-carneiro-ss-cc-ordained-in-sao-paulo","status":"publish","type":"post","link":"https:\/\/www.padreeustaquio.com.br\/en\/deacon-edvaldo-carneiro-ss-cc-ordained-in-sao-paulo\/","title":{"rendered":"Ceremony in S\u00e3o Paulo marks the Diaconal Ordination of Brother Edvaldo"},"content":{"rendered":"<p>Brother Edvaldo Carneiro, ss.cc, was ordained a Deacon of the Church last Saturday, September 4th, at the Parish of Saint Em\u00eddio, in Vila Prudente, S\u00e3o Paulo-SP. The ceremony was presided over by the auxiliary bishop of the Archdiocese of S\u00e3o Paulo, Dom Luiz Carlos Dias.<\/p>\n\n\n\n<p>In addition to priests and brothers of the Congregation, the celebration was attended in person by relatives and friends of the new Deacon. Besides Edvaldo&#039;s fellow countrymen, many people from distant communities were also present at the church in S\u00e3o Paulo.<\/p>\n\n\n\n<p>In his homily, Bishop Luiz spoke directly to the then-candidate for deacon, giving him advice and guidance for the diaconal life he will live from now on. Immediately afterwards, the bishop proceeded with the rites proper to ordination, laying hands on him. The vestments (deacon&#039;s stole and dalmatic) were placed on him by Brother Antoniel Santos and Father Paulo Dekker, followed by Mrs. Laura Carneiro, the new deacon&#039;s mother, congratulating him and giving her son a warm hug.<\/p>\n\n\n\n<p>The ordination was broadcast on the social media channels of the parish of Saint Emidius. <a href=\"https:\/\/www.facebook.com\/igrejasantoemidio\" target=\"_blank\" rel=\"noreferrer noopener\">@igrejasantoemidio<\/a>\u00a0on Facebook and\u00a0<a href=\"https:\/\/www.youtube.com\/channel\/UCRylaLrWokqhgsWMbKvMClg\" target=\"_blank\" rel=\"noreferrer noopener\">Parish of Saint Emidius<\/a>, on YouTube, in addition to <a href=\"https:\/\/www.youtube.com\/watch?v=CW9p9W1rngY\" target=\"_blank\" rel=\"noreferrer noopener\">Padre Eust\u00e1quio Channel (review here).<\/a><\/p>\n\n\n\n<p>Brother Edvaldo Carneiro, ss.cc., was born in Suzano on September 15, 1987. Son of Ant\u00f4nio Alves Carneiro (deceased) and Laura da Silva Carneiro. He grew up in the city of Ferraz de Vasconcelos, SP. In 2013 he entered the Congregation of the Sacred Hearts of Jesus and Mary. He completed his novitiate in 2016 in Chaclacayo (Peru) and professed his first vows on January 29, 2017, at the Santo Em\u00eddio Parish, Vila Prudente.<\/p>\n\n\n\n<p>He began his theological studies at PUC \u2013 Chile and in 2018 went to the juniorate in Belo Horizonte, MG, where he completed his Theology degree at the Jesuit Faculty of Philosophy and Theology in 2020. He made his Perpetual Profession on January 17, 2021, at the Sanctuary of Health and Peace in Belo Horizonte. In February, he was appointed to the Santo Em\u00eddio Community in Vila Prudente.<\/p>\n\n\n\n<p><\/p>\n\n\n\n<p><\/p>","protected":false},"excerpt":{"rendered":"<p>O Irm\u00e3o Edvaldo Carneiro, ss.cc foi ordenado Di\u00e1cono da Igreja, no \u00faltimo s\u00e1bado, dia 4 de setembro, na Par\u00f3quia de Santo Em\u00eddio, na Vila Prudente em S\u00e3o Paulo-SP. A cerim\u00f4nia foi presidida pelo bispo auxiliar da Arquidiocese paulista, Dom Luiz Carlos Dias. Al\u00e9m de padres e irm\u00e3os de Congrega\u00e7\u00e3o, a celebra\u00e7\u00e3o foi acompanhada presencialmente por parentes e amigos do novo Di\u00e1cono. Al\u00e9m dos conterr\u00e2neos de Edvaldo, muitas pessoas, de comunidades distantes tamb\u00e9m estiveram presentes no templo em S\u00e3o Paulo. Em sua homilia, Dom Luiz falou diretamente ao ent\u00e3o candidato a di\u00e1cono, dando lhe conselhos e dire\u00e7\u00f5es para a vida diaconal [&hellip;]<\/p>\n","protected":false},"author":2,"featured_media":6897,"comment_status":"open","ping_status":"closed","sticky":false,"template":"","format":"standard","meta":{"_acf_changed":false,"footnotes":""},"categories":[611],"tags":[],"class_list":["post-6896","post","type-post","status-publish","format-standard","has-post-thumbnail","hentry","category-noticias"],"acf":[],"yoast_head":"<!-- This site is optimized with the Yoast SEO plugin v27.2 - https:\/\/yoast.com\/product\/yoast-seo-wordpress\/ -->\n<title>Cerim\u00f4nia em S\u00e3o Paulo marca Ordena\u00e7\u00e3o Diaconal do irm\u00e3o Edvaldo<\/title>\n<meta name=\"description\" content=\"A cerim\u00f4nia aconteceu no \u00faltimo s\u00e1bado, dia 4 de setembro, na Par\u00f3quia de Santo Em\u00eddio, em S\u00e3o Paulo-SP e foi presidida pelo bispo auxiliar da arquidiocese paulista, Dom Luiz Carlos Dias.\" \/>\n<meta name=\"robots\" content=\"index, follow, max-snippet:-1, max-image-preview:large, max-video-preview:-1\" \/>\n<link rel=\"canonical\" href=\"https:\/\/www.padreeustaquio.com.br\/en\/deacon-edvaldo-carneiro-ss-cc-ordained-in-sao-paulo\/\" \/>\n<meta property=\"og:locale\" content=\"en_US\" \/>\n<meta property=\"og:type\" content=\"article\" \/>\n<meta property=\"og:title\" content=\"Cerim\u00f4nia em S\u00e3o Paulo marca Ordena\u00e7\u00e3o Diaconal do irm\u00e3o Edvaldo\" \/>\n<meta property=\"og:description\" content=\"A cerim\u00f4nia aconteceu no \u00faltimo s\u00e1bado, dia 4 de setembro, na Par\u00f3quia de Santo Em\u00eddio, em S\u00e3o Paulo-SP e foi presidida pelo bispo auxiliar da arquidiocese paulista, Dom Luiz Carlos Dias.\" \/>\n<meta property=\"og:url\" content=\"https:\/\/www.padreeustaquio.com.br\/en\/deacon-edvaldo-carneiro-ss-cc-ordained-in-sao-paulo\/\" \/>\n<meta property=\"og:site_name\" content=\"Padre Eust\u00e1quio\" \/>\n<meta property=\"article:publisher\" content=\"https:\/\/www.facebook.com\/beatopadreeustaquio\/\" \/>\n<meta property=\"article:published_time\" content=\"2021-09-06T09:01:00+00:00\" \/>\n<meta property=\"og:image\" content=\"https:\/\/www.padreeustaquio.com.br\/wp-content\/uploads\/2021\/09\/diacono-edvaldo.jpg\" \/>\n\t<meta property=\"og:image:width\" content=\"748\" \/>\n\t<meta property=\"og:image:height\" content=\"394\" \/>\n\t<meta property=\"og:image:type\" content=\"image\/jpeg\" \/>\n<meta name=\"author\" content=\"@sscc\" \/>\n<meta name=\"twitter:card\" content=\"summary_large_image\" \/>\n<meta name=\"twitter:creator\" content=\"@beatopeustaquio\" \/>\n<meta name=\"twitter:site\" content=\"@beatopeustaquio\" \/>\n<meta name=\"twitter:label1\" content=\"Written by\" \/>\n\t<meta name=\"twitter:data1\" content=\"@sscc\" \/>\n\t<meta name=\"twitter:label2\" content=\"Est. reading time\" \/>\n\t<meta name=\"twitter:data2\" content=\"2 minutes\" \/>\n<script type=\"application\/ld+json\" class=\"yoast-schema-graph\">{\"@context\":\"https:\/\/schema.org\",\"@graph\":[{\"@type\":\"Article\",\"@id\":\"https:\/\/www.padreeustaquio.com.br\/diacono-edvaldo-carneiro-ss-cc-e-ordenado-em-sao-paulo\/#article\",\"isPartOf\":{\"@id\":\"https:\/\/www.padreeustaquio.com.br\/diacono-edvaldo-carneiro-ss-cc-e-ordenado-em-sao-paulo\/\"},\"author\":{\"name\":\"@sscc\",\"@id\":\"https:\/\/www.padreeustaquio.com.br\/#\/schema\/person\/a2a51db1d00f1a7af0204a0f1ddb1566\"},\"headline\":\"Cerim\u00f4nia em S\u00e3o Paulo marca Ordena\u00e7\u00e3o Diaconal do irm\u00e3o Edvaldo\",\"datePublished\":\"2021-09-06T09:01:00+00:00\",\"mainEntityOfPage\":{\"@id\":\"https:\/\/www.padreeustaquio.com.br\/diacono-edvaldo-carneiro-ss-cc-e-ordenado-em-sao-paulo\/\"},\"wordCount\":374,\"commentCount\":0,\"publisher\":{\"@id\":\"https:\/\/www.padreeustaquio.com.br\/#organization\"},\"image\":{\"@id\":\"https:\/\/www.padreeustaquio.com.br\/diacono-edvaldo-carneiro-ss-cc-e-ordenado-em-sao-paulo\/#primaryimage\"},\"thumbnailUrl\":\"https:\/\/www.padreeustaquio.com.br\/wp-content\/uploads\/2021\/09\/diacono-edvaldo.jpg\",\"articleSection\":[\"Not\u00edcias\"],\"inLanguage\":\"en-US\",\"potentialAction\":[{\"@type\":\"CommentAction\",\"name\":\"Comment\",\"target\":[\"https:\/\/www.padreeustaquio.com.br\/diacono-edvaldo-carneiro-ss-cc-e-ordenado-em-sao-paulo\/#respond\"]}]},{\"@type\":\"WebPage\",\"@id\":\"https:\/\/www.padreeustaquio.com.br\/diacono-edvaldo-carneiro-ss-cc-e-ordenado-em-sao-paulo\/\",\"url\":\"https:\/\/www.padreeustaquio.com.br\/diacono-edvaldo-carneiro-ss-cc-e-ordenado-em-sao-paulo\/\",\"name\":\"Cerim\u00f4nia em S\u00e3o Paulo marca Ordena\u00e7\u00e3o Diaconal do irm\u00e3o Edvaldo\",\"isPartOf\":{\"@id\":\"https:\/\/www.padreeustaquio.com.br\/#website\"},\"primaryImageOfPage\":{\"@id\":\"https:\/\/www.padreeustaquio.com.br\/diacono-edvaldo-carneiro-ss-cc-e-ordenado-em-sao-paulo\/#primaryimage\"},\"image\":{\"@id\":\"https:\/\/www.padreeustaquio.com.br\/diacono-edvaldo-carneiro-ss-cc-e-ordenado-em-sao-paulo\/#primaryimage\"},\"thumbnailUrl\":\"https:\/\/www.padreeustaquio.com.br\/wp-content\/uploads\/2021\/09\/diacono-edvaldo.jpg\",\"datePublished\":\"2021-09-06T09:01:00+00:00\",\"description\":\"A cerim\u00f4nia aconteceu no \u00faltimo s\u00e1bado, dia 4 de setembro, na Par\u00f3quia de Santo Em\u00eddio, em S\u00e3o Paulo-SP e foi presidida pelo bispo auxiliar da arquidiocese paulista, Dom Luiz Carlos Dias.\",\"breadcrumb\":{\"@id\":\"https:\/\/www.padreeustaquio.com.br\/diacono-edvaldo-carneiro-ss-cc-e-ordenado-em-sao-paulo\/#breadcrumb\"},\"inLanguage\":\"en-US\",\"potentialAction\":[{\"@type\":\"ReadAction\",\"target\":[\"https:\/\/www.padreeustaquio.com.br\/diacono-edvaldo-carneiro-ss-cc-e-ordenado-em-sao-paulo\/\"]}]},{\"@type\":\"ImageObject\",\"inLanguage\":\"en-US\",\"@id\":\"https:\/\/www.padreeustaquio.com.br\/diacono-edvaldo-carneiro-ss-cc-e-ordenado-em-sao-paulo\/#primaryimage\",\"url\":\"https:\/\/www.padreeustaquio.com.br\/wp-content\/uploads\/2021\/09\/diacono-edvaldo.jpg\",\"contentUrl\":\"https:\/\/www.padreeustaquio.com.br\/wp-content\/uploads\/2021\/09\/diacono-edvaldo.jpg\",\"width\":748,\"height\":394},{\"@type\":\"BreadcrumbList\",\"@id\":\"https:\/\/www.padreeustaquio.com.br\/diacono-edvaldo-carneiro-ss-cc-e-ordenado-em-sao-paulo\/#breadcrumb\",\"itemListElement\":[{\"@type\":\"ListItem\",\"position\":1,\"name\":\"In\u00edcio\",\"item\":\"https:\/\/www.padreeustaquio.com.br\/\"},{\"@type\":\"ListItem\",\"position\":2,\"name\":\"Cerim\u00f4nia em S\u00e3o Paulo marca Ordena\u00e7\u00e3o Diaconal do irm\u00e3o Edvaldo\"}]},{\"@type\":\"WebSite\",\"@id\":\"https:\/\/www.padreeustaquio.com.br\/#website\",\"url\":\"https:\/\/www.padreeustaquio.com.br\/\",\"name\":\"Padre Eust\u00e1quio\",\"description\":\"Sa\u00fade e Paz\",\"publisher\":{\"@id\":\"https:\/\/www.padreeustaquio.com.br\/#organization\"},\"potentialAction\":[{\"@type\":\"SearchAction\",\"target\":{\"@type\":\"EntryPoint\",\"urlTemplate\":\"https:\/\/www.padreeustaquio.com.br\/?s={search_term_string}\"},\"query-input\":{\"@type\":\"PropertyValueSpecification\",\"valueRequired\":true,\"valueName\":\"search_term_string\"}}],\"inLanguage\":\"en-US\"},{\"@type\":\"Organization\",\"@id\":\"https:\/\/www.padreeustaquio.com.br\/#organization\",\"name\":\"Padre Eust\u00e1quio\",\"url\":\"https:\/\/www.padreeustaquio.com.br\/\",\"logo\":{\"@type\":\"ImageObject\",\"inLanguage\":\"en-US\",\"@id\":\"https:\/\/www.padreeustaquio.com.br\/#\/schema\/logo\/image\/\",\"url\":\"https:\/\/www.padreeustaquio.com.br\/wp-content\/uploads\/2019\/08\/marca.png\",\"contentUrl\":\"https:\/\/www.padreeustaquio.com.br\/wp-content\/uploads\/2019\/08\/marca.png\",\"width\":350,\"height\":400,\"caption\":\"Padre Eust\u00e1quio\"},\"image\":{\"@id\":\"https:\/\/www.padreeustaquio.com.br\/#\/schema\/logo\/image\/\"},\"sameAs\":[\"https:\/\/www.facebook.com\/beatopadreeustaquio\/\",\"https:\/\/x.com\/beatopeustaquio\",\"https:\/\/www.instagram.com\/beatopadreeustaquio\/\",\"https:\/\/www.youtube.com\/channel\/UCRhw7vfabnajwLxb1ZXMeIw\"]},{\"@type\":\"Person\",\"@id\":\"https:\/\/www.padreeustaquio.com.br\/#\/schema\/person\/a2a51db1d00f1a7af0204a0f1ddb1566\",\"name\":\"@sscc\",\"image\":{\"@type\":\"ImageObject\",\"inLanguage\":\"en-US\",\"@id\":\"https:\/\/secure.gravatar.com\/avatar\/68cfafa5f44617fea54071e215026e0ff06be366c3d54a8425f04fdcb86f8c5f?s=96&d=mm&r=g\",\"url\":\"https:\/\/secure.gravatar.com\/avatar\/68cfafa5f44617fea54071e215026e0ff06be366c3d54a8425f04fdcb86f8c5f?s=96&d=mm&r=g\",\"contentUrl\":\"https:\/\/secure.gravatar.com\/avatar\/68cfafa5f44617fea54071e215026e0ff06be366c3d54a8425f04fdcb86f8c5f?s=96&d=mm&r=g\",\"caption\":\"@sscc\"},\"url\":\"https:\/\/www.padreeustaquio.com.br\/en\/author\/sscc\/\"}]}<\/script>\n<!-- \/ Yoast SEO plugin. -->","yoast_head_json":{"title":"Ceremony in S\u00e3o Paulo marks the Diaconal Ordination of Brother Edvaldo","description":"The ceremony took place last Saturday, September 4th, at the Parish of Saint Em\u00eddio in S\u00e3o Paulo-SP and was presided over by the auxiliary bishop of the S\u00e3o Paulo archdiocese, Dom Luiz Carlos Dias.","robots":{"index":"index","follow":"follow","max-snippet":"max-snippet:-1","max-image-preview":"max-image-preview:large","max-video-preview":"max-video-preview:-1"},"canonical":"https:\/\/www.padreeustaquio.com.br\/en\/deacon-edvaldo-carneiro-ss-cc-ordained-in-sao-paulo\/","og_locale":"en_US","og_type":"article","og_title":"Cerim\u00f4nia em S\u00e3o Paulo marca Ordena\u00e7\u00e3o Diaconal do irm\u00e3o Edvaldo","og_description":"A cerim\u00f4nia aconteceu no \u00faltimo s\u00e1bado, dia 4 de setembro, na Par\u00f3quia de Santo Em\u00eddio, em S\u00e3o Paulo-SP e foi presidida pelo bispo auxiliar da arquidiocese paulista, Dom Luiz Carlos Dias.","og_url":"https:\/\/www.padreeustaquio.com.br\/en\/deacon-edvaldo-carneiro-ss-cc-ordained-in-sao-paulo\/","og_site_name":"Padre Eust\u00e1quio","article_publisher":"https:\/\/www.facebook.com\/beatopadreeustaquio\/","article_published_time":"2021-09-06T09:01:00+00:00","og_image":[{"width":748,"height":394,"url":"https:\/\/www.padreeustaquio.com.br\/wp-content\/uploads\/2021\/09\/diacono-edvaldo.jpg","type":"image\/jpeg"}],"author":"@sscc","twitter_card":"summary_large_image","twitter_creator":"@beatopeustaquio","twitter_site":"@beatopeustaquio","twitter_misc":{"Written by":"@sscc","Est. reading time":"2 minutes"},"schema":{"@context":"https:\/\/schema.org","@graph":[{"@type":"Article","@id":"https:\/\/www.padreeustaquio.com.br\/diacono-edvaldo-carneiro-ss-cc-e-ordenado-em-sao-paulo\/#article","isPartOf":{"@id":"https:\/\/www.padreeustaquio.com.br\/diacono-edvaldo-carneiro-ss-cc-e-ordenado-em-sao-paulo\/"},"author":{"name":"@sscc","@id":"https:\/\/www.padreeustaquio.com.br\/#\/schema\/person\/a2a51db1d00f1a7af0204a0f1ddb1566"},"headline":"Cerim\u00f4nia em S\u00e3o Paulo marca Ordena\u00e7\u00e3o Diaconal do irm\u00e3o Edvaldo","datePublished":"2021-09-06T09:01:00+00:00","mainEntityOfPage":{"@id":"https:\/\/www.padreeustaquio.com.br\/diacono-edvaldo-carneiro-ss-cc-e-ordenado-em-sao-paulo\/"},"wordCount":374,"commentCount":0,"publisher":{"@id":"https:\/\/www.padreeustaquio.com.br\/#organization"},"image":{"@id":"https:\/\/www.padreeustaquio.com.br\/diacono-edvaldo-carneiro-ss-cc-e-ordenado-em-sao-paulo\/#primaryimage"},"thumbnailUrl":"https:\/\/www.padreeustaquio.com.br\/wp-content\/uploads\/2021\/09\/diacono-edvaldo.jpg","articleSection":["Not\u00edcias"],"inLanguage":"en-US","potentialAction":[{"@type":"CommentAction","name":"Comment","target":["https:\/\/www.padreeustaquio.com.br\/diacono-edvaldo-carneiro-ss-cc-e-ordenado-em-sao-paulo\/#respond"]}]},{"@type":"WebPage","@id":"https:\/\/www.padreeustaquio.com.br\/diacono-edvaldo-carneiro-ss-cc-e-ordenado-em-sao-paulo\/","url":"https:\/\/www.padreeustaquio.com.br\/diacono-edvaldo-carneiro-ss-cc-e-ordenado-em-sao-paulo\/","name":"Ceremony in S\u00e3o Paulo marks the Diaconal Ordination of Brother Edvaldo","isPartOf":{"@id":"https:\/\/www.padreeustaquio.com.br\/#website"},"primaryImageOfPage":{"@id":"https:\/\/www.padreeustaquio.com.br\/diacono-edvaldo-carneiro-ss-cc-e-ordenado-em-sao-paulo\/#primaryimage"},"image":{"@id":"https:\/\/www.padreeustaquio.com.br\/diacono-edvaldo-carneiro-ss-cc-e-ordenado-em-sao-paulo\/#primaryimage"},"thumbnailUrl":"https:\/\/www.padreeustaquio.com.br\/wp-content\/uploads\/2021\/09\/diacono-edvaldo.jpg","datePublished":"2021-09-06T09:01:00+00:00","description":"The ceremony took place last Saturday, September 4th, at the Parish of Saint Em\u00eddio in S\u00e3o Paulo-SP and was presided over by the auxiliary bishop of the S\u00e3o Paulo archdiocese, Dom Luiz Carlos Dias.","breadcrumb":{"@id":"https:\/\/www.padreeustaquio.com.br\/diacono-edvaldo-carneiro-ss-cc-e-ordenado-em-sao-paulo\/#breadcrumb"},"inLanguage":"en-US","potentialAction":[{"@type":"ReadAction","target":["https:\/\/www.padreeustaquio.com.br\/diacono-edvaldo-carneiro-ss-cc-e-ordenado-em-sao-paulo\/"]}]},{"@type":"ImageObject","inLanguage":"en-US","@id":"https:\/\/www.padreeustaquio.com.br\/diacono-edvaldo-carneiro-ss-cc-e-ordenado-em-sao-paulo\/#primaryimage","url":"https:\/\/www.padreeustaquio.com.br\/wp-content\/uploads\/2021\/09\/diacono-edvaldo.jpg","contentUrl":"https:\/\/www.padreeustaquio.com.br\/wp-content\/uploads\/2021\/09\/diacono-edvaldo.jpg","width":748,"height":394},{"@type":"BreadcrumbList","@id":"https:\/\/www.padreeustaquio.com.br\/diacono-edvaldo-carneiro-ss-cc-e-ordenado-em-sao-paulo\/#breadcrumb","itemListElement":[{"@type":"ListItem","position":1,"name":"In\u00edcio","item":"https:\/\/www.padreeustaquio.com.br\/"},{"@type":"ListItem","position":2,"name":"Cerim\u00f4nia em S\u00e3o Paulo marca Ordena\u00e7\u00e3o Diaconal do irm\u00e3o Edvaldo"}]},{"@type":"WebSite","@id":"https:\/\/www.padreeustaquio.com.br\/#website","url":"https:\/\/www.padreeustaquio.com.br\/","name":"FATHER EUST\u00c1QUIO","description":"Health and Peace","publisher":{"@id":"https:\/\/www.padreeustaquio.com.br\/#organization"},"potentialAction":[{"@type":"SearchAction","target":{"@type":"EntryPoint","urlTemplate":"https:\/\/www.padreeustaquio.com.br\/?s={search_term_string}"},"query-input":{"@type":"PropertyValueSpecification","valueRequired":true,"valueName":"search_term_string"}}],"inLanguage":"en-US"},{"@type":"Organization","@id":"https:\/\/www.padreeustaquio.com.br\/#organization","name":"FATHER EUST\u00c1QUIO","url":"https:\/\/www.padreeustaquio.com.br\/","logo":{"@type":"ImageObject","inLanguage":"en-US","@id":"https:\/\/www.padreeustaquio.com.br\/#\/schema\/logo\/image\/","url":"https:\/\/www.padreeustaquio.com.br\/wp-content\/uploads\/2019\/08\/marca.png","contentUrl":"https:\/\/www.padreeustaquio.com.br\/wp-content\/uploads\/2019\/08\/marca.png","width":350,"height":400,"caption":"Padre Eust\u00e1quio"},"image":{"@id":"https:\/\/www.padreeustaquio.com.br\/#\/schema\/logo\/image\/"},"sameAs":["https:\/\/www.facebook.com\/beatopadreeustaquio\/","https:\/\/x.com\/beatopeustaquio","https:\/\/www.instagram.com\/beatopadreeustaquio\/","https:\/\/www.youtube.com\/channel\/UCRhw7vfabnajwLxb1ZXMeIw"]},{"@type":"Person","@id":"https:\/\/www.padreeustaquio.com.br\/#\/schema\/person\/a2a51db1d00f1a7af0204a0f1ddb1566","name":"@sscc","image":{"@type":"ImageObject","inLanguage":"en-US","@id":"https:\/\/secure.gravatar.com\/avatar\/68cfafa5f44617fea54071e215026e0ff06be366c3d54a8425f04fdcb86f8c5f?s=96&d=mm&r=g","url":"https:\/\/secure.gravatar.com\/avatar\/68cfafa5f44617fea54071e215026e0ff06be366c3d54a8425f04fdcb86f8c5f?s=96&d=mm&r=g","contentUrl":"https:\/\/secure.gravatar.com\/avatar\/68cfafa5f44617fea54071e215026e0ff06be366c3d54a8425f04fdcb86f8c5f?s=96&d=mm&r=g","caption":"@sscc"},"url":"https:\/\/www.padreeustaquio.com.br\/en\/author\/sscc\/"}]}},"_links":{"self":[{"href":"https:\/\/www.padreeustaquio.com.br\/en\/wp-json\/wp\/v2\/posts\/6896","targetHints":{"allow":["GET"]}}],"collection":[{"href":"https:\/\/www.padreeustaquio.com.br\/en\/wp-json\/wp\/v2\/posts"}],"about":[{"href":"https:\/\/www.padreeustaquio.com.br\/en\/wp-json\/wp\/v2\/types\/post"}],"author":[{"embeddable":true,"href":"https:\/\/www.padreeustaquio.com.br\/en\/wp-json\/wp\/v2\/users\/2"}],"replies":[{"embeddable":true,"href":"https:\/\/www.padreeustaquio.com.br\/en\/wp-json\/wp\/v2\/comments?post=6896"}],"version-history":[{"count":0,"href":"https:\/\/www.padreeustaquio.com.br\/en\/wp-json\/wp\/v2\/posts\/6896\/revisions"}],"wp:featuredmedia":[{"embeddable":true,"href":"https:\/\/www.padreeustaquio.com.br\/en\/wp-json\/wp\/v2\/media\/6897"}],"wp:attachment":[{"href":"https:\/\/www.padreeustaquio.com.br\/en\/wp-json\/wp\/v2\/media?parent=6896"}],"wp:term":[{"taxonomy":"category","embeddable":true,"href":"https:\/\/www.padreeustaquio.com.br\/en\/wp-json\/wp\/v2\/categories?post=6896"},{"taxonomy":"post_tag","embeddable":true,"href":"https:\/\/www.padreeustaquio.com.br\/en\/wp-json\/wp\/v2\/tags?post=6896"}],"curies":[{"name":"wp","href":"https:\/\/api.w.org\/{rel}","templated":true}]}}