{"id":6884,"date":"2021-09-04T10:00:00","date_gmt":"2021-09-04T13:00:00","guid":{"rendered":"https:\/\/www.padreeustaquio.com.br\/?p=6884"},"modified":"2021-09-04T15:49:33","modified_gmt":"2021-09-04T18:49:33","slug":"celebrate-the-23rd-sunday-in-ordinary-time-with-your-family-as-a-family","status":"publish","type":"post","link":"https:\/\/www.padreeustaquio.com.br\/en\/celebrate-the-23rd-sunday-in-ordinary-time-with-your-family-as-a-family\/","title":{"rendered":"GUIDELINES \u2013 Celebrate the 23rd Sunday in Ordinary Time with your family"},"content":{"rendered":"<p>Following the Feast of Blessed Father Eustace, the script for the 23rd Sunday in Ordinary Time, celebrated this weekend, is now available. The material is provided by the Episcopal Pastoral Commission for Liturgy of the National Conference of Bishops of Brazil (CNBB).<\/p>\n\n\n\n<p>At the Health and Peace Sanctuary, there are three times when masses are broadcast via...&nbsp;<a href=\"https:\/\/www.youtube.com\/channel\/UCRhw7vfabnajwLxb1ZXMeIw\">Padre Eust\u00e1quio Channel<\/a>&nbsp;(Saturday at 6 PM and Sunday at 10 AM and 6 PM) which we can follow along with this script, experiencing the dignity of the priestly people that our baptism conferred upon us. We should not only follow along, but CELEBRATE the Lord&#039;s Day with our families.<\/p>\n\n\n\n<p>Click the link below and get the guide to celebrate with friends and family, wherever you are. Don&#039;t forget to always stay in tune with the Lord.<\/p>\n\n\n\n<p><a href=\"https:\/\/www.cnbb.org.br\/wp-content\/uploads\/2021\/08\/50-Celebrar-em-Familia-23-DTC.pdf\" target=\"_blank\" rel=\"noreferrer noopener\">Download the Family Celebration Guide for the 23rd Sunday in Ordinary Time here.<\/a><\/p>\n\n\n\n<p><\/p>","protected":false},"excerpt":{"rendered":"<p>Passada a Festa do Beato Padre Eust\u00e1quio, j\u00e1 est\u00e1 dispon\u00edvel o roteiro para o 23\u00ba Domingo do Tempo Comum, celebrado neste fim de semana. O material \u00e9 oferecido pela Comiss\u00e3o Episcopal Pastoral para a Liturgia da Confer\u00eancia Nacional dos Bispos do Brasil (CNBB). No Santu\u00e1rio Sa\u00fade e Paz s\u00e3o tr\u00eas hor\u00e1rios de transmiss\u00e3o de missas pelo&nbsp;Canal Padre Eust\u00e1quio&nbsp;(s\u00e1bado, \u00e0s 18h e domingo, \u00e0s 10h e \u00e0s 18h) na qual podemos acompanhar com este roteiro, vivendo a dignidade de povo sacerdotal que nosso batismo nos conferiu. Devemos n\u00e3o s\u00f3 acompanhar, mas CELEBRAR com nossas fam\u00edlias o Dia do Senhor. Clique no [&hellip;]<\/p>\n","protected":false},"author":2,"featured_media":6885,"comment_status":"open","ping_status":"closed","sticky":false,"template":"","format":"standard","meta":{"_acf_changed":false,"footnotes":""},"categories":[611],"tags":[],"class_list":["post-6884","post","type-post","status-publish","format-standard","has-post-thumbnail","hentry","category-noticias"],"acf":[],"yoast_head":"<!-- This site is optimized with the Yoast SEO plugin v27.2 - https:\/\/yoast.com\/product\/yoast-seo-wordpress\/ -->\n<title>ROTEIRO \u2013 Celebre em fam\u00edlia o 23\u00ba Domingo do Tempo Comum<\/title>\n<meta name=\"description\" content=\"Passada a Festa do Beato Padre Eust\u00e1quio, j\u00e1 est\u00e1 dispon\u00edvel o roteiro para o 23\u00ba Domingo do Tempo Comum. O material \u00e9 oferecido pela Comiss\u00e3o Episcopal Pastoral para a Liturgia da CNBB\" \/>\n<meta name=\"robots\" content=\"index, follow, max-snippet:-1, max-image-preview:large, max-video-preview:-1\" \/>\n<link rel=\"canonical\" href=\"https:\/\/www.padreeustaquio.com.br\/en\/celebrate-the-23rd-sunday-in-ordinary-time-with-your-family-as-a-family\/\" \/>\n<meta property=\"og:locale\" content=\"en_US\" \/>\n<meta property=\"og:type\" content=\"article\" \/>\n<meta property=\"og:title\" content=\"ROTEIRO \u2013 Celebre em fam\u00edlia o 23\u00ba Domingo do Tempo Comum\" \/>\n<meta property=\"og:description\" content=\"Passada a Festa do Beato Padre Eust\u00e1quio, j\u00e1 est\u00e1 dispon\u00edvel o roteiro para o 23\u00ba Domingo do Tempo Comum. O material \u00e9 oferecido pela Comiss\u00e3o Episcopal Pastoral para a Liturgia da CNBB\" \/>\n<meta property=\"og:url\" content=\"https:\/\/www.padreeustaquio.com.br\/en\/celebrate-the-23rd-sunday-in-ordinary-time-with-your-family-as-a-family\/\" \/>\n<meta property=\"og:site_name\" content=\"Padre Eust\u00e1quio\" \/>\n<meta property=\"article:publisher\" content=\"https:\/\/www.facebook.com\/beatopadreeustaquio\/\" \/>\n<meta property=\"article:published_time\" content=\"2021-09-04T13:00:00+00:00\" \/>\n<meta property=\"article:modified_time\" content=\"2021-09-04T18:49:33+00:00\" \/>\n<meta property=\"og:image\" content=\"https:\/\/www.padreeustaquio.com.br\/wp-content\/uploads\/2021\/09\/23-domingo.jpg\" \/>\n\t<meta property=\"og:image:width\" content=\"748\" \/>\n\t<meta property=\"og:image:height\" content=\"394\" \/>\n\t<meta property=\"og:image:type\" content=\"image\/jpeg\" \/>\n<meta name=\"author\" content=\"@sscc\" \/>\n<meta name=\"twitter:card\" content=\"summary_large_image\" \/>\n<meta name=\"twitter:creator\" content=\"@beatopeustaquio\" \/>\n<meta name=\"twitter:site\" content=\"@beatopeustaquio\" \/>\n<meta name=\"twitter:label1\" content=\"Written by\" \/>\n\t<meta name=\"twitter:data1\" content=\"@sscc\" \/>\n\t<meta name=\"twitter:label2\" content=\"Est. reading time\" \/>\n\t<meta name=\"twitter:data2\" content=\"1 minute\" \/>\n<script type=\"application\/ld+json\" class=\"yoast-schema-graph\">{\"@context\":\"https:\/\/schema.org\",\"@graph\":[{\"@type\":\"Article\",\"@id\":\"https:\/\/www.padreeustaquio.com.br\/roteiro-celebre-em-familia-o-23o-domingo-do-tempo-comum\/#article\",\"isPartOf\":{\"@id\":\"https:\/\/www.padreeustaquio.com.br\/roteiro-celebre-em-familia-o-23o-domingo-do-tempo-comum\/\"},\"author\":{\"name\":\"@sscc\",\"@id\":\"https:\/\/www.padreeustaquio.com.br\/#\/schema\/person\/a2a51db1d00f1a7af0204a0f1ddb1566\"},\"headline\":\"ROTEIRO \u2013 Celebre em fam\u00edlia o 23\u00ba Domingo do Tempo Comum\",\"datePublished\":\"2021-09-04T13:00:00+00:00\",\"dateModified\":\"2021-09-04T18:49:33+00:00\",\"mainEntityOfPage\":{\"@id\":\"https:\/\/www.padreeustaquio.com.br\/roteiro-celebre-em-familia-o-23o-domingo-do-tempo-comum\/\"},\"wordCount\":170,\"commentCount\":0,\"publisher\":{\"@id\":\"https:\/\/www.padreeustaquio.com.br\/#organization\"},\"image\":{\"@id\":\"https:\/\/www.padreeustaquio.com.br\/roteiro-celebre-em-familia-o-23o-domingo-do-tempo-comum\/#primaryimage\"},\"thumbnailUrl\":\"https:\/\/www.padreeustaquio.com.br\/wp-content\/uploads\/2021\/09\/23-domingo.jpg\",\"articleSection\":[\"Not\u00edcias\"],\"inLanguage\":\"en-US\",\"potentialAction\":[{\"@type\":\"CommentAction\",\"name\":\"Comment\",\"target\":[\"https:\/\/www.padreeustaquio.com.br\/roteiro-celebre-em-familia-o-23o-domingo-do-tempo-comum\/#respond\"]}]},{\"@type\":\"WebPage\",\"@id\":\"https:\/\/www.padreeustaquio.com.br\/roteiro-celebre-em-familia-o-23o-domingo-do-tempo-comum\/\",\"url\":\"https:\/\/www.padreeustaquio.com.br\/roteiro-celebre-em-familia-o-23o-domingo-do-tempo-comum\/\",\"name\":\"ROTEIRO \u2013 Celebre em fam\u00edlia o 23\u00ba Domingo do Tempo Comum\",\"isPartOf\":{\"@id\":\"https:\/\/www.padreeustaquio.com.br\/#website\"},\"primaryImageOfPage\":{\"@id\":\"https:\/\/www.padreeustaquio.com.br\/roteiro-celebre-em-familia-o-23o-domingo-do-tempo-comum\/#primaryimage\"},\"image\":{\"@id\":\"https:\/\/www.padreeustaquio.com.br\/roteiro-celebre-em-familia-o-23o-domingo-do-tempo-comum\/#primaryimage\"},\"thumbnailUrl\":\"https:\/\/www.padreeustaquio.com.br\/wp-content\/uploads\/2021\/09\/23-domingo.jpg\",\"datePublished\":\"2021-09-04T13:00:00+00:00\",\"dateModified\":\"2021-09-04T18:49:33+00:00\",\"description\":\"Passada a Festa do Beato Padre Eust\u00e1quio, j\u00e1 est\u00e1 dispon\u00edvel o roteiro para o 23\u00ba Domingo do Tempo Comum. O material \u00e9 oferecido pela Comiss\u00e3o Episcopal Pastoral para a Liturgia da CNBB\",\"breadcrumb\":{\"@id\":\"https:\/\/www.padreeustaquio.com.br\/roteiro-celebre-em-familia-o-23o-domingo-do-tempo-comum\/#breadcrumb\"},\"inLanguage\":\"en-US\",\"potentialAction\":[{\"@type\":\"ReadAction\",\"target\":[\"https:\/\/www.padreeustaquio.com.br\/roteiro-celebre-em-familia-o-23o-domingo-do-tempo-comum\/\"]}]},{\"@type\":\"ImageObject\",\"inLanguage\":\"en-US\",\"@id\":\"https:\/\/www.padreeustaquio.com.br\/roteiro-celebre-em-familia-o-23o-domingo-do-tempo-comum\/#primaryimage\",\"url\":\"https:\/\/www.padreeustaquio.com.br\/wp-content\/uploads\/2021\/09\/23-domingo.jpg\",\"contentUrl\":\"https:\/\/www.padreeustaquio.com.br\/wp-content\/uploads\/2021\/09\/23-domingo.jpg\",\"width\":748,\"height\":394},{\"@type\":\"BreadcrumbList\",\"@id\":\"https:\/\/www.padreeustaquio.com.br\/roteiro-celebre-em-familia-o-23o-domingo-do-tempo-comum\/#breadcrumb\",\"itemListElement\":[{\"@type\":\"ListItem\",\"position\":1,\"name\":\"In\u00edcio\",\"item\":\"https:\/\/www.padreeustaquio.com.br\/\"},{\"@type\":\"ListItem\",\"position\":2,\"name\":\"ROTEIRO \u2013 Celebre em fam\u00edlia o 23\u00ba Domingo do Tempo Comum\"}]},{\"@type\":\"WebSite\",\"@id\":\"https:\/\/www.padreeustaquio.com.br\/#website\",\"url\":\"https:\/\/www.padreeustaquio.com.br\/\",\"name\":\"Padre Eust\u00e1quio\",\"description\":\"Sa\u00fade e Paz\",\"publisher\":{\"@id\":\"https:\/\/www.padreeustaquio.com.br\/#organization\"},\"potentialAction\":[{\"@type\":\"SearchAction\",\"target\":{\"@type\":\"EntryPoint\",\"urlTemplate\":\"https:\/\/www.padreeustaquio.com.br\/?s={search_term_string}\"},\"query-input\":{\"@type\":\"PropertyValueSpecification\",\"valueRequired\":true,\"valueName\":\"search_term_string\"}}],\"inLanguage\":\"en-US\"},{\"@type\":\"Organization\",\"@id\":\"https:\/\/www.padreeustaquio.com.br\/#organization\",\"name\":\"Padre Eust\u00e1quio\",\"url\":\"https:\/\/www.padreeustaquio.com.br\/\",\"logo\":{\"@type\":\"ImageObject\",\"inLanguage\":\"en-US\",\"@id\":\"https:\/\/www.padreeustaquio.com.br\/#\/schema\/logo\/image\/\",\"url\":\"https:\/\/www.padreeustaquio.com.br\/wp-content\/uploads\/2019\/08\/marca.png\",\"contentUrl\":\"https:\/\/www.padreeustaquio.com.br\/wp-content\/uploads\/2019\/08\/marca.png\",\"width\":350,\"height\":400,\"caption\":\"Padre Eust\u00e1quio\"},\"image\":{\"@id\":\"https:\/\/www.padreeustaquio.com.br\/#\/schema\/logo\/image\/\"},\"sameAs\":[\"https:\/\/www.facebook.com\/beatopadreeustaquio\/\",\"https:\/\/x.com\/beatopeustaquio\",\"https:\/\/www.instagram.com\/beatopadreeustaquio\/\",\"https:\/\/www.youtube.com\/channel\/UCRhw7vfabnajwLxb1ZXMeIw\"]},{\"@type\":\"Person\",\"@id\":\"https:\/\/www.padreeustaquio.com.br\/#\/schema\/person\/a2a51db1d00f1a7af0204a0f1ddb1566\",\"name\":\"@sscc\",\"image\":{\"@type\":\"ImageObject\",\"inLanguage\":\"en-US\",\"@id\":\"https:\/\/secure.gravatar.com\/avatar\/68cfafa5f44617fea54071e215026e0ff06be366c3d54a8425f04fdcb86f8c5f?s=96&d=mm&r=g\",\"url\":\"https:\/\/secure.gravatar.com\/avatar\/68cfafa5f44617fea54071e215026e0ff06be366c3d54a8425f04fdcb86f8c5f?s=96&d=mm&r=g\",\"contentUrl\":\"https:\/\/secure.gravatar.com\/avatar\/68cfafa5f44617fea54071e215026e0ff06be366c3d54a8425f04fdcb86f8c5f?s=96&d=mm&r=g\",\"caption\":\"@sscc\"},\"url\":\"https:\/\/www.padreeustaquio.com.br\/en\/author\/sscc\/\"}]}<\/script>\n<!-- \/ Yoast SEO plugin. -->","yoast_head_json":{"title":"GUIDELINES \u2013 Celebrate the 23rd Sunday in Ordinary Time with your family","description":"Following the Feast of Blessed Father Eustace, the script for the 23rd Sunday in Ordinary Time is now available. The material is provided by the Episcopal Pastoral Commission for the Liturgy of the CNBB (National Conference of Bishops of Brazil).","robots":{"index":"index","follow":"follow","max-snippet":"max-snippet:-1","max-image-preview":"max-image-preview:large","max-video-preview":"max-video-preview:-1"},"canonical":"https:\/\/www.padreeustaquio.com.br\/en\/celebrate-the-23rd-sunday-in-ordinary-time-with-your-family-as-a-family\/","og_locale":"en_US","og_type":"article","og_title":"ROTEIRO \u2013 Celebre em fam\u00edlia o 23\u00ba Domingo do Tempo Comum","og_description":"Passada a Festa do Beato Padre Eust\u00e1quio, j\u00e1 est\u00e1 dispon\u00edvel o roteiro para o 23\u00ba Domingo do Tempo Comum. O material \u00e9 oferecido pela Comiss\u00e3o Episcopal Pastoral para a Liturgia da CNBB","og_url":"https:\/\/www.padreeustaquio.com.br\/en\/celebrate-the-23rd-sunday-in-ordinary-time-with-your-family-as-a-family\/","og_site_name":"Padre Eust\u00e1quio","article_publisher":"https:\/\/www.facebook.com\/beatopadreeustaquio\/","article_published_time":"2021-09-04T13:00:00+00:00","article_modified_time":"2021-09-04T18:49:33+00:00","og_image":[{"width":748,"height":394,"url":"https:\/\/www.padreeustaquio.com.br\/wp-content\/uploads\/2021\/09\/23-domingo.jpg","type":"image\/jpeg"}],"author":"@sscc","twitter_card":"summary_large_image","twitter_creator":"@beatopeustaquio","twitter_site":"@beatopeustaquio","twitter_misc":{"Written by":"@sscc","Est. reading time":"1 minute"},"schema":{"@context":"https:\/\/schema.org","@graph":[{"@type":"Article","@id":"https:\/\/www.padreeustaquio.com.br\/roteiro-celebre-em-familia-o-23o-domingo-do-tempo-comum\/#article","isPartOf":{"@id":"https:\/\/www.padreeustaquio.com.br\/roteiro-celebre-em-familia-o-23o-domingo-do-tempo-comum\/"},"author":{"name":"@sscc","@id":"https:\/\/www.padreeustaquio.com.br\/#\/schema\/person\/a2a51db1d00f1a7af0204a0f1ddb1566"},"headline":"ROTEIRO \u2013 Celebre em fam\u00edlia o 23\u00ba Domingo do Tempo Comum","datePublished":"2021-09-04T13:00:00+00:00","dateModified":"2021-09-04T18:49:33+00:00","mainEntityOfPage":{"@id":"https:\/\/www.padreeustaquio.com.br\/roteiro-celebre-em-familia-o-23o-domingo-do-tempo-comum\/"},"wordCount":170,"commentCount":0,"publisher":{"@id":"https:\/\/www.padreeustaquio.com.br\/#organization"},"image":{"@id":"https:\/\/www.padreeustaquio.com.br\/roteiro-celebre-em-familia-o-23o-domingo-do-tempo-comum\/#primaryimage"},"thumbnailUrl":"https:\/\/www.padreeustaquio.com.br\/wp-content\/uploads\/2021\/09\/23-domingo.jpg","articleSection":["Not\u00edcias"],"inLanguage":"en-US","potentialAction":[{"@type":"CommentAction","name":"Comment","target":["https:\/\/www.padreeustaquio.com.br\/roteiro-celebre-em-familia-o-23o-domingo-do-tempo-comum\/#respond"]}]},{"@type":"WebPage","@id":"https:\/\/www.padreeustaquio.com.br\/roteiro-celebre-em-familia-o-23o-domingo-do-tempo-comum\/","url":"https:\/\/www.padreeustaquio.com.br\/roteiro-celebre-em-familia-o-23o-domingo-do-tempo-comum\/","name":"GUIDELINES \u2013 Celebrate the 23rd Sunday in Ordinary Time with your family","isPartOf":{"@id":"https:\/\/www.padreeustaquio.com.br\/#website"},"primaryImageOfPage":{"@id":"https:\/\/www.padreeustaquio.com.br\/roteiro-celebre-em-familia-o-23o-domingo-do-tempo-comum\/#primaryimage"},"image":{"@id":"https:\/\/www.padreeustaquio.com.br\/roteiro-celebre-em-familia-o-23o-domingo-do-tempo-comum\/#primaryimage"},"thumbnailUrl":"https:\/\/www.padreeustaquio.com.br\/wp-content\/uploads\/2021\/09\/23-domingo.jpg","datePublished":"2021-09-04T13:00:00+00:00","dateModified":"2021-09-04T18:49:33+00:00","description":"Following the Feast of Blessed Father Eustace, the script for the 23rd Sunday in Ordinary Time is now available. The material is provided by the Episcopal Pastoral Commission for the Liturgy of the CNBB (National Conference of Bishops of Brazil).","breadcrumb":{"@id":"https:\/\/www.padreeustaquio.com.br\/roteiro-celebre-em-familia-o-23o-domingo-do-tempo-comum\/#breadcrumb"},"inLanguage":"en-US","potentialAction":[{"@type":"ReadAction","target":["https:\/\/www.padreeustaquio.com.br\/roteiro-celebre-em-familia-o-23o-domingo-do-tempo-comum\/"]}]},{"@type":"ImageObject","inLanguage":"en-US","@id":"https:\/\/www.padreeustaquio.com.br\/roteiro-celebre-em-familia-o-23o-domingo-do-tempo-comum\/#primaryimage","url":"https:\/\/www.padreeustaquio.com.br\/wp-content\/uploads\/2021\/09\/23-domingo.jpg","contentUrl":"https:\/\/www.padreeustaquio.com.br\/wp-content\/uploads\/2021\/09\/23-domingo.jpg","width":748,"height":394},{"@type":"BreadcrumbList","@id":"https:\/\/www.padreeustaquio.com.br\/roteiro-celebre-em-familia-o-23o-domingo-do-tempo-comum\/#breadcrumb","itemListElement":[{"@type":"ListItem","position":1,"name":"In\u00edcio","item":"https:\/\/www.padreeustaquio.com.br\/"},{"@type":"ListItem","position":2,"name":"ROTEIRO \u2013 Celebre em fam\u00edlia o 23\u00ba Domingo do Tempo Comum"}]},{"@type":"WebSite","@id":"https:\/\/www.padreeustaquio.com.br\/#website","url":"https:\/\/www.padreeustaquio.com.br\/","name":"FATHER EUST\u00c1QUIO","description":"Health and Peace","publisher":{"@id":"https:\/\/www.padreeustaquio.com.br\/#organization"},"potentialAction":[{"@type":"SearchAction","target":{"@type":"EntryPoint","urlTemplate":"https:\/\/www.padreeustaquio.com.br\/?s={search_term_string}"},"query-input":{"@type":"PropertyValueSpecification","valueRequired":true,"valueName":"search_term_string"}}],"inLanguage":"en-US"},{"@type":"Organization","@id":"https:\/\/www.padreeustaquio.com.br\/#organization","name":"FATHER EUST\u00c1QUIO","url":"https:\/\/www.padreeustaquio.com.br\/","logo":{"@type":"ImageObject","inLanguage":"en-US","@id":"https:\/\/www.padreeustaquio.com.br\/#\/schema\/logo\/image\/","url":"https:\/\/www.padreeustaquio.com.br\/wp-content\/uploads\/2019\/08\/marca.png","contentUrl":"https:\/\/www.padreeustaquio.com.br\/wp-content\/uploads\/2019\/08\/marca.png","width":350,"height":400,"caption":"Padre Eust\u00e1quio"},"image":{"@id":"https:\/\/www.padreeustaquio.com.br\/#\/schema\/logo\/image\/"},"sameAs":["https:\/\/www.facebook.com\/beatopadreeustaquio\/","https:\/\/x.com\/beatopeustaquio","https:\/\/www.instagram.com\/beatopadreeustaquio\/","https:\/\/www.youtube.com\/channel\/UCRhw7vfabnajwLxb1ZXMeIw"]},{"@type":"Person","@id":"https:\/\/www.padreeustaquio.com.br\/#\/schema\/person\/a2a51db1d00f1a7af0204a0f1ddb1566","name":"@sscc","image":{"@type":"ImageObject","inLanguage":"en-US","@id":"https:\/\/secure.gravatar.com\/avatar\/68cfafa5f44617fea54071e215026e0ff06be366c3d54a8425f04fdcb86f8c5f?s=96&d=mm&r=g","url":"https:\/\/secure.gravatar.com\/avatar\/68cfafa5f44617fea54071e215026e0ff06be366c3d54a8425f04fdcb86f8c5f?s=96&d=mm&r=g","contentUrl":"https:\/\/secure.gravatar.com\/avatar\/68cfafa5f44617fea54071e215026e0ff06be366c3d54a8425f04fdcb86f8c5f?s=96&d=mm&r=g","caption":"@sscc"},"url":"https:\/\/www.padreeustaquio.com.br\/en\/author\/sscc\/"}]}},"_links":{"self":[{"href":"https:\/\/www.padreeustaquio.com.br\/en\/wp-json\/wp\/v2\/posts\/6884","targetHints":{"allow":["GET"]}}],"collection":[{"href":"https:\/\/www.padreeustaquio.com.br\/en\/wp-json\/wp\/v2\/posts"}],"about":[{"href":"https:\/\/www.padreeustaquio.com.br\/en\/wp-json\/wp\/v2\/types\/post"}],"author":[{"embeddable":true,"href":"https:\/\/www.padreeustaquio.com.br\/en\/wp-json\/wp\/v2\/users\/2"}],"replies":[{"embeddable":true,"href":"https:\/\/www.padreeustaquio.com.br\/en\/wp-json\/wp\/v2\/comments?post=6884"}],"version-history":[{"count":0,"href":"https:\/\/www.padreeustaquio.com.br\/en\/wp-json\/wp\/v2\/posts\/6884\/revisions"}],"wp:featuredmedia":[{"embeddable":true,"href":"https:\/\/www.padreeustaquio.com.br\/en\/wp-json\/wp\/v2\/media\/6885"}],"wp:attachment":[{"href":"https:\/\/www.padreeustaquio.com.br\/en\/wp-json\/wp\/v2\/media?parent=6884"}],"wp:term":[{"taxonomy":"category","embeddable":true,"href":"https:\/\/www.padreeustaquio.com.br\/en\/wp-json\/wp\/v2\/categories?post=6884"},{"taxonomy":"post_tag","embeddable":true,"href":"https:\/\/www.padreeustaquio.com.br\/en\/wp-json\/wp\/v2\/tags?post=6884"}],"curies":[{"name":"wp","href":"https:\/\/api.w.org\/{rel}","templated":true}]}}