{"id":6876,"date":"2021-09-03T06:15:00","date_gmt":"2021-09-03T09:15:00","guid":{"rendered":"https:\/\/www.padreeustaquio.com.br\/?p=6876"},"modified":"2021-09-01T11:29:03","modified_gmt":"2021-09-01T14:29:03","slug":"father-eustaquio-becomes-an-amigurumi-piece-in-porto-alegre-sao-paulo","status":"publish","type":"post","link":"https:\/\/www.padreeustaquio.com.br\/en\/father-eustaquio-becomes-an-amigurumi-piece-in-porto-alegre-sao-paulo\/","title":{"rendered":"Father Eust\u00e1quio becomes an amigurumi figure in Po\u00e1, S\u00e3o Paulo."},"content":{"rendered":"<p>An artisan from Po\u00e1, in the metropolitan region of S\u00e3o Paulo, used her creativity to recreate Blessed Father Eustace in a crocheted doll, using the amigurumi technique.<\/p>\n\n\n\n<div class=\"wp-block-image\"><figure class=\"alignleft size-full is-resized\"><img fetchpriority=\"high\" decoding=\"async\" src=\"https:\/\/www.padreeustaquio.com.br\/wp-content\/uploads\/2021\/09\/Marisa-com-o-boneco-em-amigurumi.jpeg\" alt=\"\" class=\"wp-image-6878\" width=\"188\" height=\"271\" srcset=\"https:\/\/www.padreeustaquio.com.br\/wp-content\/uploads\/2021\/09\/Marisa-com-o-boneco-em-amigurumi.jpeg 553w, https:\/\/www.padreeustaquio.com.br\/wp-content\/uploads\/2021\/09\/Marisa-com-o-boneco-em-amigurumi-208x300.jpeg 208w\" sizes=\"(max-width: 188px) 100vw, 188px\" \/><figcaption>Marisa Vieira and her tribute to Blessed Father Eust\u00e1quio<\/figcaption><\/figure><\/div>\n\n\n\n<p>Marisa Vieira is 38 years old and owns a crochet studio in Po\u00e1. A devotee of Padre Eust\u00e1quio, she was challenged by Father Reginaldo Martins da Silva, parish priest of the Nossa Senhora de Lourdes Church, which she attends, to make an amigurumi of the Blessed. As there were no patterns for the piece, she had to use her creativity and the result was incredible.<\/p>\n\n\n\n<p>Marisa has been a craftswoman for 10 years, but during the pandemic she has dedicated herself more and more to making saints of the Catholic Church, using amigurumi, an ancient Japanese technique, to create crocheted and knitted dolls.<\/p>\n\n\n\n<p>A devout follower of Father Eust\u00e1quio, making the amigurumi of the Blessed was very important to the artisan: <em>\u201c&quot;I was immensely happy and grateful to have made Blessed Father Eustace and I thank him for all the blessings bestowed upon my family&#039;s life.&quot;\u201d<\/em>, said Marisa.<\/p>\n\n\n\n<p>Learn more about Marisa&#039;s work on Instagram. <a href=\"https:\/\/www.instagram.com\/marisa__artes\/\" target=\"_blank\" rel=\"noreferrer noopener\">@marisa_artes.<\/a><\/p>\n\n\n\n<p><\/p>\n\n\n\n<p><\/p>","protected":false},"excerpt":{"rendered":"<p>Uma artes\u00e3 de Po\u00e1, na regi\u00e3o metropolitana de S\u00e3o Paulo, usou a criatividade para recriar o Bem-aventurado Padre Eust\u00e1quio em um boneco de croch\u00ea, usando a t\u00e9cnica de amigurumi. Marisa Vieira tem 38 anos e \u00e9 propriet\u00e1ria de um ateli\u00ea de croch\u00ea em Po\u00e1. Devota de Padre Eust\u00e1quio, ela foi desafiada pelo Padre Reginaldo Martins da Silva, p\u00e1roco da Igreja Nossa Senhora de Lourdes, onde ela frequenta, a fazer um amigurumi do Beato. Como n\u00e3o existiam moldes para a pe\u00e7a ela precisou usar a criatividade e o resultado ficou incr\u00edvel. Marisa \u00e9 artes\u00e3 h\u00e1 10 anos, mas no per\u00edodo da [&hellip;]<\/p>\n","protected":false},"author":2,"featured_media":6877,"comment_status":"open","ping_status":"closed","sticky":false,"template":"","format":"standard","meta":{"_acf_changed":false,"footnotes":""},"categories":[611],"tags":[],"class_list":["post-6876","post","type-post","status-publish","format-standard","has-post-thumbnail","hentry","category-noticias"],"acf":[],"yoast_head":"<!-- This site is optimized with the Yoast SEO plugin v27.2 - https:\/\/yoast.com\/product\/yoast-seo-wordpress\/ -->\n<title>Padre Eust\u00e1quio vira pe\u00e7a de amigurumi em Po\u00e1, S\u00e3o Paulo<\/title>\n<meta name=\"description\" content=\"Uma artes\u00e3 de Po\u00e1, na regi\u00e3o metropolitana de S\u00e3o Paulo, usou a criatividade para recriar o Bem-aventurado Padre Eust\u00e1quio em um boneco de croch\u00ea, usando a t\u00e9cnica de amigurumi. O resultado ficou incr\u00edvel.\" \/>\n<meta name=\"robots\" content=\"index, follow, max-snippet:-1, max-image-preview:large, max-video-preview:-1\" \/>\n<link rel=\"canonical\" href=\"https:\/\/www.padreeustaquio.com.br\/en\/father-eustaquio-becomes-an-amigurumi-piece-in-porto-alegre-sao-paulo\/\" \/>\n<meta property=\"og:locale\" content=\"en_US\" \/>\n<meta property=\"og:type\" content=\"article\" \/>\n<meta property=\"og:title\" content=\"Padre Eust\u00e1quio vira pe\u00e7a de amigurumi em Po\u00e1, S\u00e3o Paulo\" \/>\n<meta property=\"og:description\" content=\"Uma artes\u00e3 de Po\u00e1, na regi\u00e3o metropolitana de S\u00e3o Paulo, usou a criatividade para recriar o Bem-aventurado Padre Eust\u00e1quio em um boneco de croch\u00ea, usando a t\u00e9cnica de amigurumi. O resultado ficou incr\u00edvel.\" \/>\n<meta property=\"og:url\" content=\"https:\/\/www.padreeustaquio.com.br\/en\/father-eustaquio-becomes-an-amigurumi-piece-in-porto-alegre-sao-paulo\/\" \/>\n<meta property=\"og:site_name\" content=\"Padre Eust\u00e1quio\" \/>\n<meta property=\"article:publisher\" content=\"https:\/\/www.facebook.com\/beatopadreeustaquio\/\" \/>\n<meta property=\"article:published_time\" content=\"2021-09-03T09:15:00+00:00\" \/>\n<meta property=\"og:image\" content=\"https:\/\/www.padreeustaquio.com.br\/wp-content\/uploads\/2021\/09\/amigurume.jpg\" \/>\n\t<meta property=\"og:image:width\" content=\"748\" \/>\n\t<meta property=\"og:image:height\" content=\"394\" \/>\n\t<meta property=\"og:image:type\" content=\"image\/jpeg\" \/>\n<meta name=\"author\" content=\"@sscc\" \/>\n<meta name=\"twitter:card\" content=\"summary_large_image\" \/>\n<meta name=\"twitter:creator\" content=\"@beatopeustaquio\" \/>\n<meta name=\"twitter:site\" content=\"@beatopeustaquio\" \/>\n<meta name=\"twitter:label1\" content=\"Written by\" \/>\n\t<meta name=\"twitter:data1\" content=\"@sscc\" \/>\n\t<meta name=\"twitter:label2\" content=\"Est. reading time\" \/>\n\t<meta name=\"twitter:data2\" content=\"2 minutes\" \/>\n<script type=\"application\/ld+json\" class=\"yoast-schema-graph\">{\"@context\":\"https:\/\/schema.org\",\"@graph\":[{\"@type\":\"Article\",\"@id\":\"https:\/\/www.padreeustaquio.com.br\/padre-eustaquio-vira-peca-de-amigurumi-em-poa-sao-paulo\/#article\",\"isPartOf\":{\"@id\":\"https:\/\/www.padreeustaquio.com.br\/padre-eustaquio-vira-peca-de-amigurumi-em-poa-sao-paulo\/\"},\"author\":{\"name\":\"@sscc\",\"@id\":\"https:\/\/www.padreeustaquio.com.br\/#\/schema\/person\/a2a51db1d00f1a7af0204a0f1ddb1566\"},\"headline\":\"Padre Eust\u00e1quio vira pe\u00e7a de amigurumi em Po\u00e1, S\u00e3o Paulo\",\"datePublished\":\"2021-09-03T09:15:00+00:00\",\"mainEntityOfPage\":{\"@id\":\"https:\/\/www.padreeustaquio.com.br\/padre-eustaquio-vira-peca-de-amigurumi-em-poa-sao-paulo\/\"},\"wordCount\":220,\"commentCount\":0,\"publisher\":{\"@id\":\"https:\/\/www.padreeustaquio.com.br\/#organization\"},\"image\":{\"@id\":\"https:\/\/www.padreeustaquio.com.br\/padre-eustaquio-vira-peca-de-amigurumi-em-poa-sao-paulo\/#primaryimage\"},\"thumbnailUrl\":\"https:\/\/www.padreeustaquio.com.br\/wp-content\/uploads\/2021\/09\/amigurume.jpg\",\"articleSection\":[\"Not\u00edcias\"],\"inLanguage\":\"en-US\",\"potentialAction\":[{\"@type\":\"CommentAction\",\"name\":\"Comment\",\"target\":[\"https:\/\/www.padreeustaquio.com.br\/padre-eustaquio-vira-peca-de-amigurumi-em-poa-sao-paulo\/#respond\"]}]},{\"@type\":\"WebPage\",\"@id\":\"https:\/\/www.padreeustaquio.com.br\/padre-eustaquio-vira-peca-de-amigurumi-em-poa-sao-paulo\/\",\"url\":\"https:\/\/www.padreeustaquio.com.br\/padre-eustaquio-vira-peca-de-amigurumi-em-poa-sao-paulo\/\",\"name\":\"Padre Eust\u00e1quio vira pe\u00e7a de amigurumi em Po\u00e1, S\u00e3o Paulo\",\"isPartOf\":{\"@id\":\"https:\/\/www.padreeustaquio.com.br\/#website\"},\"primaryImageOfPage\":{\"@id\":\"https:\/\/www.padreeustaquio.com.br\/padre-eustaquio-vira-peca-de-amigurumi-em-poa-sao-paulo\/#primaryimage\"},\"image\":{\"@id\":\"https:\/\/www.padreeustaquio.com.br\/padre-eustaquio-vira-peca-de-amigurumi-em-poa-sao-paulo\/#primaryimage\"},\"thumbnailUrl\":\"https:\/\/www.padreeustaquio.com.br\/wp-content\/uploads\/2021\/09\/amigurume.jpg\",\"datePublished\":\"2021-09-03T09:15:00+00:00\",\"description\":\"Uma artes\u00e3 de Po\u00e1, na regi\u00e3o metropolitana de S\u00e3o Paulo, usou a criatividade para recriar o Bem-aventurado Padre Eust\u00e1quio em um boneco de croch\u00ea, usando a t\u00e9cnica de amigurumi. O resultado ficou incr\u00edvel.\",\"breadcrumb\":{\"@id\":\"https:\/\/www.padreeustaquio.com.br\/padre-eustaquio-vira-peca-de-amigurumi-em-poa-sao-paulo\/#breadcrumb\"},\"inLanguage\":\"en-US\",\"potentialAction\":[{\"@type\":\"ReadAction\",\"target\":[\"https:\/\/www.padreeustaquio.com.br\/padre-eustaquio-vira-peca-de-amigurumi-em-poa-sao-paulo\/\"]}]},{\"@type\":\"ImageObject\",\"inLanguage\":\"en-US\",\"@id\":\"https:\/\/www.padreeustaquio.com.br\/padre-eustaquio-vira-peca-de-amigurumi-em-poa-sao-paulo\/#primaryimage\",\"url\":\"https:\/\/www.padreeustaquio.com.br\/wp-content\/uploads\/2021\/09\/amigurume.jpg\",\"contentUrl\":\"https:\/\/www.padreeustaquio.com.br\/wp-content\/uploads\/2021\/09\/amigurume.jpg\",\"width\":748,\"height\":394},{\"@type\":\"BreadcrumbList\",\"@id\":\"https:\/\/www.padreeustaquio.com.br\/padre-eustaquio-vira-peca-de-amigurumi-em-poa-sao-paulo\/#breadcrumb\",\"itemListElement\":[{\"@type\":\"ListItem\",\"position\":1,\"name\":\"In\u00edcio\",\"item\":\"https:\/\/www.padreeustaquio.com.br\/\"},{\"@type\":\"ListItem\",\"position\":2,\"name\":\"Padre Eust\u00e1quio vira pe\u00e7a de amigurumi em Po\u00e1, S\u00e3o Paulo\"}]},{\"@type\":\"WebSite\",\"@id\":\"https:\/\/www.padreeustaquio.com.br\/#website\",\"url\":\"https:\/\/www.padreeustaquio.com.br\/\",\"name\":\"Padre Eust\u00e1quio\",\"description\":\"Sa\u00fade e Paz\",\"publisher\":{\"@id\":\"https:\/\/www.padreeustaquio.com.br\/#organization\"},\"potentialAction\":[{\"@type\":\"SearchAction\",\"target\":{\"@type\":\"EntryPoint\",\"urlTemplate\":\"https:\/\/www.padreeustaquio.com.br\/?s={search_term_string}\"},\"query-input\":{\"@type\":\"PropertyValueSpecification\",\"valueRequired\":true,\"valueName\":\"search_term_string\"}}],\"inLanguage\":\"en-US\"},{\"@type\":\"Organization\",\"@id\":\"https:\/\/www.padreeustaquio.com.br\/#organization\",\"name\":\"Padre Eust\u00e1quio\",\"url\":\"https:\/\/www.padreeustaquio.com.br\/\",\"logo\":{\"@type\":\"ImageObject\",\"inLanguage\":\"en-US\",\"@id\":\"https:\/\/www.padreeustaquio.com.br\/#\/schema\/logo\/image\/\",\"url\":\"https:\/\/www.padreeustaquio.com.br\/wp-content\/uploads\/2019\/08\/marca.png\",\"contentUrl\":\"https:\/\/www.padreeustaquio.com.br\/wp-content\/uploads\/2019\/08\/marca.png\",\"width\":350,\"height\":400,\"caption\":\"Padre Eust\u00e1quio\"},\"image\":{\"@id\":\"https:\/\/www.padreeustaquio.com.br\/#\/schema\/logo\/image\/\"},\"sameAs\":[\"https:\/\/www.facebook.com\/beatopadreeustaquio\/\",\"https:\/\/x.com\/beatopeustaquio\",\"https:\/\/www.instagram.com\/beatopadreeustaquio\/\",\"https:\/\/www.youtube.com\/channel\/UCRhw7vfabnajwLxb1ZXMeIw\"]},{\"@type\":\"Person\",\"@id\":\"https:\/\/www.padreeustaquio.com.br\/#\/schema\/person\/a2a51db1d00f1a7af0204a0f1ddb1566\",\"name\":\"@sscc\",\"image\":{\"@type\":\"ImageObject\",\"inLanguage\":\"en-US\",\"@id\":\"https:\/\/secure.gravatar.com\/avatar\/68cfafa5f44617fea54071e215026e0ff06be366c3d54a8425f04fdcb86f8c5f?s=96&d=mm&r=g\",\"url\":\"https:\/\/secure.gravatar.com\/avatar\/68cfafa5f44617fea54071e215026e0ff06be366c3d54a8425f04fdcb86f8c5f?s=96&d=mm&r=g\",\"contentUrl\":\"https:\/\/secure.gravatar.com\/avatar\/68cfafa5f44617fea54071e215026e0ff06be366c3d54a8425f04fdcb86f8c5f?s=96&d=mm&r=g\",\"caption\":\"@sscc\"},\"url\":\"https:\/\/www.padreeustaquio.com.br\/en\/author\/sscc\/\"}]}<\/script>\n<!-- \/ Yoast SEO plugin. -->","yoast_head_json":{"title":"Father Eust\u00e1quio becomes an amigurumi figure in Po\u00e1, S\u00e3o Paulo.","description":"An artisan from Po\u00e1, in the metropolitan region of S\u00e3o Paulo, used her creativity to recreate Blessed Father Eustace in a crocheted doll, using the amigurumi technique. The result was incredible.","robots":{"index":"index","follow":"follow","max-snippet":"max-snippet:-1","max-image-preview":"max-image-preview:large","max-video-preview":"max-video-preview:-1"},"canonical":"https:\/\/www.padreeustaquio.com.br\/en\/father-eustaquio-becomes-an-amigurumi-piece-in-porto-alegre-sao-paulo\/","og_locale":"en_US","og_type":"article","og_title":"Padre Eust\u00e1quio vira pe\u00e7a de amigurumi em Po\u00e1, S\u00e3o Paulo","og_description":"Uma artes\u00e3 de Po\u00e1, na regi\u00e3o metropolitana de S\u00e3o Paulo, usou a criatividade para recriar o Bem-aventurado Padre Eust\u00e1quio em um boneco de croch\u00ea, usando a t\u00e9cnica de amigurumi. O resultado ficou incr\u00edvel.","og_url":"https:\/\/www.padreeustaquio.com.br\/en\/father-eustaquio-becomes-an-amigurumi-piece-in-porto-alegre-sao-paulo\/","og_site_name":"Padre Eust\u00e1quio","article_publisher":"https:\/\/www.facebook.com\/beatopadreeustaquio\/","article_published_time":"2021-09-03T09:15:00+00:00","og_image":[{"width":748,"height":394,"url":"https:\/\/www.padreeustaquio.com.br\/wp-content\/uploads\/2021\/09\/amigurume.jpg","type":"image\/jpeg"}],"author":"@sscc","twitter_card":"summary_large_image","twitter_creator":"@beatopeustaquio","twitter_site":"@beatopeustaquio","twitter_misc":{"Written by":"@sscc","Est. reading time":"2 minutes"},"schema":{"@context":"https:\/\/schema.org","@graph":[{"@type":"Article","@id":"https:\/\/www.padreeustaquio.com.br\/padre-eustaquio-vira-peca-de-amigurumi-em-poa-sao-paulo\/#article","isPartOf":{"@id":"https:\/\/www.padreeustaquio.com.br\/padre-eustaquio-vira-peca-de-amigurumi-em-poa-sao-paulo\/"},"author":{"name":"@sscc","@id":"https:\/\/www.padreeustaquio.com.br\/#\/schema\/person\/a2a51db1d00f1a7af0204a0f1ddb1566"},"headline":"Padre Eust\u00e1quio vira pe\u00e7a de amigurumi em Po\u00e1, S\u00e3o Paulo","datePublished":"2021-09-03T09:15:00+00:00","mainEntityOfPage":{"@id":"https:\/\/www.padreeustaquio.com.br\/padre-eustaquio-vira-peca-de-amigurumi-em-poa-sao-paulo\/"},"wordCount":220,"commentCount":0,"publisher":{"@id":"https:\/\/www.padreeustaquio.com.br\/#organization"},"image":{"@id":"https:\/\/www.padreeustaquio.com.br\/padre-eustaquio-vira-peca-de-amigurumi-em-poa-sao-paulo\/#primaryimage"},"thumbnailUrl":"https:\/\/www.padreeustaquio.com.br\/wp-content\/uploads\/2021\/09\/amigurume.jpg","articleSection":["Not\u00edcias"],"inLanguage":"en-US","potentialAction":[{"@type":"CommentAction","name":"Comment","target":["https:\/\/www.padreeustaquio.com.br\/padre-eustaquio-vira-peca-de-amigurumi-em-poa-sao-paulo\/#respond"]}]},{"@type":"WebPage","@id":"https:\/\/www.padreeustaquio.com.br\/padre-eustaquio-vira-peca-de-amigurumi-em-poa-sao-paulo\/","url":"https:\/\/www.padreeustaquio.com.br\/padre-eustaquio-vira-peca-de-amigurumi-em-poa-sao-paulo\/","name":"Father Eust\u00e1quio becomes an amigurumi figure in Po\u00e1, S\u00e3o Paulo.","isPartOf":{"@id":"https:\/\/www.padreeustaquio.com.br\/#website"},"primaryImageOfPage":{"@id":"https:\/\/www.padreeustaquio.com.br\/padre-eustaquio-vira-peca-de-amigurumi-em-poa-sao-paulo\/#primaryimage"},"image":{"@id":"https:\/\/www.padreeustaquio.com.br\/padre-eustaquio-vira-peca-de-amigurumi-em-poa-sao-paulo\/#primaryimage"},"thumbnailUrl":"https:\/\/www.padreeustaquio.com.br\/wp-content\/uploads\/2021\/09\/amigurume.jpg","datePublished":"2021-09-03T09:15:00+00:00","description":"An artisan from Po\u00e1, in the metropolitan region of S\u00e3o Paulo, used her creativity to recreate Blessed Father Eustace in a crocheted doll, using the amigurumi technique. The result was incredible.","breadcrumb":{"@id":"https:\/\/www.padreeustaquio.com.br\/padre-eustaquio-vira-peca-de-amigurumi-em-poa-sao-paulo\/#breadcrumb"},"inLanguage":"en-US","potentialAction":[{"@type":"ReadAction","target":["https:\/\/www.padreeustaquio.com.br\/padre-eustaquio-vira-peca-de-amigurumi-em-poa-sao-paulo\/"]}]},{"@type":"ImageObject","inLanguage":"en-US","@id":"https:\/\/www.padreeustaquio.com.br\/padre-eustaquio-vira-peca-de-amigurumi-em-poa-sao-paulo\/#primaryimage","url":"https:\/\/www.padreeustaquio.com.br\/wp-content\/uploads\/2021\/09\/amigurume.jpg","contentUrl":"https:\/\/www.padreeustaquio.com.br\/wp-content\/uploads\/2021\/09\/amigurume.jpg","width":748,"height":394},{"@type":"BreadcrumbList","@id":"https:\/\/www.padreeustaquio.com.br\/padre-eustaquio-vira-peca-de-amigurumi-em-poa-sao-paulo\/#breadcrumb","itemListElement":[{"@type":"ListItem","position":1,"name":"In\u00edcio","item":"https:\/\/www.padreeustaquio.com.br\/"},{"@type":"ListItem","position":2,"name":"Padre Eust\u00e1quio vira pe\u00e7a de amigurumi em Po\u00e1, S\u00e3o Paulo"}]},{"@type":"WebSite","@id":"https:\/\/www.padreeustaquio.com.br\/#website","url":"https:\/\/www.padreeustaquio.com.br\/","name":"FATHER EUST\u00c1QUIO","description":"Health and Peace","publisher":{"@id":"https:\/\/www.padreeustaquio.com.br\/#organization"},"potentialAction":[{"@type":"SearchAction","target":{"@type":"EntryPoint","urlTemplate":"https:\/\/www.padreeustaquio.com.br\/?s={search_term_string}"},"query-input":{"@type":"PropertyValueSpecification","valueRequired":true,"valueName":"search_term_string"}}],"inLanguage":"en-US"},{"@type":"Organization","@id":"https:\/\/www.padreeustaquio.com.br\/#organization","name":"FATHER EUST\u00c1QUIO","url":"https:\/\/www.padreeustaquio.com.br\/","logo":{"@type":"ImageObject","inLanguage":"en-US","@id":"https:\/\/www.padreeustaquio.com.br\/#\/schema\/logo\/image\/","url":"https:\/\/www.padreeustaquio.com.br\/wp-content\/uploads\/2019\/08\/marca.png","contentUrl":"https:\/\/www.padreeustaquio.com.br\/wp-content\/uploads\/2019\/08\/marca.png","width":350,"height":400,"caption":"Padre Eust\u00e1quio"},"image":{"@id":"https:\/\/www.padreeustaquio.com.br\/#\/schema\/logo\/image\/"},"sameAs":["https:\/\/www.facebook.com\/beatopadreeustaquio\/","https:\/\/x.com\/beatopeustaquio","https:\/\/www.instagram.com\/beatopadreeustaquio\/","https:\/\/www.youtube.com\/channel\/UCRhw7vfabnajwLxb1ZXMeIw"]},{"@type":"Person","@id":"https:\/\/www.padreeustaquio.com.br\/#\/schema\/person\/a2a51db1d00f1a7af0204a0f1ddb1566","name":"@sscc","image":{"@type":"ImageObject","inLanguage":"en-US","@id":"https:\/\/secure.gravatar.com\/avatar\/68cfafa5f44617fea54071e215026e0ff06be366c3d54a8425f04fdcb86f8c5f?s=96&d=mm&r=g","url":"https:\/\/secure.gravatar.com\/avatar\/68cfafa5f44617fea54071e215026e0ff06be366c3d54a8425f04fdcb86f8c5f?s=96&d=mm&r=g","contentUrl":"https:\/\/secure.gravatar.com\/avatar\/68cfafa5f44617fea54071e215026e0ff06be366c3d54a8425f04fdcb86f8c5f?s=96&d=mm&r=g","caption":"@sscc"},"url":"https:\/\/www.padreeustaquio.com.br\/en\/author\/sscc\/"}]}},"_links":{"self":[{"href":"https:\/\/www.padreeustaquio.com.br\/en\/wp-json\/wp\/v2\/posts\/6876","targetHints":{"allow":["GET"]}}],"collection":[{"href":"https:\/\/www.padreeustaquio.com.br\/en\/wp-json\/wp\/v2\/posts"}],"about":[{"href":"https:\/\/www.padreeustaquio.com.br\/en\/wp-json\/wp\/v2\/types\/post"}],"author":[{"embeddable":true,"href":"https:\/\/www.padreeustaquio.com.br\/en\/wp-json\/wp\/v2\/users\/2"}],"replies":[{"embeddable":true,"href":"https:\/\/www.padreeustaquio.com.br\/en\/wp-json\/wp\/v2\/comments?post=6876"}],"version-history":[{"count":0,"href":"https:\/\/www.padreeustaquio.com.br\/en\/wp-json\/wp\/v2\/posts\/6876\/revisions"}],"wp:featuredmedia":[{"embeddable":true,"href":"https:\/\/www.padreeustaquio.com.br\/en\/wp-json\/wp\/v2\/media\/6877"}],"wp:attachment":[{"href":"https:\/\/www.padreeustaquio.com.br\/en\/wp-json\/wp\/v2\/media?parent=6876"}],"wp:term":[{"taxonomy":"category","embeddable":true,"href":"https:\/\/www.padreeustaquio.com.br\/en\/wp-json\/wp\/v2\/categories?post=6876"},{"taxonomy":"post_tag","embeddable":true,"href":"https:\/\/www.padreeustaquio.com.br\/en\/wp-json\/wp\/v2\/tags?post=6876"}],"curies":[{"name":"wp","href":"https:\/\/api.w.org\/{rel}","templated":true}]}}