{"id":6872,"date":"2021-09-02T06:02:00","date_gmt":"2021-09-02T09:02:00","guid":{"rendered":"https:\/\/www.padreeustaquio.com.br\/?p=6872"},"modified":"2021-09-01T11:11:28","modified_gmt":"2021-09-01T14:11:28","slug":"brother-edvaldo-carneiro-ss-cc-will-be-ordained-a-deacon-in-sao-paulo","status":"publish","type":"post","link":"https:\/\/www.padreeustaquio.com.br\/en\/brother-edvaldo-carneiro-ss-cc-will-be-ordained-a-deacon-in-sao-paulo\/","title":{"rendered":"Brother Edvaldo Carneiro, ss.cc., will be ordained a Deacon in S\u00e3o Paulo."},"content":{"rendered":"<p>Next Saturday, September 4th, Brother Edvaldo Carneiro, ss.cc., will be ordained a deacon. The ceremony will be presided over by Dom Luiz Carlos Dias, auxiliary bishop of the Archdiocese of S\u00e3o Paulo, at 4 PM, at the Santo Em\u00eddio Parish, located in Vila Prudente, S\u00e3o Paulo-SP.<\/p>\n\n\n\n<p>The Holy Mass will have a controlled attendance of the faithful, but can also be followed on the parish&#039;s social media channels. <a href=\"https:\/\/www.facebook.com\/igrejasantoemidio\" target=\"_blank\" rel=\"noreferrer noopener\">@igrejasantoemidio<\/a>\u00a0on Facebook, or through the channel <a href=\"https:\/\/www.youtube.com\/channel\/UCRylaLrWokqhgsWMbKvMClg\" target=\"_blank\" rel=\"noreferrer noopener\">Parish of Saint Emidius<\/a>. In keeping with the brothers of the Congregation of the Sacred Hearts, the celebration will also be broadcast simultaneously by <a href=\"https:\/\/www.youtube.com\/channel\/UCRhw7vfabnajwLxb1ZXMeIw\" target=\"_blank\" rel=\"noreferrer noopener\">Padre Eust\u00e1quio Channel.<\/a><\/p>\n\n\n\n<p>The diaconate in the Catholic Church can be of two natures: transitional or permanent. In the case of Brother Edvaldo, this period is transitional, that is, a stage in preparation for priestly ordination, which is why this moment is so important in his life and in the life of the Church.<\/p>\n\n\n\n<p>Brother Edvaldo Carneiro, ss.cc., was born in Suzano on September 15, 1987. Son of Ant\u00f4nio Alves Carneiro (deceased) and Laura da Silva Carneiro. He grew up in the city of Ferraz de Vasconcelos, SP. In 2013 he entered the Congregation of the Sacred Hearts of Jesus and Mary. He completed his novitiate in 2016 in Chaclacayo (Peru) and professed his first vows on January 29, 2017, at the Santo Em\u00eddio Parish, Vila Prudente.<\/p>\n\n\n\n<p>He began his theological studies at PUC \u2013 Chile and in 2018 went to the juniorate in Belo Horizonte, MG, where he completed his Theology degree at the Jesuit Faculty of Philosophy and Theology in 2020. He made his Perpetual Profession on January 17, 2021, at the Sanctuary of Health and Peace in Belo Horizonte. In February, he was appointed to the Santo Em\u00eddio Community in Vila Prudente.<\/p>","protected":false},"excerpt":{"rendered":"<p>No pr\u00f3ximo s\u00e1bado, dia 4 de setembro, o irm\u00e3o Edvaldo Carneiro, ss.cc., ser\u00e1 ordenado di\u00e1cono. A cerim\u00f4nia ser\u00e1 presidida por Dom Luiz Carlos Dias, bispo auxiliar da Arquidiocese de S\u00e3o Paulo, \u00e0s 16h, na Par\u00f3quia Santo Em\u00eddio, localizada na Vila Prudente, em S\u00e3o Paulo-SP. A Santa Missa ter\u00e1 presen\u00e7a de fi\u00e9is, de forma controlada, mas tamb\u00e9m poder\u00e1 ser acompanhada pelas redes sociais da par\u00f3quia @igrejasantoemidio\u00a0no Facebook, ou pelo canal Par\u00f3quia de Santo Em\u00eddio. Em sintonia com os irm\u00e3os da Congrega\u00e7\u00e3o dos Sagrados Cora\u00e7\u00f5es, a celebra\u00e7\u00e3o tamb\u00e9m ser\u00e1 transmitida simultaneamente pelo Canal Padre Eust\u00e1quio. O diaconato na Igreja Cat\u00f3lica pode ser [&hellip;]<\/p>\n","protected":false},"author":2,"featured_media":6873,"comment_status":"open","ping_status":"closed","sticky":false,"template":"","format":"standard","meta":{"_acf_changed":false,"footnotes":""},"categories":[611],"tags":[],"class_list":["post-6872","post","type-post","status-publish","format-standard","has-post-thumbnail","hentry","category-noticias"],"acf":[],"yoast_head":"<!-- This site is optimized with the Yoast SEO plugin v27.2 - https:\/\/yoast.com\/product\/yoast-seo-wordpress\/ -->\n<title>Ir Edvaldo Carneiro, ss.cc. ser\u00e1 ordenado Di\u00e1cono em S\u00e3o Paulo<\/title>\n<meta name=\"description\" content=\"Edvaldo ser\u00e1 ordenado di\u00e1cono no pr\u00f3ximo s\u00e1bado, dia 04 de setembro. A cerim\u00f4nia ser\u00e1 presidida por Dom Luiz Carlos Dias, bispo auxiliar da Arquidiocese de S\u00e3o Paulo, \u00e0s 16h, na Par\u00f3quia Santo Em\u00eddio, na Vila Prudente, em S\u00e3o Paulo-SP.\" \/>\n<meta name=\"robots\" content=\"index, follow, max-snippet:-1, max-image-preview:large, max-video-preview:-1\" \/>\n<link rel=\"canonical\" href=\"https:\/\/www.padreeustaquio.com.br\/en\/brother-edvaldo-carneiro-ss-cc-will-be-ordained-a-deacon-in-sao-paulo\/\" \/>\n<meta property=\"og:locale\" content=\"en_US\" \/>\n<meta property=\"og:type\" content=\"article\" \/>\n<meta property=\"og:title\" content=\"Ir Edvaldo Carneiro, ss.cc. ser\u00e1 ordenado Di\u00e1cono em S\u00e3o Paulo\" \/>\n<meta property=\"og:description\" content=\"Edvaldo ser\u00e1 ordenado di\u00e1cono no pr\u00f3ximo s\u00e1bado, dia 04 de setembro. A cerim\u00f4nia ser\u00e1 presidida por Dom Luiz Carlos Dias, bispo auxiliar da Arquidiocese de S\u00e3o Paulo, \u00e0s 16h, na Par\u00f3quia Santo Em\u00eddio, na Vila Prudente, em S\u00e3o Paulo-SP.\" \/>\n<meta property=\"og:url\" content=\"https:\/\/www.padreeustaquio.com.br\/en\/brother-edvaldo-carneiro-ss-cc-will-be-ordained-a-deacon-in-sao-paulo\/\" \/>\n<meta property=\"og:site_name\" content=\"Padre Eust\u00e1quio\" \/>\n<meta property=\"article:publisher\" content=\"https:\/\/www.facebook.com\/beatopadreeustaquio\/\" \/>\n<meta property=\"article:published_time\" content=\"2021-09-02T09:02:00+00:00\" \/>\n<meta property=\"og:image\" content=\"https:\/\/www.padreeustaquio.com.br\/wp-content\/uploads\/2021\/09\/Edvaldo.jpg\" \/>\n\t<meta property=\"og:image:width\" content=\"748\" \/>\n\t<meta property=\"og:image:height\" content=\"394\" \/>\n\t<meta property=\"og:image:type\" content=\"image\/jpeg\" \/>\n<meta name=\"author\" content=\"@sscc\" \/>\n<meta name=\"twitter:card\" content=\"summary_large_image\" \/>\n<meta name=\"twitter:creator\" content=\"@beatopeustaquio\" \/>\n<meta name=\"twitter:site\" content=\"@beatopeustaquio\" \/>\n<meta name=\"twitter:label1\" content=\"Written by\" \/>\n\t<meta name=\"twitter:data1\" content=\"@sscc\" \/>\n\t<meta name=\"twitter:label2\" content=\"Est. reading time\" \/>\n\t<meta name=\"twitter:data2\" content=\"2 minutes\" \/>\n<script type=\"application\/ld+json\" class=\"yoast-schema-graph\">{\"@context\":\"https:\/\/schema.org\",\"@graph\":[{\"@type\":\"Article\",\"@id\":\"https:\/\/www.padreeustaquio.com.br\/ir-edvaldo-carneiro-ss-cc-sera-ordenado-diacono-em-sao-paulo\/#article\",\"isPartOf\":{\"@id\":\"https:\/\/www.padreeustaquio.com.br\/ir-edvaldo-carneiro-ss-cc-sera-ordenado-diacono-em-sao-paulo\/\"},\"author\":{\"name\":\"@sscc\",\"@id\":\"https:\/\/www.padreeustaquio.com.br\/#\/schema\/person\/a2a51db1d00f1a7af0204a0f1ddb1566\"},\"headline\":\"Ir Edvaldo Carneiro, ss.cc. ser\u00e1 ordenado Di\u00e1cono em S\u00e3o Paulo\",\"datePublished\":\"2021-09-02T09:02:00+00:00\",\"mainEntityOfPage\":{\"@id\":\"https:\/\/www.padreeustaquio.com.br\/ir-edvaldo-carneiro-ss-cc-sera-ordenado-diacono-em-sao-paulo\/\"},\"wordCount\":321,\"commentCount\":0,\"publisher\":{\"@id\":\"https:\/\/www.padreeustaquio.com.br\/#organization\"},\"image\":{\"@id\":\"https:\/\/www.padreeustaquio.com.br\/ir-edvaldo-carneiro-ss-cc-sera-ordenado-diacono-em-sao-paulo\/#primaryimage\"},\"thumbnailUrl\":\"https:\/\/www.padreeustaquio.com.br\/wp-content\/uploads\/2021\/09\/Edvaldo.jpg\",\"articleSection\":[\"Not\u00edcias\"],\"inLanguage\":\"en-US\",\"potentialAction\":[{\"@type\":\"CommentAction\",\"name\":\"Comment\",\"target\":[\"https:\/\/www.padreeustaquio.com.br\/ir-edvaldo-carneiro-ss-cc-sera-ordenado-diacono-em-sao-paulo\/#respond\"]}]},{\"@type\":\"WebPage\",\"@id\":\"https:\/\/www.padreeustaquio.com.br\/ir-edvaldo-carneiro-ss-cc-sera-ordenado-diacono-em-sao-paulo\/\",\"url\":\"https:\/\/www.padreeustaquio.com.br\/ir-edvaldo-carneiro-ss-cc-sera-ordenado-diacono-em-sao-paulo\/\",\"name\":\"Ir Edvaldo Carneiro, ss.cc. ser\u00e1 ordenado Di\u00e1cono em S\u00e3o Paulo\",\"isPartOf\":{\"@id\":\"https:\/\/www.padreeustaquio.com.br\/#website\"},\"primaryImageOfPage\":{\"@id\":\"https:\/\/www.padreeustaquio.com.br\/ir-edvaldo-carneiro-ss-cc-sera-ordenado-diacono-em-sao-paulo\/#primaryimage\"},\"image\":{\"@id\":\"https:\/\/www.padreeustaquio.com.br\/ir-edvaldo-carneiro-ss-cc-sera-ordenado-diacono-em-sao-paulo\/#primaryimage\"},\"thumbnailUrl\":\"https:\/\/www.padreeustaquio.com.br\/wp-content\/uploads\/2021\/09\/Edvaldo.jpg\",\"datePublished\":\"2021-09-02T09:02:00+00:00\",\"description\":\"Edvaldo ser\u00e1 ordenado di\u00e1cono no pr\u00f3ximo s\u00e1bado, dia 04 de setembro. A cerim\u00f4nia ser\u00e1 presidida por Dom Luiz Carlos Dias, bispo auxiliar da Arquidiocese de S\u00e3o Paulo, \u00e0s 16h, na Par\u00f3quia Santo Em\u00eddio, na Vila Prudente, em S\u00e3o Paulo-SP.\",\"breadcrumb\":{\"@id\":\"https:\/\/www.padreeustaquio.com.br\/ir-edvaldo-carneiro-ss-cc-sera-ordenado-diacono-em-sao-paulo\/#breadcrumb\"},\"inLanguage\":\"en-US\",\"potentialAction\":[{\"@type\":\"ReadAction\",\"target\":[\"https:\/\/www.padreeustaquio.com.br\/ir-edvaldo-carneiro-ss-cc-sera-ordenado-diacono-em-sao-paulo\/\"]}]},{\"@type\":\"ImageObject\",\"inLanguage\":\"en-US\",\"@id\":\"https:\/\/www.padreeustaquio.com.br\/ir-edvaldo-carneiro-ss-cc-sera-ordenado-diacono-em-sao-paulo\/#primaryimage\",\"url\":\"https:\/\/www.padreeustaquio.com.br\/wp-content\/uploads\/2021\/09\/Edvaldo.jpg\",\"contentUrl\":\"https:\/\/www.padreeustaquio.com.br\/wp-content\/uploads\/2021\/09\/Edvaldo.jpg\",\"width\":748,\"height\":394},{\"@type\":\"BreadcrumbList\",\"@id\":\"https:\/\/www.padreeustaquio.com.br\/ir-edvaldo-carneiro-ss-cc-sera-ordenado-diacono-em-sao-paulo\/#breadcrumb\",\"itemListElement\":[{\"@type\":\"ListItem\",\"position\":1,\"name\":\"In\u00edcio\",\"item\":\"https:\/\/www.padreeustaquio.com.br\/\"},{\"@type\":\"ListItem\",\"position\":2,\"name\":\"Ir Edvaldo Carneiro, ss.cc. ser\u00e1 ordenado Di\u00e1cono em S\u00e3o Paulo\"}]},{\"@type\":\"WebSite\",\"@id\":\"https:\/\/www.padreeustaquio.com.br\/#website\",\"url\":\"https:\/\/www.padreeustaquio.com.br\/\",\"name\":\"Padre Eust\u00e1quio\",\"description\":\"Sa\u00fade e Paz\",\"publisher\":{\"@id\":\"https:\/\/www.padreeustaquio.com.br\/#organization\"},\"potentialAction\":[{\"@type\":\"SearchAction\",\"target\":{\"@type\":\"EntryPoint\",\"urlTemplate\":\"https:\/\/www.padreeustaquio.com.br\/?s={search_term_string}\"},\"query-input\":{\"@type\":\"PropertyValueSpecification\",\"valueRequired\":true,\"valueName\":\"search_term_string\"}}],\"inLanguage\":\"en-US\"},{\"@type\":\"Organization\",\"@id\":\"https:\/\/www.padreeustaquio.com.br\/#organization\",\"name\":\"Padre Eust\u00e1quio\",\"url\":\"https:\/\/www.padreeustaquio.com.br\/\",\"logo\":{\"@type\":\"ImageObject\",\"inLanguage\":\"en-US\",\"@id\":\"https:\/\/www.padreeustaquio.com.br\/#\/schema\/logo\/image\/\",\"url\":\"https:\/\/www.padreeustaquio.com.br\/wp-content\/uploads\/2019\/08\/marca.png\",\"contentUrl\":\"https:\/\/www.padreeustaquio.com.br\/wp-content\/uploads\/2019\/08\/marca.png\",\"width\":350,\"height\":400,\"caption\":\"Padre Eust\u00e1quio\"},\"image\":{\"@id\":\"https:\/\/www.padreeustaquio.com.br\/#\/schema\/logo\/image\/\"},\"sameAs\":[\"https:\/\/www.facebook.com\/beatopadreeustaquio\/\",\"https:\/\/x.com\/beatopeustaquio\",\"https:\/\/www.instagram.com\/beatopadreeustaquio\/\",\"https:\/\/www.youtube.com\/channel\/UCRhw7vfabnajwLxb1ZXMeIw\"]},{\"@type\":\"Person\",\"@id\":\"https:\/\/www.padreeustaquio.com.br\/#\/schema\/person\/a2a51db1d00f1a7af0204a0f1ddb1566\",\"name\":\"@sscc\",\"image\":{\"@type\":\"ImageObject\",\"inLanguage\":\"en-US\",\"@id\":\"https:\/\/secure.gravatar.com\/avatar\/68cfafa5f44617fea54071e215026e0ff06be366c3d54a8425f04fdcb86f8c5f?s=96&d=mm&r=g\",\"url\":\"https:\/\/secure.gravatar.com\/avatar\/68cfafa5f44617fea54071e215026e0ff06be366c3d54a8425f04fdcb86f8c5f?s=96&d=mm&r=g\",\"contentUrl\":\"https:\/\/secure.gravatar.com\/avatar\/68cfafa5f44617fea54071e215026e0ff06be366c3d54a8425f04fdcb86f8c5f?s=96&d=mm&r=g\",\"caption\":\"@sscc\"},\"url\":\"https:\/\/www.padreeustaquio.com.br\/en\/author\/sscc\/\"}]}<\/script>\n<!-- \/ Yoast SEO plugin. -->","yoast_head_json":{"title":"Brother Edvaldo Carneiro, ss.cc., will be ordained a Deacon in S\u00e3o Paulo.","description":"Edvaldo will be ordained a deacon next Saturday, September 4th. The ceremony will be presided over by Dom Luiz Carlos Dias, auxiliary bishop of the Archdiocese of S\u00e3o Paulo, at 4 PM, at the Santo Em\u00eddio Parish, in Vila Prudente, S\u00e3o Paulo-SP.","robots":{"index":"index","follow":"follow","max-snippet":"max-snippet:-1","max-image-preview":"max-image-preview:large","max-video-preview":"max-video-preview:-1"},"canonical":"https:\/\/www.padreeustaquio.com.br\/en\/brother-edvaldo-carneiro-ss-cc-will-be-ordained-a-deacon-in-sao-paulo\/","og_locale":"en_US","og_type":"article","og_title":"Ir Edvaldo Carneiro, ss.cc. ser\u00e1 ordenado Di\u00e1cono em S\u00e3o Paulo","og_description":"Edvaldo ser\u00e1 ordenado di\u00e1cono no pr\u00f3ximo s\u00e1bado, dia 04 de setembro. A cerim\u00f4nia ser\u00e1 presidida por Dom Luiz Carlos Dias, bispo auxiliar da Arquidiocese de S\u00e3o Paulo, \u00e0s 16h, na Par\u00f3quia Santo Em\u00eddio, na Vila Prudente, em S\u00e3o Paulo-SP.","og_url":"https:\/\/www.padreeustaquio.com.br\/en\/brother-edvaldo-carneiro-ss-cc-will-be-ordained-a-deacon-in-sao-paulo\/","og_site_name":"Padre Eust\u00e1quio","article_publisher":"https:\/\/www.facebook.com\/beatopadreeustaquio\/","article_published_time":"2021-09-02T09:02:00+00:00","og_image":[{"width":748,"height":394,"url":"https:\/\/www.padreeustaquio.com.br\/wp-content\/uploads\/2021\/09\/Edvaldo.jpg","type":"image\/jpeg"}],"author":"@sscc","twitter_card":"summary_large_image","twitter_creator":"@beatopeustaquio","twitter_site":"@beatopeustaquio","twitter_misc":{"Written by":"@sscc","Est. reading time":"2 minutes"},"schema":{"@context":"https:\/\/schema.org","@graph":[{"@type":"Article","@id":"https:\/\/www.padreeustaquio.com.br\/ir-edvaldo-carneiro-ss-cc-sera-ordenado-diacono-em-sao-paulo\/#article","isPartOf":{"@id":"https:\/\/www.padreeustaquio.com.br\/ir-edvaldo-carneiro-ss-cc-sera-ordenado-diacono-em-sao-paulo\/"},"author":{"name":"@sscc","@id":"https:\/\/www.padreeustaquio.com.br\/#\/schema\/person\/a2a51db1d00f1a7af0204a0f1ddb1566"},"headline":"Ir Edvaldo Carneiro, ss.cc. ser\u00e1 ordenado Di\u00e1cono em S\u00e3o Paulo","datePublished":"2021-09-02T09:02:00+00:00","mainEntityOfPage":{"@id":"https:\/\/www.padreeustaquio.com.br\/ir-edvaldo-carneiro-ss-cc-sera-ordenado-diacono-em-sao-paulo\/"},"wordCount":321,"commentCount":0,"publisher":{"@id":"https:\/\/www.padreeustaquio.com.br\/#organization"},"image":{"@id":"https:\/\/www.padreeustaquio.com.br\/ir-edvaldo-carneiro-ss-cc-sera-ordenado-diacono-em-sao-paulo\/#primaryimage"},"thumbnailUrl":"https:\/\/www.padreeustaquio.com.br\/wp-content\/uploads\/2021\/09\/Edvaldo.jpg","articleSection":["Not\u00edcias"],"inLanguage":"en-US","potentialAction":[{"@type":"CommentAction","name":"Comment","target":["https:\/\/www.padreeustaquio.com.br\/ir-edvaldo-carneiro-ss-cc-sera-ordenado-diacono-em-sao-paulo\/#respond"]}]},{"@type":"WebPage","@id":"https:\/\/www.padreeustaquio.com.br\/ir-edvaldo-carneiro-ss-cc-sera-ordenado-diacono-em-sao-paulo\/","url":"https:\/\/www.padreeustaquio.com.br\/ir-edvaldo-carneiro-ss-cc-sera-ordenado-diacono-em-sao-paulo\/","name":"Brother Edvaldo Carneiro, ss.cc., will be ordained a Deacon in S\u00e3o Paulo.","isPartOf":{"@id":"https:\/\/www.padreeustaquio.com.br\/#website"},"primaryImageOfPage":{"@id":"https:\/\/www.padreeustaquio.com.br\/ir-edvaldo-carneiro-ss-cc-sera-ordenado-diacono-em-sao-paulo\/#primaryimage"},"image":{"@id":"https:\/\/www.padreeustaquio.com.br\/ir-edvaldo-carneiro-ss-cc-sera-ordenado-diacono-em-sao-paulo\/#primaryimage"},"thumbnailUrl":"https:\/\/www.padreeustaquio.com.br\/wp-content\/uploads\/2021\/09\/Edvaldo.jpg","datePublished":"2021-09-02T09:02:00+00:00","description":"Edvaldo will be ordained a deacon next Saturday, September 4th. The ceremony will be presided over by Dom Luiz Carlos Dias, auxiliary bishop of the Archdiocese of S\u00e3o Paulo, at 4 PM, at the Santo Em\u00eddio Parish, in Vila Prudente, S\u00e3o Paulo-SP.","breadcrumb":{"@id":"https:\/\/www.padreeustaquio.com.br\/ir-edvaldo-carneiro-ss-cc-sera-ordenado-diacono-em-sao-paulo\/#breadcrumb"},"inLanguage":"en-US","potentialAction":[{"@type":"ReadAction","target":["https:\/\/www.padreeustaquio.com.br\/ir-edvaldo-carneiro-ss-cc-sera-ordenado-diacono-em-sao-paulo\/"]}]},{"@type":"ImageObject","inLanguage":"en-US","@id":"https:\/\/www.padreeustaquio.com.br\/ir-edvaldo-carneiro-ss-cc-sera-ordenado-diacono-em-sao-paulo\/#primaryimage","url":"https:\/\/www.padreeustaquio.com.br\/wp-content\/uploads\/2021\/09\/Edvaldo.jpg","contentUrl":"https:\/\/www.padreeustaquio.com.br\/wp-content\/uploads\/2021\/09\/Edvaldo.jpg","width":748,"height":394},{"@type":"BreadcrumbList","@id":"https:\/\/www.padreeustaquio.com.br\/ir-edvaldo-carneiro-ss-cc-sera-ordenado-diacono-em-sao-paulo\/#breadcrumb","itemListElement":[{"@type":"ListItem","position":1,"name":"In\u00edcio","item":"https:\/\/www.padreeustaquio.com.br\/"},{"@type":"ListItem","position":2,"name":"Ir Edvaldo Carneiro, ss.cc. ser\u00e1 ordenado Di\u00e1cono em S\u00e3o Paulo"}]},{"@type":"WebSite","@id":"https:\/\/www.padreeustaquio.com.br\/#website","url":"https:\/\/www.padreeustaquio.com.br\/","name":"FATHER EUST\u00c1QUIO","description":"Health and Peace","publisher":{"@id":"https:\/\/www.padreeustaquio.com.br\/#organization"},"potentialAction":[{"@type":"SearchAction","target":{"@type":"EntryPoint","urlTemplate":"https:\/\/www.padreeustaquio.com.br\/?s={search_term_string}"},"query-input":{"@type":"PropertyValueSpecification","valueRequired":true,"valueName":"search_term_string"}}],"inLanguage":"en-US"},{"@type":"Organization","@id":"https:\/\/www.padreeustaquio.com.br\/#organization","name":"FATHER EUST\u00c1QUIO","url":"https:\/\/www.padreeustaquio.com.br\/","logo":{"@type":"ImageObject","inLanguage":"en-US","@id":"https:\/\/www.padreeustaquio.com.br\/#\/schema\/logo\/image\/","url":"https:\/\/www.padreeustaquio.com.br\/wp-content\/uploads\/2019\/08\/marca.png","contentUrl":"https:\/\/www.padreeustaquio.com.br\/wp-content\/uploads\/2019\/08\/marca.png","width":350,"height":400,"caption":"Padre Eust\u00e1quio"},"image":{"@id":"https:\/\/www.padreeustaquio.com.br\/#\/schema\/logo\/image\/"},"sameAs":["https:\/\/www.facebook.com\/beatopadreeustaquio\/","https:\/\/x.com\/beatopeustaquio","https:\/\/www.instagram.com\/beatopadreeustaquio\/","https:\/\/www.youtube.com\/channel\/UCRhw7vfabnajwLxb1ZXMeIw"]},{"@type":"Person","@id":"https:\/\/www.padreeustaquio.com.br\/#\/schema\/person\/a2a51db1d00f1a7af0204a0f1ddb1566","name":"@sscc","image":{"@type":"ImageObject","inLanguage":"en-US","@id":"https:\/\/secure.gravatar.com\/avatar\/68cfafa5f44617fea54071e215026e0ff06be366c3d54a8425f04fdcb86f8c5f?s=96&d=mm&r=g","url":"https:\/\/secure.gravatar.com\/avatar\/68cfafa5f44617fea54071e215026e0ff06be366c3d54a8425f04fdcb86f8c5f?s=96&d=mm&r=g","contentUrl":"https:\/\/secure.gravatar.com\/avatar\/68cfafa5f44617fea54071e215026e0ff06be366c3d54a8425f04fdcb86f8c5f?s=96&d=mm&r=g","caption":"@sscc"},"url":"https:\/\/www.padreeustaquio.com.br\/en\/author\/sscc\/"}]}},"_links":{"self":[{"href":"https:\/\/www.padreeustaquio.com.br\/en\/wp-json\/wp\/v2\/posts\/6872","targetHints":{"allow":["GET"]}}],"collection":[{"href":"https:\/\/www.padreeustaquio.com.br\/en\/wp-json\/wp\/v2\/posts"}],"about":[{"href":"https:\/\/www.padreeustaquio.com.br\/en\/wp-json\/wp\/v2\/types\/post"}],"author":[{"embeddable":true,"href":"https:\/\/www.padreeustaquio.com.br\/en\/wp-json\/wp\/v2\/users\/2"}],"replies":[{"embeddable":true,"href":"https:\/\/www.padreeustaquio.com.br\/en\/wp-json\/wp\/v2\/comments?post=6872"}],"version-history":[{"count":0,"href":"https:\/\/www.padreeustaquio.com.br\/en\/wp-json\/wp\/v2\/posts\/6872\/revisions"}],"wp:featuredmedia":[{"embeddable":true,"href":"https:\/\/www.padreeustaquio.com.br\/en\/wp-json\/wp\/v2\/media\/6873"}],"wp:attachment":[{"href":"https:\/\/www.padreeustaquio.com.br\/en\/wp-json\/wp\/v2\/media?parent=6872"}],"wp:term":[{"taxonomy":"category","embeddable":true,"href":"https:\/\/www.padreeustaquio.com.br\/en\/wp-json\/wp\/v2\/categories?post=6872"},{"taxonomy":"post_tag","embeddable":true,"href":"https:\/\/www.padreeustaquio.com.br\/en\/wp-json\/wp\/v2\/tags?post=6872"}],"curies":[{"name":"wp","href":"https:\/\/api.w.org\/{rel}","templated":true}]}}