{"id":6869,"date":"2021-08-31T11:42:12","date_gmt":"2021-08-31T14:42:12","guid":{"rendered":"https:\/\/www.padreeustaquio.com.br\/?p=6869"},"modified":"2021-08-31T11:55:17","modified_gmt":"2021-08-31T14:55:17","slug":"emotional-devotees-visit-the-memorial-in-belo-horizonte-on-the-day-of-blessed-father-eustaquio","status":"publish","type":"post","link":"https:\/\/www.padreeustaquio.com.br\/en\/emotional-devotees-visit-the-memorial-in-belo-horizonte-on-the-day-of-blessed-father-eustaquio\/","title":{"rendered":"Emotional devotees visit the Memorial in Belo Horizonte on the day of Blessed Father Eust\u00e1quio."},"content":{"rendered":"<p>With all the necessary sanitary controls and precautions, thousands of devotees passed through the Sanctuary of Health and Peace, in the capital of Minas Gerais, this Monday (30). According to the organizers, during the 12 hours of visitation, around ten thousand devotees passed through the Memorial, where the mortal remains of the Blessed are located.<\/p>\n\n\n\n<p>The festivities in Belo Horizonte began at 6:00 AM with the celebration of Holy Mass, broadcast on the Padre Eust\u00e1quio Channel. Immediately afterward, the doors of the Sanctuary were opened to the faithful arriving from various parts of the country. Cida Oliveira came from Rio de Janeiro to give thanks for all the graces received through the intercession of Padre Eust\u00e1quio. From Belo Horizonte and the metropolitan region, thousands of people also paid homage to the Blessed. To accommodate everyone, a corridor with markings on the floor helped to delineate the space and maintain social distancing. At the entrance, temperature checks and hand and shoe sanitization were performed. Also present was the vice-mayor of Belo Horizonte, Fuad Noman. A devotee of Padre Eust\u00e1quio since childhood, Noman said he always visits the Sanctuary to give thanks for the countless graces received.<\/p>\n\n\n\n<p>At the Memorial, a votive candle stand was set up beneath the stained-glass windows so that each person could express their tribute. Upon leaving, priests of the Sacred Hearts sprinkled holy water on the devotees. Those who preferred not to get out of their cars could also receive a blessing in a kind of drive-thru set up in the square.<\/p>\n\n\n\n<p>At the end of the day, the closing Holy Mass, celebrated by Dom Walmor Oliveira de Azevedo, moved the brothers and sisters of the congregation and representatives of movements and pastoral groups who were invited to occupy the church pews. Millions of viewers were able to experience the closing of the celebration firsthand through the live broadcast on TV Pai Eterno.<\/p>\n\n\n\n<p><\/p>","protected":false},"excerpt":{"rendered":"<p>Com todo controle e cuidados sanit\u00e1rios, milhares de devotos passaram pelo Santu\u00e1rio da Sa\u00fade e da Paz, na capital mineira, essa segunda-feira (30). De acordo com os organizadores, durante as 12 horas de visita\u00e7\u00e3o, cerca de dez mil devotos passaram pelo Memorial, onde est\u00e3o os restos mortais do Beato. A festa em Belo Horizonte come\u00e7ou \u00e0s 6h com a celebra\u00e7\u00e3o da Santa Missa, transmitida pelo Canal Padre Eust\u00e1quio, logo em seguida, as portas do Santu\u00e1rio foram abertas para os fi\u00e9is que chegavam de diversas partes do pa\u00eds. Cida Oliveira, veio do Rio de Janeiro para agradecer todas as gra\u00e7as alcan\u00e7adas [&hellip;]<\/p>\n","protected":false},"author":2,"featured_media":6870,"comment_status":"open","ping_status":"closed","sticky":false,"template":"","format":"standard","meta":{"_acf_changed":false,"footnotes":""},"categories":[611],"tags":[],"class_list":["post-6869","post","type-post","status-publish","format-standard","has-post-thumbnail","hentry","category-noticias"],"acf":[],"yoast_head":"<!-- This site is optimized with the Yoast SEO plugin v27.2 - https:\/\/yoast.com\/product\/yoast-seo-wordpress\/ -->\n<title>Emocionados devotos visitam o Memorial em BH no dia do Beato Padre Eust\u00e1quio<\/title>\n<meta name=\"description\" content=\"De acordo com os organizadores, durante as 12 horas de visita\u00e7\u00e3o, cerca de dez mil devotos passaram pelo Memorial, onde est\u00e3o os restos mortais do Beato, com todo controle e cuidados sanit\u00e1rios.\" \/>\n<meta name=\"robots\" content=\"index, follow, max-snippet:-1, max-image-preview:large, max-video-preview:-1\" \/>\n<link rel=\"canonical\" href=\"https:\/\/www.padreeustaquio.com.br\/en\/emotional-devotees-visit-the-memorial-in-belo-horizonte-on-the-day-of-blessed-father-eustaquio\/\" \/>\n<meta property=\"og:locale\" content=\"en_US\" \/>\n<meta property=\"og:type\" content=\"article\" \/>\n<meta property=\"og:title\" content=\"Emocionados devotos visitam o Memorial em BH no dia do Beato Padre Eust\u00e1quio\" \/>\n<meta property=\"og:description\" content=\"De acordo com os organizadores, durante as 12 horas de visita\u00e7\u00e3o, cerca de dez mil devotos passaram pelo Memorial, onde est\u00e3o os restos mortais do Beato, com todo controle e cuidados sanit\u00e1rios.\" \/>\n<meta property=\"og:url\" content=\"https:\/\/www.padreeustaquio.com.br\/en\/emotional-devotees-visit-the-memorial-in-belo-horizonte-on-the-day-of-blessed-father-eustaquio\/\" \/>\n<meta property=\"og:site_name\" content=\"Padre Eust\u00e1quio\" \/>\n<meta property=\"article:publisher\" content=\"https:\/\/www.facebook.com\/beatopadreeustaquio\/\" \/>\n<meta property=\"article:published_time\" content=\"2021-08-31T14:42:12+00:00\" \/>\n<meta property=\"article:modified_time\" content=\"2021-08-31T14:55:17+00:00\" \/>\n<meta property=\"og:image\" content=\"https:\/\/www.padreeustaquio.com.br\/wp-content\/uploads\/2021\/08\/WhatsApp-Image-2021-08-31-at-11.13.37-e1630421543906.jpeg\" \/>\n\t<meta property=\"og:image:width\" content=\"1032\" \/>\n\t<meta property=\"og:image:height\" content=\"616\" \/>\n\t<meta property=\"og:image:type\" content=\"image\/jpeg\" \/>\n<meta name=\"author\" content=\"@sscc\" \/>\n<meta name=\"twitter:card\" content=\"summary_large_image\" \/>\n<meta name=\"twitter:creator\" content=\"@beatopeustaquio\" \/>\n<meta name=\"twitter:site\" content=\"@beatopeustaquio\" \/>\n<meta name=\"twitter:label1\" content=\"Written by\" \/>\n\t<meta name=\"twitter:data1\" content=\"@sscc\" \/>\n\t<meta name=\"twitter:label2\" content=\"Est. reading time\" \/>\n\t<meta name=\"twitter:data2\" content=\"2 minutes\" \/>\n<script type=\"application\/ld+json\" class=\"yoast-schema-graph\">{\"@context\":\"https:\/\/schema.org\",\"@graph\":[{\"@type\":\"Article\",\"@id\":\"https:\/\/www.padreeustaquio.com.br\/emocionados-devotos-visitam-o-memorial-em-bh-no-dia-do-beato-padre-eustaquio\/#article\",\"isPartOf\":{\"@id\":\"https:\/\/www.padreeustaquio.com.br\/emocionados-devotos-visitam-o-memorial-em-bh-no-dia-do-beato-padre-eustaquio\/\"},\"author\":{\"name\":\"@sscc\",\"@id\":\"https:\/\/www.padreeustaquio.com.br\/#\/schema\/person\/a2a51db1d00f1a7af0204a0f1ddb1566\"},\"headline\":\"Emocionados devotos visitam o Memorial em BH no dia do Beato Padre Eust\u00e1quio\",\"datePublished\":\"2021-08-31T14:42:12+00:00\",\"dateModified\":\"2021-08-31T14:55:17+00:00\",\"mainEntityOfPage\":{\"@id\":\"https:\/\/www.padreeustaquio.com.br\/emocionados-devotos-visitam-o-memorial-em-bh-no-dia-do-beato-padre-eustaquio\/\"},\"wordCount\":346,\"commentCount\":0,\"publisher\":{\"@id\":\"https:\/\/www.padreeustaquio.com.br\/#organization\"},\"image\":{\"@id\":\"https:\/\/www.padreeustaquio.com.br\/emocionados-devotos-visitam-o-memorial-em-bh-no-dia-do-beato-padre-eustaquio\/#primaryimage\"},\"thumbnailUrl\":\"https:\/\/www.padreeustaquio.com.br\/wp-content\/uploads\/2021\/08\/WhatsApp-Image-2021-08-31-at-11.13.37-e1630421543906.jpeg\",\"articleSection\":[\"Not\u00edcias\"],\"inLanguage\":\"en-US\",\"potentialAction\":[{\"@type\":\"CommentAction\",\"name\":\"Comment\",\"target\":[\"https:\/\/www.padreeustaquio.com.br\/emocionados-devotos-visitam-o-memorial-em-bh-no-dia-do-beato-padre-eustaquio\/#respond\"]}]},{\"@type\":\"WebPage\",\"@id\":\"https:\/\/www.padreeustaquio.com.br\/emocionados-devotos-visitam-o-memorial-em-bh-no-dia-do-beato-padre-eustaquio\/\",\"url\":\"https:\/\/www.padreeustaquio.com.br\/emocionados-devotos-visitam-o-memorial-em-bh-no-dia-do-beato-padre-eustaquio\/\",\"name\":\"Emocionados devotos visitam o Memorial em BH no dia do Beato Padre Eust\u00e1quio\",\"isPartOf\":{\"@id\":\"https:\/\/www.padreeustaquio.com.br\/#website\"},\"primaryImageOfPage\":{\"@id\":\"https:\/\/www.padreeustaquio.com.br\/emocionados-devotos-visitam-o-memorial-em-bh-no-dia-do-beato-padre-eustaquio\/#primaryimage\"},\"image\":{\"@id\":\"https:\/\/www.padreeustaquio.com.br\/emocionados-devotos-visitam-o-memorial-em-bh-no-dia-do-beato-padre-eustaquio\/#primaryimage\"},\"thumbnailUrl\":\"https:\/\/www.padreeustaquio.com.br\/wp-content\/uploads\/2021\/08\/WhatsApp-Image-2021-08-31-at-11.13.37-e1630421543906.jpeg\",\"datePublished\":\"2021-08-31T14:42:12+00:00\",\"dateModified\":\"2021-08-31T14:55:17+00:00\",\"description\":\"De acordo com os organizadores, durante as 12 horas de visita\u00e7\u00e3o, cerca de dez mil devotos passaram pelo Memorial, onde est\u00e3o os restos mortais do Beato, com todo controle e cuidados sanit\u00e1rios.\",\"breadcrumb\":{\"@id\":\"https:\/\/www.padreeustaquio.com.br\/emocionados-devotos-visitam-o-memorial-em-bh-no-dia-do-beato-padre-eustaquio\/#breadcrumb\"},\"inLanguage\":\"en-US\",\"potentialAction\":[{\"@type\":\"ReadAction\",\"target\":[\"https:\/\/www.padreeustaquio.com.br\/emocionados-devotos-visitam-o-memorial-em-bh-no-dia-do-beato-padre-eustaquio\/\"]}]},{\"@type\":\"ImageObject\",\"inLanguage\":\"en-US\",\"@id\":\"https:\/\/www.padreeustaquio.com.br\/emocionados-devotos-visitam-o-memorial-em-bh-no-dia-do-beato-padre-eustaquio\/#primaryimage\",\"url\":\"https:\/\/www.padreeustaquio.com.br\/wp-content\/uploads\/2021\/08\/WhatsApp-Image-2021-08-31-at-11.13.37-e1630421543906.jpeg\",\"contentUrl\":\"https:\/\/www.padreeustaquio.com.br\/wp-content\/uploads\/2021\/08\/WhatsApp-Image-2021-08-31-at-11.13.37-e1630421543906.jpeg\",\"width\":1032,\"height\":616},{\"@type\":\"BreadcrumbList\",\"@id\":\"https:\/\/www.padreeustaquio.com.br\/emocionados-devotos-visitam-o-memorial-em-bh-no-dia-do-beato-padre-eustaquio\/#breadcrumb\",\"itemListElement\":[{\"@type\":\"ListItem\",\"position\":1,\"name\":\"In\u00edcio\",\"item\":\"https:\/\/www.padreeustaquio.com.br\/\"},{\"@type\":\"ListItem\",\"position\":2,\"name\":\"Emocionados devotos visitam o Memorial em BH no dia do Beato Padre Eust\u00e1quio\"}]},{\"@type\":\"WebSite\",\"@id\":\"https:\/\/www.padreeustaquio.com.br\/#website\",\"url\":\"https:\/\/www.padreeustaquio.com.br\/\",\"name\":\"Padre Eust\u00e1quio\",\"description\":\"Sa\u00fade e Paz\",\"publisher\":{\"@id\":\"https:\/\/www.padreeustaquio.com.br\/#organization\"},\"potentialAction\":[{\"@type\":\"SearchAction\",\"target\":{\"@type\":\"EntryPoint\",\"urlTemplate\":\"https:\/\/www.padreeustaquio.com.br\/?s={search_term_string}\"},\"query-input\":{\"@type\":\"PropertyValueSpecification\",\"valueRequired\":true,\"valueName\":\"search_term_string\"}}],\"inLanguage\":\"en-US\"},{\"@type\":\"Organization\",\"@id\":\"https:\/\/www.padreeustaquio.com.br\/#organization\",\"name\":\"Padre Eust\u00e1quio\",\"url\":\"https:\/\/www.padreeustaquio.com.br\/\",\"logo\":{\"@type\":\"ImageObject\",\"inLanguage\":\"en-US\",\"@id\":\"https:\/\/www.padreeustaquio.com.br\/#\/schema\/logo\/image\/\",\"url\":\"https:\/\/www.padreeustaquio.com.br\/wp-content\/uploads\/2019\/08\/marca.png\",\"contentUrl\":\"https:\/\/www.padreeustaquio.com.br\/wp-content\/uploads\/2019\/08\/marca.png\",\"width\":350,\"height\":400,\"caption\":\"Padre Eust\u00e1quio\"},\"image\":{\"@id\":\"https:\/\/www.padreeustaquio.com.br\/#\/schema\/logo\/image\/\"},\"sameAs\":[\"https:\/\/www.facebook.com\/beatopadreeustaquio\/\",\"https:\/\/x.com\/beatopeustaquio\",\"https:\/\/www.instagram.com\/beatopadreeustaquio\/\",\"https:\/\/www.youtube.com\/channel\/UCRhw7vfabnajwLxb1ZXMeIw\"]},{\"@type\":\"Person\",\"@id\":\"https:\/\/www.padreeustaquio.com.br\/#\/schema\/person\/a2a51db1d00f1a7af0204a0f1ddb1566\",\"name\":\"@sscc\",\"image\":{\"@type\":\"ImageObject\",\"inLanguage\":\"en-US\",\"@id\":\"https:\/\/secure.gravatar.com\/avatar\/68cfafa5f44617fea54071e215026e0ff06be366c3d54a8425f04fdcb86f8c5f?s=96&d=mm&r=g\",\"url\":\"https:\/\/secure.gravatar.com\/avatar\/68cfafa5f44617fea54071e215026e0ff06be366c3d54a8425f04fdcb86f8c5f?s=96&d=mm&r=g\",\"contentUrl\":\"https:\/\/secure.gravatar.com\/avatar\/68cfafa5f44617fea54071e215026e0ff06be366c3d54a8425f04fdcb86f8c5f?s=96&d=mm&r=g\",\"caption\":\"@sscc\"},\"url\":\"https:\/\/www.padreeustaquio.com.br\/en\/author\/sscc\/\"}]}<\/script>\n<!-- \/ Yoast SEO plugin. -->","yoast_head_json":{"title":"Emotional devotees visit the Memorial in Belo Horizonte on the day of Blessed Father Eust\u00e1quio.","description":"According to the organizers, during the 12 hours of visitation, approximately ten thousand devotees passed through the Memorial, where the mortal remains of the Blessed One are located, with all necessary sanitary controls and precautions in place.","robots":{"index":"index","follow":"follow","max-snippet":"max-snippet:-1","max-image-preview":"max-image-preview:large","max-video-preview":"max-video-preview:-1"},"canonical":"https:\/\/www.padreeustaquio.com.br\/en\/emotional-devotees-visit-the-memorial-in-belo-horizonte-on-the-day-of-blessed-father-eustaquio\/","og_locale":"en_US","og_type":"article","og_title":"Emocionados devotos visitam o Memorial em BH no dia do Beato Padre Eust\u00e1quio","og_description":"De acordo com os organizadores, durante as 12 horas de visita\u00e7\u00e3o, cerca de dez mil devotos passaram pelo Memorial, onde est\u00e3o os restos mortais do Beato, com todo controle e cuidados sanit\u00e1rios.","og_url":"https:\/\/www.padreeustaquio.com.br\/en\/emotional-devotees-visit-the-memorial-in-belo-horizonte-on-the-day-of-blessed-father-eustaquio\/","og_site_name":"Padre Eust\u00e1quio","article_publisher":"https:\/\/www.facebook.com\/beatopadreeustaquio\/","article_published_time":"2021-08-31T14:42:12+00:00","article_modified_time":"2021-08-31T14:55:17+00:00","og_image":[{"width":1032,"height":616,"url":"https:\/\/www.padreeustaquio.com.br\/wp-content\/uploads\/2021\/08\/WhatsApp-Image-2021-08-31-at-11.13.37-e1630421543906.jpeg","type":"image\/jpeg"}],"author":"@sscc","twitter_card":"summary_large_image","twitter_creator":"@beatopeustaquio","twitter_site":"@beatopeustaquio","twitter_misc":{"Written by":"@sscc","Est. reading time":"2 minutes"},"schema":{"@context":"https:\/\/schema.org","@graph":[{"@type":"Article","@id":"https:\/\/www.padreeustaquio.com.br\/emocionados-devotos-visitam-o-memorial-em-bh-no-dia-do-beato-padre-eustaquio\/#article","isPartOf":{"@id":"https:\/\/www.padreeustaquio.com.br\/emocionados-devotos-visitam-o-memorial-em-bh-no-dia-do-beato-padre-eustaquio\/"},"author":{"name":"@sscc","@id":"https:\/\/www.padreeustaquio.com.br\/#\/schema\/person\/a2a51db1d00f1a7af0204a0f1ddb1566"},"headline":"Emocionados devotos visitam o Memorial em BH no dia do Beato Padre Eust\u00e1quio","datePublished":"2021-08-31T14:42:12+00:00","dateModified":"2021-08-31T14:55:17+00:00","mainEntityOfPage":{"@id":"https:\/\/www.padreeustaquio.com.br\/emocionados-devotos-visitam-o-memorial-em-bh-no-dia-do-beato-padre-eustaquio\/"},"wordCount":346,"commentCount":0,"publisher":{"@id":"https:\/\/www.padreeustaquio.com.br\/#organization"},"image":{"@id":"https:\/\/www.padreeustaquio.com.br\/emocionados-devotos-visitam-o-memorial-em-bh-no-dia-do-beato-padre-eustaquio\/#primaryimage"},"thumbnailUrl":"https:\/\/www.padreeustaquio.com.br\/wp-content\/uploads\/2021\/08\/WhatsApp-Image-2021-08-31-at-11.13.37-e1630421543906.jpeg","articleSection":["Not\u00edcias"],"inLanguage":"en-US","potentialAction":[{"@type":"CommentAction","name":"Comment","target":["https:\/\/www.padreeustaquio.com.br\/emocionados-devotos-visitam-o-memorial-em-bh-no-dia-do-beato-padre-eustaquio\/#respond"]}]},{"@type":"WebPage","@id":"https:\/\/www.padreeustaquio.com.br\/emocionados-devotos-visitam-o-memorial-em-bh-no-dia-do-beato-padre-eustaquio\/","url":"https:\/\/www.padreeustaquio.com.br\/emocionados-devotos-visitam-o-memorial-em-bh-no-dia-do-beato-padre-eustaquio\/","name":"Emotional devotees visit the Memorial in Belo Horizonte on the day of Blessed Father Eust\u00e1quio.","isPartOf":{"@id":"https:\/\/www.padreeustaquio.com.br\/#website"},"primaryImageOfPage":{"@id":"https:\/\/www.padreeustaquio.com.br\/emocionados-devotos-visitam-o-memorial-em-bh-no-dia-do-beato-padre-eustaquio\/#primaryimage"},"image":{"@id":"https:\/\/www.padreeustaquio.com.br\/emocionados-devotos-visitam-o-memorial-em-bh-no-dia-do-beato-padre-eustaquio\/#primaryimage"},"thumbnailUrl":"https:\/\/www.padreeustaquio.com.br\/wp-content\/uploads\/2021\/08\/WhatsApp-Image-2021-08-31-at-11.13.37-e1630421543906.jpeg","datePublished":"2021-08-31T14:42:12+00:00","dateModified":"2021-08-31T14:55:17+00:00","description":"According to the organizers, during the 12 hours of visitation, approximately ten thousand devotees passed through the Memorial, where the mortal remains of the Blessed One are located, with all necessary sanitary controls and precautions in place.","breadcrumb":{"@id":"https:\/\/www.padreeustaquio.com.br\/emocionados-devotos-visitam-o-memorial-em-bh-no-dia-do-beato-padre-eustaquio\/#breadcrumb"},"inLanguage":"en-US","potentialAction":[{"@type":"ReadAction","target":["https:\/\/www.padreeustaquio.com.br\/emocionados-devotos-visitam-o-memorial-em-bh-no-dia-do-beato-padre-eustaquio\/"]}]},{"@type":"ImageObject","inLanguage":"en-US","@id":"https:\/\/www.padreeustaquio.com.br\/emocionados-devotos-visitam-o-memorial-em-bh-no-dia-do-beato-padre-eustaquio\/#primaryimage","url":"https:\/\/www.padreeustaquio.com.br\/wp-content\/uploads\/2021\/08\/WhatsApp-Image-2021-08-31-at-11.13.37-e1630421543906.jpeg","contentUrl":"https:\/\/www.padreeustaquio.com.br\/wp-content\/uploads\/2021\/08\/WhatsApp-Image-2021-08-31-at-11.13.37-e1630421543906.jpeg","width":1032,"height":616},{"@type":"BreadcrumbList","@id":"https:\/\/www.padreeustaquio.com.br\/emocionados-devotos-visitam-o-memorial-em-bh-no-dia-do-beato-padre-eustaquio\/#breadcrumb","itemListElement":[{"@type":"ListItem","position":1,"name":"In\u00edcio","item":"https:\/\/www.padreeustaquio.com.br\/"},{"@type":"ListItem","position":2,"name":"Emocionados devotos visitam o Memorial em BH no dia do Beato Padre Eust\u00e1quio"}]},{"@type":"WebSite","@id":"https:\/\/www.padreeustaquio.com.br\/#website","url":"https:\/\/www.padreeustaquio.com.br\/","name":"FATHER EUST\u00c1QUIO","description":"Health and Peace","publisher":{"@id":"https:\/\/www.padreeustaquio.com.br\/#organization"},"potentialAction":[{"@type":"SearchAction","target":{"@type":"EntryPoint","urlTemplate":"https:\/\/www.padreeustaquio.com.br\/?s={search_term_string}"},"query-input":{"@type":"PropertyValueSpecification","valueRequired":true,"valueName":"search_term_string"}}],"inLanguage":"en-US"},{"@type":"Organization","@id":"https:\/\/www.padreeustaquio.com.br\/#organization","name":"FATHER EUST\u00c1QUIO","url":"https:\/\/www.padreeustaquio.com.br\/","logo":{"@type":"ImageObject","inLanguage":"en-US","@id":"https:\/\/www.padreeustaquio.com.br\/#\/schema\/logo\/image\/","url":"https:\/\/www.padreeustaquio.com.br\/wp-content\/uploads\/2019\/08\/marca.png","contentUrl":"https:\/\/www.padreeustaquio.com.br\/wp-content\/uploads\/2019\/08\/marca.png","width":350,"height":400,"caption":"Padre Eust\u00e1quio"},"image":{"@id":"https:\/\/www.padreeustaquio.com.br\/#\/schema\/logo\/image\/"},"sameAs":["https:\/\/www.facebook.com\/beatopadreeustaquio\/","https:\/\/x.com\/beatopeustaquio","https:\/\/www.instagram.com\/beatopadreeustaquio\/","https:\/\/www.youtube.com\/channel\/UCRhw7vfabnajwLxb1ZXMeIw"]},{"@type":"Person","@id":"https:\/\/www.padreeustaquio.com.br\/#\/schema\/person\/a2a51db1d00f1a7af0204a0f1ddb1566","name":"@sscc","image":{"@type":"ImageObject","inLanguage":"en-US","@id":"https:\/\/secure.gravatar.com\/avatar\/68cfafa5f44617fea54071e215026e0ff06be366c3d54a8425f04fdcb86f8c5f?s=96&d=mm&r=g","url":"https:\/\/secure.gravatar.com\/avatar\/68cfafa5f44617fea54071e215026e0ff06be366c3d54a8425f04fdcb86f8c5f?s=96&d=mm&r=g","contentUrl":"https:\/\/secure.gravatar.com\/avatar\/68cfafa5f44617fea54071e215026e0ff06be366c3d54a8425f04fdcb86f8c5f?s=96&d=mm&r=g","caption":"@sscc"},"url":"https:\/\/www.padreeustaquio.com.br\/en\/author\/sscc\/"}]}},"_links":{"self":[{"href":"https:\/\/www.padreeustaquio.com.br\/en\/wp-json\/wp\/v2\/posts\/6869","targetHints":{"allow":["GET"]}}],"collection":[{"href":"https:\/\/www.padreeustaquio.com.br\/en\/wp-json\/wp\/v2\/posts"}],"about":[{"href":"https:\/\/www.padreeustaquio.com.br\/en\/wp-json\/wp\/v2\/types\/post"}],"author":[{"embeddable":true,"href":"https:\/\/www.padreeustaquio.com.br\/en\/wp-json\/wp\/v2\/users\/2"}],"replies":[{"embeddable":true,"href":"https:\/\/www.padreeustaquio.com.br\/en\/wp-json\/wp\/v2\/comments?post=6869"}],"version-history":[{"count":0,"href":"https:\/\/www.padreeustaquio.com.br\/en\/wp-json\/wp\/v2\/posts\/6869\/revisions"}],"wp:featuredmedia":[{"embeddable":true,"href":"https:\/\/www.padreeustaquio.com.br\/en\/wp-json\/wp\/v2\/media\/6870"}],"wp:attachment":[{"href":"https:\/\/www.padreeustaquio.com.br\/en\/wp-json\/wp\/v2\/media?parent=6869"}],"wp:term":[{"taxonomy":"category","embeddable":true,"href":"https:\/\/www.padreeustaquio.com.br\/en\/wp-json\/wp\/v2\/categories?post=6869"},{"taxonomy":"post_tag","embeddable":true,"href":"https:\/\/www.padreeustaquio.com.br\/en\/wp-json\/wp\/v2\/tags?post=6869"}],"curies":[{"name":"wp","href":"https:\/\/api.w.org\/{rel}","templated":true}]}}