{"id":6809,"date":"2021-08-30T07:50:36","date_gmt":"2021-08-30T10:50:36","guid":{"rendered":"https:\/\/www.padreeustaquio.com.br\/?p=6809"},"modified":"2021-08-30T07:50:38","modified_gmt":"2021-08-30T10:50:38","slug":"the-church-celebrates-today-the-memory-of-blessed-father-eustace","status":"publish","type":"post","link":"https:\/\/www.padreeustaquio.com.br\/en\/the-church-celebrates-today-the-memory-of-blessed-father-eustace\/","title":{"rendered":"The Church celebrates today the memory of Blessed Father Eustace."},"content":{"rendered":"<p>It was on August 30th, at the Alberto Cavalcantti Hospital (formerly the Minas Gerais Sanatorium), in Belo Horizonte, that Father Eust\u00e1quio left this world to live with the Father. It is on the day of his Easter that the Church celebrates the memory of a Saint or Blessed, his entry into heaven, and therefore, today we remember the missionary of Health and Peace.<\/p>\n\n\n\n<p>Throughout the day, the Sanctuary in Belo Horizonte will be open for visitation. From 7 am to 7 pm, the faithful can visit the Memorial, where the mortal remains of the Blessed One are located, and offer prayers at the Sanctuary, which is in the capital of Minas Gerais. All visitation is controlled by sanitary protocols due to the Covid-19 pandemic.<\/p>\n\n\n\n<p>A wide range of programming is being broadcast online through the Padre Eust\u00e1quio Channel. Priests, religious and lay people express their devotion to the Blessed One through prayers, rosaries, masses and testimonies of graces received.<\/p>\n\n\n\n<p>At 7 PM there will be a Mass to conclude Father Eust\u00e1quio Day. It will be celebrated by the Metropolitan Archbishop of Belo Horizonte, Dom Walmor Oliveira de Azevedo, who is also the president of the CNBB (National Conference of Brazilian Bishops). The celebration will be broadcast on the Padre Eust\u00e1quio Channel on YouTube and on TV Pai Eterno throughout Brazil.<\/p>\n\n\n\n<p>If you are near the Sanctuary or a parish or community that celebrates Father Eust\u00e1quio, be sure to participate, but if you are far away, follow along with our virtual program.<\/p>","protected":false},"excerpt":{"rendered":"<p>Foi no dia 30 de agosto, no Hospital Alberto Cavalcantti (antigo Sanat\u00f3rio Minas Gerais), em Belo Horizonte, que Padre Eust\u00e1quio deixou este mundo para viver junto do Pai. \u00c9 no dia da sua p\u00e1scoa que a Igreja celebra a mem\u00f3ria de um Santo ou Bem-Aventurado, \u00e9 sua entrada no c\u00e9u e, por isso, hoje fazemos mem\u00f3ria ao mission\u00e1rio da Sa\u00fade e da Paz. Ao longo do dia, o Santu\u00e1rio em Belo Horizonte, estar\u00e1 aberto para visita\u00e7\u00e3o. Das 7h \u00e0s 19h os fi\u00e9is poder\u00e3o visitar o Memorial, onde est\u00e3o os restos mortais do Beato e fazer ora\u00e7\u00f5es no Santu\u00e1rio, que fica [&hellip;]<\/p>\n","protected":false},"author":2,"featured_media":6810,"comment_status":"open","ping_status":"closed","sticky":false,"template":"","format":"standard","meta":{"_acf_changed":false,"footnotes":""},"categories":[611],"tags":[],"class_list":["post-6809","post","type-post","status-publish","format-standard","has-post-thumbnail","hentry","category-noticias"],"acf":[],"yoast_head":"<!-- This site is optimized with the Yoast SEO plugin v27.2 - https:\/\/yoast.com\/product\/yoast-seo-wordpress\/ -->\n<title>Igreja celebra hoje a mem\u00f3ria do Beato Padre Eust\u00e1quio<\/title>\n<meta name=\"description\" content=\"Foi no dia 30 de agosto, no Hospital Alberto Cavalcantti (antigo Sanat\u00f3rio Minas Gerais), em Belo Horizonte, que Padre Eust\u00e1quio deixou este mundo para viver junto do Pai. \u00c9 no dia da sua p\u00e1scoa que a Igreja celebra a mem\u00f3ria de um Santo ou Bem-Aventurado, \u00e9 sua entrada no c\u00e9u e, por isso, hoje fazemos mem\u00f3ria ao mission\u00e1rio da Sa\u00fade e da Paz.\" \/>\n<meta name=\"robots\" content=\"index, follow, max-snippet:-1, max-image-preview:large, max-video-preview:-1\" \/>\n<link rel=\"canonical\" href=\"https:\/\/www.padreeustaquio.com.br\/en\/the-church-celebrates-today-the-memory-of-blessed-father-eustace\/\" \/>\n<meta property=\"og:locale\" content=\"en_US\" \/>\n<meta property=\"og:type\" content=\"article\" \/>\n<meta property=\"og:title\" content=\"Igreja celebra hoje a mem\u00f3ria do Beato Padre Eust\u00e1quio\" \/>\n<meta property=\"og:description\" content=\"Foi no dia 30 de agosto, no Hospital Alberto Cavalcantti (antigo Sanat\u00f3rio Minas Gerais), em Belo Horizonte, que Padre Eust\u00e1quio deixou este mundo para viver junto do Pai. \u00c9 no dia da sua p\u00e1scoa que a Igreja celebra a mem\u00f3ria de um Santo ou Bem-Aventurado, \u00e9 sua entrada no c\u00e9u e, por isso, hoje fazemos mem\u00f3ria ao mission\u00e1rio da Sa\u00fade e da Paz.\" \/>\n<meta property=\"og:url\" content=\"https:\/\/www.padreeustaquio.com.br\/en\/the-church-celebrates-today-the-memory-of-blessed-father-eustace\/\" \/>\n<meta property=\"og:site_name\" content=\"Padre Eust\u00e1quio\" \/>\n<meta property=\"article:publisher\" content=\"https:\/\/www.facebook.com\/beatopadreeustaquio\/\" \/>\n<meta property=\"article:published_time\" content=\"2021-08-30T10:50:36+00:00\" \/>\n<meta property=\"article:modified_time\" content=\"2021-08-30T10:50:38+00:00\" \/>\n<meta property=\"og:image\" content=\"https:\/\/www.padreeustaquio.com.br\/wp-content\/uploads\/2021\/08\/30-Programa.jpeg\" \/>\n\t<meta property=\"og:image:width\" content=\"1280\" \/>\n\t<meta property=\"og:image:height\" content=\"720\" \/>\n\t<meta property=\"og:image:type\" content=\"image\/jpeg\" \/>\n<meta name=\"author\" content=\"@sscc\" \/>\n<meta name=\"twitter:card\" content=\"summary_large_image\" \/>\n<meta name=\"twitter:creator\" content=\"@beatopeustaquio\" \/>\n<meta name=\"twitter:site\" content=\"@beatopeustaquio\" \/>\n<meta name=\"twitter:label1\" content=\"Written by\" \/>\n\t<meta name=\"twitter:data1\" content=\"@sscc\" \/>\n\t<meta name=\"twitter:label2\" content=\"Est. reading time\" \/>\n\t<meta name=\"twitter:data2\" content=\"2 minutes\" \/>\n<script type=\"application\/ld+json\" class=\"yoast-schema-graph\">{\"@context\":\"https:\/\/schema.org\",\"@graph\":[{\"@type\":\"Article\",\"@id\":\"https:\/\/www.padreeustaquio.com.br\/igreja-celebra-hoje-a-memoria-do-beato-padre-eustaquio\/#article\",\"isPartOf\":{\"@id\":\"https:\/\/www.padreeustaquio.com.br\/igreja-celebra-hoje-a-memoria-do-beato-padre-eustaquio\/\"},\"author\":{\"name\":\"@sscc\",\"@id\":\"https:\/\/www.padreeustaquio.com.br\/#\/schema\/person\/a2a51db1d00f1a7af0204a0f1ddb1566\"},\"headline\":\"Igreja celebra hoje a mem\u00f3ria do Beato Padre Eust\u00e1quio\",\"datePublished\":\"2021-08-30T10:50:36+00:00\",\"dateModified\":\"2021-08-30T10:50:38+00:00\",\"mainEntityOfPage\":{\"@id\":\"https:\/\/www.padreeustaquio.com.br\/igreja-celebra-hoje-a-memoria-do-beato-padre-eustaquio\/\"},\"wordCount\":268,\"commentCount\":0,\"publisher\":{\"@id\":\"https:\/\/www.padreeustaquio.com.br\/#organization\"},\"image\":{\"@id\":\"https:\/\/www.padreeustaquio.com.br\/igreja-celebra-hoje-a-memoria-do-beato-padre-eustaquio\/#primaryimage\"},\"thumbnailUrl\":\"https:\/\/www.padreeustaquio.com.br\/wp-content\/uploads\/2021\/08\/30-Programa.jpeg\",\"articleSection\":[\"Not\u00edcias\"],\"inLanguage\":\"en-US\",\"potentialAction\":[{\"@type\":\"CommentAction\",\"name\":\"Comment\",\"target\":[\"https:\/\/www.padreeustaquio.com.br\/igreja-celebra-hoje-a-memoria-do-beato-padre-eustaquio\/#respond\"]}]},{\"@type\":\"WebPage\",\"@id\":\"https:\/\/www.padreeustaquio.com.br\/igreja-celebra-hoje-a-memoria-do-beato-padre-eustaquio\/\",\"url\":\"https:\/\/www.padreeustaquio.com.br\/igreja-celebra-hoje-a-memoria-do-beato-padre-eustaquio\/\",\"name\":\"Igreja celebra hoje a mem\u00f3ria do Beato Padre Eust\u00e1quio\",\"isPartOf\":{\"@id\":\"https:\/\/www.padreeustaquio.com.br\/#website\"},\"primaryImageOfPage\":{\"@id\":\"https:\/\/www.padreeustaquio.com.br\/igreja-celebra-hoje-a-memoria-do-beato-padre-eustaquio\/#primaryimage\"},\"image\":{\"@id\":\"https:\/\/www.padreeustaquio.com.br\/igreja-celebra-hoje-a-memoria-do-beato-padre-eustaquio\/#primaryimage\"},\"thumbnailUrl\":\"https:\/\/www.padreeustaquio.com.br\/wp-content\/uploads\/2021\/08\/30-Programa.jpeg\",\"datePublished\":\"2021-08-30T10:50:36+00:00\",\"dateModified\":\"2021-08-30T10:50:38+00:00\",\"description\":\"Foi no dia 30 de agosto, no Hospital Alberto Cavalcantti (antigo Sanat\u00f3rio Minas Gerais), em Belo Horizonte, que Padre Eust\u00e1quio deixou este mundo para viver junto do Pai. \u00c9 no dia da sua p\u00e1scoa que a Igreja celebra a mem\u00f3ria de um Santo ou Bem-Aventurado, \u00e9 sua entrada no c\u00e9u e, por isso, hoje fazemos mem\u00f3ria ao mission\u00e1rio da Sa\u00fade e da Paz.\",\"breadcrumb\":{\"@id\":\"https:\/\/www.padreeustaquio.com.br\/igreja-celebra-hoje-a-memoria-do-beato-padre-eustaquio\/#breadcrumb\"},\"inLanguage\":\"en-US\",\"potentialAction\":[{\"@type\":\"ReadAction\",\"target\":[\"https:\/\/www.padreeustaquio.com.br\/igreja-celebra-hoje-a-memoria-do-beato-padre-eustaquio\/\"]}]},{\"@type\":\"ImageObject\",\"inLanguage\":\"en-US\",\"@id\":\"https:\/\/www.padreeustaquio.com.br\/igreja-celebra-hoje-a-memoria-do-beato-padre-eustaquio\/#primaryimage\",\"url\":\"https:\/\/www.padreeustaquio.com.br\/wp-content\/uploads\/2021\/08\/30-Programa.jpeg\",\"contentUrl\":\"https:\/\/www.padreeustaquio.com.br\/wp-content\/uploads\/2021\/08\/30-Programa.jpeg\",\"width\":1280,\"height\":720},{\"@type\":\"BreadcrumbList\",\"@id\":\"https:\/\/www.padreeustaquio.com.br\/igreja-celebra-hoje-a-memoria-do-beato-padre-eustaquio\/#breadcrumb\",\"itemListElement\":[{\"@type\":\"ListItem\",\"position\":1,\"name\":\"In\u00edcio\",\"item\":\"https:\/\/www.padreeustaquio.com.br\/\"},{\"@type\":\"ListItem\",\"position\":2,\"name\":\"Igreja celebra hoje a mem\u00f3ria do Beato Padre Eust\u00e1quio\"}]},{\"@type\":\"WebSite\",\"@id\":\"https:\/\/www.padreeustaquio.com.br\/#website\",\"url\":\"https:\/\/www.padreeustaquio.com.br\/\",\"name\":\"Padre Eust\u00e1quio\",\"description\":\"Sa\u00fade e Paz\",\"publisher\":{\"@id\":\"https:\/\/www.padreeustaquio.com.br\/#organization\"},\"potentialAction\":[{\"@type\":\"SearchAction\",\"target\":{\"@type\":\"EntryPoint\",\"urlTemplate\":\"https:\/\/www.padreeustaquio.com.br\/?s={search_term_string}\"},\"query-input\":{\"@type\":\"PropertyValueSpecification\",\"valueRequired\":true,\"valueName\":\"search_term_string\"}}],\"inLanguage\":\"en-US\"},{\"@type\":\"Organization\",\"@id\":\"https:\/\/www.padreeustaquio.com.br\/#organization\",\"name\":\"Padre Eust\u00e1quio\",\"url\":\"https:\/\/www.padreeustaquio.com.br\/\",\"logo\":{\"@type\":\"ImageObject\",\"inLanguage\":\"en-US\",\"@id\":\"https:\/\/www.padreeustaquio.com.br\/#\/schema\/logo\/image\/\",\"url\":\"https:\/\/www.padreeustaquio.com.br\/wp-content\/uploads\/2019\/08\/marca.png\",\"contentUrl\":\"https:\/\/www.padreeustaquio.com.br\/wp-content\/uploads\/2019\/08\/marca.png\",\"width\":350,\"height\":400,\"caption\":\"Padre Eust\u00e1quio\"},\"image\":{\"@id\":\"https:\/\/www.padreeustaquio.com.br\/#\/schema\/logo\/image\/\"},\"sameAs\":[\"https:\/\/www.facebook.com\/beatopadreeustaquio\/\",\"https:\/\/x.com\/beatopeustaquio\",\"https:\/\/www.instagram.com\/beatopadreeustaquio\/\",\"https:\/\/www.youtube.com\/channel\/UCRhw7vfabnajwLxb1ZXMeIw\"]},{\"@type\":\"Person\",\"@id\":\"https:\/\/www.padreeustaquio.com.br\/#\/schema\/person\/a2a51db1d00f1a7af0204a0f1ddb1566\",\"name\":\"@sscc\",\"image\":{\"@type\":\"ImageObject\",\"inLanguage\":\"en-US\",\"@id\":\"https:\/\/secure.gravatar.com\/avatar\/68cfafa5f44617fea54071e215026e0ff06be366c3d54a8425f04fdcb86f8c5f?s=96&d=mm&r=g\",\"url\":\"https:\/\/secure.gravatar.com\/avatar\/68cfafa5f44617fea54071e215026e0ff06be366c3d54a8425f04fdcb86f8c5f?s=96&d=mm&r=g\",\"contentUrl\":\"https:\/\/secure.gravatar.com\/avatar\/68cfafa5f44617fea54071e215026e0ff06be366c3d54a8425f04fdcb86f8c5f?s=96&d=mm&r=g\",\"caption\":\"@sscc\"},\"url\":\"https:\/\/www.padreeustaquio.com.br\/en\/author\/sscc\/\"}]}<\/script>\n<!-- \/ Yoast SEO plugin. -->","yoast_head_json":{"title":"The Church celebrates today the memory of Blessed Father Eustace.","description":"It was on August 30th, at the Alberto Cavalcantti Hospital (formerly the Minas Gerais Sanatorium), in Belo Horizonte, that Father Eust\u00e1quio left this world to live with the Father. It is on the day of his Easter that the Church celebrates the memory of a Saint or Blessed, his entry into heaven, and therefore, today we remember the missionary of Health and Peace.","robots":{"index":"index","follow":"follow","max-snippet":"max-snippet:-1","max-image-preview":"max-image-preview:large","max-video-preview":"max-video-preview:-1"},"canonical":"https:\/\/www.padreeustaquio.com.br\/en\/the-church-celebrates-today-the-memory-of-blessed-father-eustace\/","og_locale":"en_US","og_type":"article","og_title":"Igreja celebra hoje a mem\u00f3ria do Beato Padre Eust\u00e1quio","og_description":"Foi no dia 30 de agosto, no Hospital Alberto Cavalcantti (antigo Sanat\u00f3rio Minas Gerais), em Belo Horizonte, que Padre Eust\u00e1quio deixou este mundo para viver junto do Pai. \u00c9 no dia da sua p\u00e1scoa que a Igreja celebra a mem\u00f3ria de um Santo ou Bem-Aventurado, \u00e9 sua entrada no c\u00e9u e, por isso, hoje fazemos mem\u00f3ria ao mission\u00e1rio da Sa\u00fade e da Paz.","og_url":"https:\/\/www.padreeustaquio.com.br\/en\/the-church-celebrates-today-the-memory-of-blessed-father-eustace\/","og_site_name":"Padre Eust\u00e1quio","article_publisher":"https:\/\/www.facebook.com\/beatopadreeustaquio\/","article_published_time":"2021-08-30T10:50:36+00:00","article_modified_time":"2021-08-30T10:50:38+00:00","og_image":[{"width":1280,"height":720,"url":"https:\/\/www.padreeustaquio.com.br\/wp-content\/uploads\/2021\/08\/30-Programa.jpeg","type":"image\/jpeg"}],"author":"@sscc","twitter_card":"summary_large_image","twitter_creator":"@beatopeustaquio","twitter_site":"@beatopeustaquio","twitter_misc":{"Written by":"@sscc","Est. reading time":"2 minutes"},"schema":{"@context":"https:\/\/schema.org","@graph":[{"@type":"Article","@id":"https:\/\/www.padreeustaquio.com.br\/igreja-celebra-hoje-a-memoria-do-beato-padre-eustaquio\/#article","isPartOf":{"@id":"https:\/\/www.padreeustaquio.com.br\/igreja-celebra-hoje-a-memoria-do-beato-padre-eustaquio\/"},"author":{"name":"@sscc","@id":"https:\/\/www.padreeustaquio.com.br\/#\/schema\/person\/a2a51db1d00f1a7af0204a0f1ddb1566"},"headline":"Igreja celebra hoje a mem\u00f3ria do Beato Padre Eust\u00e1quio","datePublished":"2021-08-30T10:50:36+00:00","dateModified":"2021-08-30T10:50:38+00:00","mainEntityOfPage":{"@id":"https:\/\/www.padreeustaquio.com.br\/igreja-celebra-hoje-a-memoria-do-beato-padre-eustaquio\/"},"wordCount":268,"commentCount":0,"publisher":{"@id":"https:\/\/www.padreeustaquio.com.br\/#organization"},"image":{"@id":"https:\/\/www.padreeustaquio.com.br\/igreja-celebra-hoje-a-memoria-do-beato-padre-eustaquio\/#primaryimage"},"thumbnailUrl":"https:\/\/www.padreeustaquio.com.br\/wp-content\/uploads\/2021\/08\/30-Programa.jpeg","articleSection":["Not\u00edcias"],"inLanguage":"en-US","potentialAction":[{"@type":"CommentAction","name":"Comment","target":["https:\/\/www.padreeustaquio.com.br\/igreja-celebra-hoje-a-memoria-do-beato-padre-eustaquio\/#respond"]}]},{"@type":"WebPage","@id":"https:\/\/www.padreeustaquio.com.br\/igreja-celebra-hoje-a-memoria-do-beato-padre-eustaquio\/","url":"https:\/\/www.padreeustaquio.com.br\/igreja-celebra-hoje-a-memoria-do-beato-padre-eustaquio\/","name":"The Church celebrates today the memory of Blessed Father Eustace.","isPartOf":{"@id":"https:\/\/www.padreeustaquio.com.br\/#website"},"primaryImageOfPage":{"@id":"https:\/\/www.padreeustaquio.com.br\/igreja-celebra-hoje-a-memoria-do-beato-padre-eustaquio\/#primaryimage"},"image":{"@id":"https:\/\/www.padreeustaquio.com.br\/igreja-celebra-hoje-a-memoria-do-beato-padre-eustaquio\/#primaryimage"},"thumbnailUrl":"https:\/\/www.padreeustaquio.com.br\/wp-content\/uploads\/2021\/08\/30-Programa.jpeg","datePublished":"2021-08-30T10:50:36+00:00","dateModified":"2021-08-30T10:50:38+00:00","description":"It was on August 30th, at the Alberto Cavalcantti Hospital (formerly the Minas Gerais Sanatorium), in Belo Horizonte, that Father Eust\u00e1quio left this world to live with the Father. It is on the day of his Easter that the Church celebrates the memory of a Saint or Blessed, his entry into heaven, and therefore, today we remember the missionary of Health and Peace.","breadcrumb":{"@id":"https:\/\/www.padreeustaquio.com.br\/igreja-celebra-hoje-a-memoria-do-beato-padre-eustaquio\/#breadcrumb"},"inLanguage":"en-US","potentialAction":[{"@type":"ReadAction","target":["https:\/\/www.padreeustaquio.com.br\/igreja-celebra-hoje-a-memoria-do-beato-padre-eustaquio\/"]}]},{"@type":"ImageObject","inLanguage":"en-US","@id":"https:\/\/www.padreeustaquio.com.br\/igreja-celebra-hoje-a-memoria-do-beato-padre-eustaquio\/#primaryimage","url":"https:\/\/www.padreeustaquio.com.br\/wp-content\/uploads\/2021\/08\/30-Programa.jpeg","contentUrl":"https:\/\/www.padreeustaquio.com.br\/wp-content\/uploads\/2021\/08\/30-Programa.jpeg","width":1280,"height":720},{"@type":"BreadcrumbList","@id":"https:\/\/www.padreeustaquio.com.br\/igreja-celebra-hoje-a-memoria-do-beato-padre-eustaquio\/#breadcrumb","itemListElement":[{"@type":"ListItem","position":1,"name":"In\u00edcio","item":"https:\/\/www.padreeustaquio.com.br\/"},{"@type":"ListItem","position":2,"name":"Igreja celebra hoje a mem\u00f3ria do Beato Padre Eust\u00e1quio"}]},{"@type":"WebSite","@id":"https:\/\/www.padreeustaquio.com.br\/#website","url":"https:\/\/www.padreeustaquio.com.br\/","name":"FATHER EUST\u00c1QUIO","description":"Health and Peace","publisher":{"@id":"https:\/\/www.padreeustaquio.com.br\/#organization"},"potentialAction":[{"@type":"SearchAction","target":{"@type":"EntryPoint","urlTemplate":"https:\/\/www.padreeustaquio.com.br\/?s={search_term_string}"},"query-input":{"@type":"PropertyValueSpecification","valueRequired":true,"valueName":"search_term_string"}}],"inLanguage":"en-US"},{"@type":"Organization","@id":"https:\/\/www.padreeustaquio.com.br\/#organization","name":"FATHER EUST\u00c1QUIO","url":"https:\/\/www.padreeustaquio.com.br\/","logo":{"@type":"ImageObject","inLanguage":"en-US","@id":"https:\/\/www.padreeustaquio.com.br\/#\/schema\/logo\/image\/","url":"https:\/\/www.padreeustaquio.com.br\/wp-content\/uploads\/2019\/08\/marca.png","contentUrl":"https:\/\/www.padreeustaquio.com.br\/wp-content\/uploads\/2019\/08\/marca.png","width":350,"height":400,"caption":"Padre Eust\u00e1quio"},"image":{"@id":"https:\/\/www.padreeustaquio.com.br\/#\/schema\/logo\/image\/"},"sameAs":["https:\/\/www.facebook.com\/beatopadreeustaquio\/","https:\/\/x.com\/beatopeustaquio","https:\/\/www.instagram.com\/beatopadreeustaquio\/","https:\/\/www.youtube.com\/channel\/UCRhw7vfabnajwLxb1ZXMeIw"]},{"@type":"Person","@id":"https:\/\/www.padreeustaquio.com.br\/#\/schema\/person\/a2a51db1d00f1a7af0204a0f1ddb1566","name":"@sscc","image":{"@type":"ImageObject","inLanguage":"en-US","@id":"https:\/\/secure.gravatar.com\/avatar\/68cfafa5f44617fea54071e215026e0ff06be366c3d54a8425f04fdcb86f8c5f?s=96&d=mm&r=g","url":"https:\/\/secure.gravatar.com\/avatar\/68cfafa5f44617fea54071e215026e0ff06be366c3d54a8425f04fdcb86f8c5f?s=96&d=mm&r=g","contentUrl":"https:\/\/secure.gravatar.com\/avatar\/68cfafa5f44617fea54071e215026e0ff06be366c3d54a8425f04fdcb86f8c5f?s=96&d=mm&r=g","caption":"@sscc"},"url":"https:\/\/www.padreeustaquio.com.br\/en\/author\/sscc\/"}]}},"_links":{"self":[{"href":"https:\/\/www.padreeustaquio.com.br\/en\/wp-json\/wp\/v2\/posts\/6809","targetHints":{"allow":["GET"]}}],"collection":[{"href":"https:\/\/www.padreeustaquio.com.br\/en\/wp-json\/wp\/v2\/posts"}],"about":[{"href":"https:\/\/www.padreeustaquio.com.br\/en\/wp-json\/wp\/v2\/types\/post"}],"author":[{"embeddable":true,"href":"https:\/\/www.padreeustaquio.com.br\/en\/wp-json\/wp\/v2\/users\/2"}],"replies":[{"embeddable":true,"href":"https:\/\/www.padreeustaquio.com.br\/en\/wp-json\/wp\/v2\/comments?post=6809"}],"version-history":[{"count":0,"href":"https:\/\/www.padreeustaquio.com.br\/en\/wp-json\/wp\/v2\/posts\/6809\/revisions"}],"wp:featuredmedia":[{"embeddable":true,"href":"https:\/\/www.padreeustaquio.com.br\/en\/wp-json\/wp\/v2\/media\/6810"}],"wp:attachment":[{"href":"https:\/\/www.padreeustaquio.com.br\/en\/wp-json\/wp\/v2\/media?parent=6809"}],"wp:term":[{"taxonomy":"category","embeddable":true,"href":"https:\/\/www.padreeustaquio.com.br\/en\/wp-json\/wp\/v2\/categories?post=6809"},{"taxonomy":"post_tag","embeddable":true,"href":"https:\/\/www.padreeustaquio.com.br\/en\/wp-json\/wp\/v2\/tags?post=6809"}],"curies":[{"name":"wp","href":"https:\/\/api.w.org\/{rel}","templated":true}]}}