{"id":6720,"date":"2021-08-27T05:34:00","date_gmt":"2021-08-27T08:34:00","guid":{"rendered":"https:\/\/www.padreeustaquio.com.br\/?p=6720"},"modified":"2021-08-26T21:30:36","modified_gmt":"2021-08-27T00:30:36","slug":"a-motorcade-will-travel-through-the-streets-of-the-neighborhood-in-belo-horizonte-with-an-image-of-father-eustaquio","status":"publish","type":"post","link":"https:\/\/www.padreeustaquio.com.br\/en\/a-motorcade-will-travel-through-the-streets-of-the-neighborhood-in-belo-horizonte-with-an-image-of-father-eustaquio\/","title":{"rendered":"A motorcade will travel through the streets of the neighborhood in Belo Horizonte, carrying an image of Father Eust\u00e1quio."},"content":{"rendered":"<p>Next Sunday, August 29th, devotees of Blessed Father Eust\u00e1quio who live in the neighborhood that bears the same name will be able to participate in the procession with the image of the Blessed. The procession with the float will travel through most of the streets of the place where Father Eust\u00e1quio spent his last months on earth.<\/p>\n\n\n\n<p>A sound truck will lead the procession, drawing people&#039;s attention to its arrival. Residents are advised to remain in their homes, avoiding gatherings and exposure that could pose a health risk. Organizers also ask that those who can, decorate the doors, windows, and facades of their homes, demonstrating their devotion to our beloved Blessed.<\/p>\n\n\n\n<p>The route will be almost 25 kilometers long and will take about four hours. The entire procession will be broadcast live on [website\/platform name].&nbsp;<a href=\"https:\/\/www.youtube.com\/channel\/UCRhw7vfabnajwLxb1ZXMeIw\">Padre Eust\u00e1quio Channel<\/a>, from YouTube. The route, which will be announced on social media, should be the same as the other processions that took place this year: Corpus Christi and Sacred Hearts.<\/p>\n\n\n\n<p>On Monday, the church will be open all day with controlled entry for worshippers. At 7 pm, there will be a mass with the president of the CNBB (National Conference of Brazilian Bishops), Dom Walmor Oliveira de Azevedo. The celebration will be broadcast online.&nbsp;<a href=\"https:\/\/www.youtube.com\/channel\/UCRhw7vfabnajwLxb1ZXMeIw\">Padre Eust\u00e1quio Channel<\/a>, from YouTube and by <a href=\"https:\/\/paieterno.com.br\/tv-pai-eterno\/\" target=\"_blank\" rel=\"noreferrer noopener\">Eternal Father TV.<\/a><\/p>","protected":false},"excerpt":{"rendered":"<p>No pr\u00f3ximo domingo, 29 de agosto, devotos do Beato Padre Eust\u00e1quio que moram no bairro que leva o mesmo nome, poder\u00e3o acompanhar a carreata com a imagem do Bem-Aventurado. A prociss\u00e3o com o carro-andor vai percorrer a maioria das ruas do local onde Padre Eust\u00e1quio passou seus \u00faltimos meses aqui na terra. Um carro de som ir\u00e1 \u00e0 frente do cortejo, chamando a aten\u00e7\u00e3o das pessoas para a chegada da prociss\u00e3o. A orienta\u00e7\u00e3o \u00e9 que os moradores permane\u00e7am em suas casas, evitando aglomera\u00e7\u00f5es e exposi\u00e7\u00f5es que possam trazer risco \u00e0 sa\u00fade. Os organizadores pedem ainda, para aqueles que puderem, que [&hellip;]<\/p>\n","protected":false},"author":2,"featured_media":6721,"comment_status":"open","ping_status":"closed","sticky":false,"template":"","format":"standard","meta":{"_acf_changed":false,"footnotes":""},"categories":[611],"tags":[],"class_list":["post-6720","post","type-post","status-publish","format-standard","has-post-thumbnail","hentry","category-noticias"],"acf":[],"yoast_head":"<!-- This site is optimized with the Yoast SEO plugin v27.2 - https:\/\/yoast.com\/product\/yoast-seo-wordpress\/ -->\n<title>Carreata vai percorrer as ruas do bairro, em BH, com imagem de Padre Eust\u00e1quio<\/title>\n<meta name=\"description\" content=\"No pr\u00f3ximo domingo, 29 de agosto, devotos do Beato Padre Eust\u00e1quio que moram no bairro que leva o mesmo nome, poder\u00e3o acompanhar a carreata com a imagem do Bem-Aventurado.\" \/>\n<meta name=\"robots\" content=\"index, follow, max-snippet:-1, max-image-preview:large, max-video-preview:-1\" \/>\n<link rel=\"canonical\" href=\"https:\/\/www.padreeustaquio.com.br\/en\/a-motorcade-will-travel-through-the-streets-of-the-neighborhood-in-belo-horizonte-with-an-image-of-father-eustaquio\/\" \/>\n<meta property=\"og:locale\" content=\"en_US\" \/>\n<meta property=\"og:type\" content=\"article\" \/>\n<meta property=\"og:title\" content=\"Carreata vai percorrer as ruas do bairro, em BH, com imagem de Padre Eust\u00e1quio\" \/>\n<meta property=\"og:description\" content=\"No pr\u00f3ximo domingo, 29 de agosto, devotos do Beato Padre Eust\u00e1quio que moram no bairro que leva o mesmo nome, poder\u00e3o acompanhar a carreata com a imagem do Bem-Aventurado.\" \/>\n<meta property=\"og:url\" content=\"https:\/\/www.padreeustaquio.com.br\/en\/a-motorcade-will-travel-through-the-streets-of-the-neighborhood-in-belo-horizonte-with-an-image-of-father-eustaquio\/\" \/>\n<meta property=\"og:site_name\" content=\"Padre Eust\u00e1quio\" \/>\n<meta property=\"article:publisher\" content=\"https:\/\/www.facebook.com\/beatopadreeustaquio\/\" \/>\n<meta property=\"article:published_time\" content=\"2021-08-27T08:34:00+00:00\" \/>\n<meta property=\"og:image\" content=\"https:\/\/www.padreeustaquio.com.br\/wp-content\/uploads\/2021\/08\/WhatsApp-Image-2021-08-26-at-21.16.44-e1630024215328.jpeg\" \/>\n\t<meta property=\"og:image:width\" content=\"1024\" \/>\n\t<meta property=\"og:image:height\" content=\"501\" \/>\n\t<meta property=\"og:image:type\" content=\"image\/jpeg\" \/>\n<meta name=\"author\" content=\"@sscc\" \/>\n<meta name=\"twitter:card\" content=\"summary_large_image\" \/>\n<meta name=\"twitter:creator\" content=\"@beatopeustaquio\" \/>\n<meta name=\"twitter:site\" content=\"@beatopeustaquio\" \/>\n<meta name=\"twitter:label1\" content=\"Written by\" \/>\n\t<meta name=\"twitter:data1\" content=\"@sscc\" \/>\n\t<meta name=\"twitter:label2\" content=\"Est. reading time\" \/>\n\t<meta name=\"twitter:data2\" content=\"1 minute\" \/>\n<script type=\"application\/ld+json\" class=\"yoast-schema-graph\">{\"@context\":\"https:\/\/schema.org\",\"@graph\":[{\"@type\":\"Article\",\"@id\":\"https:\/\/www.padreeustaquio.com.br\/carreata-vai-percorrer-as-ruas-do-bairro-em-bh-com-imagem-de-padre-eustaquio\/#article\",\"isPartOf\":{\"@id\":\"https:\/\/www.padreeustaquio.com.br\/carreata-vai-percorrer-as-ruas-do-bairro-em-bh-com-imagem-de-padre-eustaquio\/\"},\"author\":{\"name\":\"@sscc\",\"@id\":\"https:\/\/www.padreeustaquio.com.br\/#\/schema\/person\/a2a51db1d00f1a7af0204a0f1ddb1566\"},\"headline\":\"Carreata vai percorrer as ruas do bairro, em BH, com imagem de Padre Eust\u00e1quio\",\"datePublished\":\"2021-08-27T08:34:00+00:00\",\"mainEntityOfPage\":{\"@id\":\"https:\/\/www.padreeustaquio.com.br\/carreata-vai-percorrer-as-ruas-do-bairro-em-bh-com-imagem-de-padre-eustaquio\/\"},\"wordCount\":244,\"commentCount\":0,\"publisher\":{\"@id\":\"https:\/\/www.padreeustaquio.com.br\/#organization\"},\"image\":{\"@id\":\"https:\/\/www.padreeustaquio.com.br\/carreata-vai-percorrer-as-ruas-do-bairro-em-bh-com-imagem-de-padre-eustaquio\/#primaryimage\"},\"thumbnailUrl\":\"https:\/\/www.padreeustaquio.com.br\/wp-content\/uploads\/2021\/08\/WhatsApp-Image-2021-08-26-at-21.16.44-e1630024215328.jpeg\",\"articleSection\":[\"Not\u00edcias\"],\"inLanguage\":\"en-US\",\"potentialAction\":[{\"@type\":\"CommentAction\",\"name\":\"Comment\",\"target\":[\"https:\/\/www.padreeustaquio.com.br\/carreata-vai-percorrer-as-ruas-do-bairro-em-bh-com-imagem-de-padre-eustaquio\/#respond\"]}]},{\"@type\":\"WebPage\",\"@id\":\"https:\/\/www.padreeustaquio.com.br\/carreata-vai-percorrer-as-ruas-do-bairro-em-bh-com-imagem-de-padre-eustaquio\/\",\"url\":\"https:\/\/www.padreeustaquio.com.br\/carreata-vai-percorrer-as-ruas-do-bairro-em-bh-com-imagem-de-padre-eustaquio\/\",\"name\":\"Carreata vai percorrer as ruas do bairro, em BH, com imagem de Padre Eust\u00e1quio\",\"isPartOf\":{\"@id\":\"https:\/\/www.padreeustaquio.com.br\/#website\"},\"primaryImageOfPage\":{\"@id\":\"https:\/\/www.padreeustaquio.com.br\/carreata-vai-percorrer-as-ruas-do-bairro-em-bh-com-imagem-de-padre-eustaquio\/#primaryimage\"},\"image\":{\"@id\":\"https:\/\/www.padreeustaquio.com.br\/carreata-vai-percorrer-as-ruas-do-bairro-em-bh-com-imagem-de-padre-eustaquio\/#primaryimage\"},\"thumbnailUrl\":\"https:\/\/www.padreeustaquio.com.br\/wp-content\/uploads\/2021\/08\/WhatsApp-Image-2021-08-26-at-21.16.44-e1630024215328.jpeg\",\"datePublished\":\"2021-08-27T08:34:00+00:00\",\"description\":\"No pr\u00f3ximo domingo, 29 de agosto, devotos do Beato Padre Eust\u00e1quio que moram no bairro que leva o mesmo nome, poder\u00e3o acompanhar a carreata com a imagem do Bem-Aventurado.\",\"breadcrumb\":{\"@id\":\"https:\/\/www.padreeustaquio.com.br\/carreata-vai-percorrer-as-ruas-do-bairro-em-bh-com-imagem-de-padre-eustaquio\/#breadcrumb\"},\"inLanguage\":\"en-US\",\"potentialAction\":[{\"@type\":\"ReadAction\",\"target\":[\"https:\/\/www.padreeustaquio.com.br\/carreata-vai-percorrer-as-ruas-do-bairro-em-bh-com-imagem-de-padre-eustaquio\/\"]}]},{\"@type\":\"ImageObject\",\"inLanguage\":\"en-US\",\"@id\":\"https:\/\/www.padreeustaquio.com.br\/carreata-vai-percorrer-as-ruas-do-bairro-em-bh-com-imagem-de-padre-eustaquio\/#primaryimage\",\"url\":\"https:\/\/www.padreeustaquio.com.br\/wp-content\/uploads\/2021\/08\/WhatsApp-Image-2021-08-26-at-21.16.44-e1630024215328.jpeg\",\"contentUrl\":\"https:\/\/www.padreeustaquio.com.br\/wp-content\/uploads\/2021\/08\/WhatsApp-Image-2021-08-26-at-21.16.44-e1630024215328.jpeg\",\"width\":1024,\"height\":501},{\"@type\":\"BreadcrumbList\",\"@id\":\"https:\/\/www.padreeustaquio.com.br\/carreata-vai-percorrer-as-ruas-do-bairro-em-bh-com-imagem-de-padre-eustaquio\/#breadcrumb\",\"itemListElement\":[{\"@type\":\"ListItem\",\"position\":1,\"name\":\"In\u00edcio\",\"item\":\"https:\/\/www.padreeustaquio.com.br\/\"},{\"@type\":\"ListItem\",\"position\":2,\"name\":\"Carreata vai percorrer as ruas do bairro, em BH, com imagem de Padre Eust\u00e1quio\"}]},{\"@type\":\"WebSite\",\"@id\":\"https:\/\/www.padreeustaquio.com.br\/#website\",\"url\":\"https:\/\/www.padreeustaquio.com.br\/\",\"name\":\"Padre Eust\u00e1quio\",\"description\":\"Sa\u00fade e Paz\",\"publisher\":{\"@id\":\"https:\/\/www.padreeustaquio.com.br\/#organization\"},\"potentialAction\":[{\"@type\":\"SearchAction\",\"target\":{\"@type\":\"EntryPoint\",\"urlTemplate\":\"https:\/\/www.padreeustaquio.com.br\/?s={search_term_string}\"},\"query-input\":{\"@type\":\"PropertyValueSpecification\",\"valueRequired\":true,\"valueName\":\"search_term_string\"}}],\"inLanguage\":\"en-US\"},{\"@type\":\"Organization\",\"@id\":\"https:\/\/www.padreeustaquio.com.br\/#organization\",\"name\":\"Padre Eust\u00e1quio\",\"url\":\"https:\/\/www.padreeustaquio.com.br\/\",\"logo\":{\"@type\":\"ImageObject\",\"inLanguage\":\"en-US\",\"@id\":\"https:\/\/www.padreeustaquio.com.br\/#\/schema\/logo\/image\/\",\"url\":\"https:\/\/www.padreeustaquio.com.br\/wp-content\/uploads\/2019\/08\/marca.png\",\"contentUrl\":\"https:\/\/www.padreeustaquio.com.br\/wp-content\/uploads\/2019\/08\/marca.png\",\"width\":350,\"height\":400,\"caption\":\"Padre Eust\u00e1quio\"},\"image\":{\"@id\":\"https:\/\/www.padreeustaquio.com.br\/#\/schema\/logo\/image\/\"},\"sameAs\":[\"https:\/\/www.facebook.com\/beatopadreeustaquio\/\",\"https:\/\/x.com\/beatopeustaquio\",\"https:\/\/www.instagram.com\/beatopadreeustaquio\/\",\"https:\/\/www.youtube.com\/channel\/UCRhw7vfabnajwLxb1ZXMeIw\"]},{\"@type\":\"Person\",\"@id\":\"https:\/\/www.padreeustaquio.com.br\/#\/schema\/person\/a2a51db1d00f1a7af0204a0f1ddb1566\",\"name\":\"@sscc\",\"image\":{\"@type\":\"ImageObject\",\"inLanguage\":\"en-US\",\"@id\":\"https:\/\/secure.gravatar.com\/avatar\/68cfafa5f44617fea54071e215026e0ff06be366c3d54a8425f04fdcb86f8c5f?s=96&d=mm&r=g\",\"url\":\"https:\/\/secure.gravatar.com\/avatar\/68cfafa5f44617fea54071e215026e0ff06be366c3d54a8425f04fdcb86f8c5f?s=96&d=mm&r=g\",\"contentUrl\":\"https:\/\/secure.gravatar.com\/avatar\/68cfafa5f44617fea54071e215026e0ff06be366c3d54a8425f04fdcb86f8c5f?s=96&d=mm&r=g\",\"caption\":\"@sscc\"},\"url\":\"https:\/\/www.padreeustaquio.com.br\/en\/author\/sscc\/\"}]}<\/script>\n<!-- \/ Yoast SEO plugin. -->","yoast_head_json":{"title":"A motorcade will travel through the streets of the neighborhood in Belo Horizonte, carrying an image of Father Eust\u00e1quio.","description":"Next Sunday, August 29th, devotees of Blessed Father Eust\u00e1quio who live in the neighborhood that bears the same name will be able to participate in the procession with the image of the Blessed.","robots":{"index":"index","follow":"follow","max-snippet":"max-snippet:-1","max-image-preview":"max-image-preview:large","max-video-preview":"max-video-preview:-1"},"canonical":"https:\/\/www.padreeustaquio.com.br\/en\/a-motorcade-will-travel-through-the-streets-of-the-neighborhood-in-belo-horizonte-with-an-image-of-father-eustaquio\/","og_locale":"en_US","og_type":"article","og_title":"Carreata vai percorrer as ruas do bairro, em BH, com imagem de Padre Eust\u00e1quio","og_description":"No pr\u00f3ximo domingo, 29 de agosto, devotos do Beato Padre Eust\u00e1quio que moram no bairro que leva o mesmo nome, poder\u00e3o acompanhar a carreata com a imagem do Bem-Aventurado.","og_url":"https:\/\/www.padreeustaquio.com.br\/en\/a-motorcade-will-travel-through-the-streets-of-the-neighborhood-in-belo-horizonte-with-an-image-of-father-eustaquio\/","og_site_name":"Padre Eust\u00e1quio","article_publisher":"https:\/\/www.facebook.com\/beatopadreeustaquio\/","article_published_time":"2021-08-27T08:34:00+00:00","og_image":[{"width":1024,"height":501,"url":"https:\/\/www.padreeustaquio.com.br\/wp-content\/uploads\/2021\/08\/WhatsApp-Image-2021-08-26-at-21.16.44-e1630024215328.jpeg","type":"image\/jpeg"}],"author":"@sscc","twitter_card":"summary_large_image","twitter_creator":"@beatopeustaquio","twitter_site":"@beatopeustaquio","twitter_misc":{"Written by":"@sscc","Est. reading time":"1 minute"},"schema":{"@context":"https:\/\/schema.org","@graph":[{"@type":"Article","@id":"https:\/\/www.padreeustaquio.com.br\/carreata-vai-percorrer-as-ruas-do-bairro-em-bh-com-imagem-de-padre-eustaquio\/#article","isPartOf":{"@id":"https:\/\/www.padreeustaquio.com.br\/carreata-vai-percorrer-as-ruas-do-bairro-em-bh-com-imagem-de-padre-eustaquio\/"},"author":{"name":"@sscc","@id":"https:\/\/www.padreeustaquio.com.br\/#\/schema\/person\/a2a51db1d00f1a7af0204a0f1ddb1566"},"headline":"Carreata vai percorrer as ruas do bairro, em BH, com imagem de Padre Eust\u00e1quio","datePublished":"2021-08-27T08:34:00+00:00","mainEntityOfPage":{"@id":"https:\/\/www.padreeustaquio.com.br\/carreata-vai-percorrer-as-ruas-do-bairro-em-bh-com-imagem-de-padre-eustaquio\/"},"wordCount":244,"commentCount":0,"publisher":{"@id":"https:\/\/www.padreeustaquio.com.br\/#organization"},"image":{"@id":"https:\/\/www.padreeustaquio.com.br\/carreata-vai-percorrer-as-ruas-do-bairro-em-bh-com-imagem-de-padre-eustaquio\/#primaryimage"},"thumbnailUrl":"https:\/\/www.padreeustaquio.com.br\/wp-content\/uploads\/2021\/08\/WhatsApp-Image-2021-08-26-at-21.16.44-e1630024215328.jpeg","articleSection":["Not\u00edcias"],"inLanguage":"en-US","potentialAction":[{"@type":"CommentAction","name":"Comment","target":["https:\/\/www.padreeustaquio.com.br\/carreata-vai-percorrer-as-ruas-do-bairro-em-bh-com-imagem-de-padre-eustaquio\/#respond"]}]},{"@type":"WebPage","@id":"https:\/\/www.padreeustaquio.com.br\/carreata-vai-percorrer-as-ruas-do-bairro-em-bh-com-imagem-de-padre-eustaquio\/","url":"https:\/\/www.padreeustaquio.com.br\/carreata-vai-percorrer-as-ruas-do-bairro-em-bh-com-imagem-de-padre-eustaquio\/","name":"A motorcade will travel through the streets of the neighborhood in Belo Horizonte, carrying an image of Father Eust\u00e1quio.","isPartOf":{"@id":"https:\/\/www.padreeustaquio.com.br\/#website"},"primaryImageOfPage":{"@id":"https:\/\/www.padreeustaquio.com.br\/carreata-vai-percorrer-as-ruas-do-bairro-em-bh-com-imagem-de-padre-eustaquio\/#primaryimage"},"image":{"@id":"https:\/\/www.padreeustaquio.com.br\/carreata-vai-percorrer-as-ruas-do-bairro-em-bh-com-imagem-de-padre-eustaquio\/#primaryimage"},"thumbnailUrl":"https:\/\/www.padreeustaquio.com.br\/wp-content\/uploads\/2021\/08\/WhatsApp-Image-2021-08-26-at-21.16.44-e1630024215328.jpeg","datePublished":"2021-08-27T08:34:00+00:00","description":"Next Sunday, August 29th, devotees of Blessed Father Eust\u00e1quio who live in the neighborhood that bears the same name will be able to participate in the procession with the image of the Blessed.","breadcrumb":{"@id":"https:\/\/www.padreeustaquio.com.br\/carreata-vai-percorrer-as-ruas-do-bairro-em-bh-com-imagem-de-padre-eustaquio\/#breadcrumb"},"inLanguage":"en-US","potentialAction":[{"@type":"ReadAction","target":["https:\/\/www.padreeustaquio.com.br\/carreata-vai-percorrer-as-ruas-do-bairro-em-bh-com-imagem-de-padre-eustaquio\/"]}]},{"@type":"ImageObject","inLanguage":"en-US","@id":"https:\/\/www.padreeustaquio.com.br\/carreata-vai-percorrer-as-ruas-do-bairro-em-bh-com-imagem-de-padre-eustaquio\/#primaryimage","url":"https:\/\/www.padreeustaquio.com.br\/wp-content\/uploads\/2021\/08\/WhatsApp-Image-2021-08-26-at-21.16.44-e1630024215328.jpeg","contentUrl":"https:\/\/www.padreeustaquio.com.br\/wp-content\/uploads\/2021\/08\/WhatsApp-Image-2021-08-26-at-21.16.44-e1630024215328.jpeg","width":1024,"height":501},{"@type":"BreadcrumbList","@id":"https:\/\/www.padreeustaquio.com.br\/carreata-vai-percorrer-as-ruas-do-bairro-em-bh-com-imagem-de-padre-eustaquio\/#breadcrumb","itemListElement":[{"@type":"ListItem","position":1,"name":"In\u00edcio","item":"https:\/\/www.padreeustaquio.com.br\/"},{"@type":"ListItem","position":2,"name":"Carreata vai percorrer as ruas do bairro, em BH, com imagem de Padre Eust\u00e1quio"}]},{"@type":"WebSite","@id":"https:\/\/www.padreeustaquio.com.br\/#website","url":"https:\/\/www.padreeustaquio.com.br\/","name":"FATHER EUST\u00c1QUIO","description":"Health and Peace","publisher":{"@id":"https:\/\/www.padreeustaquio.com.br\/#organization"},"potentialAction":[{"@type":"SearchAction","target":{"@type":"EntryPoint","urlTemplate":"https:\/\/www.padreeustaquio.com.br\/?s={search_term_string}"},"query-input":{"@type":"PropertyValueSpecification","valueRequired":true,"valueName":"search_term_string"}}],"inLanguage":"en-US"},{"@type":"Organization","@id":"https:\/\/www.padreeustaquio.com.br\/#organization","name":"FATHER EUST\u00c1QUIO","url":"https:\/\/www.padreeustaquio.com.br\/","logo":{"@type":"ImageObject","inLanguage":"en-US","@id":"https:\/\/www.padreeustaquio.com.br\/#\/schema\/logo\/image\/","url":"https:\/\/www.padreeustaquio.com.br\/wp-content\/uploads\/2019\/08\/marca.png","contentUrl":"https:\/\/www.padreeustaquio.com.br\/wp-content\/uploads\/2019\/08\/marca.png","width":350,"height":400,"caption":"Padre Eust\u00e1quio"},"image":{"@id":"https:\/\/www.padreeustaquio.com.br\/#\/schema\/logo\/image\/"},"sameAs":["https:\/\/www.facebook.com\/beatopadreeustaquio\/","https:\/\/x.com\/beatopeustaquio","https:\/\/www.instagram.com\/beatopadreeustaquio\/","https:\/\/www.youtube.com\/channel\/UCRhw7vfabnajwLxb1ZXMeIw"]},{"@type":"Person","@id":"https:\/\/www.padreeustaquio.com.br\/#\/schema\/person\/a2a51db1d00f1a7af0204a0f1ddb1566","name":"@sscc","image":{"@type":"ImageObject","inLanguage":"en-US","@id":"https:\/\/secure.gravatar.com\/avatar\/68cfafa5f44617fea54071e215026e0ff06be366c3d54a8425f04fdcb86f8c5f?s=96&d=mm&r=g","url":"https:\/\/secure.gravatar.com\/avatar\/68cfafa5f44617fea54071e215026e0ff06be366c3d54a8425f04fdcb86f8c5f?s=96&d=mm&r=g","contentUrl":"https:\/\/secure.gravatar.com\/avatar\/68cfafa5f44617fea54071e215026e0ff06be366c3d54a8425f04fdcb86f8c5f?s=96&d=mm&r=g","caption":"@sscc"},"url":"https:\/\/www.padreeustaquio.com.br\/en\/author\/sscc\/"}]}},"_links":{"self":[{"href":"https:\/\/www.padreeustaquio.com.br\/en\/wp-json\/wp\/v2\/posts\/6720","targetHints":{"allow":["GET"]}}],"collection":[{"href":"https:\/\/www.padreeustaquio.com.br\/en\/wp-json\/wp\/v2\/posts"}],"about":[{"href":"https:\/\/www.padreeustaquio.com.br\/en\/wp-json\/wp\/v2\/types\/post"}],"author":[{"embeddable":true,"href":"https:\/\/www.padreeustaquio.com.br\/en\/wp-json\/wp\/v2\/users\/2"}],"replies":[{"embeddable":true,"href":"https:\/\/www.padreeustaquio.com.br\/en\/wp-json\/wp\/v2\/comments?post=6720"}],"version-history":[{"count":0,"href":"https:\/\/www.padreeustaquio.com.br\/en\/wp-json\/wp\/v2\/posts\/6720\/revisions"}],"wp:featuredmedia":[{"embeddable":true,"href":"https:\/\/www.padreeustaquio.com.br\/en\/wp-json\/wp\/v2\/media\/6721"}],"wp:attachment":[{"href":"https:\/\/www.padreeustaquio.com.br\/en\/wp-json\/wp\/v2\/media?parent=6720"}],"wp:term":[{"taxonomy":"category","embeddable":true,"href":"https:\/\/www.padreeustaquio.com.br\/en\/wp-json\/wp\/v2\/categories?post=6720"},{"taxonomy":"post_tag","embeddable":true,"href":"https:\/\/www.padreeustaquio.com.br\/en\/wp-json\/wp\/v2\/tags?post=6720"}],"curies":[{"name":"wp","href":"https:\/\/api.w.org\/{rel}","templated":true}]}}