{"id":6716,"date":"2021-08-26T06:51:40","date_gmt":"2021-08-26T09:51:40","guid":{"rendered":"https:\/\/www.padreeustaquio.com.br\/?p=6716"},"modified":"2021-08-26T06:53:27","modified_gmt":"2021-08-26T09:53:27","slug":"tv-pai-eterno-will-broadcast-the-holy-mass-of-blessed-father-eustaquio-live-from-belo-horizonte","status":"publish","type":"post","link":"https:\/\/www.padreeustaquio.com.br\/en\/tv-pai-eterno-will-broadcast-the-holy-mass-of-blessed-father-eustaquio-live-from-belo-horizonte\/","title":{"rendered":"TV Pai Eterno will broadcast the Holy Mass of Blessed Father Eust\u00e1quio live from Belo Horizonte."},"content":{"rendered":"<p>The Eucharistic Celebration concluding the Feast of Blessed Father Eust\u00e1quio, presided over by the Archbishop of Belo Horizonte and president of the CNBB (National Conference of Brazilian Bishops), Dom Walmor Oliveira de Azevedo, will be broadcast live throughout Brazil via TV Pai Eterno. The Catholic-inspired channel will air the Holy Mass on August 30th at 7 PM, directly from the Health and Peace Sanctuary in Belo Horizonte.<\/p>\n\n\n\n<p>This year, due to the pandemic, the masses on August 30th will not have the presence of the faithful in the church. All celebrations will be broadcast on the Padre Eust\u00e1quio Channel on YouTube; however, given the importance of the last Mass and the relevance of the figure of Blessed Father Eust\u00e1quio, who is in the process of canonization, the broadcaster, based in Trindade, Goi\u00e1s, was interested in participating in the celebrations.<\/p>\n\n\n\n<p>The Holy Mass will be broadcast during prime time on the channel and can be seen by all Brazilians. TV Pai Eterno was created in 2019 to spread the traditional devotion to the Divine Eternal Father. The channel&#039;s open signal is available to approximately 1800 cities, reaching more than 105 million people. The channel can also be tuned in via satellite, nationally and internationally. It offers 24 hours of programming focused on faith, devotion, entertainment, and information. The programming schedule is geared towards the whole family, with the broadcast of Masses and Novenas, as well as various other content following the Christian themes of the Catholic Church.<\/p>\n\n\n\n<p><\/p>","protected":false},"excerpt":{"rendered":"<p>A Celebra\u00e7\u00e3o Eucar\u00edstica de encerramento da Festa do Beato Padre Eust\u00e1quio, presidida pelo arcebispo de BH e presidente da CNBB, Dom Walmor Oliveira de Azevedo, ter\u00e1 transmiss\u00e3o ao vivo para todo o Brasil, por meio da TV Pai Eterno. A emissora, de inspira\u00e7\u00e3o cat\u00f3lica vai exibir no dia 30 de agosto, \u00e0s 19h a Santa Missa, direto do Santu\u00e1rio Sa\u00fade e Paz, em Belo Horizonte. Este ano, por causa da pandemia, as missas do dia 30 de agosto n\u00e3o contar\u00e3o coma presen\u00e7a de fi\u00e9is na igreja. Todas as celebra\u00e7\u00f5es ser\u00e3o transmitidas pelo Canal Padre Eust\u00e1quio, no YouTube, por\u00e9m, dada a [&hellip;]<\/p>\n","protected":false},"author":2,"featured_media":6719,"comment_status":"open","ping_status":"closed","sticky":false,"template":"","format":"standard","meta":{"_acf_changed":false,"footnotes":""},"categories":[611],"tags":[],"class_list":["post-6716","post","type-post","status-publish","format-standard","has-post-thumbnail","hentry","category-noticias"],"acf":[],"yoast_head":"<!-- This site is optimized with the Yoast SEO plugin v27.2 - https:\/\/yoast.com\/product\/yoast-seo-wordpress\/ -->\n<title>TV Pai Eterno vai transmitir Santa Missa do Beato Padre Eust\u00e1quio direto de BH<\/title>\n<meta name=\"description\" content=\"A emissora, de inspira\u00e7\u00e3o cat\u00f3lica vai exibir no dia 30 de agosto, \u00e0s 19h a Santa Missa, presidida por Dom Walmor Oliveira de Azevedo, arcebispo de BH e presidente da CNBB.\" \/>\n<meta name=\"robots\" content=\"index, follow, max-snippet:-1, max-image-preview:large, max-video-preview:-1\" \/>\n<link rel=\"canonical\" href=\"https:\/\/www.padreeustaquio.com.br\/en\/tv-pai-eterno-will-broadcast-the-holy-mass-of-blessed-father-eustaquio-live-from-belo-horizonte\/\" \/>\n<meta property=\"og:locale\" content=\"en_US\" \/>\n<meta property=\"og:type\" content=\"article\" \/>\n<meta property=\"og:title\" content=\"TV Pai Eterno vai transmitir Santa Missa do Beato Padre Eust\u00e1quio direto de BH\" \/>\n<meta property=\"og:description\" content=\"A emissora, de inspira\u00e7\u00e3o cat\u00f3lica vai exibir no dia 30 de agosto, \u00e0s 19h a Santa Missa, presidida por Dom Walmor Oliveira de Azevedo, arcebispo de BH e presidente da CNBB.\" \/>\n<meta property=\"og:url\" content=\"https:\/\/www.padreeustaquio.com.br\/en\/tv-pai-eterno-will-broadcast-the-holy-mass-of-blessed-father-eustaquio-live-from-belo-horizonte\/\" \/>\n<meta property=\"og:site_name\" content=\"Padre Eust\u00e1quio\" \/>\n<meta property=\"article:publisher\" content=\"https:\/\/www.facebook.com\/beatopadreeustaquio\/\" \/>\n<meta property=\"article:published_time\" content=\"2021-08-26T09:51:40+00:00\" \/>\n<meta property=\"article:modified_time\" content=\"2021-08-26T09:53:27+00:00\" \/>\n<meta property=\"og:image\" content=\"https:\/\/www.padreeustaquio.com.br\/wp-content\/uploads\/2021\/08\/Paieterno.png\" \/>\n\t<meta property=\"og:image:width\" content=\"529\" \/>\n\t<meta property=\"og:image:height\" content=\"326\" \/>\n\t<meta property=\"og:image:type\" content=\"image\/png\" \/>\n<meta name=\"author\" content=\"@sscc\" \/>\n<meta name=\"twitter:card\" content=\"summary_large_image\" \/>\n<meta name=\"twitter:creator\" content=\"@beatopeustaquio\" \/>\n<meta name=\"twitter:site\" content=\"@beatopeustaquio\" \/>\n<meta name=\"twitter:label1\" content=\"Written by\" \/>\n\t<meta name=\"twitter:data1\" content=\"@sscc\" \/>\n\t<meta name=\"twitter:label2\" content=\"Est. reading time\" \/>\n\t<meta name=\"twitter:data2\" content=\"2 minutes\" \/>\n<script type=\"application\/ld+json\" class=\"yoast-schema-graph\">{\"@context\":\"https:\/\/schema.org\",\"@graph\":[{\"@type\":\"Article\",\"@id\":\"https:\/\/www.padreeustaquio.com.br\/tv-pai-eterno-vai-transmitir-santa-missa-do-beato-padre-eustaquio-direto-de-bh\/#article\",\"isPartOf\":{\"@id\":\"https:\/\/www.padreeustaquio.com.br\/tv-pai-eterno-vai-transmitir-santa-missa-do-beato-padre-eustaquio-direto-de-bh\/\"},\"author\":{\"name\":\"@sscc\",\"@id\":\"https:\/\/www.padreeustaquio.com.br\/#\/schema\/person\/a2a51db1d00f1a7af0204a0f1ddb1566\"},\"headline\":\"TV Pai Eterno vai transmitir Santa Missa do Beato Padre Eust\u00e1quio direto de BH\",\"datePublished\":\"2021-08-26T09:51:40+00:00\",\"dateModified\":\"2021-08-26T09:53:27+00:00\",\"mainEntityOfPage\":{\"@id\":\"https:\/\/www.padreeustaquio.com.br\/tv-pai-eterno-vai-transmitir-santa-missa-do-beato-padre-eustaquio-direto-de-bh\/\"},\"wordCount\":285,\"commentCount\":0,\"publisher\":{\"@id\":\"https:\/\/www.padreeustaquio.com.br\/#organization\"},\"image\":{\"@id\":\"https:\/\/www.padreeustaquio.com.br\/tv-pai-eterno-vai-transmitir-santa-missa-do-beato-padre-eustaquio-direto-de-bh\/#primaryimage\"},\"thumbnailUrl\":\"https:\/\/www.padreeustaquio.com.br\/wp-content\/uploads\/2021\/08\/Paieterno.png\",\"articleSection\":[\"Not\u00edcias\"],\"inLanguage\":\"en-US\",\"potentialAction\":[{\"@type\":\"CommentAction\",\"name\":\"Comment\",\"target\":[\"https:\/\/www.padreeustaquio.com.br\/tv-pai-eterno-vai-transmitir-santa-missa-do-beato-padre-eustaquio-direto-de-bh\/#respond\"]}]},{\"@type\":\"WebPage\",\"@id\":\"https:\/\/www.padreeustaquio.com.br\/tv-pai-eterno-vai-transmitir-santa-missa-do-beato-padre-eustaquio-direto-de-bh\/\",\"url\":\"https:\/\/www.padreeustaquio.com.br\/tv-pai-eterno-vai-transmitir-santa-missa-do-beato-padre-eustaquio-direto-de-bh\/\",\"name\":\"TV Pai Eterno vai transmitir Santa Missa do Beato Padre Eust\u00e1quio direto de BH\",\"isPartOf\":{\"@id\":\"https:\/\/www.padreeustaquio.com.br\/#website\"},\"primaryImageOfPage\":{\"@id\":\"https:\/\/www.padreeustaquio.com.br\/tv-pai-eterno-vai-transmitir-santa-missa-do-beato-padre-eustaquio-direto-de-bh\/#primaryimage\"},\"image\":{\"@id\":\"https:\/\/www.padreeustaquio.com.br\/tv-pai-eterno-vai-transmitir-santa-missa-do-beato-padre-eustaquio-direto-de-bh\/#primaryimage\"},\"thumbnailUrl\":\"https:\/\/www.padreeustaquio.com.br\/wp-content\/uploads\/2021\/08\/Paieterno.png\",\"datePublished\":\"2021-08-26T09:51:40+00:00\",\"dateModified\":\"2021-08-26T09:53:27+00:00\",\"description\":\"A emissora, de inspira\u00e7\u00e3o cat\u00f3lica vai exibir no dia 30 de agosto, \u00e0s 19h a Santa Missa, presidida por Dom Walmor Oliveira de Azevedo, arcebispo de BH e presidente da CNBB.\",\"breadcrumb\":{\"@id\":\"https:\/\/www.padreeustaquio.com.br\/tv-pai-eterno-vai-transmitir-santa-missa-do-beato-padre-eustaquio-direto-de-bh\/#breadcrumb\"},\"inLanguage\":\"en-US\",\"potentialAction\":[{\"@type\":\"ReadAction\",\"target\":[\"https:\/\/www.padreeustaquio.com.br\/tv-pai-eterno-vai-transmitir-santa-missa-do-beato-padre-eustaquio-direto-de-bh\/\"]}]},{\"@type\":\"ImageObject\",\"inLanguage\":\"en-US\",\"@id\":\"https:\/\/www.padreeustaquio.com.br\/tv-pai-eterno-vai-transmitir-santa-missa-do-beato-padre-eustaquio-direto-de-bh\/#primaryimage\",\"url\":\"https:\/\/www.padreeustaquio.com.br\/wp-content\/uploads\/2021\/08\/Paieterno.png\",\"contentUrl\":\"https:\/\/www.padreeustaquio.com.br\/wp-content\/uploads\/2021\/08\/Paieterno.png\",\"width\":529,\"height\":326},{\"@type\":\"BreadcrumbList\",\"@id\":\"https:\/\/www.padreeustaquio.com.br\/tv-pai-eterno-vai-transmitir-santa-missa-do-beato-padre-eustaquio-direto-de-bh\/#breadcrumb\",\"itemListElement\":[{\"@type\":\"ListItem\",\"position\":1,\"name\":\"In\u00edcio\",\"item\":\"https:\/\/www.padreeustaquio.com.br\/\"},{\"@type\":\"ListItem\",\"position\":2,\"name\":\"TV Pai Eterno vai transmitir Santa Missa do Beato Padre Eust\u00e1quio direto de BH\"}]},{\"@type\":\"WebSite\",\"@id\":\"https:\/\/www.padreeustaquio.com.br\/#website\",\"url\":\"https:\/\/www.padreeustaquio.com.br\/\",\"name\":\"Padre Eust\u00e1quio\",\"description\":\"Sa\u00fade e Paz\",\"publisher\":{\"@id\":\"https:\/\/www.padreeustaquio.com.br\/#organization\"},\"potentialAction\":[{\"@type\":\"SearchAction\",\"target\":{\"@type\":\"EntryPoint\",\"urlTemplate\":\"https:\/\/www.padreeustaquio.com.br\/?s={search_term_string}\"},\"query-input\":{\"@type\":\"PropertyValueSpecification\",\"valueRequired\":true,\"valueName\":\"search_term_string\"}}],\"inLanguage\":\"en-US\"},{\"@type\":\"Organization\",\"@id\":\"https:\/\/www.padreeustaquio.com.br\/#organization\",\"name\":\"Padre Eust\u00e1quio\",\"url\":\"https:\/\/www.padreeustaquio.com.br\/\",\"logo\":{\"@type\":\"ImageObject\",\"inLanguage\":\"en-US\",\"@id\":\"https:\/\/www.padreeustaquio.com.br\/#\/schema\/logo\/image\/\",\"url\":\"https:\/\/www.padreeustaquio.com.br\/wp-content\/uploads\/2019\/08\/marca.png\",\"contentUrl\":\"https:\/\/www.padreeustaquio.com.br\/wp-content\/uploads\/2019\/08\/marca.png\",\"width\":350,\"height\":400,\"caption\":\"Padre Eust\u00e1quio\"},\"image\":{\"@id\":\"https:\/\/www.padreeustaquio.com.br\/#\/schema\/logo\/image\/\"},\"sameAs\":[\"https:\/\/www.facebook.com\/beatopadreeustaquio\/\",\"https:\/\/x.com\/beatopeustaquio\",\"https:\/\/www.instagram.com\/beatopadreeustaquio\/\",\"https:\/\/www.youtube.com\/channel\/UCRhw7vfabnajwLxb1ZXMeIw\"]},{\"@type\":\"Person\",\"@id\":\"https:\/\/www.padreeustaquio.com.br\/#\/schema\/person\/a2a51db1d00f1a7af0204a0f1ddb1566\",\"name\":\"@sscc\",\"image\":{\"@type\":\"ImageObject\",\"inLanguage\":\"en-US\",\"@id\":\"https:\/\/secure.gravatar.com\/avatar\/68cfafa5f44617fea54071e215026e0ff06be366c3d54a8425f04fdcb86f8c5f?s=96&d=mm&r=g\",\"url\":\"https:\/\/secure.gravatar.com\/avatar\/68cfafa5f44617fea54071e215026e0ff06be366c3d54a8425f04fdcb86f8c5f?s=96&d=mm&r=g\",\"contentUrl\":\"https:\/\/secure.gravatar.com\/avatar\/68cfafa5f44617fea54071e215026e0ff06be366c3d54a8425f04fdcb86f8c5f?s=96&d=mm&r=g\",\"caption\":\"@sscc\"},\"url\":\"https:\/\/www.padreeustaquio.com.br\/en\/author\/sscc\/\"}]}<\/script>\n<!-- \/ Yoast SEO plugin. -->","yoast_head_json":{"title":"TV Pai Eterno will broadcast the Holy Mass of Blessed Father Eust\u00e1quio live from Belo Horizonte.","description":"The Catholic-inspired station will broadcast the Holy Mass on August 30th at 7 PM, presided over by Dom Walmor Oliveira de Azevedo, Archbishop of Belo Horizonte and president of the CNBB (National Conference of Brazilian Bishops).","robots":{"index":"index","follow":"follow","max-snippet":"max-snippet:-1","max-image-preview":"max-image-preview:large","max-video-preview":"max-video-preview:-1"},"canonical":"https:\/\/www.padreeustaquio.com.br\/en\/tv-pai-eterno-will-broadcast-the-holy-mass-of-blessed-father-eustaquio-live-from-belo-horizonte\/","og_locale":"en_US","og_type":"article","og_title":"TV Pai Eterno vai transmitir Santa Missa do Beato Padre Eust\u00e1quio direto de BH","og_description":"A emissora, de inspira\u00e7\u00e3o cat\u00f3lica vai exibir no dia 30 de agosto, \u00e0s 19h a Santa Missa, presidida por Dom Walmor Oliveira de Azevedo, arcebispo de BH e presidente da CNBB.","og_url":"https:\/\/www.padreeustaquio.com.br\/en\/tv-pai-eterno-will-broadcast-the-holy-mass-of-blessed-father-eustaquio-live-from-belo-horizonte\/","og_site_name":"Padre Eust\u00e1quio","article_publisher":"https:\/\/www.facebook.com\/beatopadreeustaquio\/","article_published_time":"2021-08-26T09:51:40+00:00","article_modified_time":"2021-08-26T09:53:27+00:00","og_image":[{"width":529,"height":326,"url":"https:\/\/www.padreeustaquio.com.br\/wp-content\/uploads\/2021\/08\/Paieterno.png","type":"image\/png"}],"author":"@sscc","twitter_card":"summary_large_image","twitter_creator":"@beatopeustaquio","twitter_site":"@beatopeustaquio","twitter_misc":{"Written by":"@sscc","Est. reading time":"2 minutes"},"schema":{"@context":"https:\/\/schema.org","@graph":[{"@type":"Article","@id":"https:\/\/www.padreeustaquio.com.br\/tv-pai-eterno-vai-transmitir-santa-missa-do-beato-padre-eustaquio-direto-de-bh\/#article","isPartOf":{"@id":"https:\/\/www.padreeustaquio.com.br\/tv-pai-eterno-vai-transmitir-santa-missa-do-beato-padre-eustaquio-direto-de-bh\/"},"author":{"name":"@sscc","@id":"https:\/\/www.padreeustaquio.com.br\/#\/schema\/person\/a2a51db1d00f1a7af0204a0f1ddb1566"},"headline":"TV Pai Eterno vai transmitir Santa Missa do Beato Padre Eust\u00e1quio direto de BH","datePublished":"2021-08-26T09:51:40+00:00","dateModified":"2021-08-26T09:53:27+00:00","mainEntityOfPage":{"@id":"https:\/\/www.padreeustaquio.com.br\/tv-pai-eterno-vai-transmitir-santa-missa-do-beato-padre-eustaquio-direto-de-bh\/"},"wordCount":285,"commentCount":0,"publisher":{"@id":"https:\/\/www.padreeustaquio.com.br\/#organization"},"image":{"@id":"https:\/\/www.padreeustaquio.com.br\/tv-pai-eterno-vai-transmitir-santa-missa-do-beato-padre-eustaquio-direto-de-bh\/#primaryimage"},"thumbnailUrl":"https:\/\/www.padreeustaquio.com.br\/wp-content\/uploads\/2021\/08\/Paieterno.png","articleSection":["Not\u00edcias"],"inLanguage":"en-US","potentialAction":[{"@type":"CommentAction","name":"Comment","target":["https:\/\/www.padreeustaquio.com.br\/tv-pai-eterno-vai-transmitir-santa-missa-do-beato-padre-eustaquio-direto-de-bh\/#respond"]}]},{"@type":"WebPage","@id":"https:\/\/www.padreeustaquio.com.br\/tv-pai-eterno-vai-transmitir-santa-missa-do-beato-padre-eustaquio-direto-de-bh\/","url":"https:\/\/www.padreeustaquio.com.br\/tv-pai-eterno-vai-transmitir-santa-missa-do-beato-padre-eustaquio-direto-de-bh\/","name":"TV Pai Eterno will broadcast the Holy Mass of Blessed Father Eust\u00e1quio live from Belo Horizonte.","isPartOf":{"@id":"https:\/\/www.padreeustaquio.com.br\/#website"},"primaryImageOfPage":{"@id":"https:\/\/www.padreeustaquio.com.br\/tv-pai-eterno-vai-transmitir-santa-missa-do-beato-padre-eustaquio-direto-de-bh\/#primaryimage"},"image":{"@id":"https:\/\/www.padreeustaquio.com.br\/tv-pai-eterno-vai-transmitir-santa-missa-do-beato-padre-eustaquio-direto-de-bh\/#primaryimage"},"thumbnailUrl":"https:\/\/www.padreeustaquio.com.br\/wp-content\/uploads\/2021\/08\/Paieterno.png","datePublished":"2021-08-26T09:51:40+00:00","dateModified":"2021-08-26T09:53:27+00:00","description":"The Catholic-inspired station will broadcast the Holy Mass on August 30th at 7 PM, presided over by Dom Walmor Oliveira de Azevedo, Archbishop of Belo Horizonte and president of the CNBB (National Conference of Brazilian Bishops).","breadcrumb":{"@id":"https:\/\/www.padreeustaquio.com.br\/tv-pai-eterno-vai-transmitir-santa-missa-do-beato-padre-eustaquio-direto-de-bh\/#breadcrumb"},"inLanguage":"en-US","potentialAction":[{"@type":"ReadAction","target":["https:\/\/www.padreeustaquio.com.br\/tv-pai-eterno-vai-transmitir-santa-missa-do-beato-padre-eustaquio-direto-de-bh\/"]}]},{"@type":"ImageObject","inLanguage":"en-US","@id":"https:\/\/www.padreeustaquio.com.br\/tv-pai-eterno-vai-transmitir-santa-missa-do-beato-padre-eustaquio-direto-de-bh\/#primaryimage","url":"https:\/\/www.padreeustaquio.com.br\/wp-content\/uploads\/2021\/08\/Paieterno.png","contentUrl":"https:\/\/www.padreeustaquio.com.br\/wp-content\/uploads\/2021\/08\/Paieterno.png","width":529,"height":326},{"@type":"BreadcrumbList","@id":"https:\/\/www.padreeustaquio.com.br\/tv-pai-eterno-vai-transmitir-santa-missa-do-beato-padre-eustaquio-direto-de-bh\/#breadcrumb","itemListElement":[{"@type":"ListItem","position":1,"name":"In\u00edcio","item":"https:\/\/www.padreeustaquio.com.br\/"},{"@type":"ListItem","position":2,"name":"TV Pai Eterno vai transmitir Santa Missa do Beato Padre Eust\u00e1quio direto de BH"}]},{"@type":"WebSite","@id":"https:\/\/www.padreeustaquio.com.br\/#website","url":"https:\/\/www.padreeustaquio.com.br\/","name":"FATHER EUST\u00c1QUIO","description":"Health and Peace","publisher":{"@id":"https:\/\/www.padreeustaquio.com.br\/#organization"},"potentialAction":[{"@type":"SearchAction","target":{"@type":"EntryPoint","urlTemplate":"https:\/\/www.padreeustaquio.com.br\/?s={search_term_string}"},"query-input":{"@type":"PropertyValueSpecification","valueRequired":true,"valueName":"search_term_string"}}],"inLanguage":"en-US"},{"@type":"Organization","@id":"https:\/\/www.padreeustaquio.com.br\/#organization","name":"FATHER EUST\u00c1QUIO","url":"https:\/\/www.padreeustaquio.com.br\/","logo":{"@type":"ImageObject","inLanguage":"en-US","@id":"https:\/\/www.padreeustaquio.com.br\/#\/schema\/logo\/image\/","url":"https:\/\/www.padreeustaquio.com.br\/wp-content\/uploads\/2019\/08\/marca.png","contentUrl":"https:\/\/www.padreeustaquio.com.br\/wp-content\/uploads\/2019\/08\/marca.png","width":350,"height":400,"caption":"Padre Eust\u00e1quio"},"image":{"@id":"https:\/\/www.padreeustaquio.com.br\/#\/schema\/logo\/image\/"},"sameAs":["https:\/\/www.facebook.com\/beatopadreeustaquio\/","https:\/\/x.com\/beatopeustaquio","https:\/\/www.instagram.com\/beatopadreeustaquio\/","https:\/\/www.youtube.com\/channel\/UCRhw7vfabnajwLxb1ZXMeIw"]},{"@type":"Person","@id":"https:\/\/www.padreeustaquio.com.br\/#\/schema\/person\/a2a51db1d00f1a7af0204a0f1ddb1566","name":"@sscc","image":{"@type":"ImageObject","inLanguage":"en-US","@id":"https:\/\/secure.gravatar.com\/avatar\/68cfafa5f44617fea54071e215026e0ff06be366c3d54a8425f04fdcb86f8c5f?s=96&d=mm&r=g","url":"https:\/\/secure.gravatar.com\/avatar\/68cfafa5f44617fea54071e215026e0ff06be366c3d54a8425f04fdcb86f8c5f?s=96&d=mm&r=g","contentUrl":"https:\/\/secure.gravatar.com\/avatar\/68cfafa5f44617fea54071e215026e0ff06be366c3d54a8425f04fdcb86f8c5f?s=96&d=mm&r=g","caption":"@sscc"},"url":"https:\/\/www.padreeustaquio.com.br\/en\/author\/sscc\/"}]}},"_links":{"self":[{"href":"https:\/\/www.padreeustaquio.com.br\/en\/wp-json\/wp\/v2\/posts\/6716","targetHints":{"allow":["GET"]}}],"collection":[{"href":"https:\/\/www.padreeustaquio.com.br\/en\/wp-json\/wp\/v2\/posts"}],"about":[{"href":"https:\/\/www.padreeustaquio.com.br\/en\/wp-json\/wp\/v2\/types\/post"}],"author":[{"embeddable":true,"href":"https:\/\/www.padreeustaquio.com.br\/en\/wp-json\/wp\/v2\/users\/2"}],"replies":[{"embeddable":true,"href":"https:\/\/www.padreeustaquio.com.br\/en\/wp-json\/wp\/v2\/comments?post=6716"}],"version-history":[{"count":0,"href":"https:\/\/www.padreeustaquio.com.br\/en\/wp-json\/wp\/v2\/posts\/6716\/revisions"}],"wp:featuredmedia":[{"embeddable":true,"href":"https:\/\/www.padreeustaquio.com.br\/en\/wp-json\/wp\/v2\/media\/6719"}],"wp:attachment":[{"href":"https:\/\/www.padreeustaquio.com.br\/en\/wp-json\/wp\/v2\/media?parent=6716"}],"wp:term":[{"taxonomy":"category","embeddable":true,"href":"https:\/\/www.padreeustaquio.com.br\/en\/wp-json\/wp\/v2\/categories?post=6716"},{"taxonomy":"post_tag","embeddable":true,"href":"https:\/\/www.padreeustaquio.com.br\/en\/wp-json\/wp\/v2\/tags?post=6716"}],"curies":[{"name":"wp","href":"https:\/\/api.w.org\/{rel}","templated":true}]}}