{"id":6710,"date":"2021-08-25T05:35:00","date_gmt":"2021-08-25T08:35:00","guid":{"rendered":"https:\/\/www.padreeustaquio.com.br\/?p=6710"},"modified":"2021-08-24T22:53:52","modified_gmt":"2021-08-25T01:53:52","slug":"the-closing-mass-for-the-father-eustaquio-festival-will-be-presided-over-by-dom-walmor","status":"publish","type":"post","link":"https:\/\/www.padreeustaquio.com.br\/en\/the-closing-mass-for-the-father-eustaquio-festival-will-be-presided-over-by-dom-walmor\/","title":{"rendered":"The closing Mass for the Feast of Father Eust\u00e1quio will be presided over by Bishop Walmor."},"content":{"rendered":"<p>The Metropolitan Archbishop of Belo Horizonte and president of the CNBB (National Conference of Brazilian Bishops), Dom Walmor Oliveira de Azevedo, confirmed his participation in the 2021 Feast of Blessed Father Eust\u00e1quio. The archbishop will preside over the closing Mass of the feast, on August 30th, at 7 pm.<\/p>\n\n\n\n<p>The Eucharistic Celebration will also include religious men and women and priests from the Congregation of the Sacred Hearts. The church will be closed, without the presence of devotees, who can follow the festive moment from their homes through the Padre Eust\u00e1quio Channel on YouTube, or through TV Pai Eterno, throughout Brazil.<\/p>\n\n\n\n<p>Every year, Dom Walmor makes a point of participating in the festival and helping to spread the message of Health and Peace, the legacy of Father Eust\u00e1quio. The Archbishop of Belo Horizonte presided over the ceremony in which the Beatification of the Dutch religious figure was proclaimed in 2006, and since then he has presided over one of the festival celebrations every year.<\/p>\n\n\n\n<p>As part of the celebrations for the 100th anniversary of the Archdiocese of Belo Horizonte, Dom Walmor had already celebrated the 15th anniversary of the Beatification of Father Eust\u00e1quio. This took place on June 13th at the Christ the King Cathedral, in a beautiful ceremony attended by a caravan of devotees and faithful from all over the world through the Padre Eust\u00e1quio Channel.<\/p>","protected":false},"excerpt":{"rendered":"<p>O arcebispo metropolitano de Belo Horizonte e presidente da CNBB, Dom Walmor Oliveira de Azevedo, confirmou a participa\u00e7\u00e3o na Festa do Beato Padre Eust\u00e1quio 2021. O arcebispo ir\u00e1 presidir a Santa Missa de encerramento da festa, no dia 30 de agosto, \u00e0s 19h. A Celebra\u00e7\u00e3o Eucar\u00edstica vai contar ainda com religiosos, religiosas e padres da Congrega\u00e7\u00e3o dos Sagrados Cora\u00e7\u00f5es. O templo ficar\u00e1 fechado, sem a presen\u00e7a de devotos, que poder\u00e3o acompanhar o momento festivo de suas casas por meio do Canal Padre Eust\u00e1quio, no YouTube, ou pela TV Pai Eterno, em todo o Brasil. Todos os anos, Dom Walmor faz [&hellip;]<\/p>\n","protected":false},"author":2,"featured_media":6711,"comment_status":"open","ping_status":"closed","sticky":false,"template":"","format":"standard","meta":{"_acf_changed":false,"footnotes":""},"categories":[611],"tags":[],"class_list":["post-6710","post","type-post","status-publish","format-standard","has-post-thumbnail","hentry","category-noticias"],"acf":[],"yoast_head":"<!-- This site is optimized with the Yoast SEO plugin v27.2 - https:\/\/yoast.com\/product\/yoast-seo-wordpress\/ -->\n<title>Missa de encerramento da Festa de Pe. Eust\u00e1quio ser\u00e1 presidida por Dom Walmor<\/title>\n<meta name=\"description\" content=\"O arcebispo metropolitano de Belo Horizonte e presidente da CNBB, Dom Walmor Oliveira de Azevedo, ir\u00e1 presidir a Santa Missa de encerramento da festa, no dia 30 de agosto, \u00e0s 19h.\" \/>\n<meta name=\"robots\" content=\"index, follow, max-snippet:-1, max-image-preview:large, max-video-preview:-1\" \/>\n<link rel=\"canonical\" href=\"https:\/\/www.padreeustaquio.com.br\/en\/the-closing-mass-for-the-father-eustaquio-festival-will-be-presided-over-by-dom-walmor\/\" \/>\n<meta property=\"og:locale\" content=\"en_US\" \/>\n<meta property=\"og:type\" content=\"article\" \/>\n<meta property=\"og:title\" content=\"Missa de encerramento da Festa de Pe. Eust\u00e1quio ser\u00e1 presidida por Dom Walmor\" \/>\n<meta property=\"og:description\" content=\"O arcebispo metropolitano de Belo Horizonte e presidente da CNBB, Dom Walmor Oliveira de Azevedo, ir\u00e1 presidir a Santa Missa de encerramento da festa, no dia 30 de agosto, \u00e0s 19h.\" \/>\n<meta property=\"og:url\" content=\"https:\/\/www.padreeustaquio.com.br\/en\/the-closing-mass-for-the-father-eustaquio-festival-will-be-presided-over-by-dom-walmor\/\" \/>\n<meta property=\"og:site_name\" content=\"Padre Eust\u00e1quio\" \/>\n<meta property=\"article:publisher\" content=\"https:\/\/www.facebook.com\/beatopadreeustaquio\/\" \/>\n<meta property=\"article:published_time\" content=\"2021-08-25T08:35:00+00:00\" \/>\n<meta property=\"og:image\" content=\"https:\/\/www.padreeustaquio.com.br\/wp-content\/uploads\/2021\/08\/dom-walmor-no-pe.png\" \/>\n\t<meta property=\"og:image:width\" content=\"933\" \/>\n\t<meta property=\"og:image:height\" content=\"586\" \/>\n\t<meta property=\"og:image:type\" content=\"image\/png\" \/>\n<meta name=\"author\" content=\"@sscc\" \/>\n<meta name=\"twitter:card\" content=\"summary_large_image\" \/>\n<meta name=\"twitter:creator\" content=\"@beatopeustaquio\" \/>\n<meta name=\"twitter:site\" content=\"@beatopeustaquio\" \/>\n<meta name=\"twitter:label1\" content=\"Written by\" \/>\n\t<meta name=\"twitter:data1\" content=\"@sscc\" \/>\n\t<meta name=\"twitter:label2\" content=\"Est. reading time\" \/>\n\t<meta name=\"twitter:data2\" content=\"1 minute\" \/>\n<script type=\"application\/ld+json\" class=\"yoast-schema-graph\">{\"@context\":\"https:\/\/schema.org\",\"@graph\":[{\"@type\":\"Article\",\"@id\":\"https:\/\/www.padreeustaquio.com.br\/missa-de-encerramento-da-festa-de-pe-eustaquio-sera-presidida-por-dom-walmor\/#article\",\"isPartOf\":{\"@id\":\"https:\/\/www.padreeustaquio.com.br\/missa-de-encerramento-da-festa-de-pe-eustaquio-sera-presidida-por-dom-walmor\/\"},\"author\":{\"name\":\"@sscc\",\"@id\":\"https:\/\/www.padreeustaquio.com.br\/#\/schema\/person\/a2a51db1d00f1a7af0204a0f1ddb1566\"},\"headline\":\"Missa de encerramento da Festa de Pe. Eust\u00e1quio ser\u00e1 presidida por Dom Walmor\",\"datePublished\":\"2021-08-25T08:35:00+00:00\",\"mainEntityOfPage\":{\"@id\":\"https:\/\/www.padreeustaquio.com.br\/missa-de-encerramento-da-festa-de-pe-eustaquio-sera-presidida-por-dom-walmor\/\"},\"wordCount\":239,\"commentCount\":0,\"publisher\":{\"@id\":\"https:\/\/www.padreeustaquio.com.br\/#organization\"},\"image\":{\"@id\":\"https:\/\/www.padreeustaquio.com.br\/missa-de-encerramento-da-festa-de-pe-eustaquio-sera-presidida-por-dom-walmor\/#primaryimage\"},\"thumbnailUrl\":\"https:\/\/www.padreeustaquio.com.br\/wp-content\/uploads\/2021\/08\/dom-walmor-no-pe.png\",\"articleSection\":[\"Not\u00edcias\"],\"inLanguage\":\"en-US\",\"potentialAction\":[{\"@type\":\"CommentAction\",\"name\":\"Comment\",\"target\":[\"https:\/\/www.padreeustaquio.com.br\/missa-de-encerramento-da-festa-de-pe-eustaquio-sera-presidida-por-dom-walmor\/#respond\"]}]},{\"@type\":\"WebPage\",\"@id\":\"https:\/\/www.padreeustaquio.com.br\/missa-de-encerramento-da-festa-de-pe-eustaquio-sera-presidida-por-dom-walmor\/\",\"url\":\"https:\/\/www.padreeustaquio.com.br\/missa-de-encerramento-da-festa-de-pe-eustaquio-sera-presidida-por-dom-walmor\/\",\"name\":\"Missa de encerramento da Festa de Pe. Eust\u00e1quio ser\u00e1 presidida por Dom Walmor\",\"isPartOf\":{\"@id\":\"https:\/\/www.padreeustaquio.com.br\/#website\"},\"primaryImageOfPage\":{\"@id\":\"https:\/\/www.padreeustaquio.com.br\/missa-de-encerramento-da-festa-de-pe-eustaquio-sera-presidida-por-dom-walmor\/#primaryimage\"},\"image\":{\"@id\":\"https:\/\/www.padreeustaquio.com.br\/missa-de-encerramento-da-festa-de-pe-eustaquio-sera-presidida-por-dom-walmor\/#primaryimage\"},\"thumbnailUrl\":\"https:\/\/www.padreeustaquio.com.br\/wp-content\/uploads\/2021\/08\/dom-walmor-no-pe.png\",\"datePublished\":\"2021-08-25T08:35:00+00:00\",\"description\":\"O arcebispo metropolitano de Belo Horizonte e presidente da CNBB, Dom Walmor Oliveira de Azevedo, ir\u00e1 presidir a Santa Missa de encerramento da festa, no dia 30 de agosto, \u00e0s 19h.\",\"breadcrumb\":{\"@id\":\"https:\/\/www.padreeustaquio.com.br\/missa-de-encerramento-da-festa-de-pe-eustaquio-sera-presidida-por-dom-walmor\/#breadcrumb\"},\"inLanguage\":\"en-US\",\"potentialAction\":[{\"@type\":\"ReadAction\",\"target\":[\"https:\/\/www.padreeustaquio.com.br\/missa-de-encerramento-da-festa-de-pe-eustaquio-sera-presidida-por-dom-walmor\/\"]}]},{\"@type\":\"ImageObject\",\"inLanguage\":\"en-US\",\"@id\":\"https:\/\/www.padreeustaquio.com.br\/missa-de-encerramento-da-festa-de-pe-eustaquio-sera-presidida-por-dom-walmor\/#primaryimage\",\"url\":\"https:\/\/www.padreeustaquio.com.br\/wp-content\/uploads\/2021\/08\/dom-walmor-no-pe.png\",\"contentUrl\":\"https:\/\/www.padreeustaquio.com.br\/wp-content\/uploads\/2021\/08\/dom-walmor-no-pe.png\",\"width\":933,\"height\":586},{\"@type\":\"BreadcrumbList\",\"@id\":\"https:\/\/www.padreeustaquio.com.br\/missa-de-encerramento-da-festa-de-pe-eustaquio-sera-presidida-por-dom-walmor\/#breadcrumb\",\"itemListElement\":[{\"@type\":\"ListItem\",\"position\":1,\"name\":\"In\u00edcio\",\"item\":\"https:\/\/www.padreeustaquio.com.br\/\"},{\"@type\":\"ListItem\",\"position\":2,\"name\":\"Missa de encerramento da Festa de Pe. Eust\u00e1quio ser\u00e1 presidida por Dom Walmor\"}]},{\"@type\":\"WebSite\",\"@id\":\"https:\/\/www.padreeustaquio.com.br\/#website\",\"url\":\"https:\/\/www.padreeustaquio.com.br\/\",\"name\":\"Padre Eust\u00e1quio\",\"description\":\"Sa\u00fade e Paz\",\"publisher\":{\"@id\":\"https:\/\/www.padreeustaquio.com.br\/#organization\"},\"potentialAction\":[{\"@type\":\"SearchAction\",\"target\":{\"@type\":\"EntryPoint\",\"urlTemplate\":\"https:\/\/www.padreeustaquio.com.br\/?s={search_term_string}\"},\"query-input\":{\"@type\":\"PropertyValueSpecification\",\"valueRequired\":true,\"valueName\":\"search_term_string\"}}],\"inLanguage\":\"en-US\"},{\"@type\":\"Organization\",\"@id\":\"https:\/\/www.padreeustaquio.com.br\/#organization\",\"name\":\"Padre Eust\u00e1quio\",\"url\":\"https:\/\/www.padreeustaquio.com.br\/\",\"logo\":{\"@type\":\"ImageObject\",\"inLanguage\":\"en-US\",\"@id\":\"https:\/\/www.padreeustaquio.com.br\/#\/schema\/logo\/image\/\",\"url\":\"https:\/\/www.padreeustaquio.com.br\/wp-content\/uploads\/2019\/08\/marca.png\",\"contentUrl\":\"https:\/\/www.padreeustaquio.com.br\/wp-content\/uploads\/2019\/08\/marca.png\",\"width\":350,\"height\":400,\"caption\":\"Padre Eust\u00e1quio\"},\"image\":{\"@id\":\"https:\/\/www.padreeustaquio.com.br\/#\/schema\/logo\/image\/\"},\"sameAs\":[\"https:\/\/www.facebook.com\/beatopadreeustaquio\/\",\"https:\/\/x.com\/beatopeustaquio\",\"https:\/\/www.instagram.com\/beatopadreeustaquio\/\",\"https:\/\/www.youtube.com\/channel\/UCRhw7vfabnajwLxb1ZXMeIw\"]},{\"@type\":\"Person\",\"@id\":\"https:\/\/www.padreeustaquio.com.br\/#\/schema\/person\/a2a51db1d00f1a7af0204a0f1ddb1566\",\"name\":\"@sscc\",\"image\":{\"@type\":\"ImageObject\",\"inLanguage\":\"en-US\",\"@id\":\"https:\/\/secure.gravatar.com\/avatar\/68cfafa5f44617fea54071e215026e0ff06be366c3d54a8425f04fdcb86f8c5f?s=96&d=mm&r=g\",\"url\":\"https:\/\/secure.gravatar.com\/avatar\/68cfafa5f44617fea54071e215026e0ff06be366c3d54a8425f04fdcb86f8c5f?s=96&d=mm&r=g\",\"contentUrl\":\"https:\/\/secure.gravatar.com\/avatar\/68cfafa5f44617fea54071e215026e0ff06be366c3d54a8425f04fdcb86f8c5f?s=96&d=mm&r=g\",\"caption\":\"@sscc\"},\"url\":\"https:\/\/www.padreeustaquio.com.br\/en\/author\/sscc\/\"}]}<\/script>\n<!-- \/ Yoast SEO plugin. -->","yoast_head_json":{"title":"The closing Mass for the Feast of Father Eust\u00e1quio will be presided over by Bishop Walmor.","description":"The Metropolitan Archbishop of Belo Horizonte and president of the CNBB (National Conference of Brazilian Bishops), Dom Walmor Oliveira de Azevedo, will preside over the closing Mass of the festivities on August 30th at 7 PM.","robots":{"index":"index","follow":"follow","max-snippet":"max-snippet:-1","max-image-preview":"max-image-preview:large","max-video-preview":"max-video-preview:-1"},"canonical":"https:\/\/www.padreeustaquio.com.br\/en\/the-closing-mass-for-the-father-eustaquio-festival-will-be-presided-over-by-dom-walmor\/","og_locale":"en_US","og_type":"article","og_title":"Missa de encerramento da Festa de Pe. Eust\u00e1quio ser\u00e1 presidida por Dom Walmor","og_description":"O arcebispo metropolitano de Belo Horizonte e presidente da CNBB, Dom Walmor Oliveira de Azevedo, ir\u00e1 presidir a Santa Missa de encerramento da festa, no dia 30 de agosto, \u00e0s 19h.","og_url":"https:\/\/www.padreeustaquio.com.br\/en\/the-closing-mass-for-the-father-eustaquio-festival-will-be-presided-over-by-dom-walmor\/","og_site_name":"Padre Eust\u00e1quio","article_publisher":"https:\/\/www.facebook.com\/beatopadreeustaquio\/","article_published_time":"2021-08-25T08:35:00+00:00","og_image":[{"width":933,"height":586,"url":"https:\/\/www.padreeustaquio.com.br\/wp-content\/uploads\/2021\/08\/dom-walmor-no-pe.png","type":"image\/png"}],"author":"@sscc","twitter_card":"summary_large_image","twitter_creator":"@beatopeustaquio","twitter_site":"@beatopeustaquio","twitter_misc":{"Written by":"@sscc","Est. reading time":"1 minute"},"schema":{"@context":"https:\/\/schema.org","@graph":[{"@type":"Article","@id":"https:\/\/www.padreeustaquio.com.br\/missa-de-encerramento-da-festa-de-pe-eustaquio-sera-presidida-por-dom-walmor\/#article","isPartOf":{"@id":"https:\/\/www.padreeustaquio.com.br\/missa-de-encerramento-da-festa-de-pe-eustaquio-sera-presidida-por-dom-walmor\/"},"author":{"name":"@sscc","@id":"https:\/\/www.padreeustaquio.com.br\/#\/schema\/person\/a2a51db1d00f1a7af0204a0f1ddb1566"},"headline":"Missa de encerramento da Festa de Pe. Eust\u00e1quio ser\u00e1 presidida por Dom Walmor","datePublished":"2021-08-25T08:35:00+00:00","mainEntityOfPage":{"@id":"https:\/\/www.padreeustaquio.com.br\/missa-de-encerramento-da-festa-de-pe-eustaquio-sera-presidida-por-dom-walmor\/"},"wordCount":239,"commentCount":0,"publisher":{"@id":"https:\/\/www.padreeustaquio.com.br\/#organization"},"image":{"@id":"https:\/\/www.padreeustaquio.com.br\/missa-de-encerramento-da-festa-de-pe-eustaquio-sera-presidida-por-dom-walmor\/#primaryimage"},"thumbnailUrl":"https:\/\/www.padreeustaquio.com.br\/wp-content\/uploads\/2021\/08\/dom-walmor-no-pe.png","articleSection":["Not\u00edcias"],"inLanguage":"en-US","potentialAction":[{"@type":"CommentAction","name":"Comment","target":["https:\/\/www.padreeustaquio.com.br\/missa-de-encerramento-da-festa-de-pe-eustaquio-sera-presidida-por-dom-walmor\/#respond"]}]},{"@type":"WebPage","@id":"https:\/\/www.padreeustaquio.com.br\/missa-de-encerramento-da-festa-de-pe-eustaquio-sera-presidida-por-dom-walmor\/","url":"https:\/\/www.padreeustaquio.com.br\/missa-de-encerramento-da-festa-de-pe-eustaquio-sera-presidida-por-dom-walmor\/","name":"The closing Mass for the Feast of Father Eust\u00e1quio will be presided over by Bishop Walmor.","isPartOf":{"@id":"https:\/\/www.padreeustaquio.com.br\/#website"},"primaryImageOfPage":{"@id":"https:\/\/www.padreeustaquio.com.br\/missa-de-encerramento-da-festa-de-pe-eustaquio-sera-presidida-por-dom-walmor\/#primaryimage"},"image":{"@id":"https:\/\/www.padreeustaquio.com.br\/missa-de-encerramento-da-festa-de-pe-eustaquio-sera-presidida-por-dom-walmor\/#primaryimage"},"thumbnailUrl":"https:\/\/www.padreeustaquio.com.br\/wp-content\/uploads\/2021\/08\/dom-walmor-no-pe.png","datePublished":"2021-08-25T08:35:00+00:00","description":"The Metropolitan Archbishop of Belo Horizonte and president of the CNBB (National Conference of Brazilian Bishops), Dom Walmor Oliveira de Azevedo, will preside over the closing Mass of the festivities on August 30th at 7 PM.","breadcrumb":{"@id":"https:\/\/www.padreeustaquio.com.br\/missa-de-encerramento-da-festa-de-pe-eustaquio-sera-presidida-por-dom-walmor\/#breadcrumb"},"inLanguage":"en-US","potentialAction":[{"@type":"ReadAction","target":["https:\/\/www.padreeustaquio.com.br\/missa-de-encerramento-da-festa-de-pe-eustaquio-sera-presidida-por-dom-walmor\/"]}]},{"@type":"ImageObject","inLanguage":"en-US","@id":"https:\/\/www.padreeustaquio.com.br\/missa-de-encerramento-da-festa-de-pe-eustaquio-sera-presidida-por-dom-walmor\/#primaryimage","url":"https:\/\/www.padreeustaquio.com.br\/wp-content\/uploads\/2021\/08\/dom-walmor-no-pe.png","contentUrl":"https:\/\/www.padreeustaquio.com.br\/wp-content\/uploads\/2021\/08\/dom-walmor-no-pe.png","width":933,"height":586},{"@type":"BreadcrumbList","@id":"https:\/\/www.padreeustaquio.com.br\/missa-de-encerramento-da-festa-de-pe-eustaquio-sera-presidida-por-dom-walmor\/#breadcrumb","itemListElement":[{"@type":"ListItem","position":1,"name":"In\u00edcio","item":"https:\/\/www.padreeustaquio.com.br\/"},{"@type":"ListItem","position":2,"name":"Missa de encerramento da Festa de Pe. Eust\u00e1quio ser\u00e1 presidida por Dom Walmor"}]},{"@type":"WebSite","@id":"https:\/\/www.padreeustaquio.com.br\/#website","url":"https:\/\/www.padreeustaquio.com.br\/","name":"FATHER EUST\u00c1QUIO","description":"Health and Peace","publisher":{"@id":"https:\/\/www.padreeustaquio.com.br\/#organization"},"potentialAction":[{"@type":"SearchAction","target":{"@type":"EntryPoint","urlTemplate":"https:\/\/www.padreeustaquio.com.br\/?s={search_term_string}"},"query-input":{"@type":"PropertyValueSpecification","valueRequired":true,"valueName":"search_term_string"}}],"inLanguage":"en-US"},{"@type":"Organization","@id":"https:\/\/www.padreeustaquio.com.br\/#organization","name":"FATHER EUST\u00c1QUIO","url":"https:\/\/www.padreeustaquio.com.br\/","logo":{"@type":"ImageObject","inLanguage":"en-US","@id":"https:\/\/www.padreeustaquio.com.br\/#\/schema\/logo\/image\/","url":"https:\/\/www.padreeustaquio.com.br\/wp-content\/uploads\/2019\/08\/marca.png","contentUrl":"https:\/\/www.padreeustaquio.com.br\/wp-content\/uploads\/2019\/08\/marca.png","width":350,"height":400,"caption":"Padre Eust\u00e1quio"},"image":{"@id":"https:\/\/www.padreeustaquio.com.br\/#\/schema\/logo\/image\/"},"sameAs":["https:\/\/www.facebook.com\/beatopadreeustaquio\/","https:\/\/x.com\/beatopeustaquio","https:\/\/www.instagram.com\/beatopadreeustaquio\/","https:\/\/www.youtube.com\/channel\/UCRhw7vfabnajwLxb1ZXMeIw"]},{"@type":"Person","@id":"https:\/\/www.padreeustaquio.com.br\/#\/schema\/person\/a2a51db1d00f1a7af0204a0f1ddb1566","name":"@sscc","image":{"@type":"ImageObject","inLanguage":"en-US","@id":"https:\/\/secure.gravatar.com\/avatar\/68cfafa5f44617fea54071e215026e0ff06be366c3d54a8425f04fdcb86f8c5f?s=96&d=mm&r=g","url":"https:\/\/secure.gravatar.com\/avatar\/68cfafa5f44617fea54071e215026e0ff06be366c3d54a8425f04fdcb86f8c5f?s=96&d=mm&r=g","contentUrl":"https:\/\/secure.gravatar.com\/avatar\/68cfafa5f44617fea54071e215026e0ff06be366c3d54a8425f04fdcb86f8c5f?s=96&d=mm&r=g","caption":"@sscc"},"url":"https:\/\/www.padreeustaquio.com.br\/en\/author\/sscc\/"}]}},"_links":{"self":[{"href":"https:\/\/www.padreeustaquio.com.br\/en\/wp-json\/wp\/v2\/posts\/6710","targetHints":{"allow":["GET"]}}],"collection":[{"href":"https:\/\/www.padreeustaquio.com.br\/en\/wp-json\/wp\/v2\/posts"}],"about":[{"href":"https:\/\/www.padreeustaquio.com.br\/en\/wp-json\/wp\/v2\/types\/post"}],"author":[{"embeddable":true,"href":"https:\/\/www.padreeustaquio.com.br\/en\/wp-json\/wp\/v2\/users\/2"}],"replies":[{"embeddable":true,"href":"https:\/\/www.padreeustaquio.com.br\/en\/wp-json\/wp\/v2\/comments?post=6710"}],"version-history":[{"count":0,"href":"https:\/\/www.padreeustaquio.com.br\/en\/wp-json\/wp\/v2\/posts\/6710\/revisions"}],"wp:featuredmedia":[{"embeddable":true,"href":"https:\/\/www.padreeustaquio.com.br\/en\/wp-json\/wp\/v2\/media\/6711"}],"wp:attachment":[{"href":"https:\/\/www.padreeustaquio.com.br\/en\/wp-json\/wp\/v2\/media?parent=6710"}],"wp:term":[{"taxonomy":"category","embeddable":true,"href":"https:\/\/www.padreeustaquio.com.br\/en\/wp-json\/wp\/v2\/categories?post=6710"},{"taxonomy":"post_tag","embeddable":true,"href":"https:\/\/www.padreeustaquio.com.br\/en\/wp-json\/wp\/v2\/tags?post=6710"}],"curies":[{"name":"wp","href":"https:\/\/api.w.org\/{rel}","templated":true}]}}