{"id":6703,"date":"2021-08-24T05:57:00","date_gmt":"2021-08-24T08:57:00","guid":{"rendered":"https:\/\/www.padreeustaquio.com.br\/?p=6703"},"modified":"2021-08-22T22:01:58","modified_gmt":"2021-08-23T01:01:58","slug":"father-eustaquios-festival-will-have-a-special-celebration-for-the-victims-of-covid-19","status":"publish","type":"post","link":"https:\/\/www.padreeustaquio.com.br\/en\/father-eustaquios-festival-will-have-a-special-celebration-for-the-victims-of-covid-19\/","title":{"rendered":"The Padre Eust\u00e1quio festival will have a special celebration for the victims of Covid-19."},"content":{"rendered":"<p>Known as the Missionary of Health and Peace, Father Eust\u00e1quio is regarded by devotees as the one who intercedes with God for the health of the body and the peace of souls. In this spirit, this year&#039;s Feast will include a moment of prayer for those who have died as victims of the Coronavirus.<\/p>\n\n\n\n<p>Next Friday, the 27th, as part of the celebrations for the Blessed&#039;s Day, there will be a Mass at 3 pm, without the presence of the faithful. In place of the devotees, photos of people who died as a result of Covid-19 will occupy the church pews.<\/p>\n\n\n\n<p>We are receiving photos of family and friends of devotees at the Sanctuary&#039;s office or by email: <a href=\"mailto:contato@padreeustaquio.com.br\">contato@padreeustaquio.com.br<\/a>. The celebration will not have an audience, but it will be followed by... <a href=\"https:\/\/www.youtube.com\/channel\/UCRhw7vfabnajwLxb1ZXMeIw\" target=\"_blank\" rel=\"noreferrer noopener\">Padre Eust\u00e1quio&#039;s YouTube channel.<\/a><\/p>\n\n\n\n<p>In solidarity with the families of the more than 574,000 Brazilian victims, we will pray for the relatives and friends who are still trying to overcome the pain of loss. We will ask God, through the intercession of Father Eust\u00e1quio, for health for all and peace for those who suffer and are in pain.<\/p>","protected":false},"excerpt":{"rendered":"<p>Conhecido como o Mission\u00e1rio da Sa\u00fade e Paz, Padre Eust\u00e1quio \u00e9 tido pelos devotos como aquele que intercede a Deus pela sa\u00fade do corpo e pela paz das almas. Neste sentido, a Festa deste ano ter\u00e1 um momento de ora\u00e7\u00e3o pelas pessoas que morreram, v\u00edtimas do Coronav\u00edrus. Na pr\u00f3xima sexta-feira, dia 27, dentro da programa\u00e7\u00e3o das comemora\u00e7\u00f5es do dia do Beato, haver\u00e1 uma Missa, \u00e0s 15h, sem a presen\u00e7a dos fi\u00e9is. No lugar dos devotos, fotos de pessoas que morreram em decorr\u00eancia da Covid-19 ocupar\u00e3o os bancos da igreja. Estamos recebendo as fotos de familiares e amigos dos devotos na [&hellip;]<\/p>\n","protected":false},"author":2,"featured_media":6704,"comment_status":"open","ping_status":"closed","sticky":false,"template":"","format":"standard","meta":{"_acf_changed":false,"footnotes":""},"categories":[611],"tags":[],"class_list":["post-6703","post","type-post","status-publish","format-standard","has-post-thumbnail","hentry","category-noticias"],"acf":[],"yoast_head":"<!-- This site is optimized with the Yoast SEO plugin v27.2 - https:\/\/yoast.com\/product\/yoast-seo-wordpress\/ -->\n<title>Festa de Padre Eust\u00e1quio ter\u00e1 celebra\u00e7\u00e3o especial pelas v\u00edtimas da Covid-19<\/title>\n<meta name=\"description\" content=\"Conhecido como o Mission\u00e1rio da Sa\u00fade e Paz, Padre Eust\u00e1quio intercede pela sa\u00fade do corpo e pela paz das almas, por isso, a festa deste ano ter\u00e1 uma missa pelas v\u00edtimas do Coronav\u00edrus.\" \/>\n<meta name=\"robots\" content=\"index, follow, max-snippet:-1, max-image-preview:large, max-video-preview:-1\" \/>\n<link rel=\"canonical\" href=\"https:\/\/www.padreeustaquio.com.br\/en\/father-eustaquios-festival-will-have-a-special-celebration-for-the-victims-of-covid-19\/\" \/>\n<meta property=\"og:locale\" content=\"en_US\" \/>\n<meta property=\"og:type\" content=\"article\" \/>\n<meta property=\"og:title\" content=\"Festa de Padre Eust\u00e1quio ter\u00e1 celebra\u00e7\u00e3o especial pelas v\u00edtimas da Covid-19\" \/>\n<meta property=\"og:description\" content=\"Conhecido como o Mission\u00e1rio da Sa\u00fade e Paz, Padre Eust\u00e1quio intercede pela sa\u00fade do corpo e pela paz das almas, por isso, a festa deste ano ter\u00e1 uma missa pelas v\u00edtimas do Coronav\u00edrus.\" \/>\n<meta property=\"og:url\" content=\"https:\/\/www.padreeustaquio.com.br\/en\/father-eustaquios-festival-will-have-a-special-celebration-for-the-victims-of-covid-19\/\" \/>\n<meta property=\"og:site_name\" content=\"Padre Eust\u00e1quio\" \/>\n<meta property=\"article:publisher\" content=\"https:\/\/www.facebook.com\/beatopadreeustaquio\/\" \/>\n<meta property=\"article:published_time\" content=\"2021-08-24T08:57:00+00:00\" \/>\n<meta property=\"og:image\" content=\"https:\/\/www.padreeustaquio.com.br\/wp-content\/uploads\/2021\/08\/27-15h.jpg\" \/>\n\t<meta property=\"og:image:width\" content=\"1920\" \/>\n\t<meta property=\"og:image:height\" content=\"1080\" \/>\n\t<meta property=\"og:image:type\" content=\"image\/jpeg\" \/>\n<meta name=\"author\" content=\"@sscc\" \/>\n<meta name=\"twitter:card\" content=\"summary_large_image\" \/>\n<meta name=\"twitter:creator\" content=\"@beatopeustaquio\" \/>\n<meta name=\"twitter:site\" content=\"@beatopeustaquio\" \/>\n<meta name=\"twitter:label1\" content=\"Written by\" \/>\n\t<meta name=\"twitter:data1\" content=\"@sscc\" \/>\n\t<meta name=\"twitter:label2\" content=\"Est. reading time\" \/>\n\t<meta name=\"twitter:data2\" content=\"1 minute\" \/>\n<script type=\"application\/ld+json\" class=\"yoast-schema-graph\">{\"@context\":\"https:\/\/schema.org\",\"@graph\":[{\"@type\":\"Article\",\"@id\":\"https:\/\/www.padreeustaquio.com.br\/festa-de-padre-eustaquio-tera-celebracao-especial-pelas-vitimas-da-covid-19\/#article\",\"isPartOf\":{\"@id\":\"https:\/\/www.padreeustaquio.com.br\/festa-de-padre-eustaquio-tera-celebracao-especial-pelas-vitimas-da-covid-19\/\"},\"author\":{\"name\":\"@sscc\",\"@id\":\"https:\/\/www.padreeustaquio.com.br\/#\/schema\/person\/a2a51db1d00f1a7af0204a0f1ddb1566\"},\"headline\":\"Festa de Padre Eust\u00e1quio ter\u00e1 celebra\u00e7\u00e3o especial pelas v\u00edtimas da Covid-19\",\"datePublished\":\"2021-08-24T08:57:00+00:00\",\"mainEntityOfPage\":{\"@id\":\"https:\/\/www.padreeustaquio.com.br\/festa-de-padre-eustaquio-tera-celebracao-especial-pelas-vitimas-da-covid-19\/\"},\"wordCount\":201,\"commentCount\":0,\"publisher\":{\"@id\":\"https:\/\/www.padreeustaquio.com.br\/#organization\"},\"image\":{\"@id\":\"https:\/\/www.padreeustaquio.com.br\/festa-de-padre-eustaquio-tera-celebracao-especial-pelas-vitimas-da-covid-19\/#primaryimage\"},\"thumbnailUrl\":\"https:\/\/www.padreeustaquio.com.br\/wp-content\/uploads\/2021\/08\/27-15h.jpg\",\"articleSection\":[\"Not\u00edcias\"],\"inLanguage\":\"en-US\",\"potentialAction\":[{\"@type\":\"CommentAction\",\"name\":\"Comment\",\"target\":[\"https:\/\/www.padreeustaquio.com.br\/festa-de-padre-eustaquio-tera-celebracao-especial-pelas-vitimas-da-covid-19\/#respond\"]}]},{\"@type\":\"WebPage\",\"@id\":\"https:\/\/www.padreeustaquio.com.br\/festa-de-padre-eustaquio-tera-celebracao-especial-pelas-vitimas-da-covid-19\/\",\"url\":\"https:\/\/www.padreeustaquio.com.br\/festa-de-padre-eustaquio-tera-celebracao-especial-pelas-vitimas-da-covid-19\/\",\"name\":\"Festa de Padre Eust\u00e1quio ter\u00e1 celebra\u00e7\u00e3o especial pelas v\u00edtimas da Covid-19\",\"isPartOf\":{\"@id\":\"https:\/\/www.padreeustaquio.com.br\/#website\"},\"primaryImageOfPage\":{\"@id\":\"https:\/\/www.padreeustaquio.com.br\/festa-de-padre-eustaquio-tera-celebracao-especial-pelas-vitimas-da-covid-19\/#primaryimage\"},\"image\":{\"@id\":\"https:\/\/www.padreeustaquio.com.br\/festa-de-padre-eustaquio-tera-celebracao-especial-pelas-vitimas-da-covid-19\/#primaryimage\"},\"thumbnailUrl\":\"https:\/\/www.padreeustaquio.com.br\/wp-content\/uploads\/2021\/08\/27-15h.jpg\",\"datePublished\":\"2021-08-24T08:57:00+00:00\",\"description\":\"Conhecido como o Mission\u00e1rio da Sa\u00fade e Paz, Padre Eust\u00e1quio intercede pela sa\u00fade do corpo e pela paz das almas, por isso, a festa deste ano ter\u00e1 uma missa pelas v\u00edtimas do Coronav\u00edrus.\",\"breadcrumb\":{\"@id\":\"https:\/\/www.padreeustaquio.com.br\/festa-de-padre-eustaquio-tera-celebracao-especial-pelas-vitimas-da-covid-19\/#breadcrumb\"},\"inLanguage\":\"en-US\",\"potentialAction\":[{\"@type\":\"ReadAction\",\"target\":[\"https:\/\/www.padreeustaquio.com.br\/festa-de-padre-eustaquio-tera-celebracao-especial-pelas-vitimas-da-covid-19\/\"]}]},{\"@type\":\"ImageObject\",\"inLanguage\":\"en-US\",\"@id\":\"https:\/\/www.padreeustaquio.com.br\/festa-de-padre-eustaquio-tera-celebracao-especial-pelas-vitimas-da-covid-19\/#primaryimage\",\"url\":\"https:\/\/www.padreeustaquio.com.br\/wp-content\/uploads\/2021\/08\/27-15h.jpg\",\"contentUrl\":\"https:\/\/www.padreeustaquio.com.br\/wp-content\/uploads\/2021\/08\/27-15h.jpg\",\"width\":1920,\"height\":1080},{\"@type\":\"BreadcrumbList\",\"@id\":\"https:\/\/www.padreeustaquio.com.br\/festa-de-padre-eustaquio-tera-celebracao-especial-pelas-vitimas-da-covid-19\/#breadcrumb\",\"itemListElement\":[{\"@type\":\"ListItem\",\"position\":1,\"name\":\"In\u00edcio\",\"item\":\"https:\/\/www.padreeustaquio.com.br\/\"},{\"@type\":\"ListItem\",\"position\":2,\"name\":\"Festa de Padre Eust\u00e1quio ter\u00e1 celebra\u00e7\u00e3o especial pelas v\u00edtimas da Covid-19\"}]},{\"@type\":\"WebSite\",\"@id\":\"https:\/\/www.padreeustaquio.com.br\/#website\",\"url\":\"https:\/\/www.padreeustaquio.com.br\/\",\"name\":\"Padre Eust\u00e1quio\",\"description\":\"Sa\u00fade e Paz\",\"publisher\":{\"@id\":\"https:\/\/www.padreeustaquio.com.br\/#organization\"},\"potentialAction\":[{\"@type\":\"SearchAction\",\"target\":{\"@type\":\"EntryPoint\",\"urlTemplate\":\"https:\/\/www.padreeustaquio.com.br\/?s={search_term_string}\"},\"query-input\":{\"@type\":\"PropertyValueSpecification\",\"valueRequired\":true,\"valueName\":\"search_term_string\"}}],\"inLanguage\":\"en-US\"},{\"@type\":\"Organization\",\"@id\":\"https:\/\/www.padreeustaquio.com.br\/#organization\",\"name\":\"Padre Eust\u00e1quio\",\"url\":\"https:\/\/www.padreeustaquio.com.br\/\",\"logo\":{\"@type\":\"ImageObject\",\"inLanguage\":\"en-US\",\"@id\":\"https:\/\/www.padreeustaquio.com.br\/#\/schema\/logo\/image\/\",\"url\":\"https:\/\/www.padreeustaquio.com.br\/wp-content\/uploads\/2019\/08\/marca.png\",\"contentUrl\":\"https:\/\/www.padreeustaquio.com.br\/wp-content\/uploads\/2019\/08\/marca.png\",\"width\":350,\"height\":400,\"caption\":\"Padre Eust\u00e1quio\"},\"image\":{\"@id\":\"https:\/\/www.padreeustaquio.com.br\/#\/schema\/logo\/image\/\"},\"sameAs\":[\"https:\/\/www.facebook.com\/beatopadreeustaquio\/\",\"https:\/\/x.com\/beatopeustaquio\",\"https:\/\/www.instagram.com\/beatopadreeustaquio\/\",\"https:\/\/www.youtube.com\/channel\/UCRhw7vfabnajwLxb1ZXMeIw\"]},{\"@type\":\"Person\",\"@id\":\"https:\/\/www.padreeustaquio.com.br\/#\/schema\/person\/a2a51db1d00f1a7af0204a0f1ddb1566\",\"name\":\"@sscc\",\"image\":{\"@type\":\"ImageObject\",\"inLanguage\":\"en-US\",\"@id\":\"https:\/\/secure.gravatar.com\/avatar\/68cfafa5f44617fea54071e215026e0ff06be366c3d54a8425f04fdcb86f8c5f?s=96&d=mm&r=g\",\"url\":\"https:\/\/secure.gravatar.com\/avatar\/68cfafa5f44617fea54071e215026e0ff06be366c3d54a8425f04fdcb86f8c5f?s=96&d=mm&r=g\",\"contentUrl\":\"https:\/\/secure.gravatar.com\/avatar\/68cfafa5f44617fea54071e215026e0ff06be366c3d54a8425f04fdcb86f8c5f?s=96&d=mm&r=g\",\"caption\":\"@sscc\"},\"url\":\"https:\/\/www.padreeustaquio.com.br\/en\/author\/sscc\/\"}]}<\/script>\n<!-- \/ Yoast SEO plugin. -->","yoast_head_json":{"title":"The Padre Eust\u00e1quio festival will have a special celebration for the victims of Covid-19.","description":"Known as the Missionary of Health and Peace, Father Eust\u00e1quio intercedes for the health of the body and the peace of souls; therefore, this year&#039;s celebration will include a mass for the victims of the Coronavirus.","robots":{"index":"index","follow":"follow","max-snippet":"max-snippet:-1","max-image-preview":"max-image-preview:large","max-video-preview":"max-video-preview:-1"},"canonical":"https:\/\/www.padreeustaquio.com.br\/en\/father-eustaquios-festival-will-have-a-special-celebration-for-the-victims-of-covid-19\/","og_locale":"en_US","og_type":"article","og_title":"Festa de Padre Eust\u00e1quio ter\u00e1 celebra\u00e7\u00e3o especial pelas v\u00edtimas da Covid-19","og_description":"Conhecido como o Mission\u00e1rio da Sa\u00fade e Paz, Padre Eust\u00e1quio intercede pela sa\u00fade do corpo e pela paz das almas, por isso, a festa deste ano ter\u00e1 uma missa pelas v\u00edtimas do Coronav\u00edrus.","og_url":"https:\/\/www.padreeustaquio.com.br\/en\/father-eustaquios-festival-will-have-a-special-celebration-for-the-victims-of-covid-19\/","og_site_name":"Padre Eust\u00e1quio","article_publisher":"https:\/\/www.facebook.com\/beatopadreeustaquio\/","article_published_time":"2021-08-24T08:57:00+00:00","og_image":[{"width":1920,"height":1080,"url":"https:\/\/www.padreeustaquio.com.br\/wp-content\/uploads\/2021\/08\/27-15h.jpg","type":"image\/jpeg"}],"author":"@sscc","twitter_card":"summary_large_image","twitter_creator":"@beatopeustaquio","twitter_site":"@beatopeustaquio","twitter_misc":{"Written by":"@sscc","Est. reading time":"1 minute"},"schema":{"@context":"https:\/\/schema.org","@graph":[{"@type":"Article","@id":"https:\/\/www.padreeustaquio.com.br\/festa-de-padre-eustaquio-tera-celebracao-especial-pelas-vitimas-da-covid-19\/#article","isPartOf":{"@id":"https:\/\/www.padreeustaquio.com.br\/festa-de-padre-eustaquio-tera-celebracao-especial-pelas-vitimas-da-covid-19\/"},"author":{"name":"@sscc","@id":"https:\/\/www.padreeustaquio.com.br\/#\/schema\/person\/a2a51db1d00f1a7af0204a0f1ddb1566"},"headline":"Festa de Padre Eust\u00e1quio ter\u00e1 celebra\u00e7\u00e3o especial pelas v\u00edtimas da Covid-19","datePublished":"2021-08-24T08:57:00+00:00","mainEntityOfPage":{"@id":"https:\/\/www.padreeustaquio.com.br\/festa-de-padre-eustaquio-tera-celebracao-especial-pelas-vitimas-da-covid-19\/"},"wordCount":201,"commentCount":0,"publisher":{"@id":"https:\/\/www.padreeustaquio.com.br\/#organization"},"image":{"@id":"https:\/\/www.padreeustaquio.com.br\/festa-de-padre-eustaquio-tera-celebracao-especial-pelas-vitimas-da-covid-19\/#primaryimage"},"thumbnailUrl":"https:\/\/www.padreeustaquio.com.br\/wp-content\/uploads\/2021\/08\/27-15h.jpg","articleSection":["Not\u00edcias"],"inLanguage":"en-US","potentialAction":[{"@type":"CommentAction","name":"Comment","target":["https:\/\/www.padreeustaquio.com.br\/festa-de-padre-eustaquio-tera-celebracao-especial-pelas-vitimas-da-covid-19\/#respond"]}]},{"@type":"WebPage","@id":"https:\/\/www.padreeustaquio.com.br\/festa-de-padre-eustaquio-tera-celebracao-especial-pelas-vitimas-da-covid-19\/","url":"https:\/\/www.padreeustaquio.com.br\/festa-de-padre-eustaquio-tera-celebracao-especial-pelas-vitimas-da-covid-19\/","name":"The Padre Eust\u00e1quio festival will have a special celebration for the victims of Covid-19.","isPartOf":{"@id":"https:\/\/www.padreeustaquio.com.br\/#website"},"primaryImageOfPage":{"@id":"https:\/\/www.padreeustaquio.com.br\/festa-de-padre-eustaquio-tera-celebracao-especial-pelas-vitimas-da-covid-19\/#primaryimage"},"image":{"@id":"https:\/\/www.padreeustaquio.com.br\/festa-de-padre-eustaquio-tera-celebracao-especial-pelas-vitimas-da-covid-19\/#primaryimage"},"thumbnailUrl":"https:\/\/www.padreeustaquio.com.br\/wp-content\/uploads\/2021\/08\/27-15h.jpg","datePublished":"2021-08-24T08:57:00+00:00","description":"Known as the Missionary of Health and Peace, Father Eust\u00e1quio intercedes for the health of the body and the peace of souls; therefore, this year&#039;s celebration will include a mass for the victims of the Coronavirus.","breadcrumb":{"@id":"https:\/\/www.padreeustaquio.com.br\/festa-de-padre-eustaquio-tera-celebracao-especial-pelas-vitimas-da-covid-19\/#breadcrumb"},"inLanguage":"en-US","potentialAction":[{"@type":"ReadAction","target":["https:\/\/www.padreeustaquio.com.br\/festa-de-padre-eustaquio-tera-celebracao-especial-pelas-vitimas-da-covid-19\/"]}]},{"@type":"ImageObject","inLanguage":"en-US","@id":"https:\/\/www.padreeustaquio.com.br\/festa-de-padre-eustaquio-tera-celebracao-especial-pelas-vitimas-da-covid-19\/#primaryimage","url":"https:\/\/www.padreeustaquio.com.br\/wp-content\/uploads\/2021\/08\/27-15h.jpg","contentUrl":"https:\/\/www.padreeustaquio.com.br\/wp-content\/uploads\/2021\/08\/27-15h.jpg","width":1920,"height":1080},{"@type":"BreadcrumbList","@id":"https:\/\/www.padreeustaquio.com.br\/festa-de-padre-eustaquio-tera-celebracao-especial-pelas-vitimas-da-covid-19\/#breadcrumb","itemListElement":[{"@type":"ListItem","position":1,"name":"In\u00edcio","item":"https:\/\/www.padreeustaquio.com.br\/"},{"@type":"ListItem","position":2,"name":"Festa de Padre Eust\u00e1quio ter\u00e1 celebra\u00e7\u00e3o especial pelas v\u00edtimas da Covid-19"}]},{"@type":"WebSite","@id":"https:\/\/www.padreeustaquio.com.br\/#website","url":"https:\/\/www.padreeustaquio.com.br\/","name":"FATHER EUST\u00c1QUIO","description":"Health and Peace","publisher":{"@id":"https:\/\/www.padreeustaquio.com.br\/#organization"},"potentialAction":[{"@type":"SearchAction","target":{"@type":"EntryPoint","urlTemplate":"https:\/\/www.padreeustaquio.com.br\/?s={search_term_string}"},"query-input":{"@type":"PropertyValueSpecification","valueRequired":true,"valueName":"search_term_string"}}],"inLanguage":"en-US"},{"@type":"Organization","@id":"https:\/\/www.padreeustaquio.com.br\/#organization","name":"FATHER EUST\u00c1QUIO","url":"https:\/\/www.padreeustaquio.com.br\/","logo":{"@type":"ImageObject","inLanguage":"en-US","@id":"https:\/\/www.padreeustaquio.com.br\/#\/schema\/logo\/image\/","url":"https:\/\/www.padreeustaquio.com.br\/wp-content\/uploads\/2019\/08\/marca.png","contentUrl":"https:\/\/www.padreeustaquio.com.br\/wp-content\/uploads\/2019\/08\/marca.png","width":350,"height":400,"caption":"Padre Eust\u00e1quio"},"image":{"@id":"https:\/\/www.padreeustaquio.com.br\/#\/schema\/logo\/image\/"},"sameAs":["https:\/\/www.facebook.com\/beatopadreeustaquio\/","https:\/\/x.com\/beatopeustaquio","https:\/\/www.instagram.com\/beatopadreeustaquio\/","https:\/\/www.youtube.com\/channel\/UCRhw7vfabnajwLxb1ZXMeIw"]},{"@type":"Person","@id":"https:\/\/www.padreeustaquio.com.br\/#\/schema\/person\/a2a51db1d00f1a7af0204a0f1ddb1566","name":"@sscc","image":{"@type":"ImageObject","inLanguage":"en-US","@id":"https:\/\/secure.gravatar.com\/avatar\/68cfafa5f44617fea54071e215026e0ff06be366c3d54a8425f04fdcb86f8c5f?s=96&d=mm&r=g","url":"https:\/\/secure.gravatar.com\/avatar\/68cfafa5f44617fea54071e215026e0ff06be366c3d54a8425f04fdcb86f8c5f?s=96&d=mm&r=g","contentUrl":"https:\/\/secure.gravatar.com\/avatar\/68cfafa5f44617fea54071e215026e0ff06be366c3d54a8425f04fdcb86f8c5f?s=96&d=mm&r=g","caption":"@sscc"},"url":"https:\/\/www.padreeustaquio.com.br\/en\/author\/sscc\/"}]}},"_links":{"self":[{"href":"https:\/\/www.padreeustaquio.com.br\/en\/wp-json\/wp\/v2\/posts\/6703","targetHints":{"allow":["GET"]}}],"collection":[{"href":"https:\/\/www.padreeustaquio.com.br\/en\/wp-json\/wp\/v2\/posts"}],"about":[{"href":"https:\/\/www.padreeustaquio.com.br\/en\/wp-json\/wp\/v2\/types\/post"}],"author":[{"embeddable":true,"href":"https:\/\/www.padreeustaquio.com.br\/en\/wp-json\/wp\/v2\/users\/2"}],"replies":[{"embeddable":true,"href":"https:\/\/www.padreeustaquio.com.br\/en\/wp-json\/wp\/v2\/comments?post=6703"}],"version-history":[{"count":0,"href":"https:\/\/www.padreeustaquio.com.br\/en\/wp-json\/wp\/v2\/posts\/6703\/revisions"}],"wp:featuredmedia":[{"embeddable":true,"href":"https:\/\/www.padreeustaquio.com.br\/en\/wp-json\/wp\/v2\/media\/6704"}],"wp:attachment":[{"href":"https:\/\/www.padreeustaquio.com.br\/en\/wp-json\/wp\/v2\/media?parent=6703"}],"wp:term":[{"taxonomy":"category","embeddable":true,"href":"https:\/\/www.padreeustaquio.com.br\/en\/wp-json\/wp\/v2\/categories?post=6703"},{"taxonomy":"post_tag","embeddable":true,"href":"https:\/\/www.padreeustaquio.com.br\/en\/wp-json\/wp\/v2\/tags?post=6703"}],"curies":[{"name":"wp","href":"https:\/\/api.w.org\/{rel}","templated":true}]}}