{"id":6698,"date":"2021-08-23T05:51:00","date_gmt":"2021-08-23T08:51:00","guid":{"rendered":"https:\/\/www.padreeustaquio.com.br\/?p=6698"},"modified":"2021-08-22T20:59:45","modified_gmt":"2021-08-22T23:59:45","slug":"a-festive-mass-marks-the-first-day-of-the-novena-to-blessed-father-eustace","status":"publish","type":"post","link":"https:\/\/www.padreeustaquio.com.br\/en\/a-festive-mass-marks-the-first-day-of-the-novena-to-blessed-father-eustace\/","title":{"rendered":"Festive Mass marks the First Day of the Novena to Blessed Father Eustace"},"content":{"rendered":"<p>Last Saturday&#039;s Holy Mass was a celebration filled with prayer at the Health and Peace Sanctuary. Devotees of Father Eust\u00e1quio participated in the opening of the Novena, which included a candlelight procession inside the church. Due to pandemic restrictions, approximately 200 people attended in person, but over 800 views were recorded on the Padre Eust\u00e1quio Channel. <a href=\"https:\/\/www.youtube.com\/watch?v=Akw3PSpeNgY\" target=\"_blank\" rel=\"noreferrer noopener\">See how it went by clicking here.<\/a><\/p>\n\n\n\n<p>Composed of the Eust\u00e1quios and Eust\u00e1quias present in the church, the procession proceeded through all the naves of the temple and arrived at the altar to the sound of the hymn to Father Eust\u00e1quio. The image of the patron saint was acclaimed by all and marked the beginning of the Novena, led by the person responsible for the Cause of Canonization, Fr. Vin\u00edcius Maciel, ss.cc.<\/p>\n\n\n\n<p>On Sunday, it was the turn of pregnant women and couples praying for the grace of conception to receive a special blessing on the Second Day of the Novena. In all four celebrations, prayers and blessings were offered to those present at the Sanctuary and also to those who followed online. <a href=\"https:\/\/www.youtube.com\/watch?v=cp003Z2pF8I\" target=\"_blank\" rel=\"noreferrer noopener\">See how it went.<\/a><\/p>\n\n\n\n<p>This Monday, the 23rd, the Mass will be for Priestly and Religious Vocations. Tickets are now available. <a href=\"https:\/\/www.sympla.com.br\/missas-presenciais---igreja-padre-eustaquio---23-a-29-de-agosto__1315546\" target=\"_blank\" rel=\"noreferrer noopener\">here<\/a> For in-person participation, or if you prefer, you can follow along live on the Padre Eust\u00e1quio Channel., <a href=\"https:\/\/www.youtube.com\/watch?v=GqCOzcKrmPk\" target=\"_blank\" rel=\"noreferrer noopener\">at this link<\/a>.<\/p>","protected":false},"excerpt":{"rendered":"<p>A Santa Missa do \u00faltimo s\u00e1bado foi de festa e muita ora\u00e7\u00e3o no Santu\u00e1rio Sa\u00fade e Paz. Os devotos de Padre Eust\u00e1quio participaram da abertura da Novena que contou com uma prociss\u00e3o luminosa dentro da igreja. Por causa das restri\u00e7\u00f5es impostas pela pandemia, cerca de 200 pessoas participaram presencialmente, mas pelo Canal Padre Eust\u00e1quio, mais de 800 visualiza\u00e7\u00f5es foram registradas. Veja como foi clicando aqui. Formada pelos Eust\u00e1quios e Eust\u00e1quias presentes na igreja, a prociss\u00e3o seguiu por todas as naves do templo e chegou ao altar ao som do hino ao Padre Eust\u00e1quio. A imagem do padroeiro foi aclamada por [&hellip;]<\/p>\n","protected":false},"author":2,"featured_media":6700,"comment_status":"open","ping_status":"closed","sticky":false,"template":"","format":"standard","meta":{"_acf_changed":false,"footnotes":""},"categories":[611],"tags":[],"class_list":["post-6698","post","type-post","status-publish","format-standard","has-post-thumbnail","hentry","category-noticias"],"acf":[],"yoast_head":"<!-- This site is optimized with the Yoast SEO plugin v27.2 - https:\/\/yoast.com\/product\/yoast-seo-wordpress\/ -->\n<title>Missa festiva marca o Primeiro Dia da Novena ao Beato Padre Eust\u00e1quio<\/title>\n<meta name=\"description\" content=\"Os devotos de Padre Eust\u00e1quio participaram da abertura da Novena que contou com uma prociss\u00e3o luminosa dentro da igreja.\" \/>\n<meta name=\"robots\" content=\"index, follow, max-snippet:-1, max-image-preview:large, max-video-preview:-1\" \/>\n<link rel=\"canonical\" href=\"https:\/\/www.padreeustaquio.com.br\/en\/a-festive-mass-marks-the-first-day-of-the-novena-to-blessed-father-eustace\/\" \/>\n<meta property=\"og:locale\" content=\"en_US\" \/>\n<meta property=\"og:type\" content=\"article\" \/>\n<meta property=\"og:title\" content=\"Missa festiva marca o Primeiro Dia da Novena ao Beato Padre Eust\u00e1quio\" \/>\n<meta property=\"og:description\" content=\"Os devotos de Padre Eust\u00e1quio participaram da abertura da Novena que contou com uma prociss\u00e3o luminosa dentro da igreja.\" \/>\n<meta property=\"og:url\" content=\"https:\/\/www.padreeustaquio.com.br\/en\/a-festive-mass-marks-the-first-day-of-the-novena-to-blessed-father-eustace\/\" \/>\n<meta property=\"og:site_name\" content=\"Padre Eust\u00e1quio\" \/>\n<meta property=\"article:publisher\" content=\"https:\/\/www.facebook.com\/beatopadreeustaquio\/\" \/>\n<meta property=\"article:published_time\" content=\"2021-08-23T08:51:00+00:00\" \/>\n<meta property=\"og:image\" content=\"https:\/\/www.padreeustaquio.com.br\/wp-content\/uploads\/2021\/08\/WhatsApp-Image-2021-08-21-at-21.53.35.jpeg\" \/>\n\t<meta property=\"og:image:width\" content=\"1280\" \/>\n\t<meta property=\"og:image:height\" content=\"958\" \/>\n\t<meta property=\"og:image:type\" content=\"image\/jpeg\" \/>\n<meta name=\"author\" content=\"@sscc\" \/>\n<meta name=\"twitter:card\" content=\"summary_large_image\" \/>\n<meta name=\"twitter:creator\" content=\"@beatopeustaquio\" \/>\n<meta name=\"twitter:site\" content=\"@beatopeustaquio\" \/>\n<meta name=\"twitter:label1\" content=\"Written by\" \/>\n\t<meta name=\"twitter:data1\" content=\"@sscc\" \/>\n\t<meta name=\"twitter:label2\" content=\"Est. reading time\" \/>\n\t<meta name=\"twitter:data2\" content=\"1 minute\" \/>\n<script type=\"application\/ld+json\" class=\"yoast-schema-graph\">{\"@context\":\"https:\/\/schema.org\",\"@graph\":[{\"@type\":\"Article\",\"@id\":\"https:\/\/www.padreeustaquio.com.br\/missa-festiva-marca-o-primeiro-dia-da-novena-ao-beato-padre-eustaquio\/#article\",\"isPartOf\":{\"@id\":\"https:\/\/www.padreeustaquio.com.br\/missa-festiva-marca-o-primeiro-dia-da-novena-ao-beato-padre-eustaquio\/\"},\"author\":{\"name\":\"@sscc\",\"@id\":\"https:\/\/www.padreeustaquio.com.br\/#\/schema\/person\/a2a51db1d00f1a7af0204a0f1ddb1566\"},\"headline\":\"Missa festiva marca o Primeiro Dia da Novena ao Beato Padre Eust\u00e1quio\",\"datePublished\":\"2021-08-23T08:51:00+00:00\",\"mainEntityOfPage\":{\"@id\":\"https:\/\/www.padreeustaquio.com.br\/missa-festiva-marca-o-primeiro-dia-da-novena-ao-beato-padre-eustaquio\/\"},\"wordCount\":244,\"commentCount\":0,\"publisher\":{\"@id\":\"https:\/\/www.padreeustaquio.com.br\/#organization\"},\"image\":{\"@id\":\"https:\/\/www.padreeustaquio.com.br\/missa-festiva-marca-o-primeiro-dia-da-novena-ao-beato-padre-eustaquio\/#primaryimage\"},\"thumbnailUrl\":\"https:\/\/www.padreeustaquio.com.br\/wp-content\/uploads\/2021\/08\/WhatsApp-Image-2021-08-21-at-21.53.35.jpeg\",\"articleSection\":[\"Not\u00edcias\"],\"inLanguage\":\"en-US\",\"potentialAction\":[{\"@type\":\"CommentAction\",\"name\":\"Comment\",\"target\":[\"https:\/\/www.padreeustaquio.com.br\/missa-festiva-marca-o-primeiro-dia-da-novena-ao-beato-padre-eustaquio\/#respond\"]}]},{\"@type\":\"WebPage\",\"@id\":\"https:\/\/www.padreeustaquio.com.br\/missa-festiva-marca-o-primeiro-dia-da-novena-ao-beato-padre-eustaquio\/\",\"url\":\"https:\/\/www.padreeustaquio.com.br\/missa-festiva-marca-o-primeiro-dia-da-novena-ao-beato-padre-eustaquio\/\",\"name\":\"Missa festiva marca o Primeiro Dia da Novena ao Beato Padre Eust\u00e1quio\",\"isPartOf\":{\"@id\":\"https:\/\/www.padreeustaquio.com.br\/#website\"},\"primaryImageOfPage\":{\"@id\":\"https:\/\/www.padreeustaquio.com.br\/missa-festiva-marca-o-primeiro-dia-da-novena-ao-beato-padre-eustaquio\/#primaryimage\"},\"image\":{\"@id\":\"https:\/\/www.padreeustaquio.com.br\/missa-festiva-marca-o-primeiro-dia-da-novena-ao-beato-padre-eustaquio\/#primaryimage\"},\"thumbnailUrl\":\"https:\/\/www.padreeustaquio.com.br\/wp-content\/uploads\/2021\/08\/WhatsApp-Image-2021-08-21-at-21.53.35.jpeg\",\"datePublished\":\"2021-08-23T08:51:00+00:00\",\"description\":\"Os devotos de Padre Eust\u00e1quio participaram da abertura da Novena que contou com uma prociss\u00e3o luminosa dentro da igreja.\",\"breadcrumb\":{\"@id\":\"https:\/\/www.padreeustaquio.com.br\/missa-festiva-marca-o-primeiro-dia-da-novena-ao-beato-padre-eustaquio\/#breadcrumb\"},\"inLanguage\":\"en-US\",\"potentialAction\":[{\"@type\":\"ReadAction\",\"target\":[\"https:\/\/www.padreeustaquio.com.br\/missa-festiva-marca-o-primeiro-dia-da-novena-ao-beato-padre-eustaquio\/\"]}]},{\"@type\":\"ImageObject\",\"inLanguage\":\"en-US\",\"@id\":\"https:\/\/www.padreeustaquio.com.br\/missa-festiva-marca-o-primeiro-dia-da-novena-ao-beato-padre-eustaquio\/#primaryimage\",\"url\":\"https:\/\/www.padreeustaquio.com.br\/wp-content\/uploads\/2021\/08\/WhatsApp-Image-2021-08-21-at-21.53.35.jpeg\",\"contentUrl\":\"https:\/\/www.padreeustaquio.com.br\/wp-content\/uploads\/2021\/08\/WhatsApp-Image-2021-08-21-at-21.53.35.jpeg\",\"width\":1280,\"height\":958},{\"@type\":\"BreadcrumbList\",\"@id\":\"https:\/\/www.padreeustaquio.com.br\/missa-festiva-marca-o-primeiro-dia-da-novena-ao-beato-padre-eustaquio\/#breadcrumb\",\"itemListElement\":[{\"@type\":\"ListItem\",\"position\":1,\"name\":\"In\u00edcio\",\"item\":\"https:\/\/www.padreeustaquio.com.br\/\"},{\"@type\":\"ListItem\",\"position\":2,\"name\":\"Missa festiva marca o Primeiro Dia da Novena ao Beato Padre Eust\u00e1quio\"}]},{\"@type\":\"WebSite\",\"@id\":\"https:\/\/www.padreeustaquio.com.br\/#website\",\"url\":\"https:\/\/www.padreeustaquio.com.br\/\",\"name\":\"Padre Eust\u00e1quio\",\"description\":\"Sa\u00fade e Paz\",\"publisher\":{\"@id\":\"https:\/\/www.padreeustaquio.com.br\/#organization\"},\"potentialAction\":[{\"@type\":\"SearchAction\",\"target\":{\"@type\":\"EntryPoint\",\"urlTemplate\":\"https:\/\/www.padreeustaquio.com.br\/?s={search_term_string}\"},\"query-input\":{\"@type\":\"PropertyValueSpecification\",\"valueRequired\":true,\"valueName\":\"search_term_string\"}}],\"inLanguage\":\"en-US\"},{\"@type\":\"Organization\",\"@id\":\"https:\/\/www.padreeustaquio.com.br\/#organization\",\"name\":\"Padre Eust\u00e1quio\",\"url\":\"https:\/\/www.padreeustaquio.com.br\/\",\"logo\":{\"@type\":\"ImageObject\",\"inLanguage\":\"en-US\",\"@id\":\"https:\/\/www.padreeustaquio.com.br\/#\/schema\/logo\/image\/\",\"url\":\"https:\/\/www.padreeustaquio.com.br\/wp-content\/uploads\/2019\/08\/marca.png\",\"contentUrl\":\"https:\/\/www.padreeustaquio.com.br\/wp-content\/uploads\/2019\/08\/marca.png\",\"width\":350,\"height\":400,\"caption\":\"Padre Eust\u00e1quio\"},\"image\":{\"@id\":\"https:\/\/www.padreeustaquio.com.br\/#\/schema\/logo\/image\/\"},\"sameAs\":[\"https:\/\/www.facebook.com\/beatopadreeustaquio\/\",\"https:\/\/x.com\/beatopeustaquio\",\"https:\/\/www.instagram.com\/beatopadreeustaquio\/\",\"https:\/\/www.youtube.com\/channel\/UCRhw7vfabnajwLxb1ZXMeIw\"]},{\"@type\":\"Person\",\"@id\":\"https:\/\/www.padreeustaquio.com.br\/#\/schema\/person\/a2a51db1d00f1a7af0204a0f1ddb1566\",\"name\":\"@sscc\",\"image\":{\"@type\":\"ImageObject\",\"inLanguage\":\"en-US\",\"@id\":\"https:\/\/secure.gravatar.com\/avatar\/68cfafa5f44617fea54071e215026e0ff06be366c3d54a8425f04fdcb86f8c5f?s=96&d=mm&r=g\",\"url\":\"https:\/\/secure.gravatar.com\/avatar\/68cfafa5f44617fea54071e215026e0ff06be366c3d54a8425f04fdcb86f8c5f?s=96&d=mm&r=g\",\"contentUrl\":\"https:\/\/secure.gravatar.com\/avatar\/68cfafa5f44617fea54071e215026e0ff06be366c3d54a8425f04fdcb86f8c5f?s=96&d=mm&r=g\",\"caption\":\"@sscc\"},\"url\":\"https:\/\/www.padreeustaquio.com.br\/en\/author\/sscc\/\"}]}<\/script>\n<!-- \/ Yoast SEO plugin. -->","yoast_head_json":{"title":"Festive Mass marks the First Day of the Novena to Blessed Father Eustace","description":"Devotees of Father Eust\u00e1quio participated in the opening of the Novena, which included a candlelight procession inside the church.","robots":{"index":"index","follow":"follow","max-snippet":"max-snippet:-1","max-image-preview":"max-image-preview:large","max-video-preview":"max-video-preview:-1"},"canonical":"https:\/\/www.padreeustaquio.com.br\/en\/a-festive-mass-marks-the-first-day-of-the-novena-to-blessed-father-eustace\/","og_locale":"en_US","og_type":"article","og_title":"Missa festiva marca o Primeiro Dia da Novena ao Beato Padre Eust\u00e1quio","og_description":"Os devotos de Padre Eust\u00e1quio participaram da abertura da Novena que contou com uma prociss\u00e3o luminosa dentro da igreja.","og_url":"https:\/\/www.padreeustaquio.com.br\/en\/a-festive-mass-marks-the-first-day-of-the-novena-to-blessed-father-eustace\/","og_site_name":"Padre Eust\u00e1quio","article_publisher":"https:\/\/www.facebook.com\/beatopadreeustaquio\/","article_published_time":"2021-08-23T08:51:00+00:00","og_image":[{"width":1280,"height":958,"url":"https:\/\/www.padreeustaquio.com.br\/wp-content\/uploads\/2021\/08\/WhatsApp-Image-2021-08-21-at-21.53.35.jpeg","type":"image\/jpeg"}],"author":"@sscc","twitter_card":"summary_large_image","twitter_creator":"@beatopeustaquio","twitter_site":"@beatopeustaquio","twitter_misc":{"Written by":"@sscc","Est. reading time":"1 minute"},"schema":{"@context":"https:\/\/schema.org","@graph":[{"@type":"Article","@id":"https:\/\/www.padreeustaquio.com.br\/missa-festiva-marca-o-primeiro-dia-da-novena-ao-beato-padre-eustaquio\/#article","isPartOf":{"@id":"https:\/\/www.padreeustaquio.com.br\/missa-festiva-marca-o-primeiro-dia-da-novena-ao-beato-padre-eustaquio\/"},"author":{"name":"@sscc","@id":"https:\/\/www.padreeustaquio.com.br\/#\/schema\/person\/a2a51db1d00f1a7af0204a0f1ddb1566"},"headline":"Missa festiva marca o Primeiro Dia da Novena ao Beato Padre Eust\u00e1quio","datePublished":"2021-08-23T08:51:00+00:00","mainEntityOfPage":{"@id":"https:\/\/www.padreeustaquio.com.br\/missa-festiva-marca-o-primeiro-dia-da-novena-ao-beato-padre-eustaquio\/"},"wordCount":244,"commentCount":0,"publisher":{"@id":"https:\/\/www.padreeustaquio.com.br\/#organization"},"image":{"@id":"https:\/\/www.padreeustaquio.com.br\/missa-festiva-marca-o-primeiro-dia-da-novena-ao-beato-padre-eustaquio\/#primaryimage"},"thumbnailUrl":"https:\/\/www.padreeustaquio.com.br\/wp-content\/uploads\/2021\/08\/WhatsApp-Image-2021-08-21-at-21.53.35.jpeg","articleSection":["Not\u00edcias"],"inLanguage":"en-US","potentialAction":[{"@type":"CommentAction","name":"Comment","target":["https:\/\/www.padreeustaquio.com.br\/missa-festiva-marca-o-primeiro-dia-da-novena-ao-beato-padre-eustaquio\/#respond"]}]},{"@type":"WebPage","@id":"https:\/\/www.padreeustaquio.com.br\/missa-festiva-marca-o-primeiro-dia-da-novena-ao-beato-padre-eustaquio\/","url":"https:\/\/www.padreeustaquio.com.br\/missa-festiva-marca-o-primeiro-dia-da-novena-ao-beato-padre-eustaquio\/","name":"Festive Mass marks the First Day of the Novena to Blessed Father Eustace","isPartOf":{"@id":"https:\/\/www.padreeustaquio.com.br\/#website"},"primaryImageOfPage":{"@id":"https:\/\/www.padreeustaquio.com.br\/missa-festiva-marca-o-primeiro-dia-da-novena-ao-beato-padre-eustaquio\/#primaryimage"},"image":{"@id":"https:\/\/www.padreeustaquio.com.br\/missa-festiva-marca-o-primeiro-dia-da-novena-ao-beato-padre-eustaquio\/#primaryimage"},"thumbnailUrl":"https:\/\/www.padreeustaquio.com.br\/wp-content\/uploads\/2021\/08\/WhatsApp-Image-2021-08-21-at-21.53.35.jpeg","datePublished":"2021-08-23T08:51:00+00:00","description":"Devotees of Father Eust\u00e1quio participated in the opening of the Novena, which included a candlelight procession inside the church.","breadcrumb":{"@id":"https:\/\/www.padreeustaquio.com.br\/missa-festiva-marca-o-primeiro-dia-da-novena-ao-beato-padre-eustaquio\/#breadcrumb"},"inLanguage":"en-US","potentialAction":[{"@type":"ReadAction","target":["https:\/\/www.padreeustaquio.com.br\/missa-festiva-marca-o-primeiro-dia-da-novena-ao-beato-padre-eustaquio\/"]}]},{"@type":"ImageObject","inLanguage":"en-US","@id":"https:\/\/www.padreeustaquio.com.br\/missa-festiva-marca-o-primeiro-dia-da-novena-ao-beato-padre-eustaquio\/#primaryimage","url":"https:\/\/www.padreeustaquio.com.br\/wp-content\/uploads\/2021\/08\/WhatsApp-Image-2021-08-21-at-21.53.35.jpeg","contentUrl":"https:\/\/www.padreeustaquio.com.br\/wp-content\/uploads\/2021\/08\/WhatsApp-Image-2021-08-21-at-21.53.35.jpeg","width":1280,"height":958},{"@type":"BreadcrumbList","@id":"https:\/\/www.padreeustaquio.com.br\/missa-festiva-marca-o-primeiro-dia-da-novena-ao-beato-padre-eustaquio\/#breadcrumb","itemListElement":[{"@type":"ListItem","position":1,"name":"In\u00edcio","item":"https:\/\/www.padreeustaquio.com.br\/"},{"@type":"ListItem","position":2,"name":"Missa festiva marca o Primeiro Dia da Novena ao Beato Padre Eust\u00e1quio"}]},{"@type":"WebSite","@id":"https:\/\/www.padreeustaquio.com.br\/#website","url":"https:\/\/www.padreeustaquio.com.br\/","name":"FATHER EUST\u00c1QUIO","description":"Health and Peace","publisher":{"@id":"https:\/\/www.padreeustaquio.com.br\/#organization"},"potentialAction":[{"@type":"SearchAction","target":{"@type":"EntryPoint","urlTemplate":"https:\/\/www.padreeustaquio.com.br\/?s={search_term_string}"},"query-input":{"@type":"PropertyValueSpecification","valueRequired":true,"valueName":"search_term_string"}}],"inLanguage":"en-US"},{"@type":"Organization","@id":"https:\/\/www.padreeustaquio.com.br\/#organization","name":"FATHER EUST\u00c1QUIO","url":"https:\/\/www.padreeustaquio.com.br\/","logo":{"@type":"ImageObject","inLanguage":"en-US","@id":"https:\/\/www.padreeustaquio.com.br\/#\/schema\/logo\/image\/","url":"https:\/\/www.padreeustaquio.com.br\/wp-content\/uploads\/2019\/08\/marca.png","contentUrl":"https:\/\/www.padreeustaquio.com.br\/wp-content\/uploads\/2019\/08\/marca.png","width":350,"height":400,"caption":"Padre Eust\u00e1quio"},"image":{"@id":"https:\/\/www.padreeustaquio.com.br\/#\/schema\/logo\/image\/"},"sameAs":["https:\/\/www.facebook.com\/beatopadreeustaquio\/","https:\/\/x.com\/beatopeustaquio","https:\/\/www.instagram.com\/beatopadreeustaquio\/","https:\/\/www.youtube.com\/channel\/UCRhw7vfabnajwLxb1ZXMeIw"]},{"@type":"Person","@id":"https:\/\/www.padreeustaquio.com.br\/#\/schema\/person\/a2a51db1d00f1a7af0204a0f1ddb1566","name":"@sscc","image":{"@type":"ImageObject","inLanguage":"en-US","@id":"https:\/\/secure.gravatar.com\/avatar\/68cfafa5f44617fea54071e215026e0ff06be366c3d54a8425f04fdcb86f8c5f?s=96&d=mm&r=g","url":"https:\/\/secure.gravatar.com\/avatar\/68cfafa5f44617fea54071e215026e0ff06be366c3d54a8425f04fdcb86f8c5f?s=96&d=mm&r=g","contentUrl":"https:\/\/secure.gravatar.com\/avatar\/68cfafa5f44617fea54071e215026e0ff06be366c3d54a8425f04fdcb86f8c5f?s=96&d=mm&r=g","caption":"@sscc"},"url":"https:\/\/www.padreeustaquio.com.br\/en\/author\/sscc\/"}]}},"_links":{"self":[{"href":"https:\/\/www.padreeustaquio.com.br\/en\/wp-json\/wp\/v2\/posts\/6698","targetHints":{"allow":["GET"]}}],"collection":[{"href":"https:\/\/www.padreeustaquio.com.br\/en\/wp-json\/wp\/v2\/posts"}],"about":[{"href":"https:\/\/www.padreeustaquio.com.br\/en\/wp-json\/wp\/v2\/types\/post"}],"author":[{"embeddable":true,"href":"https:\/\/www.padreeustaquio.com.br\/en\/wp-json\/wp\/v2\/users\/2"}],"replies":[{"embeddable":true,"href":"https:\/\/www.padreeustaquio.com.br\/en\/wp-json\/wp\/v2\/comments?post=6698"}],"version-history":[{"count":0,"href":"https:\/\/www.padreeustaquio.com.br\/en\/wp-json\/wp\/v2\/posts\/6698\/revisions"}],"wp:featuredmedia":[{"embeddable":true,"href":"https:\/\/www.padreeustaquio.com.br\/en\/wp-json\/wp\/v2\/media\/6700"}],"wp:attachment":[{"href":"https:\/\/www.padreeustaquio.com.br\/en\/wp-json\/wp\/v2\/media?parent=6698"}],"wp:term":[{"taxonomy":"category","embeddable":true,"href":"https:\/\/www.padreeustaquio.com.br\/en\/wp-json\/wp\/v2\/categories?post=6698"},{"taxonomy":"post_tag","embeddable":true,"href":"https:\/\/www.padreeustaquio.com.br\/en\/wp-json\/wp\/v2\/tags?post=6698"}],"curies":[{"name":"wp","href":"https:\/\/api.w.org\/{rel}","templated":true}]}}