{"id":6681,"date":"2021-08-22T06:24:00","date_gmt":"2021-08-22T09:24:00","guid":{"rendered":"https:\/\/www.padreeustaquio.com.br\/?p=6681"},"modified":"2021-08-23T08:36:04","modified_gmt":"2021-08-23T11:36:04","slug":"mass-of-blessed-father-eustace-published-in-the-daily-liturgy-of-paulus","status":"publish","type":"post","link":"https:\/\/www.padreeustaquio.com.br\/en\/mass-of-blessed-father-eustace-published-in-the-daily-liturgy-of-paulus\/","title":{"rendered":"The Mass of Blessed Father Eustace is published in the Daily Liturgy of Paulus."},"content":{"rendered":"<p>Starting this year, the liturgical resource from Paulus publishing house, the Daily Liturgy booklet, includes the prayer proper to the Memorial of Blessed Father Eustace, for the Eucharistic Celebration on August 30th. The feast of the Blessed is a memorial office and, with Canonical approval, may be prayed in churches throughout Brazil.<\/p>\n\n\n\n<p>Paulus&#039; Daily Liturgy is a booklet released monthly, containing the entire liturgical journey for each month. It offers the reader options for Eucharistic prayers, a brief commentary on the saints and readings of each day, hymn options, and, each Sunday, an option for a Bible study group.<\/p>\n\n\n\n<p>The daily liturgy for the month of August and the rest of the year can be found at Padre Eust\u00e1quio&#039;s Store, next to the Health and Peace Sanctuary. More information on telephone (31) 3567-0314.<\/p>\n\n\n\n<p><\/p>","protected":false},"excerpt":{"rendered":"<p>A partir deste ano o subs\u00eddio lit\u00fargico da editora Paulus, o livrinho da Liturgia Di\u00e1ria, traz a ora\u00e7\u00e3o pr\u00f3pria da Mem\u00f3ria do Bem-Aventurado Padre Eust\u00e1quio, para a Celebra\u00e7\u00e3o Eucar\u00edstica do dia 30 de Agosto. A festividade do Bem-aventurado \u00e9 um of\u00edcio de mem\u00f3ria e, com a aprova\u00e7\u00e3o Can\u00f4nica, poder\u00e1 ser rezada nas igrejas de todo Brasil. A Liturgia Di\u00e1ria da Paulus \u00e9 um livreto lan\u00e7ado mensalmente, com toda a caminhada lit\u00fargica de cada m\u00eas. Ele apresenta ao leitor op\u00e7\u00f5es de ora\u00e7\u00f5es eucar\u00edsticas, um breve coment\u00e1rio dos santos e das leituras de cada dia, op\u00e7\u00f5es de cantos, al\u00e9m de trazer, a [&hellip;]<\/p>\n","protected":false},"author":2,"featured_media":6682,"comment_status":"open","ping_status":"closed","sticky":false,"template":"","format":"standard","meta":{"_acf_changed":false,"footnotes":""},"categories":[611],"tags":[],"class_list":["post-6681","post","type-post","status-publish","format-standard","has-post-thumbnail","hentry","category-noticias"],"acf":[],"yoast_head":"<!-- This site is optimized with the Yoast SEO plugin v27.2 - https:\/\/yoast.com\/product\/yoast-seo-wordpress\/ -->\n<title>Missa do Beato Padre Eust\u00e1quio \u00e9 publicada na Liturgia Di\u00e1ria da Paulus<\/title>\n<meta name=\"description\" content=\"A festividade do Bem-aventurado \u00e9 um of\u00edcio de mem\u00f3ria e, com a aprova\u00e7\u00e3o Can\u00f4nica, poder\u00e1 ser rezada nas igrejas de todo Brasil.\" \/>\n<meta name=\"robots\" content=\"index, follow, max-snippet:-1, max-image-preview:large, max-video-preview:-1\" \/>\n<link rel=\"canonical\" href=\"https:\/\/www.padreeustaquio.com.br\/en\/mass-of-blessed-father-eustace-published-in-the-daily-liturgy-of-paulus\/\" \/>\n<meta property=\"og:locale\" content=\"en_US\" \/>\n<meta property=\"og:type\" content=\"article\" \/>\n<meta property=\"og:title\" content=\"Missa do Beato Padre Eust\u00e1quio \u00e9 publicada na Liturgia Di\u00e1ria da Paulus\" \/>\n<meta property=\"og:description\" content=\"A festividade do Bem-aventurado \u00e9 um of\u00edcio de mem\u00f3ria e, com a aprova\u00e7\u00e3o Can\u00f4nica, poder\u00e1 ser rezada nas igrejas de todo Brasil.\" \/>\n<meta property=\"og:url\" content=\"https:\/\/www.padreeustaquio.com.br\/en\/mass-of-blessed-father-eustace-published-in-the-daily-liturgy-of-paulus\/\" \/>\n<meta property=\"og:site_name\" content=\"Padre Eust\u00e1quio\" \/>\n<meta property=\"article:publisher\" content=\"https:\/\/www.facebook.com\/beatopadreeustaquio\/\" \/>\n<meta property=\"article:published_time\" content=\"2021-08-22T09:24:00+00:00\" \/>\n<meta property=\"article:modified_time\" content=\"2021-08-23T11:36:04+00:00\" \/>\n<meta property=\"og:image\" content=\"https:\/\/www.padreeustaquio.com.br\/wp-content\/uploads\/2021\/08\/WhatsApp-Image-2021-08-17-at-20.08.08-rotated.jpeg\" \/>\n\t<meta property=\"og:image:width\" content=\"1280\" \/>\n\t<meta property=\"og:image:height\" content=\"958\" \/>\n\t<meta property=\"og:image:type\" content=\"image\/jpeg\" \/>\n<meta name=\"author\" content=\"@sscc\" \/>\n<meta name=\"twitter:card\" content=\"summary_large_image\" \/>\n<meta name=\"twitter:creator\" content=\"@beatopeustaquio\" \/>\n<meta name=\"twitter:site\" content=\"@beatopeustaquio\" \/>\n<meta name=\"twitter:label1\" content=\"Written by\" \/>\n\t<meta name=\"twitter:data1\" content=\"@sscc\" \/>\n\t<meta name=\"twitter:label2\" content=\"Est. reading time\" \/>\n\t<meta name=\"twitter:data2\" content=\"1 minute\" \/>\n<script type=\"application\/ld+json\" class=\"yoast-schema-graph\">{\"@context\":\"https:\/\/schema.org\",\"@graph\":[{\"@type\":\"Article\",\"@id\":\"https:\/\/www.padreeustaquio.com.br\/missa-do-beato-padre-eustaquio-e-publicada-na-liturgia-diaria-da-paulus\/#article\",\"isPartOf\":{\"@id\":\"https:\/\/www.padreeustaquio.com.br\/missa-do-beato-padre-eustaquio-e-publicada-na-liturgia-diaria-da-paulus\/\"},\"author\":{\"name\":\"@sscc\",\"@id\":\"https:\/\/www.padreeustaquio.com.br\/#\/schema\/person\/a2a51db1d00f1a7af0204a0f1ddb1566\"},\"headline\":\"Missa do Beato Padre Eust\u00e1quio \u00e9 publicada na Liturgia Di\u00e1ria da Paulus\",\"datePublished\":\"2021-08-22T09:24:00+00:00\",\"dateModified\":\"2021-08-23T11:36:04+00:00\",\"mainEntityOfPage\":{\"@id\":\"https:\/\/www.padreeustaquio.com.br\/missa-do-beato-padre-eustaquio-e-publicada-na-liturgia-diaria-da-paulus\/\"},\"wordCount\":181,\"commentCount\":0,\"publisher\":{\"@id\":\"https:\/\/www.padreeustaquio.com.br\/#organization\"},\"image\":{\"@id\":\"https:\/\/www.padreeustaquio.com.br\/missa-do-beato-padre-eustaquio-e-publicada-na-liturgia-diaria-da-paulus\/#primaryimage\"},\"thumbnailUrl\":\"https:\/\/www.padreeustaquio.com.br\/wp-content\/uploads\/2021\/08\/WhatsApp-Image-2021-08-17-at-20.08.08-rotated.jpeg\",\"articleSection\":[\"Not\u00edcias\"],\"inLanguage\":\"en-US\",\"potentialAction\":[{\"@type\":\"CommentAction\",\"name\":\"Comment\",\"target\":[\"https:\/\/www.padreeustaquio.com.br\/missa-do-beato-padre-eustaquio-e-publicada-na-liturgia-diaria-da-paulus\/#respond\"]}]},{\"@type\":\"WebPage\",\"@id\":\"https:\/\/www.padreeustaquio.com.br\/missa-do-beato-padre-eustaquio-e-publicada-na-liturgia-diaria-da-paulus\/\",\"url\":\"https:\/\/www.padreeustaquio.com.br\/missa-do-beato-padre-eustaquio-e-publicada-na-liturgia-diaria-da-paulus\/\",\"name\":\"Missa do Beato Padre Eust\u00e1quio \u00e9 publicada na Liturgia Di\u00e1ria da Paulus\",\"isPartOf\":{\"@id\":\"https:\/\/www.padreeustaquio.com.br\/#website\"},\"primaryImageOfPage\":{\"@id\":\"https:\/\/www.padreeustaquio.com.br\/missa-do-beato-padre-eustaquio-e-publicada-na-liturgia-diaria-da-paulus\/#primaryimage\"},\"image\":{\"@id\":\"https:\/\/www.padreeustaquio.com.br\/missa-do-beato-padre-eustaquio-e-publicada-na-liturgia-diaria-da-paulus\/#primaryimage\"},\"thumbnailUrl\":\"https:\/\/www.padreeustaquio.com.br\/wp-content\/uploads\/2021\/08\/WhatsApp-Image-2021-08-17-at-20.08.08-rotated.jpeg\",\"datePublished\":\"2021-08-22T09:24:00+00:00\",\"dateModified\":\"2021-08-23T11:36:04+00:00\",\"description\":\"A festividade do Bem-aventurado \u00e9 um of\u00edcio de mem\u00f3ria e, com a aprova\u00e7\u00e3o Can\u00f4nica, poder\u00e1 ser rezada nas igrejas de todo Brasil.\",\"breadcrumb\":{\"@id\":\"https:\/\/www.padreeustaquio.com.br\/missa-do-beato-padre-eustaquio-e-publicada-na-liturgia-diaria-da-paulus\/#breadcrumb\"},\"inLanguage\":\"en-US\",\"potentialAction\":[{\"@type\":\"ReadAction\",\"target\":[\"https:\/\/www.padreeustaquio.com.br\/missa-do-beato-padre-eustaquio-e-publicada-na-liturgia-diaria-da-paulus\/\"]}]},{\"@type\":\"ImageObject\",\"inLanguage\":\"en-US\",\"@id\":\"https:\/\/www.padreeustaquio.com.br\/missa-do-beato-padre-eustaquio-e-publicada-na-liturgia-diaria-da-paulus\/#primaryimage\",\"url\":\"https:\/\/www.padreeustaquio.com.br\/wp-content\/uploads\/2021\/08\/WhatsApp-Image-2021-08-17-at-20.08.08-rotated.jpeg\",\"contentUrl\":\"https:\/\/www.padreeustaquio.com.br\/wp-content\/uploads\/2021\/08\/WhatsApp-Image-2021-08-17-at-20.08.08-rotated.jpeg\",\"width\":1280,\"height\":958},{\"@type\":\"BreadcrumbList\",\"@id\":\"https:\/\/www.padreeustaquio.com.br\/missa-do-beato-padre-eustaquio-e-publicada-na-liturgia-diaria-da-paulus\/#breadcrumb\",\"itemListElement\":[{\"@type\":\"ListItem\",\"position\":1,\"name\":\"In\u00edcio\",\"item\":\"https:\/\/www.padreeustaquio.com.br\/\"},{\"@type\":\"ListItem\",\"position\":2,\"name\":\"Missa do Beato Padre Eust\u00e1quio \u00e9 publicada na Liturgia Di\u00e1ria da Paulus\"}]},{\"@type\":\"WebSite\",\"@id\":\"https:\/\/www.padreeustaquio.com.br\/#website\",\"url\":\"https:\/\/www.padreeustaquio.com.br\/\",\"name\":\"Padre Eust\u00e1quio\",\"description\":\"Sa\u00fade e Paz\",\"publisher\":{\"@id\":\"https:\/\/www.padreeustaquio.com.br\/#organization\"},\"potentialAction\":[{\"@type\":\"SearchAction\",\"target\":{\"@type\":\"EntryPoint\",\"urlTemplate\":\"https:\/\/www.padreeustaquio.com.br\/?s={search_term_string}\"},\"query-input\":{\"@type\":\"PropertyValueSpecification\",\"valueRequired\":true,\"valueName\":\"search_term_string\"}}],\"inLanguage\":\"en-US\"},{\"@type\":\"Organization\",\"@id\":\"https:\/\/www.padreeustaquio.com.br\/#organization\",\"name\":\"Padre Eust\u00e1quio\",\"url\":\"https:\/\/www.padreeustaquio.com.br\/\",\"logo\":{\"@type\":\"ImageObject\",\"inLanguage\":\"en-US\",\"@id\":\"https:\/\/www.padreeustaquio.com.br\/#\/schema\/logo\/image\/\",\"url\":\"https:\/\/www.padreeustaquio.com.br\/wp-content\/uploads\/2019\/08\/marca.png\",\"contentUrl\":\"https:\/\/www.padreeustaquio.com.br\/wp-content\/uploads\/2019\/08\/marca.png\",\"width\":350,\"height\":400,\"caption\":\"Padre Eust\u00e1quio\"},\"image\":{\"@id\":\"https:\/\/www.padreeustaquio.com.br\/#\/schema\/logo\/image\/\"},\"sameAs\":[\"https:\/\/www.facebook.com\/beatopadreeustaquio\/\",\"https:\/\/x.com\/beatopeustaquio\",\"https:\/\/www.instagram.com\/beatopadreeustaquio\/\",\"https:\/\/www.youtube.com\/channel\/UCRhw7vfabnajwLxb1ZXMeIw\"]},{\"@type\":\"Person\",\"@id\":\"https:\/\/www.padreeustaquio.com.br\/#\/schema\/person\/a2a51db1d00f1a7af0204a0f1ddb1566\",\"name\":\"@sscc\",\"image\":{\"@type\":\"ImageObject\",\"inLanguage\":\"en-US\",\"@id\":\"https:\/\/secure.gravatar.com\/avatar\/68cfafa5f44617fea54071e215026e0ff06be366c3d54a8425f04fdcb86f8c5f?s=96&d=mm&r=g\",\"url\":\"https:\/\/secure.gravatar.com\/avatar\/68cfafa5f44617fea54071e215026e0ff06be366c3d54a8425f04fdcb86f8c5f?s=96&d=mm&r=g\",\"contentUrl\":\"https:\/\/secure.gravatar.com\/avatar\/68cfafa5f44617fea54071e215026e0ff06be366c3d54a8425f04fdcb86f8c5f?s=96&d=mm&r=g\",\"caption\":\"@sscc\"},\"url\":\"https:\/\/www.padreeustaquio.com.br\/en\/author\/sscc\/\"}]}<\/script>\n<!-- \/ Yoast SEO plugin. -->","yoast_head_json":{"title":"The Mass of Blessed Father Eustace is published in the Daily Liturgy of Paulus.","description":"The feast of the Blessed is a memorial service and, with Canonical approval, may be celebrated in churches throughout Brazil.","robots":{"index":"index","follow":"follow","max-snippet":"max-snippet:-1","max-image-preview":"max-image-preview:large","max-video-preview":"max-video-preview:-1"},"canonical":"https:\/\/www.padreeustaquio.com.br\/en\/mass-of-blessed-father-eustace-published-in-the-daily-liturgy-of-paulus\/","og_locale":"en_US","og_type":"article","og_title":"Missa do Beato Padre Eust\u00e1quio \u00e9 publicada na Liturgia Di\u00e1ria da Paulus","og_description":"A festividade do Bem-aventurado \u00e9 um of\u00edcio de mem\u00f3ria e, com a aprova\u00e7\u00e3o Can\u00f4nica, poder\u00e1 ser rezada nas igrejas de todo Brasil.","og_url":"https:\/\/www.padreeustaquio.com.br\/en\/mass-of-blessed-father-eustace-published-in-the-daily-liturgy-of-paulus\/","og_site_name":"Padre Eust\u00e1quio","article_publisher":"https:\/\/www.facebook.com\/beatopadreeustaquio\/","article_published_time":"2021-08-22T09:24:00+00:00","article_modified_time":"2021-08-23T11:36:04+00:00","og_image":[{"width":1280,"height":958,"url":"https:\/\/www.padreeustaquio.com.br\/wp-content\/uploads\/2021\/08\/WhatsApp-Image-2021-08-17-at-20.08.08-rotated.jpeg","type":"image\/jpeg"}],"author":"@sscc","twitter_card":"summary_large_image","twitter_creator":"@beatopeustaquio","twitter_site":"@beatopeustaquio","twitter_misc":{"Written by":"@sscc","Est. reading time":"1 minute"},"schema":{"@context":"https:\/\/schema.org","@graph":[{"@type":"Article","@id":"https:\/\/www.padreeustaquio.com.br\/missa-do-beato-padre-eustaquio-e-publicada-na-liturgia-diaria-da-paulus\/#article","isPartOf":{"@id":"https:\/\/www.padreeustaquio.com.br\/missa-do-beato-padre-eustaquio-e-publicada-na-liturgia-diaria-da-paulus\/"},"author":{"name":"@sscc","@id":"https:\/\/www.padreeustaquio.com.br\/#\/schema\/person\/a2a51db1d00f1a7af0204a0f1ddb1566"},"headline":"Missa do Beato Padre Eust\u00e1quio \u00e9 publicada na Liturgia Di\u00e1ria da Paulus","datePublished":"2021-08-22T09:24:00+00:00","dateModified":"2021-08-23T11:36:04+00:00","mainEntityOfPage":{"@id":"https:\/\/www.padreeustaquio.com.br\/missa-do-beato-padre-eustaquio-e-publicada-na-liturgia-diaria-da-paulus\/"},"wordCount":181,"commentCount":0,"publisher":{"@id":"https:\/\/www.padreeustaquio.com.br\/#organization"},"image":{"@id":"https:\/\/www.padreeustaquio.com.br\/missa-do-beato-padre-eustaquio-e-publicada-na-liturgia-diaria-da-paulus\/#primaryimage"},"thumbnailUrl":"https:\/\/www.padreeustaquio.com.br\/wp-content\/uploads\/2021\/08\/WhatsApp-Image-2021-08-17-at-20.08.08-rotated.jpeg","articleSection":["Not\u00edcias"],"inLanguage":"en-US","potentialAction":[{"@type":"CommentAction","name":"Comment","target":["https:\/\/www.padreeustaquio.com.br\/missa-do-beato-padre-eustaquio-e-publicada-na-liturgia-diaria-da-paulus\/#respond"]}]},{"@type":"WebPage","@id":"https:\/\/www.padreeustaquio.com.br\/missa-do-beato-padre-eustaquio-e-publicada-na-liturgia-diaria-da-paulus\/","url":"https:\/\/www.padreeustaquio.com.br\/missa-do-beato-padre-eustaquio-e-publicada-na-liturgia-diaria-da-paulus\/","name":"The Mass of Blessed Father Eustace is published in the Daily Liturgy of Paulus.","isPartOf":{"@id":"https:\/\/www.padreeustaquio.com.br\/#website"},"primaryImageOfPage":{"@id":"https:\/\/www.padreeustaquio.com.br\/missa-do-beato-padre-eustaquio-e-publicada-na-liturgia-diaria-da-paulus\/#primaryimage"},"image":{"@id":"https:\/\/www.padreeustaquio.com.br\/missa-do-beato-padre-eustaquio-e-publicada-na-liturgia-diaria-da-paulus\/#primaryimage"},"thumbnailUrl":"https:\/\/www.padreeustaquio.com.br\/wp-content\/uploads\/2021\/08\/WhatsApp-Image-2021-08-17-at-20.08.08-rotated.jpeg","datePublished":"2021-08-22T09:24:00+00:00","dateModified":"2021-08-23T11:36:04+00:00","description":"The feast of the Blessed is a memorial service and, with Canonical approval, may be celebrated in churches throughout Brazil.","breadcrumb":{"@id":"https:\/\/www.padreeustaquio.com.br\/missa-do-beato-padre-eustaquio-e-publicada-na-liturgia-diaria-da-paulus\/#breadcrumb"},"inLanguage":"en-US","potentialAction":[{"@type":"ReadAction","target":["https:\/\/www.padreeustaquio.com.br\/missa-do-beato-padre-eustaquio-e-publicada-na-liturgia-diaria-da-paulus\/"]}]},{"@type":"ImageObject","inLanguage":"en-US","@id":"https:\/\/www.padreeustaquio.com.br\/missa-do-beato-padre-eustaquio-e-publicada-na-liturgia-diaria-da-paulus\/#primaryimage","url":"https:\/\/www.padreeustaquio.com.br\/wp-content\/uploads\/2021\/08\/WhatsApp-Image-2021-08-17-at-20.08.08-rotated.jpeg","contentUrl":"https:\/\/www.padreeustaquio.com.br\/wp-content\/uploads\/2021\/08\/WhatsApp-Image-2021-08-17-at-20.08.08-rotated.jpeg","width":1280,"height":958},{"@type":"BreadcrumbList","@id":"https:\/\/www.padreeustaquio.com.br\/missa-do-beato-padre-eustaquio-e-publicada-na-liturgia-diaria-da-paulus\/#breadcrumb","itemListElement":[{"@type":"ListItem","position":1,"name":"In\u00edcio","item":"https:\/\/www.padreeustaquio.com.br\/"},{"@type":"ListItem","position":2,"name":"Missa do Beato Padre Eust\u00e1quio \u00e9 publicada na Liturgia Di\u00e1ria da Paulus"}]},{"@type":"WebSite","@id":"https:\/\/www.padreeustaquio.com.br\/#website","url":"https:\/\/www.padreeustaquio.com.br\/","name":"FATHER EUST\u00c1QUIO","description":"Health and Peace","publisher":{"@id":"https:\/\/www.padreeustaquio.com.br\/#organization"},"potentialAction":[{"@type":"SearchAction","target":{"@type":"EntryPoint","urlTemplate":"https:\/\/www.padreeustaquio.com.br\/?s={search_term_string}"},"query-input":{"@type":"PropertyValueSpecification","valueRequired":true,"valueName":"search_term_string"}}],"inLanguage":"en-US"},{"@type":"Organization","@id":"https:\/\/www.padreeustaquio.com.br\/#organization","name":"FATHER EUST\u00c1QUIO","url":"https:\/\/www.padreeustaquio.com.br\/","logo":{"@type":"ImageObject","inLanguage":"en-US","@id":"https:\/\/www.padreeustaquio.com.br\/#\/schema\/logo\/image\/","url":"https:\/\/www.padreeustaquio.com.br\/wp-content\/uploads\/2019\/08\/marca.png","contentUrl":"https:\/\/www.padreeustaquio.com.br\/wp-content\/uploads\/2019\/08\/marca.png","width":350,"height":400,"caption":"Padre Eust\u00e1quio"},"image":{"@id":"https:\/\/www.padreeustaquio.com.br\/#\/schema\/logo\/image\/"},"sameAs":["https:\/\/www.facebook.com\/beatopadreeustaquio\/","https:\/\/x.com\/beatopeustaquio","https:\/\/www.instagram.com\/beatopadreeustaquio\/","https:\/\/www.youtube.com\/channel\/UCRhw7vfabnajwLxb1ZXMeIw"]},{"@type":"Person","@id":"https:\/\/www.padreeustaquio.com.br\/#\/schema\/person\/a2a51db1d00f1a7af0204a0f1ddb1566","name":"@sscc","image":{"@type":"ImageObject","inLanguage":"en-US","@id":"https:\/\/secure.gravatar.com\/avatar\/68cfafa5f44617fea54071e215026e0ff06be366c3d54a8425f04fdcb86f8c5f?s=96&d=mm&r=g","url":"https:\/\/secure.gravatar.com\/avatar\/68cfafa5f44617fea54071e215026e0ff06be366c3d54a8425f04fdcb86f8c5f?s=96&d=mm&r=g","contentUrl":"https:\/\/secure.gravatar.com\/avatar\/68cfafa5f44617fea54071e215026e0ff06be366c3d54a8425f04fdcb86f8c5f?s=96&d=mm&r=g","caption":"@sscc"},"url":"https:\/\/www.padreeustaquio.com.br\/en\/author\/sscc\/"}]}},"_links":{"self":[{"href":"https:\/\/www.padreeustaquio.com.br\/en\/wp-json\/wp\/v2\/posts\/6681","targetHints":{"allow":["GET"]}}],"collection":[{"href":"https:\/\/www.padreeustaquio.com.br\/en\/wp-json\/wp\/v2\/posts"}],"about":[{"href":"https:\/\/www.padreeustaquio.com.br\/en\/wp-json\/wp\/v2\/types\/post"}],"author":[{"embeddable":true,"href":"https:\/\/www.padreeustaquio.com.br\/en\/wp-json\/wp\/v2\/users\/2"}],"replies":[{"embeddable":true,"href":"https:\/\/www.padreeustaquio.com.br\/en\/wp-json\/wp\/v2\/comments?post=6681"}],"version-history":[{"count":0,"href":"https:\/\/www.padreeustaquio.com.br\/en\/wp-json\/wp\/v2\/posts\/6681\/revisions"}],"wp:featuredmedia":[{"embeddable":true,"href":"https:\/\/www.padreeustaquio.com.br\/en\/wp-json\/wp\/v2\/media\/6682"}],"wp:attachment":[{"href":"https:\/\/www.padreeustaquio.com.br\/en\/wp-json\/wp\/v2\/media?parent=6681"}],"wp:term":[{"taxonomy":"category","embeddable":true,"href":"https:\/\/www.padreeustaquio.com.br\/en\/wp-json\/wp\/v2\/categories?post=6681"},{"taxonomy":"post_tag","embeddable":true,"href":"https:\/\/www.padreeustaquio.com.br\/en\/wp-json\/wp\/v2\/tags?post=6681"}],"curies":[{"name":"wp","href":"https:\/\/api.w.org\/{rel}","templated":true}]}}