{"id":6678,"date":"2021-08-20T05:52:00","date_gmt":"2021-08-20T08:52:00","guid":{"rendered":"https:\/\/www.padreeustaquio.com.br\/?p=6678"},"modified":"2021-08-17T20:02:32","modified_gmt":"2021-08-17T23:02:32","slug":"churches-in-patrocinio-mg-announce-the-schedule-for-the-padre-eustaquio-festival","status":"publish","type":"post","link":"https:\/\/www.padreeustaquio.com.br\/en\/churches-in-patrocinio-mg-announce-the-schedule-for-the-padre-eustaquio-festival\/","title":{"rendered":"Churches in Patroc\u00ednio\/MG announce the schedule for the Padre Eust\u00e1quio Festival."},"content":{"rendered":"<p>The Parish of Our Lady of Patronage and the Church of Saint Lucy have released the schedule for the 2021 Feast of Blessed Father Eustace.<\/p>\n\n\n\n<p>At the Church of Santa Luzia, there will be a novena from August 21st to August 29th, and special festivities on the 30th at the main church, marking the beginning of the Feast of Our Lady of Patronage. See the schedule below:<\/p>\n\n\n\n<p><strong>At the Santa Luzia church:<\/strong><\/p>\n\n\n\n<p>21\/08 \u2013 Saturday<br>5:30 PM \u2013 1st Day of the Novena \u2013 Adoration of the Blessed Sacrament \u2013 Meditation on Faith \u2013 Prayer of the Rosary \u2013 Holy Mass with the blessing of health<\/p>\n\n\n\n<p>22\/08 \u2013 Sunday<br>5 PM \u2013 2nd Day of the Novena \u2013 Adoration of the Blessed Sacrament \u2013 Meditation on Hope \u2013 Prayer of the Rosary \u2013 Holy Mass with the blessing of health<\/p>\n\n\n\n<p>23\/08 \u2013 Monday<br>6 PM \u2013 3rd Day of the Novena \u2013 Adoration of the Blessed Sacrament \u2013 Meditation on the Love of God \u2013 Prayer of the Rosary \u2013 Holy Mass with the blessing of health<\/p>\n\n\n\n<p>24\/08 \u2013 Tuesday<br>6 PM \u2013 4th Day of the Novena \u2013 Adoration of the Blessed Sacrament \u2013 Meditation on Charity \u2013 Prayer of the Rosary \u2013 Holy Mass with the blessing of health<\/p>\n\n\n\n<p>August 25th \u2013 Wednesday<br>6 PM \u2013 5th Day of the Novena \u2013 Adoration of the Blessed Sacrament \u2013 Meditation on Prudence \u2013 Prayer of the Rosary \u2013 Holy Mass with the blessing of health<\/p>\n\n\n\n<p>August 26th \u2013 Thursday<br>6 PM \u2013 6th Day of the Novena \u2013 Adoration of the Blessed Sacrament \u2013 Meditation on Justice \u2013 Prayer of the Rosary \u2013 Holy Mass with the blessing of health<\/p>\n\n\n\n<p>August 27th \u2013 Friday<br>6 PM \u2013 7th Day of the Novena \u2013 Adoration of the Blessed Sacrament \u2013 Meditation on Fortitude \u2013 Prayer of the Rosary \u2013 Holy Mass with the blessing of health<\/p>\n\n\n\n<p>August 28th \u2013 Saturday<br>7:30 PM \u2013 8th Day of the Novena \u2013 Adoration of the Blessed Sacrament \u2013 Holy Mass with the blessing of health and meditation on Temperance.<\/p>\n\n\n\n<p>29\/08 \u2013 Sunday<br>5 PM \u2013 9th Day of the Novena \u2013 Adoration of the Blessed Sacrament \u2013 Meditation on the Eucharist \u2013 Prayer of the Rosary \u2013 Holy Mass with the blessing of health<\/p>\n\n\n\n<p><strong>At the main church:<\/strong><\/p>\n\n\n\n<p>August 30th \u2013 Monday<br>6 PM \u2013 Adoration of the Blessed Sacrament \u2013 Prayer of the Rosary and Novena with the opening of the Feast of the Patron Saint and the Day of Blessed Eustace \u2013 Holy Mass with the blessing of health.<\/p>\n\n\n\n<p><\/p>\n\n\n\n<p>Source: <a href=\"https:\/\/diocesedepatosdeminas.org.br\/noticia\/novena-e-festa-do-bem-aventurado-eustaquio-van-lieshout-2021\/\" target=\"_blank\" rel=\"noreferrer noopener\">diocesedepatosdeminas.org.br<\/a><\/p>","protected":false},"excerpt":{"rendered":"<p>A Matriz Nossa Senhora do Patroc\u00ednio e a Igreja de Santa Luzia divulgaram a programa\u00e7\u00e3o para a Festa do Beato Padre Eust\u00e1quio 2021. Na Igreja de Santa Luzia haver\u00e1 novena do dia 21 ao dia 29 de agosto e festividades especiais no dia 30, na Matriz, com o in\u00edcio da Festa de Nossa Senhora do Patroc\u00ednio. Acompanhe a programa\u00e7\u00e3o: Na igreja Santa Luzia: 21\/08 \u2013 S\u00e1bado17h30min \u2013 1\u00ba. Dia da Novena \u2013 Adora\u00e7\u00e3o ao Sant\u00edssimo Sacramento \u2013 Medita\u00e7\u00e3o sobre a F\u00e9 \u2013 Ora\u00e7\u00e3o do Ter\u00e7o \u2013 Santa Missa com a ben\u00e7\u00e3o da sa\u00fade 22\/08 \u2013 Domingo17 horas \u2013 2\u00ba. Dia [&hellip;]<\/p>\n","protected":false},"author":2,"featured_media":6679,"comment_status":"open","ping_status":"closed","sticky":false,"template":"","format":"standard","meta":{"_acf_changed":false,"footnotes":""},"categories":[611],"tags":[],"class_list":["post-6678","post","type-post","status-publish","format-standard","has-post-thumbnail","hentry","category-noticias"],"acf":[],"yoast_head":"<!-- This site is optimized with the Yoast SEO plugin v27.2 - https:\/\/yoast.com\/product\/yoast-seo-wordpress\/ -->\n<title>Igrejas de Patroc\u00ednio\/MG divulgam programa\u00e7\u00e3o da Festa de Padre Eust\u00e1quio<\/title>\n<meta name=\"description\" content=\"A Matriz Nossa Senhora do Patroc\u00ednio e a Igreja de Santa Luzia divulgaram a programa\u00e7\u00e3o para a Festa do Beato Padre Eust\u00e1quio 2021.\" \/>\n<meta name=\"robots\" content=\"index, follow, max-snippet:-1, max-image-preview:large, max-video-preview:-1\" \/>\n<link rel=\"canonical\" href=\"https:\/\/www.padreeustaquio.com.br\/en\/churches-in-patrocinio-mg-announce-the-schedule-for-the-padre-eustaquio-festival\/\" \/>\n<meta property=\"og:locale\" content=\"en_US\" \/>\n<meta property=\"og:type\" content=\"article\" \/>\n<meta property=\"og:title\" content=\"Igrejas de Patroc\u00ednio\/MG divulgam programa\u00e7\u00e3o da Festa de Padre Eust\u00e1quio\" \/>\n<meta property=\"og:description\" content=\"A Matriz Nossa Senhora do Patroc\u00ednio e a Igreja de Santa Luzia divulgaram a programa\u00e7\u00e3o para a Festa do Beato Padre Eust\u00e1quio 2021.\" \/>\n<meta property=\"og:url\" content=\"https:\/\/www.padreeustaquio.com.br\/en\/churches-in-patrocinio-mg-announce-the-schedule-for-the-padre-eustaquio-festival\/\" \/>\n<meta property=\"og:site_name\" content=\"Padre Eust\u00e1quio\" \/>\n<meta property=\"article:publisher\" content=\"https:\/\/www.facebook.com\/beatopadreeustaquio\/\" \/>\n<meta property=\"article:published_time\" content=\"2021-08-20T08:52:00+00:00\" \/>\n<meta property=\"og:image\" content=\"https:\/\/www.padreeustaquio.com.br\/wp-content\/uploads\/2021\/08\/WhatsApp-Image-2021-08-16-at-08.26.18.jpeg\" \/>\n\t<meta property=\"og:image:width\" content=\"795\" \/>\n\t<meta property=\"og:image:height\" content=\"449\" \/>\n\t<meta property=\"og:image:type\" content=\"image\/jpeg\" \/>\n<meta name=\"author\" content=\"@sscc\" \/>\n<meta name=\"twitter:card\" content=\"summary_large_image\" \/>\n<meta name=\"twitter:creator\" content=\"@beatopeustaquio\" \/>\n<meta name=\"twitter:site\" content=\"@beatopeustaquio\" \/>\n<meta name=\"twitter:label1\" content=\"Written by\" \/>\n\t<meta name=\"twitter:data1\" content=\"@sscc\" \/>\n\t<meta name=\"twitter:label2\" content=\"Est. reading time\" \/>\n\t<meta name=\"twitter:data2\" content=\"2 minutes\" \/>\n<script type=\"application\/ld+json\" class=\"yoast-schema-graph\">{\"@context\":\"https:\/\/schema.org\",\"@graph\":[{\"@type\":\"Article\",\"@id\":\"https:\/\/www.padreeustaquio.com.br\/igrejas-de-patrocinio-mg-divulgam-programacao-da-festa-de-padre-eustaquio\/#article\",\"isPartOf\":{\"@id\":\"https:\/\/www.padreeustaquio.com.br\/igrejas-de-patrocinio-mg-divulgam-programacao-da-festa-de-padre-eustaquio\/\"},\"author\":{\"name\":\"@sscc\",\"@id\":\"https:\/\/www.padreeustaquio.com.br\/#\/schema\/person\/a2a51db1d00f1a7af0204a0f1ddb1566\"},\"headline\":\"Igrejas de Patroc\u00ednio\/MG divulgam programa\u00e7\u00e3o da Festa de Padre Eust\u00e1quio\",\"datePublished\":\"2021-08-20T08:52:00+00:00\",\"mainEntityOfPage\":{\"@id\":\"https:\/\/www.padreeustaquio.com.br\/igrejas-de-patrocinio-mg-divulgam-programacao-da-festa-de-padre-eustaquio\/\"},\"wordCount\":399,\"commentCount\":0,\"publisher\":{\"@id\":\"https:\/\/www.padreeustaquio.com.br\/#organization\"},\"image\":{\"@id\":\"https:\/\/www.padreeustaquio.com.br\/igrejas-de-patrocinio-mg-divulgam-programacao-da-festa-de-padre-eustaquio\/#primaryimage\"},\"thumbnailUrl\":\"https:\/\/www.padreeustaquio.com.br\/wp-content\/uploads\/2021\/08\/WhatsApp-Image-2021-08-16-at-08.26.18.jpeg\",\"articleSection\":[\"Not\u00edcias\"],\"inLanguage\":\"en-US\",\"potentialAction\":[{\"@type\":\"CommentAction\",\"name\":\"Comment\",\"target\":[\"https:\/\/www.padreeustaquio.com.br\/igrejas-de-patrocinio-mg-divulgam-programacao-da-festa-de-padre-eustaquio\/#respond\"]}]},{\"@type\":\"WebPage\",\"@id\":\"https:\/\/www.padreeustaquio.com.br\/igrejas-de-patrocinio-mg-divulgam-programacao-da-festa-de-padre-eustaquio\/\",\"url\":\"https:\/\/www.padreeustaquio.com.br\/igrejas-de-patrocinio-mg-divulgam-programacao-da-festa-de-padre-eustaquio\/\",\"name\":\"Igrejas de Patroc\u00ednio\/MG divulgam programa\u00e7\u00e3o da Festa de Padre Eust\u00e1quio\",\"isPartOf\":{\"@id\":\"https:\/\/www.padreeustaquio.com.br\/#website\"},\"primaryImageOfPage\":{\"@id\":\"https:\/\/www.padreeustaquio.com.br\/igrejas-de-patrocinio-mg-divulgam-programacao-da-festa-de-padre-eustaquio\/#primaryimage\"},\"image\":{\"@id\":\"https:\/\/www.padreeustaquio.com.br\/igrejas-de-patrocinio-mg-divulgam-programacao-da-festa-de-padre-eustaquio\/#primaryimage\"},\"thumbnailUrl\":\"https:\/\/www.padreeustaquio.com.br\/wp-content\/uploads\/2021\/08\/WhatsApp-Image-2021-08-16-at-08.26.18.jpeg\",\"datePublished\":\"2021-08-20T08:52:00+00:00\",\"description\":\"A Matriz Nossa Senhora do Patroc\u00ednio e a Igreja de Santa Luzia divulgaram a programa\u00e7\u00e3o para a Festa do Beato Padre Eust\u00e1quio 2021.\",\"breadcrumb\":{\"@id\":\"https:\/\/www.padreeustaquio.com.br\/igrejas-de-patrocinio-mg-divulgam-programacao-da-festa-de-padre-eustaquio\/#breadcrumb\"},\"inLanguage\":\"en-US\",\"potentialAction\":[{\"@type\":\"ReadAction\",\"target\":[\"https:\/\/www.padreeustaquio.com.br\/igrejas-de-patrocinio-mg-divulgam-programacao-da-festa-de-padre-eustaquio\/\"]}]},{\"@type\":\"ImageObject\",\"inLanguage\":\"en-US\",\"@id\":\"https:\/\/www.padreeustaquio.com.br\/igrejas-de-patrocinio-mg-divulgam-programacao-da-festa-de-padre-eustaquio\/#primaryimage\",\"url\":\"https:\/\/www.padreeustaquio.com.br\/wp-content\/uploads\/2021\/08\/WhatsApp-Image-2021-08-16-at-08.26.18.jpeg\",\"contentUrl\":\"https:\/\/www.padreeustaquio.com.br\/wp-content\/uploads\/2021\/08\/WhatsApp-Image-2021-08-16-at-08.26.18.jpeg\",\"width\":795,\"height\":449},{\"@type\":\"BreadcrumbList\",\"@id\":\"https:\/\/www.padreeustaquio.com.br\/igrejas-de-patrocinio-mg-divulgam-programacao-da-festa-de-padre-eustaquio\/#breadcrumb\",\"itemListElement\":[{\"@type\":\"ListItem\",\"position\":1,\"name\":\"In\u00edcio\",\"item\":\"https:\/\/www.padreeustaquio.com.br\/\"},{\"@type\":\"ListItem\",\"position\":2,\"name\":\"Igrejas de Patroc\u00ednio\/MG divulgam programa\u00e7\u00e3o da Festa de Padre Eust\u00e1quio\"}]},{\"@type\":\"WebSite\",\"@id\":\"https:\/\/www.padreeustaquio.com.br\/#website\",\"url\":\"https:\/\/www.padreeustaquio.com.br\/\",\"name\":\"Padre Eust\u00e1quio\",\"description\":\"Sa\u00fade e Paz\",\"publisher\":{\"@id\":\"https:\/\/www.padreeustaquio.com.br\/#organization\"},\"potentialAction\":[{\"@type\":\"SearchAction\",\"target\":{\"@type\":\"EntryPoint\",\"urlTemplate\":\"https:\/\/www.padreeustaquio.com.br\/?s={search_term_string}\"},\"query-input\":{\"@type\":\"PropertyValueSpecification\",\"valueRequired\":true,\"valueName\":\"search_term_string\"}}],\"inLanguage\":\"en-US\"},{\"@type\":\"Organization\",\"@id\":\"https:\/\/www.padreeustaquio.com.br\/#organization\",\"name\":\"Padre Eust\u00e1quio\",\"url\":\"https:\/\/www.padreeustaquio.com.br\/\",\"logo\":{\"@type\":\"ImageObject\",\"inLanguage\":\"en-US\",\"@id\":\"https:\/\/www.padreeustaquio.com.br\/#\/schema\/logo\/image\/\",\"url\":\"https:\/\/www.padreeustaquio.com.br\/wp-content\/uploads\/2019\/08\/marca.png\",\"contentUrl\":\"https:\/\/www.padreeustaquio.com.br\/wp-content\/uploads\/2019\/08\/marca.png\",\"width\":350,\"height\":400,\"caption\":\"Padre Eust\u00e1quio\"},\"image\":{\"@id\":\"https:\/\/www.padreeustaquio.com.br\/#\/schema\/logo\/image\/\"},\"sameAs\":[\"https:\/\/www.facebook.com\/beatopadreeustaquio\/\",\"https:\/\/x.com\/beatopeustaquio\",\"https:\/\/www.instagram.com\/beatopadreeustaquio\/\",\"https:\/\/www.youtube.com\/channel\/UCRhw7vfabnajwLxb1ZXMeIw\"]},{\"@type\":\"Person\",\"@id\":\"https:\/\/www.padreeustaquio.com.br\/#\/schema\/person\/a2a51db1d00f1a7af0204a0f1ddb1566\",\"name\":\"@sscc\",\"image\":{\"@type\":\"ImageObject\",\"inLanguage\":\"en-US\",\"@id\":\"https:\/\/secure.gravatar.com\/avatar\/68cfafa5f44617fea54071e215026e0ff06be366c3d54a8425f04fdcb86f8c5f?s=96&d=mm&r=g\",\"url\":\"https:\/\/secure.gravatar.com\/avatar\/68cfafa5f44617fea54071e215026e0ff06be366c3d54a8425f04fdcb86f8c5f?s=96&d=mm&r=g\",\"contentUrl\":\"https:\/\/secure.gravatar.com\/avatar\/68cfafa5f44617fea54071e215026e0ff06be366c3d54a8425f04fdcb86f8c5f?s=96&d=mm&r=g\",\"caption\":\"@sscc\"},\"url\":\"https:\/\/www.padreeustaquio.com.br\/en\/author\/sscc\/\"}]}<\/script>\n<!-- \/ Yoast SEO plugin. -->","yoast_head_json":{"title":"Churches in Patroc\u00ednio\/MG announce the schedule for the Padre Eust\u00e1quio Festival.","description":"The Parish of Our Lady of Patronage and the Church of Saint Lucy have released the schedule for the 2021 Feast of Blessed Father Eustace.","robots":{"index":"index","follow":"follow","max-snippet":"max-snippet:-1","max-image-preview":"max-image-preview:large","max-video-preview":"max-video-preview:-1"},"canonical":"https:\/\/www.padreeustaquio.com.br\/en\/churches-in-patrocinio-mg-announce-the-schedule-for-the-padre-eustaquio-festival\/","og_locale":"en_US","og_type":"article","og_title":"Igrejas de Patroc\u00ednio\/MG divulgam programa\u00e7\u00e3o da Festa de Padre Eust\u00e1quio","og_description":"A Matriz Nossa Senhora do Patroc\u00ednio e a Igreja de Santa Luzia divulgaram a programa\u00e7\u00e3o para a Festa do Beato Padre Eust\u00e1quio 2021.","og_url":"https:\/\/www.padreeustaquio.com.br\/en\/churches-in-patrocinio-mg-announce-the-schedule-for-the-padre-eustaquio-festival\/","og_site_name":"Padre Eust\u00e1quio","article_publisher":"https:\/\/www.facebook.com\/beatopadreeustaquio\/","article_published_time":"2021-08-20T08:52:00+00:00","og_image":[{"width":795,"height":449,"url":"https:\/\/www.padreeustaquio.com.br\/wp-content\/uploads\/2021\/08\/WhatsApp-Image-2021-08-16-at-08.26.18.jpeg","type":"image\/jpeg"}],"author":"@sscc","twitter_card":"summary_large_image","twitter_creator":"@beatopeustaquio","twitter_site":"@beatopeustaquio","twitter_misc":{"Written by":"@sscc","Est. reading time":"2 minutes"},"schema":{"@context":"https:\/\/schema.org","@graph":[{"@type":"Article","@id":"https:\/\/www.padreeustaquio.com.br\/igrejas-de-patrocinio-mg-divulgam-programacao-da-festa-de-padre-eustaquio\/#article","isPartOf":{"@id":"https:\/\/www.padreeustaquio.com.br\/igrejas-de-patrocinio-mg-divulgam-programacao-da-festa-de-padre-eustaquio\/"},"author":{"name":"@sscc","@id":"https:\/\/www.padreeustaquio.com.br\/#\/schema\/person\/a2a51db1d00f1a7af0204a0f1ddb1566"},"headline":"Igrejas de Patroc\u00ednio\/MG divulgam programa\u00e7\u00e3o da Festa de Padre Eust\u00e1quio","datePublished":"2021-08-20T08:52:00+00:00","mainEntityOfPage":{"@id":"https:\/\/www.padreeustaquio.com.br\/igrejas-de-patrocinio-mg-divulgam-programacao-da-festa-de-padre-eustaquio\/"},"wordCount":399,"commentCount":0,"publisher":{"@id":"https:\/\/www.padreeustaquio.com.br\/#organization"},"image":{"@id":"https:\/\/www.padreeustaquio.com.br\/igrejas-de-patrocinio-mg-divulgam-programacao-da-festa-de-padre-eustaquio\/#primaryimage"},"thumbnailUrl":"https:\/\/www.padreeustaquio.com.br\/wp-content\/uploads\/2021\/08\/WhatsApp-Image-2021-08-16-at-08.26.18.jpeg","articleSection":["Not\u00edcias"],"inLanguage":"en-US","potentialAction":[{"@type":"CommentAction","name":"Comment","target":["https:\/\/www.padreeustaquio.com.br\/igrejas-de-patrocinio-mg-divulgam-programacao-da-festa-de-padre-eustaquio\/#respond"]}]},{"@type":"WebPage","@id":"https:\/\/www.padreeustaquio.com.br\/igrejas-de-patrocinio-mg-divulgam-programacao-da-festa-de-padre-eustaquio\/","url":"https:\/\/www.padreeustaquio.com.br\/igrejas-de-patrocinio-mg-divulgam-programacao-da-festa-de-padre-eustaquio\/","name":"Churches in Patroc\u00ednio\/MG announce the schedule for the Padre Eust\u00e1quio Festival.","isPartOf":{"@id":"https:\/\/www.padreeustaquio.com.br\/#website"},"primaryImageOfPage":{"@id":"https:\/\/www.padreeustaquio.com.br\/igrejas-de-patrocinio-mg-divulgam-programacao-da-festa-de-padre-eustaquio\/#primaryimage"},"image":{"@id":"https:\/\/www.padreeustaquio.com.br\/igrejas-de-patrocinio-mg-divulgam-programacao-da-festa-de-padre-eustaquio\/#primaryimage"},"thumbnailUrl":"https:\/\/www.padreeustaquio.com.br\/wp-content\/uploads\/2021\/08\/WhatsApp-Image-2021-08-16-at-08.26.18.jpeg","datePublished":"2021-08-20T08:52:00+00:00","description":"The Parish of Our Lady of Patronage and the Church of Saint Lucy have released the schedule for the 2021 Feast of Blessed Father Eustace.","breadcrumb":{"@id":"https:\/\/www.padreeustaquio.com.br\/igrejas-de-patrocinio-mg-divulgam-programacao-da-festa-de-padre-eustaquio\/#breadcrumb"},"inLanguage":"en-US","potentialAction":[{"@type":"ReadAction","target":["https:\/\/www.padreeustaquio.com.br\/igrejas-de-patrocinio-mg-divulgam-programacao-da-festa-de-padre-eustaquio\/"]}]},{"@type":"ImageObject","inLanguage":"en-US","@id":"https:\/\/www.padreeustaquio.com.br\/igrejas-de-patrocinio-mg-divulgam-programacao-da-festa-de-padre-eustaquio\/#primaryimage","url":"https:\/\/www.padreeustaquio.com.br\/wp-content\/uploads\/2021\/08\/WhatsApp-Image-2021-08-16-at-08.26.18.jpeg","contentUrl":"https:\/\/www.padreeustaquio.com.br\/wp-content\/uploads\/2021\/08\/WhatsApp-Image-2021-08-16-at-08.26.18.jpeg","width":795,"height":449},{"@type":"BreadcrumbList","@id":"https:\/\/www.padreeustaquio.com.br\/igrejas-de-patrocinio-mg-divulgam-programacao-da-festa-de-padre-eustaquio\/#breadcrumb","itemListElement":[{"@type":"ListItem","position":1,"name":"In\u00edcio","item":"https:\/\/www.padreeustaquio.com.br\/"},{"@type":"ListItem","position":2,"name":"Igrejas de Patroc\u00ednio\/MG divulgam programa\u00e7\u00e3o da Festa de Padre Eust\u00e1quio"}]},{"@type":"WebSite","@id":"https:\/\/www.padreeustaquio.com.br\/#website","url":"https:\/\/www.padreeustaquio.com.br\/","name":"FATHER EUST\u00c1QUIO","description":"Health and Peace","publisher":{"@id":"https:\/\/www.padreeustaquio.com.br\/#organization"},"potentialAction":[{"@type":"SearchAction","target":{"@type":"EntryPoint","urlTemplate":"https:\/\/www.padreeustaquio.com.br\/?s={search_term_string}"},"query-input":{"@type":"PropertyValueSpecification","valueRequired":true,"valueName":"search_term_string"}}],"inLanguage":"en-US"},{"@type":"Organization","@id":"https:\/\/www.padreeustaquio.com.br\/#organization","name":"FATHER EUST\u00c1QUIO","url":"https:\/\/www.padreeustaquio.com.br\/","logo":{"@type":"ImageObject","inLanguage":"en-US","@id":"https:\/\/www.padreeustaquio.com.br\/#\/schema\/logo\/image\/","url":"https:\/\/www.padreeustaquio.com.br\/wp-content\/uploads\/2019\/08\/marca.png","contentUrl":"https:\/\/www.padreeustaquio.com.br\/wp-content\/uploads\/2019\/08\/marca.png","width":350,"height":400,"caption":"Padre Eust\u00e1quio"},"image":{"@id":"https:\/\/www.padreeustaquio.com.br\/#\/schema\/logo\/image\/"},"sameAs":["https:\/\/www.facebook.com\/beatopadreeustaquio\/","https:\/\/x.com\/beatopeustaquio","https:\/\/www.instagram.com\/beatopadreeustaquio\/","https:\/\/www.youtube.com\/channel\/UCRhw7vfabnajwLxb1ZXMeIw"]},{"@type":"Person","@id":"https:\/\/www.padreeustaquio.com.br\/#\/schema\/person\/a2a51db1d00f1a7af0204a0f1ddb1566","name":"@sscc","image":{"@type":"ImageObject","inLanguage":"en-US","@id":"https:\/\/secure.gravatar.com\/avatar\/68cfafa5f44617fea54071e215026e0ff06be366c3d54a8425f04fdcb86f8c5f?s=96&d=mm&r=g","url":"https:\/\/secure.gravatar.com\/avatar\/68cfafa5f44617fea54071e215026e0ff06be366c3d54a8425f04fdcb86f8c5f?s=96&d=mm&r=g","contentUrl":"https:\/\/secure.gravatar.com\/avatar\/68cfafa5f44617fea54071e215026e0ff06be366c3d54a8425f04fdcb86f8c5f?s=96&d=mm&r=g","caption":"@sscc"},"url":"https:\/\/www.padreeustaquio.com.br\/en\/author\/sscc\/"}]}},"_links":{"self":[{"href":"https:\/\/www.padreeustaquio.com.br\/en\/wp-json\/wp\/v2\/posts\/6678","targetHints":{"allow":["GET"]}}],"collection":[{"href":"https:\/\/www.padreeustaquio.com.br\/en\/wp-json\/wp\/v2\/posts"}],"about":[{"href":"https:\/\/www.padreeustaquio.com.br\/en\/wp-json\/wp\/v2\/types\/post"}],"author":[{"embeddable":true,"href":"https:\/\/www.padreeustaquio.com.br\/en\/wp-json\/wp\/v2\/users\/2"}],"replies":[{"embeddable":true,"href":"https:\/\/www.padreeustaquio.com.br\/en\/wp-json\/wp\/v2\/comments?post=6678"}],"version-history":[{"count":0,"href":"https:\/\/www.padreeustaquio.com.br\/en\/wp-json\/wp\/v2\/posts\/6678\/revisions"}],"wp:featuredmedia":[{"embeddable":true,"href":"https:\/\/www.padreeustaquio.com.br\/en\/wp-json\/wp\/v2\/media\/6679"}],"wp:attachment":[{"href":"https:\/\/www.padreeustaquio.com.br\/en\/wp-json\/wp\/v2\/media?parent=6678"}],"wp:term":[{"taxonomy":"category","embeddable":true,"href":"https:\/\/www.padreeustaquio.com.br\/en\/wp-json\/wp\/v2\/categories?post=6678"},{"taxonomy":"post_tag","embeddable":true,"href":"https:\/\/www.padreeustaquio.com.br\/en\/wp-json\/wp\/v2\/tags?post=6678"}],"curies":[{"name":"wp","href":"https:\/\/api.w.org\/{rel}","templated":true}]}}