{"id":6654,"date":"2021-08-17T05:37:00","date_gmt":"2021-08-17T08:37:00","guid":{"rendered":"https:\/\/www.padreeustaquio.com.br\/?p=6654"},"modified":"2021-08-16T19:54:50","modified_gmt":"2021-08-16T22:54:50","slug":"partygoers-from-porto-alegre-sp-participate-in-the-opening-of-the-padre-eustaquio-festival-in-belo-horizonte","status":"publish","type":"post","link":"https:\/\/www.padreeustaquio.com.br\/en\/partygoers-from-porto-alegre-sp-participate-in-the-opening-of-the-padre-eustaquio-festival-in-belo-horizonte\/","title":{"rendered":"Festival-goers from Po\u00e1-SP participate in the opening of the Padre Eust\u00e1quio Festival in Belo Horizonte."},"content":{"rendered":"<p>Father Reginaldo Martins da Silva, parish priest of Our Lady of Lourdes Parish in Po\u00e1\/SP, along with local festival organizers, participated in the weekend celebrations at the Health and Peace Sanctuary.<\/p>\n\n\n\n<p>Bringing the banners of the festival in Po\u00e1, the committee came to Belo Horizonte for the opening of the festivities of the Blessed One&#039;s Day at the Sanctuary. They return to the city in S\u00e3o Paulo where they will visit all the parishes in the municipality, taking relics and the Message of Health and Peace from the Dutch priest.<\/p>\n\n\n\n<p>The team arrived in Belo Horizonte on Saturday and visited the Sanctuary and Memorial, where the mortal remains of Father Eust\u00e1quio are kept. On Sunday, they were sent by Father Marcus Vin\u00edcius Maciel, responsible for the Cause of Canonization, to the opening mass of the Patron Saint&#039;s Festival. Now, the festival organizers will prepare for the festivities that will take place in Po\u00e1, in the metropolitan region of S\u00e3o Paulo.<\/p>\n\n\n\n<p>Father Eust\u00e1quio lived in Po\u00e1\/SP from 1935 to 1941, at the Parish of Our Lady of Lourdes. He dedicated his life to his parishioners, with special affection for the sick and suffering.<\/p>\n\n\n\n<p><\/p>","protected":false},"excerpt":{"rendered":"<p>O Padre Reginaldo Martins da Silva, p\u00e1roco da Par\u00f3quia Nossa Senhora de Lourdes em Po\u00e1\/SP, junto com festeiros poasenses, participaram das celebra\u00e7\u00f5es desse fim de semana no Santu\u00e1rio Sa\u00fade e Paz. Trazendo as bandeiras da festa em Po\u00e1, a comiss\u00e3o veio \u00e0 BH para a abertura das festividades do dia do Bem-aventurado no Santu\u00e1rio. Eles voltam para a cidade paulista onde v\u00e3o visitar todas as par\u00f3quias do munic\u00edpio, levando rel\u00edquias e a Mensagem de Sa\u00fade e Paz do padre holand\u00eas. A equipe chegou a Belo Horizonte no s\u00e1bado e conheceu o Santu\u00e1rio e o Memorial, onde est\u00e3o os restos mortais [&hellip;]<\/p>\n","protected":false},"author":2,"featured_media":6660,"comment_status":"open","ping_status":"closed","sticky":false,"template":"","format":"standard","meta":{"_acf_changed":false,"footnotes":""},"categories":[611],"tags":[],"class_list":["post-6654","post","type-post","status-publish","format-standard","has-post-thumbnail","hentry","category-noticias"],"acf":[],"yoast_head":"<!-- This site is optimized with the Yoast SEO plugin v27.2 - https:\/\/yoast.com\/product\/yoast-seo-wordpress\/ -->\n<title>Festeiros de Po\u00e1-SP participam da abertura da Festa do Padre Eust\u00e1quio em Belo Horizonte<\/title>\n<meta name=\"description\" content=\"O Padre Reginaldo Martins da Silva, p\u00e1roco da Par\u00f3quia N. Sra de Lourdes em Po\u00e1\/SP, junto com festeiros participaram das celebra\u00e7\u00f5es desse fim de semana no Santu\u00e1rio Sa\u00fade e Paz.\" \/>\n<meta name=\"robots\" content=\"index, follow, max-snippet:-1, max-image-preview:large, max-video-preview:-1\" \/>\n<link rel=\"canonical\" href=\"https:\/\/www.padreeustaquio.com.br\/en\/partygoers-from-porto-alegre-sp-participate-in-the-opening-of-the-padre-eustaquio-festival-in-belo-horizonte\/\" \/>\n<meta property=\"og:locale\" content=\"en_US\" \/>\n<meta property=\"og:type\" content=\"article\" \/>\n<meta property=\"og:title\" content=\"Festeiros de Po\u00e1-SP participam da abertura da Festa do Padre Eust\u00e1quio em Belo Horizonte\" \/>\n<meta property=\"og:description\" content=\"O Padre Reginaldo Martins da Silva, p\u00e1roco da Par\u00f3quia N. Sra de Lourdes em Po\u00e1\/SP, junto com festeiros participaram das celebra\u00e7\u00f5es desse fim de semana no Santu\u00e1rio Sa\u00fade e Paz.\" \/>\n<meta property=\"og:url\" content=\"https:\/\/www.padreeustaquio.com.br\/en\/partygoers-from-porto-alegre-sp-participate-in-the-opening-of-the-padre-eustaquio-festival-in-belo-horizonte\/\" \/>\n<meta property=\"og:site_name\" content=\"Padre Eust\u00e1quio\" \/>\n<meta property=\"article:publisher\" content=\"https:\/\/www.facebook.com\/beatopadreeustaquio\/\" \/>\n<meta property=\"article:published_time\" content=\"2021-08-17T08:37:00+00:00\" \/>\n<meta property=\"og:image\" content=\"https:\/\/www.padreeustaquio.com.br\/wp-content\/uploads\/2021\/08\/WhatsApp-Image-2021-08-16-at-07.13.21-e1629154453459.jpeg\" \/>\n\t<meta property=\"og:image:width\" content=\"462\" \/>\n\t<meta property=\"og:image:height\" content=\"270\" \/>\n\t<meta property=\"og:image:type\" content=\"image\/jpeg\" \/>\n<meta name=\"author\" content=\"@sscc\" \/>\n<meta name=\"twitter:card\" content=\"summary_large_image\" \/>\n<meta name=\"twitter:creator\" content=\"@beatopeustaquio\" \/>\n<meta name=\"twitter:site\" content=\"@beatopeustaquio\" \/>\n<meta name=\"twitter:label1\" content=\"Written by\" \/>\n\t<meta name=\"twitter:data1\" content=\"@sscc\" \/>\n\t<meta name=\"twitter:label2\" content=\"Est. reading time\" \/>\n\t<meta name=\"twitter:data2\" content=\"1 minute\" \/>\n<script type=\"application\/ld+json\" class=\"yoast-schema-graph\">{\"@context\":\"https:\/\/schema.org\",\"@graph\":[{\"@type\":\"Article\",\"@id\":\"https:\/\/www.padreeustaquio.com.br\/festeiros-de-poa-sp-participam-da-abertura-da-festa-do-padre-eustaquio-em-belo-horizonte\/#article\",\"isPartOf\":{\"@id\":\"https:\/\/www.padreeustaquio.com.br\/festeiros-de-poa-sp-participam-da-abertura-da-festa-do-padre-eustaquio-em-belo-horizonte\/\"},\"author\":{\"name\":\"@sscc\",\"@id\":\"https:\/\/www.padreeustaquio.com.br\/#\/schema\/person\/a2a51db1d00f1a7af0204a0f1ddb1566\"},\"headline\":\"Festeiros de Po\u00e1-SP participam da abertura da Festa do Padre Eust\u00e1quio em Belo Horizonte\",\"datePublished\":\"2021-08-17T08:37:00+00:00\",\"mainEntityOfPage\":{\"@id\":\"https:\/\/www.padreeustaquio.com.br\/festeiros-de-poa-sp-participam-da-abertura-da-festa-do-padre-eustaquio-em-belo-horizonte\/\"},\"wordCount\":215,\"commentCount\":0,\"publisher\":{\"@id\":\"https:\/\/www.padreeustaquio.com.br\/#organization\"},\"image\":{\"@id\":\"https:\/\/www.padreeustaquio.com.br\/festeiros-de-poa-sp-participam-da-abertura-da-festa-do-padre-eustaquio-em-belo-horizonte\/#primaryimage\"},\"thumbnailUrl\":\"https:\/\/www.padreeustaquio.com.br\/wp-content\/uploads\/2021\/08\/WhatsApp-Image-2021-08-16-at-07.13.21-e1629154453459.jpeg\",\"articleSection\":[\"Not\u00edcias\"],\"inLanguage\":\"en-US\",\"potentialAction\":[{\"@type\":\"CommentAction\",\"name\":\"Comment\",\"target\":[\"https:\/\/www.padreeustaquio.com.br\/festeiros-de-poa-sp-participam-da-abertura-da-festa-do-padre-eustaquio-em-belo-horizonte\/#respond\"]}]},{\"@type\":\"WebPage\",\"@id\":\"https:\/\/www.padreeustaquio.com.br\/festeiros-de-poa-sp-participam-da-abertura-da-festa-do-padre-eustaquio-em-belo-horizonte\/\",\"url\":\"https:\/\/www.padreeustaquio.com.br\/festeiros-de-poa-sp-participam-da-abertura-da-festa-do-padre-eustaquio-em-belo-horizonte\/\",\"name\":\"Festeiros de Po\u00e1-SP participam da abertura da Festa do Padre Eust\u00e1quio em Belo Horizonte\",\"isPartOf\":{\"@id\":\"https:\/\/www.padreeustaquio.com.br\/#website\"},\"primaryImageOfPage\":{\"@id\":\"https:\/\/www.padreeustaquio.com.br\/festeiros-de-poa-sp-participam-da-abertura-da-festa-do-padre-eustaquio-em-belo-horizonte\/#primaryimage\"},\"image\":{\"@id\":\"https:\/\/www.padreeustaquio.com.br\/festeiros-de-poa-sp-participam-da-abertura-da-festa-do-padre-eustaquio-em-belo-horizonte\/#primaryimage\"},\"thumbnailUrl\":\"https:\/\/www.padreeustaquio.com.br\/wp-content\/uploads\/2021\/08\/WhatsApp-Image-2021-08-16-at-07.13.21-e1629154453459.jpeg\",\"datePublished\":\"2021-08-17T08:37:00+00:00\",\"description\":\"O Padre Reginaldo Martins da Silva, p\u00e1roco da Par\u00f3quia N. Sra de Lourdes em Po\u00e1\/SP, junto com festeiros participaram das celebra\u00e7\u00f5es desse fim de semana no Santu\u00e1rio Sa\u00fade e Paz.\",\"breadcrumb\":{\"@id\":\"https:\/\/www.padreeustaquio.com.br\/festeiros-de-poa-sp-participam-da-abertura-da-festa-do-padre-eustaquio-em-belo-horizonte\/#breadcrumb\"},\"inLanguage\":\"en-US\",\"potentialAction\":[{\"@type\":\"ReadAction\",\"target\":[\"https:\/\/www.padreeustaquio.com.br\/festeiros-de-poa-sp-participam-da-abertura-da-festa-do-padre-eustaquio-em-belo-horizonte\/\"]}]},{\"@type\":\"ImageObject\",\"inLanguage\":\"en-US\",\"@id\":\"https:\/\/www.padreeustaquio.com.br\/festeiros-de-poa-sp-participam-da-abertura-da-festa-do-padre-eustaquio-em-belo-horizonte\/#primaryimage\",\"url\":\"https:\/\/www.padreeustaquio.com.br\/wp-content\/uploads\/2021\/08\/WhatsApp-Image-2021-08-16-at-07.13.21-e1629154453459.jpeg\",\"contentUrl\":\"https:\/\/www.padreeustaquio.com.br\/wp-content\/uploads\/2021\/08\/WhatsApp-Image-2021-08-16-at-07.13.21-e1629154453459.jpeg\",\"width\":462,\"height\":270},{\"@type\":\"BreadcrumbList\",\"@id\":\"https:\/\/www.padreeustaquio.com.br\/festeiros-de-poa-sp-participam-da-abertura-da-festa-do-padre-eustaquio-em-belo-horizonte\/#breadcrumb\",\"itemListElement\":[{\"@type\":\"ListItem\",\"position\":1,\"name\":\"In\u00edcio\",\"item\":\"https:\/\/www.padreeustaquio.com.br\/\"},{\"@type\":\"ListItem\",\"position\":2,\"name\":\"Festeiros de Po\u00e1-SP participam da abertura da Festa do Padre Eust\u00e1quio em Belo Horizonte\"}]},{\"@type\":\"WebSite\",\"@id\":\"https:\/\/www.padreeustaquio.com.br\/#website\",\"url\":\"https:\/\/www.padreeustaquio.com.br\/\",\"name\":\"Padre Eust\u00e1quio\",\"description\":\"Sa\u00fade e Paz\",\"publisher\":{\"@id\":\"https:\/\/www.padreeustaquio.com.br\/#organization\"},\"potentialAction\":[{\"@type\":\"SearchAction\",\"target\":{\"@type\":\"EntryPoint\",\"urlTemplate\":\"https:\/\/www.padreeustaquio.com.br\/?s={search_term_string}\"},\"query-input\":{\"@type\":\"PropertyValueSpecification\",\"valueRequired\":true,\"valueName\":\"search_term_string\"}}],\"inLanguage\":\"en-US\"},{\"@type\":\"Organization\",\"@id\":\"https:\/\/www.padreeustaquio.com.br\/#organization\",\"name\":\"Padre Eust\u00e1quio\",\"url\":\"https:\/\/www.padreeustaquio.com.br\/\",\"logo\":{\"@type\":\"ImageObject\",\"inLanguage\":\"en-US\",\"@id\":\"https:\/\/www.padreeustaquio.com.br\/#\/schema\/logo\/image\/\",\"url\":\"https:\/\/www.padreeustaquio.com.br\/wp-content\/uploads\/2019\/08\/marca.png\",\"contentUrl\":\"https:\/\/www.padreeustaquio.com.br\/wp-content\/uploads\/2019\/08\/marca.png\",\"width\":350,\"height\":400,\"caption\":\"Padre Eust\u00e1quio\"},\"image\":{\"@id\":\"https:\/\/www.padreeustaquio.com.br\/#\/schema\/logo\/image\/\"},\"sameAs\":[\"https:\/\/www.facebook.com\/beatopadreeustaquio\/\",\"https:\/\/x.com\/beatopeustaquio\",\"https:\/\/www.instagram.com\/beatopadreeustaquio\/\",\"https:\/\/www.youtube.com\/channel\/UCRhw7vfabnajwLxb1ZXMeIw\"]},{\"@type\":\"Person\",\"@id\":\"https:\/\/www.padreeustaquio.com.br\/#\/schema\/person\/a2a51db1d00f1a7af0204a0f1ddb1566\",\"name\":\"@sscc\",\"image\":{\"@type\":\"ImageObject\",\"inLanguage\":\"en-US\",\"@id\":\"https:\/\/secure.gravatar.com\/avatar\/68cfafa5f44617fea54071e215026e0ff06be366c3d54a8425f04fdcb86f8c5f?s=96&d=mm&r=g\",\"url\":\"https:\/\/secure.gravatar.com\/avatar\/68cfafa5f44617fea54071e215026e0ff06be366c3d54a8425f04fdcb86f8c5f?s=96&d=mm&r=g\",\"contentUrl\":\"https:\/\/secure.gravatar.com\/avatar\/68cfafa5f44617fea54071e215026e0ff06be366c3d54a8425f04fdcb86f8c5f?s=96&d=mm&r=g\",\"caption\":\"@sscc\"},\"url\":\"https:\/\/www.padreeustaquio.com.br\/en\/author\/sscc\/\"}]}<\/script>\n<!-- \/ Yoast SEO plugin. -->","yoast_head_json":{"title":"Festival-goers from Po\u00e1-SP participate in the opening of the Padre Eust\u00e1quio Festival in Belo Horizonte.","description":"Father Reginaldo Martins da Silva, parish priest of Our Lady of Lourdes Parish in Po\u00e1\/SP, along with festival organizers, participated in the celebrations this weekend at the Health and Peace Sanctuary.","robots":{"index":"index","follow":"follow","max-snippet":"max-snippet:-1","max-image-preview":"max-image-preview:large","max-video-preview":"max-video-preview:-1"},"canonical":"https:\/\/www.padreeustaquio.com.br\/en\/partygoers-from-porto-alegre-sp-participate-in-the-opening-of-the-padre-eustaquio-festival-in-belo-horizonte\/","og_locale":"en_US","og_type":"article","og_title":"Festeiros de Po\u00e1-SP participam da abertura da Festa do Padre Eust\u00e1quio em Belo Horizonte","og_description":"O Padre Reginaldo Martins da Silva, p\u00e1roco da Par\u00f3quia N. Sra de Lourdes em Po\u00e1\/SP, junto com festeiros participaram das celebra\u00e7\u00f5es desse fim de semana no Santu\u00e1rio Sa\u00fade e Paz.","og_url":"https:\/\/www.padreeustaquio.com.br\/en\/partygoers-from-porto-alegre-sp-participate-in-the-opening-of-the-padre-eustaquio-festival-in-belo-horizonte\/","og_site_name":"Padre Eust\u00e1quio","article_publisher":"https:\/\/www.facebook.com\/beatopadreeustaquio\/","article_published_time":"2021-08-17T08:37:00+00:00","og_image":[{"width":462,"height":270,"url":"https:\/\/www.padreeustaquio.com.br\/wp-content\/uploads\/2021\/08\/WhatsApp-Image-2021-08-16-at-07.13.21-e1629154453459.jpeg","type":"image\/jpeg"}],"author":"@sscc","twitter_card":"summary_large_image","twitter_creator":"@beatopeustaquio","twitter_site":"@beatopeustaquio","twitter_misc":{"Written by":"@sscc","Est. reading time":"1 minute"},"schema":{"@context":"https:\/\/schema.org","@graph":[{"@type":"Article","@id":"https:\/\/www.padreeustaquio.com.br\/festeiros-de-poa-sp-participam-da-abertura-da-festa-do-padre-eustaquio-em-belo-horizonte\/#article","isPartOf":{"@id":"https:\/\/www.padreeustaquio.com.br\/festeiros-de-poa-sp-participam-da-abertura-da-festa-do-padre-eustaquio-em-belo-horizonte\/"},"author":{"name":"@sscc","@id":"https:\/\/www.padreeustaquio.com.br\/#\/schema\/person\/a2a51db1d00f1a7af0204a0f1ddb1566"},"headline":"Festeiros de Po\u00e1-SP participam da abertura da Festa do Padre Eust\u00e1quio em Belo Horizonte","datePublished":"2021-08-17T08:37:00+00:00","mainEntityOfPage":{"@id":"https:\/\/www.padreeustaquio.com.br\/festeiros-de-poa-sp-participam-da-abertura-da-festa-do-padre-eustaquio-em-belo-horizonte\/"},"wordCount":215,"commentCount":0,"publisher":{"@id":"https:\/\/www.padreeustaquio.com.br\/#organization"},"image":{"@id":"https:\/\/www.padreeustaquio.com.br\/festeiros-de-poa-sp-participam-da-abertura-da-festa-do-padre-eustaquio-em-belo-horizonte\/#primaryimage"},"thumbnailUrl":"https:\/\/www.padreeustaquio.com.br\/wp-content\/uploads\/2021\/08\/WhatsApp-Image-2021-08-16-at-07.13.21-e1629154453459.jpeg","articleSection":["Not\u00edcias"],"inLanguage":"en-US","potentialAction":[{"@type":"CommentAction","name":"Comment","target":["https:\/\/www.padreeustaquio.com.br\/festeiros-de-poa-sp-participam-da-abertura-da-festa-do-padre-eustaquio-em-belo-horizonte\/#respond"]}]},{"@type":"WebPage","@id":"https:\/\/www.padreeustaquio.com.br\/festeiros-de-poa-sp-participam-da-abertura-da-festa-do-padre-eustaquio-em-belo-horizonte\/","url":"https:\/\/www.padreeustaquio.com.br\/festeiros-de-poa-sp-participam-da-abertura-da-festa-do-padre-eustaquio-em-belo-horizonte\/","name":"Festival-goers from Po\u00e1-SP participate in the opening of the Padre Eust\u00e1quio Festival in Belo Horizonte.","isPartOf":{"@id":"https:\/\/www.padreeustaquio.com.br\/#website"},"primaryImageOfPage":{"@id":"https:\/\/www.padreeustaquio.com.br\/festeiros-de-poa-sp-participam-da-abertura-da-festa-do-padre-eustaquio-em-belo-horizonte\/#primaryimage"},"image":{"@id":"https:\/\/www.padreeustaquio.com.br\/festeiros-de-poa-sp-participam-da-abertura-da-festa-do-padre-eustaquio-em-belo-horizonte\/#primaryimage"},"thumbnailUrl":"https:\/\/www.padreeustaquio.com.br\/wp-content\/uploads\/2021\/08\/WhatsApp-Image-2021-08-16-at-07.13.21-e1629154453459.jpeg","datePublished":"2021-08-17T08:37:00+00:00","description":"Father Reginaldo Martins da Silva, parish priest of Our Lady of Lourdes Parish in Po\u00e1\/SP, along with festival organizers, participated in the celebrations this weekend at the Health and Peace Sanctuary.","breadcrumb":{"@id":"https:\/\/www.padreeustaquio.com.br\/festeiros-de-poa-sp-participam-da-abertura-da-festa-do-padre-eustaquio-em-belo-horizonte\/#breadcrumb"},"inLanguage":"en-US","potentialAction":[{"@type":"ReadAction","target":["https:\/\/www.padreeustaquio.com.br\/festeiros-de-poa-sp-participam-da-abertura-da-festa-do-padre-eustaquio-em-belo-horizonte\/"]}]},{"@type":"ImageObject","inLanguage":"en-US","@id":"https:\/\/www.padreeustaquio.com.br\/festeiros-de-poa-sp-participam-da-abertura-da-festa-do-padre-eustaquio-em-belo-horizonte\/#primaryimage","url":"https:\/\/www.padreeustaquio.com.br\/wp-content\/uploads\/2021\/08\/WhatsApp-Image-2021-08-16-at-07.13.21-e1629154453459.jpeg","contentUrl":"https:\/\/www.padreeustaquio.com.br\/wp-content\/uploads\/2021\/08\/WhatsApp-Image-2021-08-16-at-07.13.21-e1629154453459.jpeg","width":462,"height":270},{"@type":"BreadcrumbList","@id":"https:\/\/www.padreeustaquio.com.br\/festeiros-de-poa-sp-participam-da-abertura-da-festa-do-padre-eustaquio-em-belo-horizonte\/#breadcrumb","itemListElement":[{"@type":"ListItem","position":1,"name":"In\u00edcio","item":"https:\/\/www.padreeustaquio.com.br\/"},{"@type":"ListItem","position":2,"name":"Festeiros de Po\u00e1-SP participam da abertura da Festa do Padre Eust\u00e1quio em Belo Horizonte"}]},{"@type":"WebSite","@id":"https:\/\/www.padreeustaquio.com.br\/#website","url":"https:\/\/www.padreeustaquio.com.br\/","name":"FATHER EUST\u00c1QUIO","description":"Health and Peace","publisher":{"@id":"https:\/\/www.padreeustaquio.com.br\/#organization"},"potentialAction":[{"@type":"SearchAction","target":{"@type":"EntryPoint","urlTemplate":"https:\/\/www.padreeustaquio.com.br\/?s={search_term_string}"},"query-input":{"@type":"PropertyValueSpecification","valueRequired":true,"valueName":"search_term_string"}}],"inLanguage":"en-US"},{"@type":"Organization","@id":"https:\/\/www.padreeustaquio.com.br\/#organization","name":"FATHER EUST\u00c1QUIO","url":"https:\/\/www.padreeustaquio.com.br\/","logo":{"@type":"ImageObject","inLanguage":"en-US","@id":"https:\/\/www.padreeustaquio.com.br\/#\/schema\/logo\/image\/","url":"https:\/\/www.padreeustaquio.com.br\/wp-content\/uploads\/2019\/08\/marca.png","contentUrl":"https:\/\/www.padreeustaquio.com.br\/wp-content\/uploads\/2019\/08\/marca.png","width":350,"height":400,"caption":"Padre Eust\u00e1quio"},"image":{"@id":"https:\/\/www.padreeustaquio.com.br\/#\/schema\/logo\/image\/"},"sameAs":["https:\/\/www.facebook.com\/beatopadreeustaquio\/","https:\/\/x.com\/beatopeustaquio","https:\/\/www.instagram.com\/beatopadreeustaquio\/","https:\/\/www.youtube.com\/channel\/UCRhw7vfabnajwLxb1ZXMeIw"]},{"@type":"Person","@id":"https:\/\/www.padreeustaquio.com.br\/#\/schema\/person\/a2a51db1d00f1a7af0204a0f1ddb1566","name":"@sscc","image":{"@type":"ImageObject","inLanguage":"en-US","@id":"https:\/\/secure.gravatar.com\/avatar\/68cfafa5f44617fea54071e215026e0ff06be366c3d54a8425f04fdcb86f8c5f?s=96&d=mm&r=g","url":"https:\/\/secure.gravatar.com\/avatar\/68cfafa5f44617fea54071e215026e0ff06be366c3d54a8425f04fdcb86f8c5f?s=96&d=mm&r=g","contentUrl":"https:\/\/secure.gravatar.com\/avatar\/68cfafa5f44617fea54071e215026e0ff06be366c3d54a8425f04fdcb86f8c5f?s=96&d=mm&r=g","caption":"@sscc"},"url":"https:\/\/www.padreeustaquio.com.br\/en\/author\/sscc\/"}]}},"_links":{"self":[{"href":"https:\/\/www.padreeustaquio.com.br\/en\/wp-json\/wp\/v2\/posts\/6654","targetHints":{"allow":["GET"]}}],"collection":[{"href":"https:\/\/www.padreeustaquio.com.br\/en\/wp-json\/wp\/v2\/posts"}],"about":[{"href":"https:\/\/www.padreeustaquio.com.br\/en\/wp-json\/wp\/v2\/types\/post"}],"author":[{"embeddable":true,"href":"https:\/\/www.padreeustaquio.com.br\/en\/wp-json\/wp\/v2\/users\/2"}],"replies":[{"embeddable":true,"href":"https:\/\/www.padreeustaquio.com.br\/en\/wp-json\/wp\/v2\/comments?post=6654"}],"version-history":[{"count":0,"href":"https:\/\/www.padreeustaquio.com.br\/en\/wp-json\/wp\/v2\/posts\/6654\/revisions"}],"wp:featuredmedia":[{"embeddable":true,"href":"https:\/\/www.padreeustaquio.com.br\/en\/wp-json\/wp\/v2\/media\/6660"}],"wp:attachment":[{"href":"https:\/\/www.padreeustaquio.com.br\/en\/wp-json\/wp\/v2\/media?parent=6654"}],"wp:term":[{"taxonomy":"category","embeddable":true,"href":"https:\/\/www.padreeustaquio.com.br\/en\/wp-json\/wp\/v2\/categories?post=6654"},{"taxonomy":"post_tag","embeddable":true,"href":"https:\/\/www.padreeustaquio.com.br\/en\/wp-json\/wp\/v2\/tags?post=6654"}],"curies":[{"name":"wp","href":"https:\/\/api.w.org\/{rel}","templated":true}]}}