{"id":6610,"date":"2021-08-14T09:06:00","date_gmt":"2021-08-14T12:06:00","guid":{"rendered":"https:\/\/www.padreeustaquio.com.br\/?p=6610"},"modified":"2021-08-12T20:11:50","modified_gmt":"2021-08-12T23:11:50","slug":"celebratory-script-for-the-assumption-of-our-lady","status":"publish","type":"post","link":"https:\/\/www.padreeustaquio.com.br\/en\/celebratory-script-for-the-assumption-of-our-lady\/","title":{"rendered":"Celebratory Itinerary \u2013 Assumption of Our Lady"},"content":{"rendered":"<p>Next Sunday, the Church celebrates the Assumption of Our Lady into Heaven, this year on August 15th, the date of the celebration, which is a Sunday. A tradition since the first centuries of Christianity, it was proclaimed as dogma in 1950 by Pope Pius XII.\u00a0<em>The Immaculate Mother of God, the ever-virgin Mary, having completed the course of her earthly life, was assumed body and soul into heavenly glory.<\/em>\u00a0 (<em>Most Gracious God<\/em>, 44).<\/p>\n\n\n\n<p>At the Health and Peace Sanctuary, there are three times when masses are broadcast via...\u00a0<a href=\"https:\/\/www.youtube.com\/channel\/UCRhw7vfabnajwLxb1ZXMeIw\">Padre Eust\u00e1quio Channel<\/a>\u00a0(Saturday at 6 pm and Sunday at 10 am and 6 pm) which we can attend, but living the dignity of the priestly people that our baptism conferred upon us, we can not only attend, but CELEBRATE the Lord&#039;s Day with our families.<\/p>\n\n\n\n<p>Families are advised to choose a suitable place in their homes to celebrate and pray together.&nbsp;<em>\u201c&quot;Prepare your Bible with the text to be proclaimed, a vase with flowers, a crucifix, an image or icon of Our Lady, and a candle to be lit during the celebration.&quot;\u201d<\/em>, proposes the Commission for the Liturgy.<\/p>\n\n\n\n<p>Each family can adapt the format to their needs, according to the script. The songs are suggestions and can be replaced with others, taking into account the Liturgical Season we are experiencing.<\/p>\n\n\n\n<p><a href=\"https:\/\/www.cnbb.org.br\/wp-content\/uploads\/2021\/08\/47-Celebrar-em-Familia-Assuncao.pdf\">Download here the script for celebrating as a family the Solemnity of the Assumption of Our Lady.<\/a><\/p>","protected":false},"excerpt":{"rendered":"<p>No pr\u00f3ximo domingo, a Igreja celebra a Assun\u00e7\u00e3o de Nossa Senhora aos c\u00e9us, neste ano com o dia 15 de agosto, data da celebra\u00e7\u00e3o, sendo exatamente um domingo. Tradi\u00e7\u00e3o desde os primeiros s\u00e9culos do Cristianismo, foi proclamada como dogma em 1950 pelo Papa Pio XII:\u00a0a imaculada M\u00e3e de Deus, a sempre virgem Maria, terminado o curso da vida terrestre, foi assunta em corpo e alma \u00e0 gl\u00f3ria celestial\u00a0 (Munificentissimus Deus, 44). No Santu\u00e1rio Sa\u00fade e Paz s\u00e3o tr\u00eas hor\u00e1rios de transmiss\u00e3o de missas pelo\u00a0Canal Padre Eust\u00e1quio\u00a0(s\u00e1bado, \u00e0s 18h e domingo, \u00e0s 10h e \u00e0s 18h) que podemos acompanhar, mas vivendo [&hellip;]<\/p>\n","protected":false},"author":2,"featured_media":6611,"comment_status":"open","ping_status":"closed","sticky":false,"template":"","format":"standard","meta":{"_acf_changed":false,"footnotes":""},"categories":[611],"tags":[],"class_list":["post-6610","post","type-post","status-publish","format-standard","has-post-thumbnail","hentry","category-noticias"],"acf":[],"yoast_head":"<!-- This site is optimized with the Yoast SEO plugin v27.2 - https:\/\/yoast.com\/product\/yoast-seo-wordpress\/ -->\n<title>Roteiro Celebrativo - Assun\u00e7\u00e3o de Nossa Senhora<\/title>\n<meta name=\"description\" content=\"No pr\u00f3ximo domingo, a Igreja celebra a Assun\u00e7\u00e3o de Nossa Senhora aos c\u00e9us, neste ano com o dia 15 de agosto, data da celebra\u00e7\u00e3o, sendo exatamente um domingo.\" \/>\n<meta name=\"robots\" content=\"index, follow, max-snippet:-1, max-image-preview:large, max-video-preview:-1\" \/>\n<link rel=\"canonical\" href=\"https:\/\/www.padreeustaquio.com.br\/en\/celebratory-script-for-the-assumption-of-our-lady\/\" \/>\n<meta property=\"og:locale\" content=\"en_US\" \/>\n<meta property=\"og:type\" content=\"article\" \/>\n<meta property=\"og:title\" content=\"Roteiro Celebrativo - Assun\u00e7\u00e3o de Nossa Senhora\" \/>\n<meta property=\"og:description\" content=\"No pr\u00f3ximo domingo, a Igreja celebra a Assun\u00e7\u00e3o de Nossa Senhora aos c\u00e9us, neste ano com o dia 15 de agosto, data da celebra\u00e7\u00e3o, sendo exatamente um domingo.\" \/>\n<meta property=\"og:url\" content=\"https:\/\/www.padreeustaquio.com.br\/en\/celebratory-script-for-the-assumption-of-our-lady\/\" \/>\n<meta property=\"og:site_name\" content=\"Padre Eust\u00e1quio\" \/>\n<meta property=\"article:publisher\" content=\"https:\/\/www.facebook.com\/beatopadreeustaquio\/\" \/>\n<meta property=\"article:published_time\" content=\"2021-08-14T12:06:00+00:00\" \/>\n<meta property=\"og:image\" content=\"https:\/\/www.padreeustaquio.com.br\/wp-content\/uploads\/2021\/08\/roteiro-celebrativo-celebrar-em-familia-assuncao-de-nossa-senhora-folheto-de-domingo.jpeg\" \/>\n\t<meta property=\"og:image:width\" content=\"748\" \/>\n\t<meta property=\"og:image:height\" content=\"394\" \/>\n\t<meta property=\"og:image:type\" content=\"image\/jpeg\" \/>\n<meta name=\"author\" content=\"@sscc\" \/>\n<meta name=\"twitter:card\" content=\"summary_large_image\" \/>\n<meta name=\"twitter:creator\" content=\"@beatopeustaquio\" \/>\n<meta name=\"twitter:site\" content=\"@beatopeustaquio\" \/>\n<meta name=\"twitter:label1\" content=\"Written by\" \/>\n\t<meta name=\"twitter:data1\" content=\"@sscc\" \/>\n\t<meta name=\"twitter:label2\" content=\"Est. reading time\" \/>\n\t<meta name=\"twitter:data2\" content=\"2 minutes\" \/>\n<script type=\"application\/ld+json\" class=\"yoast-schema-graph\">{\"@context\":\"https:\/\/schema.org\",\"@graph\":[{\"@type\":\"Article\",\"@id\":\"https:\/\/www.padreeustaquio.com.br\/roteiro-celebrativo-assuncao-de-nossa-senhora\/#article\",\"isPartOf\":{\"@id\":\"https:\/\/www.padreeustaquio.com.br\/roteiro-celebrativo-assuncao-de-nossa-senhora\/\"},\"author\":{\"name\":\"@sscc\",\"@id\":\"https:\/\/www.padreeustaquio.com.br\/#\/schema\/person\/a2a51db1d00f1a7af0204a0f1ddb1566\"},\"headline\":\"Roteiro Celebrativo &#8211; Assun\u00e7\u00e3o de Nossa Senhora\",\"datePublished\":\"2021-08-14T12:06:00+00:00\",\"mainEntityOfPage\":{\"@id\":\"https:\/\/www.padreeustaquio.com.br\/roteiro-celebrativo-assuncao-de-nossa-senhora\/\"},\"wordCount\":265,\"commentCount\":0,\"publisher\":{\"@id\":\"https:\/\/www.padreeustaquio.com.br\/#organization\"},\"image\":{\"@id\":\"https:\/\/www.padreeustaquio.com.br\/roteiro-celebrativo-assuncao-de-nossa-senhora\/#primaryimage\"},\"thumbnailUrl\":\"https:\/\/www.padreeustaquio.com.br\/wp-content\/uploads\/2021\/08\/roteiro-celebrativo-celebrar-em-familia-assuncao-de-nossa-senhora-folheto-de-domingo.jpeg\",\"articleSection\":[\"Not\u00edcias\"],\"inLanguage\":\"en-US\",\"potentialAction\":[{\"@type\":\"CommentAction\",\"name\":\"Comment\",\"target\":[\"https:\/\/www.padreeustaquio.com.br\/roteiro-celebrativo-assuncao-de-nossa-senhora\/#respond\"]}]},{\"@type\":\"WebPage\",\"@id\":\"https:\/\/www.padreeustaquio.com.br\/roteiro-celebrativo-assuncao-de-nossa-senhora\/\",\"url\":\"https:\/\/www.padreeustaquio.com.br\/roteiro-celebrativo-assuncao-de-nossa-senhora\/\",\"name\":\"Roteiro Celebrativo - Assun\u00e7\u00e3o de Nossa Senhora\",\"isPartOf\":{\"@id\":\"https:\/\/www.padreeustaquio.com.br\/#website\"},\"primaryImageOfPage\":{\"@id\":\"https:\/\/www.padreeustaquio.com.br\/roteiro-celebrativo-assuncao-de-nossa-senhora\/#primaryimage\"},\"image\":{\"@id\":\"https:\/\/www.padreeustaquio.com.br\/roteiro-celebrativo-assuncao-de-nossa-senhora\/#primaryimage\"},\"thumbnailUrl\":\"https:\/\/www.padreeustaquio.com.br\/wp-content\/uploads\/2021\/08\/roteiro-celebrativo-celebrar-em-familia-assuncao-de-nossa-senhora-folheto-de-domingo.jpeg\",\"datePublished\":\"2021-08-14T12:06:00+00:00\",\"description\":\"No pr\u00f3ximo domingo, a Igreja celebra a Assun\u00e7\u00e3o de Nossa Senhora aos c\u00e9us, neste ano com o dia 15 de agosto, data da celebra\u00e7\u00e3o, sendo exatamente um domingo.\",\"breadcrumb\":{\"@id\":\"https:\/\/www.padreeustaquio.com.br\/roteiro-celebrativo-assuncao-de-nossa-senhora\/#breadcrumb\"},\"inLanguage\":\"en-US\",\"potentialAction\":[{\"@type\":\"ReadAction\",\"target\":[\"https:\/\/www.padreeustaquio.com.br\/roteiro-celebrativo-assuncao-de-nossa-senhora\/\"]}]},{\"@type\":\"ImageObject\",\"inLanguage\":\"en-US\",\"@id\":\"https:\/\/www.padreeustaquio.com.br\/roteiro-celebrativo-assuncao-de-nossa-senhora\/#primaryimage\",\"url\":\"https:\/\/www.padreeustaquio.com.br\/wp-content\/uploads\/2021\/08\/roteiro-celebrativo-celebrar-em-familia-assuncao-de-nossa-senhora-folheto-de-domingo.jpeg\",\"contentUrl\":\"https:\/\/www.padreeustaquio.com.br\/wp-content\/uploads\/2021\/08\/roteiro-celebrativo-celebrar-em-familia-assuncao-de-nossa-senhora-folheto-de-domingo.jpeg\",\"width\":748,\"height\":394},{\"@type\":\"BreadcrumbList\",\"@id\":\"https:\/\/www.padreeustaquio.com.br\/roteiro-celebrativo-assuncao-de-nossa-senhora\/#breadcrumb\",\"itemListElement\":[{\"@type\":\"ListItem\",\"position\":1,\"name\":\"In\u00edcio\",\"item\":\"https:\/\/www.padreeustaquio.com.br\/\"},{\"@type\":\"ListItem\",\"position\":2,\"name\":\"Roteiro Celebrativo &#8211; Assun\u00e7\u00e3o de Nossa Senhora\"}]},{\"@type\":\"WebSite\",\"@id\":\"https:\/\/www.padreeustaquio.com.br\/#website\",\"url\":\"https:\/\/www.padreeustaquio.com.br\/\",\"name\":\"Padre Eust\u00e1quio\",\"description\":\"Sa\u00fade e Paz\",\"publisher\":{\"@id\":\"https:\/\/www.padreeustaquio.com.br\/#organization\"},\"potentialAction\":[{\"@type\":\"SearchAction\",\"target\":{\"@type\":\"EntryPoint\",\"urlTemplate\":\"https:\/\/www.padreeustaquio.com.br\/?s={search_term_string}\"},\"query-input\":{\"@type\":\"PropertyValueSpecification\",\"valueRequired\":true,\"valueName\":\"search_term_string\"}}],\"inLanguage\":\"en-US\"},{\"@type\":\"Organization\",\"@id\":\"https:\/\/www.padreeustaquio.com.br\/#organization\",\"name\":\"Padre Eust\u00e1quio\",\"url\":\"https:\/\/www.padreeustaquio.com.br\/\",\"logo\":{\"@type\":\"ImageObject\",\"inLanguage\":\"en-US\",\"@id\":\"https:\/\/www.padreeustaquio.com.br\/#\/schema\/logo\/image\/\",\"url\":\"https:\/\/www.padreeustaquio.com.br\/wp-content\/uploads\/2019\/08\/marca.png\",\"contentUrl\":\"https:\/\/www.padreeustaquio.com.br\/wp-content\/uploads\/2019\/08\/marca.png\",\"width\":350,\"height\":400,\"caption\":\"Padre Eust\u00e1quio\"},\"image\":{\"@id\":\"https:\/\/www.padreeustaquio.com.br\/#\/schema\/logo\/image\/\"},\"sameAs\":[\"https:\/\/www.facebook.com\/beatopadreeustaquio\/\",\"https:\/\/x.com\/beatopeustaquio\",\"https:\/\/www.instagram.com\/beatopadreeustaquio\/\",\"https:\/\/www.youtube.com\/channel\/UCRhw7vfabnajwLxb1ZXMeIw\"]},{\"@type\":\"Person\",\"@id\":\"https:\/\/www.padreeustaquio.com.br\/#\/schema\/person\/a2a51db1d00f1a7af0204a0f1ddb1566\",\"name\":\"@sscc\",\"image\":{\"@type\":\"ImageObject\",\"inLanguage\":\"en-US\",\"@id\":\"https:\/\/secure.gravatar.com\/avatar\/68cfafa5f44617fea54071e215026e0ff06be366c3d54a8425f04fdcb86f8c5f?s=96&d=mm&r=g\",\"url\":\"https:\/\/secure.gravatar.com\/avatar\/68cfafa5f44617fea54071e215026e0ff06be366c3d54a8425f04fdcb86f8c5f?s=96&d=mm&r=g\",\"contentUrl\":\"https:\/\/secure.gravatar.com\/avatar\/68cfafa5f44617fea54071e215026e0ff06be366c3d54a8425f04fdcb86f8c5f?s=96&d=mm&r=g\",\"caption\":\"@sscc\"},\"url\":\"https:\/\/www.padreeustaquio.com.br\/en\/author\/sscc\/\"}]}<\/script>\n<!-- \/ Yoast SEO plugin. -->","yoast_head_json":{"title":"Celebratory Itinerary - Assumption of Our Lady","description":"Next Sunday, the Church celebrates the Assumption of Our Lady into Heaven, this year on August 15th, the date of the celebration, which is a Sunday.","robots":{"index":"index","follow":"follow","max-snippet":"max-snippet:-1","max-image-preview":"max-image-preview:large","max-video-preview":"max-video-preview:-1"},"canonical":"https:\/\/www.padreeustaquio.com.br\/en\/celebratory-script-for-the-assumption-of-our-lady\/","og_locale":"en_US","og_type":"article","og_title":"Roteiro Celebrativo - Assun\u00e7\u00e3o de Nossa Senhora","og_description":"No pr\u00f3ximo domingo, a Igreja celebra a Assun\u00e7\u00e3o de Nossa Senhora aos c\u00e9us, neste ano com o dia 15 de agosto, data da celebra\u00e7\u00e3o, sendo exatamente um domingo.","og_url":"https:\/\/www.padreeustaquio.com.br\/en\/celebratory-script-for-the-assumption-of-our-lady\/","og_site_name":"Padre Eust\u00e1quio","article_publisher":"https:\/\/www.facebook.com\/beatopadreeustaquio\/","article_published_time":"2021-08-14T12:06:00+00:00","og_image":[{"width":748,"height":394,"url":"https:\/\/www.padreeustaquio.com.br\/wp-content\/uploads\/2021\/08\/roteiro-celebrativo-celebrar-em-familia-assuncao-de-nossa-senhora-folheto-de-domingo.jpeg","type":"image\/jpeg"}],"author":"@sscc","twitter_card":"summary_large_image","twitter_creator":"@beatopeustaquio","twitter_site":"@beatopeustaquio","twitter_misc":{"Written by":"@sscc","Est. reading time":"2 minutes"},"schema":{"@context":"https:\/\/schema.org","@graph":[{"@type":"Article","@id":"https:\/\/www.padreeustaquio.com.br\/roteiro-celebrativo-assuncao-de-nossa-senhora\/#article","isPartOf":{"@id":"https:\/\/www.padreeustaquio.com.br\/roteiro-celebrativo-assuncao-de-nossa-senhora\/"},"author":{"name":"@sscc","@id":"https:\/\/www.padreeustaquio.com.br\/#\/schema\/person\/a2a51db1d00f1a7af0204a0f1ddb1566"},"headline":"Roteiro Celebrativo &#8211; Assun\u00e7\u00e3o de Nossa Senhora","datePublished":"2021-08-14T12:06:00+00:00","mainEntityOfPage":{"@id":"https:\/\/www.padreeustaquio.com.br\/roteiro-celebrativo-assuncao-de-nossa-senhora\/"},"wordCount":265,"commentCount":0,"publisher":{"@id":"https:\/\/www.padreeustaquio.com.br\/#organization"},"image":{"@id":"https:\/\/www.padreeustaquio.com.br\/roteiro-celebrativo-assuncao-de-nossa-senhora\/#primaryimage"},"thumbnailUrl":"https:\/\/www.padreeustaquio.com.br\/wp-content\/uploads\/2021\/08\/roteiro-celebrativo-celebrar-em-familia-assuncao-de-nossa-senhora-folheto-de-domingo.jpeg","articleSection":["Not\u00edcias"],"inLanguage":"en-US","potentialAction":[{"@type":"CommentAction","name":"Comment","target":["https:\/\/www.padreeustaquio.com.br\/roteiro-celebrativo-assuncao-de-nossa-senhora\/#respond"]}]},{"@type":"WebPage","@id":"https:\/\/www.padreeustaquio.com.br\/roteiro-celebrativo-assuncao-de-nossa-senhora\/","url":"https:\/\/www.padreeustaquio.com.br\/roteiro-celebrativo-assuncao-de-nossa-senhora\/","name":"Celebratory Itinerary - Assumption of Our Lady","isPartOf":{"@id":"https:\/\/www.padreeustaquio.com.br\/#website"},"primaryImageOfPage":{"@id":"https:\/\/www.padreeustaquio.com.br\/roteiro-celebrativo-assuncao-de-nossa-senhora\/#primaryimage"},"image":{"@id":"https:\/\/www.padreeustaquio.com.br\/roteiro-celebrativo-assuncao-de-nossa-senhora\/#primaryimage"},"thumbnailUrl":"https:\/\/www.padreeustaquio.com.br\/wp-content\/uploads\/2021\/08\/roteiro-celebrativo-celebrar-em-familia-assuncao-de-nossa-senhora-folheto-de-domingo.jpeg","datePublished":"2021-08-14T12:06:00+00:00","description":"Next Sunday, the Church celebrates the Assumption of Our Lady into Heaven, this year on August 15th, the date of the celebration, which is a Sunday.","breadcrumb":{"@id":"https:\/\/www.padreeustaquio.com.br\/roteiro-celebrativo-assuncao-de-nossa-senhora\/#breadcrumb"},"inLanguage":"en-US","potentialAction":[{"@type":"ReadAction","target":["https:\/\/www.padreeustaquio.com.br\/roteiro-celebrativo-assuncao-de-nossa-senhora\/"]}]},{"@type":"ImageObject","inLanguage":"en-US","@id":"https:\/\/www.padreeustaquio.com.br\/roteiro-celebrativo-assuncao-de-nossa-senhora\/#primaryimage","url":"https:\/\/www.padreeustaquio.com.br\/wp-content\/uploads\/2021\/08\/roteiro-celebrativo-celebrar-em-familia-assuncao-de-nossa-senhora-folheto-de-domingo.jpeg","contentUrl":"https:\/\/www.padreeustaquio.com.br\/wp-content\/uploads\/2021\/08\/roteiro-celebrativo-celebrar-em-familia-assuncao-de-nossa-senhora-folheto-de-domingo.jpeg","width":748,"height":394},{"@type":"BreadcrumbList","@id":"https:\/\/www.padreeustaquio.com.br\/roteiro-celebrativo-assuncao-de-nossa-senhora\/#breadcrumb","itemListElement":[{"@type":"ListItem","position":1,"name":"In\u00edcio","item":"https:\/\/www.padreeustaquio.com.br\/"},{"@type":"ListItem","position":2,"name":"Roteiro Celebrativo &#8211; Assun\u00e7\u00e3o de Nossa Senhora"}]},{"@type":"WebSite","@id":"https:\/\/www.padreeustaquio.com.br\/#website","url":"https:\/\/www.padreeustaquio.com.br\/","name":"FATHER EUST\u00c1QUIO","description":"Health and Peace","publisher":{"@id":"https:\/\/www.padreeustaquio.com.br\/#organization"},"potentialAction":[{"@type":"SearchAction","target":{"@type":"EntryPoint","urlTemplate":"https:\/\/www.padreeustaquio.com.br\/?s={search_term_string}"},"query-input":{"@type":"PropertyValueSpecification","valueRequired":true,"valueName":"search_term_string"}}],"inLanguage":"en-US"},{"@type":"Organization","@id":"https:\/\/www.padreeustaquio.com.br\/#organization","name":"FATHER EUST\u00c1QUIO","url":"https:\/\/www.padreeustaquio.com.br\/","logo":{"@type":"ImageObject","inLanguage":"en-US","@id":"https:\/\/www.padreeustaquio.com.br\/#\/schema\/logo\/image\/","url":"https:\/\/www.padreeustaquio.com.br\/wp-content\/uploads\/2019\/08\/marca.png","contentUrl":"https:\/\/www.padreeustaquio.com.br\/wp-content\/uploads\/2019\/08\/marca.png","width":350,"height":400,"caption":"Padre Eust\u00e1quio"},"image":{"@id":"https:\/\/www.padreeustaquio.com.br\/#\/schema\/logo\/image\/"},"sameAs":["https:\/\/www.facebook.com\/beatopadreeustaquio\/","https:\/\/x.com\/beatopeustaquio","https:\/\/www.instagram.com\/beatopadreeustaquio\/","https:\/\/www.youtube.com\/channel\/UCRhw7vfabnajwLxb1ZXMeIw"]},{"@type":"Person","@id":"https:\/\/www.padreeustaquio.com.br\/#\/schema\/person\/a2a51db1d00f1a7af0204a0f1ddb1566","name":"@sscc","image":{"@type":"ImageObject","inLanguage":"en-US","@id":"https:\/\/secure.gravatar.com\/avatar\/68cfafa5f44617fea54071e215026e0ff06be366c3d54a8425f04fdcb86f8c5f?s=96&d=mm&r=g","url":"https:\/\/secure.gravatar.com\/avatar\/68cfafa5f44617fea54071e215026e0ff06be366c3d54a8425f04fdcb86f8c5f?s=96&d=mm&r=g","contentUrl":"https:\/\/secure.gravatar.com\/avatar\/68cfafa5f44617fea54071e215026e0ff06be366c3d54a8425f04fdcb86f8c5f?s=96&d=mm&r=g","caption":"@sscc"},"url":"https:\/\/www.padreeustaquio.com.br\/en\/author\/sscc\/"}]}},"_links":{"self":[{"href":"https:\/\/www.padreeustaquio.com.br\/en\/wp-json\/wp\/v2\/posts\/6610","targetHints":{"allow":["GET"]}}],"collection":[{"href":"https:\/\/www.padreeustaquio.com.br\/en\/wp-json\/wp\/v2\/posts"}],"about":[{"href":"https:\/\/www.padreeustaquio.com.br\/en\/wp-json\/wp\/v2\/types\/post"}],"author":[{"embeddable":true,"href":"https:\/\/www.padreeustaquio.com.br\/en\/wp-json\/wp\/v2\/users\/2"}],"replies":[{"embeddable":true,"href":"https:\/\/www.padreeustaquio.com.br\/en\/wp-json\/wp\/v2\/comments?post=6610"}],"version-history":[{"count":0,"href":"https:\/\/www.padreeustaquio.com.br\/en\/wp-json\/wp\/v2\/posts\/6610\/revisions"}],"wp:featuredmedia":[{"embeddable":true,"href":"https:\/\/www.padreeustaquio.com.br\/en\/wp-json\/wp\/v2\/media\/6611"}],"wp:attachment":[{"href":"https:\/\/www.padreeustaquio.com.br\/en\/wp-json\/wp\/v2\/media?parent=6610"}],"wp:term":[{"taxonomy":"category","embeddable":true,"href":"https:\/\/www.padreeustaquio.com.br\/en\/wp-json\/wp\/v2\/categories?post=6610"},{"taxonomy":"post_tag","embeddable":true,"href":"https:\/\/www.padreeustaquio.com.br\/en\/wp-json\/wp\/v2\/tags?post=6610"}],"curies":[{"name":"wp","href":"https:\/\/api.w.org\/{rel}","templated":true}]}}