{"id":6600,"date":"2021-08-11T05:05:00","date_gmt":"2021-08-11T08:05:00","guid":{"rendered":"https:\/\/www.padreeustaquio.com.br\/?p=6600"},"modified":"2021-08-10T20:50:13","modified_gmt":"2021-08-10T23:50:13","slug":"dona-isabel-leite-from-the-ladies-of-charity-dies","status":"publish","type":"post","link":"https:\/\/www.padreeustaquio.com.br\/en\/dona-isabel-leite-from-the-ladies-of-charity-dies\/","title":{"rendered":"Dona Isabel Leite, of the Ladies of Charity, dies."},"content":{"rendered":"<p>Isabel Leite, one of the first volunteers with the Ladies of Charity, served the most needy in the community for 70 years. She had been hospitalized for a week and died from complications of a heart condition.<\/p>\n\n\n\n<p>\u201c&quot;Dona Isabel,&quot; as she was known to everyone, was 92 years old and had been undergoing heart treatment for some time. Last week she was hospitalized to have a pacemaker implanted, but, with her heart already weakened, she suffered a urinary tract infection and respiratory failure, which ultimately led to the death of the retired woman on the morning of Tuesday, August 10th.<\/p>\n\n\n\n<p>Isabel Leite leaves behind her husband, Milton, 97, to whom she was married for 71 years. She also leaves four children and a nephew who was also considered a son to her. As a child, Dona Isabel met Blessed Father Eust\u00e1quio when her mother was in line to receive a blessing. A story she herself told to the whole country on the program \u201cManh\u00e3 Viva\u201d on TV Can\u00e7\u00e3o Nova (<a href=\"https:\/\/www.youtube.com\/watch?v=C23hcNTRjTk\" target=\"_blank\" rel=\"noreferrer noopener\">Watch here<\/a>).<\/p>\n\n\n\n<p>Out of gratitude for the graces received from God, Dona Isabel joined the Ladies of Charity in 1951, right at the beginning of the Movement, which was just starting to take off, continuing the work begun by Father Eust\u00e1quio nine years earlier. <\/p>\n\n\n\n<p>Now, in gratitude for her dedicated service to the poor, the Congregation of the Sacred Hearts is hosting the wake for Dona Isabel, which will be held at the Health and Peace Sanctuary. The farewell to her will begin at 10:00 AM this Wednesday (the 11th) and will last until 1:00 PM. The committal service will be held in the church, and immediately afterwards, the cortege will depart for the Bonfim Cemetery, where the body will be buried.<\/p>\n\n\n\n<p><em>\u201cWe are thinking especially of the poorest people who would not be able to say goodbye to their mother and servant. Current circumstances still do not allow for a wake as before, but we can now hold one with the prescribed precautions and social distancing.\u201d, <\/em>commented the rector of the Sanctuary, Fr. Vin\u00edcius Maciel. SSCC.<\/p>\n\n\n\n<p>We are grateful to Dona Isabel and take her example of dedication to those most in need.<\/p>\n\n\n\n<p><strong>THE LADIES OF CHARITY<\/strong><\/p>\n\n\n\n<p>Conceived by Blessed Father Eustace in the early 1940s in Belo Horizonte, the work of helping the poor has always been a great concern of the Congregation of the Sacred Hearts and the entire parish community. Father Eustace always helped those most in need with food, work, paying overdue bills, or with his prayers and spiritual guidance. After his death in 1942, the work continued with the community&#039;s volunteers, who would later become the &quot;Ladies of Charity&quot;.<\/p>\n\n\n\n<p>Learn more about &quot;The Ladies of Charity&quot;\u201c <a href=\"https:\/\/www.padreeustaquio.com.br\/en\/social-action-are-you-familiar-with-the-work-of-the-ladies-of-charity\/\" target=\"_blank\" rel=\"noreferrer noopener\">clicking here<\/a>.<\/p>\n\n\n\n<p><\/p>\n\n\n\n<p><\/p>\n\n\n\n<p><\/p>\n\n\n\n<p><\/p>","protected":false},"excerpt":{"rendered":"<p>Uma das primeiras volunt\u00e1rias das Damas da Caridade, Isabel Leite serviu aos mais carentes da comunidade por 70 anos. Ela estava internada h\u00e1 uma semana e morreu por complica\u00e7\u00f5es de um problema no cora\u00e7\u00e3o. &#8220;Dona Isabel&#8221; como era conhecida por todos, tinha 92 anos e vinha fazendo tratamento card\u00edaco j\u00e1 h\u00e1 algum tempo. Na semana passada ela foi hospitalizada para colocar um marca-passo, mas, com o cora\u00e7\u00e3o j\u00e1 fragilizado, teve uma infec\u00e7\u00e3o urin\u00e1ria e insufici\u00eancia respirat\u00f3ria, o que acabou ocasionando a a morte da aposentada na manh\u00e3 dessa ter\u00e7a-feira, 10 de agosto. Isabel Leite deixa o marido, Milton de 97 [&hellip;]<\/p>\n","protected":false},"author":2,"featured_media":6601,"comment_status":"open","ping_status":"closed","sticky":false,"template":"","format":"standard","meta":{"_acf_changed":false,"footnotes":""},"categories":[611],"tags":[],"class_list":["post-6600","post","type-post","status-publish","format-standard","has-post-thumbnail","hentry","category-noticias"],"acf":[],"yoast_head":"<!-- This site is optimized with the Yoast SEO plugin v27.2 - https:\/\/yoast.com\/product\/yoast-seo-wordpress\/ -->\n<title>Morre Dona Isabel Leite, das Damas da Caridade<\/title>\n<meta name=\"description\" content=\"Uma das primeiras volunt\u00e1rias das Damas da Caridade, Isabel Leite, serviu aos mais carentes da comunidade por 70 anos. Ela estava internada h\u00e1 uma semana e morreu por complica\u00e7\u00f5es de um problema no cora\u00e7\u00e3o.\" \/>\n<meta name=\"robots\" content=\"index, follow, max-snippet:-1, max-image-preview:large, max-video-preview:-1\" \/>\n<link rel=\"canonical\" href=\"https:\/\/www.padreeustaquio.com.br\/en\/dona-isabel-leite-from-the-ladies-of-charity-dies\/\" \/>\n<meta property=\"og:locale\" content=\"en_US\" \/>\n<meta property=\"og:type\" content=\"article\" \/>\n<meta property=\"og:title\" content=\"Morre Dona Isabel Leite, das Damas da Caridade\" \/>\n<meta property=\"og:description\" content=\"Uma das primeiras volunt\u00e1rias das Damas da Caridade, Isabel Leite, serviu aos mais carentes da comunidade por 70 anos. Ela estava internada h\u00e1 uma semana e morreu por complica\u00e7\u00f5es de um problema no cora\u00e7\u00e3o.\" \/>\n<meta property=\"og:url\" content=\"https:\/\/www.padreeustaquio.com.br\/en\/dona-isabel-leite-from-the-ladies-of-charity-dies\/\" \/>\n<meta property=\"og:site_name\" content=\"Padre Eust\u00e1quio\" \/>\n<meta property=\"article:publisher\" content=\"https:\/\/www.facebook.com\/beatopadreeustaquio\/\" \/>\n<meta property=\"article:published_time\" content=\"2021-08-11T08:05:00+00:00\" \/>\n<meta property=\"og:image\" content=\"https:\/\/www.padreeustaquio.com.br\/wp-content\/uploads\/2021\/08\/dona-isabel-e1628639333229.jpg\" \/>\n\t<meta property=\"og:image:width\" content=\"512\" \/>\n\t<meta property=\"og:image:height\" content=\"335\" \/>\n\t<meta property=\"og:image:type\" content=\"image\/jpeg\" \/>\n<meta name=\"author\" content=\"@sscc\" \/>\n<meta name=\"twitter:card\" content=\"summary_large_image\" \/>\n<meta name=\"twitter:creator\" content=\"@beatopeustaquio\" \/>\n<meta name=\"twitter:site\" content=\"@beatopeustaquio\" \/>\n<meta name=\"twitter:label1\" content=\"Written by\" \/>\n\t<meta name=\"twitter:data1\" content=\"@sscc\" \/>\n\t<meta name=\"twitter:label2\" content=\"Est. reading time\" \/>\n\t<meta name=\"twitter:data2\" content=\"2 minutes\" \/>\n<script type=\"application\/ld+json\" class=\"yoast-schema-graph\">{\"@context\":\"https:\/\/schema.org\",\"@graph\":[{\"@type\":\"Article\",\"@id\":\"https:\/\/www.padreeustaquio.com.br\/morre-dona-isabel-leite-das-damas-da-caridade\/#article\",\"isPartOf\":{\"@id\":\"https:\/\/www.padreeustaquio.com.br\/morre-dona-isabel-leite-das-damas-da-caridade\/\"},\"author\":{\"name\":\"@sscc\",\"@id\":\"https:\/\/www.padreeustaquio.com.br\/#\/schema\/person\/a2a51db1d00f1a7af0204a0f1ddb1566\"},\"headline\":\"Morre Dona Isabel Leite, das Damas da Caridade\",\"datePublished\":\"2021-08-11T08:05:00+00:00\",\"mainEntityOfPage\":{\"@id\":\"https:\/\/www.padreeustaquio.com.br\/morre-dona-isabel-leite-das-damas-da-caridade\/\"},\"wordCount\":478,\"commentCount\":0,\"publisher\":{\"@id\":\"https:\/\/www.padreeustaquio.com.br\/#organization\"},\"image\":{\"@id\":\"https:\/\/www.padreeustaquio.com.br\/morre-dona-isabel-leite-das-damas-da-caridade\/#primaryimage\"},\"thumbnailUrl\":\"https:\/\/www.padreeustaquio.com.br\/wp-content\/uploads\/2021\/08\/dona-isabel-e1628639333229.jpg\",\"articleSection\":[\"Not\u00edcias\"],\"inLanguage\":\"en-US\",\"potentialAction\":[{\"@type\":\"CommentAction\",\"name\":\"Comment\",\"target\":[\"https:\/\/www.padreeustaquio.com.br\/morre-dona-isabel-leite-das-damas-da-caridade\/#respond\"]}]},{\"@type\":\"WebPage\",\"@id\":\"https:\/\/www.padreeustaquio.com.br\/morre-dona-isabel-leite-das-damas-da-caridade\/\",\"url\":\"https:\/\/www.padreeustaquio.com.br\/morre-dona-isabel-leite-das-damas-da-caridade\/\",\"name\":\"Morre Dona Isabel Leite, das Damas da Caridade\",\"isPartOf\":{\"@id\":\"https:\/\/www.padreeustaquio.com.br\/#website\"},\"primaryImageOfPage\":{\"@id\":\"https:\/\/www.padreeustaquio.com.br\/morre-dona-isabel-leite-das-damas-da-caridade\/#primaryimage\"},\"image\":{\"@id\":\"https:\/\/www.padreeustaquio.com.br\/morre-dona-isabel-leite-das-damas-da-caridade\/#primaryimage\"},\"thumbnailUrl\":\"https:\/\/www.padreeustaquio.com.br\/wp-content\/uploads\/2021\/08\/dona-isabel-e1628639333229.jpg\",\"datePublished\":\"2021-08-11T08:05:00+00:00\",\"description\":\"Uma das primeiras volunt\u00e1rias das Damas da Caridade, Isabel Leite, serviu aos mais carentes da comunidade por 70 anos. Ela estava internada h\u00e1 uma semana e morreu por complica\u00e7\u00f5es de um problema no cora\u00e7\u00e3o.\",\"breadcrumb\":{\"@id\":\"https:\/\/www.padreeustaquio.com.br\/morre-dona-isabel-leite-das-damas-da-caridade\/#breadcrumb\"},\"inLanguage\":\"en-US\",\"potentialAction\":[{\"@type\":\"ReadAction\",\"target\":[\"https:\/\/www.padreeustaquio.com.br\/morre-dona-isabel-leite-das-damas-da-caridade\/\"]}]},{\"@type\":\"ImageObject\",\"inLanguage\":\"en-US\",\"@id\":\"https:\/\/www.padreeustaquio.com.br\/morre-dona-isabel-leite-das-damas-da-caridade\/#primaryimage\",\"url\":\"https:\/\/www.padreeustaquio.com.br\/wp-content\/uploads\/2021\/08\/dona-isabel-e1628639333229.jpg\",\"contentUrl\":\"https:\/\/www.padreeustaquio.com.br\/wp-content\/uploads\/2021\/08\/dona-isabel-e1628639333229.jpg\",\"width\":512,\"height\":335},{\"@type\":\"BreadcrumbList\",\"@id\":\"https:\/\/www.padreeustaquio.com.br\/morre-dona-isabel-leite-das-damas-da-caridade\/#breadcrumb\",\"itemListElement\":[{\"@type\":\"ListItem\",\"position\":1,\"name\":\"In\u00edcio\",\"item\":\"https:\/\/www.padreeustaquio.com.br\/\"},{\"@type\":\"ListItem\",\"position\":2,\"name\":\"Morre Dona Isabel Leite, das Damas da Caridade\"}]},{\"@type\":\"WebSite\",\"@id\":\"https:\/\/www.padreeustaquio.com.br\/#website\",\"url\":\"https:\/\/www.padreeustaquio.com.br\/\",\"name\":\"Padre Eust\u00e1quio\",\"description\":\"Sa\u00fade e Paz\",\"publisher\":{\"@id\":\"https:\/\/www.padreeustaquio.com.br\/#organization\"},\"potentialAction\":[{\"@type\":\"SearchAction\",\"target\":{\"@type\":\"EntryPoint\",\"urlTemplate\":\"https:\/\/www.padreeustaquio.com.br\/?s={search_term_string}\"},\"query-input\":{\"@type\":\"PropertyValueSpecification\",\"valueRequired\":true,\"valueName\":\"search_term_string\"}}],\"inLanguage\":\"en-US\"},{\"@type\":\"Organization\",\"@id\":\"https:\/\/www.padreeustaquio.com.br\/#organization\",\"name\":\"Padre Eust\u00e1quio\",\"url\":\"https:\/\/www.padreeustaquio.com.br\/\",\"logo\":{\"@type\":\"ImageObject\",\"inLanguage\":\"en-US\",\"@id\":\"https:\/\/www.padreeustaquio.com.br\/#\/schema\/logo\/image\/\",\"url\":\"https:\/\/www.padreeustaquio.com.br\/wp-content\/uploads\/2019\/08\/marca.png\",\"contentUrl\":\"https:\/\/www.padreeustaquio.com.br\/wp-content\/uploads\/2019\/08\/marca.png\",\"width\":350,\"height\":400,\"caption\":\"Padre Eust\u00e1quio\"},\"image\":{\"@id\":\"https:\/\/www.padreeustaquio.com.br\/#\/schema\/logo\/image\/\"},\"sameAs\":[\"https:\/\/www.facebook.com\/beatopadreeustaquio\/\",\"https:\/\/x.com\/beatopeustaquio\",\"https:\/\/www.instagram.com\/beatopadreeustaquio\/\",\"https:\/\/www.youtube.com\/channel\/UCRhw7vfabnajwLxb1ZXMeIw\"]},{\"@type\":\"Person\",\"@id\":\"https:\/\/www.padreeustaquio.com.br\/#\/schema\/person\/a2a51db1d00f1a7af0204a0f1ddb1566\",\"name\":\"@sscc\",\"image\":{\"@type\":\"ImageObject\",\"inLanguage\":\"en-US\",\"@id\":\"https:\/\/secure.gravatar.com\/avatar\/68cfafa5f44617fea54071e215026e0ff06be366c3d54a8425f04fdcb86f8c5f?s=96&d=mm&r=g\",\"url\":\"https:\/\/secure.gravatar.com\/avatar\/68cfafa5f44617fea54071e215026e0ff06be366c3d54a8425f04fdcb86f8c5f?s=96&d=mm&r=g\",\"contentUrl\":\"https:\/\/secure.gravatar.com\/avatar\/68cfafa5f44617fea54071e215026e0ff06be366c3d54a8425f04fdcb86f8c5f?s=96&d=mm&r=g\",\"caption\":\"@sscc\"},\"url\":\"https:\/\/www.padreeustaquio.com.br\/en\/author\/sscc\/\"}]}<\/script>\n<!-- \/ Yoast SEO plugin. -->","yoast_head_json":{"title":"Dona Isabel Leite, of the Ladies of Charity, dies.","description":"Isabel Leite, one of the first volunteers of the Ladies of Charity, served the most needy in the community for 70 years. She had been hospitalized for a week and died from complications of a heart condition.","robots":{"index":"index","follow":"follow","max-snippet":"max-snippet:-1","max-image-preview":"max-image-preview:large","max-video-preview":"max-video-preview:-1"},"canonical":"https:\/\/www.padreeustaquio.com.br\/en\/dona-isabel-leite-from-the-ladies-of-charity-dies\/","og_locale":"en_US","og_type":"article","og_title":"Morre Dona Isabel Leite, das Damas da Caridade","og_description":"Uma das primeiras volunt\u00e1rias das Damas da Caridade, Isabel Leite, serviu aos mais carentes da comunidade por 70 anos. Ela estava internada h\u00e1 uma semana e morreu por complica\u00e7\u00f5es de um problema no cora\u00e7\u00e3o.","og_url":"https:\/\/www.padreeustaquio.com.br\/en\/dona-isabel-leite-from-the-ladies-of-charity-dies\/","og_site_name":"Padre Eust\u00e1quio","article_publisher":"https:\/\/www.facebook.com\/beatopadreeustaquio\/","article_published_time":"2021-08-11T08:05:00+00:00","og_image":[{"width":512,"height":335,"url":"https:\/\/www.padreeustaquio.com.br\/wp-content\/uploads\/2021\/08\/dona-isabel-e1628639333229.jpg","type":"image\/jpeg"}],"author":"@sscc","twitter_card":"summary_large_image","twitter_creator":"@beatopeustaquio","twitter_site":"@beatopeustaquio","twitter_misc":{"Written by":"@sscc","Est. reading time":"2 minutes"},"schema":{"@context":"https:\/\/schema.org","@graph":[{"@type":"Article","@id":"https:\/\/www.padreeustaquio.com.br\/morre-dona-isabel-leite-das-damas-da-caridade\/#article","isPartOf":{"@id":"https:\/\/www.padreeustaquio.com.br\/morre-dona-isabel-leite-das-damas-da-caridade\/"},"author":{"name":"@sscc","@id":"https:\/\/www.padreeustaquio.com.br\/#\/schema\/person\/a2a51db1d00f1a7af0204a0f1ddb1566"},"headline":"Morre Dona Isabel Leite, das Damas da Caridade","datePublished":"2021-08-11T08:05:00+00:00","mainEntityOfPage":{"@id":"https:\/\/www.padreeustaquio.com.br\/morre-dona-isabel-leite-das-damas-da-caridade\/"},"wordCount":478,"commentCount":0,"publisher":{"@id":"https:\/\/www.padreeustaquio.com.br\/#organization"},"image":{"@id":"https:\/\/www.padreeustaquio.com.br\/morre-dona-isabel-leite-das-damas-da-caridade\/#primaryimage"},"thumbnailUrl":"https:\/\/www.padreeustaquio.com.br\/wp-content\/uploads\/2021\/08\/dona-isabel-e1628639333229.jpg","articleSection":["Not\u00edcias"],"inLanguage":"en-US","potentialAction":[{"@type":"CommentAction","name":"Comment","target":["https:\/\/www.padreeustaquio.com.br\/morre-dona-isabel-leite-das-damas-da-caridade\/#respond"]}]},{"@type":"WebPage","@id":"https:\/\/www.padreeustaquio.com.br\/morre-dona-isabel-leite-das-damas-da-caridade\/","url":"https:\/\/www.padreeustaquio.com.br\/morre-dona-isabel-leite-das-damas-da-caridade\/","name":"Dona Isabel Leite, of the Ladies of Charity, dies.","isPartOf":{"@id":"https:\/\/www.padreeustaquio.com.br\/#website"},"primaryImageOfPage":{"@id":"https:\/\/www.padreeustaquio.com.br\/morre-dona-isabel-leite-das-damas-da-caridade\/#primaryimage"},"image":{"@id":"https:\/\/www.padreeustaquio.com.br\/morre-dona-isabel-leite-das-damas-da-caridade\/#primaryimage"},"thumbnailUrl":"https:\/\/www.padreeustaquio.com.br\/wp-content\/uploads\/2021\/08\/dona-isabel-e1628639333229.jpg","datePublished":"2021-08-11T08:05:00+00:00","description":"Isabel Leite, one of the first volunteers of the Ladies of Charity, served the most needy in the community for 70 years. She had been hospitalized for a week and died from complications of a heart condition.","breadcrumb":{"@id":"https:\/\/www.padreeustaquio.com.br\/morre-dona-isabel-leite-das-damas-da-caridade\/#breadcrumb"},"inLanguage":"en-US","potentialAction":[{"@type":"ReadAction","target":["https:\/\/www.padreeustaquio.com.br\/morre-dona-isabel-leite-das-damas-da-caridade\/"]}]},{"@type":"ImageObject","inLanguage":"en-US","@id":"https:\/\/www.padreeustaquio.com.br\/morre-dona-isabel-leite-das-damas-da-caridade\/#primaryimage","url":"https:\/\/www.padreeustaquio.com.br\/wp-content\/uploads\/2021\/08\/dona-isabel-e1628639333229.jpg","contentUrl":"https:\/\/www.padreeustaquio.com.br\/wp-content\/uploads\/2021\/08\/dona-isabel-e1628639333229.jpg","width":512,"height":335},{"@type":"BreadcrumbList","@id":"https:\/\/www.padreeustaquio.com.br\/morre-dona-isabel-leite-das-damas-da-caridade\/#breadcrumb","itemListElement":[{"@type":"ListItem","position":1,"name":"In\u00edcio","item":"https:\/\/www.padreeustaquio.com.br\/"},{"@type":"ListItem","position":2,"name":"Morre Dona Isabel Leite, das Damas da Caridade"}]},{"@type":"WebSite","@id":"https:\/\/www.padreeustaquio.com.br\/#website","url":"https:\/\/www.padreeustaquio.com.br\/","name":"FATHER EUST\u00c1QUIO","description":"Health and Peace","publisher":{"@id":"https:\/\/www.padreeustaquio.com.br\/#organization"},"potentialAction":[{"@type":"SearchAction","target":{"@type":"EntryPoint","urlTemplate":"https:\/\/www.padreeustaquio.com.br\/?s={search_term_string}"},"query-input":{"@type":"PropertyValueSpecification","valueRequired":true,"valueName":"search_term_string"}}],"inLanguage":"en-US"},{"@type":"Organization","@id":"https:\/\/www.padreeustaquio.com.br\/#organization","name":"FATHER EUST\u00c1QUIO","url":"https:\/\/www.padreeustaquio.com.br\/","logo":{"@type":"ImageObject","inLanguage":"en-US","@id":"https:\/\/www.padreeustaquio.com.br\/#\/schema\/logo\/image\/","url":"https:\/\/www.padreeustaquio.com.br\/wp-content\/uploads\/2019\/08\/marca.png","contentUrl":"https:\/\/www.padreeustaquio.com.br\/wp-content\/uploads\/2019\/08\/marca.png","width":350,"height":400,"caption":"Padre Eust\u00e1quio"},"image":{"@id":"https:\/\/www.padreeustaquio.com.br\/#\/schema\/logo\/image\/"},"sameAs":["https:\/\/www.facebook.com\/beatopadreeustaquio\/","https:\/\/x.com\/beatopeustaquio","https:\/\/www.instagram.com\/beatopadreeustaquio\/","https:\/\/www.youtube.com\/channel\/UCRhw7vfabnajwLxb1ZXMeIw"]},{"@type":"Person","@id":"https:\/\/www.padreeustaquio.com.br\/#\/schema\/person\/a2a51db1d00f1a7af0204a0f1ddb1566","name":"@sscc","image":{"@type":"ImageObject","inLanguage":"en-US","@id":"https:\/\/secure.gravatar.com\/avatar\/68cfafa5f44617fea54071e215026e0ff06be366c3d54a8425f04fdcb86f8c5f?s=96&d=mm&r=g","url":"https:\/\/secure.gravatar.com\/avatar\/68cfafa5f44617fea54071e215026e0ff06be366c3d54a8425f04fdcb86f8c5f?s=96&d=mm&r=g","contentUrl":"https:\/\/secure.gravatar.com\/avatar\/68cfafa5f44617fea54071e215026e0ff06be366c3d54a8425f04fdcb86f8c5f?s=96&d=mm&r=g","caption":"@sscc"},"url":"https:\/\/www.padreeustaquio.com.br\/en\/author\/sscc\/"}]}},"_links":{"self":[{"href":"https:\/\/www.padreeustaquio.com.br\/en\/wp-json\/wp\/v2\/posts\/6600","targetHints":{"allow":["GET"]}}],"collection":[{"href":"https:\/\/www.padreeustaquio.com.br\/en\/wp-json\/wp\/v2\/posts"}],"about":[{"href":"https:\/\/www.padreeustaquio.com.br\/en\/wp-json\/wp\/v2\/types\/post"}],"author":[{"embeddable":true,"href":"https:\/\/www.padreeustaquio.com.br\/en\/wp-json\/wp\/v2\/users\/2"}],"replies":[{"embeddable":true,"href":"https:\/\/www.padreeustaquio.com.br\/en\/wp-json\/wp\/v2\/comments?post=6600"}],"version-history":[{"count":0,"href":"https:\/\/www.padreeustaquio.com.br\/en\/wp-json\/wp\/v2\/posts\/6600\/revisions"}],"wp:featuredmedia":[{"embeddable":true,"href":"https:\/\/www.padreeustaquio.com.br\/en\/wp-json\/wp\/v2\/media\/6601"}],"wp:attachment":[{"href":"https:\/\/www.padreeustaquio.com.br\/en\/wp-json\/wp\/v2\/media?parent=6600"}],"wp:term":[{"taxonomy":"category","embeddable":true,"href":"https:\/\/www.padreeustaquio.com.br\/en\/wp-json\/wp\/v2\/categories?post=6600"},{"taxonomy":"post_tag","embeddable":true,"href":"https:\/\/www.padreeustaquio.com.br\/en\/wp-json\/wp\/v2\/tags?post=6600"}],"curies":[{"name":"wp","href":"https:\/\/api.w.org\/{rel}","templated":true}]}}