{"id":6560,"date":"2021-08-06T07:35:00","date_gmt":"2021-08-06T10:35:00","guid":{"rendered":"https:\/\/www.padreeustaquio.com.br\/?p=6560"},"modified":"2021-08-02T20:59:32","modified_gmt":"2021-08-02T23:59:32","slug":"the-final-season-of-the-podcast-about-father-eustaquio-premieres-this-weekend","status":"publish","type":"post","link":"https:\/\/www.padreeustaquio.com.br\/en\/the-final-season-of-the-podcast-about-father-eustaquio-premieres-this-weekend\/","title":{"rendered":"Premiering this weekend, the final season of the podcast about Father Eust\u00e1quio."},"content":{"rendered":"<p>The fourth and final season of the podcast &quot;Getting to Know Padre Eust\u00e1quio&quot; premieres tomorrow, August 7th, at 8 PM.<\/p>\n\n\n\n<p>With the theme &quot;The Vicar in BH,&quot; this final installment will present the journey of the Dutch priest in Belo Horizonte, the capital of Minas Gerais, until the death of the blessed man in 1943. The producers of the work promise a very emotional conclusion to the podcast.<\/p>\n\n\n\n<p>The work is carried out by the Padre Eust\u00e1quio Museum, in Po\u00e1\/SP, and can be followed on the main podcast apps in the country.<\/p>\n\n\n\n<p>Click on one of the links below and travel back in time with the beautiful work of the Museum team:<\/p>\n\n\n\n<p><a href=\"https:\/\/open.spotify.com\/show\/3PJckMhPHxpWNaLDqvRHnv\">SPOTIFY&nbsp;<\/a>&nbsp; &nbsp; &nbsp; &nbsp; &nbsp; &nbsp; &nbsp; &nbsp; &nbsp; &nbsp; &nbsp; &nbsp; &nbsp;<a href=\"https:\/\/podcasts.apple.com\/us\/podcast\/conhecendo-padre-eust%C3%A1quio\/id1505400212?fbclid=IwAR2ncnRlrbMkmE5t-fsi_pt9Wb2h3etXffDyZK0VUTOBj7Ok6Lf12PmzjOI\">APPLE (iTUNES)<\/a>&nbsp; &nbsp; &nbsp; &nbsp; &nbsp; &nbsp; &nbsp; &nbsp; &nbsp; &nbsp; &nbsp;&nbsp;<a href=\"https:\/\/podcasts.google.com\/?feed=aHR0cHM6Ly9hbmNob3IuZm0vcy83ZGEzOGNjL3BvZGNhc3QvcnNz&amp;fbclid=IwAR0wdKxLSomK8rOwARIHPLN007_sp1LjEoA9pYQwrzfIUY04ka70o2WOxf8\">GOOGLE PODCASTS<\/a><\/p>\n\n\n\n<p><a href=\"https:\/\/pca.st\/o2gjb2oh?fbclid=IwAR2NudJyeyXHe3S1HGG1hhT8_Rl9gljLhDgMeho2NPBbHQEcca-w0-jRxBE\">POCKET CASTS<\/a>\u00a0 \u00a0 \u00a0 \u00a0 \u00a0 \u00a0 \u00a0\u00a0<a href=\"https:\/\/radiopublic.com\/conhecendo-padre-eustquio-8X3r54?fbclid=IwAR0d2El4RWJ14PvzDv5BS-piO6RfQc9BnA-wuFt_y6WOMF731gIHoNVMVGI\">RADIOPUBLIC<\/a>\u00a0 \u00a0 \u00a0 \u00a0 \u00a0 \u00a0 \u00a0 \u00a0 \u00a0 \u00a0 \u00a0 \u00a0 \u00a0 \u00a0 \u00a0 \u00a0<a href=\"https:\/\/anchor.fm\/peeustaquio?fbclid=IwAR3cDqnVW52U8DvfrQeEiDeqg1YY0Ff1nmwsEGBwDwgD3-zMX1p-wktdhJ4\">ANCHOR<\/a><\/p>\n\n\n\n<p><\/p>","protected":false},"excerpt":{"rendered":"<p>Estreia amanh\u00e3, dia 7 de agosto, \u00e0s 20h, a quarta e \u00faltima temporada do Podcast &#8220;Conhecendo Padre Eust\u00e1quio&#8221;. Com o tema \u201cO vig\u00e1rio em BH\u201d, esta \u00faltima etapa, apresentar\u00e1 a trajet\u00f3ria do padre holand\u00eas em Belo Horizonte, capital mineira, at\u00e9 a morte do beato em 1943. Os produtores da obra prometem muita emo\u00e7\u00e3o neste fechamento do Podcast. O trabalho \u00e9 realizado pelo Museu Padre Eust\u00e1quio, em Po\u00e1\/SP e poder\u00e1 ser acompanhado nos principais aplicativos de Podcast do pa\u00eds. Clique em um dos links abaixo e viage no tempo com o belo trabalho da equipe do Museu: SPOTIFY&nbsp;&nbsp; &nbsp; &nbsp; &nbsp; [&hellip;]<\/p>\n","protected":false},"author":2,"featured_media":6561,"comment_status":"open","ping_status":"closed","sticky":false,"template":"","format":"standard","meta":{"_acf_changed":false,"footnotes":""},"categories":[611],"tags":[],"class_list":["post-6560","post","type-post","status-publish","format-standard","has-post-thumbnail","hentry","category-noticias"],"acf":[],"yoast_head":"<!-- This site is optimized with the Yoast SEO plugin v27.2 - https:\/\/yoast.com\/product\/yoast-seo-wordpress\/ -->\n<title>Estreia neste fim de semana, \u00faltima temporada do Podcast sobre Padre Eust\u00e1quio<\/title>\n<meta name=\"description\" content=\"O trabalho \u00e9 realizado pelo Museu Padre Eust\u00e1quio, em Po\u00e1\/SP e poder\u00e1 ser acompanhado nos principais aplicativos de Podcast do pa\u00eds.\" \/>\n<meta name=\"robots\" content=\"index, follow, max-snippet:-1, max-image-preview:large, max-video-preview:-1\" \/>\n<link rel=\"canonical\" href=\"https:\/\/www.padreeustaquio.com.br\/en\/the-final-season-of-the-podcast-about-father-eustaquio-premieres-this-weekend\/\" \/>\n<meta property=\"og:locale\" content=\"en_US\" \/>\n<meta property=\"og:type\" content=\"article\" \/>\n<meta property=\"og:title\" content=\"Estreia neste fim de semana, \u00faltima temporada do Podcast sobre Padre Eust\u00e1quio\" \/>\n<meta property=\"og:description\" content=\"O trabalho \u00e9 realizado pelo Museu Padre Eust\u00e1quio, em Po\u00e1\/SP e poder\u00e1 ser acompanhado nos principais aplicativos de Podcast do pa\u00eds.\" \/>\n<meta property=\"og:url\" content=\"https:\/\/www.padreeustaquio.com.br\/en\/the-final-season-of-the-podcast-about-father-eustaquio-premieres-this-weekend\/\" \/>\n<meta property=\"og:site_name\" content=\"Padre Eust\u00e1quio\" \/>\n<meta property=\"article:publisher\" content=\"https:\/\/www.facebook.com\/beatopadreeustaquio\/\" \/>\n<meta property=\"article:published_time\" content=\"2021-08-06T10:35:00+00:00\" \/>\n<meta property=\"og:image\" content=\"https:\/\/www.padreeustaquio.com.br\/wp-content\/uploads\/2021\/08\/WhatsApp-Image-2021-07-30-at-16.06.05.jpeg\" \/>\n\t<meta property=\"og:image:width\" content=\"1280\" \/>\n\t<meta property=\"og:image:height\" content=\"862\" \/>\n\t<meta property=\"og:image:type\" content=\"image\/jpeg\" \/>\n<meta name=\"author\" content=\"@sscc\" \/>\n<meta name=\"twitter:card\" content=\"summary_large_image\" \/>\n<meta name=\"twitter:creator\" content=\"@beatopeustaquio\" \/>\n<meta name=\"twitter:site\" content=\"@beatopeustaquio\" \/>\n<meta name=\"twitter:label1\" content=\"Written by\" \/>\n\t<meta name=\"twitter:data1\" content=\"@sscc\" \/>\n\t<meta name=\"twitter:label2\" content=\"Est. reading time\" \/>\n\t<meta name=\"twitter:data2\" content=\"1 minute\" \/>\n<script type=\"application\/ld+json\" class=\"yoast-schema-graph\">{\"@context\":\"https:\/\/schema.org\",\"@graph\":[{\"@type\":\"Article\",\"@id\":\"https:\/\/www.padreeustaquio.com.br\/estreia-neste-fim-de-semana-ultima-temporada-do-podcast-sobre-padre-eustaquio\/#article\",\"isPartOf\":{\"@id\":\"https:\/\/www.padreeustaquio.com.br\/estreia-neste-fim-de-semana-ultima-temporada-do-podcast-sobre-padre-eustaquio\/\"},\"author\":{\"name\":\"@sscc\",\"@id\":\"https:\/\/www.padreeustaquio.com.br\/#\/schema\/person\/a2a51db1d00f1a7af0204a0f1ddb1566\"},\"headline\":\"Estreia neste fim de semana, \u00faltima temporada do Podcast sobre Padre Eust\u00e1quio\",\"datePublished\":\"2021-08-06T10:35:00+00:00\",\"mainEntityOfPage\":{\"@id\":\"https:\/\/www.padreeustaquio.com.br\/estreia-neste-fim-de-semana-ultima-temporada-do-podcast-sobre-padre-eustaquio\/\"},\"wordCount\":149,\"commentCount\":0,\"publisher\":{\"@id\":\"https:\/\/www.padreeustaquio.com.br\/#organization\"},\"image\":{\"@id\":\"https:\/\/www.padreeustaquio.com.br\/estreia-neste-fim-de-semana-ultima-temporada-do-podcast-sobre-padre-eustaquio\/#primaryimage\"},\"thumbnailUrl\":\"https:\/\/www.padreeustaquio.com.br\/wp-content\/uploads\/2021\/08\/WhatsApp-Image-2021-07-30-at-16.06.05.jpeg\",\"articleSection\":[\"Not\u00edcias\"],\"inLanguage\":\"en-US\",\"potentialAction\":[{\"@type\":\"CommentAction\",\"name\":\"Comment\",\"target\":[\"https:\/\/www.padreeustaquio.com.br\/estreia-neste-fim-de-semana-ultima-temporada-do-podcast-sobre-padre-eustaquio\/#respond\"]}]},{\"@type\":\"WebPage\",\"@id\":\"https:\/\/www.padreeustaquio.com.br\/estreia-neste-fim-de-semana-ultima-temporada-do-podcast-sobre-padre-eustaquio\/\",\"url\":\"https:\/\/www.padreeustaquio.com.br\/estreia-neste-fim-de-semana-ultima-temporada-do-podcast-sobre-padre-eustaquio\/\",\"name\":\"Estreia neste fim de semana, \u00faltima temporada do Podcast sobre Padre Eust\u00e1quio\",\"isPartOf\":{\"@id\":\"https:\/\/www.padreeustaquio.com.br\/#website\"},\"primaryImageOfPage\":{\"@id\":\"https:\/\/www.padreeustaquio.com.br\/estreia-neste-fim-de-semana-ultima-temporada-do-podcast-sobre-padre-eustaquio\/#primaryimage\"},\"image\":{\"@id\":\"https:\/\/www.padreeustaquio.com.br\/estreia-neste-fim-de-semana-ultima-temporada-do-podcast-sobre-padre-eustaquio\/#primaryimage\"},\"thumbnailUrl\":\"https:\/\/www.padreeustaquio.com.br\/wp-content\/uploads\/2021\/08\/WhatsApp-Image-2021-07-30-at-16.06.05.jpeg\",\"datePublished\":\"2021-08-06T10:35:00+00:00\",\"description\":\"O trabalho \u00e9 realizado pelo Museu Padre Eust\u00e1quio, em Po\u00e1\/SP e poder\u00e1 ser acompanhado nos principais aplicativos de Podcast do pa\u00eds.\",\"breadcrumb\":{\"@id\":\"https:\/\/www.padreeustaquio.com.br\/estreia-neste-fim-de-semana-ultima-temporada-do-podcast-sobre-padre-eustaquio\/#breadcrumb\"},\"inLanguage\":\"en-US\",\"potentialAction\":[{\"@type\":\"ReadAction\",\"target\":[\"https:\/\/www.padreeustaquio.com.br\/estreia-neste-fim-de-semana-ultima-temporada-do-podcast-sobre-padre-eustaquio\/\"]}]},{\"@type\":\"ImageObject\",\"inLanguage\":\"en-US\",\"@id\":\"https:\/\/www.padreeustaquio.com.br\/estreia-neste-fim-de-semana-ultima-temporada-do-podcast-sobre-padre-eustaquio\/#primaryimage\",\"url\":\"https:\/\/www.padreeustaquio.com.br\/wp-content\/uploads\/2021\/08\/WhatsApp-Image-2021-07-30-at-16.06.05.jpeg\",\"contentUrl\":\"https:\/\/www.padreeustaquio.com.br\/wp-content\/uploads\/2021\/08\/WhatsApp-Image-2021-07-30-at-16.06.05.jpeg\",\"width\":1280,\"height\":862},{\"@type\":\"BreadcrumbList\",\"@id\":\"https:\/\/www.padreeustaquio.com.br\/estreia-neste-fim-de-semana-ultima-temporada-do-podcast-sobre-padre-eustaquio\/#breadcrumb\",\"itemListElement\":[{\"@type\":\"ListItem\",\"position\":1,\"name\":\"In\u00edcio\",\"item\":\"https:\/\/www.padreeustaquio.com.br\/\"},{\"@type\":\"ListItem\",\"position\":2,\"name\":\"Estreia neste fim de semana, \u00faltima temporada do Podcast sobre Padre Eust\u00e1quio\"}]},{\"@type\":\"WebSite\",\"@id\":\"https:\/\/www.padreeustaquio.com.br\/#website\",\"url\":\"https:\/\/www.padreeustaquio.com.br\/\",\"name\":\"Padre Eust\u00e1quio\",\"description\":\"Sa\u00fade e Paz\",\"publisher\":{\"@id\":\"https:\/\/www.padreeustaquio.com.br\/#organization\"},\"potentialAction\":[{\"@type\":\"SearchAction\",\"target\":{\"@type\":\"EntryPoint\",\"urlTemplate\":\"https:\/\/www.padreeustaquio.com.br\/?s={search_term_string}\"},\"query-input\":{\"@type\":\"PropertyValueSpecification\",\"valueRequired\":true,\"valueName\":\"search_term_string\"}}],\"inLanguage\":\"en-US\"},{\"@type\":\"Organization\",\"@id\":\"https:\/\/www.padreeustaquio.com.br\/#organization\",\"name\":\"Padre Eust\u00e1quio\",\"url\":\"https:\/\/www.padreeustaquio.com.br\/\",\"logo\":{\"@type\":\"ImageObject\",\"inLanguage\":\"en-US\",\"@id\":\"https:\/\/www.padreeustaquio.com.br\/#\/schema\/logo\/image\/\",\"url\":\"https:\/\/www.padreeustaquio.com.br\/wp-content\/uploads\/2019\/08\/marca.png\",\"contentUrl\":\"https:\/\/www.padreeustaquio.com.br\/wp-content\/uploads\/2019\/08\/marca.png\",\"width\":350,\"height\":400,\"caption\":\"Padre Eust\u00e1quio\"},\"image\":{\"@id\":\"https:\/\/www.padreeustaquio.com.br\/#\/schema\/logo\/image\/\"},\"sameAs\":[\"https:\/\/www.facebook.com\/beatopadreeustaquio\/\",\"https:\/\/x.com\/beatopeustaquio\",\"https:\/\/www.instagram.com\/beatopadreeustaquio\/\",\"https:\/\/www.youtube.com\/channel\/UCRhw7vfabnajwLxb1ZXMeIw\"]},{\"@type\":\"Person\",\"@id\":\"https:\/\/www.padreeustaquio.com.br\/#\/schema\/person\/a2a51db1d00f1a7af0204a0f1ddb1566\",\"name\":\"@sscc\",\"image\":{\"@type\":\"ImageObject\",\"inLanguage\":\"en-US\",\"@id\":\"https:\/\/secure.gravatar.com\/avatar\/68cfafa5f44617fea54071e215026e0ff06be366c3d54a8425f04fdcb86f8c5f?s=96&d=mm&r=g\",\"url\":\"https:\/\/secure.gravatar.com\/avatar\/68cfafa5f44617fea54071e215026e0ff06be366c3d54a8425f04fdcb86f8c5f?s=96&d=mm&r=g\",\"contentUrl\":\"https:\/\/secure.gravatar.com\/avatar\/68cfafa5f44617fea54071e215026e0ff06be366c3d54a8425f04fdcb86f8c5f?s=96&d=mm&r=g\",\"caption\":\"@sscc\"},\"url\":\"https:\/\/www.padreeustaquio.com.br\/en\/author\/sscc\/\"}]}<\/script>\n<!-- \/ Yoast SEO plugin. -->","yoast_head_json":{"title":"Premiering this weekend, the final season of the podcast about Father Eust\u00e1quio.","description":"The work is carried out by the Padre Eust\u00e1quio Museum, in Po\u00e1\/SP, and can be followed on the main podcast apps in the country.","robots":{"index":"index","follow":"follow","max-snippet":"max-snippet:-1","max-image-preview":"max-image-preview:large","max-video-preview":"max-video-preview:-1"},"canonical":"https:\/\/www.padreeustaquio.com.br\/en\/the-final-season-of-the-podcast-about-father-eustaquio-premieres-this-weekend\/","og_locale":"en_US","og_type":"article","og_title":"Estreia neste fim de semana, \u00faltima temporada do Podcast sobre Padre Eust\u00e1quio","og_description":"O trabalho \u00e9 realizado pelo Museu Padre Eust\u00e1quio, em Po\u00e1\/SP e poder\u00e1 ser acompanhado nos principais aplicativos de Podcast do pa\u00eds.","og_url":"https:\/\/www.padreeustaquio.com.br\/en\/the-final-season-of-the-podcast-about-father-eustaquio-premieres-this-weekend\/","og_site_name":"Padre Eust\u00e1quio","article_publisher":"https:\/\/www.facebook.com\/beatopadreeustaquio\/","article_published_time":"2021-08-06T10:35:00+00:00","og_image":[{"width":1280,"height":862,"url":"https:\/\/www.padreeustaquio.com.br\/wp-content\/uploads\/2021\/08\/WhatsApp-Image-2021-07-30-at-16.06.05.jpeg","type":"image\/jpeg"}],"author":"@sscc","twitter_card":"summary_large_image","twitter_creator":"@beatopeustaquio","twitter_site":"@beatopeustaquio","twitter_misc":{"Written by":"@sscc","Est. reading time":"1 minute"},"schema":{"@context":"https:\/\/schema.org","@graph":[{"@type":"Article","@id":"https:\/\/www.padreeustaquio.com.br\/estreia-neste-fim-de-semana-ultima-temporada-do-podcast-sobre-padre-eustaquio\/#article","isPartOf":{"@id":"https:\/\/www.padreeustaquio.com.br\/estreia-neste-fim-de-semana-ultima-temporada-do-podcast-sobre-padre-eustaquio\/"},"author":{"name":"@sscc","@id":"https:\/\/www.padreeustaquio.com.br\/#\/schema\/person\/a2a51db1d00f1a7af0204a0f1ddb1566"},"headline":"Estreia neste fim de semana, \u00faltima temporada do Podcast sobre Padre Eust\u00e1quio","datePublished":"2021-08-06T10:35:00+00:00","mainEntityOfPage":{"@id":"https:\/\/www.padreeustaquio.com.br\/estreia-neste-fim-de-semana-ultima-temporada-do-podcast-sobre-padre-eustaquio\/"},"wordCount":149,"commentCount":0,"publisher":{"@id":"https:\/\/www.padreeustaquio.com.br\/#organization"},"image":{"@id":"https:\/\/www.padreeustaquio.com.br\/estreia-neste-fim-de-semana-ultima-temporada-do-podcast-sobre-padre-eustaquio\/#primaryimage"},"thumbnailUrl":"https:\/\/www.padreeustaquio.com.br\/wp-content\/uploads\/2021\/08\/WhatsApp-Image-2021-07-30-at-16.06.05.jpeg","articleSection":["Not\u00edcias"],"inLanguage":"en-US","potentialAction":[{"@type":"CommentAction","name":"Comment","target":["https:\/\/www.padreeustaquio.com.br\/estreia-neste-fim-de-semana-ultima-temporada-do-podcast-sobre-padre-eustaquio\/#respond"]}]},{"@type":"WebPage","@id":"https:\/\/www.padreeustaquio.com.br\/estreia-neste-fim-de-semana-ultima-temporada-do-podcast-sobre-padre-eustaquio\/","url":"https:\/\/www.padreeustaquio.com.br\/estreia-neste-fim-de-semana-ultima-temporada-do-podcast-sobre-padre-eustaquio\/","name":"Premiering this weekend, the final season of the podcast about Father Eust\u00e1quio.","isPartOf":{"@id":"https:\/\/www.padreeustaquio.com.br\/#website"},"primaryImageOfPage":{"@id":"https:\/\/www.padreeustaquio.com.br\/estreia-neste-fim-de-semana-ultima-temporada-do-podcast-sobre-padre-eustaquio\/#primaryimage"},"image":{"@id":"https:\/\/www.padreeustaquio.com.br\/estreia-neste-fim-de-semana-ultima-temporada-do-podcast-sobre-padre-eustaquio\/#primaryimage"},"thumbnailUrl":"https:\/\/www.padreeustaquio.com.br\/wp-content\/uploads\/2021\/08\/WhatsApp-Image-2021-07-30-at-16.06.05.jpeg","datePublished":"2021-08-06T10:35:00+00:00","description":"The work is carried out by the Padre Eust\u00e1quio Museum, in Po\u00e1\/SP, and can be followed on the main podcast apps in the country.","breadcrumb":{"@id":"https:\/\/www.padreeustaquio.com.br\/estreia-neste-fim-de-semana-ultima-temporada-do-podcast-sobre-padre-eustaquio\/#breadcrumb"},"inLanguage":"en-US","potentialAction":[{"@type":"ReadAction","target":["https:\/\/www.padreeustaquio.com.br\/estreia-neste-fim-de-semana-ultima-temporada-do-podcast-sobre-padre-eustaquio\/"]}]},{"@type":"ImageObject","inLanguage":"en-US","@id":"https:\/\/www.padreeustaquio.com.br\/estreia-neste-fim-de-semana-ultima-temporada-do-podcast-sobre-padre-eustaquio\/#primaryimage","url":"https:\/\/www.padreeustaquio.com.br\/wp-content\/uploads\/2021\/08\/WhatsApp-Image-2021-07-30-at-16.06.05.jpeg","contentUrl":"https:\/\/www.padreeustaquio.com.br\/wp-content\/uploads\/2021\/08\/WhatsApp-Image-2021-07-30-at-16.06.05.jpeg","width":1280,"height":862},{"@type":"BreadcrumbList","@id":"https:\/\/www.padreeustaquio.com.br\/estreia-neste-fim-de-semana-ultima-temporada-do-podcast-sobre-padre-eustaquio\/#breadcrumb","itemListElement":[{"@type":"ListItem","position":1,"name":"In\u00edcio","item":"https:\/\/www.padreeustaquio.com.br\/"},{"@type":"ListItem","position":2,"name":"Estreia neste fim de semana, \u00faltima temporada do Podcast sobre Padre Eust\u00e1quio"}]},{"@type":"WebSite","@id":"https:\/\/www.padreeustaquio.com.br\/#website","url":"https:\/\/www.padreeustaquio.com.br\/","name":"FATHER EUST\u00c1QUIO","description":"Health and Peace","publisher":{"@id":"https:\/\/www.padreeustaquio.com.br\/#organization"},"potentialAction":[{"@type":"SearchAction","target":{"@type":"EntryPoint","urlTemplate":"https:\/\/www.padreeustaquio.com.br\/?s={search_term_string}"},"query-input":{"@type":"PropertyValueSpecification","valueRequired":true,"valueName":"search_term_string"}}],"inLanguage":"en-US"},{"@type":"Organization","@id":"https:\/\/www.padreeustaquio.com.br\/#organization","name":"FATHER EUST\u00c1QUIO","url":"https:\/\/www.padreeustaquio.com.br\/","logo":{"@type":"ImageObject","inLanguage":"en-US","@id":"https:\/\/www.padreeustaquio.com.br\/#\/schema\/logo\/image\/","url":"https:\/\/www.padreeustaquio.com.br\/wp-content\/uploads\/2019\/08\/marca.png","contentUrl":"https:\/\/www.padreeustaquio.com.br\/wp-content\/uploads\/2019\/08\/marca.png","width":350,"height":400,"caption":"Padre Eust\u00e1quio"},"image":{"@id":"https:\/\/www.padreeustaquio.com.br\/#\/schema\/logo\/image\/"},"sameAs":["https:\/\/www.facebook.com\/beatopadreeustaquio\/","https:\/\/x.com\/beatopeustaquio","https:\/\/www.instagram.com\/beatopadreeustaquio\/","https:\/\/www.youtube.com\/channel\/UCRhw7vfabnajwLxb1ZXMeIw"]},{"@type":"Person","@id":"https:\/\/www.padreeustaquio.com.br\/#\/schema\/person\/a2a51db1d00f1a7af0204a0f1ddb1566","name":"@sscc","image":{"@type":"ImageObject","inLanguage":"en-US","@id":"https:\/\/secure.gravatar.com\/avatar\/68cfafa5f44617fea54071e215026e0ff06be366c3d54a8425f04fdcb86f8c5f?s=96&d=mm&r=g","url":"https:\/\/secure.gravatar.com\/avatar\/68cfafa5f44617fea54071e215026e0ff06be366c3d54a8425f04fdcb86f8c5f?s=96&d=mm&r=g","contentUrl":"https:\/\/secure.gravatar.com\/avatar\/68cfafa5f44617fea54071e215026e0ff06be366c3d54a8425f04fdcb86f8c5f?s=96&d=mm&r=g","caption":"@sscc"},"url":"https:\/\/www.padreeustaquio.com.br\/en\/author\/sscc\/"}]}},"_links":{"self":[{"href":"https:\/\/www.padreeustaquio.com.br\/en\/wp-json\/wp\/v2\/posts\/6560","targetHints":{"allow":["GET"]}}],"collection":[{"href":"https:\/\/www.padreeustaquio.com.br\/en\/wp-json\/wp\/v2\/posts"}],"about":[{"href":"https:\/\/www.padreeustaquio.com.br\/en\/wp-json\/wp\/v2\/types\/post"}],"author":[{"embeddable":true,"href":"https:\/\/www.padreeustaquio.com.br\/en\/wp-json\/wp\/v2\/users\/2"}],"replies":[{"embeddable":true,"href":"https:\/\/www.padreeustaquio.com.br\/en\/wp-json\/wp\/v2\/comments?post=6560"}],"version-history":[{"count":0,"href":"https:\/\/www.padreeustaquio.com.br\/en\/wp-json\/wp\/v2\/posts\/6560\/revisions"}],"wp:featuredmedia":[{"embeddable":true,"href":"https:\/\/www.padreeustaquio.com.br\/en\/wp-json\/wp\/v2\/media\/6561"}],"wp:attachment":[{"href":"https:\/\/www.padreeustaquio.com.br\/en\/wp-json\/wp\/v2\/media?parent=6560"}],"wp:term":[{"taxonomy":"category","embeddable":true,"href":"https:\/\/www.padreeustaquio.com.br\/en\/wp-json\/wp\/v2\/categories?post=6560"},{"taxonomy":"post_tag","embeddable":true,"href":"https:\/\/www.padreeustaquio.com.br\/en\/wp-json\/wp\/v2\/tags?post=6560"}],"curies":[{"name":"wp","href":"https:\/\/api.w.org\/{rel}","templated":true}]}}