{"id":6553,"date":"2021-08-04T06:44:00","date_gmt":"2021-08-04T09:44:00","guid":{"rendered":"https:\/\/www.padreeustaquio.com.br\/?p=6553"},"modified":"2021-08-03T20:09:16","modified_gmt":"2021-08-03T23:09:16","slug":"students-return-to-classes-at-the-padre-eustaquio-daycare-center","status":"publish","type":"post","link":"https:\/\/www.padreeustaquio.com.br\/en\/students-return-to-classes-at-the-padre-eustaquio-daycare-center\/","title":{"rendered":"Students return to classes at the Padre Eust\u00e1quio Daycare Center."},"content":{"rendered":"<p>After a 15-day vacation, students from Nursery 1 to the 2nd Period of the Padre Eust\u00e1quio Daycare Center, located in the neighborhood that bears the Blessed Eust\u00e1quio&#039;s name, returned to classes this Tuesday, August 3rd.<\/p>\n\n\n\n<p>The return to school maintains the social distancing protocol that was put in place during the first semester. The children continue to have classes from Monday to Friday, in half-day sessions.<\/p>\n\n\n\n<p>The daycare center stopped offering full-time care during the pandemic to comply with the necessary health and safety requirements to reopen. Each student receives two meals a day at school, which helps ensure food security for the children.<\/p>","protected":false},"excerpt":{"rendered":"<p>Depois de 15 dias de f\u00e9rias, alunos do Maternal 1 ao 2\u00ba Per\u00edodo da Creche Padre Eust\u00e1quio, localizada no bairro que leva o nome do Beato, voltaram \u00e0s aulas nessa ter\u00e7a-feira, 03 de agosto. A volta mant\u00e9m o protocolo de distanciamento social que foi colocado em pr\u00e1tica no primeiro semestre. As crian\u00e7as, continuam tendo aulas de segunda \u00e0 sexta, em meio per\u00edodo. A creche deixou de atender as crian\u00e7as em per\u00edodo integral durante a pandemia, para se encaixar nas exig\u00eancias sanit\u00e1rios necess\u00e1rias para voltar a receber crian\u00e7as. Cada aluno recebe diariamente duas refei\u00e7\u00f5es na escola, o que ajuda a manter [&hellip;]<\/p>\n","protected":false},"author":2,"featured_media":6572,"comment_status":"open","ping_status":"closed","sticky":false,"template":"","format":"standard","meta":{"_acf_changed":false,"footnotes":""},"categories":[611],"tags":[],"class_list":["post-6553","post","type-post","status-publish","format-standard","has-post-thumbnail","hentry","category-noticias"],"acf":[],"yoast_head":"<!-- This site is optimized with the Yoast SEO plugin v27.2 - https:\/\/yoast.com\/product\/yoast-seo-wordpress\/ -->\n<title>Alunos voltam \u00e0s aulas na Creche Padre Eust\u00e1quio<\/title>\n<meta name=\"description\" content=\"Depois de 15 dias de f\u00e9rias, alunos do Maternal 1 ao 2\u00ba Per\u00edodo da Creche Padre Eust\u00e1quio, localizada no bairro que leva o nome do Beato, voltaram \u00e0s aulas.\" \/>\n<meta name=\"robots\" content=\"index, follow, max-snippet:-1, max-image-preview:large, max-video-preview:-1\" \/>\n<link rel=\"canonical\" href=\"https:\/\/www.padreeustaquio.com.br\/en\/students-return-to-classes-at-the-padre-eustaquio-daycare-center\/\" \/>\n<meta property=\"og:locale\" content=\"en_US\" \/>\n<meta property=\"og:type\" content=\"article\" \/>\n<meta property=\"og:title\" content=\"Alunos voltam \u00e0s aulas na Creche Padre Eust\u00e1quio\" \/>\n<meta property=\"og:description\" content=\"Depois de 15 dias de f\u00e9rias, alunos do Maternal 1 ao 2\u00ba Per\u00edodo da Creche Padre Eust\u00e1quio, localizada no bairro que leva o nome do Beato, voltaram \u00e0s aulas.\" \/>\n<meta property=\"og:url\" content=\"https:\/\/www.padreeustaquio.com.br\/en\/students-return-to-classes-at-the-padre-eustaquio-daycare-center\/\" \/>\n<meta property=\"og:site_name\" content=\"Padre Eust\u00e1quio\" \/>\n<meta property=\"article:publisher\" content=\"https:\/\/www.facebook.com\/beatopadreeustaquio\/\" \/>\n<meta property=\"article:published_time\" content=\"2021-08-04T09:44:00+00:00\" \/>\n<meta property=\"og:image\" content=\"https:\/\/www.padreeustaquio.com.br\/wp-content\/uploads\/2021\/08\/creche-padre-eustaquio-fachada-volta-as-aulas-criancas-menores-de-seis-anos.jpeg\" \/>\n\t<meta property=\"og:image:width\" content=\"1280\" \/>\n\t<meta property=\"og:image:height\" content=\"958\" \/>\n\t<meta property=\"og:image:type\" content=\"image\/jpeg\" \/>\n<meta name=\"author\" content=\"@sscc\" \/>\n<meta name=\"twitter:card\" content=\"summary_large_image\" \/>\n<meta name=\"twitter:creator\" content=\"@beatopeustaquio\" \/>\n<meta name=\"twitter:site\" content=\"@beatopeustaquio\" \/>\n<meta name=\"twitter:label1\" content=\"Written by\" \/>\n\t<meta name=\"twitter:data1\" content=\"@sscc\" \/>\n\t<meta name=\"twitter:label2\" content=\"Est. reading time\" \/>\n\t<meta name=\"twitter:data2\" content=\"1 minute\" \/>\n<script type=\"application\/ld+json\" class=\"yoast-schema-graph\">{\"@context\":\"https:\/\/schema.org\",\"@graph\":[{\"@type\":\"Article\",\"@id\":\"https:\/\/www.padreeustaquio.com.br\/alunos-voltam-as-aulas-na-creche-padre-eustaquio\/#article\",\"isPartOf\":{\"@id\":\"https:\/\/www.padreeustaquio.com.br\/alunos-voltam-as-aulas-na-creche-padre-eustaquio\/\"},\"author\":{\"name\":\"@sscc\",\"@id\":\"https:\/\/www.padreeustaquio.com.br\/#\/schema\/person\/a2a51db1d00f1a7af0204a0f1ddb1566\"},\"headline\":\"Alunos voltam \u00e0s aulas na Creche Padre Eust\u00e1quio\",\"datePublished\":\"2021-08-04T09:44:00+00:00\",\"mainEntityOfPage\":{\"@id\":\"https:\/\/www.padreeustaquio.com.br\/alunos-voltam-as-aulas-na-creche-padre-eustaquio\/\"},\"wordCount\":126,\"commentCount\":0,\"publisher\":{\"@id\":\"https:\/\/www.padreeustaquio.com.br\/#organization\"},\"image\":{\"@id\":\"https:\/\/www.padreeustaquio.com.br\/alunos-voltam-as-aulas-na-creche-padre-eustaquio\/#primaryimage\"},\"thumbnailUrl\":\"https:\/\/www.padreeustaquio.com.br\/wp-content\/uploads\/2021\/08\/creche-padre-eustaquio-fachada-volta-as-aulas-criancas-menores-de-seis-anos.jpeg\",\"articleSection\":[\"Not\u00edcias\"],\"inLanguage\":\"en-US\",\"potentialAction\":[{\"@type\":\"CommentAction\",\"name\":\"Comment\",\"target\":[\"https:\/\/www.padreeustaquio.com.br\/alunos-voltam-as-aulas-na-creche-padre-eustaquio\/#respond\"]}]},{\"@type\":\"WebPage\",\"@id\":\"https:\/\/www.padreeustaquio.com.br\/alunos-voltam-as-aulas-na-creche-padre-eustaquio\/\",\"url\":\"https:\/\/www.padreeustaquio.com.br\/alunos-voltam-as-aulas-na-creche-padre-eustaquio\/\",\"name\":\"Alunos voltam \u00e0s aulas na Creche Padre Eust\u00e1quio\",\"isPartOf\":{\"@id\":\"https:\/\/www.padreeustaquio.com.br\/#website\"},\"primaryImageOfPage\":{\"@id\":\"https:\/\/www.padreeustaquio.com.br\/alunos-voltam-as-aulas-na-creche-padre-eustaquio\/#primaryimage\"},\"image\":{\"@id\":\"https:\/\/www.padreeustaquio.com.br\/alunos-voltam-as-aulas-na-creche-padre-eustaquio\/#primaryimage\"},\"thumbnailUrl\":\"https:\/\/www.padreeustaquio.com.br\/wp-content\/uploads\/2021\/08\/creche-padre-eustaquio-fachada-volta-as-aulas-criancas-menores-de-seis-anos.jpeg\",\"datePublished\":\"2021-08-04T09:44:00+00:00\",\"description\":\"Depois de 15 dias de f\u00e9rias, alunos do Maternal 1 ao 2\u00ba Per\u00edodo da Creche Padre Eust\u00e1quio, localizada no bairro que leva o nome do Beato, voltaram \u00e0s aulas.\",\"breadcrumb\":{\"@id\":\"https:\/\/www.padreeustaquio.com.br\/alunos-voltam-as-aulas-na-creche-padre-eustaquio\/#breadcrumb\"},\"inLanguage\":\"en-US\",\"potentialAction\":[{\"@type\":\"ReadAction\",\"target\":[\"https:\/\/www.padreeustaquio.com.br\/alunos-voltam-as-aulas-na-creche-padre-eustaquio\/\"]}]},{\"@type\":\"ImageObject\",\"inLanguage\":\"en-US\",\"@id\":\"https:\/\/www.padreeustaquio.com.br\/alunos-voltam-as-aulas-na-creche-padre-eustaquio\/#primaryimage\",\"url\":\"https:\/\/www.padreeustaquio.com.br\/wp-content\/uploads\/2021\/08\/creche-padre-eustaquio-fachada-volta-as-aulas-criancas-menores-de-seis-anos.jpeg\",\"contentUrl\":\"https:\/\/www.padreeustaquio.com.br\/wp-content\/uploads\/2021\/08\/creche-padre-eustaquio-fachada-volta-as-aulas-criancas-menores-de-seis-anos.jpeg\",\"width\":1280,\"height\":958},{\"@type\":\"BreadcrumbList\",\"@id\":\"https:\/\/www.padreeustaquio.com.br\/alunos-voltam-as-aulas-na-creche-padre-eustaquio\/#breadcrumb\",\"itemListElement\":[{\"@type\":\"ListItem\",\"position\":1,\"name\":\"In\u00edcio\",\"item\":\"https:\/\/www.padreeustaquio.com.br\/\"},{\"@type\":\"ListItem\",\"position\":2,\"name\":\"Alunos voltam \u00e0s aulas na Creche Padre Eust\u00e1quio\"}]},{\"@type\":\"WebSite\",\"@id\":\"https:\/\/www.padreeustaquio.com.br\/#website\",\"url\":\"https:\/\/www.padreeustaquio.com.br\/\",\"name\":\"Padre Eust\u00e1quio\",\"description\":\"Sa\u00fade e Paz\",\"publisher\":{\"@id\":\"https:\/\/www.padreeustaquio.com.br\/#organization\"},\"potentialAction\":[{\"@type\":\"SearchAction\",\"target\":{\"@type\":\"EntryPoint\",\"urlTemplate\":\"https:\/\/www.padreeustaquio.com.br\/?s={search_term_string}\"},\"query-input\":{\"@type\":\"PropertyValueSpecification\",\"valueRequired\":true,\"valueName\":\"search_term_string\"}}],\"inLanguage\":\"en-US\"},{\"@type\":\"Organization\",\"@id\":\"https:\/\/www.padreeustaquio.com.br\/#organization\",\"name\":\"Padre Eust\u00e1quio\",\"url\":\"https:\/\/www.padreeustaquio.com.br\/\",\"logo\":{\"@type\":\"ImageObject\",\"inLanguage\":\"en-US\",\"@id\":\"https:\/\/www.padreeustaquio.com.br\/#\/schema\/logo\/image\/\",\"url\":\"https:\/\/www.padreeustaquio.com.br\/wp-content\/uploads\/2019\/08\/marca.png\",\"contentUrl\":\"https:\/\/www.padreeustaquio.com.br\/wp-content\/uploads\/2019\/08\/marca.png\",\"width\":350,\"height\":400,\"caption\":\"Padre Eust\u00e1quio\"},\"image\":{\"@id\":\"https:\/\/www.padreeustaquio.com.br\/#\/schema\/logo\/image\/\"},\"sameAs\":[\"https:\/\/www.facebook.com\/beatopadreeustaquio\/\",\"https:\/\/x.com\/beatopeustaquio\",\"https:\/\/www.instagram.com\/beatopadreeustaquio\/\",\"https:\/\/www.youtube.com\/channel\/UCRhw7vfabnajwLxb1ZXMeIw\"]},{\"@type\":\"Person\",\"@id\":\"https:\/\/www.padreeustaquio.com.br\/#\/schema\/person\/a2a51db1d00f1a7af0204a0f1ddb1566\",\"name\":\"@sscc\",\"image\":{\"@type\":\"ImageObject\",\"inLanguage\":\"en-US\",\"@id\":\"https:\/\/secure.gravatar.com\/avatar\/68cfafa5f44617fea54071e215026e0ff06be366c3d54a8425f04fdcb86f8c5f?s=96&d=mm&r=g\",\"url\":\"https:\/\/secure.gravatar.com\/avatar\/68cfafa5f44617fea54071e215026e0ff06be366c3d54a8425f04fdcb86f8c5f?s=96&d=mm&r=g\",\"contentUrl\":\"https:\/\/secure.gravatar.com\/avatar\/68cfafa5f44617fea54071e215026e0ff06be366c3d54a8425f04fdcb86f8c5f?s=96&d=mm&r=g\",\"caption\":\"@sscc\"},\"url\":\"https:\/\/www.padreeustaquio.com.br\/en\/author\/sscc\/\"}]}<\/script>\n<!-- \/ Yoast SEO plugin. -->","yoast_head_json":{"title":"Students return to classes at the Padre Eust\u00e1quio Daycare Center.","description":"After a 15-day vacation, students from Nursery 1 to the 2nd Period of the Padre Eust\u00e1quio Daycare Center, located in the neighborhood that bears the Blessed Eust\u00e1quio&#039;s name, returned to classes.","robots":{"index":"index","follow":"follow","max-snippet":"max-snippet:-1","max-image-preview":"max-image-preview:large","max-video-preview":"max-video-preview:-1"},"canonical":"https:\/\/www.padreeustaquio.com.br\/en\/students-return-to-classes-at-the-padre-eustaquio-daycare-center\/","og_locale":"en_US","og_type":"article","og_title":"Alunos voltam \u00e0s aulas na Creche Padre Eust\u00e1quio","og_description":"Depois de 15 dias de f\u00e9rias, alunos do Maternal 1 ao 2\u00ba Per\u00edodo da Creche Padre Eust\u00e1quio, localizada no bairro que leva o nome do Beato, voltaram \u00e0s aulas.","og_url":"https:\/\/www.padreeustaquio.com.br\/en\/students-return-to-classes-at-the-padre-eustaquio-daycare-center\/","og_site_name":"Padre Eust\u00e1quio","article_publisher":"https:\/\/www.facebook.com\/beatopadreeustaquio\/","article_published_time":"2021-08-04T09:44:00+00:00","og_image":[{"width":1280,"height":958,"url":"https:\/\/www.padreeustaquio.com.br\/wp-content\/uploads\/2021\/08\/creche-padre-eustaquio-fachada-volta-as-aulas-criancas-menores-de-seis-anos.jpeg","type":"image\/jpeg"}],"author":"@sscc","twitter_card":"summary_large_image","twitter_creator":"@beatopeustaquio","twitter_site":"@beatopeustaquio","twitter_misc":{"Written by":"@sscc","Est. reading time":"1 minute"},"schema":{"@context":"https:\/\/schema.org","@graph":[{"@type":"Article","@id":"https:\/\/www.padreeustaquio.com.br\/alunos-voltam-as-aulas-na-creche-padre-eustaquio\/#article","isPartOf":{"@id":"https:\/\/www.padreeustaquio.com.br\/alunos-voltam-as-aulas-na-creche-padre-eustaquio\/"},"author":{"name":"@sscc","@id":"https:\/\/www.padreeustaquio.com.br\/#\/schema\/person\/a2a51db1d00f1a7af0204a0f1ddb1566"},"headline":"Alunos voltam \u00e0s aulas na Creche Padre Eust\u00e1quio","datePublished":"2021-08-04T09:44:00+00:00","mainEntityOfPage":{"@id":"https:\/\/www.padreeustaquio.com.br\/alunos-voltam-as-aulas-na-creche-padre-eustaquio\/"},"wordCount":126,"commentCount":0,"publisher":{"@id":"https:\/\/www.padreeustaquio.com.br\/#organization"},"image":{"@id":"https:\/\/www.padreeustaquio.com.br\/alunos-voltam-as-aulas-na-creche-padre-eustaquio\/#primaryimage"},"thumbnailUrl":"https:\/\/www.padreeustaquio.com.br\/wp-content\/uploads\/2021\/08\/creche-padre-eustaquio-fachada-volta-as-aulas-criancas-menores-de-seis-anos.jpeg","articleSection":["Not\u00edcias"],"inLanguage":"en-US","potentialAction":[{"@type":"CommentAction","name":"Comment","target":["https:\/\/www.padreeustaquio.com.br\/alunos-voltam-as-aulas-na-creche-padre-eustaquio\/#respond"]}]},{"@type":"WebPage","@id":"https:\/\/www.padreeustaquio.com.br\/alunos-voltam-as-aulas-na-creche-padre-eustaquio\/","url":"https:\/\/www.padreeustaquio.com.br\/alunos-voltam-as-aulas-na-creche-padre-eustaquio\/","name":"Students return to classes at the Padre Eust\u00e1quio Daycare Center.","isPartOf":{"@id":"https:\/\/www.padreeustaquio.com.br\/#website"},"primaryImageOfPage":{"@id":"https:\/\/www.padreeustaquio.com.br\/alunos-voltam-as-aulas-na-creche-padre-eustaquio\/#primaryimage"},"image":{"@id":"https:\/\/www.padreeustaquio.com.br\/alunos-voltam-as-aulas-na-creche-padre-eustaquio\/#primaryimage"},"thumbnailUrl":"https:\/\/www.padreeustaquio.com.br\/wp-content\/uploads\/2021\/08\/creche-padre-eustaquio-fachada-volta-as-aulas-criancas-menores-de-seis-anos.jpeg","datePublished":"2021-08-04T09:44:00+00:00","description":"After a 15-day vacation, students from Nursery 1 to the 2nd Period of the Padre Eust\u00e1quio Daycare Center, located in the neighborhood that bears the Blessed Eust\u00e1quio&#039;s name, returned to classes.","breadcrumb":{"@id":"https:\/\/www.padreeustaquio.com.br\/alunos-voltam-as-aulas-na-creche-padre-eustaquio\/#breadcrumb"},"inLanguage":"en-US","potentialAction":[{"@type":"ReadAction","target":["https:\/\/www.padreeustaquio.com.br\/alunos-voltam-as-aulas-na-creche-padre-eustaquio\/"]}]},{"@type":"ImageObject","inLanguage":"en-US","@id":"https:\/\/www.padreeustaquio.com.br\/alunos-voltam-as-aulas-na-creche-padre-eustaquio\/#primaryimage","url":"https:\/\/www.padreeustaquio.com.br\/wp-content\/uploads\/2021\/08\/creche-padre-eustaquio-fachada-volta-as-aulas-criancas-menores-de-seis-anos.jpeg","contentUrl":"https:\/\/www.padreeustaquio.com.br\/wp-content\/uploads\/2021\/08\/creche-padre-eustaquio-fachada-volta-as-aulas-criancas-menores-de-seis-anos.jpeg","width":1280,"height":958},{"@type":"BreadcrumbList","@id":"https:\/\/www.padreeustaquio.com.br\/alunos-voltam-as-aulas-na-creche-padre-eustaquio\/#breadcrumb","itemListElement":[{"@type":"ListItem","position":1,"name":"In\u00edcio","item":"https:\/\/www.padreeustaquio.com.br\/"},{"@type":"ListItem","position":2,"name":"Alunos voltam \u00e0s aulas na Creche Padre Eust\u00e1quio"}]},{"@type":"WebSite","@id":"https:\/\/www.padreeustaquio.com.br\/#website","url":"https:\/\/www.padreeustaquio.com.br\/","name":"FATHER EUST\u00c1QUIO","description":"Health and Peace","publisher":{"@id":"https:\/\/www.padreeustaquio.com.br\/#organization"},"potentialAction":[{"@type":"SearchAction","target":{"@type":"EntryPoint","urlTemplate":"https:\/\/www.padreeustaquio.com.br\/?s={search_term_string}"},"query-input":{"@type":"PropertyValueSpecification","valueRequired":true,"valueName":"search_term_string"}}],"inLanguage":"en-US"},{"@type":"Organization","@id":"https:\/\/www.padreeustaquio.com.br\/#organization","name":"FATHER EUST\u00c1QUIO","url":"https:\/\/www.padreeustaquio.com.br\/","logo":{"@type":"ImageObject","inLanguage":"en-US","@id":"https:\/\/www.padreeustaquio.com.br\/#\/schema\/logo\/image\/","url":"https:\/\/www.padreeustaquio.com.br\/wp-content\/uploads\/2019\/08\/marca.png","contentUrl":"https:\/\/www.padreeustaquio.com.br\/wp-content\/uploads\/2019\/08\/marca.png","width":350,"height":400,"caption":"Padre Eust\u00e1quio"},"image":{"@id":"https:\/\/www.padreeustaquio.com.br\/#\/schema\/logo\/image\/"},"sameAs":["https:\/\/www.facebook.com\/beatopadreeustaquio\/","https:\/\/x.com\/beatopeustaquio","https:\/\/www.instagram.com\/beatopadreeustaquio\/","https:\/\/www.youtube.com\/channel\/UCRhw7vfabnajwLxb1ZXMeIw"]},{"@type":"Person","@id":"https:\/\/www.padreeustaquio.com.br\/#\/schema\/person\/a2a51db1d00f1a7af0204a0f1ddb1566","name":"@sscc","image":{"@type":"ImageObject","inLanguage":"en-US","@id":"https:\/\/secure.gravatar.com\/avatar\/68cfafa5f44617fea54071e215026e0ff06be366c3d54a8425f04fdcb86f8c5f?s=96&d=mm&r=g","url":"https:\/\/secure.gravatar.com\/avatar\/68cfafa5f44617fea54071e215026e0ff06be366c3d54a8425f04fdcb86f8c5f?s=96&d=mm&r=g","contentUrl":"https:\/\/secure.gravatar.com\/avatar\/68cfafa5f44617fea54071e215026e0ff06be366c3d54a8425f04fdcb86f8c5f?s=96&d=mm&r=g","caption":"@sscc"},"url":"https:\/\/www.padreeustaquio.com.br\/en\/author\/sscc\/"}]}},"_links":{"self":[{"href":"https:\/\/www.padreeustaquio.com.br\/en\/wp-json\/wp\/v2\/posts\/6553","targetHints":{"allow":["GET"]}}],"collection":[{"href":"https:\/\/www.padreeustaquio.com.br\/en\/wp-json\/wp\/v2\/posts"}],"about":[{"href":"https:\/\/www.padreeustaquio.com.br\/en\/wp-json\/wp\/v2\/types\/post"}],"author":[{"embeddable":true,"href":"https:\/\/www.padreeustaquio.com.br\/en\/wp-json\/wp\/v2\/users\/2"}],"replies":[{"embeddable":true,"href":"https:\/\/www.padreeustaquio.com.br\/en\/wp-json\/wp\/v2\/comments?post=6553"}],"version-history":[{"count":0,"href":"https:\/\/www.padreeustaquio.com.br\/en\/wp-json\/wp\/v2\/posts\/6553\/revisions"}],"wp:featuredmedia":[{"embeddable":true,"href":"https:\/\/www.padreeustaquio.com.br\/en\/wp-json\/wp\/v2\/media\/6572"}],"wp:attachment":[{"href":"https:\/\/www.padreeustaquio.com.br\/en\/wp-json\/wp\/v2\/media?parent=6553"}],"wp:term":[{"taxonomy":"category","embeddable":true,"href":"https:\/\/www.padreeustaquio.com.br\/en\/wp-json\/wp\/v2\/categories?post=6553"},{"taxonomy":"post_tag","embeddable":true,"href":"https:\/\/www.padreeustaquio.com.br\/en\/wp-json\/wp\/v2\/tags?post=6553"}],"curies":[{"name":"wp","href":"https:\/\/api.w.org\/{rel}","templated":true}]}}