{"id":6528,"date":"2021-08-09T06:08:00","date_gmt":"2021-08-09T09:08:00","guid":{"rendered":"https:\/\/www.padreeustaquio.com.br\/?p=6528"},"modified":"2021-08-04T10:55:02","modified_gmt":"2021-08-04T13:55:02","slug":"the-death-register-contains-details-of-father-eustaquios-death","status":"publish","type":"post","link":"https:\/\/www.padreeustaquio.com.br\/en\/the-death-register-contains-details-of-father-eustaquios-death\/","title":{"rendered":"The Book of Records provides details of Father Eust\u00e1quio&#039;s death."},"content":{"rendered":"<p>A parish register from the Sacred Hearts Parish, dated from 1941 to 1959, provides details about Father Eust\u00e1quio&#039;s final moments on earth.<\/p>\n\n\n\n<p>The document states that on August 22nd, Father Eust\u00e1quio delivered a sermon with a solemn blessing of the Immaculate Heart of Mary. According to the document, the following day, August 23rd, the Dutch priest felt very ill, suffering from a high fever. Despite his weakened state, he still celebrated Holy Mass as usual that day.<\/p>\n\n\n\n<p>Next, the date August 25th appears, with Father Eust\u00e1quio being transferred to the Minas Gerais Sanatorium (now the Alberto Cavalcanti Hospital, in Belo Horizonte). What follows are the final days of the Blessed One. On August 28th he receives the last sacraments and, the following day, renews his religious vows. On August 30th, the book details the religious man&#039;s death.<\/p>\n\n\n\n<p>Read below the account as it is written in the register book, dated August 30th:<\/p>\n\n\n\n<p><em>\u201cFather Eust\u00e1quio died at 10:45 in the morning with the words \u201cDeo Gratias\u201d. The body was transported to the temporary chapel and there began a procession of thousands and thousands of people. The people consecrated their saint. It was decided to hold the burial on August 31st. The archbishop called to say he insisted on performing the commendation. The rectory was invaded by people who wanted to take some &#039;relic&#039; of Father Eust\u00e1quio.\u2018<\/em><\/p>","protected":false},"excerpt":{"rendered":"<p>Um livro de tombo da Par\u00f3quia dos Sagrados Cora\u00e7\u00f5es, datado de 1941 \u00e0 1959, traz detalhes sobre os momentos finais de Padre Eust\u00e1quio aqui na terra. No arquivo, \u00e9 poss\u00edvel ler que no dia 22 de agosto, Padre Eust\u00e1quio fez um serm\u00e3o com ben\u00e7\u00e3o solene do Imaculado Cora\u00e7\u00e3o de Maria. Segundo o documento, no dia seguinte, 23 de agosto, o padre holand\u00eas se sente muito doente, tendo febre alta. Mesmo debilitado, ele ainda celebrou a Santa Missa normalmente naquele dia. Em seguida, aparece a data do dia 25 de agosto, com Padre Eust\u00e1quio sendo transferido para o Sanat\u00f3rio Minas Gerais [&hellip;]<\/p>\n","protected":false},"author":2,"featured_media":6529,"comment_status":"open","ping_status":"closed","sticky":false,"template":"","format":"standard","meta":{"_acf_changed":false,"footnotes":""},"categories":[611],"tags":[],"class_list":["post-6528","post","type-post","status-publish","format-standard","has-post-thumbnail","hentry","category-noticias"],"acf":[],"yoast_head":"<!-- This site is optimized with the Yoast SEO plugin v27.2 - https:\/\/yoast.com\/product\/yoast-seo-wordpress\/ -->\n<title>Livro de Tombo traz detalhes da morte de Padre Eust\u00e1quio<\/title>\n<meta name=\"description\" content=\"Um livro de tombo da Par\u00f3quia dos Sagrados Cora\u00e7\u00f5es, datado de 1941 \u00e0 1959, traz detalhes sobre os momentos finais de Padre Eust\u00e1quio aqui na terra.\" \/>\n<meta name=\"robots\" content=\"index, follow, max-snippet:-1, max-image-preview:large, max-video-preview:-1\" \/>\n<link rel=\"canonical\" href=\"https:\/\/www.padreeustaquio.com.br\/en\/the-death-register-contains-details-of-father-eustaquios-death\/\" \/>\n<meta property=\"og:locale\" content=\"en_US\" \/>\n<meta property=\"og:type\" content=\"article\" \/>\n<meta property=\"og:title\" content=\"Livro de Tombo traz detalhes da morte de Padre Eust\u00e1quio\" \/>\n<meta property=\"og:description\" content=\"Um livro de tombo da Par\u00f3quia dos Sagrados Cora\u00e7\u00f5es, datado de 1941 \u00e0 1959, traz detalhes sobre os momentos finais de Padre Eust\u00e1quio aqui na terra.\" \/>\n<meta property=\"og:url\" content=\"https:\/\/www.padreeustaquio.com.br\/en\/the-death-register-contains-details-of-father-eustaquios-death\/\" \/>\n<meta property=\"og:site_name\" content=\"Padre Eust\u00e1quio\" \/>\n<meta property=\"article:publisher\" content=\"https:\/\/www.facebook.com\/beatopadreeustaquio\/\" \/>\n<meta property=\"article:published_time\" content=\"2021-08-09T09:08:00+00:00\" \/>\n<meta property=\"og:image\" content=\"https:\/\/www.padreeustaquio.com.br\/wp-content\/uploads\/2021\/07\/livro-de-tombo-paroquia-sagrados-coracoes-bh-igreja-do-padre-eustaquio-1941-a-1959-e1627247911293.jpeg\" \/>\n\t<meta property=\"og:image:width\" content=\"1032\" \/>\n\t<meta property=\"og:image:height\" content=\"459\" \/>\n\t<meta property=\"og:image:type\" content=\"image\/jpeg\" \/>\n<meta name=\"author\" content=\"@sscc\" \/>\n<meta name=\"twitter:card\" content=\"summary_large_image\" \/>\n<meta name=\"twitter:creator\" content=\"@beatopeustaquio\" \/>\n<meta name=\"twitter:site\" content=\"@beatopeustaquio\" \/>\n<meta name=\"twitter:label1\" content=\"Written by\" \/>\n\t<meta name=\"twitter:data1\" content=\"@sscc\" \/>\n\t<meta name=\"twitter:label2\" content=\"Est. reading time\" \/>\n\t<meta name=\"twitter:data2\" content=\"2 minutes\" \/>\n<script type=\"application\/ld+json\" class=\"yoast-schema-graph\">{\"@context\":\"https:\/\/schema.org\",\"@graph\":[{\"@type\":\"Article\",\"@id\":\"https:\/\/www.padreeustaquio.com.br\/livro-de-tombo-traz-detalhes-da-morte-de-padre-eustaquio\/#article\",\"isPartOf\":{\"@id\":\"https:\/\/www.padreeustaquio.com.br\/livro-de-tombo-traz-detalhes-da-morte-de-padre-eustaquio\/\"},\"author\":{\"name\":\"@sscc\",\"@id\":\"https:\/\/www.padreeustaquio.com.br\/#\/schema\/person\/a2a51db1d00f1a7af0204a0f1ddb1566\"},\"headline\":\"Livro de Tombo traz detalhes da morte de Padre Eust\u00e1quio\",\"datePublished\":\"2021-08-09T09:08:00+00:00\",\"mainEntityOfPage\":{\"@id\":\"https:\/\/www.padreeustaquio.com.br\/livro-de-tombo-traz-detalhes-da-morte-de-padre-eustaquio\/\"},\"wordCount\":253,\"commentCount\":0,\"publisher\":{\"@id\":\"https:\/\/www.padreeustaquio.com.br\/#organization\"},\"image\":{\"@id\":\"https:\/\/www.padreeustaquio.com.br\/livro-de-tombo-traz-detalhes-da-morte-de-padre-eustaquio\/#primaryimage\"},\"thumbnailUrl\":\"https:\/\/www.padreeustaquio.com.br\/wp-content\/uploads\/2021\/07\/livro-de-tombo-paroquia-sagrados-coracoes-bh-igreja-do-padre-eustaquio-1941-a-1959-e1627247911293.jpeg\",\"articleSection\":[\"Not\u00edcias\"],\"inLanguage\":\"en-US\",\"potentialAction\":[{\"@type\":\"CommentAction\",\"name\":\"Comment\",\"target\":[\"https:\/\/www.padreeustaquio.com.br\/livro-de-tombo-traz-detalhes-da-morte-de-padre-eustaquio\/#respond\"]}]},{\"@type\":\"WebPage\",\"@id\":\"https:\/\/www.padreeustaquio.com.br\/livro-de-tombo-traz-detalhes-da-morte-de-padre-eustaquio\/\",\"url\":\"https:\/\/www.padreeustaquio.com.br\/livro-de-tombo-traz-detalhes-da-morte-de-padre-eustaquio\/\",\"name\":\"Livro de Tombo traz detalhes da morte de Padre Eust\u00e1quio\",\"isPartOf\":{\"@id\":\"https:\/\/www.padreeustaquio.com.br\/#website\"},\"primaryImageOfPage\":{\"@id\":\"https:\/\/www.padreeustaquio.com.br\/livro-de-tombo-traz-detalhes-da-morte-de-padre-eustaquio\/#primaryimage\"},\"image\":{\"@id\":\"https:\/\/www.padreeustaquio.com.br\/livro-de-tombo-traz-detalhes-da-morte-de-padre-eustaquio\/#primaryimage\"},\"thumbnailUrl\":\"https:\/\/www.padreeustaquio.com.br\/wp-content\/uploads\/2021\/07\/livro-de-tombo-paroquia-sagrados-coracoes-bh-igreja-do-padre-eustaquio-1941-a-1959-e1627247911293.jpeg\",\"datePublished\":\"2021-08-09T09:08:00+00:00\",\"description\":\"Um livro de tombo da Par\u00f3quia dos Sagrados Cora\u00e7\u00f5es, datado de 1941 \u00e0 1959, traz detalhes sobre os momentos finais de Padre Eust\u00e1quio aqui na terra.\",\"breadcrumb\":{\"@id\":\"https:\/\/www.padreeustaquio.com.br\/livro-de-tombo-traz-detalhes-da-morte-de-padre-eustaquio\/#breadcrumb\"},\"inLanguage\":\"en-US\",\"potentialAction\":[{\"@type\":\"ReadAction\",\"target\":[\"https:\/\/www.padreeustaquio.com.br\/livro-de-tombo-traz-detalhes-da-morte-de-padre-eustaquio\/\"]}]},{\"@type\":\"ImageObject\",\"inLanguage\":\"en-US\",\"@id\":\"https:\/\/www.padreeustaquio.com.br\/livro-de-tombo-traz-detalhes-da-morte-de-padre-eustaquio\/#primaryimage\",\"url\":\"https:\/\/www.padreeustaquio.com.br\/wp-content\/uploads\/2021\/07\/livro-de-tombo-paroquia-sagrados-coracoes-bh-igreja-do-padre-eustaquio-1941-a-1959-e1627247911293.jpeg\",\"contentUrl\":\"https:\/\/www.padreeustaquio.com.br\/wp-content\/uploads\/2021\/07\/livro-de-tombo-paroquia-sagrados-coracoes-bh-igreja-do-padre-eustaquio-1941-a-1959-e1627247911293.jpeg\",\"width\":1032,\"height\":459},{\"@type\":\"BreadcrumbList\",\"@id\":\"https:\/\/www.padreeustaquio.com.br\/livro-de-tombo-traz-detalhes-da-morte-de-padre-eustaquio\/#breadcrumb\",\"itemListElement\":[{\"@type\":\"ListItem\",\"position\":1,\"name\":\"In\u00edcio\",\"item\":\"https:\/\/www.padreeustaquio.com.br\/\"},{\"@type\":\"ListItem\",\"position\":2,\"name\":\"Livro de Tombo traz detalhes da morte de Padre Eust\u00e1quio\"}]},{\"@type\":\"WebSite\",\"@id\":\"https:\/\/www.padreeustaquio.com.br\/#website\",\"url\":\"https:\/\/www.padreeustaquio.com.br\/\",\"name\":\"Padre Eust\u00e1quio\",\"description\":\"Sa\u00fade e Paz\",\"publisher\":{\"@id\":\"https:\/\/www.padreeustaquio.com.br\/#organization\"},\"potentialAction\":[{\"@type\":\"SearchAction\",\"target\":{\"@type\":\"EntryPoint\",\"urlTemplate\":\"https:\/\/www.padreeustaquio.com.br\/?s={search_term_string}\"},\"query-input\":{\"@type\":\"PropertyValueSpecification\",\"valueRequired\":true,\"valueName\":\"search_term_string\"}}],\"inLanguage\":\"en-US\"},{\"@type\":\"Organization\",\"@id\":\"https:\/\/www.padreeustaquio.com.br\/#organization\",\"name\":\"Padre Eust\u00e1quio\",\"url\":\"https:\/\/www.padreeustaquio.com.br\/\",\"logo\":{\"@type\":\"ImageObject\",\"inLanguage\":\"en-US\",\"@id\":\"https:\/\/www.padreeustaquio.com.br\/#\/schema\/logo\/image\/\",\"url\":\"https:\/\/www.padreeustaquio.com.br\/wp-content\/uploads\/2019\/08\/marca.png\",\"contentUrl\":\"https:\/\/www.padreeustaquio.com.br\/wp-content\/uploads\/2019\/08\/marca.png\",\"width\":350,\"height\":400,\"caption\":\"Padre Eust\u00e1quio\"},\"image\":{\"@id\":\"https:\/\/www.padreeustaquio.com.br\/#\/schema\/logo\/image\/\"},\"sameAs\":[\"https:\/\/www.facebook.com\/beatopadreeustaquio\/\",\"https:\/\/x.com\/beatopeustaquio\",\"https:\/\/www.instagram.com\/beatopadreeustaquio\/\",\"https:\/\/www.youtube.com\/channel\/UCRhw7vfabnajwLxb1ZXMeIw\"]},{\"@type\":\"Person\",\"@id\":\"https:\/\/www.padreeustaquio.com.br\/#\/schema\/person\/a2a51db1d00f1a7af0204a0f1ddb1566\",\"name\":\"@sscc\",\"image\":{\"@type\":\"ImageObject\",\"inLanguage\":\"en-US\",\"@id\":\"https:\/\/secure.gravatar.com\/avatar\/68cfafa5f44617fea54071e215026e0ff06be366c3d54a8425f04fdcb86f8c5f?s=96&d=mm&r=g\",\"url\":\"https:\/\/secure.gravatar.com\/avatar\/68cfafa5f44617fea54071e215026e0ff06be366c3d54a8425f04fdcb86f8c5f?s=96&d=mm&r=g\",\"contentUrl\":\"https:\/\/secure.gravatar.com\/avatar\/68cfafa5f44617fea54071e215026e0ff06be366c3d54a8425f04fdcb86f8c5f?s=96&d=mm&r=g\",\"caption\":\"@sscc\"},\"url\":\"https:\/\/www.padreeustaquio.com.br\/en\/author\/sscc\/\"}]}<\/script>\n<!-- \/ Yoast SEO plugin. -->","yoast_head_json":{"title":"The Book of Records provides details of Father Eust\u00e1quio&#039;s death.","description":"A parish register from the Sacred Hearts Parish, dated from 1941 to 1959, provides details about Father Eust\u00e1quio&#039;s final moments on earth.","robots":{"index":"index","follow":"follow","max-snippet":"max-snippet:-1","max-image-preview":"max-image-preview:large","max-video-preview":"max-video-preview:-1"},"canonical":"https:\/\/www.padreeustaquio.com.br\/en\/the-death-register-contains-details-of-father-eustaquios-death\/","og_locale":"en_US","og_type":"article","og_title":"Livro de Tombo traz detalhes da morte de Padre Eust\u00e1quio","og_description":"Um livro de tombo da Par\u00f3quia dos Sagrados Cora\u00e7\u00f5es, datado de 1941 \u00e0 1959, traz detalhes sobre os momentos finais de Padre Eust\u00e1quio aqui na terra.","og_url":"https:\/\/www.padreeustaquio.com.br\/en\/the-death-register-contains-details-of-father-eustaquios-death\/","og_site_name":"Padre Eust\u00e1quio","article_publisher":"https:\/\/www.facebook.com\/beatopadreeustaquio\/","article_published_time":"2021-08-09T09:08:00+00:00","og_image":[{"width":1032,"height":459,"url":"https:\/\/www.padreeustaquio.com.br\/wp-content\/uploads\/2021\/07\/livro-de-tombo-paroquia-sagrados-coracoes-bh-igreja-do-padre-eustaquio-1941-a-1959-e1627247911293.jpeg","type":"image\/jpeg"}],"author":"@sscc","twitter_card":"summary_large_image","twitter_creator":"@beatopeustaquio","twitter_site":"@beatopeustaquio","twitter_misc":{"Written by":"@sscc","Est. reading time":"2 minutes"},"schema":{"@context":"https:\/\/schema.org","@graph":[{"@type":"Article","@id":"https:\/\/www.padreeustaquio.com.br\/livro-de-tombo-traz-detalhes-da-morte-de-padre-eustaquio\/#article","isPartOf":{"@id":"https:\/\/www.padreeustaquio.com.br\/livro-de-tombo-traz-detalhes-da-morte-de-padre-eustaquio\/"},"author":{"name":"@sscc","@id":"https:\/\/www.padreeustaquio.com.br\/#\/schema\/person\/a2a51db1d00f1a7af0204a0f1ddb1566"},"headline":"Livro de Tombo traz detalhes da morte de Padre Eust\u00e1quio","datePublished":"2021-08-09T09:08:00+00:00","mainEntityOfPage":{"@id":"https:\/\/www.padreeustaquio.com.br\/livro-de-tombo-traz-detalhes-da-morte-de-padre-eustaquio\/"},"wordCount":253,"commentCount":0,"publisher":{"@id":"https:\/\/www.padreeustaquio.com.br\/#organization"},"image":{"@id":"https:\/\/www.padreeustaquio.com.br\/livro-de-tombo-traz-detalhes-da-morte-de-padre-eustaquio\/#primaryimage"},"thumbnailUrl":"https:\/\/www.padreeustaquio.com.br\/wp-content\/uploads\/2021\/07\/livro-de-tombo-paroquia-sagrados-coracoes-bh-igreja-do-padre-eustaquio-1941-a-1959-e1627247911293.jpeg","articleSection":["Not\u00edcias"],"inLanguage":"en-US","potentialAction":[{"@type":"CommentAction","name":"Comment","target":["https:\/\/www.padreeustaquio.com.br\/livro-de-tombo-traz-detalhes-da-morte-de-padre-eustaquio\/#respond"]}]},{"@type":"WebPage","@id":"https:\/\/www.padreeustaquio.com.br\/livro-de-tombo-traz-detalhes-da-morte-de-padre-eustaquio\/","url":"https:\/\/www.padreeustaquio.com.br\/livro-de-tombo-traz-detalhes-da-morte-de-padre-eustaquio\/","name":"The Book of Records provides details of Father Eust\u00e1quio&#039;s death.","isPartOf":{"@id":"https:\/\/www.padreeustaquio.com.br\/#website"},"primaryImageOfPage":{"@id":"https:\/\/www.padreeustaquio.com.br\/livro-de-tombo-traz-detalhes-da-morte-de-padre-eustaquio\/#primaryimage"},"image":{"@id":"https:\/\/www.padreeustaquio.com.br\/livro-de-tombo-traz-detalhes-da-morte-de-padre-eustaquio\/#primaryimage"},"thumbnailUrl":"https:\/\/www.padreeustaquio.com.br\/wp-content\/uploads\/2021\/07\/livro-de-tombo-paroquia-sagrados-coracoes-bh-igreja-do-padre-eustaquio-1941-a-1959-e1627247911293.jpeg","datePublished":"2021-08-09T09:08:00+00:00","description":"A parish register from the Sacred Hearts Parish, dated from 1941 to 1959, provides details about Father Eust\u00e1quio&#039;s final moments on earth.","breadcrumb":{"@id":"https:\/\/www.padreeustaquio.com.br\/livro-de-tombo-traz-detalhes-da-morte-de-padre-eustaquio\/#breadcrumb"},"inLanguage":"en-US","potentialAction":[{"@type":"ReadAction","target":["https:\/\/www.padreeustaquio.com.br\/livro-de-tombo-traz-detalhes-da-morte-de-padre-eustaquio\/"]}]},{"@type":"ImageObject","inLanguage":"en-US","@id":"https:\/\/www.padreeustaquio.com.br\/livro-de-tombo-traz-detalhes-da-morte-de-padre-eustaquio\/#primaryimage","url":"https:\/\/www.padreeustaquio.com.br\/wp-content\/uploads\/2021\/07\/livro-de-tombo-paroquia-sagrados-coracoes-bh-igreja-do-padre-eustaquio-1941-a-1959-e1627247911293.jpeg","contentUrl":"https:\/\/www.padreeustaquio.com.br\/wp-content\/uploads\/2021\/07\/livro-de-tombo-paroquia-sagrados-coracoes-bh-igreja-do-padre-eustaquio-1941-a-1959-e1627247911293.jpeg","width":1032,"height":459},{"@type":"BreadcrumbList","@id":"https:\/\/www.padreeustaquio.com.br\/livro-de-tombo-traz-detalhes-da-morte-de-padre-eustaquio\/#breadcrumb","itemListElement":[{"@type":"ListItem","position":1,"name":"In\u00edcio","item":"https:\/\/www.padreeustaquio.com.br\/"},{"@type":"ListItem","position":2,"name":"Livro de Tombo traz detalhes da morte de Padre Eust\u00e1quio"}]},{"@type":"WebSite","@id":"https:\/\/www.padreeustaquio.com.br\/#website","url":"https:\/\/www.padreeustaquio.com.br\/","name":"FATHER EUST\u00c1QUIO","description":"Health and Peace","publisher":{"@id":"https:\/\/www.padreeustaquio.com.br\/#organization"},"potentialAction":[{"@type":"SearchAction","target":{"@type":"EntryPoint","urlTemplate":"https:\/\/www.padreeustaquio.com.br\/?s={search_term_string}"},"query-input":{"@type":"PropertyValueSpecification","valueRequired":true,"valueName":"search_term_string"}}],"inLanguage":"en-US"},{"@type":"Organization","@id":"https:\/\/www.padreeustaquio.com.br\/#organization","name":"FATHER EUST\u00c1QUIO","url":"https:\/\/www.padreeustaquio.com.br\/","logo":{"@type":"ImageObject","inLanguage":"en-US","@id":"https:\/\/www.padreeustaquio.com.br\/#\/schema\/logo\/image\/","url":"https:\/\/www.padreeustaquio.com.br\/wp-content\/uploads\/2019\/08\/marca.png","contentUrl":"https:\/\/www.padreeustaquio.com.br\/wp-content\/uploads\/2019\/08\/marca.png","width":350,"height":400,"caption":"Padre Eust\u00e1quio"},"image":{"@id":"https:\/\/www.padreeustaquio.com.br\/#\/schema\/logo\/image\/"},"sameAs":["https:\/\/www.facebook.com\/beatopadreeustaquio\/","https:\/\/x.com\/beatopeustaquio","https:\/\/www.instagram.com\/beatopadreeustaquio\/","https:\/\/www.youtube.com\/channel\/UCRhw7vfabnajwLxb1ZXMeIw"]},{"@type":"Person","@id":"https:\/\/www.padreeustaquio.com.br\/#\/schema\/person\/a2a51db1d00f1a7af0204a0f1ddb1566","name":"@sscc","image":{"@type":"ImageObject","inLanguage":"en-US","@id":"https:\/\/secure.gravatar.com\/avatar\/68cfafa5f44617fea54071e215026e0ff06be366c3d54a8425f04fdcb86f8c5f?s=96&d=mm&r=g","url":"https:\/\/secure.gravatar.com\/avatar\/68cfafa5f44617fea54071e215026e0ff06be366c3d54a8425f04fdcb86f8c5f?s=96&d=mm&r=g","contentUrl":"https:\/\/secure.gravatar.com\/avatar\/68cfafa5f44617fea54071e215026e0ff06be366c3d54a8425f04fdcb86f8c5f?s=96&d=mm&r=g","caption":"@sscc"},"url":"https:\/\/www.padreeustaquio.com.br\/en\/author\/sscc\/"}]}},"_links":{"self":[{"href":"https:\/\/www.padreeustaquio.com.br\/en\/wp-json\/wp\/v2\/posts\/6528","targetHints":{"allow":["GET"]}}],"collection":[{"href":"https:\/\/www.padreeustaquio.com.br\/en\/wp-json\/wp\/v2\/posts"}],"about":[{"href":"https:\/\/www.padreeustaquio.com.br\/en\/wp-json\/wp\/v2\/types\/post"}],"author":[{"embeddable":true,"href":"https:\/\/www.padreeustaquio.com.br\/en\/wp-json\/wp\/v2\/users\/2"}],"replies":[{"embeddable":true,"href":"https:\/\/www.padreeustaquio.com.br\/en\/wp-json\/wp\/v2\/comments?post=6528"}],"version-history":[{"count":0,"href":"https:\/\/www.padreeustaquio.com.br\/en\/wp-json\/wp\/v2\/posts\/6528\/revisions"}],"wp:featuredmedia":[{"embeddable":true,"href":"https:\/\/www.padreeustaquio.com.br\/en\/wp-json\/wp\/v2\/media\/6529"}],"wp:attachment":[{"href":"https:\/\/www.padreeustaquio.com.br\/en\/wp-json\/wp\/v2\/media?parent=6528"}],"wp:term":[{"taxonomy":"category","embeddable":true,"href":"https:\/\/www.padreeustaquio.com.br\/en\/wp-json\/wp\/v2\/categories?post=6528"},{"taxonomy":"post_tag","embeddable":true,"href":"https:\/\/www.padreeustaquio.com.br\/en\/wp-json\/wp\/v2\/tags?post=6528"}],"curies":[{"name":"wp","href":"https:\/\/api.w.org\/{rel}","templated":true}]}}