{"id":6496,"date":"2021-07-30T05:10:00","date_gmt":"2021-07-30T08:10:00","guid":{"rendered":"https:\/\/www.padreeustaquio.com.br\/?p=6496"},"modified":"2021-07-25T17:24:20","modified_gmt":"2021-07-25T20:24:20","slug":"august-live-a-month-with-father-eustace","status":"publish","type":"post","link":"https:\/\/www.padreeustaquio.com.br\/en\/august-live-a-month-with-father-eustace\/","title":{"rendered":"AUGUST \u2013 Experience a month with Father Eust\u00e1quio"},"content":{"rendered":"<p>August is approaching, and we, the faithful of Father Eust\u00e1quio, need to spend a month in prayer with the Blessed, especially focusing on the canonization of the Dutch priest.<\/p>\n\n\n\n<p>To better experience this moment of prayer and reflection, the first Devotional to Blessed Father Eustace was published in 2017. The publication brought together prayers composed by the Blessed Father and others that arose from devotion to the missionary of Health and Peace.<\/p>\n\n\n\n<p>The book offers a deeper understanding of Father Eust\u00e1quio&#039;s life, including his journey in the Netherlands and Brazil. Furthermore, to help you navigate this month dedicated to the Blessed Eust\u00e1quio with greater spirituality, the booklet includes 30 days of reflections based on Father Eust\u00e1quio&#039;s writings.<\/p>\n\n\n\n<p>If you don&#039;t already have the Devotional, get yours now at Padre Eust\u00e1quio&#039;s Store, in the Health and Peace Sanctuary. The store&#039;s phone number is (31) 3567-0314.<\/p>","protected":false},"excerpt":{"rendered":"<p>Agosto est\u00e1 chegando e n\u00f3s, fi\u00e9is de Padre Eust\u00e1quio, precisamos viver um m\u00eas de ora\u00e7\u00e3o com o Beato, principalmente, colocando em inten\u00e7\u00e3o a canoniza\u00e7\u00e3o do padre holand\u00eas. Para viver bem este momento de ora\u00e7\u00e3o e reflex\u00e3o, foi publicado em 2017 o primeiro Devocion\u00e1rio ao Beato Padre Eust\u00e1quio. Na publica\u00e7\u00e3o foram reunidas ora\u00e7\u00f5es compostas pelo Bem-aventurado e outras que surgiram da devo\u00e7\u00e3o ao mission\u00e1rio da Sa\u00fade e Paz. No livro \u00e9 poss\u00edvel conhecer um pouco mais da vida de Padre Eust\u00e1quio, bem como a trajet\u00f3ria vivida pelo padre na Holanda e no Brasil. Al\u00e9m disso, para passar, com mais espiritualidade, por [&hellip;]<\/p>\n","protected":false},"author":2,"featured_media":6497,"comment_status":"open","ping_status":"closed","sticky":false,"template":"","format":"standard","meta":{"_acf_changed":false,"footnotes":""},"categories":[611],"tags":[],"class_list":["post-6496","post","type-post","status-publish","format-standard","has-post-thumbnail","hentry","category-noticias"],"acf":[],"yoast_head":"<!-- This site is optimized with the Yoast SEO plugin v27.2 - https:\/\/yoast.com\/product\/yoast-seo-wordpress\/ -->\n<title>AGOSTO - Viva um m\u00eas com Padre Eust\u00e1quio<\/title>\n<meta name=\"description\" content=\"Agosto est\u00e1 chegando e n\u00f3s, fi\u00e9is de Padre Eust\u00e1quio, precisamos viver um m\u00eas de ora\u00e7\u00e3o com o Beato, principalmente, colocando em inten\u00e7\u00e3o a canoniza\u00e7\u00e3o do padre holand\u00eas.\" \/>\n<meta name=\"robots\" content=\"index, follow, max-snippet:-1, max-image-preview:large, max-video-preview:-1\" \/>\n<link rel=\"canonical\" href=\"https:\/\/www.padreeustaquio.com.br\/en\/august-live-a-month-with-father-eustace\/\" \/>\n<meta property=\"og:locale\" content=\"en_US\" \/>\n<meta property=\"og:type\" content=\"article\" \/>\n<meta property=\"og:title\" content=\"AGOSTO - Viva um m\u00eas com Padre Eust\u00e1quio\" \/>\n<meta property=\"og:description\" content=\"Agosto est\u00e1 chegando e n\u00f3s, fi\u00e9is de Padre Eust\u00e1quio, precisamos viver um m\u00eas de ora\u00e7\u00e3o com o Beato, principalmente, colocando em inten\u00e7\u00e3o a canoniza\u00e7\u00e3o do padre holand\u00eas.\" \/>\n<meta property=\"og:url\" content=\"https:\/\/www.padreeustaquio.com.br\/en\/august-live-a-month-with-father-eustace\/\" \/>\n<meta property=\"og:site_name\" content=\"Padre Eust\u00e1quio\" \/>\n<meta property=\"article:publisher\" content=\"https:\/\/www.facebook.com\/beatopadreeustaquio\/\" \/>\n<meta property=\"article:published_time\" content=\"2021-07-30T08:10:00+00:00\" \/>\n<meta property=\"og:image\" content=\"https:\/\/www.padreeustaquio.com.br\/wp-content\/uploads\/2021\/07\/Devocionario-padre-eustaquio.png\" \/>\n\t<meta property=\"og:image:width\" content=\"1007\" \/>\n\t<meta property=\"og:image:height\" content=\"525\" \/>\n\t<meta property=\"og:image:type\" content=\"image\/png\" \/>\n<meta name=\"author\" content=\"@sscc\" \/>\n<meta name=\"twitter:card\" content=\"summary_large_image\" \/>\n<meta name=\"twitter:creator\" content=\"@beatopeustaquio\" \/>\n<meta name=\"twitter:site\" content=\"@beatopeustaquio\" \/>\n<meta name=\"twitter:label1\" content=\"Written by\" \/>\n\t<meta name=\"twitter:data1\" content=\"@sscc\" \/>\n\t<meta name=\"twitter:label2\" content=\"Est. reading time\" \/>\n\t<meta name=\"twitter:data2\" content=\"1 minute\" \/>\n<script type=\"application\/ld+json\" class=\"yoast-schema-graph\">{\"@context\":\"https:\/\/schema.org\",\"@graph\":[{\"@type\":\"Article\",\"@id\":\"https:\/\/www.padreeustaquio.com.br\/agosto-viva-um-mes-com-padre-eustaquio\/#article\",\"isPartOf\":{\"@id\":\"https:\/\/www.padreeustaquio.com.br\/agosto-viva-um-mes-com-padre-eustaquio\/\"},\"author\":{\"name\":\"@sscc\",\"@id\":\"https:\/\/www.padreeustaquio.com.br\/#\/schema\/person\/a2a51db1d00f1a7af0204a0f1ddb1566\"},\"headline\":\"AGOSTO &#8211; Viva um m\u00eas com Padre Eust\u00e1quio\",\"datePublished\":\"2021-07-30T08:10:00+00:00\",\"mainEntityOfPage\":{\"@id\":\"https:\/\/www.padreeustaquio.com.br\/agosto-viva-um-mes-com-padre-eustaquio\/\"},\"wordCount\":184,\"commentCount\":0,\"publisher\":{\"@id\":\"https:\/\/www.padreeustaquio.com.br\/#organization\"},\"image\":{\"@id\":\"https:\/\/www.padreeustaquio.com.br\/agosto-viva-um-mes-com-padre-eustaquio\/#primaryimage\"},\"thumbnailUrl\":\"https:\/\/www.padreeustaquio.com.br\/wp-content\/uploads\/2021\/07\/Devocionario-padre-eustaquio.png\",\"articleSection\":[\"Not\u00edcias\"],\"inLanguage\":\"en-US\",\"potentialAction\":[{\"@type\":\"CommentAction\",\"name\":\"Comment\",\"target\":[\"https:\/\/www.padreeustaquio.com.br\/agosto-viva-um-mes-com-padre-eustaquio\/#respond\"]}]},{\"@type\":\"WebPage\",\"@id\":\"https:\/\/www.padreeustaquio.com.br\/agosto-viva-um-mes-com-padre-eustaquio\/\",\"url\":\"https:\/\/www.padreeustaquio.com.br\/agosto-viva-um-mes-com-padre-eustaquio\/\",\"name\":\"AGOSTO - Viva um m\u00eas com Padre Eust\u00e1quio\",\"isPartOf\":{\"@id\":\"https:\/\/www.padreeustaquio.com.br\/#website\"},\"primaryImageOfPage\":{\"@id\":\"https:\/\/www.padreeustaquio.com.br\/agosto-viva-um-mes-com-padre-eustaquio\/#primaryimage\"},\"image\":{\"@id\":\"https:\/\/www.padreeustaquio.com.br\/agosto-viva-um-mes-com-padre-eustaquio\/#primaryimage\"},\"thumbnailUrl\":\"https:\/\/www.padreeustaquio.com.br\/wp-content\/uploads\/2021\/07\/Devocionario-padre-eustaquio.png\",\"datePublished\":\"2021-07-30T08:10:00+00:00\",\"description\":\"Agosto est\u00e1 chegando e n\u00f3s, fi\u00e9is de Padre Eust\u00e1quio, precisamos viver um m\u00eas de ora\u00e7\u00e3o com o Beato, principalmente, colocando em inten\u00e7\u00e3o a canoniza\u00e7\u00e3o do padre holand\u00eas.\",\"breadcrumb\":{\"@id\":\"https:\/\/www.padreeustaquio.com.br\/agosto-viva-um-mes-com-padre-eustaquio\/#breadcrumb\"},\"inLanguage\":\"en-US\",\"potentialAction\":[{\"@type\":\"ReadAction\",\"target\":[\"https:\/\/www.padreeustaquio.com.br\/agosto-viva-um-mes-com-padre-eustaquio\/\"]}]},{\"@type\":\"ImageObject\",\"inLanguage\":\"en-US\",\"@id\":\"https:\/\/www.padreeustaquio.com.br\/agosto-viva-um-mes-com-padre-eustaquio\/#primaryimage\",\"url\":\"https:\/\/www.padreeustaquio.com.br\/wp-content\/uploads\/2021\/07\/Devocionario-padre-eustaquio.png\",\"contentUrl\":\"https:\/\/www.padreeustaquio.com.br\/wp-content\/uploads\/2021\/07\/Devocionario-padre-eustaquio.png\",\"width\":1007,\"height\":525},{\"@type\":\"BreadcrumbList\",\"@id\":\"https:\/\/www.padreeustaquio.com.br\/agosto-viva-um-mes-com-padre-eustaquio\/#breadcrumb\",\"itemListElement\":[{\"@type\":\"ListItem\",\"position\":1,\"name\":\"In\u00edcio\",\"item\":\"https:\/\/www.padreeustaquio.com.br\/\"},{\"@type\":\"ListItem\",\"position\":2,\"name\":\"AGOSTO &#8211; Viva um m\u00eas com Padre Eust\u00e1quio\"}]},{\"@type\":\"WebSite\",\"@id\":\"https:\/\/www.padreeustaquio.com.br\/#website\",\"url\":\"https:\/\/www.padreeustaquio.com.br\/\",\"name\":\"Padre Eust\u00e1quio\",\"description\":\"Sa\u00fade e Paz\",\"publisher\":{\"@id\":\"https:\/\/www.padreeustaquio.com.br\/#organization\"},\"potentialAction\":[{\"@type\":\"SearchAction\",\"target\":{\"@type\":\"EntryPoint\",\"urlTemplate\":\"https:\/\/www.padreeustaquio.com.br\/?s={search_term_string}\"},\"query-input\":{\"@type\":\"PropertyValueSpecification\",\"valueRequired\":true,\"valueName\":\"search_term_string\"}}],\"inLanguage\":\"en-US\"},{\"@type\":\"Organization\",\"@id\":\"https:\/\/www.padreeustaquio.com.br\/#organization\",\"name\":\"Padre Eust\u00e1quio\",\"url\":\"https:\/\/www.padreeustaquio.com.br\/\",\"logo\":{\"@type\":\"ImageObject\",\"inLanguage\":\"en-US\",\"@id\":\"https:\/\/www.padreeustaquio.com.br\/#\/schema\/logo\/image\/\",\"url\":\"https:\/\/www.padreeustaquio.com.br\/wp-content\/uploads\/2019\/08\/marca.png\",\"contentUrl\":\"https:\/\/www.padreeustaquio.com.br\/wp-content\/uploads\/2019\/08\/marca.png\",\"width\":350,\"height\":400,\"caption\":\"Padre Eust\u00e1quio\"},\"image\":{\"@id\":\"https:\/\/www.padreeustaquio.com.br\/#\/schema\/logo\/image\/\"},\"sameAs\":[\"https:\/\/www.facebook.com\/beatopadreeustaquio\/\",\"https:\/\/x.com\/beatopeustaquio\",\"https:\/\/www.instagram.com\/beatopadreeustaquio\/\",\"https:\/\/www.youtube.com\/channel\/UCRhw7vfabnajwLxb1ZXMeIw\"]},{\"@type\":\"Person\",\"@id\":\"https:\/\/www.padreeustaquio.com.br\/#\/schema\/person\/a2a51db1d00f1a7af0204a0f1ddb1566\",\"name\":\"@sscc\",\"image\":{\"@type\":\"ImageObject\",\"inLanguage\":\"en-US\",\"@id\":\"https:\/\/secure.gravatar.com\/avatar\/68cfafa5f44617fea54071e215026e0ff06be366c3d54a8425f04fdcb86f8c5f?s=96&d=mm&r=g\",\"url\":\"https:\/\/secure.gravatar.com\/avatar\/68cfafa5f44617fea54071e215026e0ff06be366c3d54a8425f04fdcb86f8c5f?s=96&d=mm&r=g\",\"contentUrl\":\"https:\/\/secure.gravatar.com\/avatar\/68cfafa5f44617fea54071e215026e0ff06be366c3d54a8425f04fdcb86f8c5f?s=96&d=mm&r=g\",\"caption\":\"@sscc\"},\"url\":\"https:\/\/www.padreeustaquio.com.br\/en\/author\/sscc\/\"}]}<\/script>\n<!-- \/ Yoast SEO plugin. -->","yoast_head_json":{"title":"AUGUST - Experience a month with Father Eust\u00e1quio","description":"August is approaching, and we, the faithful of Father Eust\u00e1quio, need to spend a month in prayer with the Blessed, especially focusing on the canonization of the Dutch priest.","robots":{"index":"index","follow":"follow","max-snippet":"max-snippet:-1","max-image-preview":"max-image-preview:large","max-video-preview":"max-video-preview:-1"},"canonical":"https:\/\/www.padreeustaquio.com.br\/en\/august-live-a-month-with-father-eustace\/","og_locale":"en_US","og_type":"article","og_title":"AGOSTO - Viva um m\u00eas com Padre Eust\u00e1quio","og_description":"Agosto est\u00e1 chegando e n\u00f3s, fi\u00e9is de Padre Eust\u00e1quio, precisamos viver um m\u00eas de ora\u00e7\u00e3o com o Beato, principalmente, colocando em inten\u00e7\u00e3o a canoniza\u00e7\u00e3o do padre holand\u00eas.","og_url":"https:\/\/www.padreeustaquio.com.br\/en\/august-live-a-month-with-father-eustace\/","og_site_name":"Padre Eust\u00e1quio","article_publisher":"https:\/\/www.facebook.com\/beatopadreeustaquio\/","article_published_time":"2021-07-30T08:10:00+00:00","og_image":[{"width":1007,"height":525,"url":"https:\/\/www.padreeustaquio.com.br\/wp-content\/uploads\/2021\/07\/Devocionario-padre-eustaquio.png","type":"image\/png"}],"author":"@sscc","twitter_card":"summary_large_image","twitter_creator":"@beatopeustaquio","twitter_site":"@beatopeustaquio","twitter_misc":{"Written by":"@sscc","Est. reading time":"1 minute"},"schema":{"@context":"https:\/\/schema.org","@graph":[{"@type":"Article","@id":"https:\/\/www.padreeustaquio.com.br\/agosto-viva-um-mes-com-padre-eustaquio\/#article","isPartOf":{"@id":"https:\/\/www.padreeustaquio.com.br\/agosto-viva-um-mes-com-padre-eustaquio\/"},"author":{"name":"@sscc","@id":"https:\/\/www.padreeustaquio.com.br\/#\/schema\/person\/a2a51db1d00f1a7af0204a0f1ddb1566"},"headline":"AGOSTO &#8211; Viva um m\u00eas com Padre Eust\u00e1quio","datePublished":"2021-07-30T08:10:00+00:00","mainEntityOfPage":{"@id":"https:\/\/www.padreeustaquio.com.br\/agosto-viva-um-mes-com-padre-eustaquio\/"},"wordCount":184,"commentCount":0,"publisher":{"@id":"https:\/\/www.padreeustaquio.com.br\/#organization"},"image":{"@id":"https:\/\/www.padreeustaquio.com.br\/agosto-viva-um-mes-com-padre-eustaquio\/#primaryimage"},"thumbnailUrl":"https:\/\/www.padreeustaquio.com.br\/wp-content\/uploads\/2021\/07\/Devocionario-padre-eustaquio.png","articleSection":["Not\u00edcias"],"inLanguage":"en-US","potentialAction":[{"@type":"CommentAction","name":"Comment","target":["https:\/\/www.padreeustaquio.com.br\/agosto-viva-um-mes-com-padre-eustaquio\/#respond"]}]},{"@type":"WebPage","@id":"https:\/\/www.padreeustaquio.com.br\/agosto-viva-um-mes-com-padre-eustaquio\/","url":"https:\/\/www.padreeustaquio.com.br\/agosto-viva-um-mes-com-padre-eustaquio\/","name":"AUGUST - Experience a month with Father Eust\u00e1quio","isPartOf":{"@id":"https:\/\/www.padreeustaquio.com.br\/#website"},"primaryImageOfPage":{"@id":"https:\/\/www.padreeustaquio.com.br\/agosto-viva-um-mes-com-padre-eustaquio\/#primaryimage"},"image":{"@id":"https:\/\/www.padreeustaquio.com.br\/agosto-viva-um-mes-com-padre-eustaquio\/#primaryimage"},"thumbnailUrl":"https:\/\/www.padreeustaquio.com.br\/wp-content\/uploads\/2021\/07\/Devocionario-padre-eustaquio.png","datePublished":"2021-07-30T08:10:00+00:00","description":"August is approaching, and we, the faithful of Father Eust\u00e1quio, need to spend a month in prayer with the Blessed, especially focusing on the canonization of the Dutch priest.","breadcrumb":{"@id":"https:\/\/www.padreeustaquio.com.br\/agosto-viva-um-mes-com-padre-eustaquio\/#breadcrumb"},"inLanguage":"en-US","potentialAction":[{"@type":"ReadAction","target":["https:\/\/www.padreeustaquio.com.br\/agosto-viva-um-mes-com-padre-eustaquio\/"]}]},{"@type":"ImageObject","inLanguage":"en-US","@id":"https:\/\/www.padreeustaquio.com.br\/agosto-viva-um-mes-com-padre-eustaquio\/#primaryimage","url":"https:\/\/www.padreeustaquio.com.br\/wp-content\/uploads\/2021\/07\/Devocionario-padre-eustaquio.png","contentUrl":"https:\/\/www.padreeustaquio.com.br\/wp-content\/uploads\/2021\/07\/Devocionario-padre-eustaquio.png","width":1007,"height":525},{"@type":"BreadcrumbList","@id":"https:\/\/www.padreeustaquio.com.br\/agosto-viva-um-mes-com-padre-eustaquio\/#breadcrumb","itemListElement":[{"@type":"ListItem","position":1,"name":"In\u00edcio","item":"https:\/\/www.padreeustaquio.com.br\/"},{"@type":"ListItem","position":2,"name":"AGOSTO &#8211; Viva um m\u00eas com Padre Eust\u00e1quio"}]},{"@type":"WebSite","@id":"https:\/\/www.padreeustaquio.com.br\/#website","url":"https:\/\/www.padreeustaquio.com.br\/","name":"FATHER EUST\u00c1QUIO","description":"Health and Peace","publisher":{"@id":"https:\/\/www.padreeustaquio.com.br\/#organization"},"potentialAction":[{"@type":"SearchAction","target":{"@type":"EntryPoint","urlTemplate":"https:\/\/www.padreeustaquio.com.br\/?s={search_term_string}"},"query-input":{"@type":"PropertyValueSpecification","valueRequired":true,"valueName":"search_term_string"}}],"inLanguage":"en-US"},{"@type":"Organization","@id":"https:\/\/www.padreeustaquio.com.br\/#organization","name":"FATHER EUST\u00c1QUIO","url":"https:\/\/www.padreeustaquio.com.br\/","logo":{"@type":"ImageObject","inLanguage":"en-US","@id":"https:\/\/www.padreeustaquio.com.br\/#\/schema\/logo\/image\/","url":"https:\/\/www.padreeustaquio.com.br\/wp-content\/uploads\/2019\/08\/marca.png","contentUrl":"https:\/\/www.padreeustaquio.com.br\/wp-content\/uploads\/2019\/08\/marca.png","width":350,"height":400,"caption":"Padre Eust\u00e1quio"},"image":{"@id":"https:\/\/www.padreeustaquio.com.br\/#\/schema\/logo\/image\/"},"sameAs":["https:\/\/www.facebook.com\/beatopadreeustaquio\/","https:\/\/x.com\/beatopeustaquio","https:\/\/www.instagram.com\/beatopadreeustaquio\/","https:\/\/www.youtube.com\/channel\/UCRhw7vfabnajwLxb1ZXMeIw"]},{"@type":"Person","@id":"https:\/\/www.padreeustaquio.com.br\/#\/schema\/person\/a2a51db1d00f1a7af0204a0f1ddb1566","name":"@sscc","image":{"@type":"ImageObject","inLanguage":"en-US","@id":"https:\/\/secure.gravatar.com\/avatar\/68cfafa5f44617fea54071e215026e0ff06be366c3d54a8425f04fdcb86f8c5f?s=96&d=mm&r=g","url":"https:\/\/secure.gravatar.com\/avatar\/68cfafa5f44617fea54071e215026e0ff06be366c3d54a8425f04fdcb86f8c5f?s=96&d=mm&r=g","contentUrl":"https:\/\/secure.gravatar.com\/avatar\/68cfafa5f44617fea54071e215026e0ff06be366c3d54a8425f04fdcb86f8c5f?s=96&d=mm&r=g","caption":"@sscc"},"url":"https:\/\/www.padreeustaquio.com.br\/en\/author\/sscc\/"}]}},"_links":{"self":[{"href":"https:\/\/www.padreeustaquio.com.br\/en\/wp-json\/wp\/v2\/posts\/6496","targetHints":{"allow":["GET"]}}],"collection":[{"href":"https:\/\/www.padreeustaquio.com.br\/en\/wp-json\/wp\/v2\/posts"}],"about":[{"href":"https:\/\/www.padreeustaquio.com.br\/en\/wp-json\/wp\/v2\/types\/post"}],"author":[{"embeddable":true,"href":"https:\/\/www.padreeustaquio.com.br\/en\/wp-json\/wp\/v2\/users\/2"}],"replies":[{"embeddable":true,"href":"https:\/\/www.padreeustaquio.com.br\/en\/wp-json\/wp\/v2\/comments?post=6496"}],"version-history":[{"count":0,"href":"https:\/\/www.padreeustaquio.com.br\/en\/wp-json\/wp\/v2\/posts\/6496\/revisions"}],"wp:featuredmedia":[{"embeddable":true,"href":"https:\/\/www.padreeustaquio.com.br\/en\/wp-json\/wp\/v2\/media\/6497"}],"wp:attachment":[{"href":"https:\/\/www.padreeustaquio.com.br\/en\/wp-json\/wp\/v2\/media?parent=6496"}],"wp:term":[{"taxonomy":"category","embeddable":true,"href":"https:\/\/www.padreeustaquio.com.br\/en\/wp-json\/wp\/v2\/categories?post=6496"},{"taxonomy":"post_tag","embeddable":true,"href":"https:\/\/www.padreeustaquio.com.br\/en\/wp-json\/wp\/v2\/tags?post=6496"}],"curies":[{"name":"wp","href":"https:\/\/api.w.org\/{rel}","templated":true}]}}