{"id":6406,"date":"2021-07-16T06:30:00","date_gmt":"2021-07-16T09:30:00","guid":{"rendered":"https:\/\/www.padreeustaquio.com.br\/?p=6406"},"modified":"2021-07-13T20:37:53","modified_gmt":"2021-07-13T23:37:53","slug":"superior-general-visits-construction-site-of-the-new-beato-eustaquio-school-in-congo","status":"publish","type":"post","link":"https:\/\/www.padreeustaquio.com.br\/en\/superior-general-visits-construction-site-of-the-new-beato-eustaquio-school-in-congo\/","title":{"rendered":"Superior General visits construction site of the new Beato Eust\u00e1quio College in Congo."},"content":{"rendered":"<p><\/p>\n\n\n\n<p>The Superior General of the Congregation of the Sacred Hearts, Alberto Toutun, visited the construction site of the new Blessed Eustace College in Kinshasa, Congo, earlier this month. The visit was part of a meeting of professed brothers in the Mikondo community, held in the African country. The theme of the meeting was &quot;Caring for our brothers&quot;.<\/p>\n\n\n\n<p>In addition to Alberto Toutun, ss.cc, members of both General Governments participated in the visit: Jean Blaise Mwanda (on a canonical visit to his brothers and sisters in Africa) and Goyi Mar\u00edn and Claudia Margarita Orozco (on a fraternal and formative visit to the sisters of the Delegation).<br>After the meeting, there was a celebration of the Eucharist presided over by Alberto Toutin. At the end of the meeting, there was a time for fellowship among those present. In total, nine professed brothers and six professed sisters participated.<\/p>\n\n\n\n<p><em><strong>With information from ssccpicpus.com<\/strong><\/em><\/p>","protected":false},"excerpt":{"rendered":"<p>O Superior Geral da Congrega\u00e7\u00e3o dos Sagrados Cora\u00e7\u00f5es, Alberto Toutun, visitou no inicio do m\u00eas a constru\u00e7\u00e3o do novo Col\u00e9gio Beato Eust\u00e1quio, em Kinshasa, no Congo. A visita faz parte do encontro dos irm\u00e3os professos na comunidade de Mikondo, realizado no pa\u00eds africano. O tema do encontro foi \u201cCuidar dos irm\u00e3os\u201d. Al\u00e9m de Alberto Toutun, ss.cc, participaram da visita membros dos dois Governos Gerais, Jean Blaise Mwanda (em visita can\u00f4nica aos irm\u00e3os e irm\u00e3s da \u00c1frica) e Goyi Mar\u00edn e Claudia Margarita Orozco (em visita fraterna e de forma\u00e7\u00e3o \u00e0s irm\u00e3s da Delega\u00e7\u00e3o).Ap\u00f3s o encontro, houve a celebra\u00e7\u00e3o da Eucaristia [&hellip;]<\/p>\n","protected":false},"author":2,"featured_media":6407,"comment_status":"open","ping_status":"closed","sticky":false,"template":"","format":"standard","meta":{"_acf_changed":false,"footnotes":""},"categories":[611],"tags":[],"class_list":["post-6406","post","type-post","status-publish","format-standard","has-post-thumbnail","hentry","category-noticias"],"acf":[],"yoast_head":"<!-- This site is optimized with the Yoast SEO plugin v27.2 - https:\/\/yoast.com\/product\/yoast-seo-wordpress\/ -->\n<title>Superior Geral visita obras do novo Col\u00e9gio Beato Eust\u00e1quio no Congo<\/title>\n<meta name=\"description\" content=\"Alberto Toutin visitou a constru\u00e7\u00e3o do novo Col\u00e9gio Beato Eust\u00e1quio, em Kinshasa, no Congo. A visita faz parte do encontro dos irm\u00e3os professos do pa\u00eds africano.\" \/>\n<meta name=\"robots\" content=\"index, follow, max-snippet:-1, max-image-preview:large, max-video-preview:-1\" \/>\n<link rel=\"canonical\" href=\"https:\/\/www.padreeustaquio.com.br\/en\/superior-general-visits-construction-site-of-the-new-beato-eustaquio-school-in-congo\/\" \/>\n<meta property=\"og:locale\" content=\"en_US\" \/>\n<meta property=\"og:type\" content=\"article\" \/>\n<meta property=\"og:title\" content=\"Superior Geral visita obras do novo Col\u00e9gio Beato Eust\u00e1quio no Congo\" \/>\n<meta property=\"og:description\" content=\"Alberto Toutin visitou a constru\u00e7\u00e3o do novo Col\u00e9gio Beato Eust\u00e1quio, em Kinshasa, no Congo. A visita faz parte do encontro dos irm\u00e3os professos do pa\u00eds africano.\" \/>\n<meta property=\"og:url\" content=\"https:\/\/www.padreeustaquio.com.br\/en\/superior-general-visits-construction-site-of-the-new-beato-eustaquio-school-in-congo\/\" \/>\n<meta property=\"og:site_name\" content=\"Padre Eust\u00e1quio\" \/>\n<meta property=\"article:publisher\" content=\"https:\/\/www.facebook.com\/beatopadreeustaquio\/\" \/>\n<meta property=\"article:published_time\" content=\"2021-07-16T09:30:00+00:00\" \/>\n<meta property=\"og:image\" content=\"https:\/\/www.padreeustaquio.com.br\/wp-content\/uploads\/2021\/07\/Alberto-Toutin-congregacao-sagrados-coracoes-visita-congo-escola-eustaquio.jpeg\" \/>\n\t<meta property=\"og:image:width\" content=\"1280\" \/>\n\t<meta property=\"og:image:height\" content=\"720\" \/>\n\t<meta property=\"og:image:type\" content=\"image\/jpeg\" \/>\n<meta name=\"author\" content=\"@sscc\" \/>\n<meta name=\"twitter:card\" content=\"summary_large_image\" \/>\n<meta name=\"twitter:creator\" content=\"@beatopeustaquio\" \/>\n<meta name=\"twitter:site\" content=\"@beatopeustaquio\" \/>\n<meta name=\"twitter:label1\" content=\"Written by\" \/>\n\t<meta name=\"twitter:data1\" content=\"@sscc\" \/>\n\t<meta name=\"twitter:label2\" content=\"Est. reading time\" \/>\n\t<meta name=\"twitter:data2\" content=\"1 minute\" \/>\n<script type=\"application\/ld+json\" class=\"yoast-schema-graph\">{\"@context\":\"https:\/\/schema.org\",\"@graph\":[{\"@type\":\"Article\",\"@id\":\"https:\/\/www.padreeustaquio.com.br\/superior-geral-visita-obras-do-novo-colegio-beato-eustaquio-no-congo\/#article\",\"isPartOf\":{\"@id\":\"https:\/\/www.padreeustaquio.com.br\/superior-geral-visita-obras-do-novo-colegio-beato-eustaquio-no-congo\/\"},\"author\":{\"name\":\"@sscc\",\"@id\":\"https:\/\/www.padreeustaquio.com.br\/#\/schema\/person\/a2a51db1d00f1a7af0204a0f1ddb1566\"},\"headline\":\"Superior Geral visita obras do novo Col\u00e9gio Beato Eust\u00e1quio no Congo\",\"datePublished\":\"2021-07-16T09:30:00+00:00\",\"mainEntityOfPage\":{\"@id\":\"https:\/\/www.padreeustaquio.com.br\/superior-geral-visita-obras-do-novo-colegio-beato-eustaquio-no-congo\/\"},\"wordCount\":171,\"commentCount\":0,\"publisher\":{\"@id\":\"https:\/\/www.padreeustaquio.com.br\/#organization\"},\"image\":{\"@id\":\"https:\/\/www.padreeustaquio.com.br\/superior-geral-visita-obras-do-novo-colegio-beato-eustaquio-no-congo\/#primaryimage\"},\"thumbnailUrl\":\"https:\/\/www.padreeustaquio.com.br\/wp-content\/uploads\/2021\/07\/Alberto-Toutin-congregacao-sagrados-coracoes-visita-congo-escola-eustaquio.jpeg\",\"articleSection\":[\"Not\u00edcias\"],\"inLanguage\":\"en-US\",\"potentialAction\":[{\"@type\":\"CommentAction\",\"name\":\"Comment\",\"target\":[\"https:\/\/www.padreeustaquio.com.br\/superior-geral-visita-obras-do-novo-colegio-beato-eustaquio-no-congo\/#respond\"]}]},{\"@type\":\"WebPage\",\"@id\":\"https:\/\/www.padreeustaquio.com.br\/superior-geral-visita-obras-do-novo-colegio-beato-eustaquio-no-congo\/\",\"url\":\"https:\/\/www.padreeustaquio.com.br\/superior-geral-visita-obras-do-novo-colegio-beato-eustaquio-no-congo\/\",\"name\":\"Superior Geral visita obras do novo Col\u00e9gio Beato Eust\u00e1quio no Congo\",\"isPartOf\":{\"@id\":\"https:\/\/www.padreeustaquio.com.br\/#website\"},\"primaryImageOfPage\":{\"@id\":\"https:\/\/www.padreeustaquio.com.br\/superior-geral-visita-obras-do-novo-colegio-beato-eustaquio-no-congo\/#primaryimage\"},\"image\":{\"@id\":\"https:\/\/www.padreeustaquio.com.br\/superior-geral-visita-obras-do-novo-colegio-beato-eustaquio-no-congo\/#primaryimage\"},\"thumbnailUrl\":\"https:\/\/www.padreeustaquio.com.br\/wp-content\/uploads\/2021\/07\/Alberto-Toutin-congregacao-sagrados-coracoes-visita-congo-escola-eustaquio.jpeg\",\"datePublished\":\"2021-07-16T09:30:00+00:00\",\"description\":\"Alberto Toutin visitou a constru\u00e7\u00e3o do novo Col\u00e9gio Beato Eust\u00e1quio, em Kinshasa, no Congo. A visita faz parte do encontro dos irm\u00e3os professos do pa\u00eds africano.\",\"breadcrumb\":{\"@id\":\"https:\/\/www.padreeustaquio.com.br\/superior-geral-visita-obras-do-novo-colegio-beato-eustaquio-no-congo\/#breadcrumb\"},\"inLanguage\":\"en-US\",\"potentialAction\":[{\"@type\":\"ReadAction\",\"target\":[\"https:\/\/www.padreeustaquio.com.br\/superior-geral-visita-obras-do-novo-colegio-beato-eustaquio-no-congo\/\"]}]},{\"@type\":\"ImageObject\",\"inLanguage\":\"en-US\",\"@id\":\"https:\/\/www.padreeustaquio.com.br\/superior-geral-visita-obras-do-novo-colegio-beato-eustaquio-no-congo\/#primaryimage\",\"url\":\"https:\/\/www.padreeustaquio.com.br\/wp-content\/uploads\/2021\/07\/Alberto-Toutin-congregacao-sagrados-coracoes-visita-congo-escola-eustaquio.jpeg\",\"contentUrl\":\"https:\/\/www.padreeustaquio.com.br\/wp-content\/uploads\/2021\/07\/Alberto-Toutin-congregacao-sagrados-coracoes-visita-congo-escola-eustaquio.jpeg\",\"width\":1280,\"height\":720},{\"@type\":\"BreadcrumbList\",\"@id\":\"https:\/\/www.padreeustaquio.com.br\/superior-geral-visita-obras-do-novo-colegio-beato-eustaquio-no-congo\/#breadcrumb\",\"itemListElement\":[{\"@type\":\"ListItem\",\"position\":1,\"name\":\"In\u00edcio\",\"item\":\"https:\/\/www.padreeustaquio.com.br\/\"},{\"@type\":\"ListItem\",\"position\":2,\"name\":\"Superior Geral visita obras do novo Col\u00e9gio Beato Eust\u00e1quio no Congo\"}]},{\"@type\":\"WebSite\",\"@id\":\"https:\/\/www.padreeustaquio.com.br\/#website\",\"url\":\"https:\/\/www.padreeustaquio.com.br\/\",\"name\":\"Padre Eust\u00e1quio\",\"description\":\"Sa\u00fade e Paz\",\"publisher\":{\"@id\":\"https:\/\/www.padreeustaquio.com.br\/#organization\"},\"potentialAction\":[{\"@type\":\"SearchAction\",\"target\":{\"@type\":\"EntryPoint\",\"urlTemplate\":\"https:\/\/www.padreeustaquio.com.br\/?s={search_term_string}\"},\"query-input\":{\"@type\":\"PropertyValueSpecification\",\"valueRequired\":true,\"valueName\":\"search_term_string\"}}],\"inLanguage\":\"en-US\"},{\"@type\":\"Organization\",\"@id\":\"https:\/\/www.padreeustaquio.com.br\/#organization\",\"name\":\"Padre Eust\u00e1quio\",\"url\":\"https:\/\/www.padreeustaquio.com.br\/\",\"logo\":{\"@type\":\"ImageObject\",\"inLanguage\":\"en-US\",\"@id\":\"https:\/\/www.padreeustaquio.com.br\/#\/schema\/logo\/image\/\",\"url\":\"https:\/\/www.padreeustaquio.com.br\/wp-content\/uploads\/2019\/08\/marca.png\",\"contentUrl\":\"https:\/\/www.padreeustaquio.com.br\/wp-content\/uploads\/2019\/08\/marca.png\",\"width\":350,\"height\":400,\"caption\":\"Padre Eust\u00e1quio\"},\"image\":{\"@id\":\"https:\/\/www.padreeustaquio.com.br\/#\/schema\/logo\/image\/\"},\"sameAs\":[\"https:\/\/www.facebook.com\/beatopadreeustaquio\/\",\"https:\/\/x.com\/beatopeustaquio\",\"https:\/\/www.instagram.com\/beatopadreeustaquio\/\",\"https:\/\/www.youtube.com\/channel\/UCRhw7vfabnajwLxb1ZXMeIw\"]},{\"@type\":\"Person\",\"@id\":\"https:\/\/www.padreeustaquio.com.br\/#\/schema\/person\/a2a51db1d00f1a7af0204a0f1ddb1566\",\"name\":\"@sscc\",\"image\":{\"@type\":\"ImageObject\",\"inLanguage\":\"en-US\",\"@id\":\"https:\/\/secure.gravatar.com\/avatar\/68cfafa5f44617fea54071e215026e0ff06be366c3d54a8425f04fdcb86f8c5f?s=96&d=mm&r=g\",\"url\":\"https:\/\/secure.gravatar.com\/avatar\/68cfafa5f44617fea54071e215026e0ff06be366c3d54a8425f04fdcb86f8c5f?s=96&d=mm&r=g\",\"contentUrl\":\"https:\/\/secure.gravatar.com\/avatar\/68cfafa5f44617fea54071e215026e0ff06be366c3d54a8425f04fdcb86f8c5f?s=96&d=mm&r=g\",\"caption\":\"@sscc\"},\"url\":\"https:\/\/www.padreeustaquio.com.br\/en\/author\/sscc\/\"}]}<\/script>\n<!-- \/ Yoast SEO plugin. -->","yoast_head_json":{"title":"Superior General visits construction site of the new Beato Eust\u00e1quio College in Congo.","description":"Alberto Toutin visited the construction site of the new Beato Eust\u00e1quio College in Kinshasa, Congo. The visit is part of a meeting of professed brothers from the African country.","robots":{"index":"index","follow":"follow","max-snippet":"max-snippet:-1","max-image-preview":"max-image-preview:large","max-video-preview":"max-video-preview:-1"},"canonical":"https:\/\/www.padreeustaquio.com.br\/en\/superior-general-visits-construction-site-of-the-new-beato-eustaquio-school-in-congo\/","og_locale":"en_US","og_type":"article","og_title":"Superior Geral visita obras do novo Col\u00e9gio Beato Eust\u00e1quio no Congo","og_description":"Alberto Toutin visitou a constru\u00e7\u00e3o do novo Col\u00e9gio Beato Eust\u00e1quio, em Kinshasa, no Congo. A visita faz parte do encontro dos irm\u00e3os professos do pa\u00eds africano.","og_url":"https:\/\/www.padreeustaquio.com.br\/en\/superior-general-visits-construction-site-of-the-new-beato-eustaquio-school-in-congo\/","og_site_name":"Padre Eust\u00e1quio","article_publisher":"https:\/\/www.facebook.com\/beatopadreeustaquio\/","article_published_time":"2021-07-16T09:30:00+00:00","og_image":[{"width":1280,"height":720,"url":"https:\/\/www.padreeustaquio.com.br\/wp-content\/uploads\/2021\/07\/Alberto-Toutin-congregacao-sagrados-coracoes-visita-congo-escola-eustaquio.jpeg","type":"image\/jpeg"}],"author":"@sscc","twitter_card":"summary_large_image","twitter_creator":"@beatopeustaquio","twitter_site":"@beatopeustaquio","twitter_misc":{"Written by":"@sscc","Est. reading time":"1 minute"},"schema":{"@context":"https:\/\/schema.org","@graph":[{"@type":"Article","@id":"https:\/\/www.padreeustaquio.com.br\/superior-geral-visita-obras-do-novo-colegio-beato-eustaquio-no-congo\/#article","isPartOf":{"@id":"https:\/\/www.padreeustaquio.com.br\/superior-geral-visita-obras-do-novo-colegio-beato-eustaquio-no-congo\/"},"author":{"name":"@sscc","@id":"https:\/\/www.padreeustaquio.com.br\/#\/schema\/person\/a2a51db1d00f1a7af0204a0f1ddb1566"},"headline":"Superior Geral visita obras do novo Col\u00e9gio Beato Eust\u00e1quio no Congo","datePublished":"2021-07-16T09:30:00+00:00","mainEntityOfPage":{"@id":"https:\/\/www.padreeustaquio.com.br\/superior-geral-visita-obras-do-novo-colegio-beato-eustaquio-no-congo\/"},"wordCount":171,"commentCount":0,"publisher":{"@id":"https:\/\/www.padreeustaquio.com.br\/#organization"},"image":{"@id":"https:\/\/www.padreeustaquio.com.br\/superior-geral-visita-obras-do-novo-colegio-beato-eustaquio-no-congo\/#primaryimage"},"thumbnailUrl":"https:\/\/www.padreeustaquio.com.br\/wp-content\/uploads\/2021\/07\/Alberto-Toutin-congregacao-sagrados-coracoes-visita-congo-escola-eustaquio.jpeg","articleSection":["Not\u00edcias"],"inLanguage":"en-US","potentialAction":[{"@type":"CommentAction","name":"Comment","target":["https:\/\/www.padreeustaquio.com.br\/superior-geral-visita-obras-do-novo-colegio-beato-eustaquio-no-congo\/#respond"]}]},{"@type":"WebPage","@id":"https:\/\/www.padreeustaquio.com.br\/superior-geral-visita-obras-do-novo-colegio-beato-eustaquio-no-congo\/","url":"https:\/\/www.padreeustaquio.com.br\/superior-geral-visita-obras-do-novo-colegio-beato-eustaquio-no-congo\/","name":"Superior General visits construction site of the new Beato Eust\u00e1quio College in Congo.","isPartOf":{"@id":"https:\/\/www.padreeustaquio.com.br\/#website"},"primaryImageOfPage":{"@id":"https:\/\/www.padreeustaquio.com.br\/superior-geral-visita-obras-do-novo-colegio-beato-eustaquio-no-congo\/#primaryimage"},"image":{"@id":"https:\/\/www.padreeustaquio.com.br\/superior-geral-visita-obras-do-novo-colegio-beato-eustaquio-no-congo\/#primaryimage"},"thumbnailUrl":"https:\/\/www.padreeustaquio.com.br\/wp-content\/uploads\/2021\/07\/Alberto-Toutin-congregacao-sagrados-coracoes-visita-congo-escola-eustaquio.jpeg","datePublished":"2021-07-16T09:30:00+00:00","description":"Alberto Toutin visited the construction site of the new Beato Eust\u00e1quio College in Kinshasa, Congo. The visit is part of a meeting of professed brothers from the African country.","breadcrumb":{"@id":"https:\/\/www.padreeustaquio.com.br\/superior-geral-visita-obras-do-novo-colegio-beato-eustaquio-no-congo\/#breadcrumb"},"inLanguage":"en-US","potentialAction":[{"@type":"ReadAction","target":["https:\/\/www.padreeustaquio.com.br\/superior-geral-visita-obras-do-novo-colegio-beato-eustaquio-no-congo\/"]}]},{"@type":"ImageObject","inLanguage":"en-US","@id":"https:\/\/www.padreeustaquio.com.br\/superior-geral-visita-obras-do-novo-colegio-beato-eustaquio-no-congo\/#primaryimage","url":"https:\/\/www.padreeustaquio.com.br\/wp-content\/uploads\/2021\/07\/Alberto-Toutin-congregacao-sagrados-coracoes-visita-congo-escola-eustaquio.jpeg","contentUrl":"https:\/\/www.padreeustaquio.com.br\/wp-content\/uploads\/2021\/07\/Alberto-Toutin-congregacao-sagrados-coracoes-visita-congo-escola-eustaquio.jpeg","width":1280,"height":720},{"@type":"BreadcrumbList","@id":"https:\/\/www.padreeustaquio.com.br\/superior-geral-visita-obras-do-novo-colegio-beato-eustaquio-no-congo\/#breadcrumb","itemListElement":[{"@type":"ListItem","position":1,"name":"In\u00edcio","item":"https:\/\/www.padreeustaquio.com.br\/"},{"@type":"ListItem","position":2,"name":"Superior Geral visita obras do novo Col\u00e9gio Beato Eust\u00e1quio no Congo"}]},{"@type":"WebSite","@id":"https:\/\/www.padreeustaquio.com.br\/#website","url":"https:\/\/www.padreeustaquio.com.br\/","name":"FATHER EUST\u00c1QUIO","description":"Health and Peace","publisher":{"@id":"https:\/\/www.padreeustaquio.com.br\/#organization"},"potentialAction":[{"@type":"SearchAction","target":{"@type":"EntryPoint","urlTemplate":"https:\/\/www.padreeustaquio.com.br\/?s={search_term_string}"},"query-input":{"@type":"PropertyValueSpecification","valueRequired":true,"valueName":"search_term_string"}}],"inLanguage":"en-US"},{"@type":"Organization","@id":"https:\/\/www.padreeustaquio.com.br\/#organization","name":"FATHER EUST\u00c1QUIO","url":"https:\/\/www.padreeustaquio.com.br\/","logo":{"@type":"ImageObject","inLanguage":"en-US","@id":"https:\/\/www.padreeustaquio.com.br\/#\/schema\/logo\/image\/","url":"https:\/\/www.padreeustaquio.com.br\/wp-content\/uploads\/2019\/08\/marca.png","contentUrl":"https:\/\/www.padreeustaquio.com.br\/wp-content\/uploads\/2019\/08\/marca.png","width":350,"height":400,"caption":"Padre Eust\u00e1quio"},"image":{"@id":"https:\/\/www.padreeustaquio.com.br\/#\/schema\/logo\/image\/"},"sameAs":["https:\/\/www.facebook.com\/beatopadreeustaquio\/","https:\/\/x.com\/beatopeustaquio","https:\/\/www.instagram.com\/beatopadreeustaquio\/","https:\/\/www.youtube.com\/channel\/UCRhw7vfabnajwLxb1ZXMeIw"]},{"@type":"Person","@id":"https:\/\/www.padreeustaquio.com.br\/#\/schema\/person\/a2a51db1d00f1a7af0204a0f1ddb1566","name":"@sscc","image":{"@type":"ImageObject","inLanguage":"en-US","@id":"https:\/\/secure.gravatar.com\/avatar\/68cfafa5f44617fea54071e215026e0ff06be366c3d54a8425f04fdcb86f8c5f?s=96&d=mm&r=g","url":"https:\/\/secure.gravatar.com\/avatar\/68cfafa5f44617fea54071e215026e0ff06be366c3d54a8425f04fdcb86f8c5f?s=96&d=mm&r=g","contentUrl":"https:\/\/secure.gravatar.com\/avatar\/68cfafa5f44617fea54071e215026e0ff06be366c3d54a8425f04fdcb86f8c5f?s=96&d=mm&r=g","caption":"@sscc"},"url":"https:\/\/www.padreeustaquio.com.br\/en\/author\/sscc\/"}]}},"_links":{"self":[{"href":"https:\/\/www.padreeustaquio.com.br\/en\/wp-json\/wp\/v2\/posts\/6406","targetHints":{"allow":["GET"]}}],"collection":[{"href":"https:\/\/www.padreeustaquio.com.br\/en\/wp-json\/wp\/v2\/posts"}],"about":[{"href":"https:\/\/www.padreeustaquio.com.br\/en\/wp-json\/wp\/v2\/types\/post"}],"author":[{"embeddable":true,"href":"https:\/\/www.padreeustaquio.com.br\/en\/wp-json\/wp\/v2\/users\/2"}],"replies":[{"embeddable":true,"href":"https:\/\/www.padreeustaquio.com.br\/en\/wp-json\/wp\/v2\/comments?post=6406"}],"version-history":[{"count":0,"href":"https:\/\/www.padreeustaquio.com.br\/en\/wp-json\/wp\/v2\/posts\/6406\/revisions"}],"wp:featuredmedia":[{"embeddable":true,"href":"https:\/\/www.padreeustaquio.com.br\/en\/wp-json\/wp\/v2\/media\/6407"}],"wp:attachment":[{"href":"https:\/\/www.padreeustaquio.com.br\/en\/wp-json\/wp\/v2\/media?parent=6406"}],"wp:term":[{"taxonomy":"category","embeddable":true,"href":"https:\/\/www.padreeustaquio.com.br\/en\/wp-json\/wp\/v2\/categories?post=6406"},{"taxonomy":"post_tag","embeddable":true,"href":"https:\/\/www.padreeustaquio.com.br\/en\/wp-json\/wp\/v2\/tags?post=6406"}],"curies":[{"name":"wp","href":"https:\/\/api.w.org\/{rel}","templated":true}]}}