{"id":6395,"date":"2021-07-15T06:14:00","date_gmt":"2021-07-15T09:14:00","guid":{"rendered":"https:\/\/www.padreeustaquio.com.br\/?p=6395"},"modified":"2021-07-09T19:48:05","modified_gmt":"2021-07-09T22:48:05","slug":"the-power-of-prayer-in-the-words-of-father-eustace","status":"publish","type":"post","link":"https:\/\/www.padreeustaquio.com.br\/en\/the-power-of-prayer-in-the-words-of-father-eustace\/","title":{"rendered":"\u201c&quot;The power of prayer&quot; in the words of Father Eustace"},"content":{"rendered":"<p>Through prayer we can speak with God, and He comes to meet us to hear our pleas. It is through prayer that we live a personal relationship as children of God. One of the texts written by the Dutch priest offers a beautiful reflection on prayer and its importance in the Christian life.<\/p>\n\n\n\n<p>We must pray with perseverance and always keep our spirit of prayer to God burning brightly. Read the text written by Father Eust\u00e1quio in its entirety:<\/p>\n\n\n\n<p><strong>The Prayer<\/strong><\/p>\n\n\n\n<p><em>\u201cI have encountered many things in my life, and you too, that we would like to see improved, but we cannot achieve it, despite our efforts and the work of others. These things remain as they are. Today&#039;s society is full of abuses and miseries, for whose solution many work. However, there is little improvement, and in certain cases, things worsen; there are things that accompany man immutably from the cradle to the grave, and with him he rises and lies down, and it is necessary to have patience, Christian patience.\u201d. <\/em><\/p>\n\n\n\n<p><em>However, there would be a solution for many things, including improving social issues, if mothers taught their children to join their little hands in prayer, and especially if men prayed more. Many things, however bad they might be, would change for the better. Oh, that all homes, in cities and in the countryside, would imitate the apostles, saying: \u201cLord, teach us to pray!\u201d Oh, if we had a people who prayed, the social question would be solved quickly. We would no longer need so many fighters against evil, because all Catholics would be intimately united in prayer; our adversaries would not strive so hard to destroy us, because joined hands are more powerful than two-edged swords, than clenched fists of hatred. <\/em><\/p>\n\n\n\n<p><em>Just as the Amalekites were driven out by the prayer of Moses, so too would our enemies be driven out if we wield spiritual weapons.<\/em><\/p>\n\n\n\n<p><em>It is true that Our Lord said: \u201cWithout Me, you can do nothing.\u201d Neither Catholic Action, nor Crusades, nor Marian devotion, are of any use if God does not help. And for Him to help, it is necessary to ask. \u201cAsk and you shall receive.\u201d.<br>In many Catholics, the spirit of prayer has weakened through contact with modern thought, which aims first and foremost at autonomy, the elevation of the human personality, and self-sufficiency. There is a desire to do everything by one&#039;s own strength, and the supernatural is pushed to a corner of the subconscious. You who are here, do not wish to participate in this changing spirit. You want prayer in everything and for everything, and then you ask me: How should we pray? You should pray with humility, like the publican in the Gospel: \u201cLord, have mercy on me, a poor sinner.\u201d.<\/em><\/p>\n\n\n\n<p><em>You must pray with perseverance like the blind man of Jericho. When they told him not to shout so loudly to Our Lord, he began to speak louder and more insistently. You must pray with confidence, like that woman in the Gospel, who was not Jewish and asked for the crumbs that fell from the table. You must pray with abandonment to God&#039;s will, which always aims for what is best for us.<\/em><\/p>\n\n\n\n<p><em>When should you pray? Without interruption. In the morning, at night, before and after meals, before work, in times of danger and temptation.<\/em>\u201c<\/p>\n\n\n\n<p><\/p>","protected":false},"excerpt":{"rendered":"<p>Por meio da ora\u00e7\u00e3o podemos falar com Deus e Ele vem ao nosso encontro para ouvir nossas s\u00faplicas. \u00c9 pela ora\u00e7\u00e3o que vivemos uma rela\u00e7\u00e3o pessoal como filhos de Deus. Um dos textos escritos pelo padre holand\u00eas, traz uma bel\u00edssima reflex\u00e3o sobre a ora\u00e7\u00e3o e a import\u00e2ncia dela na vida crist\u00e3. Devemos rezar com perseveran\u00e7a e manter sempre aceso o nosso esp\u00edrito de ora\u00e7\u00e3o a Deus. Leia o texto escrito por Padre Eust\u00e1quio, na \u00edntegra: A Ora\u00e7\u00e3o &#8220;J\u00e1 encontrei muitas coisas na minha vida, e v\u00f3s tamb\u00e9m, que quer\u00edamos ver melhoradas, por\u00e9m, n\u00e3o o conseguimos, apesar dos nossos esfor\u00e7os e [&hellip;]<\/p>\n","protected":false},"author":2,"featured_media":6398,"comment_status":"open","ping_status":"closed","sticky":false,"template":"","format":"standard","meta":{"_acf_changed":false,"footnotes":""},"categories":[611],"tags":[],"class_list":["post-6395","post","type-post","status-publish","format-standard","has-post-thumbnail","hentry","category-noticias"],"acf":[],"yoast_head":"<!-- This site is optimized with the Yoast SEO plugin v27.2 - https:\/\/yoast.com\/product\/yoast-seo-wordpress\/ -->\n<title>&quot;O poder da ora\u00e7\u00e3o&quot; nas palavras de Padre Eust\u00e1quio<\/title>\n<meta name=\"description\" content=\"Assim como os Amalequitas foram expulsos pela ora\u00e7\u00e3o de Mois\u00e9s, assim tamb\u00e9m os nossos inimigos seriam expulsos, se manobr\u00e1ssemos armas espirituais.\" \/>\n<meta name=\"robots\" content=\"index, follow, max-snippet:-1, max-image-preview:large, max-video-preview:-1\" \/>\n<link rel=\"canonical\" href=\"https:\/\/www.padreeustaquio.com.br\/en\/the-power-of-prayer-in-the-words-of-father-eustace\/\" \/>\n<meta property=\"og:locale\" content=\"en_US\" \/>\n<meta property=\"og:type\" content=\"article\" \/>\n<meta property=\"og:title\" content=\"&quot;O poder da ora\u00e7\u00e3o&quot; nas palavras de Padre Eust\u00e1quio\" \/>\n<meta property=\"og:description\" content=\"Assim como os Amalequitas foram expulsos pela ora\u00e7\u00e3o de Mois\u00e9s, assim tamb\u00e9m os nossos inimigos seriam expulsos, se manobr\u00e1ssemos armas espirituais.\" \/>\n<meta property=\"og:url\" content=\"https:\/\/www.padreeustaquio.com.br\/en\/the-power-of-prayer-in-the-words-of-father-eustace\/\" \/>\n<meta property=\"og:site_name\" content=\"Padre Eust\u00e1quio\" \/>\n<meta property=\"article:publisher\" content=\"https:\/\/www.facebook.com\/beatopadreeustaquio\/\" \/>\n<meta property=\"article:published_time\" content=\"2021-07-15T09:14:00+00:00\" \/>\n<meta property=\"og:image\" content=\"https:\/\/www.padreeustaquio.com.br\/wp-content\/uploads\/2021\/07\/padre-eustaquio-e-o-poder-da-oracao.jpeg\" \/>\n\t<meta property=\"og:image:width\" content=\"1280\" \/>\n\t<meta property=\"og:image:height\" content=\"859\" \/>\n\t<meta property=\"og:image:type\" content=\"image\/jpeg\" \/>\n<meta name=\"author\" content=\"@sscc\" \/>\n<meta name=\"twitter:card\" content=\"summary_large_image\" \/>\n<meta name=\"twitter:creator\" content=\"@beatopeustaquio\" \/>\n<meta name=\"twitter:site\" content=\"@beatopeustaquio\" \/>\n<meta name=\"twitter:label1\" content=\"Written by\" \/>\n\t<meta name=\"twitter:data1\" content=\"@sscc\" \/>\n\t<meta name=\"twitter:label2\" content=\"Est. reading time\" \/>\n\t<meta name=\"twitter:data2\" content=\"3 minutes\" \/>\n<script type=\"application\/ld+json\" class=\"yoast-schema-graph\">{\"@context\":\"https:\/\/schema.org\",\"@graph\":[{\"@type\":\"Article\",\"@id\":\"https:\/\/www.padreeustaquio.com.br\/o-poder-da-oracao-nas-palavras-de-padre-eustaquio\/#article\",\"isPartOf\":{\"@id\":\"https:\/\/www.padreeustaquio.com.br\/o-poder-da-oracao-nas-palavras-de-padre-eustaquio\/\"},\"author\":{\"name\":\"@sscc\",\"@id\":\"https:\/\/www.padreeustaquio.com.br\/#\/schema\/person\/a2a51db1d00f1a7af0204a0f1ddb1566\"},\"headline\":\"&#8220;O poder da ora\u00e7\u00e3o&#8221; nas palavras de Padre Eust\u00e1quio\",\"datePublished\":\"2021-07-15T09:14:00+00:00\",\"mainEntityOfPage\":{\"@id\":\"https:\/\/www.padreeustaquio.com.br\/o-poder-da-oracao-nas-palavras-de-padre-eustaquio\/\"},\"wordCount\":589,\"commentCount\":0,\"publisher\":{\"@id\":\"https:\/\/www.padreeustaquio.com.br\/#organization\"},\"image\":{\"@id\":\"https:\/\/www.padreeustaquio.com.br\/o-poder-da-oracao-nas-palavras-de-padre-eustaquio\/#primaryimage\"},\"thumbnailUrl\":\"https:\/\/www.padreeustaquio.com.br\/wp-content\/uploads\/2021\/07\/padre-eustaquio-e-o-poder-da-oracao.jpeg\",\"articleSection\":[\"Not\u00edcias\"],\"inLanguage\":\"en-US\",\"potentialAction\":[{\"@type\":\"CommentAction\",\"name\":\"Comment\",\"target\":[\"https:\/\/www.padreeustaquio.com.br\/o-poder-da-oracao-nas-palavras-de-padre-eustaquio\/#respond\"]}]},{\"@type\":\"WebPage\",\"@id\":\"https:\/\/www.padreeustaquio.com.br\/o-poder-da-oracao-nas-palavras-de-padre-eustaquio\/\",\"url\":\"https:\/\/www.padreeustaquio.com.br\/o-poder-da-oracao-nas-palavras-de-padre-eustaquio\/\",\"name\":\"\\\"O poder da ora\u00e7\u00e3o\\\" nas palavras de Padre Eust\u00e1quio\",\"isPartOf\":{\"@id\":\"https:\/\/www.padreeustaquio.com.br\/#website\"},\"primaryImageOfPage\":{\"@id\":\"https:\/\/www.padreeustaquio.com.br\/o-poder-da-oracao-nas-palavras-de-padre-eustaquio\/#primaryimage\"},\"image\":{\"@id\":\"https:\/\/www.padreeustaquio.com.br\/o-poder-da-oracao-nas-palavras-de-padre-eustaquio\/#primaryimage\"},\"thumbnailUrl\":\"https:\/\/www.padreeustaquio.com.br\/wp-content\/uploads\/2021\/07\/padre-eustaquio-e-o-poder-da-oracao.jpeg\",\"datePublished\":\"2021-07-15T09:14:00+00:00\",\"description\":\"Assim como os Amalequitas foram expulsos pela ora\u00e7\u00e3o de Mois\u00e9s, assim tamb\u00e9m os nossos inimigos seriam expulsos, se manobr\u00e1ssemos armas espirituais.\",\"breadcrumb\":{\"@id\":\"https:\/\/www.padreeustaquio.com.br\/o-poder-da-oracao-nas-palavras-de-padre-eustaquio\/#breadcrumb\"},\"inLanguage\":\"en-US\",\"potentialAction\":[{\"@type\":\"ReadAction\",\"target\":[\"https:\/\/www.padreeustaquio.com.br\/o-poder-da-oracao-nas-palavras-de-padre-eustaquio\/\"]}]},{\"@type\":\"ImageObject\",\"inLanguage\":\"en-US\",\"@id\":\"https:\/\/www.padreeustaquio.com.br\/o-poder-da-oracao-nas-palavras-de-padre-eustaquio\/#primaryimage\",\"url\":\"https:\/\/www.padreeustaquio.com.br\/wp-content\/uploads\/2021\/07\/padre-eustaquio-e-o-poder-da-oracao.jpeg\",\"contentUrl\":\"https:\/\/www.padreeustaquio.com.br\/wp-content\/uploads\/2021\/07\/padre-eustaquio-e-o-poder-da-oracao.jpeg\",\"width\":1280,\"height\":859},{\"@type\":\"BreadcrumbList\",\"@id\":\"https:\/\/www.padreeustaquio.com.br\/o-poder-da-oracao-nas-palavras-de-padre-eustaquio\/#breadcrumb\",\"itemListElement\":[{\"@type\":\"ListItem\",\"position\":1,\"name\":\"In\u00edcio\",\"item\":\"https:\/\/www.padreeustaquio.com.br\/\"},{\"@type\":\"ListItem\",\"position\":2,\"name\":\"&#8220;O poder da ora\u00e7\u00e3o&#8221; nas palavras de Padre Eust\u00e1quio\"}]},{\"@type\":\"WebSite\",\"@id\":\"https:\/\/www.padreeustaquio.com.br\/#website\",\"url\":\"https:\/\/www.padreeustaquio.com.br\/\",\"name\":\"Padre Eust\u00e1quio\",\"description\":\"Sa\u00fade e Paz\",\"publisher\":{\"@id\":\"https:\/\/www.padreeustaquio.com.br\/#organization\"},\"potentialAction\":[{\"@type\":\"SearchAction\",\"target\":{\"@type\":\"EntryPoint\",\"urlTemplate\":\"https:\/\/www.padreeustaquio.com.br\/?s={search_term_string}\"},\"query-input\":{\"@type\":\"PropertyValueSpecification\",\"valueRequired\":true,\"valueName\":\"search_term_string\"}}],\"inLanguage\":\"en-US\"},{\"@type\":\"Organization\",\"@id\":\"https:\/\/www.padreeustaquio.com.br\/#organization\",\"name\":\"Padre Eust\u00e1quio\",\"url\":\"https:\/\/www.padreeustaquio.com.br\/\",\"logo\":{\"@type\":\"ImageObject\",\"inLanguage\":\"en-US\",\"@id\":\"https:\/\/www.padreeustaquio.com.br\/#\/schema\/logo\/image\/\",\"url\":\"https:\/\/www.padreeustaquio.com.br\/wp-content\/uploads\/2019\/08\/marca.png\",\"contentUrl\":\"https:\/\/www.padreeustaquio.com.br\/wp-content\/uploads\/2019\/08\/marca.png\",\"width\":350,\"height\":400,\"caption\":\"Padre Eust\u00e1quio\"},\"image\":{\"@id\":\"https:\/\/www.padreeustaquio.com.br\/#\/schema\/logo\/image\/\"},\"sameAs\":[\"https:\/\/www.facebook.com\/beatopadreeustaquio\/\",\"https:\/\/x.com\/beatopeustaquio\",\"https:\/\/www.instagram.com\/beatopadreeustaquio\/\",\"https:\/\/www.youtube.com\/channel\/UCRhw7vfabnajwLxb1ZXMeIw\"]},{\"@type\":\"Person\",\"@id\":\"https:\/\/www.padreeustaquio.com.br\/#\/schema\/person\/a2a51db1d00f1a7af0204a0f1ddb1566\",\"name\":\"@sscc\",\"image\":{\"@type\":\"ImageObject\",\"inLanguage\":\"en-US\",\"@id\":\"https:\/\/secure.gravatar.com\/avatar\/68cfafa5f44617fea54071e215026e0ff06be366c3d54a8425f04fdcb86f8c5f?s=96&d=mm&r=g\",\"url\":\"https:\/\/secure.gravatar.com\/avatar\/68cfafa5f44617fea54071e215026e0ff06be366c3d54a8425f04fdcb86f8c5f?s=96&d=mm&r=g\",\"contentUrl\":\"https:\/\/secure.gravatar.com\/avatar\/68cfafa5f44617fea54071e215026e0ff06be366c3d54a8425f04fdcb86f8c5f?s=96&d=mm&r=g\",\"caption\":\"@sscc\"},\"url\":\"https:\/\/www.padreeustaquio.com.br\/en\/author\/sscc\/\"}]}<\/script>\n<!-- \/ Yoast SEO plugin. -->","yoast_head_json":{"title":"\"&quot;The power of prayer&quot; in the words of Father Eustace","description":"Just as the Amalekites were driven out by the prayer of Moses, so too would our enemies be driven out if we wield spiritual weapons.","robots":{"index":"index","follow":"follow","max-snippet":"max-snippet:-1","max-image-preview":"max-image-preview:large","max-video-preview":"max-video-preview:-1"},"canonical":"https:\/\/www.padreeustaquio.com.br\/en\/the-power-of-prayer-in-the-words-of-father-eustace\/","og_locale":"en_US","og_type":"article","og_title":"\"O poder da ora\u00e7\u00e3o\" nas palavras de Padre Eust\u00e1quio","og_description":"Assim como os Amalequitas foram expulsos pela ora\u00e7\u00e3o de Mois\u00e9s, assim tamb\u00e9m os nossos inimigos seriam expulsos, se manobr\u00e1ssemos armas espirituais.","og_url":"https:\/\/www.padreeustaquio.com.br\/en\/the-power-of-prayer-in-the-words-of-father-eustace\/","og_site_name":"Padre Eust\u00e1quio","article_publisher":"https:\/\/www.facebook.com\/beatopadreeustaquio\/","article_published_time":"2021-07-15T09:14:00+00:00","og_image":[{"width":1280,"height":859,"url":"https:\/\/www.padreeustaquio.com.br\/wp-content\/uploads\/2021\/07\/padre-eustaquio-e-o-poder-da-oracao.jpeg","type":"image\/jpeg"}],"author":"@sscc","twitter_card":"summary_large_image","twitter_creator":"@beatopeustaquio","twitter_site":"@beatopeustaquio","twitter_misc":{"Written by":"@sscc","Est. reading time":"3 minutes"},"schema":{"@context":"https:\/\/schema.org","@graph":[{"@type":"Article","@id":"https:\/\/www.padreeustaquio.com.br\/o-poder-da-oracao-nas-palavras-de-padre-eustaquio\/#article","isPartOf":{"@id":"https:\/\/www.padreeustaquio.com.br\/o-poder-da-oracao-nas-palavras-de-padre-eustaquio\/"},"author":{"name":"@sscc","@id":"https:\/\/www.padreeustaquio.com.br\/#\/schema\/person\/a2a51db1d00f1a7af0204a0f1ddb1566"},"headline":"&#8220;O poder da ora\u00e7\u00e3o&#8221; nas palavras de Padre Eust\u00e1quio","datePublished":"2021-07-15T09:14:00+00:00","mainEntityOfPage":{"@id":"https:\/\/www.padreeustaquio.com.br\/o-poder-da-oracao-nas-palavras-de-padre-eustaquio\/"},"wordCount":589,"commentCount":0,"publisher":{"@id":"https:\/\/www.padreeustaquio.com.br\/#organization"},"image":{"@id":"https:\/\/www.padreeustaquio.com.br\/o-poder-da-oracao-nas-palavras-de-padre-eustaquio\/#primaryimage"},"thumbnailUrl":"https:\/\/www.padreeustaquio.com.br\/wp-content\/uploads\/2021\/07\/padre-eustaquio-e-o-poder-da-oracao.jpeg","articleSection":["Not\u00edcias"],"inLanguage":"en-US","potentialAction":[{"@type":"CommentAction","name":"Comment","target":["https:\/\/www.padreeustaquio.com.br\/o-poder-da-oracao-nas-palavras-de-padre-eustaquio\/#respond"]}]},{"@type":"WebPage","@id":"https:\/\/www.padreeustaquio.com.br\/o-poder-da-oracao-nas-palavras-de-padre-eustaquio\/","url":"https:\/\/www.padreeustaquio.com.br\/o-poder-da-oracao-nas-palavras-de-padre-eustaquio\/","name":"\"&quot;The power of prayer&quot; in the words of Father Eustace","isPartOf":{"@id":"https:\/\/www.padreeustaquio.com.br\/#website"},"primaryImageOfPage":{"@id":"https:\/\/www.padreeustaquio.com.br\/o-poder-da-oracao-nas-palavras-de-padre-eustaquio\/#primaryimage"},"image":{"@id":"https:\/\/www.padreeustaquio.com.br\/o-poder-da-oracao-nas-palavras-de-padre-eustaquio\/#primaryimage"},"thumbnailUrl":"https:\/\/www.padreeustaquio.com.br\/wp-content\/uploads\/2021\/07\/padre-eustaquio-e-o-poder-da-oracao.jpeg","datePublished":"2021-07-15T09:14:00+00:00","description":"Just as the Amalekites were driven out by the prayer of Moses, so too would our enemies be driven out if we wield spiritual weapons.","breadcrumb":{"@id":"https:\/\/www.padreeustaquio.com.br\/o-poder-da-oracao-nas-palavras-de-padre-eustaquio\/#breadcrumb"},"inLanguage":"en-US","potentialAction":[{"@type":"ReadAction","target":["https:\/\/www.padreeustaquio.com.br\/o-poder-da-oracao-nas-palavras-de-padre-eustaquio\/"]}]},{"@type":"ImageObject","inLanguage":"en-US","@id":"https:\/\/www.padreeustaquio.com.br\/o-poder-da-oracao-nas-palavras-de-padre-eustaquio\/#primaryimage","url":"https:\/\/www.padreeustaquio.com.br\/wp-content\/uploads\/2021\/07\/padre-eustaquio-e-o-poder-da-oracao.jpeg","contentUrl":"https:\/\/www.padreeustaquio.com.br\/wp-content\/uploads\/2021\/07\/padre-eustaquio-e-o-poder-da-oracao.jpeg","width":1280,"height":859},{"@type":"BreadcrumbList","@id":"https:\/\/www.padreeustaquio.com.br\/o-poder-da-oracao-nas-palavras-de-padre-eustaquio\/#breadcrumb","itemListElement":[{"@type":"ListItem","position":1,"name":"In\u00edcio","item":"https:\/\/www.padreeustaquio.com.br\/"},{"@type":"ListItem","position":2,"name":"&#8220;O poder da ora\u00e7\u00e3o&#8221; nas palavras de Padre Eust\u00e1quio"}]},{"@type":"WebSite","@id":"https:\/\/www.padreeustaquio.com.br\/#website","url":"https:\/\/www.padreeustaquio.com.br\/","name":"FATHER EUST\u00c1QUIO","description":"Health and Peace","publisher":{"@id":"https:\/\/www.padreeustaquio.com.br\/#organization"},"potentialAction":[{"@type":"SearchAction","target":{"@type":"EntryPoint","urlTemplate":"https:\/\/www.padreeustaquio.com.br\/?s={search_term_string}"},"query-input":{"@type":"PropertyValueSpecification","valueRequired":true,"valueName":"search_term_string"}}],"inLanguage":"en-US"},{"@type":"Organization","@id":"https:\/\/www.padreeustaquio.com.br\/#organization","name":"FATHER EUST\u00c1QUIO","url":"https:\/\/www.padreeustaquio.com.br\/","logo":{"@type":"ImageObject","inLanguage":"en-US","@id":"https:\/\/www.padreeustaquio.com.br\/#\/schema\/logo\/image\/","url":"https:\/\/www.padreeustaquio.com.br\/wp-content\/uploads\/2019\/08\/marca.png","contentUrl":"https:\/\/www.padreeustaquio.com.br\/wp-content\/uploads\/2019\/08\/marca.png","width":350,"height":400,"caption":"Padre Eust\u00e1quio"},"image":{"@id":"https:\/\/www.padreeustaquio.com.br\/#\/schema\/logo\/image\/"},"sameAs":["https:\/\/www.facebook.com\/beatopadreeustaquio\/","https:\/\/x.com\/beatopeustaquio","https:\/\/www.instagram.com\/beatopadreeustaquio\/","https:\/\/www.youtube.com\/channel\/UCRhw7vfabnajwLxb1ZXMeIw"]},{"@type":"Person","@id":"https:\/\/www.padreeustaquio.com.br\/#\/schema\/person\/a2a51db1d00f1a7af0204a0f1ddb1566","name":"@sscc","image":{"@type":"ImageObject","inLanguage":"en-US","@id":"https:\/\/secure.gravatar.com\/avatar\/68cfafa5f44617fea54071e215026e0ff06be366c3d54a8425f04fdcb86f8c5f?s=96&d=mm&r=g","url":"https:\/\/secure.gravatar.com\/avatar\/68cfafa5f44617fea54071e215026e0ff06be366c3d54a8425f04fdcb86f8c5f?s=96&d=mm&r=g","contentUrl":"https:\/\/secure.gravatar.com\/avatar\/68cfafa5f44617fea54071e215026e0ff06be366c3d54a8425f04fdcb86f8c5f?s=96&d=mm&r=g","caption":"@sscc"},"url":"https:\/\/www.padreeustaquio.com.br\/en\/author\/sscc\/"}]}},"_links":{"self":[{"href":"https:\/\/www.padreeustaquio.com.br\/en\/wp-json\/wp\/v2\/posts\/6395","targetHints":{"allow":["GET"]}}],"collection":[{"href":"https:\/\/www.padreeustaquio.com.br\/en\/wp-json\/wp\/v2\/posts"}],"about":[{"href":"https:\/\/www.padreeustaquio.com.br\/en\/wp-json\/wp\/v2\/types\/post"}],"author":[{"embeddable":true,"href":"https:\/\/www.padreeustaquio.com.br\/en\/wp-json\/wp\/v2\/users\/2"}],"replies":[{"embeddable":true,"href":"https:\/\/www.padreeustaquio.com.br\/en\/wp-json\/wp\/v2\/comments?post=6395"}],"version-history":[{"count":0,"href":"https:\/\/www.padreeustaquio.com.br\/en\/wp-json\/wp\/v2\/posts\/6395\/revisions"}],"wp:featuredmedia":[{"embeddable":true,"href":"https:\/\/www.padreeustaquio.com.br\/en\/wp-json\/wp\/v2\/media\/6398"}],"wp:attachment":[{"href":"https:\/\/www.padreeustaquio.com.br\/en\/wp-json\/wp\/v2\/media?parent=6395"}],"wp:term":[{"taxonomy":"category","embeddable":true,"href":"https:\/\/www.padreeustaquio.com.br\/en\/wp-json\/wp\/v2\/categories?post=6395"},{"taxonomy":"post_tag","embeddable":true,"href":"https:\/\/www.padreeustaquio.com.br\/en\/wp-json\/wp\/v2\/tags?post=6395"}],"curies":[{"name":"wp","href":"https:\/\/api.w.org\/{rel}","templated":true}]}}