{"id":6388,"date":"2021-07-13T06:22:00","date_gmt":"2021-07-13T09:22:00","guid":{"rendered":"https:\/\/www.padreeustaquio.com.br\/?p=6388"},"modified":"2021-07-09T17:41:54","modified_gmt":"2021-07-09T20:41:54","slug":"dom-walmors-homily-on-the-day-of-the-beatification-brings-a-message-of-health-and-peace","status":"publish","type":"post","link":"https:\/\/www.padreeustaquio.com.br\/en\/dom-walmors-homily-on-the-day-of-the-beatification-brings-a-message-of-health-and-peace\/","title":{"rendered":"Dom Walmor&#039;s homily on the day of the Beatification brings a message of Health and Peace."},"content":{"rendered":"<p>In his homily during the Beatification ceremony of Father Eust\u00e1quio on June 15, 2006, Dom Walmor Oliveira de Azevedo, Metropolitan Archbishop of Belo Horizonte and president of the National Conference of Bishops of Brazil, delivered a message of health and peace.<\/p>\n\n\n\n<p>The bishop, inspired by Father Eustace, invited people to greet each other using the expression made famous by the Dutch priest: &quot;Health and Peace.&quot; Following in the footsteps of the Blessed, he personally made a point of greeting those present using the expression.<\/p>\n\n\n\n<p>Here is an excerpt from Dom Walmor&#039;s homily:<\/p>\n\n\n\n<p><em>\u201cHealth and peace to all the devotees of this man of God, Blessed Father Eustace; those near and far, young, children and adults, convinced and comforted by his being a living presence of love in everyone&#039;s life. Health and Peace! In a very special way, in profound mysticism and harmony with the heart of Blessed Father Eustace, &#039;HEALTH AND PEACE&#039; to the poor and disinherited of this earth, to the sick and suffering, especially the incarcerated, the homeless, the unemployed, victims of prejudice and discrimination, recalling on this day, in the light of the commitment of the Lord Jesus who offers himself in his Body and Blood, our primary commitment to them, in respect for their lives through a sincere and supportive commitment to their promotion.\u2018<\/em><\/p>","protected":false},"excerpt":{"rendered":"<p>Na homilia feita durante a cerim\u00f4nia de Beatifica\u00e7\u00e3o de Padre Eust\u00e1quio, em 15 de junho de 2006, Dom Walmor Oliveira de Azevedo, Arcebispo metropolitano de Belo Horizonte e presidente da Confer\u00eancia Nacional dos Bispos do Brasil, trouxe uma mensagem de sa\u00fade e paz. O bispo, inspirado em Padre Eust\u00e1quio, convidou as pessoas a se cumprimentarem usando a express\u00e3o que ficou famosa por ser usada pelo padre holand\u00eas: \u201cSa\u00fade e Paz\u201d. Imitando os passos do Beato, ele pessoalmente fez quest\u00e3o de saudar os presentes usando a express\u00e3o. Acompanhe um trecho da homilia de Dom Walmor: \u201cSa\u00fade e paz a todos os [&hellip;]<\/p>\n","protected":false},"author":2,"featured_media":6389,"comment_status":"open","ping_status":"closed","sticky":false,"template":"","format":"standard","meta":{"_acf_changed":false,"footnotes":""},"categories":[611],"tags":[],"class_list":["post-6388","post","type-post","status-publish","format-standard","has-post-thumbnail","hentry","category-noticias"],"acf":[],"yoast_head":"<!-- This site is optimized with the Yoast SEO plugin v27.2 - https:\/\/yoast.com\/product\/yoast-seo-wordpress\/ -->\n<title>Homilia de Dom Walmor no dia da Beatifica\u00e7\u00e3o traz mensagem de Sa\u00fade e Paz<\/title>\n<meta name=\"description\" content=\"O bispo, inspirado em Padre Eust\u00e1quio, convidou as pessoas a se cumprimentarem usando a express\u00e3o que ficou famosa por ser usada pelo padre holand\u00eas: \u201cSa\u00fade e Paz\u201d.\" \/>\n<meta name=\"robots\" content=\"index, follow, max-snippet:-1, max-image-preview:large, max-video-preview:-1\" \/>\n<link rel=\"canonical\" href=\"https:\/\/www.padreeustaquio.com.br\/en\/dom-walmors-homily-on-the-day-of-the-beatification-brings-a-message-of-health-and-peace\/\" \/>\n<meta property=\"og:locale\" content=\"en_US\" \/>\n<meta property=\"og:type\" content=\"article\" \/>\n<meta property=\"og:title\" content=\"Homilia de Dom Walmor no dia da Beatifica\u00e7\u00e3o traz mensagem de Sa\u00fade e Paz\" \/>\n<meta property=\"og:description\" content=\"O bispo, inspirado em Padre Eust\u00e1quio, convidou as pessoas a se cumprimentarem usando a express\u00e3o que ficou famosa por ser usada pelo padre holand\u00eas: \u201cSa\u00fade e Paz\u201d.\" \/>\n<meta property=\"og:url\" content=\"https:\/\/www.padreeustaquio.com.br\/en\/dom-walmors-homily-on-the-day-of-the-beatification-brings-a-message-of-health-and-peace\/\" \/>\n<meta property=\"og:site_name\" content=\"Padre Eust\u00e1quio\" \/>\n<meta property=\"article:publisher\" content=\"https:\/\/www.facebook.com\/beatopadreeustaquio\/\" \/>\n<meta property=\"article:published_time\" content=\"2021-07-13T09:22:00+00:00\" \/>\n<meta property=\"og:image\" content=\"https:\/\/www.padreeustaquio.com.br\/wp-content\/uploads\/2021\/07\/DOM-WALMOR-HOMILIA-BEATIFICACAO-MINEIRAO-PADRE-EUSTAQUIO.jpeg\" \/>\n\t<meta property=\"og:image:width\" content=\"1280\" \/>\n\t<meta property=\"og:image:height\" content=\"851\" \/>\n\t<meta property=\"og:image:type\" content=\"image\/jpeg\" \/>\n<meta name=\"author\" content=\"@sscc\" \/>\n<meta name=\"twitter:card\" content=\"summary_large_image\" \/>\n<meta name=\"twitter:creator\" content=\"@beatopeustaquio\" \/>\n<meta name=\"twitter:site\" content=\"@beatopeustaquio\" \/>\n<meta name=\"twitter:label1\" content=\"Written by\" \/>\n\t<meta name=\"twitter:data1\" content=\"@sscc\" \/>\n\t<meta name=\"twitter:label2\" content=\"Est. reading time\" \/>\n\t<meta name=\"twitter:data2\" content=\"1 minute\" \/>\n<script type=\"application\/ld+json\" class=\"yoast-schema-graph\">{\"@context\":\"https:\/\/schema.org\",\"@graph\":[{\"@type\":\"Article\",\"@id\":\"https:\/\/www.padreeustaquio.com.br\/homilia-de-dom-walmor-no-dia-da-beatificacao-traz-mensagem-de-saude-e-paz\/#article\",\"isPartOf\":{\"@id\":\"https:\/\/www.padreeustaquio.com.br\/homilia-de-dom-walmor-no-dia-da-beatificacao-traz-mensagem-de-saude-e-paz\/\"},\"author\":{\"name\":\"@sscc\",\"@id\":\"https:\/\/www.padreeustaquio.com.br\/#\/schema\/person\/a2a51db1d00f1a7af0204a0f1ddb1566\"},\"headline\":\"Homilia de Dom Walmor no dia da Beatifica\u00e7\u00e3o traz mensagem de Sa\u00fade e Paz\",\"datePublished\":\"2021-07-13T09:22:00+00:00\",\"mainEntityOfPage\":{\"@id\":\"https:\/\/www.padreeustaquio.com.br\/homilia-de-dom-walmor-no-dia-da-beatificacao-traz-mensagem-de-saude-e-paz\/\"},\"wordCount\":254,\"commentCount\":0,\"publisher\":{\"@id\":\"https:\/\/www.padreeustaquio.com.br\/#organization\"},\"image\":{\"@id\":\"https:\/\/www.padreeustaquio.com.br\/homilia-de-dom-walmor-no-dia-da-beatificacao-traz-mensagem-de-saude-e-paz\/#primaryimage\"},\"thumbnailUrl\":\"https:\/\/www.padreeustaquio.com.br\/wp-content\/uploads\/2021\/07\/DOM-WALMOR-HOMILIA-BEATIFICACAO-MINEIRAO-PADRE-EUSTAQUIO.jpeg\",\"articleSection\":[\"Not\u00edcias\"],\"inLanguage\":\"en-US\",\"potentialAction\":[{\"@type\":\"CommentAction\",\"name\":\"Comment\",\"target\":[\"https:\/\/www.padreeustaquio.com.br\/homilia-de-dom-walmor-no-dia-da-beatificacao-traz-mensagem-de-saude-e-paz\/#respond\"]}]},{\"@type\":\"WebPage\",\"@id\":\"https:\/\/www.padreeustaquio.com.br\/homilia-de-dom-walmor-no-dia-da-beatificacao-traz-mensagem-de-saude-e-paz\/\",\"url\":\"https:\/\/www.padreeustaquio.com.br\/homilia-de-dom-walmor-no-dia-da-beatificacao-traz-mensagem-de-saude-e-paz\/\",\"name\":\"Homilia de Dom Walmor no dia da Beatifica\u00e7\u00e3o traz mensagem de Sa\u00fade e Paz\",\"isPartOf\":{\"@id\":\"https:\/\/www.padreeustaquio.com.br\/#website\"},\"primaryImageOfPage\":{\"@id\":\"https:\/\/www.padreeustaquio.com.br\/homilia-de-dom-walmor-no-dia-da-beatificacao-traz-mensagem-de-saude-e-paz\/#primaryimage\"},\"image\":{\"@id\":\"https:\/\/www.padreeustaquio.com.br\/homilia-de-dom-walmor-no-dia-da-beatificacao-traz-mensagem-de-saude-e-paz\/#primaryimage\"},\"thumbnailUrl\":\"https:\/\/www.padreeustaquio.com.br\/wp-content\/uploads\/2021\/07\/DOM-WALMOR-HOMILIA-BEATIFICACAO-MINEIRAO-PADRE-EUSTAQUIO.jpeg\",\"datePublished\":\"2021-07-13T09:22:00+00:00\",\"description\":\"O bispo, inspirado em Padre Eust\u00e1quio, convidou as pessoas a se cumprimentarem usando a express\u00e3o que ficou famosa por ser usada pelo padre holand\u00eas: \u201cSa\u00fade e Paz\u201d.\",\"breadcrumb\":{\"@id\":\"https:\/\/www.padreeustaquio.com.br\/homilia-de-dom-walmor-no-dia-da-beatificacao-traz-mensagem-de-saude-e-paz\/#breadcrumb\"},\"inLanguage\":\"en-US\",\"potentialAction\":[{\"@type\":\"ReadAction\",\"target\":[\"https:\/\/www.padreeustaquio.com.br\/homilia-de-dom-walmor-no-dia-da-beatificacao-traz-mensagem-de-saude-e-paz\/\"]}]},{\"@type\":\"ImageObject\",\"inLanguage\":\"en-US\",\"@id\":\"https:\/\/www.padreeustaquio.com.br\/homilia-de-dom-walmor-no-dia-da-beatificacao-traz-mensagem-de-saude-e-paz\/#primaryimage\",\"url\":\"https:\/\/www.padreeustaquio.com.br\/wp-content\/uploads\/2021\/07\/DOM-WALMOR-HOMILIA-BEATIFICACAO-MINEIRAO-PADRE-EUSTAQUIO.jpeg\",\"contentUrl\":\"https:\/\/www.padreeustaquio.com.br\/wp-content\/uploads\/2021\/07\/DOM-WALMOR-HOMILIA-BEATIFICACAO-MINEIRAO-PADRE-EUSTAQUIO.jpeg\",\"width\":1280,\"height\":851},{\"@type\":\"BreadcrumbList\",\"@id\":\"https:\/\/www.padreeustaquio.com.br\/homilia-de-dom-walmor-no-dia-da-beatificacao-traz-mensagem-de-saude-e-paz\/#breadcrumb\",\"itemListElement\":[{\"@type\":\"ListItem\",\"position\":1,\"name\":\"In\u00edcio\",\"item\":\"https:\/\/www.padreeustaquio.com.br\/\"},{\"@type\":\"ListItem\",\"position\":2,\"name\":\"Homilia de Dom Walmor no dia da Beatifica\u00e7\u00e3o traz mensagem de Sa\u00fade e Paz\"}]},{\"@type\":\"WebSite\",\"@id\":\"https:\/\/www.padreeustaquio.com.br\/#website\",\"url\":\"https:\/\/www.padreeustaquio.com.br\/\",\"name\":\"Padre Eust\u00e1quio\",\"description\":\"Sa\u00fade e Paz\",\"publisher\":{\"@id\":\"https:\/\/www.padreeustaquio.com.br\/#organization\"},\"potentialAction\":[{\"@type\":\"SearchAction\",\"target\":{\"@type\":\"EntryPoint\",\"urlTemplate\":\"https:\/\/www.padreeustaquio.com.br\/?s={search_term_string}\"},\"query-input\":{\"@type\":\"PropertyValueSpecification\",\"valueRequired\":true,\"valueName\":\"search_term_string\"}}],\"inLanguage\":\"en-US\"},{\"@type\":\"Organization\",\"@id\":\"https:\/\/www.padreeustaquio.com.br\/#organization\",\"name\":\"Padre Eust\u00e1quio\",\"url\":\"https:\/\/www.padreeustaquio.com.br\/\",\"logo\":{\"@type\":\"ImageObject\",\"inLanguage\":\"en-US\",\"@id\":\"https:\/\/www.padreeustaquio.com.br\/#\/schema\/logo\/image\/\",\"url\":\"https:\/\/www.padreeustaquio.com.br\/wp-content\/uploads\/2019\/08\/marca.png\",\"contentUrl\":\"https:\/\/www.padreeustaquio.com.br\/wp-content\/uploads\/2019\/08\/marca.png\",\"width\":350,\"height\":400,\"caption\":\"Padre Eust\u00e1quio\"},\"image\":{\"@id\":\"https:\/\/www.padreeustaquio.com.br\/#\/schema\/logo\/image\/\"},\"sameAs\":[\"https:\/\/www.facebook.com\/beatopadreeustaquio\/\",\"https:\/\/x.com\/beatopeustaquio\",\"https:\/\/www.instagram.com\/beatopadreeustaquio\/\",\"https:\/\/www.youtube.com\/channel\/UCRhw7vfabnajwLxb1ZXMeIw\"]},{\"@type\":\"Person\",\"@id\":\"https:\/\/www.padreeustaquio.com.br\/#\/schema\/person\/a2a51db1d00f1a7af0204a0f1ddb1566\",\"name\":\"@sscc\",\"image\":{\"@type\":\"ImageObject\",\"inLanguage\":\"en-US\",\"@id\":\"https:\/\/secure.gravatar.com\/avatar\/68cfafa5f44617fea54071e215026e0ff06be366c3d54a8425f04fdcb86f8c5f?s=96&d=mm&r=g\",\"url\":\"https:\/\/secure.gravatar.com\/avatar\/68cfafa5f44617fea54071e215026e0ff06be366c3d54a8425f04fdcb86f8c5f?s=96&d=mm&r=g\",\"contentUrl\":\"https:\/\/secure.gravatar.com\/avatar\/68cfafa5f44617fea54071e215026e0ff06be366c3d54a8425f04fdcb86f8c5f?s=96&d=mm&r=g\",\"caption\":\"@sscc\"},\"url\":\"https:\/\/www.padreeustaquio.com.br\/en\/author\/sscc\/\"}]}<\/script>\n<!-- \/ Yoast SEO plugin. -->","yoast_head_json":{"title":"Dom Walmor&#039;s homily on the day of the Beatification brings a message of Health and Peace.","description":"The bishop, inspired by Father Eustace, invited people to greet each other using the expression made famous by the Dutch priest: &quot;Health and Peace&quot;.","robots":{"index":"index","follow":"follow","max-snippet":"max-snippet:-1","max-image-preview":"max-image-preview:large","max-video-preview":"max-video-preview:-1"},"canonical":"https:\/\/www.padreeustaquio.com.br\/en\/dom-walmors-homily-on-the-day-of-the-beatification-brings-a-message-of-health-and-peace\/","og_locale":"en_US","og_type":"article","og_title":"Homilia de Dom Walmor no dia da Beatifica\u00e7\u00e3o traz mensagem de Sa\u00fade e Paz","og_description":"O bispo, inspirado em Padre Eust\u00e1quio, convidou as pessoas a se cumprimentarem usando a express\u00e3o que ficou famosa por ser usada pelo padre holand\u00eas: \u201cSa\u00fade e Paz\u201d.","og_url":"https:\/\/www.padreeustaquio.com.br\/en\/dom-walmors-homily-on-the-day-of-the-beatification-brings-a-message-of-health-and-peace\/","og_site_name":"Padre Eust\u00e1quio","article_publisher":"https:\/\/www.facebook.com\/beatopadreeustaquio\/","article_published_time":"2021-07-13T09:22:00+00:00","og_image":[{"width":1280,"height":851,"url":"https:\/\/www.padreeustaquio.com.br\/wp-content\/uploads\/2021\/07\/DOM-WALMOR-HOMILIA-BEATIFICACAO-MINEIRAO-PADRE-EUSTAQUIO.jpeg","type":"image\/jpeg"}],"author":"@sscc","twitter_card":"summary_large_image","twitter_creator":"@beatopeustaquio","twitter_site":"@beatopeustaquio","twitter_misc":{"Written by":"@sscc","Est. reading time":"1 minute"},"schema":{"@context":"https:\/\/schema.org","@graph":[{"@type":"Article","@id":"https:\/\/www.padreeustaquio.com.br\/homilia-de-dom-walmor-no-dia-da-beatificacao-traz-mensagem-de-saude-e-paz\/#article","isPartOf":{"@id":"https:\/\/www.padreeustaquio.com.br\/homilia-de-dom-walmor-no-dia-da-beatificacao-traz-mensagem-de-saude-e-paz\/"},"author":{"name":"@sscc","@id":"https:\/\/www.padreeustaquio.com.br\/#\/schema\/person\/a2a51db1d00f1a7af0204a0f1ddb1566"},"headline":"Homilia de Dom Walmor no dia da Beatifica\u00e7\u00e3o traz mensagem de Sa\u00fade e Paz","datePublished":"2021-07-13T09:22:00+00:00","mainEntityOfPage":{"@id":"https:\/\/www.padreeustaquio.com.br\/homilia-de-dom-walmor-no-dia-da-beatificacao-traz-mensagem-de-saude-e-paz\/"},"wordCount":254,"commentCount":0,"publisher":{"@id":"https:\/\/www.padreeustaquio.com.br\/#organization"},"image":{"@id":"https:\/\/www.padreeustaquio.com.br\/homilia-de-dom-walmor-no-dia-da-beatificacao-traz-mensagem-de-saude-e-paz\/#primaryimage"},"thumbnailUrl":"https:\/\/www.padreeustaquio.com.br\/wp-content\/uploads\/2021\/07\/DOM-WALMOR-HOMILIA-BEATIFICACAO-MINEIRAO-PADRE-EUSTAQUIO.jpeg","articleSection":["Not\u00edcias"],"inLanguage":"en-US","potentialAction":[{"@type":"CommentAction","name":"Comment","target":["https:\/\/www.padreeustaquio.com.br\/homilia-de-dom-walmor-no-dia-da-beatificacao-traz-mensagem-de-saude-e-paz\/#respond"]}]},{"@type":"WebPage","@id":"https:\/\/www.padreeustaquio.com.br\/homilia-de-dom-walmor-no-dia-da-beatificacao-traz-mensagem-de-saude-e-paz\/","url":"https:\/\/www.padreeustaquio.com.br\/homilia-de-dom-walmor-no-dia-da-beatificacao-traz-mensagem-de-saude-e-paz\/","name":"Dom Walmor&#039;s homily on the day of the Beatification brings a message of Health and Peace.","isPartOf":{"@id":"https:\/\/www.padreeustaquio.com.br\/#website"},"primaryImageOfPage":{"@id":"https:\/\/www.padreeustaquio.com.br\/homilia-de-dom-walmor-no-dia-da-beatificacao-traz-mensagem-de-saude-e-paz\/#primaryimage"},"image":{"@id":"https:\/\/www.padreeustaquio.com.br\/homilia-de-dom-walmor-no-dia-da-beatificacao-traz-mensagem-de-saude-e-paz\/#primaryimage"},"thumbnailUrl":"https:\/\/www.padreeustaquio.com.br\/wp-content\/uploads\/2021\/07\/DOM-WALMOR-HOMILIA-BEATIFICACAO-MINEIRAO-PADRE-EUSTAQUIO.jpeg","datePublished":"2021-07-13T09:22:00+00:00","description":"The bishop, inspired by Father Eustace, invited people to greet each other using the expression made famous by the Dutch priest: &quot;Health and Peace&quot;.","breadcrumb":{"@id":"https:\/\/www.padreeustaquio.com.br\/homilia-de-dom-walmor-no-dia-da-beatificacao-traz-mensagem-de-saude-e-paz\/#breadcrumb"},"inLanguage":"en-US","potentialAction":[{"@type":"ReadAction","target":["https:\/\/www.padreeustaquio.com.br\/homilia-de-dom-walmor-no-dia-da-beatificacao-traz-mensagem-de-saude-e-paz\/"]}]},{"@type":"ImageObject","inLanguage":"en-US","@id":"https:\/\/www.padreeustaquio.com.br\/homilia-de-dom-walmor-no-dia-da-beatificacao-traz-mensagem-de-saude-e-paz\/#primaryimage","url":"https:\/\/www.padreeustaquio.com.br\/wp-content\/uploads\/2021\/07\/DOM-WALMOR-HOMILIA-BEATIFICACAO-MINEIRAO-PADRE-EUSTAQUIO.jpeg","contentUrl":"https:\/\/www.padreeustaquio.com.br\/wp-content\/uploads\/2021\/07\/DOM-WALMOR-HOMILIA-BEATIFICACAO-MINEIRAO-PADRE-EUSTAQUIO.jpeg","width":1280,"height":851},{"@type":"BreadcrumbList","@id":"https:\/\/www.padreeustaquio.com.br\/homilia-de-dom-walmor-no-dia-da-beatificacao-traz-mensagem-de-saude-e-paz\/#breadcrumb","itemListElement":[{"@type":"ListItem","position":1,"name":"In\u00edcio","item":"https:\/\/www.padreeustaquio.com.br\/"},{"@type":"ListItem","position":2,"name":"Homilia de Dom Walmor no dia da Beatifica\u00e7\u00e3o traz mensagem de Sa\u00fade e Paz"}]},{"@type":"WebSite","@id":"https:\/\/www.padreeustaquio.com.br\/#website","url":"https:\/\/www.padreeustaquio.com.br\/","name":"FATHER EUST\u00c1QUIO","description":"Health and Peace","publisher":{"@id":"https:\/\/www.padreeustaquio.com.br\/#organization"},"potentialAction":[{"@type":"SearchAction","target":{"@type":"EntryPoint","urlTemplate":"https:\/\/www.padreeustaquio.com.br\/?s={search_term_string}"},"query-input":{"@type":"PropertyValueSpecification","valueRequired":true,"valueName":"search_term_string"}}],"inLanguage":"en-US"},{"@type":"Organization","@id":"https:\/\/www.padreeustaquio.com.br\/#organization","name":"FATHER EUST\u00c1QUIO","url":"https:\/\/www.padreeustaquio.com.br\/","logo":{"@type":"ImageObject","inLanguage":"en-US","@id":"https:\/\/www.padreeustaquio.com.br\/#\/schema\/logo\/image\/","url":"https:\/\/www.padreeustaquio.com.br\/wp-content\/uploads\/2019\/08\/marca.png","contentUrl":"https:\/\/www.padreeustaquio.com.br\/wp-content\/uploads\/2019\/08\/marca.png","width":350,"height":400,"caption":"Padre Eust\u00e1quio"},"image":{"@id":"https:\/\/www.padreeustaquio.com.br\/#\/schema\/logo\/image\/"},"sameAs":["https:\/\/www.facebook.com\/beatopadreeustaquio\/","https:\/\/x.com\/beatopeustaquio","https:\/\/www.instagram.com\/beatopadreeustaquio\/","https:\/\/www.youtube.com\/channel\/UCRhw7vfabnajwLxb1ZXMeIw"]},{"@type":"Person","@id":"https:\/\/www.padreeustaquio.com.br\/#\/schema\/person\/a2a51db1d00f1a7af0204a0f1ddb1566","name":"@sscc","image":{"@type":"ImageObject","inLanguage":"en-US","@id":"https:\/\/secure.gravatar.com\/avatar\/68cfafa5f44617fea54071e215026e0ff06be366c3d54a8425f04fdcb86f8c5f?s=96&d=mm&r=g","url":"https:\/\/secure.gravatar.com\/avatar\/68cfafa5f44617fea54071e215026e0ff06be366c3d54a8425f04fdcb86f8c5f?s=96&d=mm&r=g","contentUrl":"https:\/\/secure.gravatar.com\/avatar\/68cfafa5f44617fea54071e215026e0ff06be366c3d54a8425f04fdcb86f8c5f?s=96&d=mm&r=g","caption":"@sscc"},"url":"https:\/\/www.padreeustaquio.com.br\/en\/author\/sscc\/"}]}},"_links":{"self":[{"href":"https:\/\/www.padreeustaquio.com.br\/en\/wp-json\/wp\/v2\/posts\/6388","targetHints":{"allow":["GET"]}}],"collection":[{"href":"https:\/\/www.padreeustaquio.com.br\/en\/wp-json\/wp\/v2\/posts"}],"about":[{"href":"https:\/\/www.padreeustaquio.com.br\/en\/wp-json\/wp\/v2\/types\/post"}],"author":[{"embeddable":true,"href":"https:\/\/www.padreeustaquio.com.br\/en\/wp-json\/wp\/v2\/users\/2"}],"replies":[{"embeddable":true,"href":"https:\/\/www.padreeustaquio.com.br\/en\/wp-json\/wp\/v2\/comments?post=6388"}],"version-history":[{"count":0,"href":"https:\/\/www.padreeustaquio.com.br\/en\/wp-json\/wp\/v2\/posts\/6388\/revisions"}],"wp:featuredmedia":[{"embeddable":true,"href":"https:\/\/www.padreeustaquio.com.br\/en\/wp-json\/wp\/v2\/media\/6389"}],"wp:attachment":[{"href":"https:\/\/www.padreeustaquio.com.br\/en\/wp-json\/wp\/v2\/media?parent=6388"}],"wp:term":[{"taxonomy":"category","embeddable":true,"href":"https:\/\/www.padreeustaquio.com.br\/en\/wp-json\/wp\/v2\/categories?post=6388"},{"taxonomy":"post_tag","embeddable":true,"href":"https:\/\/www.padreeustaquio.com.br\/en\/wp-json\/wp\/v2\/tags?post=6388"}],"curies":[{"name":"wp","href":"https:\/\/api.w.org\/{rel}","templated":true}]}}