{"id":6021,"date":"2021-06-02T06:29:31","date_gmt":"2021-06-02T09:29:31","guid":{"rendered":"https:\/\/www.padreeustaquio.com.br\/?p=6021"},"modified":"2021-05-30T20:05:27","modified_gmt":"2021-05-30T23:05:27","slug":"find-out-where-your-donation-to-the-vice-presidential-candidate-is-going","status":"publish","type":"post","link":"https:\/\/www.padreeustaquio.com.br\/en\/find-out-where-your-donation-to-the-vice-presidential-candidate-is-going\/","title":{"rendered":"Find out where your donation to the Vice-Postulation is going."},"content":{"rendered":"<p>Did you know that when you support the Vice-Postulation of the Cause of Canonization, you are helping to spread the life and story of Blessed Father Eustace so that more people can learn about this example of life? In addition to investing in this outreach, you also help in the canonization process with the Holy See. This process presents the extraordinary facts to the Vatican so that Father Eustace can be recognized as a Saint.<\/p>\n<p>Furthermore, your donation helps support the Padre Eust\u00e1quio Daycare Center, which currently serves 260 children from Nursery I to the 2nd Period. It also contributes to the completion of two other children&#039;s institutions that will benefit many more families in Belo Horizonte. A dream of the Blessed One, which is being put into practice thanks to your help.<\/p>\n<p>It is also through your donation that we are able to put into practice the broadcasts of the celebrations from the Health and Peace Sanctuary, Father Eust\u00e1quio&#039;s church, especially during this period of social isolation that we are experiencing. To bring the masses to your home, it was necessary to invest heavily in equipment, and we continue to invest to this day, in addition to the maintenance of the broadcasts, which is not cheap.<\/p>\n<p>All the work we do and everything we have built to date has only been possible thanks to your help. Thank you so much for being part of the great family of the Friends of Blessed Father Eustace.<\/p>\n<p>Keep helping us with this dream! Make your donation through our Pix: (31) 99545-1943.<\/p>\n<p>Or through our account at Caixa Econ\u00f4mica Federal:<br \/>\nAgency: 0089 | Operation: 013<br \/>\nSavings account: 48.086-7<br \/>\nPadre Eust\u00e1quio Social Action \u2013 CNPJ: 17.193.756\/0001-05<\/p>","protected":false},"excerpt":{"rendered":"<p>Voc\u00ea sabia que, quando voc\u00ea ajuda a Vice-postula\u00e7\u00e3o da Causa de Canoniza\u00e7\u00e3o, est\u00e1 ajudando na divulga\u00e7\u00e3o da vida e hist\u00f3ria do Bem-aventurado Padre Eust\u00e1quio para que mais pessoas conhe\u00e7am este exemplo de vida? Al\u00e9m de investir nesta divulga\u00e7\u00e3o, voc\u00ea tamb\u00e9m ajuda no processo de canoniza\u00e7\u00e3o junto \u00e0 Santa S\u00e9. \u00c9 este processo que apresenta os fatos extraordin\u00e1rios ao Vaticano para que Padre Eust\u00e1quio possa ser reconhecido como Santo. Al\u00e9m disso, sua doa\u00e7\u00e3o ajuda na assist\u00eancia da Creche Padre Eust\u00e1quio, que atende, hoje, 260 crian\u00e7as desde o Maternal I at\u00e9 o 2\u00ba Per\u00edodo. E ainda contribui para a finaliza\u00e7\u00e3o de duas [&hellip;]<\/p>\n","protected":false},"author":2,"featured_media":6022,"comment_status":"open","ping_status":"closed","sticky":false,"template":"","format":"standard","meta":{"_acf_changed":false,"footnotes":""},"categories":[611],"tags":[],"class_list":["post-6021","post","type-post","status-publish","format-standard","has-post-thumbnail","hentry","category-noticias"],"acf":[],"yoast_head":"<!-- This site is optimized with the Yoast SEO plugin v27.2 - https:\/\/yoast.com\/product\/yoast-seo-wordpress\/ -->\n<title>Saiba para onde vai a sua doa\u00e7\u00e3o para a Vice-Postula\u00e7\u00e3o - Padre Eust\u00e1quio<\/title>\n<meta name=\"robots\" content=\"index, follow, max-snippet:-1, max-image-preview:large, max-video-preview:-1\" \/>\n<link rel=\"canonical\" href=\"https:\/\/www.padreeustaquio.com.br\/en\/find-out-where-your-donation-to-the-vice-presidential-candidate-is-going\/\" \/>\n<meta property=\"og:locale\" content=\"en_US\" \/>\n<meta property=\"og:type\" content=\"article\" \/>\n<meta property=\"og:title\" content=\"Saiba para onde vai a sua doa\u00e7\u00e3o para a Vice-Postula\u00e7\u00e3o - Padre Eust\u00e1quio\" \/>\n<meta property=\"og:description\" content=\"Voc\u00ea sabia que, quando voc\u00ea ajuda a Vice-postula\u00e7\u00e3o da Causa de Canoniza\u00e7\u00e3o, est\u00e1 ajudando na divulga\u00e7\u00e3o da vida e hist\u00f3ria do Bem-aventurado Padre Eust\u00e1quio para que mais pessoas conhe\u00e7am este exemplo de vida? Al\u00e9m de investir nesta divulga\u00e7\u00e3o, voc\u00ea tamb\u00e9m ajuda no processo de canoniza\u00e7\u00e3o junto \u00e0 Santa S\u00e9. \u00c9 este processo que apresenta os fatos extraordin\u00e1rios ao Vaticano para que Padre Eust\u00e1quio possa ser reconhecido como Santo. Al\u00e9m disso, sua doa\u00e7\u00e3o ajuda na assist\u00eancia da Creche Padre Eust\u00e1quio, que atende, hoje, 260 crian\u00e7as desde o Maternal I at\u00e9 o 2\u00ba Per\u00edodo. E ainda contribui para a finaliza\u00e7\u00e3o de duas [&hellip;]\" \/>\n<meta property=\"og:url\" content=\"https:\/\/www.padreeustaquio.com.br\/en\/find-out-where-your-donation-to-the-vice-presidential-candidate-is-going\/\" \/>\n<meta property=\"og:site_name\" content=\"Padre Eust\u00e1quio\" \/>\n<meta property=\"article:publisher\" content=\"https:\/\/www.facebook.com\/beatopadreeustaquio\/\" \/>\n<meta property=\"article:published_time\" content=\"2021-06-02T09:29:31+00:00\" \/>\n<meta property=\"og:image\" content=\"https:\/\/www.padreeustaquio.com.br\/wp-content\/uploads\/2021\/05\/PRA-ONDE-VAI-SUA-DOACAO.jpg\" \/>\n\t<meta property=\"og:image:width\" content=\"748\" \/>\n\t<meta property=\"og:image:height\" content=\"394\" \/>\n\t<meta property=\"og:image:type\" content=\"image\/jpeg\" \/>\n<meta name=\"author\" content=\"@sscc\" \/>\n<meta name=\"twitter:card\" content=\"summary_large_image\" \/>\n<meta name=\"twitter:creator\" content=\"@beatopeustaquio\" \/>\n<meta name=\"twitter:site\" content=\"@beatopeustaquio\" \/>\n<meta name=\"twitter:label1\" content=\"Written by\" \/>\n\t<meta name=\"twitter:data1\" content=\"@sscc\" \/>\n\t<meta name=\"twitter:label2\" content=\"Est. reading time\" \/>\n\t<meta name=\"twitter:data2\" content=\"1 minute\" \/>\n<script type=\"application\/ld+json\" class=\"yoast-schema-graph\">{\"@context\":\"https:\/\/schema.org\",\"@graph\":[{\"@type\":\"Article\",\"@id\":\"https:\/\/www.padreeustaquio.com.br\/saiba-para-onde-vai-a-sua-doacao-para-a-vice-postulacao\/#article\",\"isPartOf\":{\"@id\":\"https:\/\/www.padreeustaquio.com.br\/saiba-para-onde-vai-a-sua-doacao-para-a-vice-postulacao\/\"},\"author\":{\"name\":\"@sscc\",\"@id\":\"https:\/\/www.padreeustaquio.com.br\/#\/schema\/person\/a2a51db1d00f1a7af0204a0f1ddb1566\"},\"headline\":\"Saiba para onde vai a sua doa\u00e7\u00e3o para a Vice-Postula\u00e7\u00e3o\",\"datePublished\":\"2021-06-02T09:29:31+00:00\",\"mainEntityOfPage\":{\"@id\":\"https:\/\/www.padreeustaquio.com.br\/saiba-para-onde-vai-a-sua-doacao-para-a-vice-postulacao\/\"},\"wordCount\":311,\"commentCount\":0,\"publisher\":{\"@id\":\"https:\/\/www.padreeustaquio.com.br\/#organization\"},\"image\":{\"@id\":\"https:\/\/www.padreeustaquio.com.br\/saiba-para-onde-vai-a-sua-doacao-para-a-vice-postulacao\/#primaryimage\"},\"thumbnailUrl\":\"https:\/\/www.padreeustaquio.com.br\/wp-content\/uploads\/2021\/05\/PRA-ONDE-VAI-SUA-DOACAO.jpg\",\"articleSection\":[\"Not\u00edcias\"],\"inLanguage\":\"en-US\",\"potentialAction\":[{\"@type\":\"CommentAction\",\"name\":\"Comment\",\"target\":[\"https:\/\/www.padreeustaquio.com.br\/saiba-para-onde-vai-a-sua-doacao-para-a-vice-postulacao\/#respond\"]}]},{\"@type\":\"WebPage\",\"@id\":\"https:\/\/www.padreeustaquio.com.br\/saiba-para-onde-vai-a-sua-doacao-para-a-vice-postulacao\/\",\"url\":\"https:\/\/www.padreeustaquio.com.br\/saiba-para-onde-vai-a-sua-doacao-para-a-vice-postulacao\/\",\"name\":\"Saiba para onde vai a sua doa\u00e7\u00e3o para a Vice-Postula\u00e7\u00e3o - Padre Eust\u00e1quio\",\"isPartOf\":{\"@id\":\"https:\/\/www.padreeustaquio.com.br\/#website\"},\"primaryImageOfPage\":{\"@id\":\"https:\/\/www.padreeustaquio.com.br\/saiba-para-onde-vai-a-sua-doacao-para-a-vice-postulacao\/#primaryimage\"},\"image\":{\"@id\":\"https:\/\/www.padreeustaquio.com.br\/saiba-para-onde-vai-a-sua-doacao-para-a-vice-postulacao\/#primaryimage\"},\"thumbnailUrl\":\"https:\/\/www.padreeustaquio.com.br\/wp-content\/uploads\/2021\/05\/PRA-ONDE-VAI-SUA-DOACAO.jpg\",\"datePublished\":\"2021-06-02T09:29:31+00:00\",\"breadcrumb\":{\"@id\":\"https:\/\/www.padreeustaquio.com.br\/saiba-para-onde-vai-a-sua-doacao-para-a-vice-postulacao\/#breadcrumb\"},\"inLanguage\":\"en-US\",\"potentialAction\":[{\"@type\":\"ReadAction\",\"target\":[\"https:\/\/www.padreeustaquio.com.br\/saiba-para-onde-vai-a-sua-doacao-para-a-vice-postulacao\/\"]}]},{\"@type\":\"ImageObject\",\"inLanguage\":\"en-US\",\"@id\":\"https:\/\/www.padreeustaquio.com.br\/saiba-para-onde-vai-a-sua-doacao-para-a-vice-postulacao\/#primaryimage\",\"url\":\"https:\/\/www.padreeustaquio.com.br\/wp-content\/uploads\/2021\/05\/PRA-ONDE-VAI-SUA-DOACAO.jpg\",\"contentUrl\":\"https:\/\/www.padreeustaquio.com.br\/wp-content\/uploads\/2021\/05\/PRA-ONDE-VAI-SUA-DOACAO.jpg\",\"width\":748,\"height\":394},{\"@type\":\"BreadcrumbList\",\"@id\":\"https:\/\/www.padreeustaquio.com.br\/saiba-para-onde-vai-a-sua-doacao-para-a-vice-postulacao\/#breadcrumb\",\"itemListElement\":[{\"@type\":\"ListItem\",\"position\":1,\"name\":\"In\u00edcio\",\"item\":\"https:\/\/www.padreeustaquio.com.br\/\"},{\"@type\":\"ListItem\",\"position\":2,\"name\":\"Saiba para onde vai a sua doa\u00e7\u00e3o para a Vice-Postula\u00e7\u00e3o\"}]},{\"@type\":\"WebSite\",\"@id\":\"https:\/\/www.padreeustaquio.com.br\/#website\",\"url\":\"https:\/\/www.padreeustaquio.com.br\/\",\"name\":\"Padre Eust\u00e1quio\",\"description\":\"Sa\u00fade e Paz\",\"publisher\":{\"@id\":\"https:\/\/www.padreeustaquio.com.br\/#organization\"},\"potentialAction\":[{\"@type\":\"SearchAction\",\"target\":{\"@type\":\"EntryPoint\",\"urlTemplate\":\"https:\/\/www.padreeustaquio.com.br\/?s={search_term_string}\"},\"query-input\":{\"@type\":\"PropertyValueSpecification\",\"valueRequired\":true,\"valueName\":\"search_term_string\"}}],\"inLanguage\":\"en-US\"},{\"@type\":\"Organization\",\"@id\":\"https:\/\/www.padreeustaquio.com.br\/#organization\",\"name\":\"Padre Eust\u00e1quio\",\"url\":\"https:\/\/www.padreeustaquio.com.br\/\",\"logo\":{\"@type\":\"ImageObject\",\"inLanguage\":\"en-US\",\"@id\":\"https:\/\/www.padreeustaquio.com.br\/#\/schema\/logo\/image\/\",\"url\":\"https:\/\/www.padreeustaquio.com.br\/wp-content\/uploads\/2019\/08\/marca.png\",\"contentUrl\":\"https:\/\/www.padreeustaquio.com.br\/wp-content\/uploads\/2019\/08\/marca.png\",\"width\":350,\"height\":400,\"caption\":\"Padre Eust\u00e1quio\"},\"image\":{\"@id\":\"https:\/\/www.padreeustaquio.com.br\/#\/schema\/logo\/image\/\"},\"sameAs\":[\"https:\/\/www.facebook.com\/beatopadreeustaquio\/\",\"https:\/\/x.com\/beatopeustaquio\",\"https:\/\/www.instagram.com\/beatopadreeustaquio\/\",\"https:\/\/www.youtube.com\/channel\/UCRhw7vfabnajwLxb1ZXMeIw\"]},{\"@type\":\"Person\",\"@id\":\"https:\/\/www.padreeustaquio.com.br\/#\/schema\/person\/a2a51db1d00f1a7af0204a0f1ddb1566\",\"name\":\"@sscc\",\"image\":{\"@type\":\"ImageObject\",\"inLanguage\":\"en-US\",\"@id\":\"https:\/\/secure.gravatar.com\/avatar\/68cfafa5f44617fea54071e215026e0ff06be366c3d54a8425f04fdcb86f8c5f?s=96&d=mm&r=g\",\"url\":\"https:\/\/secure.gravatar.com\/avatar\/68cfafa5f44617fea54071e215026e0ff06be366c3d54a8425f04fdcb86f8c5f?s=96&d=mm&r=g\",\"contentUrl\":\"https:\/\/secure.gravatar.com\/avatar\/68cfafa5f44617fea54071e215026e0ff06be366c3d54a8425f04fdcb86f8c5f?s=96&d=mm&r=g\",\"caption\":\"@sscc\"},\"url\":\"https:\/\/www.padreeustaquio.com.br\/en\/author\/sscc\/\"}]}<\/script>\n<!-- \/ Yoast SEO plugin. -->","yoast_head_json":{"title":"Find out where your donation to the Vice-Postulation - Father Eust\u00e1quio is going.","robots":{"index":"index","follow":"follow","max-snippet":"max-snippet:-1","max-image-preview":"max-image-preview:large","max-video-preview":"max-video-preview:-1"},"canonical":"https:\/\/www.padreeustaquio.com.br\/en\/find-out-where-your-donation-to-the-vice-presidential-candidate-is-going\/","og_locale":"en_US","og_type":"article","og_title":"Saiba para onde vai a sua doa\u00e7\u00e3o para a Vice-Postula\u00e7\u00e3o - Padre Eust\u00e1quio","og_description":"Voc\u00ea sabia que, quando voc\u00ea ajuda a Vice-postula\u00e7\u00e3o da Causa de Canoniza\u00e7\u00e3o, est\u00e1 ajudando na divulga\u00e7\u00e3o da vida e hist\u00f3ria do Bem-aventurado Padre Eust\u00e1quio para que mais pessoas conhe\u00e7am este exemplo de vida? Al\u00e9m de investir nesta divulga\u00e7\u00e3o, voc\u00ea tamb\u00e9m ajuda no processo de canoniza\u00e7\u00e3o junto \u00e0 Santa S\u00e9. \u00c9 este processo que apresenta os fatos extraordin\u00e1rios ao Vaticano para que Padre Eust\u00e1quio possa ser reconhecido como Santo. Al\u00e9m disso, sua doa\u00e7\u00e3o ajuda na assist\u00eancia da Creche Padre Eust\u00e1quio, que atende, hoje, 260 crian\u00e7as desde o Maternal I at\u00e9 o 2\u00ba Per\u00edodo. E ainda contribui para a finaliza\u00e7\u00e3o de duas [&hellip;]","og_url":"https:\/\/www.padreeustaquio.com.br\/en\/find-out-where-your-donation-to-the-vice-presidential-candidate-is-going\/","og_site_name":"Padre Eust\u00e1quio","article_publisher":"https:\/\/www.facebook.com\/beatopadreeustaquio\/","article_published_time":"2021-06-02T09:29:31+00:00","og_image":[{"width":748,"height":394,"url":"https:\/\/www.padreeustaquio.com.br\/wp-content\/uploads\/2021\/05\/PRA-ONDE-VAI-SUA-DOACAO.jpg","type":"image\/jpeg"}],"author":"@sscc","twitter_card":"summary_large_image","twitter_creator":"@beatopeustaquio","twitter_site":"@beatopeustaquio","twitter_misc":{"Written by":"@sscc","Est. reading time":"1 minute"},"schema":{"@context":"https:\/\/schema.org","@graph":[{"@type":"Article","@id":"https:\/\/www.padreeustaquio.com.br\/saiba-para-onde-vai-a-sua-doacao-para-a-vice-postulacao\/#article","isPartOf":{"@id":"https:\/\/www.padreeustaquio.com.br\/saiba-para-onde-vai-a-sua-doacao-para-a-vice-postulacao\/"},"author":{"name":"@sscc","@id":"https:\/\/www.padreeustaquio.com.br\/#\/schema\/person\/a2a51db1d00f1a7af0204a0f1ddb1566"},"headline":"Saiba para onde vai a sua doa\u00e7\u00e3o para a Vice-Postula\u00e7\u00e3o","datePublished":"2021-06-02T09:29:31+00:00","mainEntityOfPage":{"@id":"https:\/\/www.padreeustaquio.com.br\/saiba-para-onde-vai-a-sua-doacao-para-a-vice-postulacao\/"},"wordCount":311,"commentCount":0,"publisher":{"@id":"https:\/\/www.padreeustaquio.com.br\/#organization"},"image":{"@id":"https:\/\/www.padreeustaquio.com.br\/saiba-para-onde-vai-a-sua-doacao-para-a-vice-postulacao\/#primaryimage"},"thumbnailUrl":"https:\/\/www.padreeustaquio.com.br\/wp-content\/uploads\/2021\/05\/PRA-ONDE-VAI-SUA-DOACAO.jpg","articleSection":["Not\u00edcias"],"inLanguage":"en-US","potentialAction":[{"@type":"CommentAction","name":"Comment","target":["https:\/\/www.padreeustaquio.com.br\/saiba-para-onde-vai-a-sua-doacao-para-a-vice-postulacao\/#respond"]}]},{"@type":"WebPage","@id":"https:\/\/www.padreeustaquio.com.br\/saiba-para-onde-vai-a-sua-doacao-para-a-vice-postulacao\/","url":"https:\/\/www.padreeustaquio.com.br\/saiba-para-onde-vai-a-sua-doacao-para-a-vice-postulacao\/","name":"Find out where your donation to the Vice-Postulation - Father Eust\u00e1quio is going.","isPartOf":{"@id":"https:\/\/www.padreeustaquio.com.br\/#website"},"primaryImageOfPage":{"@id":"https:\/\/www.padreeustaquio.com.br\/saiba-para-onde-vai-a-sua-doacao-para-a-vice-postulacao\/#primaryimage"},"image":{"@id":"https:\/\/www.padreeustaquio.com.br\/saiba-para-onde-vai-a-sua-doacao-para-a-vice-postulacao\/#primaryimage"},"thumbnailUrl":"https:\/\/www.padreeustaquio.com.br\/wp-content\/uploads\/2021\/05\/PRA-ONDE-VAI-SUA-DOACAO.jpg","datePublished":"2021-06-02T09:29:31+00:00","breadcrumb":{"@id":"https:\/\/www.padreeustaquio.com.br\/saiba-para-onde-vai-a-sua-doacao-para-a-vice-postulacao\/#breadcrumb"},"inLanguage":"en-US","potentialAction":[{"@type":"ReadAction","target":["https:\/\/www.padreeustaquio.com.br\/saiba-para-onde-vai-a-sua-doacao-para-a-vice-postulacao\/"]}]},{"@type":"ImageObject","inLanguage":"en-US","@id":"https:\/\/www.padreeustaquio.com.br\/saiba-para-onde-vai-a-sua-doacao-para-a-vice-postulacao\/#primaryimage","url":"https:\/\/www.padreeustaquio.com.br\/wp-content\/uploads\/2021\/05\/PRA-ONDE-VAI-SUA-DOACAO.jpg","contentUrl":"https:\/\/www.padreeustaquio.com.br\/wp-content\/uploads\/2021\/05\/PRA-ONDE-VAI-SUA-DOACAO.jpg","width":748,"height":394},{"@type":"BreadcrumbList","@id":"https:\/\/www.padreeustaquio.com.br\/saiba-para-onde-vai-a-sua-doacao-para-a-vice-postulacao\/#breadcrumb","itemListElement":[{"@type":"ListItem","position":1,"name":"In\u00edcio","item":"https:\/\/www.padreeustaquio.com.br\/"},{"@type":"ListItem","position":2,"name":"Saiba para onde vai a sua doa\u00e7\u00e3o para a Vice-Postula\u00e7\u00e3o"}]},{"@type":"WebSite","@id":"https:\/\/www.padreeustaquio.com.br\/#website","url":"https:\/\/www.padreeustaquio.com.br\/","name":"FATHER EUST\u00c1QUIO","description":"Health and Peace","publisher":{"@id":"https:\/\/www.padreeustaquio.com.br\/#organization"},"potentialAction":[{"@type":"SearchAction","target":{"@type":"EntryPoint","urlTemplate":"https:\/\/www.padreeustaquio.com.br\/?s={search_term_string}"},"query-input":{"@type":"PropertyValueSpecification","valueRequired":true,"valueName":"search_term_string"}}],"inLanguage":"en-US"},{"@type":"Organization","@id":"https:\/\/www.padreeustaquio.com.br\/#organization","name":"FATHER EUST\u00c1QUIO","url":"https:\/\/www.padreeustaquio.com.br\/","logo":{"@type":"ImageObject","inLanguage":"en-US","@id":"https:\/\/www.padreeustaquio.com.br\/#\/schema\/logo\/image\/","url":"https:\/\/www.padreeustaquio.com.br\/wp-content\/uploads\/2019\/08\/marca.png","contentUrl":"https:\/\/www.padreeustaquio.com.br\/wp-content\/uploads\/2019\/08\/marca.png","width":350,"height":400,"caption":"Padre Eust\u00e1quio"},"image":{"@id":"https:\/\/www.padreeustaquio.com.br\/#\/schema\/logo\/image\/"},"sameAs":["https:\/\/www.facebook.com\/beatopadreeustaquio\/","https:\/\/x.com\/beatopeustaquio","https:\/\/www.instagram.com\/beatopadreeustaquio\/","https:\/\/www.youtube.com\/channel\/UCRhw7vfabnajwLxb1ZXMeIw"]},{"@type":"Person","@id":"https:\/\/www.padreeustaquio.com.br\/#\/schema\/person\/a2a51db1d00f1a7af0204a0f1ddb1566","name":"@sscc","image":{"@type":"ImageObject","inLanguage":"en-US","@id":"https:\/\/secure.gravatar.com\/avatar\/68cfafa5f44617fea54071e215026e0ff06be366c3d54a8425f04fdcb86f8c5f?s=96&d=mm&r=g","url":"https:\/\/secure.gravatar.com\/avatar\/68cfafa5f44617fea54071e215026e0ff06be366c3d54a8425f04fdcb86f8c5f?s=96&d=mm&r=g","contentUrl":"https:\/\/secure.gravatar.com\/avatar\/68cfafa5f44617fea54071e215026e0ff06be366c3d54a8425f04fdcb86f8c5f?s=96&d=mm&r=g","caption":"@sscc"},"url":"https:\/\/www.padreeustaquio.com.br\/en\/author\/sscc\/"}]}},"_links":{"self":[{"href":"https:\/\/www.padreeustaquio.com.br\/en\/wp-json\/wp\/v2\/posts\/6021","targetHints":{"allow":["GET"]}}],"collection":[{"href":"https:\/\/www.padreeustaquio.com.br\/en\/wp-json\/wp\/v2\/posts"}],"about":[{"href":"https:\/\/www.padreeustaquio.com.br\/en\/wp-json\/wp\/v2\/types\/post"}],"author":[{"embeddable":true,"href":"https:\/\/www.padreeustaquio.com.br\/en\/wp-json\/wp\/v2\/users\/2"}],"replies":[{"embeddable":true,"href":"https:\/\/www.padreeustaquio.com.br\/en\/wp-json\/wp\/v2\/comments?post=6021"}],"version-history":[{"count":0,"href":"https:\/\/www.padreeustaquio.com.br\/en\/wp-json\/wp\/v2\/posts\/6021\/revisions"}],"wp:featuredmedia":[{"embeddable":true,"href":"https:\/\/www.padreeustaquio.com.br\/en\/wp-json\/wp\/v2\/media\/6022"}],"wp:attachment":[{"href":"https:\/\/www.padreeustaquio.com.br\/en\/wp-json\/wp\/v2\/media?parent=6021"}],"wp:term":[{"taxonomy":"category","embeddable":true,"href":"https:\/\/www.padreeustaquio.com.br\/en\/wp-json\/wp\/v2\/categories?post=6021"},{"taxonomy":"post_tag","embeddable":true,"href":"https:\/\/www.padreeustaquio.com.br\/en\/wp-json\/wp\/v2\/tags?post=6021"}],"curies":[{"name":"wp","href":"https:\/\/api.w.org\/{rel}","templated":true}]}}