{"id":5960,"date":"2021-05-27T06:31:23","date_gmt":"2021-05-27T09:31:23","guid":{"rendered":"https:\/\/www.padreeustaquio.com.br\/?p=5960"},"modified":"2021-05-24T19:57:53","modified_gmt":"2021-05-24T22:57:53","slug":"15-years-since-the-beatification-meet-the-vice-postulators-of-the-cause","status":"publish","type":"post","link":"https:\/\/www.padreeustaquio.com.br\/en\/15-years-since-the-beatification-meet-the-vice-postulators-of-the-cause\/","title":{"rendered":"15 YEARS SINCE THE BEATIFICATION \u2013 Meet the vice-postulators of the Cause"},"content":{"rendered":"<p>Acclaimed by the population for various graces attributed to him, Father Eust\u00e1quio caught the attention of the church, which opened a canonization process for the Dutch priest in 1956. However, the process, which had Father Alfredo Elfrink, ss.cc, as its first Vice-Postulator, continues to this day with Father Vin\u00edcius Maciel, ss.cc.<\/p>\n<p>The vice-postulators work directly with the Canonization process and are responsible for gathering all the material involving extraordinary events attributed to the intercession of Father Eust\u00e1quio. It was through their work that the priest is now recognized as Blessed by the Catholic Church.<\/p>\n<p>Meet the vice-postulators who have been part of the cause since 1956:<\/p>\n<p><img decoding=\"async\" class=\"wp-image-4980 alignleft\" src=\"https:\/\/www.padreeustaquio.com.br\/wp-content\/uploads\/2021\/02\/PADRE-ALFREDO-1-195x300.jpg\" alt=\"\" width=\"86\" height=\"131\" \/><\/p>\n<p>Father Alfredo Elfrink<br \/>\nVice postulator from 1956 to 1974<\/p>\n<p>&nbsp;<\/p>\n<p><img decoding=\"async\" class=\"wp-image-4966 alignleft\" src=\"https:\/\/www.padreeustaquio.com.br\/wp-content\/uploads\/2021\/02\/PADRE-AN\u00cdBAL-195x300.jpg\" alt=\"\" width=\"84\" height=\"129\" srcset=\"https:\/\/www.padreeustaquio.com.br\/wp-content\/uploads\/2021\/02\/PADRE-AN\u00cdBAL-195x300.jpg 195w, https:\/\/www.padreeustaquio.com.br\/wp-content\/uploads\/2021\/02\/PADRE-AN\u00cdBAL.jpg 614w\" sizes=\"(max-width: 84px) 100vw, 84px\" \/><\/p>\n<p>Father An\u00edbal Lasaf\u00e1<br \/>\n1970 to 1986<\/p>\n<p>&nbsp;<\/p>\n<p><img decoding=\"async\" class=\"wp-image-4967 alignleft\" src=\"https:\/\/www.padreeustaquio.com.br\/wp-content\/uploads\/2021\/02\/PADRE-WALTER-195x300.jpg\" alt=\"\" width=\"76\" height=\"116\" srcset=\"https:\/\/www.padreeustaquio.com.br\/wp-content\/uploads\/2021\/02\/PADRE-WALTER-195x300.jpg 195w, https:\/\/www.padreeustaquio.com.br\/wp-content\/uploads\/2021\/02\/PADRE-WALTER.jpg 614w\" sizes=\"(max-width: 76px) 100vw, 76px\" \/><\/p>\n<p>Father Walter Donatti<br \/>\n1986 to 1997<\/p>\n<p>&nbsp;<\/p>\n<p><img loading=\"lazy\" decoding=\"async\" class=\"wp-image-4968 alignleft\" src=\"https:\/\/www.padreeustaquio.com.br\/wp-content\/uploads\/2021\/02\/PADRE-L\u00daCIO-195x300.jpg\" alt=\"\" width=\"76\" height=\"117\" srcset=\"https:\/\/www.padreeustaquio.com.br\/wp-content\/uploads\/2021\/02\/PADRE-L\u00daCIO-195x300.jpg 195w, https:\/\/www.padreeustaquio.com.br\/wp-content\/uploads\/2021\/02\/PADRE-L\u00daCIO.jpg 614w\" sizes=\"(max-width: 76px) 100vw, 76px\" \/><\/p>\n<p>Father Lucio Dumont<br \/>\n1997 to 2008<\/p>\n<p>&nbsp;<\/p>\n<p><img loading=\"lazy\" decoding=\"async\" class=\"wp-image-2707 alignleft\" src=\"https:\/\/www.padreeustaquio.com.br\/wp-content\/uploads\/2019\/08\/PADRE-MARCUS-VINICIUS-MACIEL-300x253.jpg\" alt=\"\" width=\"107\" height=\"90\" \/><\/p>\n<p>Father Vinicius Maciel<br \/>\n2008 to the present day<\/p>\n<p>&nbsp;<\/p>","protected":false},"excerpt":{"rendered":"<p>Aclamado pela popula\u00e7\u00e3o por diversas gra\u00e7as atribu\u00eddas a ele, Padre Eust\u00e1quio chamou aten\u00e7\u00e3o da igreja que abriu em 1956 um processo de Canoniza\u00e7\u00e3o do padre holand\u00eas. Mas o processo, que teve como primeiro Vice-postuador Padre Alfredo Elfrink, ss.cc, se estende ate hoje com padre Vin\u00edcius Maciel, ss.cc. Os vice-postuladores trabalham diretamente com o processo de Canoniza\u00e7\u00e3o e s\u00e3o respons\u00e1veis por reunir todo material envolvendo fatos extraordin\u00e1rios atribu\u00eddos \u00e0 intercess\u00e3o do Padre Eust\u00e1quio. Foi atrav\u00e9s do trabalho deles que hoje o padre \u00e9 reconhecido como Beato pela Igreja Cat\u00f3lica. Conhe\u00e7a agora os vice-postuladores que fizeram parte da causa desde 1956: Padre [&hellip;]<\/p>\n","protected":false},"author":2,"featured_media":5961,"comment_status":"open","ping_status":"closed","sticky":false,"template":"","format":"standard","meta":{"_acf_changed":false,"footnotes":""},"categories":[611],"tags":[],"class_list":["post-5960","post","type-post","status-publish","format-standard","has-post-thumbnail","hentry","category-noticias"],"acf":[],"yoast_head":"<!-- This site is optimized with the Yoast SEO plugin v27.2 - https:\/\/yoast.com\/product\/yoast-seo-wordpress\/ -->\n<title>15 ANOS DA BEATIFICA\u00c7\u00c3O \u2013 Conhe\u00e7a os vice-postuladores da Causa - Padre Eust\u00e1quio<\/title>\n<meta name=\"robots\" content=\"index, follow, max-snippet:-1, max-image-preview:large, max-video-preview:-1\" \/>\n<link rel=\"canonical\" href=\"https:\/\/www.padreeustaquio.com.br\/en\/15-years-since-the-beatification-meet-the-vice-postulators-of-the-cause\/\" \/>\n<meta property=\"og:locale\" content=\"en_US\" \/>\n<meta property=\"og:type\" content=\"article\" \/>\n<meta property=\"og:title\" content=\"15 ANOS DA BEATIFICA\u00c7\u00c3O \u2013 Conhe\u00e7a os vice-postuladores da Causa - Padre Eust\u00e1quio\" \/>\n<meta property=\"og:description\" content=\"Aclamado pela popula\u00e7\u00e3o por diversas gra\u00e7as atribu\u00eddas a ele, Padre Eust\u00e1quio chamou aten\u00e7\u00e3o da igreja que abriu em 1956 um processo de Canoniza\u00e7\u00e3o do padre holand\u00eas. Mas o processo, que teve como primeiro Vice-postuador Padre Alfredo Elfrink, ss.cc, se estende ate hoje com padre Vin\u00edcius Maciel, ss.cc. Os vice-postuladores trabalham diretamente com o processo de Canoniza\u00e7\u00e3o e s\u00e3o respons\u00e1veis por reunir todo material envolvendo fatos extraordin\u00e1rios atribu\u00eddos \u00e0 intercess\u00e3o do Padre Eust\u00e1quio. Foi atrav\u00e9s do trabalho deles que hoje o padre \u00e9 reconhecido como Beato pela Igreja Cat\u00f3lica. Conhe\u00e7a agora os vice-postuladores que fizeram parte da causa desde 1956: Padre [&hellip;]\" \/>\n<meta property=\"og:url\" content=\"https:\/\/www.padreeustaquio.com.br\/en\/15-years-since-the-beatification-meet-the-vice-postulators-of-the-cause\/\" \/>\n<meta property=\"og:site_name\" content=\"Padre Eust\u00e1quio\" \/>\n<meta property=\"article:publisher\" content=\"https:\/\/www.facebook.com\/beatopadreeustaquio\/\" \/>\n<meta property=\"article:published_time\" content=\"2021-05-27T09:31:23+00:00\" \/>\n<meta property=\"og:image\" content=\"https:\/\/www.padreeustaquio.com.br\/wp-content\/uploads\/2021\/05\/Padre-Alfredo-Elfrink-primeiro-vice-postulador-causa-canonizacao-padre-eustaquio-defendendo-o-processo.jpeg\" \/>\n\t<meta property=\"og:image:width\" content=\"700\" \/>\n\t<meta property=\"og:image:height\" content=\"464\" \/>\n\t<meta property=\"og:image:type\" content=\"image\/jpeg\" \/>\n<meta name=\"author\" content=\"@sscc\" \/>\n<meta name=\"twitter:card\" content=\"summary_large_image\" \/>\n<meta name=\"twitter:creator\" content=\"@beatopeustaquio\" \/>\n<meta name=\"twitter:site\" content=\"@beatopeustaquio\" \/>\n<meta name=\"twitter:label1\" content=\"Written by\" \/>\n\t<meta name=\"twitter:data1\" content=\"@sscc\" \/>\n\t<meta name=\"twitter:label2\" content=\"Est. reading time\" \/>\n\t<meta name=\"twitter:data2\" content=\"1 minute\" \/>\n<script type=\"application\/ld+json\" class=\"yoast-schema-graph\">{\"@context\":\"https:\/\/schema.org\",\"@graph\":[{\"@type\":\"Article\",\"@id\":\"https:\/\/www.padreeustaquio.com.br\/15-anos-da-beatificacao-conheca-os-vice-postuladores-da-causa\/#article\",\"isPartOf\":{\"@id\":\"https:\/\/www.padreeustaquio.com.br\/15-anos-da-beatificacao-conheca-os-vice-postuladores-da-causa\/\"},\"author\":{\"name\":\"@sscc\",\"@id\":\"https:\/\/www.padreeustaquio.com.br\/#\/schema\/person\/a2a51db1d00f1a7af0204a0f1ddb1566\"},\"headline\":\"15 ANOS DA BEATIFICA\u00c7\u00c3O \u2013 Conhe\u00e7a os vice-postuladores da Causa\",\"datePublished\":\"2021-05-27T09:31:23+00:00\",\"mainEntityOfPage\":{\"@id\":\"https:\/\/www.padreeustaquio.com.br\/15-anos-da-beatificacao-conheca-os-vice-postuladores-da-causa\/\"},\"wordCount\":157,\"commentCount\":0,\"publisher\":{\"@id\":\"https:\/\/www.padreeustaquio.com.br\/#organization\"},\"image\":{\"@id\":\"https:\/\/www.padreeustaquio.com.br\/15-anos-da-beatificacao-conheca-os-vice-postuladores-da-causa\/#primaryimage\"},\"thumbnailUrl\":\"https:\/\/www.padreeustaquio.com.br\/wp-content\/uploads\/2021\/05\/Padre-Alfredo-Elfrink-primeiro-vice-postulador-causa-canonizacao-padre-eustaquio-defendendo-o-processo.jpeg\",\"articleSection\":[\"Not\u00edcias\"],\"inLanguage\":\"en-US\",\"potentialAction\":[{\"@type\":\"CommentAction\",\"name\":\"Comment\",\"target\":[\"https:\/\/www.padreeustaquio.com.br\/15-anos-da-beatificacao-conheca-os-vice-postuladores-da-causa\/#respond\"]}]},{\"@type\":\"WebPage\",\"@id\":\"https:\/\/www.padreeustaquio.com.br\/15-anos-da-beatificacao-conheca-os-vice-postuladores-da-causa\/\",\"url\":\"https:\/\/www.padreeustaquio.com.br\/15-anos-da-beatificacao-conheca-os-vice-postuladores-da-causa\/\",\"name\":\"15 ANOS DA BEATIFICA\u00c7\u00c3O \u2013 Conhe\u00e7a os vice-postuladores da Causa - Padre Eust\u00e1quio\",\"isPartOf\":{\"@id\":\"https:\/\/www.padreeustaquio.com.br\/#website\"},\"primaryImageOfPage\":{\"@id\":\"https:\/\/www.padreeustaquio.com.br\/15-anos-da-beatificacao-conheca-os-vice-postuladores-da-causa\/#primaryimage\"},\"image\":{\"@id\":\"https:\/\/www.padreeustaquio.com.br\/15-anos-da-beatificacao-conheca-os-vice-postuladores-da-causa\/#primaryimage\"},\"thumbnailUrl\":\"https:\/\/www.padreeustaquio.com.br\/wp-content\/uploads\/2021\/05\/Padre-Alfredo-Elfrink-primeiro-vice-postulador-causa-canonizacao-padre-eustaquio-defendendo-o-processo.jpeg\",\"datePublished\":\"2021-05-27T09:31:23+00:00\",\"breadcrumb\":{\"@id\":\"https:\/\/www.padreeustaquio.com.br\/15-anos-da-beatificacao-conheca-os-vice-postuladores-da-causa\/#breadcrumb\"},\"inLanguage\":\"en-US\",\"potentialAction\":[{\"@type\":\"ReadAction\",\"target\":[\"https:\/\/www.padreeustaquio.com.br\/15-anos-da-beatificacao-conheca-os-vice-postuladores-da-causa\/\"]}]},{\"@type\":\"ImageObject\",\"inLanguage\":\"en-US\",\"@id\":\"https:\/\/www.padreeustaquio.com.br\/15-anos-da-beatificacao-conheca-os-vice-postuladores-da-causa\/#primaryimage\",\"url\":\"https:\/\/www.padreeustaquio.com.br\/wp-content\/uploads\/2021\/05\/Padre-Alfredo-Elfrink-primeiro-vice-postulador-causa-canonizacao-padre-eustaquio-defendendo-o-processo.jpeg\",\"contentUrl\":\"https:\/\/www.padreeustaquio.com.br\/wp-content\/uploads\/2021\/05\/Padre-Alfredo-Elfrink-primeiro-vice-postulador-causa-canonizacao-padre-eustaquio-defendendo-o-processo.jpeg\",\"width\":700,\"height\":464},{\"@type\":\"BreadcrumbList\",\"@id\":\"https:\/\/www.padreeustaquio.com.br\/15-anos-da-beatificacao-conheca-os-vice-postuladores-da-causa\/#breadcrumb\",\"itemListElement\":[{\"@type\":\"ListItem\",\"position\":1,\"name\":\"In\u00edcio\",\"item\":\"https:\/\/www.padreeustaquio.com.br\/\"},{\"@type\":\"ListItem\",\"position\":2,\"name\":\"15 ANOS DA BEATIFICA\u00c7\u00c3O \u2013 Conhe\u00e7a os vice-postuladores da Causa\"}]},{\"@type\":\"WebSite\",\"@id\":\"https:\/\/www.padreeustaquio.com.br\/#website\",\"url\":\"https:\/\/www.padreeustaquio.com.br\/\",\"name\":\"Padre Eust\u00e1quio\",\"description\":\"Sa\u00fade e Paz\",\"publisher\":{\"@id\":\"https:\/\/www.padreeustaquio.com.br\/#organization\"},\"potentialAction\":[{\"@type\":\"SearchAction\",\"target\":{\"@type\":\"EntryPoint\",\"urlTemplate\":\"https:\/\/www.padreeustaquio.com.br\/?s={search_term_string}\"},\"query-input\":{\"@type\":\"PropertyValueSpecification\",\"valueRequired\":true,\"valueName\":\"search_term_string\"}}],\"inLanguage\":\"en-US\"},{\"@type\":\"Organization\",\"@id\":\"https:\/\/www.padreeustaquio.com.br\/#organization\",\"name\":\"Padre Eust\u00e1quio\",\"url\":\"https:\/\/www.padreeustaquio.com.br\/\",\"logo\":{\"@type\":\"ImageObject\",\"inLanguage\":\"en-US\",\"@id\":\"https:\/\/www.padreeustaquio.com.br\/#\/schema\/logo\/image\/\",\"url\":\"https:\/\/www.padreeustaquio.com.br\/wp-content\/uploads\/2019\/08\/marca.png\",\"contentUrl\":\"https:\/\/www.padreeustaquio.com.br\/wp-content\/uploads\/2019\/08\/marca.png\",\"width\":350,\"height\":400,\"caption\":\"Padre Eust\u00e1quio\"},\"image\":{\"@id\":\"https:\/\/www.padreeustaquio.com.br\/#\/schema\/logo\/image\/\"},\"sameAs\":[\"https:\/\/www.facebook.com\/beatopadreeustaquio\/\",\"https:\/\/x.com\/beatopeustaquio\",\"https:\/\/www.instagram.com\/beatopadreeustaquio\/\",\"https:\/\/www.youtube.com\/channel\/UCRhw7vfabnajwLxb1ZXMeIw\"]},{\"@type\":\"Person\",\"@id\":\"https:\/\/www.padreeustaquio.com.br\/#\/schema\/person\/a2a51db1d00f1a7af0204a0f1ddb1566\",\"name\":\"@sscc\",\"image\":{\"@type\":\"ImageObject\",\"inLanguage\":\"en-US\",\"@id\":\"https:\/\/secure.gravatar.com\/avatar\/68cfafa5f44617fea54071e215026e0ff06be366c3d54a8425f04fdcb86f8c5f?s=96&d=mm&r=g\",\"url\":\"https:\/\/secure.gravatar.com\/avatar\/68cfafa5f44617fea54071e215026e0ff06be366c3d54a8425f04fdcb86f8c5f?s=96&d=mm&r=g\",\"contentUrl\":\"https:\/\/secure.gravatar.com\/avatar\/68cfafa5f44617fea54071e215026e0ff06be366c3d54a8425f04fdcb86f8c5f?s=96&d=mm&r=g\",\"caption\":\"@sscc\"},\"url\":\"https:\/\/www.padreeustaquio.com.br\/en\/author\/sscc\/\"}]}<\/script>\n<!-- \/ Yoast SEO plugin. -->","yoast_head_json":{"title":"15 YEARS SINCE THE BEATIFICATION \u2013 Meet the vice-postulators of the Cause - Father Eust\u00e1quio","robots":{"index":"index","follow":"follow","max-snippet":"max-snippet:-1","max-image-preview":"max-image-preview:large","max-video-preview":"max-video-preview:-1"},"canonical":"https:\/\/www.padreeustaquio.com.br\/en\/15-years-since-the-beatification-meet-the-vice-postulators-of-the-cause\/","og_locale":"en_US","og_type":"article","og_title":"15 ANOS DA BEATIFICA\u00c7\u00c3O \u2013 Conhe\u00e7a os vice-postuladores da Causa - Padre Eust\u00e1quio","og_description":"Aclamado pela popula\u00e7\u00e3o por diversas gra\u00e7as atribu\u00eddas a ele, Padre Eust\u00e1quio chamou aten\u00e7\u00e3o da igreja que abriu em 1956 um processo de Canoniza\u00e7\u00e3o do padre holand\u00eas. Mas o processo, que teve como primeiro Vice-postuador Padre Alfredo Elfrink, ss.cc, se estende ate hoje com padre Vin\u00edcius Maciel, ss.cc. Os vice-postuladores trabalham diretamente com o processo de Canoniza\u00e7\u00e3o e s\u00e3o respons\u00e1veis por reunir todo material envolvendo fatos extraordin\u00e1rios atribu\u00eddos \u00e0 intercess\u00e3o do Padre Eust\u00e1quio. Foi atrav\u00e9s do trabalho deles que hoje o padre \u00e9 reconhecido como Beato pela Igreja Cat\u00f3lica. Conhe\u00e7a agora os vice-postuladores que fizeram parte da causa desde 1956: Padre [&hellip;]","og_url":"https:\/\/www.padreeustaquio.com.br\/en\/15-years-since-the-beatification-meet-the-vice-postulators-of-the-cause\/","og_site_name":"Padre Eust\u00e1quio","article_publisher":"https:\/\/www.facebook.com\/beatopadreeustaquio\/","article_published_time":"2021-05-27T09:31:23+00:00","og_image":[{"width":700,"height":464,"url":"https:\/\/www.padreeustaquio.com.br\/wp-content\/uploads\/2021\/05\/Padre-Alfredo-Elfrink-primeiro-vice-postulador-causa-canonizacao-padre-eustaquio-defendendo-o-processo.jpeg","type":"image\/jpeg"}],"author":"@sscc","twitter_card":"summary_large_image","twitter_creator":"@beatopeustaquio","twitter_site":"@beatopeustaquio","twitter_misc":{"Written by":"@sscc","Est. reading time":"1 minute"},"schema":{"@context":"https:\/\/schema.org","@graph":[{"@type":"Article","@id":"https:\/\/www.padreeustaquio.com.br\/15-anos-da-beatificacao-conheca-os-vice-postuladores-da-causa\/#article","isPartOf":{"@id":"https:\/\/www.padreeustaquio.com.br\/15-anos-da-beatificacao-conheca-os-vice-postuladores-da-causa\/"},"author":{"name":"@sscc","@id":"https:\/\/www.padreeustaquio.com.br\/#\/schema\/person\/a2a51db1d00f1a7af0204a0f1ddb1566"},"headline":"15 ANOS DA BEATIFICA\u00c7\u00c3O \u2013 Conhe\u00e7a os vice-postuladores da Causa","datePublished":"2021-05-27T09:31:23+00:00","mainEntityOfPage":{"@id":"https:\/\/www.padreeustaquio.com.br\/15-anos-da-beatificacao-conheca-os-vice-postuladores-da-causa\/"},"wordCount":157,"commentCount":0,"publisher":{"@id":"https:\/\/www.padreeustaquio.com.br\/#organization"},"image":{"@id":"https:\/\/www.padreeustaquio.com.br\/15-anos-da-beatificacao-conheca-os-vice-postuladores-da-causa\/#primaryimage"},"thumbnailUrl":"https:\/\/www.padreeustaquio.com.br\/wp-content\/uploads\/2021\/05\/Padre-Alfredo-Elfrink-primeiro-vice-postulador-causa-canonizacao-padre-eustaquio-defendendo-o-processo.jpeg","articleSection":["Not\u00edcias"],"inLanguage":"en-US","potentialAction":[{"@type":"CommentAction","name":"Comment","target":["https:\/\/www.padreeustaquio.com.br\/15-anos-da-beatificacao-conheca-os-vice-postuladores-da-causa\/#respond"]}]},{"@type":"WebPage","@id":"https:\/\/www.padreeustaquio.com.br\/15-anos-da-beatificacao-conheca-os-vice-postuladores-da-causa\/","url":"https:\/\/www.padreeustaquio.com.br\/15-anos-da-beatificacao-conheca-os-vice-postuladores-da-causa\/","name":"15 YEARS SINCE THE BEATIFICATION \u2013 Meet the vice-postulators of the Cause - Father Eust\u00e1quio","isPartOf":{"@id":"https:\/\/www.padreeustaquio.com.br\/#website"},"primaryImageOfPage":{"@id":"https:\/\/www.padreeustaquio.com.br\/15-anos-da-beatificacao-conheca-os-vice-postuladores-da-causa\/#primaryimage"},"image":{"@id":"https:\/\/www.padreeustaquio.com.br\/15-anos-da-beatificacao-conheca-os-vice-postuladores-da-causa\/#primaryimage"},"thumbnailUrl":"https:\/\/www.padreeustaquio.com.br\/wp-content\/uploads\/2021\/05\/Padre-Alfredo-Elfrink-primeiro-vice-postulador-causa-canonizacao-padre-eustaquio-defendendo-o-processo.jpeg","datePublished":"2021-05-27T09:31:23+00:00","breadcrumb":{"@id":"https:\/\/www.padreeustaquio.com.br\/15-anos-da-beatificacao-conheca-os-vice-postuladores-da-causa\/#breadcrumb"},"inLanguage":"en-US","potentialAction":[{"@type":"ReadAction","target":["https:\/\/www.padreeustaquio.com.br\/15-anos-da-beatificacao-conheca-os-vice-postuladores-da-causa\/"]}]},{"@type":"ImageObject","inLanguage":"en-US","@id":"https:\/\/www.padreeustaquio.com.br\/15-anos-da-beatificacao-conheca-os-vice-postuladores-da-causa\/#primaryimage","url":"https:\/\/www.padreeustaquio.com.br\/wp-content\/uploads\/2021\/05\/Padre-Alfredo-Elfrink-primeiro-vice-postulador-causa-canonizacao-padre-eustaquio-defendendo-o-processo.jpeg","contentUrl":"https:\/\/www.padreeustaquio.com.br\/wp-content\/uploads\/2021\/05\/Padre-Alfredo-Elfrink-primeiro-vice-postulador-causa-canonizacao-padre-eustaquio-defendendo-o-processo.jpeg","width":700,"height":464},{"@type":"BreadcrumbList","@id":"https:\/\/www.padreeustaquio.com.br\/15-anos-da-beatificacao-conheca-os-vice-postuladores-da-causa\/#breadcrumb","itemListElement":[{"@type":"ListItem","position":1,"name":"In\u00edcio","item":"https:\/\/www.padreeustaquio.com.br\/"},{"@type":"ListItem","position":2,"name":"15 ANOS DA BEATIFICA\u00c7\u00c3O \u2013 Conhe\u00e7a os vice-postuladores da Causa"}]},{"@type":"WebSite","@id":"https:\/\/www.padreeustaquio.com.br\/#website","url":"https:\/\/www.padreeustaquio.com.br\/","name":"FATHER EUST\u00c1QUIO","description":"Health and Peace","publisher":{"@id":"https:\/\/www.padreeustaquio.com.br\/#organization"},"potentialAction":[{"@type":"SearchAction","target":{"@type":"EntryPoint","urlTemplate":"https:\/\/www.padreeustaquio.com.br\/?s={search_term_string}"},"query-input":{"@type":"PropertyValueSpecification","valueRequired":true,"valueName":"search_term_string"}}],"inLanguage":"en-US"},{"@type":"Organization","@id":"https:\/\/www.padreeustaquio.com.br\/#organization","name":"FATHER EUST\u00c1QUIO","url":"https:\/\/www.padreeustaquio.com.br\/","logo":{"@type":"ImageObject","inLanguage":"en-US","@id":"https:\/\/www.padreeustaquio.com.br\/#\/schema\/logo\/image\/","url":"https:\/\/www.padreeustaquio.com.br\/wp-content\/uploads\/2019\/08\/marca.png","contentUrl":"https:\/\/www.padreeustaquio.com.br\/wp-content\/uploads\/2019\/08\/marca.png","width":350,"height":400,"caption":"Padre Eust\u00e1quio"},"image":{"@id":"https:\/\/www.padreeustaquio.com.br\/#\/schema\/logo\/image\/"},"sameAs":["https:\/\/www.facebook.com\/beatopadreeustaquio\/","https:\/\/x.com\/beatopeustaquio","https:\/\/www.instagram.com\/beatopadreeustaquio\/","https:\/\/www.youtube.com\/channel\/UCRhw7vfabnajwLxb1ZXMeIw"]},{"@type":"Person","@id":"https:\/\/www.padreeustaquio.com.br\/#\/schema\/person\/a2a51db1d00f1a7af0204a0f1ddb1566","name":"@sscc","image":{"@type":"ImageObject","inLanguage":"en-US","@id":"https:\/\/secure.gravatar.com\/avatar\/68cfafa5f44617fea54071e215026e0ff06be366c3d54a8425f04fdcb86f8c5f?s=96&d=mm&r=g","url":"https:\/\/secure.gravatar.com\/avatar\/68cfafa5f44617fea54071e215026e0ff06be366c3d54a8425f04fdcb86f8c5f?s=96&d=mm&r=g","contentUrl":"https:\/\/secure.gravatar.com\/avatar\/68cfafa5f44617fea54071e215026e0ff06be366c3d54a8425f04fdcb86f8c5f?s=96&d=mm&r=g","caption":"@sscc"},"url":"https:\/\/www.padreeustaquio.com.br\/en\/author\/sscc\/"}]}},"_links":{"self":[{"href":"https:\/\/www.padreeustaquio.com.br\/en\/wp-json\/wp\/v2\/posts\/5960","targetHints":{"allow":["GET"]}}],"collection":[{"href":"https:\/\/www.padreeustaquio.com.br\/en\/wp-json\/wp\/v2\/posts"}],"about":[{"href":"https:\/\/www.padreeustaquio.com.br\/en\/wp-json\/wp\/v2\/types\/post"}],"author":[{"embeddable":true,"href":"https:\/\/www.padreeustaquio.com.br\/en\/wp-json\/wp\/v2\/users\/2"}],"replies":[{"embeddable":true,"href":"https:\/\/www.padreeustaquio.com.br\/en\/wp-json\/wp\/v2\/comments?post=5960"}],"version-history":[{"count":0,"href":"https:\/\/www.padreeustaquio.com.br\/en\/wp-json\/wp\/v2\/posts\/5960\/revisions"}],"wp:featuredmedia":[{"embeddable":true,"href":"https:\/\/www.padreeustaquio.com.br\/en\/wp-json\/wp\/v2\/media\/5961"}],"wp:attachment":[{"href":"https:\/\/www.padreeustaquio.com.br\/en\/wp-json\/wp\/v2\/media?parent=5960"}],"wp:term":[{"taxonomy":"category","embeddable":true,"href":"https:\/\/www.padreeustaquio.com.br\/en\/wp-json\/wp\/v2\/categories?post=5960"},{"taxonomy":"post_tag","embeddable":true,"href":"https:\/\/www.padreeustaquio.com.br\/en\/wp-json\/wp\/v2\/tags?post=5960"}],"curies":[{"name":"wp","href":"https:\/\/api.w.org\/{rel}","templated":true}]}}