{"id":5957,"date":"2021-05-25T06:24:32","date_gmt":"2021-05-25T09:24:32","guid":{"rendered":"https:\/\/www.padreeustaquio.com.br\/?p=5957"},"modified":"2023-05-03T15:58:59","modified_gmt":"2023-05-03T18:58:59","slug":"exhibition-commemorating-15-years-since-the-beatification-of-father-eustaquio-welcomes-faithful-to-the-sanctuary","status":"publish","type":"post","link":"https:\/\/www.padreeustaquio.com.br\/en\/exhibition-commemorating-15-years-since-the-beatification-of-father-eustaquio-welcomes-faithful-to-the-sanctuary\/","title":{"rendered":"Exhibition commemorating 15 years since the Beatification of Father Eust\u00e1quio welcomes faithful to the Sanctuary."},"content":{"rendered":"<p>An exhibition commemorating the 15th anniversary of the Beatification of Father Eust\u00e1quio is allowing the faithful to learn more about the Blessed&#039;s life. The temporary exhibition, launched on May 20th by the Padre Eust\u00e1quio Social Action \u2013 ASPE, is located at the Health and Peace Sanctuary, in the Molokai space, next to the Community Center.<\/p>\n<p>The idea is to mark the 15th anniversary of the Beatification and to share more of the Blessed&#039;s story with the people who visit the Sanctuary.<\/p>\n<p>The exhibition presents a reinterpretation of the show mounted in 2013 for World Youth Day, also curated by ASPE, but now with a very special highlight: the banner of Father Eust\u00e1quio used on the day of his Beatification, which took place at the Mineir\u00e3o stadium in Belo Horizonte.<\/p>\n<p>The artwork is beautiful and deserves a visit. The exhibition can be visited Monday to Friday, from 7:30 am to 12 pm and from 1 pm to 5 pm. On weekends, the hours are from 8 am to 11 am.<\/p>","protected":false},"excerpt":{"rendered":"<p>Uma exposi\u00e7\u00e3o em homenagem aos 15 anos de Beatifica\u00e7\u00e3o de Padre Eust\u00e1quio est\u00e1 levando fi\u00e9is a conhecer um pouco mais sobre a hist\u00f3ria do Bem-aventurado. A mostra tempor\u00e1ria, lan\u00e7ada no dia 20 de maio pela A\u00e7\u00e3o Social Padre Eust\u00e1quio &#8211; a ASPE, est\u00e1 no Santu\u00e1rio Sa\u00fade e Paz, no espa\u00e7o Molokai, ao lado do Centro Comunit\u00e1rio. A ideia \u00e9 marcar os 15 anos da Beatifica\u00e7\u00e3o e levar mais da hist\u00f3ria do Beato \u00e0s pessoas que v\u00e3o at\u00e9 o Santu\u00e1rio. A exposi\u00e7\u00e3o traz uma releitura da mostra montada em 2013 para a Jornada Mundial da Juventude, tamb\u00e9m com a curadoria da [&hellip;]<\/p>\n","protected":false},"author":2,"featured_media":5958,"comment_status":"open","ping_status":"closed","sticky":false,"template":"","format":"standard","meta":{"_acf_changed":false,"footnotes":""},"categories":[611],"tags":[],"class_list":["post-5957","post","type-post","status-publish","format-standard","has-post-thumbnail","hentry","category-noticias"],"acf":[],"yoast_head":"<!-- This site is optimized with the Yoast SEO plugin v27.2 - https:\/\/yoast.com\/product\/yoast-seo-wordpress\/ -->\n<title>Exposi\u00e7\u00e3o 15 anos da Beatifica\u00e7\u00e3o de Padre Eust\u00e1quio recebe fi\u00e9is no Santu\u00e1rio - Padre Eust\u00e1quio<\/title>\n<meta name=\"robots\" content=\"index, follow, max-snippet:-1, max-image-preview:large, max-video-preview:-1\" \/>\n<link rel=\"canonical\" href=\"https:\/\/www.padreeustaquio.com.br\/en\/exhibition-commemorating-15-years-since-the-beatification-of-father-eustaquio-welcomes-faithful-to-the-sanctuary\/\" \/>\n<meta property=\"og:locale\" content=\"en_US\" \/>\n<meta property=\"og:type\" content=\"article\" \/>\n<meta property=\"og:title\" content=\"Exposi\u00e7\u00e3o 15 anos da Beatifica\u00e7\u00e3o de Padre Eust\u00e1quio recebe fi\u00e9is no Santu\u00e1rio - Padre Eust\u00e1quio\" \/>\n<meta property=\"og:description\" content=\"Uma exposi\u00e7\u00e3o em homenagem aos 15 anos de Beatifica\u00e7\u00e3o de Padre Eust\u00e1quio est\u00e1 levando fi\u00e9is a conhecer um pouco mais sobre a hist\u00f3ria do Bem-aventurado. A mostra tempor\u00e1ria, lan\u00e7ada no dia 20 de maio pela A\u00e7\u00e3o Social Padre Eust\u00e1quio &#8211; a ASPE, est\u00e1 no Santu\u00e1rio Sa\u00fade e Paz, no espa\u00e7o Molokai, ao lado do Centro Comunit\u00e1rio. A ideia \u00e9 marcar os 15 anos da Beatifica\u00e7\u00e3o e levar mais da hist\u00f3ria do Beato \u00e0s pessoas que v\u00e3o at\u00e9 o Santu\u00e1rio. A exposi\u00e7\u00e3o traz uma releitura da mostra montada em 2013 para a Jornada Mundial da Juventude, tamb\u00e9m com a curadoria da [&hellip;]\" \/>\n<meta property=\"og:url\" content=\"https:\/\/www.padreeustaquio.com.br\/en\/exhibition-commemorating-15-years-since-the-beatification-of-father-eustaquio-welcomes-faithful-to-the-sanctuary\/\" \/>\n<meta property=\"og:site_name\" content=\"Padre Eust\u00e1quio\" \/>\n<meta property=\"article:publisher\" content=\"https:\/\/www.facebook.com\/beatopadreeustaquio\/\" \/>\n<meta property=\"article:published_time\" content=\"2021-05-25T09:24:32+00:00\" \/>\n<meta property=\"article:modified_time\" content=\"2023-05-03T18:58:59+00:00\" \/>\n<meta property=\"og:image\" content=\"https:\/\/www.padreeustaquio.com.br\/wp-content\/uploads\/2021\/05\/exposicao-beato-padre-eustaquio-beatificacao-banner-mineirao.jpeg\" \/>\n\t<meta property=\"og:image:width\" content=\"1280\" \/>\n\t<meta property=\"og:image:height\" content=\"720\" \/>\n\t<meta property=\"og:image:type\" content=\"image\/jpeg\" \/>\n<meta name=\"author\" content=\"@sscc\" \/>\n<meta name=\"twitter:card\" content=\"summary_large_image\" \/>\n<meta name=\"twitter:creator\" content=\"@beatopeustaquio\" \/>\n<meta name=\"twitter:site\" content=\"@beatopeustaquio\" \/>\n<meta name=\"twitter:label1\" content=\"Written by\" \/>\n\t<meta name=\"twitter:data1\" content=\"@sscc\" \/>\n\t<meta name=\"twitter:label2\" content=\"Est. reading time\" \/>\n\t<meta name=\"twitter:data2\" content=\"1 minute\" \/>\n<script type=\"application\/ld+json\" class=\"yoast-schema-graph\">{\"@context\":\"https:\/\/schema.org\",\"@graph\":[{\"@type\":\"Article\",\"@id\":\"https:\/\/www.padreeustaquio.com.br\/exposicao-15-anos-da-beatificacao-do-padre-eustaquio-recebe-fieis-no-santuario\/#article\",\"isPartOf\":{\"@id\":\"https:\/\/www.padreeustaquio.com.br\/exposicao-15-anos-da-beatificacao-do-padre-eustaquio-recebe-fieis-no-santuario\/\"},\"author\":{\"name\":\"@sscc\",\"@id\":\"https:\/\/www.padreeustaquio.com.br\/#\/schema\/person\/a2a51db1d00f1a7af0204a0f1ddb1566\"},\"headline\":\"Exposi\u00e7\u00e3o 15 anos da Beatifica\u00e7\u00e3o de Padre Eust\u00e1quio recebe fi\u00e9is no Santu\u00e1rio\",\"datePublished\":\"2021-05-25T09:24:32+00:00\",\"dateModified\":\"2023-05-03T18:58:59+00:00\",\"mainEntityOfPage\":{\"@id\":\"https:\/\/www.padreeustaquio.com.br\/exposicao-15-anos-da-beatificacao-do-padre-eustaquio-recebe-fieis-no-santuario\/\"},\"wordCount\":196,\"commentCount\":0,\"publisher\":{\"@id\":\"https:\/\/www.padreeustaquio.com.br\/#organization\"},\"image\":{\"@id\":\"https:\/\/www.padreeustaquio.com.br\/exposicao-15-anos-da-beatificacao-do-padre-eustaquio-recebe-fieis-no-santuario\/#primaryimage\"},\"thumbnailUrl\":\"https:\/\/www.padreeustaquio.com.br\/wp-content\/uploads\/2021\/05\/exposicao-beato-padre-eustaquio-beatificacao-banner-mineirao.jpeg\",\"articleSection\":[\"Not\u00edcias\"],\"inLanguage\":\"en-US\",\"potentialAction\":[{\"@type\":\"CommentAction\",\"name\":\"Comment\",\"target\":[\"https:\/\/www.padreeustaquio.com.br\/exposicao-15-anos-da-beatificacao-do-padre-eustaquio-recebe-fieis-no-santuario\/#respond\"]}]},{\"@type\":\"WebPage\",\"@id\":\"https:\/\/www.padreeustaquio.com.br\/exposicao-15-anos-da-beatificacao-do-padre-eustaquio-recebe-fieis-no-santuario\/\",\"url\":\"https:\/\/www.padreeustaquio.com.br\/exposicao-15-anos-da-beatificacao-do-padre-eustaquio-recebe-fieis-no-santuario\/\",\"name\":\"Exposi\u00e7\u00e3o 15 anos da Beatifica\u00e7\u00e3o de Padre Eust\u00e1quio recebe fi\u00e9is no Santu\u00e1rio - Padre Eust\u00e1quio\",\"isPartOf\":{\"@id\":\"https:\/\/www.padreeustaquio.com.br\/#website\"},\"primaryImageOfPage\":{\"@id\":\"https:\/\/www.padreeustaquio.com.br\/exposicao-15-anos-da-beatificacao-do-padre-eustaquio-recebe-fieis-no-santuario\/#primaryimage\"},\"image\":{\"@id\":\"https:\/\/www.padreeustaquio.com.br\/exposicao-15-anos-da-beatificacao-do-padre-eustaquio-recebe-fieis-no-santuario\/#primaryimage\"},\"thumbnailUrl\":\"https:\/\/www.padreeustaquio.com.br\/wp-content\/uploads\/2021\/05\/exposicao-beato-padre-eustaquio-beatificacao-banner-mineirao.jpeg\",\"datePublished\":\"2021-05-25T09:24:32+00:00\",\"dateModified\":\"2023-05-03T18:58:59+00:00\",\"breadcrumb\":{\"@id\":\"https:\/\/www.padreeustaquio.com.br\/exposicao-15-anos-da-beatificacao-do-padre-eustaquio-recebe-fieis-no-santuario\/#breadcrumb\"},\"inLanguage\":\"en-US\",\"potentialAction\":[{\"@type\":\"ReadAction\",\"target\":[\"https:\/\/www.padreeustaquio.com.br\/exposicao-15-anos-da-beatificacao-do-padre-eustaquio-recebe-fieis-no-santuario\/\"]}]},{\"@type\":\"ImageObject\",\"inLanguage\":\"en-US\",\"@id\":\"https:\/\/www.padreeustaquio.com.br\/exposicao-15-anos-da-beatificacao-do-padre-eustaquio-recebe-fieis-no-santuario\/#primaryimage\",\"url\":\"https:\/\/www.padreeustaquio.com.br\/wp-content\/uploads\/2021\/05\/exposicao-beato-padre-eustaquio-beatificacao-banner-mineirao.jpeg\",\"contentUrl\":\"https:\/\/www.padreeustaquio.com.br\/wp-content\/uploads\/2021\/05\/exposicao-beato-padre-eustaquio-beatificacao-banner-mineirao.jpeg\",\"width\":1280,\"height\":720},{\"@type\":\"BreadcrumbList\",\"@id\":\"https:\/\/www.padreeustaquio.com.br\/exposicao-15-anos-da-beatificacao-do-padre-eustaquio-recebe-fieis-no-santuario\/#breadcrumb\",\"itemListElement\":[{\"@type\":\"ListItem\",\"position\":1,\"name\":\"In\u00edcio\",\"item\":\"https:\/\/www.padreeustaquio.com.br\/\"},{\"@type\":\"ListItem\",\"position\":2,\"name\":\"Exposi\u00e7\u00e3o 15 anos da Beatifica\u00e7\u00e3o de Padre Eust\u00e1quio recebe fi\u00e9is no Santu\u00e1rio\"}]},{\"@type\":\"WebSite\",\"@id\":\"https:\/\/www.padreeustaquio.com.br\/#website\",\"url\":\"https:\/\/www.padreeustaquio.com.br\/\",\"name\":\"Padre Eust\u00e1quio\",\"description\":\"Sa\u00fade e Paz\",\"publisher\":{\"@id\":\"https:\/\/www.padreeustaquio.com.br\/#organization\"},\"potentialAction\":[{\"@type\":\"SearchAction\",\"target\":{\"@type\":\"EntryPoint\",\"urlTemplate\":\"https:\/\/www.padreeustaquio.com.br\/?s={search_term_string}\"},\"query-input\":{\"@type\":\"PropertyValueSpecification\",\"valueRequired\":true,\"valueName\":\"search_term_string\"}}],\"inLanguage\":\"en-US\"},{\"@type\":\"Organization\",\"@id\":\"https:\/\/www.padreeustaquio.com.br\/#organization\",\"name\":\"Padre Eust\u00e1quio\",\"url\":\"https:\/\/www.padreeustaquio.com.br\/\",\"logo\":{\"@type\":\"ImageObject\",\"inLanguage\":\"en-US\",\"@id\":\"https:\/\/www.padreeustaquio.com.br\/#\/schema\/logo\/image\/\",\"url\":\"https:\/\/www.padreeustaquio.com.br\/wp-content\/uploads\/2019\/08\/marca.png\",\"contentUrl\":\"https:\/\/www.padreeustaquio.com.br\/wp-content\/uploads\/2019\/08\/marca.png\",\"width\":350,\"height\":400,\"caption\":\"Padre Eust\u00e1quio\"},\"image\":{\"@id\":\"https:\/\/www.padreeustaquio.com.br\/#\/schema\/logo\/image\/\"},\"sameAs\":[\"https:\/\/www.facebook.com\/beatopadreeustaquio\/\",\"https:\/\/x.com\/beatopeustaquio\",\"https:\/\/www.instagram.com\/beatopadreeustaquio\/\",\"https:\/\/www.youtube.com\/channel\/UCRhw7vfabnajwLxb1ZXMeIw\"]},{\"@type\":\"Person\",\"@id\":\"https:\/\/www.padreeustaquio.com.br\/#\/schema\/person\/a2a51db1d00f1a7af0204a0f1ddb1566\",\"name\":\"@sscc\",\"image\":{\"@type\":\"ImageObject\",\"inLanguage\":\"en-US\",\"@id\":\"https:\/\/secure.gravatar.com\/avatar\/68cfafa5f44617fea54071e215026e0ff06be366c3d54a8425f04fdcb86f8c5f?s=96&d=mm&r=g\",\"url\":\"https:\/\/secure.gravatar.com\/avatar\/68cfafa5f44617fea54071e215026e0ff06be366c3d54a8425f04fdcb86f8c5f?s=96&d=mm&r=g\",\"contentUrl\":\"https:\/\/secure.gravatar.com\/avatar\/68cfafa5f44617fea54071e215026e0ff06be366c3d54a8425f04fdcb86f8c5f?s=96&d=mm&r=g\",\"caption\":\"@sscc\"},\"url\":\"https:\/\/www.padreeustaquio.com.br\/en\/author\/sscc\/\"}]}<\/script>\n<!-- \/ Yoast SEO plugin. -->","yoast_head_json":{"title":"Exhibition commemorating 15 years since the Beatification of Father Eust\u00e1quio welcomes faithful to the Sanctuary - Father Eust\u00e1quio","robots":{"index":"index","follow":"follow","max-snippet":"max-snippet:-1","max-image-preview":"max-image-preview:large","max-video-preview":"max-video-preview:-1"},"canonical":"https:\/\/www.padreeustaquio.com.br\/en\/exhibition-commemorating-15-years-since-the-beatification-of-father-eustaquio-welcomes-faithful-to-the-sanctuary\/","og_locale":"en_US","og_type":"article","og_title":"Exposi\u00e7\u00e3o 15 anos da Beatifica\u00e7\u00e3o de Padre Eust\u00e1quio recebe fi\u00e9is no Santu\u00e1rio - Padre Eust\u00e1quio","og_description":"Uma exposi\u00e7\u00e3o em homenagem aos 15 anos de Beatifica\u00e7\u00e3o de Padre Eust\u00e1quio est\u00e1 levando fi\u00e9is a conhecer um pouco mais sobre a hist\u00f3ria do Bem-aventurado. A mostra tempor\u00e1ria, lan\u00e7ada no dia 20 de maio pela A\u00e7\u00e3o Social Padre Eust\u00e1quio &#8211; a ASPE, est\u00e1 no Santu\u00e1rio Sa\u00fade e Paz, no espa\u00e7o Molokai, ao lado do Centro Comunit\u00e1rio. A ideia \u00e9 marcar os 15 anos da Beatifica\u00e7\u00e3o e levar mais da hist\u00f3ria do Beato \u00e0s pessoas que v\u00e3o at\u00e9 o Santu\u00e1rio. A exposi\u00e7\u00e3o traz uma releitura da mostra montada em 2013 para a Jornada Mundial da Juventude, tamb\u00e9m com a curadoria da [&hellip;]","og_url":"https:\/\/www.padreeustaquio.com.br\/en\/exhibition-commemorating-15-years-since-the-beatification-of-father-eustaquio-welcomes-faithful-to-the-sanctuary\/","og_site_name":"Padre Eust\u00e1quio","article_publisher":"https:\/\/www.facebook.com\/beatopadreeustaquio\/","article_published_time":"2021-05-25T09:24:32+00:00","article_modified_time":"2023-05-03T18:58:59+00:00","og_image":[{"width":1280,"height":720,"url":"https:\/\/www.padreeustaquio.com.br\/wp-content\/uploads\/2021\/05\/exposicao-beato-padre-eustaquio-beatificacao-banner-mineirao.jpeg","type":"image\/jpeg"}],"author":"@sscc","twitter_card":"summary_large_image","twitter_creator":"@beatopeustaquio","twitter_site":"@beatopeustaquio","twitter_misc":{"Written by":"@sscc","Est. reading time":"1 minute"},"schema":{"@context":"https:\/\/schema.org","@graph":[{"@type":"Article","@id":"https:\/\/www.padreeustaquio.com.br\/exposicao-15-anos-da-beatificacao-do-padre-eustaquio-recebe-fieis-no-santuario\/#article","isPartOf":{"@id":"https:\/\/www.padreeustaquio.com.br\/exposicao-15-anos-da-beatificacao-do-padre-eustaquio-recebe-fieis-no-santuario\/"},"author":{"name":"@sscc","@id":"https:\/\/www.padreeustaquio.com.br\/#\/schema\/person\/a2a51db1d00f1a7af0204a0f1ddb1566"},"headline":"Exposi\u00e7\u00e3o 15 anos da Beatifica\u00e7\u00e3o de Padre Eust\u00e1quio recebe fi\u00e9is no Santu\u00e1rio","datePublished":"2021-05-25T09:24:32+00:00","dateModified":"2023-05-03T18:58:59+00:00","mainEntityOfPage":{"@id":"https:\/\/www.padreeustaquio.com.br\/exposicao-15-anos-da-beatificacao-do-padre-eustaquio-recebe-fieis-no-santuario\/"},"wordCount":196,"commentCount":0,"publisher":{"@id":"https:\/\/www.padreeustaquio.com.br\/#organization"},"image":{"@id":"https:\/\/www.padreeustaquio.com.br\/exposicao-15-anos-da-beatificacao-do-padre-eustaquio-recebe-fieis-no-santuario\/#primaryimage"},"thumbnailUrl":"https:\/\/www.padreeustaquio.com.br\/wp-content\/uploads\/2021\/05\/exposicao-beato-padre-eustaquio-beatificacao-banner-mineirao.jpeg","articleSection":["Not\u00edcias"],"inLanguage":"en-US","potentialAction":[{"@type":"CommentAction","name":"Comment","target":["https:\/\/www.padreeustaquio.com.br\/exposicao-15-anos-da-beatificacao-do-padre-eustaquio-recebe-fieis-no-santuario\/#respond"]}]},{"@type":"WebPage","@id":"https:\/\/www.padreeustaquio.com.br\/exposicao-15-anos-da-beatificacao-do-padre-eustaquio-recebe-fieis-no-santuario\/","url":"https:\/\/www.padreeustaquio.com.br\/exposicao-15-anos-da-beatificacao-do-padre-eustaquio-recebe-fieis-no-santuario\/","name":"Exhibition commemorating 15 years since the Beatification of Father Eust\u00e1quio welcomes faithful to the Sanctuary - Father Eust\u00e1quio","isPartOf":{"@id":"https:\/\/www.padreeustaquio.com.br\/#website"},"primaryImageOfPage":{"@id":"https:\/\/www.padreeustaquio.com.br\/exposicao-15-anos-da-beatificacao-do-padre-eustaquio-recebe-fieis-no-santuario\/#primaryimage"},"image":{"@id":"https:\/\/www.padreeustaquio.com.br\/exposicao-15-anos-da-beatificacao-do-padre-eustaquio-recebe-fieis-no-santuario\/#primaryimage"},"thumbnailUrl":"https:\/\/www.padreeustaquio.com.br\/wp-content\/uploads\/2021\/05\/exposicao-beato-padre-eustaquio-beatificacao-banner-mineirao.jpeg","datePublished":"2021-05-25T09:24:32+00:00","dateModified":"2023-05-03T18:58:59+00:00","breadcrumb":{"@id":"https:\/\/www.padreeustaquio.com.br\/exposicao-15-anos-da-beatificacao-do-padre-eustaquio-recebe-fieis-no-santuario\/#breadcrumb"},"inLanguage":"en-US","potentialAction":[{"@type":"ReadAction","target":["https:\/\/www.padreeustaquio.com.br\/exposicao-15-anos-da-beatificacao-do-padre-eustaquio-recebe-fieis-no-santuario\/"]}]},{"@type":"ImageObject","inLanguage":"en-US","@id":"https:\/\/www.padreeustaquio.com.br\/exposicao-15-anos-da-beatificacao-do-padre-eustaquio-recebe-fieis-no-santuario\/#primaryimage","url":"https:\/\/www.padreeustaquio.com.br\/wp-content\/uploads\/2021\/05\/exposicao-beato-padre-eustaquio-beatificacao-banner-mineirao.jpeg","contentUrl":"https:\/\/www.padreeustaquio.com.br\/wp-content\/uploads\/2021\/05\/exposicao-beato-padre-eustaquio-beatificacao-banner-mineirao.jpeg","width":1280,"height":720},{"@type":"BreadcrumbList","@id":"https:\/\/www.padreeustaquio.com.br\/exposicao-15-anos-da-beatificacao-do-padre-eustaquio-recebe-fieis-no-santuario\/#breadcrumb","itemListElement":[{"@type":"ListItem","position":1,"name":"In\u00edcio","item":"https:\/\/www.padreeustaquio.com.br\/"},{"@type":"ListItem","position":2,"name":"Exposi\u00e7\u00e3o 15 anos da Beatifica\u00e7\u00e3o de Padre Eust\u00e1quio recebe fi\u00e9is no Santu\u00e1rio"}]},{"@type":"WebSite","@id":"https:\/\/www.padreeustaquio.com.br\/#website","url":"https:\/\/www.padreeustaquio.com.br\/","name":"FATHER EUST\u00c1QUIO","description":"Health and Peace","publisher":{"@id":"https:\/\/www.padreeustaquio.com.br\/#organization"},"potentialAction":[{"@type":"SearchAction","target":{"@type":"EntryPoint","urlTemplate":"https:\/\/www.padreeustaquio.com.br\/?s={search_term_string}"},"query-input":{"@type":"PropertyValueSpecification","valueRequired":true,"valueName":"search_term_string"}}],"inLanguage":"en-US"},{"@type":"Organization","@id":"https:\/\/www.padreeustaquio.com.br\/#organization","name":"FATHER EUST\u00c1QUIO","url":"https:\/\/www.padreeustaquio.com.br\/","logo":{"@type":"ImageObject","inLanguage":"en-US","@id":"https:\/\/www.padreeustaquio.com.br\/#\/schema\/logo\/image\/","url":"https:\/\/www.padreeustaquio.com.br\/wp-content\/uploads\/2019\/08\/marca.png","contentUrl":"https:\/\/www.padreeustaquio.com.br\/wp-content\/uploads\/2019\/08\/marca.png","width":350,"height":400,"caption":"Padre Eust\u00e1quio"},"image":{"@id":"https:\/\/www.padreeustaquio.com.br\/#\/schema\/logo\/image\/"},"sameAs":["https:\/\/www.facebook.com\/beatopadreeustaquio\/","https:\/\/x.com\/beatopeustaquio","https:\/\/www.instagram.com\/beatopadreeustaquio\/","https:\/\/www.youtube.com\/channel\/UCRhw7vfabnajwLxb1ZXMeIw"]},{"@type":"Person","@id":"https:\/\/www.padreeustaquio.com.br\/#\/schema\/person\/a2a51db1d00f1a7af0204a0f1ddb1566","name":"@sscc","image":{"@type":"ImageObject","inLanguage":"en-US","@id":"https:\/\/secure.gravatar.com\/avatar\/68cfafa5f44617fea54071e215026e0ff06be366c3d54a8425f04fdcb86f8c5f?s=96&d=mm&r=g","url":"https:\/\/secure.gravatar.com\/avatar\/68cfafa5f44617fea54071e215026e0ff06be366c3d54a8425f04fdcb86f8c5f?s=96&d=mm&r=g","contentUrl":"https:\/\/secure.gravatar.com\/avatar\/68cfafa5f44617fea54071e215026e0ff06be366c3d54a8425f04fdcb86f8c5f?s=96&d=mm&r=g","caption":"@sscc"},"url":"https:\/\/www.padreeustaquio.com.br\/en\/author\/sscc\/"}]}},"_links":{"self":[{"href":"https:\/\/www.padreeustaquio.com.br\/en\/wp-json\/wp\/v2\/posts\/5957","targetHints":{"allow":["GET"]}}],"collection":[{"href":"https:\/\/www.padreeustaquio.com.br\/en\/wp-json\/wp\/v2\/posts"}],"about":[{"href":"https:\/\/www.padreeustaquio.com.br\/en\/wp-json\/wp\/v2\/types\/post"}],"author":[{"embeddable":true,"href":"https:\/\/www.padreeustaquio.com.br\/en\/wp-json\/wp\/v2\/users\/2"}],"replies":[{"embeddable":true,"href":"https:\/\/www.padreeustaquio.com.br\/en\/wp-json\/wp\/v2\/comments?post=5957"}],"version-history":[{"count":0,"href":"https:\/\/www.padreeustaquio.com.br\/en\/wp-json\/wp\/v2\/posts\/5957\/revisions"}],"wp:featuredmedia":[{"embeddable":true,"href":"https:\/\/www.padreeustaquio.com.br\/en\/wp-json\/wp\/v2\/media\/5958"}],"wp:attachment":[{"href":"https:\/\/www.padreeustaquio.com.br\/en\/wp-json\/wp\/v2\/media?parent=5957"}],"wp:term":[{"taxonomy":"category","embeddable":true,"href":"https:\/\/www.padreeustaquio.com.br\/en\/wp-json\/wp\/v2\/categories?post=5957"},{"taxonomy":"post_tag","embeddable":true,"href":"https:\/\/www.padreeustaquio.com.br\/en\/wp-json\/wp\/v2\/tags?post=5957"}],"curies":[{"name":"wp","href":"https:\/\/api.w.org\/{rel}","templated":true}]}}