{"id":5916,"date":"2021-05-21T06:13:35","date_gmt":"2021-05-21T09:13:35","guid":{"rendered":"https:\/\/www.padreeustaquio.com.br\/?p=5916"},"modified":"2021-05-19T19:00:30","modified_gmt":"2021-05-19T22:00:30","slug":"a-sculptor-from-sao-paulo-completes-a-statue-of-father-eustaquio-that-will-be-sent-to-the-netherlands","status":"publish","type":"post","link":"https:\/\/www.padreeustaquio.com.br\/en\/a-sculptor-from-sao-paulo-completes-a-statue-of-father-eustaquio-that-will-be-sent-to-the-netherlands\/","title":{"rendered":"A sculptor from S\u00e3o Paulo has completed a statue of Father Eust\u00e1quio that will be sent to the Netherlands."},"content":{"rendered":"<p data-adtags-visited=\"true\">To contribute to the devotion and memory of Father Eust\u00e1quio in his country of origin, the Netherlands, family and friends of the religious figure commissioned a 2-meter-high statue to be placed in the central square of Aarle Rixtel, a district of Laarbeck, Eust\u00e1quio&#039;s hometown, located about 100 kilometers from the capital Amsterdam. The person responsible for creating this work of art is the sculptor Luiz Eduardo dos Santos, known as Edu Santos, 39 years old, from Piracicaba.<\/p>\n<div id=\"attachment_5922\" style=\"width: 304px\" class=\"wp-caption alignleft\"><img decoding=\"async\" aria-describedby=\"caption-attachment-5922\" class=\"wp-image-5922\" style=\"font-size: 18.2864px;\" src=\"https:\/\/www.padreeustaquio.com.br\/wp-content\/uploads\/2021\/05\/Estatua-de-zico-que-esta-na-Gavea-sede-Flamengo-Rio-de-Janeiro-300x169.jpg\" alt=\"\" width=\"294\" height=\"165\" srcset=\"https:\/\/www.padreeustaquio.com.br\/wp-content\/uploads\/2021\/05\/Estatua-de-zico-que-esta-na-Gavea-sede-Flamengo-Rio-de-Janeiro-300x169.jpg 300w, https:\/\/www.padreeustaquio.com.br\/wp-content\/uploads\/2021\/05\/Estatua-de-zico-que-esta-na-Gavea-sede-Flamengo-Rio-de-Janeiro-400x225.jpg 400w, https:\/\/www.padreeustaquio.com.br\/wp-content\/uploads\/2021\/05\/Estatua-de-zico-que-esta-na-Gavea-sede-Flamengo-Rio-de-Janeiro-600x338.jpg 600w, https:\/\/www.padreeustaquio.com.br\/wp-content\/uploads\/2021\/05\/Estatua-de-zico-que-esta-na-Gavea-sede-Flamengo-Rio-de-Janeiro.jpg 622w\" sizes=\"(max-width: 294px) 100vw, 294px\" \/><p id=\"caption-attachment-5922\" class=\"wp-caption-text\">Statue of Zico, which is on display in G\u00e1vea, Rio de Janeiro.<\/p><\/div>\n<p data-adtags-visited=\"true\">Edu has a portfolio and experience, after all, he has already been responsible for producing pieces such as the statue of Arthur Antunes Coimbra, Zico, which is on display inside G\u00e1vea, Flamengo&#039;s headquarters in Rio de Janeiro; the relief for the crypt of Dom Paulo Evaristo Arns, in the S\u00e9 Cathedral, in the city of S\u00e3o Paulo; and in Piracicaba, he was responsible for the replica of Luiz Vicente de Queiroz, founder of the Higher School of Agriculture, currently administered by the University of S\u00e3o Paulo (USP).<\/p>\n<p data-adtags-visited=\"true\">But for those who think this statue of Father Eust\u00e1quio is the first, they are mistaken. In 2009, the artist delivered a statue of this same priest to the Church of the Sacred Hearts in Belo Horizonte, Minas Gerais. <em>\u201c&quot;It was my first large-scale project, and since then, I often say that Father Eust\u00e1quio has been blessing me because it opened many doors for me.&quot;,<\/em> Santos said.<\/p>\n<div id=\"attachment_5923\" style=\"width: 155px\" class=\"wp-caption alignright\"><img decoding=\"async\" aria-describedby=\"caption-attachment-5923\" class=\"wp-image-5923\" src=\"https:\/\/www.padreeustaquio.com.br\/wp-content\/uploads\/2021\/05\/padre-eustaquio-memorial-estatua-bronze-belo-horizonte-e1621460758824-170x300.jpg\" alt=\"\" width=\"145\" height=\"256\" srcset=\"https:\/\/www.padreeustaquio.com.br\/wp-content\/uploads\/2021\/05\/padre-eustaquio-memorial-estatua-bronze-belo-horizonte-e1621460758824-170x300.jpg 170w, https:\/\/www.padreeustaquio.com.br\/wp-content\/uploads\/2021\/05\/padre-eustaquio-memorial-estatua-bronze-belo-horizonte-e1621460758824.jpg 306w\" sizes=\"(max-width: 145px) 100vw, 145px\" \/><p id=\"caption-attachment-5923\" class=\"wp-caption-text\">Statue of Father Eust\u00e1quio at the Health and Peace Sanctuary in Belo Horizonte.<\/p><\/div>\n<p data-adtags-visited=\"true\">The nephews of the Dutch vicar, Ian and Will van den Boomen, were responsible for giving this gift to Brazilian parishioners more than 12 years ago and now want to encourage this same devotion among the Dutch. Will says he has been working on this project for over a year and, to make it a reality, formed a group called &quot;Friends of Eustace,&quot; which are anonymous people who contribute financially to raise funds for the work. The amount was not revealed.<\/p>\n<p data-adtags-visited=\"true\">The intention is that the bronze statue, which weighs 275 kilograms and is 1.98 meters high, 90 centimeters wide and 70 cm deep, will be loaded onto a ship in the port of Santos, bound for the Netherlands, where it will be on public display in the square of the Blessed Father Eustace Church. <em>\u201cChurch attendance in the Netherlands is declining, and to promote Eustace&#039;s image and fame, we undertook this project. The initial plan was to inaugurate it on November 3rd of last year, his birthday, but the pandemic delayed those plans. Now, we are considering May 23rd, the month of Mary, which was very important to Eustace.\u201d<\/em>, &quot;The expectation is that the ship voyage will take 32 days,&quot; explains Will.<\/p>\n<p data-adtags-visited=\"true\"><strong>The production<\/strong><\/p>\n<p data-adtags-visited=\"true\">The production process involved the participation of family members and also priests from the Congregation of the Sacred Hearts of Jesus and Mary, who are responsible for the canonization process of Blessed Eustace van Lieshout, including the vice-postulator, Father Vin\u00edcius Maciel. The production took place at the Fundiart company, where Edu works. He was selected from among other artists by the Dutch municipality itself on July 10, 2019, and the sculptor began work immediately afterward.<\/p>\n<p><img fetchpriority=\"high\" decoding=\"async\" class=\"wp-image-5927 alignleft\" src=\"https:\/\/www.padreeustaquio.com.br\/wp-content\/uploads\/2021\/05\/padre-eustaquio-e-edu-santos-escultor40acervo-edu-santos-fundiart-1-215x300.jpg\" alt=\"\" width=\"234\" height=\"327\" srcset=\"https:\/\/www.padreeustaquio.com.br\/wp-content\/uploads\/2021\/05\/padre-eustaquio-e-edu-santos-escultor40acervo-edu-santos-fundiart-1-215x300.jpg 215w, https:\/\/www.padreeustaquio.com.br\/wp-content\/uploads\/2021\/05\/padre-eustaquio-e-edu-santos-escultor40acervo-edu-santos-fundiart-1.jpg 733w\" sizes=\"(max-width: 234px) 100vw, 234px\" \/><\/p>\n<p data-adtags-visited=\"true\">First, the committee analyzed old photos of Father Eust\u00e1quio that could serve as the basis for the initial clay piece. The chosen image depicts the priest standing, holding a Bible in his left hand and simulating a light walk. In July of that year, Edu prepared a 20-centimeter miniature model, the\u00a0<span style=\"font-size: 1.1429rem;\">The purpose is to evaluate the model and make minor changes and adjustments.<\/span><\/p>\n<p data-adtags-visited=\"true\">The nephews and Father Vinicius also attended the presentation of the miniature and suggested minor changes.<em> \u201c&quot;This contact is important. I always ask him (Father Vin\u00edcius) for advice, show him some pictures, anything related to Father Eust\u00e1quio, he&#039;s the best person.&quot;\u201d<\/em>, complete.<\/p>\n<p data-adtags-visited=\"true\"><strong>Pandemic<\/strong><\/p>\n<p data-adtags-visited=\"true\">The next step was to reproduce the priest&#039;s head in life-size, as faithfully as possible. For this, a more oily clay was used, which allows for better work on the richness of detail. This part of the sculpture was approved in September.<\/p>\n<p data-adtags-visited=\"true\">Until March 2020, production was on schedule, but with the arrival of the Covid-19 pandemic, work was hampered. <em>\u201c&quot;I also had a suspected case, luckily I didn&#039;t catch it. With the pandemic, the company was shut down for a while. In the sector where I work, some employees got infected, so we tried to stay away from each other a bit.&quot;. <\/em><em>Normally, a project like this takes about 60 days for model creation and approximately 40 days for casting, but it took much longer because we did it in stages, and I already had some parallel projects that I dedicated myself to.\u201d<\/em>, &quot;The artist said. Now that the casting is complete, the material is already in the process of being exported,&quot; he added.<\/p>\n<p data-adtags-visited=\"true\">Click on the photos below to see the details of the artwork:<\/p>\n\n\t\t<style type=\"text\/css\">\n\t\t\t#gallery-1 {\n\t\t\t\tmargin: auto;\n\t\t\t}\n\t\t\t#gallery-1 .gallery-item {\n\t\t\t\tfloat: left;\n\t\t\t\tmargin-top: 10px;\n\t\t\t\ttext-align: center;\n\t\t\t\twidth: 33%;\n\t\t\t}\n\t\t\t#gallery-1 img {\n\t\t\t\tborder: 2px solid #cfcfcf;\n\t\t\t}\n\t\t\t#gallery-1 .gallery-caption {\n\t\t\t\tmargin-left: 0;\n\t\t\t}\n\t\t\t\/* see gallery_shortcode() in wp-includes\/media.php *\/\n\t\t<\/style>\n\t\t<div id='gallery-1' class='gallery galleryid-5916 gallery-columns-3 gallery-size-thumbnail'><dl class='gallery-item'>\n\t\t\t<dt class='gallery-icon portrait'>\n\t\t\t\t<a href='https:\/\/www.padreeustaquio.com.br\/en\/a-sculptor-from-sao-paulo-completes-a-statue-of-father-eustaquio-that-will-be-sent-to-the-netherlands\/estatua-padre-eustaquio-bronze-holanda\/'><img loading=\"lazy\" decoding=\"async\" width=\"150\" height=\"150\" src=\"https:\/\/www.padreeustaquio.com.br\/wp-content\/uploads\/2021\/05\/estatua-padre-eustaquio-bronze-holanda-150x150.jpeg\" class=\"attachment-thumbnail size-thumbnail\" alt=\"\" aria-describedby=\"gallery-1-5926\" srcset=\"https:\/\/www.padreeustaquio.com.br\/wp-content\/uploads\/2021\/05\/estatua-padre-eustaquio-bronze-holanda-150x150.jpeg 150w, https:\/\/www.padreeustaquio.com.br\/wp-content\/uploads\/2021\/05\/estatua-padre-eustaquio-bronze-holanda-75x75.jpeg 75w, https:\/\/www.padreeustaquio.com.br\/wp-content\/uploads\/2021\/05\/estatua-padre-eustaquio-bronze-holanda-180x180.jpeg 180w, https:\/\/www.padreeustaquio.com.br\/wp-content\/uploads\/2021\/05\/estatua-padre-eustaquio-bronze-holanda-400x400.jpeg 400w\" sizes=\"(max-width: 150px) 100vw, 150px\" \/><\/a>\n\t\t\t<\/dt>\n\t\t\t\t<dd class='wp-caption-text gallery-caption' id='gallery-1-5926'>\n\t\t\t\tPersonal Archive\n\t\t\t\t<\/dd><\/dl><dl class='gallery-item'>\n\t\t\t<dt class='gallery-icon portrait'>\n\t\t\t\t<a href='https:\/\/www.padreeustaquio.com.br\/en\/a-sculptor-from-sao-paulo-completes-a-statue-of-father-eustaquio-that-will-be-sent-to-the-netherlands\/estatua-padre-eustaquio-bronze-holanda-2\/'><img loading=\"lazy\" decoding=\"async\" width=\"150\" height=\"150\" src=\"https:\/\/www.padreeustaquio.com.br\/wp-content\/uploads\/2021\/05\/estatua-padre-eustaquio-bronze-holanda-2-150x150.jpeg\" class=\"attachment-thumbnail size-thumbnail\" alt=\"\" aria-describedby=\"gallery-1-5925\" srcset=\"https:\/\/www.padreeustaquio.com.br\/wp-content\/uploads\/2021\/05\/estatua-padre-eustaquio-bronze-holanda-2-150x150.jpeg 150w, https:\/\/www.padreeustaquio.com.br\/wp-content\/uploads\/2021\/05\/estatua-padre-eustaquio-bronze-holanda-2-75x75.jpeg 75w, https:\/\/www.padreeustaquio.com.br\/wp-content\/uploads\/2021\/05\/estatua-padre-eustaquio-bronze-holanda-2-180x180.jpeg 180w, https:\/\/www.padreeustaquio.com.br\/wp-content\/uploads\/2021\/05\/estatua-padre-eustaquio-bronze-holanda-2-400x400.jpeg 400w\" sizes=\"(max-width: 150px) 100vw, 150px\" \/><\/a>\n\t\t\t<\/dt>\n\t\t\t\t<dd class='wp-caption-text gallery-caption' id='gallery-1-5925'>\n\t\t\t\tPersonal Archive\n\t\t\t\t<\/dd><\/dl><dl class='gallery-item'>\n\t\t\t<dt class='gallery-icon portrait'>\n\t\t\t\t<a href='https:\/\/www.padreeustaquio.com.br\/en\/a-sculptor-from-sao-paulo-completes-a-statue-of-father-eustaquio-that-will-be-sent-to-the-netherlands\/estatua-padre-eustaquio-bronze-holanda-1\/'><img loading=\"lazy\" decoding=\"async\" width=\"150\" height=\"150\" src=\"https:\/\/www.padreeustaquio.com.br\/wp-content\/uploads\/2021\/05\/estatua-padre-eustaquio-bronze-holanda-1-150x150.jpeg\" class=\"attachment-thumbnail size-thumbnail\" alt=\"\" aria-describedby=\"gallery-1-5924\" srcset=\"https:\/\/www.padreeustaquio.com.br\/wp-content\/uploads\/2021\/05\/estatua-padre-eustaquio-bronze-holanda-1-150x150.jpeg 150w, https:\/\/www.padreeustaquio.com.br\/wp-content\/uploads\/2021\/05\/estatua-padre-eustaquio-bronze-holanda-1-75x75.jpeg 75w, https:\/\/www.padreeustaquio.com.br\/wp-content\/uploads\/2021\/05\/estatua-padre-eustaquio-bronze-holanda-1-180x180.jpeg 180w, https:\/\/www.padreeustaquio.com.br\/wp-content\/uploads\/2021\/05\/estatua-padre-eustaquio-bronze-holanda-1-400x400.jpeg 400w\" sizes=\"(max-width: 150px) 100vw, 150px\" \/><\/a>\n\t\t\t<\/dt>\n\t\t\t\t<dd class='wp-caption-text gallery-caption' id='gallery-1-5924'>\n\t\t\t\tPersonal Archive\n\t\t\t\t<\/dd><\/dl><br style=\"clear: both\" \/>\n\t\t<\/div>\n\n<p data-adtags-visited=\"true\"><strong>Written by Delcimar Ferreira for the newspaper: \u201cA Tribuna Piracicabana\u201d<\/strong><\/p>","protected":false},"excerpt":{"rendered":"<p>Para contribuir com a devo\u00e7\u00e3o e mem\u00f3ria de Padre Eust\u00e1quio tamb\u00e9m no pa\u00eds de origem dele, a Holanda, familiares e amigos do religioso encomendaram uma est\u00e1tua de 2 metros de altura para fixar na pra\u00e7a central de Aarle Rixtel, distrito de Laarbeck, cidade natal de Eust\u00e1quio, localizada a cerca de 100 quil\u00f4metros da capital Amsterd\u00e3. O respons\u00e1vel por construir esta obra de arte \u00e9 o escultor piracicabano Luiz Eduardo dos Santos, o Edu Santos, de 39 anos. Portf\u00f3lio e experi\u00eancia o Edu possui, afinal, j\u00e1 foi respons\u00e1vel por produzir pe\u00e7as como\u00a0a est\u00e1tua de Arthur Antunes Coimbra, o Zico, que fica [&hellip;]<\/p>\n","protected":false},"author":2,"featured_media":5919,"comment_status":"open","ping_status":"closed","sticky":false,"template":"","format":"standard","meta":{"_acf_changed":false,"footnotes":""},"categories":[611],"tags":[],"class_list":["post-5916","post","type-post","status-publish","format-standard","has-post-thumbnail","hentry","category-noticias"],"acf":[],"yoast_head":"<!-- This site is optimized with the Yoast SEO plugin v27.2 - https:\/\/yoast.com\/product\/yoast-seo-wordpress\/ -->\n<title>Escultor de S\u00e3o Paulo conclui est\u00e1tua de Padre Eust\u00e1quio que ser\u00e1 enviada para a Holanda - Padre Eust\u00e1quio<\/title>\n<meta name=\"robots\" content=\"index, follow, max-snippet:-1, max-image-preview:large, max-video-preview:-1\" \/>\n<link rel=\"canonical\" href=\"https:\/\/www.padreeustaquio.com.br\/en\/a-sculptor-from-sao-paulo-completes-a-statue-of-father-eustaquio-that-will-be-sent-to-the-netherlands\/\" \/>\n<meta property=\"og:locale\" content=\"en_US\" \/>\n<meta property=\"og:type\" content=\"article\" \/>\n<meta property=\"og:title\" content=\"Escultor de S\u00e3o Paulo conclui est\u00e1tua de Padre Eust\u00e1quio que ser\u00e1 enviada para a Holanda - Padre Eust\u00e1quio\" \/>\n<meta property=\"og:description\" content=\"Para contribuir com a devo\u00e7\u00e3o e mem\u00f3ria de Padre Eust\u00e1quio tamb\u00e9m no pa\u00eds de origem dele, a Holanda, familiares e amigos do religioso encomendaram uma est\u00e1tua de 2 metros de altura para fixar na pra\u00e7a central de Aarle Rixtel, distrito de Laarbeck, cidade natal de Eust\u00e1quio, localizada a cerca de 100 quil\u00f4metros da capital Amsterd\u00e3. O respons\u00e1vel por construir esta obra de arte \u00e9 o escultor piracicabano Luiz Eduardo dos Santos, o Edu Santos, de 39 anos. Portf\u00f3lio e experi\u00eancia o Edu possui, afinal, j\u00e1 foi respons\u00e1vel por produzir pe\u00e7as como\u00a0a est\u00e1tua de Arthur Antunes Coimbra, o Zico, que fica [&hellip;]\" \/>\n<meta property=\"og:url\" content=\"https:\/\/www.padreeustaquio.com.br\/en\/a-sculptor-from-sao-paulo-completes-a-statue-of-father-eustaquio-that-will-be-sent-to-the-netherlands\/\" \/>\n<meta property=\"og:site_name\" content=\"Padre Eust\u00e1quio\" \/>\n<meta property=\"article:publisher\" content=\"https:\/\/www.facebook.com\/beatopadreeustaquio\/\" \/>\n<meta property=\"article:published_time\" content=\"2021-05-21T09:13:35+00:00\" \/>\n<meta property=\"og:image\" content=\"https:\/\/www.padreeustaquio.com.br\/wp-content\/uploads\/2021\/05\/padre-eustaquio-e-edu-santos-escultor40acervo-edu-santos-fundiart-e1621459369160.jpg\" \/>\n\t<meta property=\"og:image:width\" content=\"732\" \/>\n\t<meta property=\"og:image:height\" content=\"437\" \/>\n\t<meta property=\"og:image:type\" content=\"image\/jpeg\" \/>\n<meta name=\"author\" content=\"@sscc\" \/>\n<meta name=\"twitter:card\" content=\"summary_large_image\" \/>\n<meta name=\"twitter:creator\" content=\"@beatopeustaquio\" \/>\n<meta name=\"twitter:site\" content=\"@beatopeustaquio\" \/>\n<meta name=\"twitter:label1\" content=\"Written by\" \/>\n\t<meta name=\"twitter:data1\" content=\"@sscc\" \/>\n\t<meta name=\"twitter:label2\" content=\"Est. reading time\" \/>\n\t<meta name=\"twitter:data2\" content=\"4 minutes\" \/>\n<script type=\"application\/ld+json\" class=\"yoast-schema-graph\">{\"@context\":\"https:\/\/schema.org\",\"@graph\":[{\"@type\":\"Article\",\"@id\":\"https:\/\/www.padreeustaquio.com.br\/escultor-de-sao-paulo-conclui-estatua-de-padre-eustaquio-que-sera-enviada-para-a-holanda\/#article\",\"isPartOf\":{\"@id\":\"https:\/\/www.padreeustaquio.com.br\/escultor-de-sao-paulo-conclui-estatua-de-padre-eustaquio-que-sera-enviada-para-a-holanda\/\"},\"author\":{\"name\":\"@sscc\",\"@id\":\"https:\/\/www.padreeustaquio.com.br\/#\/schema\/person\/a2a51db1d00f1a7af0204a0f1ddb1566\"},\"headline\":\"Escultor de S\u00e3o Paulo conclui est\u00e1tua de Padre Eust\u00e1quio que ser\u00e1 enviada para a Holanda\",\"datePublished\":\"2021-05-21T09:13:35+00:00\",\"mainEntityOfPage\":{\"@id\":\"https:\/\/www.padreeustaquio.com.br\/escultor-de-sao-paulo-conclui-estatua-de-padre-eustaquio-que-sera-enviada-para-a-holanda\/\"},\"wordCount\":915,\"commentCount\":0,\"publisher\":{\"@id\":\"https:\/\/www.padreeustaquio.com.br\/#organization\"},\"image\":{\"@id\":\"https:\/\/www.padreeustaquio.com.br\/escultor-de-sao-paulo-conclui-estatua-de-padre-eustaquio-que-sera-enviada-para-a-holanda\/#primaryimage\"},\"thumbnailUrl\":\"https:\/\/www.padreeustaquio.com.br\/wp-content\/uploads\/2021\/05\/padre-eustaquio-e-edu-santos-escultor40acervo-edu-santos-fundiart-e1621459369160.jpg\",\"articleSection\":[\"Not\u00edcias\"],\"inLanguage\":\"en-US\",\"potentialAction\":[{\"@type\":\"CommentAction\",\"name\":\"Comment\",\"target\":[\"https:\/\/www.padreeustaquio.com.br\/escultor-de-sao-paulo-conclui-estatua-de-padre-eustaquio-que-sera-enviada-para-a-holanda\/#respond\"]}]},{\"@type\":\"WebPage\",\"@id\":\"https:\/\/www.padreeustaquio.com.br\/escultor-de-sao-paulo-conclui-estatua-de-padre-eustaquio-que-sera-enviada-para-a-holanda\/\",\"url\":\"https:\/\/www.padreeustaquio.com.br\/escultor-de-sao-paulo-conclui-estatua-de-padre-eustaquio-que-sera-enviada-para-a-holanda\/\",\"name\":\"Escultor de S\u00e3o Paulo conclui est\u00e1tua de Padre Eust\u00e1quio que ser\u00e1 enviada para a Holanda - Padre Eust\u00e1quio\",\"isPartOf\":{\"@id\":\"https:\/\/www.padreeustaquio.com.br\/#website\"},\"primaryImageOfPage\":{\"@id\":\"https:\/\/www.padreeustaquio.com.br\/escultor-de-sao-paulo-conclui-estatua-de-padre-eustaquio-que-sera-enviada-para-a-holanda\/#primaryimage\"},\"image\":{\"@id\":\"https:\/\/www.padreeustaquio.com.br\/escultor-de-sao-paulo-conclui-estatua-de-padre-eustaquio-que-sera-enviada-para-a-holanda\/#primaryimage\"},\"thumbnailUrl\":\"https:\/\/www.padreeustaquio.com.br\/wp-content\/uploads\/2021\/05\/padre-eustaquio-e-edu-santos-escultor40acervo-edu-santos-fundiart-e1621459369160.jpg\",\"datePublished\":\"2021-05-21T09:13:35+00:00\",\"breadcrumb\":{\"@id\":\"https:\/\/www.padreeustaquio.com.br\/escultor-de-sao-paulo-conclui-estatua-de-padre-eustaquio-que-sera-enviada-para-a-holanda\/#breadcrumb\"},\"inLanguage\":\"en-US\",\"potentialAction\":[{\"@type\":\"ReadAction\",\"target\":[\"https:\/\/www.padreeustaquio.com.br\/escultor-de-sao-paulo-conclui-estatua-de-padre-eustaquio-que-sera-enviada-para-a-holanda\/\"]}]},{\"@type\":\"ImageObject\",\"inLanguage\":\"en-US\",\"@id\":\"https:\/\/www.padreeustaquio.com.br\/escultor-de-sao-paulo-conclui-estatua-de-padre-eustaquio-que-sera-enviada-para-a-holanda\/#primaryimage\",\"url\":\"https:\/\/www.padreeustaquio.com.br\/wp-content\/uploads\/2021\/05\/padre-eustaquio-e-edu-santos-escultor40acervo-edu-santos-fundiart-e1621459369160.jpg\",\"contentUrl\":\"https:\/\/www.padreeustaquio.com.br\/wp-content\/uploads\/2021\/05\/padre-eustaquio-e-edu-santos-escultor40acervo-edu-santos-fundiart-e1621459369160.jpg\",\"width\":732,\"height\":437,\"caption\":\"Foto arquivo pessoal: Edu Santos\"},{\"@type\":\"BreadcrumbList\",\"@id\":\"https:\/\/www.padreeustaquio.com.br\/escultor-de-sao-paulo-conclui-estatua-de-padre-eustaquio-que-sera-enviada-para-a-holanda\/#breadcrumb\",\"itemListElement\":[{\"@type\":\"ListItem\",\"position\":1,\"name\":\"In\u00edcio\",\"item\":\"https:\/\/www.padreeustaquio.com.br\/\"},{\"@type\":\"ListItem\",\"position\":2,\"name\":\"Escultor de S\u00e3o Paulo conclui est\u00e1tua de Padre Eust\u00e1quio que ser\u00e1 enviada para a Holanda\"}]},{\"@type\":\"WebSite\",\"@id\":\"https:\/\/www.padreeustaquio.com.br\/#website\",\"url\":\"https:\/\/www.padreeustaquio.com.br\/\",\"name\":\"Padre Eust\u00e1quio\",\"description\":\"Sa\u00fade e Paz\",\"publisher\":{\"@id\":\"https:\/\/www.padreeustaquio.com.br\/#organization\"},\"potentialAction\":[{\"@type\":\"SearchAction\",\"target\":{\"@type\":\"EntryPoint\",\"urlTemplate\":\"https:\/\/www.padreeustaquio.com.br\/?s={search_term_string}\"},\"query-input\":{\"@type\":\"PropertyValueSpecification\",\"valueRequired\":true,\"valueName\":\"search_term_string\"}}],\"inLanguage\":\"en-US\"},{\"@type\":\"Organization\",\"@id\":\"https:\/\/www.padreeustaquio.com.br\/#organization\",\"name\":\"Padre Eust\u00e1quio\",\"url\":\"https:\/\/www.padreeustaquio.com.br\/\",\"logo\":{\"@type\":\"ImageObject\",\"inLanguage\":\"en-US\",\"@id\":\"https:\/\/www.padreeustaquio.com.br\/#\/schema\/logo\/image\/\",\"url\":\"https:\/\/www.padreeustaquio.com.br\/wp-content\/uploads\/2019\/08\/marca.png\",\"contentUrl\":\"https:\/\/www.padreeustaquio.com.br\/wp-content\/uploads\/2019\/08\/marca.png\",\"width\":350,\"height\":400,\"caption\":\"Padre Eust\u00e1quio\"},\"image\":{\"@id\":\"https:\/\/www.padreeustaquio.com.br\/#\/schema\/logo\/image\/\"},\"sameAs\":[\"https:\/\/www.facebook.com\/beatopadreeustaquio\/\",\"https:\/\/x.com\/beatopeustaquio\",\"https:\/\/www.instagram.com\/beatopadreeustaquio\/\",\"https:\/\/www.youtube.com\/channel\/UCRhw7vfabnajwLxb1ZXMeIw\"]},{\"@type\":\"Person\",\"@id\":\"https:\/\/www.padreeustaquio.com.br\/#\/schema\/person\/a2a51db1d00f1a7af0204a0f1ddb1566\",\"name\":\"@sscc\",\"image\":{\"@type\":\"ImageObject\",\"inLanguage\":\"en-US\",\"@id\":\"https:\/\/secure.gravatar.com\/avatar\/68cfafa5f44617fea54071e215026e0ff06be366c3d54a8425f04fdcb86f8c5f?s=96&d=mm&r=g\",\"url\":\"https:\/\/secure.gravatar.com\/avatar\/68cfafa5f44617fea54071e215026e0ff06be366c3d54a8425f04fdcb86f8c5f?s=96&d=mm&r=g\",\"contentUrl\":\"https:\/\/secure.gravatar.com\/avatar\/68cfafa5f44617fea54071e215026e0ff06be366c3d54a8425f04fdcb86f8c5f?s=96&d=mm&r=g\",\"caption\":\"@sscc\"},\"url\":\"https:\/\/www.padreeustaquio.com.br\/en\/author\/sscc\/\"}]}<\/script>\n<!-- \/ Yoast SEO plugin. -->","yoast_head_json":{"title":"Sculptor from S\u00e3o Paulo completes statue of Father Eust\u00e1quio that will be sent to the Netherlands - Father Eust\u00e1quio","robots":{"index":"index","follow":"follow","max-snippet":"max-snippet:-1","max-image-preview":"max-image-preview:large","max-video-preview":"max-video-preview:-1"},"canonical":"https:\/\/www.padreeustaquio.com.br\/en\/a-sculptor-from-sao-paulo-completes-a-statue-of-father-eustaquio-that-will-be-sent-to-the-netherlands\/","og_locale":"en_US","og_type":"article","og_title":"Escultor de S\u00e3o Paulo conclui est\u00e1tua de Padre Eust\u00e1quio que ser\u00e1 enviada para a Holanda - Padre Eust\u00e1quio","og_description":"Para contribuir com a devo\u00e7\u00e3o e mem\u00f3ria de Padre Eust\u00e1quio tamb\u00e9m no pa\u00eds de origem dele, a Holanda, familiares e amigos do religioso encomendaram uma est\u00e1tua de 2 metros de altura para fixar na pra\u00e7a central de Aarle Rixtel, distrito de Laarbeck, cidade natal de Eust\u00e1quio, localizada a cerca de 100 quil\u00f4metros da capital Amsterd\u00e3. O respons\u00e1vel por construir esta obra de arte \u00e9 o escultor piracicabano Luiz Eduardo dos Santos, o Edu Santos, de 39 anos. Portf\u00f3lio e experi\u00eancia o Edu possui, afinal, j\u00e1 foi respons\u00e1vel por produzir pe\u00e7as como\u00a0a est\u00e1tua de Arthur Antunes Coimbra, o Zico, que fica [&hellip;]","og_url":"https:\/\/www.padreeustaquio.com.br\/en\/a-sculptor-from-sao-paulo-completes-a-statue-of-father-eustaquio-that-will-be-sent-to-the-netherlands\/","og_site_name":"Padre Eust\u00e1quio","article_publisher":"https:\/\/www.facebook.com\/beatopadreeustaquio\/","article_published_time":"2021-05-21T09:13:35+00:00","og_image":[{"width":732,"height":437,"url":"https:\/\/www.padreeustaquio.com.br\/wp-content\/uploads\/2021\/05\/padre-eustaquio-e-edu-santos-escultor40acervo-edu-santos-fundiart-e1621459369160.jpg","type":"image\/jpeg"}],"author":"@sscc","twitter_card":"summary_large_image","twitter_creator":"@beatopeustaquio","twitter_site":"@beatopeustaquio","twitter_misc":{"Written by":"@sscc","Est. reading time":"4 minutes"},"schema":{"@context":"https:\/\/schema.org","@graph":[{"@type":"Article","@id":"https:\/\/www.padreeustaquio.com.br\/escultor-de-sao-paulo-conclui-estatua-de-padre-eustaquio-que-sera-enviada-para-a-holanda\/#article","isPartOf":{"@id":"https:\/\/www.padreeustaquio.com.br\/escultor-de-sao-paulo-conclui-estatua-de-padre-eustaquio-que-sera-enviada-para-a-holanda\/"},"author":{"name":"@sscc","@id":"https:\/\/www.padreeustaquio.com.br\/#\/schema\/person\/a2a51db1d00f1a7af0204a0f1ddb1566"},"headline":"Escultor de S\u00e3o Paulo conclui est\u00e1tua de Padre Eust\u00e1quio que ser\u00e1 enviada para a Holanda","datePublished":"2021-05-21T09:13:35+00:00","mainEntityOfPage":{"@id":"https:\/\/www.padreeustaquio.com.br\/escultor-de-sao-paulo-conclui-estatua-de-padre-eustaquio-que-sera-enviada-para-a-holanda\/"},"wordCount":915,"commentCount":0,"publisher":{"@id":"https:\/\/www.padreeustaquio.com.br\/#organization"},"image":{"@id":"https:\/\/www.padreeustaquio.com.br\/escultor-de-sao-paulo-conclui-estatua-de-padre-eustaquio-que-sera-enviada-para-a-holanda\/#primaryimage"},"thumbnailUrl":"https:\/\/www.padreeustaquio.com.br\/wp-content\/uploads\/2021\/05\/padre-eustaquio-e-edu-santos-escultor40acervo-edu-santos-fundiart-e1621459369160.jpg","articleSection":["Not\u00edcias"],"inLanguage":"en-US","potentialAction":[{"@type":"CommentAction","name":"Comment","target":["https:\/\/www.padreeustaquio.com.br\/escultor-de-sao-paulo-conclui-estatua-de-padre-eustaquio-que-sera-enviada-para-a-holanda\/#respond"]}]},{"@type":"WebPage","@id":"https:\/\/www.padreeustaquio.com.br\/escultor-de-sao-paulo-conclui-estatua-de-padre-eustaquio-que-sera-enviada-para-a-holanda\/","url":"https:\/\/www.padreeustaquio.com.br\/escultor-de-sao-paulo-conclui-estatua-de-padre-eustaquio-que-sera-enviada-para-a-holanda\/","name":"Sculptor from S\u00e3o Paulo completes statue of Father Eust\u00e1quio that will be sent to the Netherlands - Father Eust\u00e1quio","isPartOf":{"@id":"https:\/\/www.padreeustaquio.com.br\/#website"},"primaryImageOfPage":{"@id":"https:\/\/www.padreeustaquio.com.br\/escultor-de-sao-paulo-conclui-estatua-de-padre-eustaquio-que-sera-enviada-para-a-holanda\/#primaryimage"},"image":{"@id":"https:\/\/www.padreeustaquio.com.br\/escultor-de-sao-paulo-conclui-estatua-de-padre-eustaquio-que-sera-enviada-para-a-holanda\/#primaryimage"},"thumbnailUrl":"https:\/\/www.padreeustaquio.com.br\/wp-content\/uploads\/2021\/05\/padre-eustaquio-e-edu-santos-escultor40acervo-edu-santos-fundiart-e1621459369160.jpg","datePublished":"2021-05-21T09:13:35+00:00","breadcrumb":{"@id":"https:\/\/www.padreeustaquio.com.br\/escultor-de-sao-paulo-conclui-estatua-de-padre-eustaquio-que-sera-enviada-para-a-holanda\/#breadcrumb"},"inLanguage":"en-US","potentialAction":[{"@type":"ReadAction","target":["https:\/\/www.padreeustaquio.com.br\/escultor-de-sao-paulo-conclui-estatua-de-padre-eustaquio-que-sera-enviada-para-a-holanda\/"]}]},{"@type":"ImageObject","inLanguage":"en-US","@id":"https:\/\/www.padreeustaquio.com.br\/escultor-de-sao-paulo-conclui-estatua-de-padre-eustaquio-que-sera-enviada-para-a-holanda\/#primaryimage","url":"https:\/\/www.padreeustaquio.com.br\/wp-content\/uploads\/2021\/05\/padre-eustaquio-e-edu-santos-escultor40acervo-edu-santos-fundiart-e1621459369160.jpg","contentUrl":"https:\/\/www.padreeustaquio.com.br\/wp-content\/uploads\/2021\/05\/padre-eustaquio-e-edu-santos-escultor40acervo-edu-santos-fundiart-e1621459369160.jpg","width":732,"height":437,"caption":"Foto arquivo pessoal: Edu Santos"},{"@type":"BreadcrumbList","@id":"https:\/\/www.padreeustaquio.com.br\/escultor-de-sao-paulo-conclui-estatua-de-padre-eustaquio-que-sera-enviada-para-a-holanda\/#breadcrumb","itemListElement":[{"@type":"ListItem","position":1,"name":"In\u00edcio","item":"https:\/\/www.padreeustaquio.com.br\/"},{"@type":"ListItem","position":2,"name":"Escultor de S\u00e3o Paulo conclui est\u00e1tua de Padre Eust\u00e1quio que ser\u00e1 enviada para a Holanda"}]},{"@type":"WebSite","@id":"https:\/\/www.padreeustaquio.com.br\/#website","url":"https:\/\/www.padreeustaquio.com.br\/","name":"FATHER EUST\u00c1QUIO","description":"Health and Peace","publisher":{"@id":"https:\/\/www.padreeustaquio.com.br\/#organization"},"potentialAction":[{"@type":"SearchAction","target":{"@type":"EntryPoint","urlTemplate":"https:\/\/www.padreeustaquio.com.br\/?s={search_term_string}"},"query-input":{"@type":"PropertyValueSpecification","valueRequired":true,"valueName":"search_term_string"}}],"inLanguage":"en-US"},{"@type":"Organization","@id":"https:\/\/www.padreeustaquio.com.br\/#organization","name":"FATHER EUST\u00c1QUIO","url":"https:\/\/www.padreeustaquio.com.br\/","logo":{"@type":"ImageObject","inLanguage":"en-US","@id":"https:\/\/www.padreeustaquio.com.br\/#\/schema\/logo\/image\/","url":"https:\/\/www.padreeustaquio.com.br\/wp-content\/uploads\/2019\/08\/marca.png","contentUrl":"https:\/\/www.padreeustaquio.com.br\/wp-content\/uploads\/2019\/08\/marca.png","width":350,"height":400,"caption":"Padre Eust\u00e1quio"},"image":{"@id":"https:\/\/www.padreeustaquio.com.br\/#\/schema\/logo\/image\/"},"sameAs":["https:\/\/www.facebook.com\/beatopadreeustaquio\/","https:\/\/x.com\/beatopeustaquio","https:\/\/www.instagram.com\/beatopadreeustaquio\/","https:\/\/www.youtube.com\/channel\/UCRhw7vfabnajwLxb1ZXMeIw"]},{"@type":"Person","@id":"https:\/\/www.padreeustaquio.com.br\/#\/schema\/person\/a2a51db1d00f1a7af0204a0f1ddb1566","name":"@sscc","image":{"@type":"ImageObject","inLanguage":"en-US","@id":"https:\/\/secure.gravatar.com\/avatar\/68cfafa5f44617fea54071e215026e0ff06be366c3d54a8425f04fdcb86f8c5f?s=96&d=mm&r=g","url":"https:\/\/secure.gravatar.com\/avatar\/68cfafa5f44617fea54071e215026e0ff06be366c3d54a8425f04fdcb86f8c5f?s=96&d=mm&r=g","contentUrl":"https:\/\/secure.gravatar.com\/avatar\/68cfafa5f44617fea54071e215026e0ff06be366c3d54a8425f04fdcb86f8c5f?s=96&d=mm&r=g","caption":"@sscc"},"url":"https:\/\/www.padreeustaquio.com.br\/en\/author\/sscc\/"}]}},"_links":{"self":[{"href":"https:\/\/www.padreeustaquio.com.br\/en\/wp-json\/wp\/v2\/posts\/5916","targetHints":{"allow":["GET"]}}],"collection":[{"href":"https:\/\/www.padreeustaquio.com.br\/en\/wp-json\/wp\/v2\/posts"}],"about":[{"href":"https:\/\/www.padreeustaquio.com.br\/en\/wp-json\/wp\/v2\/types\/post"}],"author":[{"embeddable":true,"href":"https:\/\/www.padreeustaquio.com.br\/en\/wp-json\/wp\/v2\/users\/2"}],"replies":[{"embeddable":true,"href":"https:\/\/www.padreeustaquio.com.br\/en\/wp-json\/wp\/v2\/comments?post=5916"}],"version-history":[{"count":0,"href":"https:\/\/www.padreeustaquio.com.br\/en\/wp-json\/wp\/v2\/posts\/5916\/revisions"}],"wp:featuredmedia":[{"embeddable":true,"href":"https:\/\/www.padreeustaquio.com.br\/en\/wp-json\/wp\/v2\/media\/5919"}],"wp:attachment":[{"href":"https:\/\/www.padreeustaquio.com.br\/en\/wp-json\/wp\/v2\/media?parent=5916"}],"wp:term":[{"taxonomy":"category","embeddable":true,"href":"https:\/\/www.padreeustaquio.com.br\/en\/wp-json\/wp\/v2\/categories?post=5916"},{"taxonomy":"post_tag","embeddable":true,"href":"https:\/\/www.padreeustaquio.com.br\/en\/wp-json\/wp\/v2\/tags?post=5916"}],"curies":[{"name":"wp","href":"https:\/\/api.w.org\/{rel}","templated":true}]}}