{"id":5913,"date":"2021-05-20T06:28:25","date_gmt":"2021-05-20T09:28:25","guid":{"rendered":"https:\/\/www.padreeustaquio.com.br\/?p=5913"},"modified":"2021-05-19T17:40:14","modified_gmt":"2021-05-19T20:40:14","slug":"15-years-since-beatification-follow-the-process-on-the-timeline-weve-prepared","status":"publish","type":"post","link":"https:\/\/www.padreeustaquio.com.br\/en\/15-years-since-beatification-follow-the-process-on-the-timeline-weve-prepared\/","title":{"rendered":"15 YEARS SINCE BEATIFICATION \u2013 Follow the process on the timeline we&#039;ve prepared."},"content":{"rendered":"<p>June 15th marks the 15th anniversary of the Beatification of Father Eust\u00e1quio. After a long process that began in 1956, the Dutch priest was inscribed by the Holy See on the list of the Blessed.<\/p>\n<p>The philosopher and scholar of religion, Leandro Castro, prepared a timeline detailing the entire process, explaining each step. See below:<\/p>\n<h5>History of the Beatification Process of Father Eust\u00e1quio<\/h5>\n<p><strong>August 30, 1943<\/strong> \u2013 Death of Father Eust\u00e1quio.<\/p>\n<p><strong>August 31, 1943<\/strong> \u2013 The mortal remains of Father Eust\u00e1quio are taken to the Bonfim Cemetery. His tomb becomes a place of prayer and devotion.<\/p>\n<p><strong>January 31, 1949<\/strong> \u2013 Transfer of the mortal remains of Father Eust\u00e1quio to the mortuary chapel, at the entrance of the Sacred Hearts Parish Church, begun by the Blessed himself and now known as the Church of Father Eust\u00e1quio.<\/p>\n<p><strong>February 5, 1956<\/strong> \u2013 Beginning of the preliminary work for the establishment of the Canonical Process for the Canonization of Father Eust\u00e1quio. Father Alfredo Elfrink assumes the role of Vice-Postulator.<\/p>\n<p><strong>June 21, 1962<\/strong> \u2013 Publication of the notice announcing the start of the process.<\/p>\n<p><strong>August 22, 1962<\/strong> \u2013 Installation of the \u201cSpecial Tribunal for the Instruction of the Cause of Beatification of Father Eust\u00e1quio\u201d. On the initiative and under the presidency of Dom Jo\u00e3o de Resende Costa, then Coadjutor Archbishop and Apostolic Administrator of the Archdiocese of Belo Horizonte. In addition to Belo Horizonte, tribunals were established in the following dioceses: Rio de Janeiro; Uberaba, S\u00e3o Paulo, Florian\u00f3polis and S-Hertogenbosch, in the Netherlands.<\/p>\n<p><strong>September 3, 1964<\/strong> \u2013 Completion of the \u201cWritings\u201d process. Transcription and sending of a copy of all of Father Eustace&#039;s writings to the Congregation for the Causes of Saints.<\/p>\n<p><strong>November 19, 1964<\/strong> \u2013 Decree of Public Ecclesiastical Worship.<\/p>\n<p><strong>August 23, 1966<\/strong> \u2013 Canonical conclusion of the process for the beatification and canonization of Father Eust\u00e1quio, under the responsibility of the Archdiocese of Belo Horizonte.<\/p>\n<p><strong>From 1970 to 1979<\/strong> \u2013 By decision of the Congregation of the Sacred Hearts, through the authority of its General Chapter, the processes of beatification and canonization of Father Eust\u00e1quio and other venerable members of the same congregation have been temporarily suspended.<\/p>\n<p><strong>1980<\/strong> \u2013 At the insistence of Dom Jo\u00e3o de Resende Costa and at the request of several Brazilian bishops representing the wishes of the faithful, the general chapter of the Congregation of the Sacred Hearts decided to resume the work on the Canonical Process for the Beatification of Father Eust\u00e1quio.<\/p>\n<p><strong>March 19, 1983<\/strong> \u2013 Reopening of the Canonization Process.<\/p>\n<p><strong>March 19, 1983<\/strong> The process is accepted by the Vatican \u2013 Father Eust\u00e1quio is recognized as a Servant of God.<\/p>\n<p><strong>November 12, 1997<\/strong> \u2013 In the Ecclesiastical Court of Belo Horizonte, proceedings have begun to analyze a possible miracle obtained through the intercession of Father Eust\u00e1quio.<\/p>\n<p><strong>January 17, 1998<\/strong> \u2013 Conclusion of the miracle analysis process and submission to Rome.<\/p>\n<p><strong>April 12, 2003<\/strong> Pope John Paul II approves and officially publishes the Decree on the heroic virtues of Father Eustace in Rome. The Servant of God becomes Venerable Father Eustace.<\/p>\n<p><strong>December 19, 2005<\/strong> Pope Benedict XVI authorizes the publication of the Decree recognizing a miracle attributed to the intercession of Father Eust\u00e1quio. Father Gon\u00e7alo Bel\u00e9m is cured of throat cancer.<\/p>\n<p><strong>June 15, 2006<\/strong> \u2013 Father Eust\u00e1quio is beatified. The heroic virtues of the Blessed in following Jesus and serving the most needy are recognized.<\/p>","protected":false},"excerpt":{"rendered":"<p>Dia 15 de junho a Beatifica\u00e7\u00e3o de Padre Eust\u00e1quio completa 15 anos. Ap\u00f3s um longo processo, que come\u00e7ou em 1956, o padre holand\u00eas foi inscrito pela Santa S\u00e9 na lista dos Bem-Aventurados. O fil\u00f3sofo e cientista da religi\u00e3o Leandro Castro, preparou uma linha do tempo com todo o processo, explicando cada passo. Veja a seguir: Hist\u00f3ria do processo de Beatifica\u00e7\u00e3o do Padre Eust\u00e1quio 30 de agosto de 1943 \u2013 Morte de Padre Eust\u00e1quio. 31 de agosto de 1943 \u2013 Os restos mortais de Padre Eust\u00e1quio s\u00e3o conduzidos para o Cemit\u00e9rio do Bonfim. Seu t\u00famulo torna-se lugar de preces e devo\u00e7\u00e3o. [&hellip;]<\/p>\n","protected":false},"author":2,"featured_media":5914,"comment_status":"open","ping_status":"closed","sticky":false,"template":"","format":"standard","meta":{"_acf_changed":false,"footnotes":""},"categories":[611],"tags":[],"class_list":["post-5913","post","type-post","status-publish","format-standard","has-post-thumbnail","hentry","category-noticias"],"acf":[],"yoast_head":"<!-- This site is optimized with the Yoast SEO plugin v27.2 - https:\/\/yoast.com\/product\/yoast-seo-wordpress\/ -->\n<title>15 ANOS DE BEATIFICA\u00c7\u00c3O - Acompanhe como foi o processo na linha do tempo que preparamos - Padre Eust\u00e1quio<\/title>\n<meta name=\"robots\" content=\"index, follow, max-snippet:-1, max-image-preview:large, max-video-preview:-1\" \/>\n<link rel=\"canonical\" href=\"https:\/\/www.padreeustaquio.com.br\/en\/15-years-since-beatification-follow-the-process-on-the-timeline-weve-prepared\/\" \/>\n<meta property=\"og:locale\" content=\"en_US\" \/>\n<meta property=\"og:type\" content=\"article\" \/>\n<meta property=\"og:title\" content=\"15 ANOS DE BEATIFICA\u00c7\u00c3O - Acompanhe como foi o processo na linha do tempo que preparamos - Padre Eust\u00e1quio\" \/>\n<meta property=\"og:description\" content=\"Dia 15 de junho a Beatifica\u00e7\u00e3o de Padre Eust\u00e1quio completa 15 anos. Ap\u00f3s um longo processo, que come\u00e7ou em 1956, o padre holand\u00eas foi inscrito pela Santa S\u00e9 na lista dos Bem-Aventurados. O fil\u00f3sofo e cientista da religi\u00e3o Leandro Castro, preparou uma linha do tempo com todo o processo, explicando cada passo. Veja a seguir: Hist\u00f3ria do processo de Beatifica\u00e7\u00e3o do Padre Eust\u00e1quio 30 de agosto de 1943 \u2013 Morte de Padre Eust\u00e1quio. 31 de agosto de 1943 \u2013 Os restos mortais de Padre Eust\u00e1quio s\u00e3o conduzidos para o Cemit\u00e9rio do Bonfim. Seu t\u00famulo torna-se lugar de preces e devo\u00e7\u00e3o. [&hellip;]\" \/>\n<meta property=\"og:url\" content=\"https:\/\/www.padreeustaquio.com.br\/en\/15-years-since-beatification-follow-the-process-on-the-timeline-weve-prepared\/\" \/>\n<meta property=\"og:site_name\" content=\"Padre Eust\u00e1quio\" \/>\n<meta property=\"article:publisher\" content=\"https:\/\/www.facebook.com\/beatopadreeustaquio\/\" \/>\n<meta property=\"article:published_time\" content=\"2021-05-20T09:28:25+00:00\" \/>\n<meta property=\"og:image\" content=\"https:\/\/www.padreeustaquio.com.br\/wp-content\/uploads\/2021\/05\/beatificacao-mineirao-papa-bispos-milagre-beato-santo-cerimonia.jpeg\" \/>\n\t<meta property=\"og:image:width\" content=\"1280\" \/>\n\t<meta property=\"og:image:height\" content=\"960\" \/>\n\t<meta property=\"og:image:type\" content=\"image\/jpeg\" \/>\n<meta name=\"author\" content=\"@sscc\" \/>\n<meta name=\"twitter:card\" content=\"summary_large_image\" \/>\n<meta name=\"twitter:creator\" content=\"@beatopeustaquio\" \/>\n<meta name=\"twitter:site\" content=\"@beatopeustaquio\" \/>\n<meta name=\"twitter:label1\" content=\"Written by\" \/>\n\t<meta name=\"twitter:data1\" content=\"@sscc\" \/>\n\t<meta name=\"twitter:label2\" content=\"Est. reading time\" \/>\n\t<meta name=\"twitter:data2\" content=\"3 minutes\" \/>\n<script type=\"application\/ld+json\" class=\"yoast-schema-graph\">{\"@context\":\"https:\/\/schema.org\",\"@graph\":[{\"@type\":\"Article\",\"@id\":\"https:\/\/www.padreeustaquio.com.br\/15-anos-de-beatificacao-acompanhe-como-foi-o-processo-na-linha-do-tempo-que-preparamos\/#article\",\"isPartOf\":{\"@id\":\"https:\/\/www.padreeustaquio.com.br\/15-anos-de-beatificacao-acompanhe-como-foi-o-processo-na-linha-do-tempo-que-preparamos\/\"},\"author\":{\"name\":\"@sscc\",\"@id\":\"https:\/\/www.padreeustaquio.com.br\/#\/schema\/person\/a2a51db1d00f1a7af0204a0f1ddb1566\"},\"headline\":\"15 ANOS DE BEATIFICA\u00c7\u00c3O &#8211; Acompanhe como foi o processo na linha do tempo que preparamos\",\"datePublished\":\"2021-05-20T09:28:25+00:00\",\"mainEntityOfPage\":{\"@id\":\"https:\/\/www.padreeustaquio.com.br\/15-anos-de-beatificacao-acompanhe-como-foi-o-processo-na-linha-do-tempo-que-preparamos\/\"},\"wordCount\":615,\"commentCount\":0,\"publisher\":{\"@id\":\"https:\/\/www.padreeustaquio.com.br\/#organization\"},\"image\":{\"@id\":\"https:\/\/www.padreeustaquio.com.br\/15-anos-de-beatificacao-acompanhe-como-foi-o-processo-na-linha-do-tempo-que-preparamos\/#primaryimage\"},\"thumbnailUrl\":\"https:\/\/www.padreeustaquio.com.br\/wp-content\/uploads\/2021\/05\/beatificacao-mineirao-papa-bispos-milagre-beato-santo-cerimonia.jpeg\",\"articleSection\":[\"Not\u00edcias\"],\"inLanguage\":\"en-US\",\"potentialAction\":[{\"@type\":\"CommentAction\",\"name\":\"Comment\",\"target\":[\"https:\/\/www.padreeustaquio.com.br\/15-anos-de-beatificacao-acompanhe-como-foi-o-processo-na-linha-do-tempo-que-preparamos\/#respond\"]}]},{\"@type\":\"WebPage\",\"@id\":\"https:\/\/www.padreeustaquio.com.br\/15-anos-de-beatificacao-acompanhe-como-foi-o-processo-na-linha-do-tempo-que-preparamos\/\",\"url\":\"https:\/\/www.padreeustaquio.com.br\/15-anos-de-beatificacao-acompanhe-como-foi-o-processo-na-linha-do-tempo-que-preparamos\/\",\"name\":\"15 ANOS DE BEATIFICA\u00c7\u00c3O - Acompanhe como foi o processo na linha do tempo que preparamos - Padre Eust\u00e1quio\",\"isPartOf\":{\"@id\":\"https:\/\/www.padreeustaquio.com.br\/#website\"},\"primaryImageOfPage\":{\"@id\":\"https:\/\/www.padreeustaquio.com.br\/15-anos-de-beatificacao-acompanhe-como-foi-o-processo-na-linha-do-tempo-que-preparamos\/#primaryimage\"},\"image\":{\"@id\":\"https:\/\/www.padreeustaquio.com.br\/15-anos-de-beatificacao-acompanhe-como-foi-o-processo-na-linha-do-tempo-que-preparamos\/#primaryimage\"},\"thumbnailUrl\":\"https:\/\/www.padreeustaquio.com.br\/wp-content\/uploads\/2021\/05\/beatificacao-mineirao-papa-bispos-milagre-beato-santo-cerimonia.jpeg\",\"datePublished\":\"2021-05-20T09:28:25+00:00\",\"breadcrumb\":{\"@id\":\"https:\/\/www.padreeustaquio.com.br\/15-anos-de-beatificacao-acompanhe-como-foi-o-processo-na-linha-do-tempo-que-preparamos\/#breadcrumb\"},\"inLanguage\":\"en-US\",\"potentialAction\":[{\"@type\":\"ReadAction\",\"target\":[\"https:\/\/www.padreeustaquio.com.br\/15-anos-de-beatificacao-acompanhe-como-foi-o-processo-na-linha-do-tempo-que-preparamos\/\"]}]},{\"@type\":\"ImageObject\",\"inLanguage\":\"en-US\",\"@id\":\"https:\/\/www.padreeustaquio.com.br\/15-anos-de-beatificacao-acompanhe-como-foi-o-processo-na-linha-do-tempo-que-preparamos\/#primaryimage\",\"url\":\"https:\/\/www.padreeustaquio.com.br\/wp-content\/uploads\/2021\/05\/beatificacao-mineirao-papa-bispos-milagre-beato-santo-cerimonia.jpeg\",\"contentUrl\":\"https:\/\/www.padreeustaquio.com.br\/wp-content\/uploads\/2021\/05\/beatificacao-mineirao-papa-bispos-milagre-beato-santo-cerimonia.jpeg\",\"width\":1280,\"height\":960},{\"@type\":\"BreadcrumbList\",\"@id\":\"https:\/\/www.padreeustaquio.com.br\/15-anos-de-beatificacao-acompanhe-como-foi-o-processo-na-linha-do-tempo-que-preparamos\/#breadcrumb\",\"itemListElement\":[{\"@type\":\"ListItem\",\"position\":1,\"name\":\"In\u00edcio\",\"item\":\"https:\/\/www.padreeustaquio.com.br\/\"},{\"@type\":\"ListItem\",\"position\":2,\"name\":\"15 ANOS DE BEATIFICA\u00c7\u00c3O &#8211; Acompanhe como foi o processo na linha do tempo que preparamos\"}]},{\"@type\":\"WebSite\",\"@id\":\"https:\/\/www.padreeustaquio.com.br\/#website\",\"url\":\"https:\/\/www.padreeustaquio.com.br\/\",\"name\":\"Padre Eust\u00e1quio\",\"description\":\"Sa\u00fade e Paz\",\"publisher\":{\"@id\":\"https:\/\/www.padreeustaquio.com.br\/#organization\"},\"potentialAction\":[{\"@type\":\"SearchAction\",\"target\":{\"@type\":\"EntryPoint\",\"urlTemplate\":\"https:\/\/www.padreeustaquio.com.br\/?s={search_term_string}\"},\"query-input\":{\"@type\":\"PropertyValueSpecification\",\"valueRequired\":true,\"valueName\":\"search_term_string\"}}],\"inLanguage\":\"en-US\"},{\"@type\":\"Organization\",\"@id\":\"https:\/\/www.padreeustaquio.com.br\/#organization\",\"name\":\"Padre Eust\u00e1quio\",\"url\":\"https:\/\/www.padreeustaquio.com.br\/\",\"logo\":{\"@type\":\"ImageObject\",\"inLanguage\":\"en-US\",\"@id\":\"https:\/\/www.padreeustaquio.com.br\/#\/schema\/logo\/image\/\",\"url\":\"https:\/\/www.padreeustaquio.com.br\/wp-content\/uploads\/2019\/08\/marca.png\",\"contentUrl\":\"https:\/\/www.padreeustaquio.com.br\/wp-content\/uploads\/2019\/08\/marca.png\",\"width\":350,\"height\":400,\"caption\":\"Padre Eust\u00e1quio\"},\"image\":{\"@id\":\"https:\/\/www.padreeustaquio.com.br\/#\/schema\/logo\/image\/\"},\"sameAs\":[\"https:\/\/www.facebook.com\/beatopadreeustaquio\/\",\"https:\/\/x.com\/beatopeustaquio\",\"https:\/\/www.instagram.com\/beatopadreeustaquio\/\",\"https:\/\/www.youtube.com\/channel\/UCRhw7vfabnajwLxb1ZXMeIw\"]},{\"@type\":\"Person\",\"@id\":\"https:\/\/www.padreeustaquio.com.br\/#\/schema\/person\/a2a51db1d00f1a7af0204a0f1ddb1566\",\"name\":\"@sscc\",\"image\":{\"@type\":\"ImageObject\",\"inLanguage\":\"en-US\",\"@id\":\"https:\/\/secure.gravatar.com\/avatar\/68cfafa5f44617fea54071e215026e0ff06be366c3d54a8425f04fdcb86f8c5f?s=96&d=mm&r=g\",\"url\":\"https:\/\/secure.gravatar.com\/avatar\/68cfafa5f44617fea54071e215026e0ff06be366c3d54a8425f04fdcb86f8c5f?s=96&d=mm&r=g\",\"contentUrl\":\"https:\/\/secure.gravatar.com\/avatar\/68cfafa5f44617fea54071e215026e0ff06be366c3d54a8425f04fdcb86f8c5f?s=96&d=mm&r=g\",\"caption\":\"@sscc\"},\"url\":\"https:\/\/www.padreeustaquio.com.br\/en\/author\/sscc\/\"}]}<\/script>\n<!-- \/ Yoast SEO plugin. -->","yoast_head_json":{"title":"15 YEARS OF BEATIFICATION - Follow the process on the timeline we prepared - Father Eust\u00e1quio","robots":{"index":"index","follow":"follow","max-snippet":"max-snippet:-1","max-image-preview":"max-image-preview:large","max-video-preview":"max-video-preview:-1"},"canonical":"https:\/\/www.padreeustaquio.com.br\/en\/15-years-since-beatification-follow-the-process-on-the-timeline-weve-prepared\/","og_locale":"en_US","og_type":"article","og_title":"15 ANOS DE BEATIFICA\u00c7\u00c3O - Acompanhe como foi o processo na linha do tempo que preparamos - Padre Eust\u00e1quio","og_description":"Dia 15 de junho a Beatifica\u00e7\u00e3o de Padre Eust\u00e1quio completa 15 anos. Ap\u00f3s um longo processo, que come\u00e7ou em 1956, o padre holand\u00eas foi inscrito pela Santa S\u00e9 na lista dos Bem-Aventurados. O fil\u00f3sofo e cientista da religi\u00e3o Leandro Castro, preparou uma linha do tempo com todo o processo, explicando cada passo. Veja a seguir: Hist\u00f3ria do processo de Beatifica\u00e7\u00e3o do Padre Eust\u00e1quio 30 de agosto de 1943 \u2013 Morte de Padre Eust\u00e1quio. 31 de agosto de 1943 \u2013 Os restos mortais de Padre Eust\u00e1quio s\u00e3o conduzidos para o Cemit\u00e9rio do Bonfim. Seu t\u00famulo torna-se lugar de preces e devo\u00e7\u00e3o. [&hellip;]","og_url":"https:\/\/www.padreeustaquio.com.br\/en\/15-years-since-beatification-follow-the-process-on-the-timeline-weve-prepared\/","og_site_name":"Padre Eust\u00e1quio","article_publisher":"https:\/\/www.facebook.com\/beatopadreeustaquio\/","article_published_time":"2021-05-20T09:28:25+00:00","og_image":[{"width":1280,"height":960,"url":"https:\/\/www.padreeustaquio.com.br\/wp-content\/uploads\/2021\/05\/beatificacao-mineirao-papa-bispos-milagre-beato-santo-cerimonia.jpeg","type":"image\/jpeg"}],"author":"@sscc","twitter_card":"summary_large_image","twitter_creator":"@beatopeustaquio","twitter_site":"@beatopeustaquio","twitter_misc":{"Written by":"@sscc","Est. reading time":"3 minutes"},"schema":{"@context":"https:\/\/schema.org","@graph":[{"@type":"Article","@id":"https:\/\/www.padreeustaquio.com.br\/15-anos-de-beatificacao-acompanhe-como-foi-o-processo-na-linha-do-tempo-que-preparamos\/#article","isPartOf":{"@id":"https:\/\/www.padreeustaquio.com.br\/15-anos-de-beatificacao-acompanhe-como-foi-o-processo-na-linha-do-tempo-que-preparamos\/"},"author":{"name":"@sscc","@id":"https:\/\/www.padreeustaquio.com.br\/#\/schema\/person\/a2a51db1d00f1a7af0204a0f1ddb1566"},"headline":"15 ANOS DE BEATIFICA\u00c7\u00c3O &#8211; Acompanhe como foi o processo na linha do tempo que preparamos","datePublished":"2021-05-20T09:28:25+00:00","mainEntityOfPage":{"@id":"https:\/\/www.padreeustaquio.com.br\/15-anos-de-beatificacao-acompanhe-como-foi-o-processo-na-linha-do-tempo-que-preparamos\/"},"wordCount":615,"commentCount":0,"publisher":{"@id":"https:\/\/www.padreeustaquio.com.br\/#organization"},"image":{"@id":"https:\/\/www.padreeustaquio.com.br\/15-anos-de-beatificacao-acompanhe-como-foi-o-processo-na-linha-do-tempo-que-preparamos\/#primaryimage"},"thumbnailUrl":"https:\/\/www.padreeustaquio.com.br\/wp-content\/uploads\/2021\/05\/beatificacao-mineirao-papa-bispos-milagre-beato-santo-cerimonia.jpeg","articleSection":["Not\u00edcias"],"inLanguage":"en-US","potentialAction":[{"@type":"CommentAction","name":"Comment","target":["https:\/\/www.padreeustaquio.com.br\/15-anos-de-beatificacao-acompanhe-como-foi-o-processo-na-linha-do-tempo-que-preparamos\/#respond"]}]},{"@type":"WebPage","@id":"https:\/\/www.padreeustaquio.com.br\/15-anos-de-beatificacao-acompanhe-como-foi-o-processo-na-linha-do-tempo-que-preparamos\/","url":"https:\/\/www.padreeustaquio.com.br\/15-anos-de-beatificacao-acompanhe-como-foi-o-processo-na-linha-do-tempo-que-preparamos\/","name":"15 YEARS OF BEATIFICATION - Follow the process on the timeline we prepared - Father Eust\u00e1quio","isPartOf":{"@id":"https:\/\/www.padreeustaquio.com.br\/#website"},"primaryImageOfPage":{"@id":"https:\/\/www.padreeustaquio.com.br\/15-anos-de-beatificacao-acompanhe-como-foi-o-processo-na-linha-do-tempo-que-preparamos\/#primaryimage"},"image":{"@id":"https:\/\/www.padreeustaquio.com.br\/15-anos-de-beatificacao-acompanhe-como-foi-o-processo-na-linha-do-tempo-que-preparamos\/#primaryimage"},"thumbnailUrl":"https:\/\/www.padreeustaquio.com.br\/wp-content\/uploads\/2021\/05\/beatificacao-mineirao-papa-bispos-milagre-beato-santo-cerimonia.jpeg","datePublished":"2021-05-20T09:28:25+00:00","breadcrumb":{"@id":"https:\/\/www.padreeustaquio.com.br\/15-anos-de-beatificacao-acompanhe-como-foi-o-processo-na-linha-do-tempo-que-preparamos\/#breadcrumb"},"inLanguage":"en-US","potentialAction":[{"@type":"ReadAction","target":["https:\/\/www.padreeustaquio.com.br\/15-anos-de-beatificacao-acompanhe-como-foi-o-processo-na-linha-do-tempo-que-preparamos\/"]}]},{"@type":"ImageObject","inLanguage":"en-US","@id":"https:\/\/www.padreeustaquio.com.br\/15-anos-de-beatificacao-acompanhe-como-foi-o-processo-na-linha-do-tempo-que-preparamos\/#primaryimage","url":"https:\/\/www.padreeustaquio.com.br\/wp-content\/uploads\/2021\/05\/beatificacao-mineirao-papa-bispos-milagre-beato-santo-cerimonia.jpeg","contentUrl":"https:\/\/www.padreeustaquio.com.br\/wp-content\/uploads\/2021\/05\/beatificacao-mineirao-papa-bispos-milagre-beato-santo-cerimonia.jpeg","width":1280,"height":960},{"@type":"BreadcrumbList","@id":"https:\/\/www.padreeustaquio.com.br\/15-anos-de-beatificacao-acompanhe-como-foi-o-processo-na-linha-do-tempo-que-preparamos\/#breadcrumb","itemListElement":[{"@type":"ListItem","position":1,"name":"In\u00edcio","item":"https:\/\/www.padreeustaquio.com.br\/"},{"@type":"ListItem","position":2,"name":"15 ANOS DE BEATIFICA\u00c7\u00c3O &#8211; Acompanhe como foi o processo na linha do tempo que preparamos"}]},{"@type":"WebSite","@id":"https:\/\/www.padreeustaquio.com.br\/#website","url":"https:\/\/www.padreeustaquio.com.br\/","name":"FATHER EUST\u00c1QUIO","description":"Health and Peace","publisher":{"@id":"https:\/\/www.padreeustaquio.com.br\/#organization"},"potentialAction":[{"@type":"SearchAction","target":{"@type":"EntryPoint","urlTemplate":"https:\/\/www.padreeustaquio.com.br\/?s={search_term_string}"},"query-input":{"@type":"PropertyValueSpecification","valueRequired":true,"valueName":"search_term_string"}}],"inLanguage":"en-US"},{"@type":"Organization","@id":"https:\/\/www.padreeustaquio.com.br\/#organization","name":"FATHER EUST\u00c1QUIO","url":"https:\/\/www.padreeustaquio.com.br\/","logo":{"@type":"ImageObject","inLanguage":"en-US","@id":"https:\/\/www.padreeustaquio.com.br\/#\/schema\/logo\/image\/","url":"https:\/\/www.padreeustaquio.com.br\/wp-content\/uploads\/2019\/08\/marca.png","contentUrl":"https:\/\/www.padreeustaquio.com.br\/wp-content\/uploads\/2019\/08\/marca.png","width":350,"height":400,"caption":"Padre Eust\u00e1quio"},"image":{"@id":"https:\/\/www.padreeustaquio.com.br\/#\/schema\/logo\/image\/"},"sameAs":["https:\/\/www.facebook.com\/beatopadreeustaquio\/","https:\/\/x.com\/beatopeustaquio","https:\/\/www.instagram.com\/beatopadreeustaquio\/","https:\/\/www.youtube.com\/channel\/UCRhw7vfabnajwLxb1ZXMeIw"]},{"@type":"Person","@id":"https:\/\/www.padreeustaquio.com.br\/#\/schema\/person\/a2a51db1d00f1a7af0204a0f1ddb1566","name":"@sscc","image":{"@type":"ImageObject","inLanguage":"en-US","@id":"https:\/\/secure.gravatar.com\/avatar\/68cfafa5f44617fea54071e215026e0ff06be366c3d54a8425f04fdcb86f8c5f?s=96&d=mm&r=g","url":"https:\/\/secure.gravatar.com\/avatar\/68cfafa5f44617fea54071e215026e0ff06be366c3d54a8425f04fdcb86f8c5f?s=96&d=mm&r=g","contentUrl":"https:\/\/secure.gravatar.com\/avatar\/68cfafa5f44617fea54071e215026e0ff06be366c3d54a8425f04fdcb86f8c5f?s=96&d=mm&r=g","caption":"@sscc"},"url":"https:\/\/www.padreeustaquio.com.br\/en\/author\/sscc\/"}]}},"_links":{"self":[{"href":"https:\/\/www.padreeustaquio.com.br\/en\/wp-json\/wp\/v2\/posts\/5913","targetHints":{"allow":["GET"]}}],"collection":[{"href":"https:\/\/www.padreeustaquio.com.br\/en\/wp-json\/wp\/v2\/posts"}],"about":[{"href":"https:\/\/www.padreeustaquio.com.br\/en\/wp-json\/wp\/v2\/types\/post"}],"author":[{"embeddable":true,"href":"https:\/\/www.padreeustaquio.com.br\/en\/wp-json\/wp\/v2\/users\/2"}],"replies":[{"embeddable":true,"href":"https:\/\/www.padreeustaquio.com.br\/en\/wp-json\/wp\/v2\/comments?post=5913"}],"version-history":[{"count":0,"href":"https:\/\/www.padreeustaquio.com.br\/en\/wp-json\/wp\/v2\/posts\/5913\/revisions"}],"wp:featuredmedia":[{"embeddable":true,"href":"https:\/\/www.padreeustaquio.com.br\/en\/wp-json\/wp\/v2\/media\/5914"}],"wp:attachment":[{"href":"https:\/\/www.padreeustaquio.com.br\/en\/wp-json\/wp\/v2\/media?parent=5913"}],"wp:term":[{"taxonomy":"category","embeddable":true,"href":"https:\/\/www.padreeustaquio.com.br\/en\/wp-json\/wp\/v2\/categories?post=5913"},{"taxonomy":"post_tag","embeddable":true,"href":"https:\/\/www.padreeustaquio.com.br\/en\/wp-json\/wp\/v2\/tags?post=5913"}],"curies":[{"name":"wp","href":"https:\/\/api.w.org\/{rel}","templated":true}]}}