{"id":5896,"date":"2021-05-19T06:00:55","date_gmt":"2021-05-19T09:00:55","guid":{"rendered":"https:\/\/www.padreeustaquio.com.br\/?p=5896"},"modified":"2021-05-19T15:22:16","modified_gmt":"2021-05-19T18:22:16","slug":"the-campaign-for-the-cause-of-canonization-aims-to-collect-used-books","status":"publish","type":"post","link":"https:\/\/www.padreeustaquio.com.br\/en\/the-campaign-for-the-cause-of-canonization-aims-to-collect-used-books\/","title":{"rendered":"Campaign for the Cause of Canonization aims to collect used books."},"content":{"rendered":"<p>The Vice-Postulation of the Cause of Canonization of Blessed Father Eust\u00e1quio is launching a campaign today to collect used books. The books received will be sorted and, depending on their condition and content, will be placed in the Sanctuary&#039;s library, sold in our bazaar, or, if they are not in usable condition, recycled.<\/p>\n<p>All money raised from the sale of the books will be used to help maintain the social programs developed by the vice-postulation, such as the Padre Eust\u00e1quio Daycare Center, which currently serves around 260 children. The funds raised will also help maintain the broadcast of masses on the Padre Eust\u00e1quio Channel.<\/p>\n<p>If you have books that can be donated, you can deliver them to the Parish Office, which is located next to the Health and Peace Sanctuary.<\/p>","protected":false},"excerpt":{"rendered":"<p>A Vice-postula\u00e7\u00e3o da Causa de Canoniza\u00e7\u00e3o do Beato Padre Eust\u00e1quio inicia hoje uma campanha de arrecada\u00e7\u00e3o de livros usados. As obras recebidas passar\u00e3o por uma triagem e de acordo com o estado em que se encontrarem e tamb\u00e9m com o conte\u00fado, ser\u00e3o colocadas na biblioteca do Santu\u00e1rio, vendidas em nosso bazar ou, caso n\u00e3o estejam em condi\u00e7\u00e3o de uso, ser\u00e3o recicladas. Todo dinheiro arrecadado com a venda dos livros ser\u00e1 usado para ajudar a manter as a\u00e7\u00f5es sociais desenvolvidas pela vice-postula\u00e7\u00e3o, como a Creche Padre Eust\u00e1quio, que atende hoje cerca de 260 crian\u00e7as. A arrecada\u00e7\u00e3o ajudar\u00e1 ainda a manter as [&hellip;]<\/p>\n","protected":false},"author":2,"featured_media":5905,"comment_status":"open","ping_status":"closed","sticky":false,"template":"","format":"standard","meta":{"_acf_changed":false,"footnotes":""},"categories":[611],"tags":[],"class_list":["post-5896","post","type-post","status-publish","format-standard","has-post-thumbnail","hentry","category-noticias"],"acf":[],"yoast_head":"<!-- This site is optimized with the Yoast SEO plugin v27.2 - https:\/\/yoast.com\/product\/yoast-seo-wordpress\/ -->\n<title>Campanha da Causa de Canoniza\u00e7\u00e3o pretende arrecadar livros usados - Padre Eust\u00e1quio<\/title>\n<meta name=\"robots\" content=\"index, follow, max-snippet:-1, max-image-preview:large, max-video-preview:-1\" \/>\n<link rel=\"canonical\" href=\"https:\/\/www.padreeustaquio.com.br\/en\/the-campaign-for-the-cause-of-canonization-aims-to-collect-used-books\/\" \/>\n<meta property=\"og:locale\" content=\"en_US\" \/>\n<meta property=\"og:type\" content=\"article\" \/>\n<meta property=\"og:title\" content=\"Campanha da Causa de Canoniza\u00e7\u00e3o pretende arrecadar livros usados - Padre Eust\u00e1quio\" \/>\n<meta property=\"og:description\" content=\"A Vice-postula\u00e7\u00e3o da Causa de Canoniza\u00e7\u00e3o do Beato Padre Eust\u00e1quio inicia hoje uma campanha de arrecada\u00e7\u00e3o de livros usados. As obras recebidas passar\u00e3o por uma triagem e de acordo com o estado em que se encontrarem e tamb\u00e9m com o conte\u00fado, ser\u00e3o colocadas na biblioteca do Santu\u00e1rio, vendidas em nosso bazar ou, caso n\u00e3o estejam em condi\u00e7\u00e3o de uso, ser\u00e3o recicladas. Todo dinheiro arrecadado com a venda dos livros ser\u00e1 usado para ajudar a manter as a\u00e7\u00f5es sociais desenvolvidas pela vice-postula\u00e7\u00e3o, como a Creche Padre Eust\u00e1quio, que atende hoje cerca de 260 crian\u00e7as. A arrecada\u00e7\u00e3o ajudar\u00e1 ainda a manter as [&hellip;]\" \/>\n<meta property=\"og:url\" content=\"https:\/\/www.padreeustaquio.com.br\/en\/the-campaign-for-the-cause-of-canonization-aims-to-collect-used-books\/\" \/>\n<meta property=\"og:site_name\" content=\"Padre Eust\u00e1quio\" \/>\n<meta property=\"article:publisher\" content=\"https:\/\/www.facebook.com\/beatopadreeustaquio\/\" \/>\n<meta property=\"article:published_time\" content=\"2021-05-19T09:00:55+00:00\" \/>\n<meta property=\"article:modified_time\" content=\"2021-05-19T18:22:16+00:00\" \/>\n<meta property=\"og:image\" content=\"https:\/\/www.padreeustaquio.com.br\/wp-content\/uploads\/2021\/05\/livros-usados-velhos-doacao-creche-contribuicao.jpg\" \/>\n\t<meta property=\"og:image:width\" content=\"1280\" \/>\n\t<meta property=\"og:image:height\" content=\"853\" \/>\n\t<meta property=\"og:image:type\" content=\"image\/jpeg\" \/>\n<meta name=\"author\" content=\"@sscc\" \/>\n<meta name=\"twitter:card\" content=\"summary_large_image\" \/>\n<meta name=\"twitter:creator\" content=\"@beatopeustaquio\" \/>\n<meta name=\"twitter:site\" content=\"@beatopeustaquio\" \/>\n<meta name=\"twitter:label1\" content=\"Written by\" \/>\n\t<meta name=\"twitter:data1\" content=\"@sscc\" \/>\n\t<meta name=\"twitter:label2\" content=\"Est. reading time\" \/>\n\t<meta name=\"twitter:data2\" content=\"1 minute\" \/>\n<script type=\"application\/ld+json\" class=\"yoast-schema-graph\">{\"@context\":\"https:\/\/schema.org\",\"@graph\":[{\"@type\":\"Article\",\"@id\":\"https:\/\/www.padreeustaquio.com.br\/campanha-da-causa-de-canonizacao-pretende-arrecadar-livros-usados\/#article\",\"isPartOf\":{\"@id\":\"https:\/\/www.padreeustaquio.com.br\/campanha-da-causa-de-canonizacao-pretende-arrecadar-livros-usados\/\"},\"author\":{\"name\":\"@sscc\",\"@id\":\"https:\/\/www.padreeustaquio.com.br\/#\/schema\/person\/a2a51db1d00f1a7af0204a0f1ddb1566\"},\"headline\":\"Campanha da Causa de Canoniza\u00e7\u00e3o pretende arrecadar livros usados\",\"datePublished\":\"2021-05-19T09:00:55+00:00\",\"dateModified\":\"2021-05-19T18:22:16+00:00\",\"mainEntityOfPage\":{\"@id\":\"https:\/\/www.padreeustaquio.com.br\/campanha-da-causa-de-canonizacao-pretende-arrecadar-livros-usados\/\"},\"wordCount\":159,\"commentCount\":0,\"publisher\":{\"@id\":\"https:\/\/www.padreeustaquio.com.br\/#organization\"},\"image\":{\"@id\":\"https:\/\/www.padreeustaquio.com.br\/campanha-da-causa-de-canonizacao-pretende-arrecadar-livros-usados\/#primaryimage\"},\"thumbnailUrl\":\"https:\/\/www.padreeustaquio.com.br\/wp-content\/uploads\/2021\/05\/livros-usados-velhos-doacao-creche-contribuicao.jpg\",\"articleSection\":[\"Not\u00edcias\"],\"inLanguage\":\"en-US\",\"potentialAction\":[{\"@type\":\"CommentAction\",\"name\":\"Comment\",\"target\":[\"https:\/\/www.padreeustaquio.com.br\/campanha-da-causa-de-canonizacao-pretende-arrecadar-livros-usados\/#respond\"]}]},{\"@type\":\"WebPage\",\"@id\":\"https:\/\/www.padreeustaquio.com.br\/campanha-da-causa-de-canonizacao-pretende-arrecadar-livros-usados\/\",\"url\":\"https:\/\/www.padreeustaquio.com.br\/campanha-da-causa-de-canonizacao-pretende-arrecadar-livros-usados\/\",\"name\":\"Campanha da Causa de Canoniza\u00e7\u00e3o pretende arrecadar livros usados - Padre Eust\u00e1quio\",\"isPartOf\":{\"@id\":\"https:\/\/www.padreeustaquio.com.br\/#website\"},\"primaryImageOfPage\":{\"@id\":\"https:\/\/www.padreeustaquio.com.br\/campanha-da-causa-de-canonizacao-pretende-arrecadar-livros-usados\/#primaryimage\"},\"image\":{\"@id\":\"https:\/\/www.padreeustaquio.com.br\/campanha-da-causa-de-canonizacao-pretende-arrecadar-livros-usados\/#primaryimage\"},\"thumbnailUrl\":\"https:\/\/www.padreeustaquio.com.br\/wp-content\/uploads\/2021\/05\/livros-usados-velhos-doacao-creche-contribuicao.jpg\",\"datePublished\":\"2021-05-19T09:00:55+00:00\",\"dateModified\":\"2021-05-19T18:22:16+00:00\",\"breadcrumb\":{\"@id\":\"https:\/\/www.padreeustaquio.com.br\/campanha-da-causa-de-canonizacao-pretende-arrecadar-livros-usados\/#breadcrumb\"},\"inLanguage\":\"en-US\",\"potentialAction\":[{\"@type\":\"ReadAction\",\"target\":[\"https:\/\/www.padreeustaquio.com.br\/campanha-da-causa-de-canonizacao-pretende-arrecadar-livros-usados\/\"]}]},{\"@type\":\"ImageObject\",\"inLanguage\":\"en-US\",\"@id\":\"https:\/\/www.padreeustaquio.com.br\/campanha-da-causa-de-canonizacao-pretende-arrecadar-livros-usados\/#primaryimage\",\"url\":\"https:\/\/www.padreeustaquio.com.br\/wp-content\/uploads\/2021\/05\/livros-usados-velhos-doacao-creche-contribuicao.jpg\",\"contentUrl\":\"https:\/\/www.padreeustaquio.com.br\/wp-content\/uploads\/2021\/05\/livros-usados-velhos-doacao-creche-contribuicao.jpg\",\"width\":1280,\"height\":853},{\"@type\":\"BreadcrumbList\",\"@id\":\"https:\/\/www.padreeustaquio.com.br\/campanha-da-causa-de-canonizacao-pretende-arrecadar-livros-usados\/#breadcrumb\",\"itemListElement\":[{\"@type\":\"ListItem\",\"position\":1,\"name\":\"In\u00edcio\",\"item\":\"https:\/\/www.padreeustaquio.com.br\/\"},{\"@type\":\"ListItem\",\"position\":2,\"name\":\"Campanha da Causa de Canoniza\u00e7\u00e3o pretende arrecadar livros usados\"}]},{\"@type\":\"WebSite\",\"@id\":\"https:\/\/www.padreeustaquio.com.br\/#website\",\"url\":\"https:\/\/www.padreeustaquio.com.br\/\",\"name\":\"Padre Eust\u00e1quio\",\"description\":\"Sa\u00fade e Paz\",\"publisher\":{\"@id\":\"https:\/\/www.padreeustaquio.com.br\/#organization\"},\"potentialAction\":[{\"@type\":\"SearchAction\",\"target\":{\"@type\":\"EntryPoint\",\"urlTemplate\":\"https:\/\/www.padreeustaquio.com.br\/?s={search_term_string}\"},\"query-input\":{\"@type\":\"PropertyValueSpecification\",\"valueRequired\":true,\"valueName\":\"search_term_string\"}}],\"inLanguage\":\"en-US\"},{\"@type\":\"Organization\",\"@id\":\"https:\/\/www.padreeustaquio.com.br\/#organization\",\"name\":\"Padre Eust\u00e1quio\",\"url\":\"https:\/\/www.padreeustaquio.com.br\/\",\"logo\":{\"@type\":\"ImageObject\",\"inLanguage\":\"en-US\",\"@id\":\"https:\/\/www.padreeustaquio.com.br\/#\/schema\/logo\/image\/\",\"url\":\"https:\/\/www.padreeustaquio.com.br\/wp-content\/uploads\/2019\/08\/marca.png\",\"contentUrl\":\"https:\/\/www.padreeustaquio.com.br\/wp-content\/uploads\/2019\/08\/marca.png\",\"width\":350,\"height\":400,\"caption\":\"Padre Eust\u00e1quio\"},\"image\":{\"@id\":\"https:\/\/www.padreeustaquio.com.br\/#\/schema\/logo\/image\/\"},\"sameAs\":[\"https:\/\/www.facebook.com\/beatopadreeustaquio\/\",\"https:\/\/x.com\/beatopeustaquio\",\"https:\/\/www.instagram.com\/beatopadreeustaquio\/\",\"https:\/\/www.youtube.com\/channel\/UCRhw7vfabnajwLxb1ZXMeIw\"]},{\"@type\":\"Person\",\"@id\":\"https:\/\/www.padreeustaquio.com.br\/#\/schema\/person\/a2a51db1d00f1a7af0204a0f1ddb1566\",\"name\":\"@sscc\",\"image\":{\"@type\":\"ImageObject\",\"inLanguage\":\"en-US\",\"@id\":\"https:\/\/secure.gravatar.com\/avatar\/68cfafa5f44617fea54071e215026e0ff06be366c3d54a8425f04fdcb86f8c5f?s=96&d=mm&r=g\",\"url\":\"https:\/\/secure.gravatar.com\/avatar\/68cfafa5f44617fea54071e215026e0ff06be366c3d54a8425f04fdcb86f8c5f?s=96&d=mm&r=g\",\"contentUrl\":\"https:\/\/secure.gravatar.com\/avatar\/68cfafa5f44617fea54071e215026e0ff06be366c3d54a8425f04fdcb86f8c5f?s=96&d=mm&r=g\",\"caption\":\"@sscc\"},\"url\":\"https:\/\/www.padreeustaquio.com.br\/en\/author\/sscc\/\"}]}<\/script>\n<!-- \/ Yoast SEO plugin. -->","yoast_head_json":{"title":"Campaign for the Cause of Canonization aims to collect used books - Father Eust\u00e1quio","robots":{"index":"index","follow":"follow","max-snippet":"max-snippet:-1","max-image-preview":"max-image-preview:large","max-video-preview":"max-video-preview:-1"},"canonical":"https:\/\/www.padreeustaquio.com.br\/en\/the-campaign-for-the-cause-of-canonization-aims-to-collect-used-books\/","og_locale":"en_US","og_type":"article","og_title":"Campanha da Causa de Canoniza\u00e7\u00e3o pretende arrecadar livros usados - Padre Eust\u00e1quio","og_description":"A Vice-postula\u00e7\u00e3o da Causa de Canoniza\u00e7\u00e3o do Beato Padre Eust\u00e1quio inicia hoje uma campanha de arrecada\u00e7\u00e3o de livros usados. As obras recebidas passar\u00e3o por uma triagem e de acordo com o estado em que se encontrarem e tamb\u00e9m com o conte\u00fado, ser\u00e3o colocadas na biblioteca do Santu\u00e1rio, vendidas em nosso bazar ou, caso n\u00e3o estejam em condi\u00e7\u00e3o de uso, ser\u00e3o recicladas. Todo dinheiro arrecadado com a venda dos livros ser\u00e1 usado para ajudar a manter as a\u00e7\u00f5es sociais desenvolvidas pela vice-postula\u00e7\u00e3o, como a Creche Padre Eust\u00e1quio, que atende hoje cerca de 260 crian\u00e7as. A arrecada\u00e7\u00e3o ajudar\u00e1 ainda a manter as [&hellip;]","og_url":"https:\/\/www.padreeustaquio.com.br\/en\/the-campaign-for-the-cause-of-canonization-aims-to-collect-used-books\/","og_site_name":"Padre Eust\u00e1quio","article_publisher":"https:\/\/www.facebook.com\/beatopadreeustaquio\/","article_published_time":"2021-05-19T09:00:55+00:00","article_modified_time":"2021-05-19T18:22:16+00:00","og_image":[{"width":1280,"height":853,"url":"https:\/\/www.padreeustaquio.com.br\/wp-content\/uploads\/2021\/05\/livros-usados-velhos-doacao-creche-contribuicao.jpg","type":"image\/jpeg"}],"author":"@sscc","twitter_card":"summary_large_image","twitter_creator":"@beatopeustaquio","twitter_site":"@beatopeustaquio","twitter_misc":{"Written by":"@sscc","Est. reading time":"1 minute"},"schema":{"@context":"https:\/\/schema.org","@graph":[{"@type":"Article","@id":"https:\/\/www.padreeustaquio.com.br\/campanha-da-causa-de-canonizacao-pretende-arrecadar-livros-usados\/#article","isPartOf":{"@id":"https:\/\/www.padreeustaquio.com.br\/campanha-da-causa-de-canonizacao-pretende-arrecadar-livros-usados\/"},"author":{"name":"@sscc","@id":"https:\/\/www.padreeustaquio.com.br\/#\/schema\/person\/a2a51db1d00f1a7af0204a0f1ddb1566"},"headline":"Campanha da Causa de Canoniza\u00e7\u00e3o pretende arrecadar livros usados","datePublished":"2021-05-19T09:00:55+00:00","dateModified":"2021-05-19T18:22:16+00:00","mainEntityOfPage":{"@id":"https:\/\/www.padreeustaquio.com.br\/campanha-da-causa-de-canonizacao-pretende-arrecadar-livros-usados\/"},"wordCount":159,"commentCount":0,"publisher":{"@id":"https:\/\/www.padreeustaquio.com.br\/#organization"},"image":{"@id":"https:\/\/www.padreeustaquio.com.br\/campanha-da-causa-de-canonizacao-pretende-arrecadar-livros-usados\/#primaryimage"},"thumbnailUrl":"https:\/\/www.padreeustaquio.com.br\/wp-content\/uploads\/2021\/05\/livros-usados-velhos-doacao-creche-contribuicao.jpg","articleSection":["Not\u00edcias"],"inLanguage":"en-US","potentialAction":[{"@type":"CommentAction","name":"Comment","target":["https:\/\/www.padreeustaquio.com.br\/campanha-da-causa-de-canonizacao-pretende-arrecadar-livros-usados\/#respond"]}]},{"@type":"WebPage","@id":"https:\/\/www.padreeustaquio.com.br\/campanha-da-causa-de-canonizacao-pretende-arrecadar-livros-usados\/","url":"https:\/\/www.padreeustaquio.com.br\/campanha-da-causa-de-canonizacao-pretende-arrecadar-livros-usados\/","name":"Campaign for the Cause of Canonization aims to collect used books - Father Eust\u00e1quio","isPartOf":{"@id":"https:\/\/www.padreeustaquio.com.br\/#website"},"primaryImageOfPage":{"@id":"https:\/\/www.padreeustaquio.com.br\/campanha-da-causa-de-canonizacao-pretende-arrecadar-livros-usados\/#primaryimage"},"image":{"@id":"https:\/\/www.padreeustaquio.com.br\/campanha-da-causa-de-canonizacao-pretende-arrecadar-livros-usados\/#primaryimage"},"thumbnailUrl":"https:\/\/www.padreeustaquio.com.br\/wp-content\/uploads\/2021\/05\/livros-usados-velhos-doacao-creche-contribuicao.jpg","datePublished":"2021-05-19T09:00:55+00:00","dateModified":"2021-05-19T18:22:16+00:00","breadcrumb":{"@id":"https:\/\/www.padreeustaquio.com.br\/campanha-da-causa-de-canonizacao-pretende-arrecadar-livros-usados\/#breadcrumb"},"inLanguage":"en-US","potentialAction":[{"@type":"ReadAction","target":["https:\/\/www.padreeustaquio.com.br\/campanha-da-causa-de-canonizacao-pretende-arrecadar-livros-usados\/"]}]},{"@type":"ImageObject","inLanguage":"en-US","@id":"https:\/\/www.padreeustaquio.com.br\/campanha-da-causa-de-canonizacao-pretende-arrecadar-livros-usados\/#primaryimage","url":"https:\/\/www.padreeustaquio.com.br\/wp-content\/uploads\/2021\/05\/livros-usados-velhos-doacao-creche-contribuicao.jpg","contentUrl":"https:\/\/www.padreeustaquio.com.br\/wp-content\/uploads\/2021\/05\/livros-usados-velhos-doacao-creche-contribuicao.jpg","width":1280,"height":853},{"@type":"BreadcrumbList","@id":"https:\/\/www.padreeustaquio.com.br\/campanha-da-causa-de-canonizacao-pretende-arrecadar-livros-usados\/#breadcrumb","itemListElement":[{"@type":"ListItem","position":1,"name":"In\u00edcio","item":"https:\/\/www.padreeustaquio.com.br\/"},{"@type":"ListItem","position":2,"name":"Campanha da Causa de Canoniza\u00e7\u00e3o pretende arrecadar livros usados"}]},{"@type":"WebSite","@id":"https:\/\/www.padreeustaquio.com.br\/#website","url":"https:\/\/www.padreeustaquio.com.br\/","name":"FATHER EUST\u00c1QUIO","description":"Health and Peace","publisher":{"@id":"https:\/\/www.padreeustaquio.com.br\/#organization"},"potentialAction":[{"@type":"SearchAction","target":{"@type":"EntryPoint","urlTemplate":"https:\/\/www.padreeustaquio.com.br\/?s={search_term_string}"},"query-input":{"@type":"PropertyValueSpecification","valueRequired":true,"valueName":"search_term_string"}}],"inLanguage":"en-US"},{"@type":"Organization","@id":"https:\/\/www.padreeustaquio.com.br\/#organization","name":"FATHER EUST\u00c1QUIO","url":"https:\/\/www.padreeustaquio.com.br\/","logo":{"@type":"ImageObject","inLanguage":"en-US","@id":"https:\/\/www.padreeustaquio.com.br\/#\/schema\/logo\/image\/","url":"https:\/\/www.padreeustaquio.com.br\/wp-content\/uploads\/2019\/08\/marca.png","contentUrl":"https:\/\/www.padreeustaquio.com.br\/wp-content\/uploads\/2019\/08\/marca.png","width":350,"height":400,"caption":"Padre Eust\u00e1quio"},"image":{"@id":"https:\/\/www.padreeustaquio.com.br\/#\/schema\/logo\/image\/"},"sameAs":["https:\/\/www.facebook.com\/beatopadreeustaquio\/","https:\/\/x.com\/beatopeustaquio","https:\/\/www.instagram.com\/beatopadreeustaquio\/","https:\/\/www.youtube.com\/channel\/UCRhw7vfabnajwLxb1ZXMeIw"]},{"@type":"Person","@id":"https:\/\/www.padreeustaquio.com.br\/#\/schema\/person\/a2a51db1d00f1a7af0204a0f1ddb1566","name":"@sscc","image":{"@type":"ImageObject","inLanguage":"en-US","@id":"https:\/\/secure.gravatar.com\/avatar\/68cfafa5f44617fea54071e215026e0ff06be366c3d54a8425f04fdcb86f8c5f?s=96&d=mm&r=g","url":"https:\/\/secure.gravatar.com\/avatar\/68cfafa5f44617fea54071e215026e0ff06be366c3d54a8425f04fdcb86f8c5f?s=96&d=mm&r=g","contentUrl":"https:\/\/secure.gravatar.com\/avatar\/68cfafa5f44617fea54071e215026e0ff06be366c3d54a8425f04fdcb86f8c5f?s=96&d=mm&r=g","caption":"@sscc"},"url":"https:\/\/www.padreeustaquio.com.br\/en\/author\/sscc\/"}]}},"_links":{"self":[{"href":"https:\/\/www.padreeustaquio.com.br\/en\/wp-json\/wp\/v2\/posts\/5896","targetHints":{"allow":["GET"]}}],"collection":[{"href":"https:\/\/www.padreeustaquio.com.br\/en\/wp-json\/wp\/v2\/posts"}],"about":[{"href":"https:\/\/www.padreeustaquio.com.br\/en\/wp-json\/wp\/v2\/types\/post"}],"author":[{"embeddable":true,"href":"https:\/\/www.padreeustaquio.com.br\/en\/wp-json\/wp\/v2\/users\/2"}],"replies":[{"embeddable":true,"href":"https:\/\/www.padreeustaquio.com.br\/en\/wp-json\/wp\/v2\/comments?post=5896"}],"version-history":[{"count":0,"href":"https:\/\/www.padreeustaquio.com.br\/en\/wp-json\/wp\/v2\/posts\/5896\/revisions"}],"wp:featuredmedia":[{"embeddable":true,"href":"https:\/\/www.padreeustaquio.com.br\/en\/wp-json\/wp\/v2\/media\/5905"}],"wp:attachment":[{"href":"https:\/\/www.padreeustaquio.com.br\/en\/wp-json\/wp\/v2\/media?parent=5896"}],"wp:term":[{"taxonomy":"category","embeddable":true,"href":"https:\/\/www.padreeustaquio.com.br\/en\/wp-json\/wp\/v2\/categories?post=5896"},{"taxonomy":"post_tag","embeddable":true,"href":"https:\/\/www.padreeustaquio.com.br\/en\/wp-json\/wp\/v2\/tags?post=5896"}],"curies":[{"name":"wp","href":"https:\/\/api.w.org\/{rel}","templated":true}]}}