{"id":5894,"date":"2021-05-18T06:31:14","date_gmt":"2021-05-18T09:31:14","guid":{"rendered":"https:\/\/www.padreeustaquio.com.br\/?p=5894"},"modified":"2021-05-16T18:26:43","modified_gmt":"2021-05-16T21:26:43","slug":"the-book-brings-sanctuary-health-and-peace-into-the-homes-of-devotees","status":"publish","type":"post","link":"https:\/\/www.padreeustaquio.com.br\/en\/the-book-brings-sanctuary-health-and-peace-into-the-homes-of-devotees\/","title":{"rendered":"The book brings a little bit of the Health and Peace Sanctuary to the homes of devotees."},"content":{"rendered":"<p>The Coronavirus pandemic and social isolation caused people to stay home more and distance themselves somewhat, physically, from churches. And at the Health and Peace Sanctuary it was no different.<\/p>\n<p>To bridge this gap, Padre Eust\u00e1quio&#039;s store has made available another edition of the book &quot;Pilgrim in the Sanctuary of Health and Peace \u2013 Memorial of Padre Eust\u00e1quio&quot;. The work is by Dom Luiz Mancilha Vilela, ss.cc, and has a preface by Dom Walmor Oliveira de Azevedo.<\/p>\n<p>In the book, published in 2019 by the Vice-Postulation of the Cause of Canonization of Blessed Father Eustace, it is possible to make a pilgrimage to the Sanctuary, going through four parts: The search for health and peace; entering the temple; visiting the memorial and finally, contemplating the stained glass windows that depict the life of Blessed Father Eustace.<\/p>\n<p>The book features a collection of poetic and profound texts, accompanied by beautiful images of the Health and Peace Sanctuary. Surely, the reader will be able to lessen their longing to be at Father Eust\u00e1quio&#039;s Church.<\/p>\n<p>Furthermore, it will be possible to learn a little about the Blessed One&#039;s history and follow important dates in his life. The book also includes photos of the Dutch priest&#039;s time in Belo Horizonte.<\/p>\n<p>The book \u201cPilgrim in the Sanctuary of Health and Peace\u201d can be purchased at the Padre Eust\u00e1quio Store, which is attached to the Sanctuary. More information by phone (31) 3567-0314.<\/p>","protected":false},"excerpt":{"rendered":"<p>A pandemia do Coronav\u00edrus e o isolamento social fizeram com que as pessoas ficassem mais em casa e se afastassem um pouco, fisicamente, das igrejas. E no Santu\u00e1rio Sa\u00fade e Paz n\u00e3o foi diferente. Para diminuir esta dist\u00e2ncia, a Loja do Padre Eust\u00e1quio disponibilizou mais uma arremessa do livro \u201cPeregrino no Santu\u00e1rio da Sa\u00fade e da Paz \u2013 Memorial do Padre Eust\u00e1quio\u201d. A obra \u00e9 de Dom Luiz Mancilha Vilela, ss.cc, e tem o pref\u00e1cio de Dom Walmor Oliveira de Azevedo. No livro, publicado em 2019 pela Vice-postula\u00e7\u00e3o da Causa de Canoniza\u00e7\u00e3o do Beato Padre Eust\u00e1quio, \u00e9 poss\u00edvel fazer uma [&hellip;]<\/p>\n","protected":false},"author":2,"featured_media":5902,"comment_status":"open","ping_status":"closed","sticky":false,"template":"","format":"standard","meta":{"_acf_changed":false,"footnotes":""},"categories":[611],"tags":[],"class_list":["post-5894","post","type-post","status-publish","format-standard","has-post-thumbnail","hentry","category-noticias"],"acf":[],"yoast_head":"<!-- This site is optimized with the Yoast SEO plugin v27.2 - https:\/\/yoast.com\/product\/yoast-seo-wordpress\/ -->\n<title>Livro leva um pouco do Santu\u00e1rio Sa\u00fade e Paz para as casas dos devotos - Padre Eust\u00e1quio<\/title>\n<meta name=\"robots\" content=\"index, follow, max-snippet:-1, max-image-preview:large, max-video-preview:-1\" \/>\n<link rel=\"canonical\" href=\"https:\/\/www.padreeustaquio.com.br\/en\/the-book-brings-sanctuary-health-and-peace-into-the-homes-of-devotees\/\" \/>\n<meta property=\"og:locale\" content=\"en_US\" \/>\n<meta property=\"og:type\" content=\"article\" \/>\n<meta property=\"og:title\" content=\"Livro leva um pouco do Santu\u00e1rio Sa\u00fade e Paz para as casas dos devotos - Padre Eust\u00e1quio\" \/>\n<meta property=\"og:description\" content=\"A pandemia do Coronav\u00edrus e o isolamento social fizeram com que as pessoas ficassem mais em casa e se afastassem um pouco, fisicamente, das igrejas. E no Santu\u00e1rio Sa\u00fade e Paz n\u00e3o foi diferente. Para diminuir esta dist\u00e2ncia, a Loja do Padre Eust\u00e1quio disponibilizou mais uma arremessa do livro \u201cPeregrino no Santu\u00e1rio da Sa\u00fade e da Paz \u2013 Memorial do Padre Eust\u00e1quio\u201d. A obra \u00e9 de Dom Luiz Mancilha Vilela, ss.cc, e tem o pref\u00e1cio de Dom Walmor Oliveira de Azevedo. No livro, publicado em 2019 pela Vice-postula\u00e7\u00e3o da Causa de Canoniza\u00e7\u00e3o do Beato Padre Eust\u00e1quio, \u00e9 poss\u00edvel fazer uma [&hellip;]\" \/>\n<meta property=\"og:url\" content=\"https:\/\/www.padreeustaquio.com.br\/en\/the-book-brings-sanctuary-health-and-peace-into-the-homes-of-devotees\/\" \/>\n<meta property=\"og:site_name\" content=\"Padre Eust\u00e1quio\" \/>\n<meta property=\"article:publisher\" content=\"https:\/\/www.facebook.com\/beatopadreeustaquio\/\" \/>\n<meta property=\"article:published_time\" content=\"2021-05-18T09:31:14+00:00\" \/>\n<meta property=\"og:image\" content=\"https:\/\/www.padreeustaquio.com.br\/wp-content\/uploads\/2021\/05\/Livro-Santuario-Dom-Mancilha.jpg\" \/>\n\t<meta property=\"og:image:width\" content=\"748\" \/>\n\t<meta property=\"og:image:height\" content=\"394\" \/>\n\t<meta property=\"og:image:type\" content=\"image\/jpeg\" \/>\n<meta name=\"author\" content=\"@sscc\" \/>\n<meta name=\"twitter:card\" content=\"summary_large_image\" \/>\n<meta name=\"twitter:creator\" content=\"@beatopeustaquio\" \/>\n<meta name=\"twitter:site\" content=\"@beatopeustaquio\" \/>\n<meta name=\"twitter:label1\" content=\"Written by\" \/>\n\t<meta name=\"twitter:data1\" content=\"@sscc\" \/>\n\t<meta name=\"twitter:label2\" content=\"Est. reading time\" \/>\n\t<meta name=\"twitter:data2\" content=\"1 minute\" \/>\n<script type=\"application\/ld+json\" class=\"yoast-schema-graph\">{\"@context\":\"https:\/\/schema.org\",\"@graph\":[{\"@type\":\"Article\",\"@id\":\"https:\/\/www.padreeustaquio.com.br\/livro-traz-santuario-saude-e-paz-para-dentro-das-casas-dos-devotos\/#article\",\"isPartOf\":{\"@id\":\"https:\/\/www.padreeustaquio.com.br\/livro-traz-santuario-saude-e-paz-para-dentro-das-casas-dos-devotos\/\"},\"author\":{\"name\":\"@sscc\",\"@id\":\"https:\/\/www.padreeustaquio.com.br\/#\/schema\/person\/a2a51db1d00f1a7af0204a0f1ddb1566\"},\"headline\":\"Livro leva um pouco do Santu\u00e1rio Sa\u00fade e Paz para as casas dos devotos\",\"datePublished\":\"2021-05-18T09:31:14+00:00\",\"mainEntityOfPage\":{\"@id\":\"https:\/\/www.padreeustaquio.com.br\/livro-traz-santuario-saude-e-paz-para-dentro-das-casas-dos-devotos\/\"},\"wordCount\":278,\"commentCount\":0,\"publisher\":{\"@id\":\"https:\/\/www.padreeustaquio.com.br\/#organization\"},\"image\":{\"@id\":\"https:\/\/www.padreeustaquio.com.br\/livro-traz-santuario-saude-e-paz-para-dentro-das-casas-dos-devotos\/#primaryimage\"},\"thumbnailUrl\":\"https:\/\/www.padreeustaquio.com.br\/wp-content\/uploads\/2021\/05\/Livro-Santuario-Dom-Mancilha.jpg\",\"articleSection\":[\"Not\u00edcias\"],\"inLanguage\":\"en-US\",\"potentialAction\":[{\"@type\":\"CommentAction\",\"name\":\"Comment\",\"target\":[\"https:\/\/www.padreeustaquio.com.br\/livro-traz-santuario-saude-e-paz-para-dentro-das-casas-dos-devotos\/#respond\"]}]},{\"@type\":\"WebPage\",\"@id\":\"https:\/\/www.padreeustaquio.com.br\/livro-traz-santuario-saude-e-paz-para-dentro-das-casas-dos-devotos\/\",\"url\":\"https:\/\/www.padreeustaquio.com.br\/livro-traz-santuario-saude-e-paz-para-dentro-das-casas-dos-devotos\/\",\"name\":\"Livro leva um pouco do Santu\u00e1rio Sa\u00fade e Paz para as casas dos devotos - Padre Eust\u00e1quio\",\"isPartOf\":{\"@id\":\"https:\/\/www.padreeustaquio.com.br\/#website\"},\"primaryImageOfPage\":{\"@id\":\"https:\/\/www.padreeustaquio.com.br\/livro-traz-santuario-saude-e-paz-para-dentro-das-casas-dos-devotos\/#primaryimage\"},\"image\":{\"@id\":\"https:\/\/www.padreeustaquio.com.br\/livro-traz-santuario-saude-e-paz-para-dentro-das-casas-dos-devotos\/#primaryimage\"},\"thumbnailUrl\":\"https:\/\/www.padreeustaquio.com.br\/wp-content\/uploads\/2021\/05\/Livro-Santuario-Dom-Mancilha.jpg\",\"datePublished\":\"2021-05-18T09:31:14+00:00\",\"breadcrumb\":{\"@id\":\"https:\/\/www.padreeustaquio.com.br\/livro-traz-santuario-saude-e-paz-para-dentro-das-casas-dos-devotos\/#breadcrumb\"},\"inLanguage\":\"en-US\",\"potentialAction\":[{\"@type\":\"ReadAction\",\"target\":[\"https:\/\/www.padreeustaquio.com.br\/livro-traz-santuario-saude-e-paz-para-dentro-das-casas-dos-devotos\/\"]}]},{\"@type\":\"ImageObject\",\"inLanguage\":\"en-US\",\"@id\":\"https:\/\/www.padreeustaquio.com.br\/livro-traz-santuario-saude-e-paz-para-dentro-das-casas-dos-devotos\/#primaryimage\",\"url\":\"https:\/\/www.padreeustaquio.com.br\/wp-content\/uploads\/2021\/05\/Livro-Santuario-Dom-Mancilha.jpg\",\"contentUrl\":\"https:\/\/www.padreeustaquio.com.br\/wp-content\/uploads\/2021\/05\/Livro-Santuario-Dom-Mancilha.jpg\",\"width\":748,\"height\":394},{\"@type\":\"BreadcrumbList\",\"@id\":\"https:\/\/www.padreeustaquio.com.br\/livro-traz-santuario-saude-e-paz-para-dentro-das-casas-dos-devotos\/#breadcrumb\",\"itemListElement\":[{\"@type\":\"ListItem\",\"position\":1,\"name\":\"In\u00edcio\",\"item\":\"https:\/\/www.padreeustaquio.com.br\/\"},{\"@type\":\"ListItem\",\"position\":2,\"name\":\"Livro leva um pouco do Santu\u00e1rio Sa\u00fade e Paz para as casas dos devotos\"}]},{\"@type\":\"WebSite\",\"@id\":\"https:\/\/www.padreeustaquio.com.br\/#website\",\"url\":\"https:\/\/www.padreeustaquio.com.br\/\",\"name\":\"Padre Eust\u00e1quio\",\"description\":\"Sa\u00fade e Paz\",\"publisher\":{\"@id\":\"https:\/\/www.padreeustaquio.com.br\/#organization\"},\"potentialAction\":[{\"@type\":\"SearchAction\",\"target\":{\"@type\":\"EntryPoint\",\"urlTemplate\":\"https:\/\/www.padreeustaquio.com.br\/?s={search_term_string}\"},\"query-input\":{\"@type\":\"PropertyValueSpecification\",\"valueRequired\":true,\"valueName\":\"search_term_string\"}}],\"inLanguage\":\"en-US\"},{\"@type\":\"Organization\",\"@id\":\"https:\/\/www.padreeustaquio.com.br\/#organization\",\"name\":\"Padre Eust\u00e1quio\",\"url\":\"https:\/\/www.padreeustaquio.com.br\/\",\"logo\":{\"@type\":\"ImageObject\",\"inLanguage\":\"en-US\",\"@id\":\"https:\/\/www.padreeustaquio.com.br\/#\/schema\/logo\/image\/\",\"url\":\"https:\/\/www.padreeustaquio.com.br\/wp-content\/uploads\/2019\/08\/marca.png\",\"contentUrl\":\"https:\/\/www.padreeustaquio.com.br\/wp-content\/uploads\/2019\/08\/marca.png\",\"width\":350,\"height\":400,\"caption\":\"Padre Eust\u00e1quio\"},\"image\":{\"@id\":\"https:\/\/www.padreeustaquio.com.br\/#\/schema\/logo\/image\/\"},\"sameAs\":[\"https:\/\/www.facebook.com\/beatopadreeustaquio\/\",\"https:\/\/x.com\/beatopeustaquio\",\"https:\/\/www.instagram.com\/beatopadreeustaquio\/\",\"https:\/\/www.youtube.com\/channel\/UCRhw7vfabnajwLxb1ZXMeIw\"]},{\"@type\":\"Person\",\"@id\":\"https:\/\/www.padreeustaquio.com.br\/#\/schema\/person\/a2a51db1d00f1a7af0204a0f1ddb1566\",\"name\":\"@sscc\",\"image\":{\"@type\":\"ImageObject\",\"inLanguage\":\"en-US\",\"@id\":\"https:\/\/secure.gravatar.com\/avatar\/68cfafa5f44617fea54071e215026e0ff06be366c3d54a8425f04fdcb86f8c5f?s=96&d=mm&r=g\",\"url\":\"https:\/\/secure.gravatar.com\/avatar\/68cfafa5f44617fea54071e215026e0ff06be366c3d54a8425f04fdcb86f8c5f?s=96&d=mm&r=g\",\"contentUrl\":\"https:\/\/secure.gravatar.com\/avatar\/68cfafa5f44617fea54071e215026e0ff06be366c3d54a8425f04fdcb86f8c5f?s=96&d=mm&r=g\",\"caption\":\"@sscc\"},\"url\":\"https:\/\/www.padreeustaquio.com.br\/en\/author\/sscc\/\"}]}<\/script>\n<!-- \/ Yoast SEO plugin. -->","yoast_head_json":{"title":"This book brings a little bit of the Health and Peace Sanctuary to the homes of devotees - Father Eust\u00e1quio","robots":{"index":"index","follow":"follow","max-snippet":"max-snippet:-1","max-image-preview":"max-image-preview:large","max-video-preview":"max-video-preview:-1"},"canonical":"https:\/\/www.padreeustaquio.com.br\/en\/the-book-brings-sanctuary-health-and-peace-into-the-homes-of-devotees\/","og_locale":"en_US","og_type":"article","og_title":"Livro leva um pouco do Santu\u00e1rio Sa\u00fade e Paz para as casas dos devotos - Padre Eust\u00e1quio","og_description":"A pandemia do Coronav\u00edrus e o isolamento social fizeram com que as pessoas ficassem mais em casa e se afastassem um pouco, fisicamente, das igrejas. E no Santu\u00e1rio Sa\u00fade e Paz n\u00e3o foi diferente. Para diminuir esta dist\u00e2ncia, a Loja do Padre Eust\u00e1quio disponibilizou mais uma arremessa do livro \u201cPeregrino no Santu\u00e1rio da Sa\u00fade e da Paz \u2013 Memorial do Padre Eust\u00e1quio\u201d. A obra \u00e9 de Dom Luiz Mancilha Vilela, ss.cc, e tem o pref\u00e1cio de Dom Walmor Oliveira de Azevedo. No livro, publicado em 2019 pela Vice-postula\u00e7\u00e3o da Causa de Canoniza\u00e7\u00e3o do Beato Padre Eust\u00e1quio, \u00e9 poss\u00edvel fazer uma [&hellip;]","og_url":"https:\/\/www.padreeustaquio.com.br\/en\/the-book-brings-sanctuary-health-and-peace-into-the-homes-of-devotees\/","og_site_name":"Padre Eust\u00e1quio","article_publisher":"https:\/\/www.facebook.com\/beatopadreeustaquio\/","article_published_time":"2021-05-18T09:31:14+00:00","og_image":[{"width":748,"height":394,"url":"https:\/\/www.padreeustaquio.com.br\/wp-content\/uploads\/2021\/05\/Livro-Santuario-Dom-Mancilha.jpg","type":"image\/jpeg"}],"author":"@sscc","twitter_card":"summary_large_image","twitter_creator":"@beatopeustaquio","twitter_site":"@beatopeustaquio","twitter_misc":{"Written by":"@sscc","Est. reading time":"1 minute"},"schema":{"@context":"https:\/\/schema.org","@graph":[{"@type":"Article","@id":"https:\/\/www.padreeustaquio.com.br\/livro-traz-santuario-saude-e-paz-para-dentro-das-casas-dos-devotos\/#article","isPartOf":{"@id":"https:\/\/www.padreeustaquio.com.br\/livro-traz-santuario-saude-e-paz-para-dentro-das-casas-dos-devotos\/"},"author":{"name":"@sscc","@id":"https:\/\/www.padreeustaquio.com.br\/#\/schema\/person\/a2a51db1d00f1a7af0204a0f1ddb1566"},"headline":"Livro leva um pouco do Santu\u00e1rio Sa\u00fade e Paz para as casas dos devotos","datePublished":"2021-05-18T09:31:14+00:00","mainEntityOfPage":{"@id":"https:\/\/www.padreeustaquio.com.br\/livro-traz-santuario-saude-e-paz-para-dentro-das-casas-dos-devotos\/"},"wordCount":278,"commentCount":0,"publisher":{"@id":"https:\/\/www.padreeustaquio.com.br\/#organization"},"image":{"@id":"https:\/\/www.padreeustaquio.com.br\/livro-traz-santuario-saude-e-paz-para-dentro-das-casas-dos-devotos\/#primaryimage"},"thumbnailUrl":"https:\/\/www.padreeustaquio.com.br\/wp-content\/uploads\/2021\/05\/Livro-Santuario-Dom-Mancilha.jpg","articleSection":["Not\u00edcias"],"inLanguage":"en-US","potentialAction":[{"@type":"CommentAction","name":"Comment","target":["https:\/\/www.padreeustaquio.com.br\/livro-traz-santuario-saude-e-paz-para-dentro-das-casas-dos-devotos\/#respond"]}]},{"@type":"WebPage","@id":"https:\/\/www.padreeustaquio.com.br\/livro-traz-santuario-saude-e-paz-para-dentro-das-casas-dos-devotos\/","url":"https:\/\/www.padreeustaquio.com.br\/livro-traz-santuario-saude-e-paz-para-dentro-das-casas-dos-devotos\/","name":"This book brings a little bit of the Health and Peace Sanctuary to the homes of devotees - Father Eust\u00e1quio","isPartOf":{"@id":"https:\/\/www.padreeustaquio.com.br\/#website"},"primaryImageOfPage":{"@id":"https:\/\/www.padreeustaquio.com.br\/livro-traz-santuario-saude-e-paz-para-dentro-das-casas-dos-devotos\/#primaryimage"},"image":{"@id":"https:\/\/www.padreeustaquio.com.br\/livro-traz-santuario-saude-e-paz-para-dentro-das-casas-dos-devotos\/#primaryimage"},"thumbnailUrl":"https:\/\/www.padreeustaquio.com.br\/wp-content\/uploads\/2021\/05\/Livro-Santuario-Dom-Mancilha.jpg","datePublished":"2021-05-18T09:31:14+00:00","breadcrumb":{"@id":"https:\/\/www.padreeustaquio.com.br\/livro-traz-santuario-saude-e-paz-para-dentro-das-casas-dos-devotos\/#breadcrumb"},"inLanguage":"en-US","potentialAction":[{"@type":"ReadAction","target":["https:\/\/www.padreeustaquio.com.br\/livro-traz-santuario-saude-e-paz-para-dentro-das-casas-dos-devotos\/"]}]},{"@type":"ImageObject","inLanguage":"en-US","@id":"https:\/\/www.padreeustaquio.com.br\/livro-traz-santuario-saude-e-paz-para-dentro-das-casas-dos-devotos\/#primaryimage","url":"https:\/\/www.padreeustaquio.com.br\/wp-content\/uploads\/2021\/05\/Livro-Santuario-Dom-Mancilha.jpg","contentUrl":"https:\/\/www.padreeustaquio.com.br\/wp-content\/uploads\/2021\/05\/Livro-Santuario-Dom-Mancilha.jpg","width":748,"height":394},{"@type":"BreadcrumbList","@id":"https:\/\/www.padreeustaquio.com.br\/livro-traz-santuario-saude-e-paz-para-dentro-das-casas-dos-devotos\/#breadcrumb","itemListElement":[{"@type":"ListItem","position":1,"name":"In\u00edcio","item":"https:\/\/www.padreeustaquio.com.br\/"},{"@type":"ListItem","position":2,"name":"Livro leva um pouco do Santu\u00e1rio Sa\u00fade e Paz para as casas dos devotos"}]},{"@type":"WebSite","@id":"https:\/\/www.padreeustaquio.com.br\/#website","url":"https:\/\/www.padreeustaquio.com.br\/","name":"FATHER EUST\u00c1QUIO","description":"Health and Peace","publisher":{"@id":"https:\/\/www.padreeustaquio.com.br\/#organization"},"potentialAction":[{"@type":"SearchAction","target":{"@type":"EntryPoint","urlTemplate":"https:\/\/www.padreeustaquio.com.br\/?s={search_term_string}"},"query-input":{"@type":"PropertyValueSpecification","valueRequired":true,"valueName":"search_term_string"}}],"inLanguage":"en-US"},{"@type":"Organization","@id":"https:\/\/www.padreeustaquio.com.br\/#organization","name":"FATHER EUST\u00c1QUIO","url":"https:\/\/www.padreeustaquio.com.br\/","logo":{"@type":"ImageObject","inLanguage":"en-US","@id":"https:\/\/www.padreeustaquio.com.br\/#\/schema\/logo\/image\/","url":"https:\/\/www.padreeustaquio.com.br\/wp-content\/uploads\/2019\/08\/marca.png","contentUrl":"https:\/\/www.padreeustaquio.com.br\/wp-content\/uploads\/2019\/08\/marca.png","width":350,"height":400,"caption":"Padre Eust\u00e1quio"},"image":{"@id":"https:\/\/www.padreeustaquio.com.br\/#\/schema\/logo\/image\/"},"sameAs":["https:\/\/www.facebook.com\/beatopadreeustaquio\/","https:\/\/x.com\/beatopeustaquio","https:\/\/www.instagram.com\/beatopadreeustaquio\/","https:\/\/www.youtube.com\/channel\/UCRhw7vfabnajwLxb1ZXMeIw"]},{"@type":"Person","@id":"https:\/\/www.padreeustaquio.com.br\/#\/schema\/person\/a2a51db1d00f1a7af0204a0f1ddb1566","name":"@sscc","image":{"@type":"ImageObject","inLanguage":"en-US","@id":"https:\/\/secure.gravatar.com\/avatar\/68cfafa5f44617fea54071e215026e0ff06be366c3d54a8425f04fdcb86f8c5f?s=96&d=mm&r=g","url":"https:\/\/secure.gravatar.com\/avatar\/68cfafa5f44617fea54071e215026e0ff06be366c3d54a8425f04fdcb86f8c5f?s=96&d=mm&r=g","contentUrl":"https:\/\/secure.gravatar.com\/avatar\/68cfafa5f44617fea54071e215026e0ff06be366c3d54a8425f04fdcb86f8c5f?s=96&d=mm&r=g","caption":"@sscc"},"url":"https:\/\/www.padreeustaquio.com.br\/en\/author\/sscc\/"}]}},"_links":{"self":[{"href":"https:\/\/www.padreeustaquio.com.br\/en\/wp-json\/wp\/v2\/posts\/5894","targetHints":{"allow":["GET"]}}],"collection":[{"href":"https:\/\/www.padreeustaquio.com.br\/en\/wp-json\/wp\/v2\/posts"}],"about":[{"href":"https:\/\/www.padreeustaquio.com.br\/en\/wp-json\/wp\/v2\/types\/post"}],"author":[{"embeddable":true,"href":"https:\/\/www.padreeustaquio.com.br\/en\/wp-json\/wp\/v2\/users\/2"}],"replies":[{"embeddable":true,"href":"https:\/\/www.padreeustaquio.com.br\/en\/wp-json\/wp\/v2\/comments?post=5894"}],"version-history":[{"count":0,"href":"https:\/\/www.padreeustaquio.com.br\/en\/wp-json\/wp\/v2\/posts\/5894\/revisions"}],"wp:featuredmedia":[{"embeddable":true,"href":"https:\/\/www.padreeustaquio.com.br\/en\/wp-json\/wp\/v2\/media\/5902"}],"wp:attachment":[{"href":"https:\/\/www.padreeustaquio.com.br\/en\/wp-json\/wp\/v2\/media?parent=5894"}],"wp:term":[{"taxonomy":"category","embeddable":true,"href":"https:\/\/www.padreeustaquio.com.br\/en\/wp-json\/wp\/v2\/categories?post=5894"},{"taxonomy":"post_tag","embeddable":true,"href":"https:\/\/www.padreeustaquio.com.br\/en\/wp-json\/wp\/v2\/tags?post=5894"}],"curies":[{"name":"wp","href":"https:\/\/api.w.org\/{rel}","templated":true}]}}