{"id":5759,"date":"2021-05-03T06:17:18","date_gmt":"2021-05-03T09:17:18","guid":{"rendered":"https:\/\/www.padreeustaquio.com.br\/?p=5759"},"modified":"2021-05-02T18:54:44","modified_gmt":"2021-05-02T21:54:44","slug":"are-you-already-familiar-with-the-social-media-accounts-of-blessed-father-eustace","status":"publish","type":"post","link":"https:\/\/www.padreeustaquio.com.br\/en\/are-you-already-familiar-with-the-social-media-accounts-of-blessed-father-eustace\/","title":{"rendered":"Are you familiar with the social media accounts of Blessed Father Eustace?"},"content":{"rendered":"<p>Did you know that the Vice-Postulation for the Canonization of Blessed Father Eustace keeps the Blessed Father&#039;s social media accounts updated? Today we have Instagram, Facebook, and YouTube channels dedicated to the Dutch priest, all with the goal of bringing devotion to the Blessed to as many people as possible.<\/p>\n<p>On our YouTube channel, <a href=\"https:\/\/www.youtube.com\/channel\/UCRhw7vfabnajwLxb1ZXMeIw\">Padre Eust\u00e1quio Channel<\/a>, On this channel, you can follow the Eucharistic Celebrations from the Health and Peace Sanctuary live daily. You can also watch reflections, testimonies of graces received through the intercession of the Blessed One, pray the Rosary with families, follow a liturgical Ping-Pong game, as well as Novenas and adorations. To watch our content on YouTube, simply subscribe to our page and activate the bell to receive notifications.<\/p>\n<p>Node <a href=\"https:\/\/www.instagram.com\/beatopadreeustaquio\/\">Instagram<\/a> and in <a href=\"https:\/\/www.facebook.com\/beatopadreeustaquio\">Facebook<\/a> You can follow the day-to-day work of the Vice-Postulation, social actions, activities of the Health and Peace Sanctuary and other communities dedicated to Father Eust\u00e1quio, and most importantly, lots of content about the life and works of the Blessed. And on Facebook, exclusively, you have the main news published here on our website.<\/p>\n<p>So, if you don&#039;t already know any of Blessed Father Eustace&#039;s social media accounts, follow us and keep up with our content. And don&#039;t forget to share it with your family and friends. Let&#039;s spread devotion to the Blessed Father throughout Brazil and the world.<\/p>\n<p>YouTube: <a href=\"https:\/\/www.youtube.com\/channel\/UCRhw7vfabnajwLxb1ZXMeIw\">Padre Eust\u00e1quio Channel<\/a><br \/>\nInstagram: <a href=\"https:\/\/www.instagram.com\/beatopadreeustaquio\/\">@beatopadreeustaquio<\/a><br \/>\nFacebook: <a href=\"https:\/\/www.facebook.com\/beatopadreeustaquio\">Blessed Father Eustace<\/a><\/p>","protected":false},"excerpt":{"rendered":"<p>Voc\u00ea sabia que a Vice-postula\u00e7\u00e3o da Canoniza\u00e7\u00e3o do Beato Padre Eust\u00e1quio mant\u00e9m atualizadas as redes sociais do Bem-Aventurado? Hoje contamos com Instagram, Facebook e YouTube dedicado ao padre holand\u00eas, todos com o objetivo de levar a devo\u00e7\u00e3o ao Beato ao m\u00e1ximo de pessoas poss\u00edvel. No nosso YouTube, Canal Padre Eust\u00e1quio, voc\u00ea acompanha diariamente, ao vivo, as Celebra\u00e7\u00f5es Eucar\u00edsticas do Santu\u00e1rio Sa\u00fade e Paz. No canal, \u00e9 poss\u00edvel ainda assistir reflex\u00f5es, testemunhos de gra\u00e7as alcan\u00e7adas por intercess\u00e3o do Bem-aventurado, rezar o Ter\u00e7o com as Fam\u00edlias, acompanhar um Pingue-pongue lit\u00fargico, al\u00e9m de Novenas e adora\u00e7\u00f5es. Para assistir o nosso conte\u00fado no YouTube [&hellip;]<\/p>\n","protected":false},"author":2,"featured_media":5760,"comment_status":"open","ping_status":"closed","sticky":false,"template":"","format":"standard","meta":{"_acf_changed":false,"footnotes":""},"categories":[611],"tags":[],"class_list":["post-5759","post","type-post","status-publish","format-standard","has-post-thumbnail","hentry","category-noticias"],"acf":[],"yoast_head":"<!-- This site is optimized with the Yoast SEO plugin v27.2 - https:\/\/yoast.com\/product\/yoast-seo-wordpress\/ -->\n<title>Voc\u00ea j\u00e1 conhece as redes sociais do Beato Padre Eust\u00e1quio? - Padre Eust\u00e1quio<\/title>\n<meta name=\"robots\" content=\"index, follow, max-snippet:-1, max-image-preview:large, max-video-preview:-1\" \/>\n<link rel=\"canonical\" href=\"https:\/\/www.padreeustaquio.com.br\/en\/are-you-already-familiar-with-the-social-media-accounts-of-blessed-father-eustace\/\" \/>\n<meta property=\"og:locale\" content=\"en_US\" \/>\n<meta property=\"og:type\" content=\"article\" \/>\n<meta property=\"og:title\" content=\"Voc\u00ea j\u00e1 conhece as redes sociais do Beato Padre Eust\u00e1quio? - Padre Eust\u00e1quio\" \/>\n<meta property=\"og:description\" content=\"Voc\u00ea sabia que a Vice-postula\u00e7\u00e3o da Canoniza\u00e7\u00e3o do Beato Padre Eust\u00e1quio mant\u00e9m atualizadas as redes sociais do Bem-Aventurado? Hoje contamos com Instagram, Facebook e YouTube dedicado ao padre holand\u00eas, todos com o objetivo de levar a devo\u00e7\u00e3o ao Beato ao m\u00e1ximo de pessoas poss\u00edvel. No nosso YouTube, Canal Padre Eust\u00e1quio, voc\u00ea acompanha diariamente, ao vivo, as Celebra\u00e7\u00f5es Eucar\u00edsticas do Santu\u00e1rio Sa\u00fade e Paz. No canal, \u00e9 poss\u00edvel ainda assistir reflex\u00f5es, testemunhos de gra\u00e7as alcan\u00e7adas por intercess\u00e3o do Bem-aventurado, rezar o Ter\u00e7o com as Fam\u00edlias, acompanhar um Pingue-pongue lit\u00fargico, al\u00e9m de Novenas e adora\u00e7\u00f5es. Para assistir o nosso conte\u00fado no YouTube [&hellip;]\" \/>\n<meta property=\"og:url\" content=\"https:\/\/www.padreeustaquio.com.br\/en\/are-you-already-familiar-with-the-social-media-accounts-of-blessed-father-eustace\/\" \/>\n<meta property=\"og:site_name\" content=\"Padre Eust\u00e1quio\" \/>\n<meta property=\"article:publisher\" content=\"https:\/\/www.facebook.com\/beatopadreeustaquio\/\" \/>\n<meta property=\"article:published_time\" content=\"2021-05-03T09:17:18+00:00\" \/>\n<meta property=\"og:image\" content=\"https:\/\/www.padreeustaquio.com.br\/wp-content\/uploads\/2021\/05\/media-998990_1280.jpg\" \/>\n\t<meta property=\"og:image:width\" content=\"1280\" \/>\n\t<meta property=\"og:image:height\" content=\"928\" \/>\n\t<meta property=\"og:image:type\" content=\"image\/jpeg\" \/>\n<meta name=\"author\" content=\"@sscc\" \/>\n<meta name=\"twitter:card\" content=\"summary_large_image\" \/>\n<meta name=\"twitter:creator\" content=\"@beatopeustaquio\" \/>\n<meta name=\"twitter:site\" content=\"@beatopeustaquio\" \/>\n<meta name=\"twitter:label1\" content=\"Written by\" \/>\n\t<meta name=\"twitter:data1\" content=\"@sscc\" \/>\n\t<meta name=\"twitter:label2\" content=\"Est. reading time\" \/>\n\t<meta name=\"twitter:data2\" content=\"1 minute\" \/>\n<script type=\"application\/ld+json\" class=\"yoast-schema-graph\">{\"@context\":\"https:\/\/schema.org\",\"@graph\":[{\"@type\":\"Article\",\"@id\":\"https:\/\/www.padreeustaquio.com.br\/voce-ja-conhece-as-redes-sociais-do-beato-padre-eustaquio\/#article\",\"isPartOf\":{\"@id\":\"https:\/\/www.padreeustaquio.com.br\/voce-ja-conhece-as-redes-sociais-do-beato-padre-eustaquio\/\"},\"author\":{\"name\":\"@sscc\",\"@id\":\"https:\/\/www.padreeustaquio.com.br\/#\/schema\/person\/a2a51db1d00f1a7af0204a0f1ddb1566\"},\"headline\":\"Voc\u00ea j\u00e1 conhece as redes sociais do Beato Padre Eust\u00e1quio?\",\"datePublished\":\"2021-05-03T09:17:18+00:00\",\"mainEntityOfPage\":{\"@id\":\"https:\/\/www.padreeustaquio.com.br\/voce-ja-conhece-as-redes-sociais-do-beato-padre-eustaquio\/\"},\"wordCount\":277,\"commentCount\":0,\"publisher\":{\"@id\":\"https:\/\/www.padreeustaquio.com.br\/#organization\"},\"image\":{\"@id\":\"https:\/\/www.padreeustaquio.com.br\/voce-ja-conhece-as-redes-sociais-do-beato-padre-eustaquio\/#primaryimage\"},\"thumbnailUrl\":\"https:\/\/www.padreeustaquio.com.br\/wp-content\/uploads\/2021\/05\/media-998990_1280.jpg\",\"articleSection\":[\"Not\u00edcias\"],\"inLanguage\":\"en-US\",\"potentialAction\":[{\"@type\":\"CommentAction\",\"name\":\"Comment\",\"target\":[\"https:\/\/www.padreeustaquio.com.br\/voce-ja-conhece-as-redes-sociais-do-beato-padre-eustaquio\/#respond\"]}]},{\"@type\":\"WebPage\",\"@id\":\"https:\/\/www.padreeustaquio.com.br\/voce-ja-conhece-as-redes-sociais-do-beato-padre-eustaquio\/\",\"url\":\"https:\/\/www.padreeustaquio.com.br\/voce-ja-conhece-as-redes-sociais-do-beato-padre-eustaquio\/\",\"name\":\"Voc\u00ea j\u00e1 conhece as redes sociais do Beato Padre Eust\u00e1quio? - Padre Eust\u00e1quio\",\"isPartOf\":{\"@id\":\"https:\/\/www.padreeustaquio.com.br\/#website\"},\"primaryImageOfPage\":{\"@id\":\"https:\/\/www.padreeustaquio.com.br\/voce-ja-conhece-as-redes-sociais-do-beato-padre-eustaquio\/#primaryimage\"},\"image\":{\"@id\":\"https:\/\/www.padreeustaquio.com.br\/voce-ja-conhece-as-redes-sociais-do-beato-padre-eustaquio\/#primaryimage\"},\"thumbnailUrl\":\"https:\/\/www.padreeustaquio.com.br\/wp-content\/uploads\/2021\/05\/media-998990_1280.jpg\",\"datePublished\":\"2021-05-03T09:17:18+00:00\",\"breadcrumb\":{\"@id\":\"https:\/\/www.padreeustaquio.com.br\/voce-ja-conhece-as-redes-sociais-do-beato-padre-eustaquio\/#breadcrumb\"},\"inLanguage\":\"en-US\",\"potentialAction\":[{\"@type\":\"ReadAction\",\"target\":[\"https:\/\/www.padreeustaquio.com.br\/voce-ja-conhece-as-redes-sociais-do-beato-padre-eustaquio\/\"]}]},{\"@type\":\"ImageObject\",\"inLanguage\":\"en-US\",\"@id\":\"https:\/\/www.padreeustaquio.com.br\/voce-ja-conhece-as-redes-sociais-do-beato-padre-eustaquio\/#primaryimage\",\"url\":\"https:\/\/www.padreeustaquio.com.br\/wp-content\/uploads\/2021\/05\/media-998990_1280.jpg\",\"contentUrl\":\"https:\/\/www.padreeustaquio.com.br\/wp-content\/uploads\/2021\/05\/media-998990_1280.jpg\",\"width\":1280,\"height\":928},{\"@type\":\"BreadcrumbList\",\"@id\":\"https:\/\/www.padreeustaquio.com.br\/voce-ja-conhece-as-redes-sociais-do-beato-padre-eustaquio\/#breadcrumb\",\"itemListElement\":[{\"@type\":\"ListItem\",\"position\":1,\"name\":\"In\u00edcio\",\"item\":\"https:\/\/www.padreeustaquio.com.br\/\"},{\"@type\":\"ListItem\",\"position\":2,\"name\":\"Voc\u00ea j\u00e1 conhece as redes sociais do Beato Padre Eust\u00e1quio?\"}]},{\"@type\":\"WebSite\",\"@id\":\"https:\/\/www.padreeustaquio.com.br\/#website\",\"url\":\"https:\/\/www.padreeustaquio.com.br\/\",\"name\":\"Padre Eust\u00e1quio\",\"description\":\"Sa\u00fade e Paz\",\"publisher\":{\"@id\":\"https:\/\/www.padreeustaquio.com.br\/#organization\"},\"potentialAction\":[{\"@type\":\"SearchAction\",\"target\":{\"@type\":\"EntryPoint\",\"urlTemplate\":\"https:\/\/www.padreeustaquio.com.br\/?s={search_term_string}\"},\"query-input\":{\"@type\":\"PropertyValueSpecification\",\"valueRequired\":true,\"valueName\":\"search_term_string\"}}],\"inLanguage\":\"en-US\"},{\"@type\":\"Organization\",\"@id\":\"https:\/\/www.padreeustaquio.com.br\/#organization\",\"name\":\"Padre Eust\u00e1quio\",\"url\":\"https:\/\/www.padreeustaquio.com.br\/\",\"logo\":{\"@type\":\"ImageObject\",\"inLanguage\":\"en-US\",\"@id\":\"https:\/\/www.padreeustaquio.com.br\/#\/schema\/logo\/image\/\",\"url\":\"https:\/\/www.padreeustaquio.com.br\/wp-content\/uploads\/2019\/08\/marca.png\",\"contentUrl\":\"https:\/\/www.padreeustaquio.com.br\/wp-content\/uploads\/2019\/08\/marca.png\",\"width\":350,\"height\":400,\"caption\":\"Padre Eust\u00e1quio\"},\"image\":{\"@id\":\"https:\/\/www.padreeustaquio.com.br\/#\/schema\/logo\/image\/\"},\"sameAs\":[\"https:\/\/www.facebook.com\/beatopadreeustaquio\/\",\"https:\/\/x.com\/beatopeustaquio\",\"https:\/\/www.instagram.com\/beatopadreeustaquio\/\",\"https:\/\/www.youtube.com\/channel\/UCRhw7vfabnajwLxb1ZXMeIw\"]},{\"@type\":\"Person\",\"@id\":\"https:\/\/www.padreeustaquio.com.br\/#\/schema\/person\/a2a51db1d00f1a7af0204a0f1ddb1566\",\"name\":\"@sscc\",\"image\":{\"@type\":\"ImageObject\",\"inLanguage\":\"en-US\",\"@id\":\"https:\/\/secure.gravatar.com\/avatar\/68cfafa5f44617fea54071e215026e0ff06be366c3d54a8425f04fdcb86f8c5f?s=96&d=mm&r=g\",\"url\":\"https:\/\/secure.gravatar.com\/avatar\/68cfafa5f44617fea54071e215026e0ff06be366c3d54a8425f04fdcb86f8c5f?s=96&d=mm&r=g\",\"contentUrl\":\"https:\/\/secure.gravatar.com\/avatar\/68cfafa5f44617fea54071e215026e0ff06be366c3d54a8425f04fdcb86f8c5f?s=96&d=mm&r=g\",\"caption\":\"@sscc\"},\"url\":\"https:\/\/www.padreeustaquio.com.br\/en\/author\/sscc\/\"}]}<\/script>\n<!-- \/ Yoast SEO plugin. -->","yoast_head_json":{"title":"Are you familiar with Blessed Father Eustace&#039;s social media accounts? - Father Eustace","robots":{"index":"index","follow":"follow","max-snippet":"max-snippet:-1","max-image-preview":"max-image-preview:large","max-video-preview":"max-video-preview:-1"},"canonical":"https:\/\/www.padreeustaquio.com.br\/en\/are-you-already-familiar-with-the-social-media-accounts-of-blessed-father-eustace\/","og_locale":"en_US","og_type":"article","og_title":"Voc\u00ea j\u00e1 conhece as redes sociais do Beato Padre Eust\u00e1quio? - Padre Eust\u00e1quio","og_description":"Voc\u00ea sabia que a Vice-postula\u00e7\u00e3o da Canoniza\u00e7\u00e3o do Beato Padre Eust\u00e1quio mant\u00e9m atualizadas as redes sociais do Bem-Aventurado? Hoje contamos com Instagram, Facebook e YouTube dedicado ao padre holand\u00eas, todos com o objetivo de levar a devo\u00e7\u00e3o ao Beato ao m\u00e1ximo de pessoas poss\u00edvel. No nosso YouTube, Canal Padre Eust\u00e1quio, voc\u00ea acompanha diariamente, ao vivo, as Celebra\u00e7\u00f5es Eucar\u00edsticas do Santu\u00e1rio Sa\u00fade e Paz. No canal, \u00e9 poss\u00edvel ainda assistir reflex\u00f5es, testemunhos de gra\u00e7as alcan\u00e7adas por intercess\u00e3o do Bem-aventurado, rezar o Ter\u00e7o com as Fam\u00edlias, acompanhar um Pingue-pongue lit\u00fargico, al\u00e9m de Novenas e adora\u00e7\u00f5es. Para assistir o nosso conte\u00fado no YouTube [&hellip;]","og_url":"https:\/\/www.padreeustaquio.com.br\/en\/are-you-already-familiar-with-the-social-media-accounts-of-blessed-father-eustace\/","og_site_name":"Padre Eust\u00e1quio","article_publisher":"https:\/\/www.facebook.com\/beatopadreeustaquio\/","article_published_time":"2021-05-03T09:17:18+00:00","og_image":[{"width":1280,"height":928,"url":"https:\/\/www.padreeustaquio.com.br\/wp-content\/uploads\/2021\/05\/media-998990_1280.jpg","type":"image\/jpeg"}],"author":"@sscc","twitter_card":"summary_large_image","twitter_creator":"@beatopeustaquio","twitter_site":"@beatopeustaquio","twitter_misc":{"Written by":"@sscc","Est. reading time":"1 minute"},"schema":{"@context":"https:\/\/schema.org","@graph":[{"@type":"Article","@id":"https:\/\/www.padreeustaquio.com.br\/voce-ja-conhece-as-redes-sociais-do-beato-padre-eustaquio\/#article","isPartOf":{"@id":"https:\/\/www.padreeustaquio.com.br\/voce-ja-conhece-as-redes-sociais-do-beato-padre-eustaquio\/"},"author":{"name":"@sscc","@id":"https:\/\/www.padreeustaquio.com.br\/#\/schema\/person\/a2a51db1d00f1a7af0204a0f1ddb1566"},"headline":"Voc\u00ea j\u00e1 conhece as redes sociais do Beato Padre Eust\u00e1quio?","datePublished":"2021-05-03T09:17:18+00:00","mainEntityOfPage":{"@id":"https:\/\/www.padreeustaquio.com.br\/voce-ja-conhece-as-redes-sociais-do-beato-padre-eustaquio\/"},"wordCount":277,"commentCount":0,"publisher":{"@id":"https:\/\/www.padreeustaquio.com.br\/#organization"},"image":{"@id":"https:\/\/www.padreeustaquio.com.br\/voce-ja-conhece-as-redes-sociais-do-beato-padre-eustaquio\/#primaryimage"},"thumbnailUrl":"https:\/\/www.padreeustaquio.com.br\/wp-content\/uploads\/2021\/05\/media-998990_1280.jpg","articleSection":["Not\u00edcias"],"inLanguage":"en-US","potentialAction":[{"@type":"CommentAction","name":"Comment","target":["https:\/\/www.padreeustaquio.com.br\/voce-ja-conhece-as-redes-sociais-do-beato-padre-eustaquio\/#respond"]}]},{"@type":"WebPage","@id":"https:\/\/www.padreeustaquio.com.br\/voce-ja-conhece-as-redes-sociais-do-beato-padre-eustaquio\/","url":"https:\/\/www.padreeustaquio.com.br\/voce-ja-conhece-as-redes-sociais-do-beato-padre-eustaquio\/","name":"Are you familiar with Blessed Father Eustace&#039;s social media accounts? - Father Eustace","isPartOf":{"@id":"https:\/\/www.padreeustaquio.com.br\/#website"},"primaryImageOfPage":{"@id":"https:\/\/www.padreeustaquio.com.br\/voce-ja-conhece-as-redes-sociais-do-beato-padre-eustaquio\/#primaryimage"},"image":{"@id":"https:\/\/www.padreeustaquio.com.br\/voce-ja-conhece-as-redes-sociais-do-beato-padre-eustaquio\/#primaryimage"},"thumbnailUrl":"https:\/\/www.padreeustaquio.com.br\/wp-content\/uploads\/2021\/05\/media-998990_1280.jpg","datePublished":"2021-05-03T09:17:18+00:00","breadcrumb":{"@id":"https:\/\/www.padreeustaquio.com.br\/voce-ja-conhece-as-redes-sociais-do-beato-padre-eustaquio\/#breadcrumb"},"inLanguage":"en-US","potentialAction":[{"@type":"ReadAction","target":["https:\/\/www.padreeustaquio.com.br\/voce-ja-conhece-as-redes-sociais-do-beato-padre-eustaquio\/"]}]},{"@type":"ImageObject","inLanguage":"en-US","@id":"https:\/\/www.padreeustaquio.com.br\/voce-ja-conhece-as-redes-sociais-do-beato-padre-eustaquio\/#primaryimage","url":"https:\/\/www.padreeustaquio.com.br\/wp-content\/uploads\/2021\/05\/media-998990_1280.jpg","contentUrl":"https:\/\/www.padreeustaquio.com.br\/wp-content\/uploads\/2021\/05\/media-998990_1280.jpg","width":1280,"height":928},{"@type":"BreadcrumbList","@id":"https:\/\/www.padreeustaquio.com.br\/voce-ja-conhece-as-redes-sociais-do-beato-padre-eustaquio\/#breadcrumb","itemListElement":[{"@type":"ListItem","position":1,"name":"In\u00edcio","item":"https:\/\/www.padreeustaquio.com.br\/"},{"@type":"ListItem","position":2,"name":"Voc\u00ea j\u00e1 conhece as redes sociais do Beato Padre Eust\u00e1quio?"}]},{"@type":"WebSite","@id":"https:\/\/www.padreeustaquio.com.br\/#website","url":"https:\/\/www.padreeustaquio.com.br\/","name":"FATHER EUST\u00c1QUIO","description":"Health and Peace","publisher":{"@id":"https:\/\/www.padreeustaquio.com.br\/#organization"},"potentialAction":[{"@type":"SearchAction","target":{"@type":"EntryPoint","urlTemplate":"https:\/\/www.padreeustaquio.com.br\/?s={search_term_string}"},"query-input":{"@type":"PropertyValueSpecification","valueRequired":true,"valueName":"search_term_string"}}],"inLanguage":"en-US"},{"@type":"Organization","@id":"https:\/\/www.padreeustaquio.com.br\/#organization","name":"FATHER EUST\u00c1QUIO","url":"https:\/\/www.padreeustaquio.com.br\/","logo":{"@type":"ImageObject","inLanguage":"en-US","@id":"https:\/\/www.padreeustaquio.com.br\/#\/schema\/logo\/image\/","url":"https:\/\/www.padreeustaquio.com.br\/wp-content\/uploads\/2019\/08\/marca.png","contentUrl":"https:\/\/www.padreeustaquio.com.br\/wp-content\/uploads\/2019\/08\/marca.png","width":350,"height":400,"caption":"Padre Eust\u00e1quio"},"image":{"@id":"https:\/\/www.padreeustaquio.com.br\/#\/schema\/logo\/image\/"},"sameAs":["https:\/\/www.facebook.com\/beatopadreeustaquio\/","https:\/\/x.com\/beatopeustaquio","https:\/\/www.instagram.com\/beatopadreeustaquio\/","https:\/\/www.youtube.com\/channel\/UCRhw7vfabnajwLxb1ZXMeIw"]},{"@type":"Person","@id":"https:\/\/www.padreeustaquio.com.br\/#\/schema\/person\/a2a51db1d00f1a7af0204a0f1ddb1566","name":"@sscc","image":{"@type":"ImageObject","inLanguage":"en-US","@id":"https:\/\/secure.gravatar.com\/avatar\/68cfafa5f44617fea54071e215026e0ff06be366c3d54a8425f04fdcb86f8c5f?s=96&d=mm&r=g","url":"https:\/\/secure.gravatar.com\/avatar\/68cfafa5f44617fea54071e215026e0ff06be366c3d54a8425f04fdcb86f8c5f?s=96&d=mm&r=g","contentUrl":"https:\/\/secure.gravatar.com\/avatar\/68cfafa5f44617fea54071e215026e0ff06be366c3d54a8425f04fdcb86f8c5f?s=96&d=mm&r=g","caption":"@sscc"},"url":"https:\/\/www.padreeustaquio.com.br\/en\/author\/sscc\/"}]}},"_links":{"self":[{"href":"https:\/\/www.padreeustaquio.com.br\/en\/wp-json\/wp\/v2\/posts\/5759","targetHints":{"allow":["GET"]}}],"collection":[{"href":"https:\/\/www.padreeustaquio.com.br\/en\/wp-json\/wp\/v2\/posts"}],"about":[{"href":"https:\/\/www.padreeustaquio.com.br\/en\/wp-json\/wp\/v2\/types\/post"}],"author":[{"embeddable":true,"href":"https:\/\/www.padreeustaquio.com.br\/en\/wp-json\/wp\/v2\/users\/2"}],"replies":[{"embeddable":true,"href":"https:\/\/www.padreeustaquio.com.br\/en\/wp-json\/wp\/v2\/comments?post=5759"}],"version-history":[{"count":0,"href":"https:\/\/www.padreeustaquio.com.br\/en\/wp-json\/wp\/v2\/posts\/5759\/revisions"}],"wp:featuredmedia":[{"embeddable":true,"href":"https:\/\/www.padreeustaquio.com.br\/en\/wp-json\/wp\/v2\/media\/5760"}],"wp:attachment":[{"href":"https:\/\/www.padreeustaquio.com.br\/en\/wp-json\/wp\/v2\/media?parent=5759"}],"wp:term":[{"taxonomy":"category","embeddable":true,"href":"https:\/\/www.padreeustaquio.com.br\/en\/wp-json\/wp\/v2\/categories?post=5759"},{"taxonomy":"post_tag","embeddable":true,"href":"https:\/\/www.padreeustaquio.com.br\/en\/wp-json\/wp\/v2\/tags?post=5759"}],"curies":[{"name":"wp","href":"https:\/\/api.w.org\/{rel}","templated":true}]}}