{"id":5701,"date":"2021-04-28T07:12:46","date_gmt":"2021-04-28T10:12:46","guid":{"rendered":"https:\/\/www.padreeustaquio.com.br\/?p=5701"},"modified":"2021-04-27T19:54:58","modified_gmt":"2021-04-27T22:54:58","slug":"father-eustaquio-daycare-center-prepares-to-receive-students-with-strict-health-protocols","status":"publish","type":"post","link":"https:\/\/www.padreeustaquio.com.br\/en\/father-eustaquio-daycare-center-prepares-to-receive-students-with-strict-health-protocols\/","title":{"rendered":"Padre Eust\u00e1quio daycare center prepares to receive students with strict health protocols."},"content":{"rendered":"<p>The Padre Eust\u00e1quio Daycare Center is already preparing to receive students starting next Monday, May 3rd. To meet the requirements of the Belo Horizonte City Hall, it wasn&#039;t necessary to carry out any construction work at the institution, but many adjustments were required.<\/p>\n<p>The entire school is being marked out according to the requirements of the municipal protocol. In classrooms and dining areas, students will be kept two meters apart. Desks and tables will be arranged to accommodate this distance. Classes for the 1st and 2nd periods will be held from Monday to Wednesday. Each class will be divided into two periods, morning and afternoon, to respect the number of students per square meter required by the municipal back-to-school protocol. Children in the preschool program will have classes on Thursdays and Fridays, also divided into periods.<\/p>\n<p>There will be two entry and exit times for each period to avoid crowding at both school entrances. In the morning, one group will arrive at 7:00 AM and leave at 11:00 AM, and the other will arrive at 7:30 AM and leave at 11:30 AM. In the afternoon, the first students arrive at 12:00 PM and leave at 4:00 PM, and the second group arrives at 12:30 PM and leaves at 4:30 PM. Children who go to school in the morning will receive breakfast and can have lunch at the end of the shift. Afternoon students can have lunch upon arrival and will have a snack before going home.<\/p>\n<p>The daycare center currently has 254 children, but will only be able to accommodate 60 students at a time. Throughout their time at the institution, the use of masks will be mandatory for students and staff, except for children in preschool levels 1 and 2.<\/p>\n<p>At the entrance of the daycare center there will be a sanitizing mat, hand sanitizer, and temperature checks. There will also be hand sanitizer dispensers at the door of each classroom.<\/p>\n\n\t\t<style type=\"text\/css\">\n\t\t\t#gallery-1 {\n\t\t\t\tmargin: auto;\n\t\t\t}\n\t\t\t#gallery-1 .gallery-item {\n\t\t\t\tfloat: left;\n\t\t\t\tmargin-top: 10px;\n\t\t\t\ttext-align: center;\n\t\t\t\twidth: 33%;\n\t\t\t}\n\t\t\t#gallery-1 img {\n\t\t\t\tborder: 2px solid #cfcfcf;\n\t\t\t}\n\t\t\t#gallery-1 .gallery-caption {\n\t\t\t\tmargin-left: 0;\n\t\t\t}\n\t\t\t\/* see gallery_shortcode() in wp-includes\/media.php *\/\n\t\t<\/style>\n\t\t<div id='gallery-1' class='gallery galleryid-5701 gallery-columns-3 gallery-size-thumbnail'><dl class='gallery-item'>\n\t\t\t<dt class='gallery-icon landscape'>\n\t\t\t\t<a href='https:\/\/www.padreeustaquio.com.br\/en\/father-eustaquio-daycare-center-prepares-to-receive-students-with-strict-health-protocols\/dispensadores-de-alcool-gel-estao-afixados-nas-entradas-de-todas-as-salas\/'><img decoding=\"async\" width=\"150\" height=\"150\" src=\"https:\/\/www.padreeustaquio.com.br\/wp-content\/uploads\/2021\/04\/Dispensadores-de-alcool-gel-estao-afixados-nas-entradas-de-todas-as-salas-150x150.jpeg\" class=\"attachment-thumbnail size-thumbnail\" alt=\"\" srcset=\"https:\/\/www.padreeustaquio.com.br\/wp-content\/uploads\/2021\/04\/Dispensadores-de-alcool-gel-estao-afixados-nas-entradas-de-todas-as-salas-150x150.jpeg 150w, https:\/\/www.padreeustaquio.com.br\/wp-content\/uploads\/2021\/04\/Dispensadores-de-alcool-gel-estao-afixados-nas-entradas-de-todas-as-salas-75x75.jpeg 75w, https:\/\/www.padreeustaquio.com.br\/wp-content\/uploads\/2021\/04\/Dispensadores-de-alcool-gel-estao-afixados-nas-entradas-de-todas-as-salas-180x180.jpeg 180w, https:\/\/www.padreeustaquio.com.br\/wp-content\/uploads\/2021\/04\/Dispensadores-de-alcool-gel-estao-afixados-nas-entradas-de-todas-as-salas-400x400.jpeg 400w, https:\/\/www.padreeustaquio.com.br\/wp-content\/uploads\/2021\/04\/Dispensadores-de-alcool-gel-estao-afixados-nas-entradas-de-todas-as-salas-600x600.jpeg 600w\" sizes=\"(max-width: 150px) 100vw, 150px\" \/><\/a>\n\t\t\t<\/dt><\/dl><dl class='gallery-item'>\n\t\t\t<dt class='gallery-icon landscape'>\n\t\t\t\t<a href='https:\/\/www.padreeustaquio.com.br\/en\/father-eustaquio-daycare-center-prepares-to-receive-students-with-strict-health-protocols\/as-pias-e-banheiros-tambem-foram-adaptados\/'><img decoding=\"async\" width=\"150\" height=\"150\" src=\"https:\/\/www.padreeustaquio.com.br\/wp-content\/uploads\/2021\/04\/As-pias-e-banheiros-tambem-foram-adaptados-150x150.jpeg\" class=\"attachment-thumbnail size-thumbnail\" alt=\"\" srcset=\"https:\/\/www.padreeustaquio.com.br\/wp-content\/uploads\/2021\/04\/As-pias-e-banheiros-tambem-foram-adaptados-150x150.jpeg 150w, https:\/\/www.padreeustaquio.com.br\/wp-content\/uploads\/2021\/04\/As-pias-e-banheiros-tambem-foram-adaptados-75x75.jpeg 75w, https:\/\/www.padreeustaquio.com.br\/wp-content\/uploads\/2021\/04\/As-pias-e-banheiros-tambem-foram-adaptados-180x180.jpeg 180w, https:\/\/www.padreeustaquio.com.br\/wp-content\/uploads\/2021\/04\/As-pias-e-banheiros-tambem-foram-adaptados-400x400.jpeg 400w, https:\/\/www.padreeustaquio.com.br\/wp-content\/uploads\/2021\/04\/As-pias-e-banheiros-tambem-foram-adaptados-600x600.jpeg 600w\" sizes=\"(max-width: 150px) 100vw, 150px\" \/><\/a>\n\t\t\t<\/dt><\/dl><dl class='gallery-item'>\n\t\t\t<dt class='gallery-icon landscape'>\n\t\t\t\t<a href='https:\/\/www.padreeustaquio.com.br\/en\/father-eustaquio-daycare-center-prepares-to-receive-students-with-strict-health-protocols\/cada-sala-tera-um-limite-de-alunos\/'><img decoding=\"async\" width=\"150\" height=\"150\" src=\"https:\/\/www.padreeustaquio.com.br\/wp-content\/uploads\/2021\/04\/Cada-sala-tera-um-limite-de-alunos-150x150.jpeg\" class=\"attachment-thumbnail size-thumbnail\" alt=\"\" srcset=\"https:\/\/www.padreeustaquio.com.br\/wp-content\/uploads\/2021\/04\/Cada-sala-tera-um-limite-de-alunos-150x150.jpeg 150w, https:\/\/www.padreeustaquio.com.br\/wp-content\/uploads\/2021\/04\/Cada-sala-tera-um-limite-de-alunos-75x75.jpeg 75w, https:\/\/www.padreeustaquio.com.br\/wp-content\/uploads\/2021\/04\/Cada-sala-tera-um-limite-de-alunos-180x180.jpeg 180w, https:\/\/www.padreeustaquio.com.br\/wp-content\/uploads\/2021\/04\/Cada-sala-tera-um-limite-de-alunos-400x400.jpeg 400w, https:\/\/www.padreeustaquio.com.br\/wp-content\/uploads\/2021\/04\/Cada-sala-tera-um-limite-de-alunos-600x600.jpeg 600w\" sizes=\"(max-width: 150px) 100vw, 150px\" \/><\/a>\n\t\t\t<\/dt><\/dl><br style=\"clear: both\" \/><dl class='gallery-item'>\n\t\t\t<dt class='gallery-icon landscape'>\n\t\t\t\t<a href='https:\/\/www.padreeustaquio.com.br\/en\/father-eustaquio-daycare-center-prepares-to-receive-students-with-strict-health-protocols\/no-refeitorio-tambem-havera-distancimento-durante-as-refeicoes\/'><img loading=\"lazy\" decoding=\"async\" width=\"150\" height=\"150\" src=\"https:\/\/www.padreeustaquio.com.br\/wp-content\/uploads\/2021\/04\/No-refeitorio-tambem-havera-distancimento-durante-as-refeicoes-150x150.jpeg\" class=\"attachment-thumbnail size-thumbnail\" alt=\"\" srcset=\"https:\/\/www.padreeustaquio.com.br\/wp-content\/uploads\/2021\/04\/No-refeitorio-tambem-havera-distancimento-durante-as-refeicoes-150x150.jpeg 150w, https:\/\/www.padreeustaquio.com.br\/wp-content\/uploads\/2021\/04\/No-refeitorio-tambem-havera-distancimento-durante-as-refeicoes-75x75.jpeg 75w, https:\/\/www.padreeustaquio.com.br\/wp-content\/uploads\/2021\/04\/No-refeitorio-tambem-havera-distancimento-durante-as-refeicoes-180x180.jpeg 180w, https:\/\/www.padreeustaquio.com.br\/wp-content\/uploads\/2021\/04\/No-refeitorio-tambem-havera-distancimento-durante-as-refeicoes-400x400.jpeg 400w, https:\/\/www.padreeustaquio.com.br\/wp-content\/uploads\/2021\/04\/No-refeitorio-tambem-havera-distancimento-durante-as-refeicoes-600x600.jpeg 600w\" sizes=\"(max-width: 150px) 100vw, 150px\" \/><\/a>\n\t\t\t<\/dt><\/dl><dl class='gallery-item'>\n\t\t\t<dt class='gallery-icon landscape'>\n\t\t\t\t<a href='https:\/\/www.padreeustaquio.com.br\/en\/father-eustaquio-daycare-center-prepares-to-receive-students-with-strict-health-protocols\/tudo-esta-sendo-preparado-com-muito-carinho-pelos-funcionarios\/'><img loading=\"lazy\" decoding=\"async\" width=\"150\" height=\"150\" src=\"https:\/\/www.padreeustaquio.com.br\/wp-content\/uploads\/2021\/04\/Tudo-esta-sendo-preparado-com-muito-carinho-pelos-funcionarios-150x150.jpeg\" class=\"attachment-thumbnail size-thumbnail\" alt=\"\" srcset=\"https:\/\/www.padreeustaquio.com.br\/wp-content\/uploads\/2021\/04\/Tudo-esta-sendo-preparado-com-muito-carinho-pelos-funcionarios-150x150.jpeg 150w, https:\/\/www.padreeustaquio.com.br\/wp-content\/uploads\/2021\/04\/Tudo-esta-sendo-preparado-com-muito-carinho-pelos-funcionarios-75x75.jpeg 75w, https:\/\/www.padreeustaquio.com.br\/wp-content\/uploads\/2021\/04\/Tudo-esta-sendo-preparado-com-muito-carinho-pelos-funcionarios-180x180.jpeg 180w, https:\/\/www.padreeustaquio.com.br\/wp-content\/uploads\/2021\/04\/Tudo-esta-sendo-preparado-com-muito-carinho-pelos-funcionarios-400x400.jpeg 400w, https:\/\/www.padreeustaquio.com.br\/wp-content\/uploads\/2021\/04\/Tudo-esta-sendo-preparado-com-muito-carinho-pelos-funcionarios-600x600.jpeg 600w\" sizes=\"(max-width: 150px) 100vw, 150px\" \/><\/a>\n\t\t\t<\/dt><\/dl><dl class='gallery-item'>\n\t\t\t<dt class='gallery-icon landscape'>\n\t\t\t\t<a href='https:\/\/www.padreeustaquio.com.br\/en\/father-eustaquio-daycare-center-prepares-to-receive-students-with-strict-health-protocols\/as-salas-serao-demarcadas-com-distanciamento-proposto\/'><img loading=\"lazy\" decoding=\"async\" width=\"150\" height=\"150\" src=\"https:\/\/www.padreeustaquio.com.br\/wp-content\/uploads\/2021\/04\/As-salas-serao-demarcadas-com-distanciamento-proposto-150x150.jpeg\" class=\"attachment-thumbnail size-thumbnail\" alt=\"\" srcset=\"https:\/\/www.padreeustaquio.com.br\/wp-content\/uploads\/2021\/04\/As-salas-serao-demarcadas-com-distanciamento-proposto-150x150.jpeg 150w, https:\/\/www.padreeustaquio.com.br\/wp-content\/uploads\/2021\/04\/As-salas-serao-demarcadas-com-distanciamento-proposto-75x75.jpeg 75w, https:\/\/www.padreeustaquio.com.br\/wp-content\/uploads\/2021\/04\/As-salas-serao-demarcadas-com-distanciamento-proposto-180x180.jpeg 180w, https:\/\/www.padreeustaquio.com.br\/wp-content\/uploads\/2021\/04\/As-salas-serao-demarcadas-com-distanciamento-proposto-400x400.jpeg 400w, https:\/\/www.padreeustaquio.com.br\/wp-content\/uploads\/2021\/04\/As-salas-serao-demarcadas-com-distanciamento-proposto-600x600.jpeg 600w\" sizes=\"(max-width: 150px) 100vw, 150px\" \/><\/a>\n\t\t\t<\/dt><\/dl><br style=\"clear: both\" \/><dl class='gallery-item'>\n\t\t\t<dt class='gallery-icon landscape'>\n\t\t\t\t<a href='https:\/\/www.padreeustaquio.com.br\/en\/father-eustaquio-daycare-center-prepares-to-receive-students-with-strict-health-protocols\/professores-acertam-os-ultimos-detalhes-para-receber-os-alunos\/'><img loading=\"lazy\" decoding=\"async\" width=\"150\" height=\"150\" src=\"https:\/\/www.padreeustaquio.com.br\/wp-content\/uploads\/2021\/04\/Professores-acertam-os-ultimos-detalhes-para-receber-os-alunos-150x150.jpeg\" class=\"attachment-thumbnail size-thumbnail\" alt=\"\" srcset=\"https:\/\/www.padreeustaquio.com.br\/wp-content\/uploads\/2021\/04\/Professores-acertam-os-ultimos-detalhes-para-receber-os-alunos-150x150.jpeg 150w, https:\/\/www.padreeustaquio.com.br\/wp-content\/uploads\/2021\/04\/Professores-acertam-os-ultimos-detalhes-para-receber-os-alunos-75x75.jpeg 75w, https:\/\/www.padreeustaquio.com.br\/wp-content\/uploads\/2021\/04\/Professores-acertam-os-ultimos-detalhes-para-receber-os-alunos-180x180.jpeg 180w, https:\/\/www.padreeustaquio.com.br\/wp-content\/uploads\/2021\/04\/Professores-acertam-os-ultimos-detalhes-para-receber-os-alunos-400x400.jpeg 400w, https:\/\/www.padreeustaquio.com.br\/wp-content\/uploads\/2021\/04\/Professores-acertam-os-ultimos-detalhes-para-receber-os-alunos-600x600.jpeg 600w\" sizes=\"(max-width: 150px) 100vw, 150px\" \/><\/a>\n\t\t\t<\/dt><\/dl>\n\t\t\t<br style='clear: both' \/>\n\t\t<\/div>","protected":false},"excerpt":{"rendered":"<p>A Creche Padre Eust\u00e1quio j\u00e1 est\u00e1 se preparando para receber os alunos a partir da pr\u00f3xima segunda-feira, dia 3 de maio. Para atender as exig\u00eancias da Prefeitura de Belo Horizonte n\u00e3o foi necess\u00e1rio fazer obras na institui\u00e7\u00e3o, mas muitas adequa\u00e7\u00f5es. Toda a escola est\u00e1 sendo demarcada de acordo com as exig\u00eancias do protocolo municipal. Nas salas de aula e nos locais de alimenta\u00e7\u00e3o, o distanciamento entre os alunos ser\u00e1 de dois metros. As carteiras e as mesas ser\u00e3o dispostas para atender esta dist\u00e2ncia. As aulas do 1\u00ba e 2\u00ba per\u00edodos ser\u00e3o realizadas de segunda a quarta-feira. Cada turma ser\u00e1 dividida [&hellip;]<\/p>\n","protected":false},"author":2,"featured_media":5720,"comment_status":"open","ping_status":"closed","sticky":false,"template":"","format":"standard","meta":{"_acf_changed":false,"footnotes":""},"categories":[611],"tags":[],"class_list":["post-5701","post","type-post","status-publish","format-standard","has-post-thumbnail","hentry","category-noticias"],"acf":[],"yoast_head":"<!-- This site is optimized with the Yoast SEO plugin v27.2 - https:\/\/yoast.com\/product\/yoast-seo-wordpress\/ -->\n<title>Creche Padre Eust\u00e1quio se prepara para receber alunos com protocolos sanit\u00e1rios rigorosos - Padre Eust\u00e1quio<\/title>\n<meta name=\"robots\" content=\"index, follow, max-snippet:-1, max-image-preview:large, max-video-preview:-1\" \/>\n<link rel=\"canonical\" href=\"https:\/\/www.padreeustaquio.com.br\/en\/father-eustaquio-daycare-center-prepares-to-receive-students-with-strict-health-protocols\/\" \/>\n<meta property=\"og:locale\" content=\"en_US\" \/>\n<meta property=\"og:type\" content=\"article\" \/>\n<meta property=\"og:title\" content=\"Creche Padre Eust\u00e1quio se prepara para receber alunos com protocolos sanit\u00e1rios rigorosos - Padre Eust\u00e1quio\" \/>\n<meta property=\"og:description\" content=\"A Creche Padre Eust\u00e1quio j\u00e1 est\u00e1 se preparando para receber os alunos a partir da pr\u00f3xima segunda-feira, dia 3 de maio. Para atender as exig\u00eancias da Prefeitura de Belo Horizonte n\u00e3o foi necess\u00e1rio fazer obras na institui\u00e7\u00e3o, mas muitas adequa\u00e7\u00f5es. Toda a escola est\u00e1 sendo demarcada de acordo com as exig\u00eancias do protocolo municipal. Nas salas de aula e nos locais de alimenta\u00e7\u00e3o, o distanciamento entre os alunos ser\u00e1 de dois metros. As carteiras e as mesas ser\u00e3o dispostas para atender esta dist\u00e2ncia. As aulas do 1\u00ba e 2\u00ba per\u00edodos ser\u00e3o realizadas de segunda a quarta-feira. Cada turma ser\u00e1 dividida [&hellip;]\" \/>\n<meta property=\"og:url\" content=\"https:\/\/www.padreeustaquio.com.br\/en\/father-eustaquio-daycare-center-prepares-to-receive-students-with-strict-health-protocols\/\" \/>\n<meta property=\"og:site_name\" content=\"Padre Eust\u00e1quio\" \/>\n<meta property=\"article:publisher\" content=\"https:\/\/www.facebook.com\/beatopadreeustaquio\/\" \/>\n<meta property=\"article:published_time\" content=\"2021-04-28T10:12:46+00:00\" \/>\n<meta property=\"og:image\" content=\"https:\/\/www.padreeustaquio.com.br\/wp-content\/uploads\/2021\/04\/WhatsApp-Image-2021-04-27-at-19.11.15-e1619563342498.jpeg\" \/>\n\t<meta property=\"og:image:width\" content=\"1085\" \/>\n\t<meta property=\"og:image:height\" content=\"645\" \/>\n\t<meta property=\"og:image:type\" content=\"image\/jpeg\" \/>\n<meta name=\"author\" content=\"@sscc\" \/>\n<meta name=\"twitter:card\" content=\"summary_large_image\" \/>\n<meta name=\"twitter:creator\" content=\"@beatopeustaquio\" \/>\n<meta name=\"twitter:site\" content=\"@beatopeustaquio\" \/>\n<meta name=\"twitter:label1\" content=\"Written by\" \/>\n\t<meta name=\"twitter:data1\" content=\"@sscc\" \/>\n\t<meta name=\"twitter:label2\" content=\"Est. reading time\" \/>\n\t<meta name=\"twitter:data2\" content=\"2 minutes\" \/>\n<script type=\"application\/ld+json\" class=\"yoast-schema-graph\">{\"@context\":\"https:\/\/schema.org\",\"@graph\":[{\"@type\":\"Article\",\"@id\":\"https:\/\/www.padreeustaquio.com.br\/creche-padre-eustaquio-se-prepara-para-receber-alunos-com-protocolos-sanitarios-rigorosos\/#article\",\"isPartOf\":{\"@id\":\"https:\/\/www.padreeustaquio.com.br\/creche-padre-eustaquio-se-prepara-para-receber-alunos-com-protocolos-sanitarios-rigorosos\/\"},\"author\":{\"name\":\"@sscc\",\"@id\":\"https:\/\/www.padreeustaquio.com.br\/#\/schema\/person\/a2a51db1d00f1a7af0204a0f1ddb1566\"},\"headline\":\"Creche Padre Eust\u00e1quio se prepara para receber alunos com protocolos sanit\u00e1rios rigorosos\",\"datePublished\":\"2021-04-28T10:12:46+00:00\",\"mainEntityOfPage\":{\"@id\":\"https:\/\/www.padreeustaquio.com.br\/creche-padre-eustaquio-se-prepara-para-receber-alunos-com-protocolos-sanitarios-rigorosos\/\"},\"wordCount\":358,\"commentCount\":0,\"publisher\":{\"@id\":\"https:\/\/www.padreeustaquio.com.br\/#organization\"},\"image\":{\"@id\":\"https:\/\/www.padreeustaquio.com.br\/creche-padre-eustaquio-se-prepara-para-receber-alunos-com-protocolos-sanitarios-rigorosos\/#primaryimage\"},\"thumbnailUrl\":\"https:\/\/www.padreeustaquio.com.br\/wp-content\/uploads\/2021\/04\/WhatsApp-Image-2021-04-27-at-19.11.15-e1619563342498.jpeg\",\"articleSection\":[\"Not\u00edcias\"],\"inLanguage\":\"en-US\",\"potentialAction\":[{\"@type\":\"CommentAction\",\"name\":\"Comment\",\"target\":[\"https:\/\/www.padreeustaquio.com.br\/creche-padre-eustaquio-se-prepara-para-receber-alunos-com-protocolos-sanitarios-rigorosos\/#respond\"]}]},{\"@type\":\"WebPage\",\"@id\":\"https:\/\/www.padreeustaquio.com.br\/creche-padre-eustaquio-se-prepara-para-receber-alunos-com-protocolos-sanitarios-rigorosos\/\",\"url\":\"https:\/\/www.padreeustaquio.com.br\/creche-padre-eustaquio-se-prepara-para-receber-alunos-com-protocolos-sanitarios-rigorosos\/\",\"name\":\"Creche Padre Eust\u00e1quio se prepara para receber alunos com protocolos sanit\u00e1rios rigorosos - Padre Eust\u00e1quio\",\"isPartOf\":{\"@id\":\"https:\/\/www.padreeustaquio.com.br\/#website\"},\"primaryImageOfPage\":{\"@id\":\"https:\/\/www.padreeustaquio.com.br\/creche-padre-eustaquio-se-prepara-para-receber-alunos-com-protocolos-sanitarios-rigorosos\/#primaryimage\"},\"image\":{\"@id\":\"https:\/\/www.padreeustaquio.com.br\/creche-padre-eustaquio-se-prepara-para-receber-alunos-com-protocolos-sanitarios-rigorosos\/#primaryimage\"},\"thumbnailUrl\":\"https:\/\/www.padreeustaquio.com.br\/wp-content\/uploads\/2021\/04\/WhatsApp-Image-2021-04-27-at-19.11.15-e1619563342498.jpeg\",\"datePublished\":\"2021-04-28T10:12:46+00:00\",\"breadcrumb\":{\"@id\":\"https:\/\/www.padreeustaquio.com.br\/creche-padre-eustaquio-se-prepara-para-receber-alunos-com-protocolos-sanitarios-rigorosos\/#breadcrumb\"},\"inLanguage\":\"en-US\",\"potentialAction\":[{\"@type\":\"ReadAction\",\"target\":[\"https:\/\/www.padreeustaquio.com.br\/creche-padre-eustaquio-se-prepara-para-receber-alunos-com-protocolos-sanitarios-rigorosos\/\"]}]},{\"@type\":\"ImageObject\",\"inLanguage\":\"en-US\",\"@id\":\"https:\/\/www.padreeustaquio.com.br\/creche-padre-eustaquio-se-prepara-para-receber-alunos-com-protocolos-sanitarios-rigorosos\/#primaryimage\",\"url\":\"https:\/\/www.padreeustaquio.com.br\/wp-content\/uploads\/2021\/04\/WhatsApp-Image-2021-04-27-at-19.11.15-e1619563342498.jpeg\",\"contentUrl\":\"https:\/\/www.padreeustaquio.com.br\/wp-content\/uploads\/2021\/04\/WhatsApp-Image-2021-04-27-at-19.11.15-e1619563342498.jpeg\",\"width\":1085,\"height\":645},{\"@type\":\"BreadcrumbList\",\"@id\":\"https:\/\/www.padreeustaquio.com.br\/creche-padre-eustaquio-se-prepara-para-receber-alunos-com-protocolos-sanitarios-rigorosos\/#breadcrumb\",\"itemListElement\":[{\"@type\":\"ListItem\",\"position\":1,\"name\":\"In\u00edcio\",\"item\":\"https:\/\/www.padreeustaquio.com.br\/\"},{\"@type\":\"ListItem\",\"position\":2,\"name\":\"Creche Padre Eust\u00e1quio se prepara para receber alunos com protocolos sanit\u00e1rios rigorosos\"}]},{\"@type\":\"WebSite\",\"@id\":\"https:\/\/www.padreeustaquio.com.br\/#website\",\"url\":\"https:\/\/www.padreeustaquio.com.br\/\",\"name\":\"Padre Eust\u00e1quio\",\"description\":\"Sa\u00fade e Paz\",\"publisher\":{\"@id\":\"https:\/\/www.padreeustaquio.com.br\/#organization\"},\"potentialAction\":[{\"@type\":\"SearchAction\",\"target\":{\"@type\":\"EntryPoint\",\"urlTemplate\":\"https:\/\/www.padreeustaquio.com.br\/?s={search_term_string}\"},\"query-input\":{\"@type\":\"PropertyValueSpecification\",\"valueRequired\":true,\"valueName\":\"search_term_string\"}}],\"inLanguage\":\"en-US\"},{\"@type\":\"Organization\",\"@id\":\"https:\/\/www.padreeustaquio.com.br\/#organization\",\"name\":\"Padre Eust\u00e1quio\",\"url\":\"https:\/\/www.padreeustaquio.com.br\/\",\"logo\":{\"@type\":\"ImageObject\",\"inLanguage\":\"en-US\",\"@id\":\"https:\/\/www.padreeustaquio.com.br\/#\/schema\/logo\/image\/\",\"url\":\"https:\/\/www.padreeustaquio.com.br\/wp-content\/uploads\/2019\/08\/marca.png\",\"contentUrl\":\"https:\/\/www.padreeustaquio.com.br\/wp-content\/uploads\/2019\/08\/marca.png\",\"width\":350,\"height\":400,\"caption\":\"Padre Eust\u00e1quio\"},\"image\":{\"@id\":\"https:\/\/www.padreeustaquio.com.br\/#\/schema\/logo\/image\/\"},\"sameAs\":[\"https:\/\/www.facebook.com\/beatopadreeustaquio\/\",\"https:\/\/x.com\/beatopeustaquio\",\"https:\/\/www.instagram.com\/beatopadreeustaquio\/\",\"https:\/\/www.youtube.com\/channel\/UCRhw7vfabnajwLxb1ZXMeIw\"]},{\"@type\":\"Person\",\"@id\":\"https:\/\/www.padreeustaquio.com.br\/#\/schema\/person\/a2a51db1d00f1a7af0204a0f1ddb1566\",\"name\":\"@sscc\",\"image\":{\"@type\":\"ImageObject\",\"inLanguage\":\"en-US\",\"@id\":\"https:\/\/secure.gravatar.com\/avatar\/68cfafa5f44617fea54071e215026e0ff06be366c3d54a8425f04fdcb86f8c5f?s=96&d=mm&r=g\",\"url\":\"https:\/\/secure.gravatar.com\/avatar\/68cfafa5f44617fea54071e215026e0ff06be366c3d54a8425f04fdcb86f8c5f?s=96&d=mm&r=g\",\"contentUrl\":\"https:\/\/secure.gravatar.com\/avatar\/68cfafa5f44617fea54071e215026e0ff06be366c3d54a8425f04fdcb86f8c5f?s=96&d=mm&r=g\",\"caption\":\"@sscc\"},\"url\":\"https:\/\/www.padreeustaquio.com.br\/en\/author\/sscc\/\"}]}<\/script>\n<!-- \/ Yoast SEO plugin. -->","yoast_head_json":{"title":"Padre Eust\u00e1quio Daycare Center prepares to receive students with strict health protocols - Padre Eust\u00e1quio","robots":{"index":"index","follow":"follow","max-snippet":"max-snippet:-1","max-image-preview":"max-image-preview:large","max-video-preview":"max-video-preview:-1"},"canonical":"https:\/\/www.padreeustaquio.com.br\/en\/father-eustaquio-daycare-center-prepares-to-receive-students-with-strict-health-protocols\/","og_locale":"en_US","og_type":"article","og_title":"Creche Padre Eust\u00e1quio se prepara para receber alunos com protocolos sanit\u00e1rios rigorosos - Padre Eust\u00e1quio","og_description":"A Creche Padre Eust\u00e1quio j\u00e1 est\u00e1 se preparando para receber os alunos a partir da pr\u00f3xima segunda-feira, dia 3 de maio. Para atender as exig\u00eancias da Prefeitura de Belo Horizonte n\u00e3o foi necess\u00e1rio fazer obras na institui\u00e7\u00e3o, mas muitas adequa\u00e7\u00f5es. Toda a escola est\u00e1 sendo demarcada de acordo com as exig\u00eancias do protocolo municipal. Nas salas de aula e nos locais de alimenta\u00e7\u00e3o, o distanciamento entre os alunos ser\u00e1 de dois metros. As carteiras e as mesas ser\u00e3o dispostas para atender esta dist\u00e2ncia. As aulas do 1\u00ba e 2\u00ba per\u00edodos ser\u00e3o realizadas de segunda a quarta-feira. Cada turma ser\u00e1 dividida [&hellip;]","og_url":"https:\/\/www.padreeustaquio.com.br\/en\/father-eustaquio-daycare-center-prepares-to-receive-students-with-strict-health-protocols\/","og_site_name":"Padre Eust\u00e1quio","article_publisher":"https:\/\/www.facebook.com\/beatopadreeustaquio\/","article_published_time":"2021-04-28T10:12:46+00:00","og_image":[{"width":1085,"height":645,"url":"https:\/\/www.padreeustaquio.com.br\/wp-content\/uploads\/2021\/04\/WhatsApp-Image-2021-04-27-at-19.11.15-e1619563342498.jpeg","type":"image\/jpeg"}],"author":"@sscc","twitter_card":"summary_large_image","twitter_creator":"@beatopeustaquio","twitter_site":"@beatopeustaquio","twitter_misc":{"Written by":"@sscc","Est. reading time":"2 minutes"},"schema":{"@context":"https:\/\/schema.org","@graph":[{"@type":"Article","@id":"https:\/\/www.padreeustaquio.com.br\/creche-padre-eustaquio-se-prepara-para-receber-alunos-com-protocolos-sanitarios-rigorosos\/#article","isPartOf":{"@id":"https:\/\/www.padreeustaquio.com.br\/creche-padre-eustaquio-se-prepara-para-receber-alunos-com-protocolos-sanitarios-rigorosos\/"},"author":{"name":"@sscc","@id":"https:\/\/www.padreeustaquio.com.br\/#\/schema\/person\/a2a51db1d00f1a7af0204a0f1ddb1566"},"headline":"Creche Padre Eust\u00e1quio se prepara para receber alunos com protocolos sanit\u00e1rios rigorosos","datePublished":"2021-04-28T10:12:46+00:00","mainEntityOfPage":{"@id":"https:\/\/www.padreeustaquio.com.br\/creche-padre-eustaquio-se-prepara-para-receber-alunos-com-protocolos-sanitarios-rigorosos\/"},"wordCount":358,"commentCount":0,"publisher":{"@id":"https:\/\/www.padreeustaquio.com.br\/#organization"},"image":{"@id":"https:\/\/www.padreeustaquio.com.br\/creche-padre-eustaquio-se-prepara-para-receber-alunos-com-protocolos-sanitarios-rigorosos\/#primaryimage"},"thumbnailUrl":"https:\/\/www.padreeustaquio.com.br\/wp-content\/uploads\/2021\/04\/WhatsApp-Image-2021-04-27-at-19.11.15-e1619563342498.jpeg","articleSection":["Not\u00edcias"],"inLanguage":"en-US","potentialAction":[{"@type":"CommentAction","name":"Comment","target":["https:\/\/www.padreeustaquio.com.br\/creche-padre-eustaquio-se-prepara-para-receber-alunos-com-protocolos-sanitarios-rigorosos\/#respond"]}]},{"@type":"WebPage","@id":"https:\/\/www.padreeustaquio.com.br\/creche-padre-eustaquio-se-prepara-para-receber-alunos-com-protocolos-sanitarios-rigorosos\/","url":"https:\/\/www.padreeustaquio.com.br\/creche-padre-eustaquio-se-prepara-para-receber-alunos-com-protocolos-sanitarios-rigorosos\/","name":"Padre Eust\u00e1quio Daycare Center prepares to receive students with strict health protocols - Padre Eust\u00e1quio","isPartOf":{"@id":"https:\/\/www.padreeustaquio.com.br\/#website"},"primaryImageOfPage":{"@id":"https:\/\/www.padreeustaquio.com.br\/creche-padre-eustaquio-se-prepara-para-receber-alunos-com-protocolos-sanitarios-rigorosos\/#primaryimage"},"image":{"@id":"https:\/\/www.padreeustaquio.com.br\/creche-padre-eustaquio-se-prepara-para-receber-alunos-com-protocolos-sanitarios-rigorosos\/#primaryimage"},"thumbnailUrl":"https:\/\/www.padreeustaquio.com.br\/wp-content\/uploads\/2021\/04\/WhatsApp-Image-2021-04-27-at-19.11.15-e1619563342498.jpeg","datePublished":"2021-04-28T10:12:46+00:00","breadcrumb":{"@id":"https:\/\/www.padreeustaquio.com.br\/creche-padre-eustaquio-se-prepara-para-receber-alunos-com-protocolos-sanitarios-rigorosos\/#breadcrumb"},"inLanguage":"en-US","potentialAction":[{"@type":"ReadAction","target":["https:\/\/www.padreeustaquio.com.br\/creche-padre-eustaquio-se-prepara-para-receber-alunos-com-protocolos-sanitarios-rigorosos\/"]}]},{"@type":"ImageObject","inLanguage":"en-US","@id":"https:\/\/www.padreeustaquio.com.br\/creche-padre-eustaquio-se-prepara-para-receber-alunos-com-protocolos-sanitarios-rigorosos\/#primaryimage","url":"https:\/\/www.padreeustaquio.com.br\/wp-content\/uploads\/2021\/04\/WhatsApp-Image-2021-04-27-at-19.11.15-e1619563342498.jpeg","contentUrl":"https:\/\/www.padreeustaquio.com.br\/wp-content\/uploads\/2021\/04\/WhatsApp-Image-2021-04-27-at-19.11.15-e1619563342498.jpeg","width":1085,"height":645},{"@type":"BreadcrumbList","@id":"https:\/\/www.padreeustaquio.com.br\/creche-padre-eustaquio-se-prepara-para-receber-alunos-com-protocolos-sanitarios-rigorosos\/#breadcrumb","itemListElement":[{"@type":"ListItem","position":1,"name":"In\u00edcio","item":"https:\/\/www.padreeustaquio.com.br\/"},{"@type":"ListItem","position":2,"name":"Creche Padre Eust\u00e1quio se prepara para receber alunos com protocolos sanit\u00e1rios rigorosos"}]},{"@type":"WebSite","@id":"https:\/\/www.padreeustaquio.com.br\/#website","url":"https:\/\/www.padreeustaquio.com.br\/","name":"FATHER EUST\u00c1QUIO","description":"Health and Peace","publisher":{"@id":"https:\/\/www.padreeustaquio.com.br\/#organization"},"potentialAction":[{"@type":"SearchAction","target":{"@type":"EntryPoint","urlTemplate":"https:\/\/www.padreeustaquio.com.br\/?s={search_term_string}"},"query-input":{"@type":"PropertyValueSpecification","valueRequired":true,"valueName":"search_term_string"}}],"inLanguage":"en-US"},{"@type":"Organization","@id":"https:\/\/www.padreeustaquio.com.br\/#organization","name":"FATHER EUST\u00c1QUIO","url":"https:\/\/www.padreeustaquio.com.br\/","logo":{"@type":"ImageObject","inLanguage":"en-US","@id":"https:\/\/www.padreeustaquio.com.br\/#\/schema\/logo\/image\/","url":"https:\/\/www.padreeustaquio.com.br\/wp-content\/uploads\/2019\/08\/marca.png","contentUrl":"https:\/\/www.padreeustaquio.com.br\/wp-content\/uploads\/2019\/08\/marca.png","width":350,"height":400,"caption":"Padre Eust\u00e1quio"},"image":{"@id":"https:\/\/www.padreeustaquio.com.br\/#\/schema\/logo\/image\/"},"sameAs":["https:\/\/www.facebook.com\/beatopadreeustaquio\/","https:\/\/x.com\/beatopeustaquio","https:\/\/www.instagram.com\/beatopadreeustaquio\/","https:\/\/www.youtube.com\/channel\/UCRhw7vfabnajwLxb1ZXMeIw"]},{"@type":"Person","@id":"https:\/\/www.padreeustaquio.com.br\/#\/schema\/person\/a2a51db1d00f1a7af0204a0f1ddb1566","name":"@sscc","image":{"@type":"ImageObject","inLanguage":"en-US","@id":"https:\/\/secure.gravatar.com\/avatar\/68cfafa5f44617fea54071e215026e0ff06be366c3d54a8425f04fdcb86f8c5f?s=96&d=mm&r=g","url":"https:\/\/secure.gravatar.com\/avatar\/68cfafa5f44617fea54071e215026e0ff06be366c3d54a8425f04fdcb86f8c5f?s=96&d=mm&r=g","contentUrl":"https:\/\/secure.gravatar.com\/avatar\/68cfafa5f44617fea54071e215026e0ff06be366c3d54a8425f04fdcb86f8c5f?s=96&d=mm&r=g","caption":"@sscc"},"url":"https:\/\/www.padreeustaquio.com.br\/en\/author\/sscc\/"}]}},"_links":{"self":[{"href":"https:\/\/www.padreeustaquio.com.br\/en\/wp-json\/wp\/v2\/posts\/5701","targetHints":{"allow":["GET"]}}],"collection":[{"href":"https:\/\/www.padreeustaquio.com.br\/en\/wp-json\/wp\/v2\/posts"}],"about":[{"href":"https:\/\/www.padreeustaquio.com.br\/en\/wp-json\/wp\/v2\/types\/post"}],"author":[{"embeddable":true,"href":"https:\/\/www.padreeustaquio.com.br\/en\/wp-json\/wp\/v2\/users\/2"}],"replies":[{"embeddable":true,"href":"https:\/\/www.padreeustaquio.com.br\/en\/wp-json\/wp\/v2\/comments?post=5701"}],"version-history":[{"count":0,"href":"https:\/\/www.padreeustaquio.com.br\/en\/wp-json\/wp\/v2\/posts\/5701\/revisions"}],"wp:featuredmedia":[{"embeddable":true,"href":"https:\/\/www.padreeustaquio.com.br\/en\/wp-json\/wp\/v2\/media\/5720"}],"wp:attachment":[{"href":"https:\/\/www.padreeustaquio.com.br\/en\/wp-json\/wp\/v2\/media?parent=5701"}],"wp:term":[{"taxonomy":"category","embeddable":true,"href":"https:\/\/www.padreeustaquio.com.br\/en\/wp-json\/wp\/v2\/categories?post=5701"},{"taxonomy":"post_tag","embeddable":true,"href":"https:\/\/www.padreeustaquio.com.br\/en\/wp-json\/wp\/v2\/tags?post=5701"}],"curies":[{"name":"wp","href":"https:\/\/api.w.org\/{rel}","templated":true}]}}