{"id":5669,"date":"2021-04-23T05:20:10","date_gmt":"2021-04-23T08:20:10","guid":{"rendered":"https:\/\/www.padreeustaquio.com.br\/?p=5669"},"modified":"2021-04-22T20:22:20","modified_gmt":"2021-04-22T23:22:20","slug":"in-person-masses-are-once-again-being-held-at-the-health-and-peace-sanctuary","status":"publish","type":"post","link":"https:\/\/www.padreeustaquio.com.br\/en\/in-person-masses-are-once-again-being-held-at-the-health-and-peace-sanctuary\/","title":{"rendered":"In-person Masses are once again being held at the Health and Peace Sanctuary."},"content":{"rendered":"<p>In-person masses at the Health and Peace Sanctuary, Padre Eust\u00e1quio Church, will resume this Saturday, April 24th. This decision came after the mayor of Belo Horizonte, Alexandre Kalil, announced on Monday the 19th the reopening of commerce in the capital of Minas Gerais. According to the city hall&#039;s resolution, churches are now allowed to open to the public for services.<\/p>\n<p>Regarding the return of in-person masses, the Archdiocese of Belo Horizonte released new guidelines for churches on Wednesday, April 21st. The document, signed by the auxiliary bishop of the capital, Dom Joaquim Giovani Mol Guimar\u00e3es, emphasizes the importance of complying with the determinations of the health authorities in order to preserve everyone&#039;s safety.<\/p>\n<p>Given these new rules, the number of people allowed inside the church during a service will be reduced. Only 130 will be able to attend each mass, respecting the public authorities&#039; definition of 7 m\u00b2 per person inside the church.<\/p>\n<p>In addition, the document maintains basic precautions such as temperature checks at the entrance, hand and shoe sanitization, and mandatory mask use at all times.<\/p>\n<p>The recommendation is that children and people over 60 years of age do not participate in in-person celebrations. It is also prohibited for people who present any flu-like symptoms to attend Mass.<\/p>\n<p>With the reduction in the number of participants per celebration, the Health and Peace Sanctuary will increase the number of masses, with the goal of serving as many faithful as possible.<\/p>\n<p>To participate in the celebrations, it is mandatory to obtain a ticket. It will be available here on our website (homepage) or at the parish office.<\/p>\n<p>Remember that we will continue to broadcast the masses daily through... <a href=\"https:\/\/www.youtube.com\/channel\/UCRhw7vfabnajwLxb1ZXMeIw\">Padre Eust\u00e1quio Channel<\/a>, on YouTube, for those who cannot attend the celebrations in person.<\/p>\n<p><strong>Here are the times for the celebrations:<\/strong><\/p>\n<p>Tuesday to Friday, <strong>7am<\/strong><br \/>\nMonday to Friday <strong>7pm<\/strong> <em>(broadcast on Padre Eust\u00e1quio Channel)<\/em><br \/>\nSaturday <strong>6pm<\/strong> <em>(broadcast on Padre Eust\u00e1quio Channel)<\/em><br \/>\nSunday <strong>\u2013 7:30 am <\/strong><br \/>\n<strong>\u00a0 \u00a0 \u00a0 \u00a0 \u00a0 \u00a0 \u00a0 \u00a0 \u00a0 \u2013 10am<\/strong><em> (broadcast on Padre Eust\u00e1quio Channel)<\/em><br \/>\n<strong>\u00a0 \u00a0 \u00a0 \u00a0 \u00a0 \u00a0 \u00a0 \u00a0 \u00a0 \u2013 4 PM<\/strong><br \/>\n<strong>\u00a0 \u00a0 \u00a0 \u00a0 \u00a0 \u00a0 \u00a0 \u00a0 \u00a0 \u2013 6 PM<\/strong><em> (broadcast on Padre Eust\u00e1quio Channel)<\/em><\/p>\n<p>For more information on obtaining tickets for masses, please contact the parish office of the Health and Peace Sanctuary on (31) 3462-6557.<\/p>","protected":false},"excerpt":{"rendered":"<p>As missas presenciais no Santu\u00e1rio Sa\u00fade e Paz, Igreja Padre Eust\u00e1quio, voltam a acontecer neste s\u00e1bado, 24 de abril. A defini\u00e7\u00e3o ocorreu ap\u00f3s o prefeito de Belo Horizonte, Alexandre Kalil, anunciar na segunda-feira, 19, a reabertura do comercio na capital Mineira. Pela resolu\u00e7\u00e3o da prefeitura, as igrejas j\u00e1 podem abrir ao p\u00fablico para as celebra\u00e7\u00f5es. Para a volta das missas presenciais, a Arquidiocese de Belo Horizonte, divulgou na quarta-feira, 21 de Abril, novas orienta\u00e7\u00f5es para as igrejas. O documento, assinado pelo bispo auxiliar da capital, Dom Joaquim Giovani Mol Guimar\u00e3es, salienta a import\u00e2ncia de cumprir as determina\u00e7\u00f5es das autoridades sanit\u00e1rias, [&hellip;]<\/p>\n","protected":false},"author":2,"featured_media":4716,"comment_status":"open","ping_status":"closed","sticky":false,"template":"","format":"standard","meta":{"_acf_changed":false,"footnotes":""},"categories":[611],"tags":[],"class_list":["post-5669","post","type-post","status-publish","format-standard","has-post-thumbnail","hentry","category-noticias"],"acf":[],"yoast_head":"<!-- This site is optimized with the Yoast SEO plugin v27.2 - https:\/\/yoast.com\/product\/yoast-seo-wordpress\/ -->\n<title>Missas presenciais voltam a ser realizadas no Santu\u00e1rio Sa\u00fade e Paz - Padre Eust\u00e1quio<\/title>\n<meta name=\"robots\" content=\"index, follow, max-snippet:-1, max-image-preview:large, max-video-preview:-1\" \/>\n<link rel=\"canonical\" href=\"https:\/\/www.padreeustaquio.com.br\/en\/in-person-masses-are-once-again-being-held-at-the-health-and-peace-sanctuary\/\" \/>\n<meta property=\"og:locale\" content=\"en_US\" \/>\n<meta property=\"og:type\" content=\"article\" \/>\n<meta property=\"og:title\" content=\"Missas presenciais voltam a ser realizadas no Santu\u00e1rio Sa\u00fade e Paz - Padre Eust\u00e1quio\" \/>\n<meta property=\"og:description\" content=\"As missas presenciais no Santu\u00e1rio Sa\u00fade e Paz, Igreja Padre Eust\u00e1quio, voltam a acontecer neste s\u00e1bado, 24 de abril. A defini\u00e7\u00e3o ocorreu ap\u00f3s o prefeito de Belo Horizonte, Alexandre Kalil, anunciar na segunda-feira, 19, a reabertura do comercio na capital Mineira. Pela resolu\u00e7\u00e3o da prefeitura, as igrejas j\u00e1 podem abrir ao p\u00fablico para as celebra\u00e7\u00f5es. Para a volta das missas presenciais, a Arquidiocese de Belo Horizonte, divulgou na quarta-feira, 21 de Abril, novas orienta\u00e7\u00f5es para as igrejas. O documento, assinado pelo bispo auxiliar da capital, Dom Joaquim Giovani Mol Guimar\u00e3es, salienta a import\u00e2ncia de cumprir as determina\u00e7\u00f5es das autoridades sanit\u00e1rias, [&hellip;]\" \/>\n<meta property=\"og:url\" content=\"https:\/\/www.padreeustaquio.com.br\/en\/in-person-masses-are-once-again-being-held-at-the-health-and-peace-sanctuary\/\" \/>\n<meta property=\"og:site_name\" content=\"Padre Eust\u00e1quio\" \/>\n<meta property=\"article:publisher\" content=\"https:\/\/www.facebook.com\/beatopadreeustaquio\/\" \/>\n<meta property=\"article:published_time\" content=\"2021-04-23T08:20:10+00:00\" \/>\n<meta property=\"og:image\" content=\"https:\/\/www.padreeustaquio.com.br\/wp-content\/uploads\/2020\/10\/MISSAS-PRESENC.-DIA-DE-SEMANA.jpg\" \/>\n\t<meta property=\"og:image:width\" content=\"748\" \/>\n\t<meta property=\"og:image:height\" content=\"394\" \/>\n\t<meta property=\"og:image:type\" content=\"image\/jpeg\" \/>\n<meta name=\"author\" content=\"@sscc\" \/>\n<meta name=\"twitter:card\" content=\"summary_large_image\" \/>\n<meta name=\"twitter:creator\" content=\"@beatopeustaquio\" \/>\n<meta name=\"twitter:site\" content=\"@beatopeustaquio\" \/>\n<meta name=\"twitter:label1\" content=\"Written by\" \/>\n\t<meta name=\"twitter:data1\" content=\"@sscc\" \/>\n\t<meta name=\"twitter:label2\" content=\"Est. reading time\" \/>\n\t<meta name=\"twitter:data2\" content=\"2 minutes\" \/>\n<script type=\"application\/ld+json\" class=\"yoast-schema-graph\">{\"@context\":\"https:\/\/schema.org\",\"@graph\":[{\"@type\":\"Article\",\"@id\":\"https:\/\/www.padreeustaquio.com.br\/missas-presenciais-voltam-a-ser-realizadas-no-santuario-saude-e-paz\/#article\",\"isPartOf\":{\"@id\":\"https:\/\/www.padreeustaquio.com.br\/missas-presenciais-voltam-a-ser-realizadas-no-santuario-saude-e-paz\/\"},\"author\":{\"name\":\"@sscc\",\"@id\":\"https:\/\/www.padreeustaquio.com.br\/#\/schema\/person\/a2a51db1d00f1a7af0204a0f1ddb1566\"},\"headline\":\"Missas presenciais voltam a ser realizadas no Santu\u00e1rio Sa\u00fade e Paz\",\"datePublished\":\"2021-04-23T08:20:10+00:00\",\"mainEntityOfPage\":{\"@id\":\"https:\/\/www.padreeustaquio.com.br\/missas-presenciais-voltam-a-ser-realizadas-no-santuario-saude-e-paz\/\"},\"wordCount\":412,\"commentCount\":0,\"publisher\":{\"@id\":\"https:\/\/www.padreeustaquio.com.br\/#organization\"},\"image\":{\"@id\":\"https:\/\/www.padreeustaquio.com.br\/missas-presenciais-voltam-a-ser-realizadas-no-santuario-saude-e-paz\/#primaryimage\"},\"thumbnailUrl\":\"https:\/\/www.padreeustaquio.com.br\/wp-content\/uploads\/2020\/10\/MISSAS-PRESENC.-DIA-DE-SEMANA.jpg\",\"articleSection\":[\"Not\u00edcias\"],\"inLanguage\":\"en-US\",\"potentialAction\":[{\"@type\":\"CommentAction\",\"name\":\"Comment\",\"target\":[\"https:\/\/www.padreeustaquio.com.br\/missas-presenciais-voltam-a-ser-realizadas-no-santuario-saude-e-paz\/#respond\"]}]},{\"@type\":\"WebPage\",\"@id\":\"https:\/\/www.padreeustaquio.com.br\/missas-presenciais-voltam-a-ser-realizadas-no-santuario-saude-e-paz\/\",\"url\":\"https:\/\/www.padreeustaquio.com.br\/missas-presenciais-voltam-a-ser-realizadas-no-santuario-saude-e-paz\/\",\"name\":\"Missas presenciais voltam a ser realizadas no Santu\u00e1rio Sa\u00fade e Paz - Padre Eust\u00e1quio\",\"isPartOf\":{\"@id\":\"https:\/\/www.padreeustaquio.com.br\/#website\"},\"primaryImageOfPage\":{\"@id\":\"https:\/\/www.padreeustaquio.com.br\/missas-presenciais-voltam-a-ser-realizadas-no-santuario-saude-e-paz\/#primaryimage\"},\"image\":{\"@id\":\"https:\/\/www.padreeustaquio.com.br\/missas-presenciais-voltam-a-ser-realizadas-no-santuario-saude-e-paz\/#primaryimage\"},\"thumbnailUrl\":\"https:\/\/www.padreeustaquio.com.br\/wp-content\/uploads\/2020\/10\/MISSAS-PRESENC.-DIA-DE-SEMANA.jpg\",\"datePublished\":\"2021-04-23T08:20:10+00:00\",\"breadcrumb\":{\"@id\":\"https:\/\/www.padreeustaquio.com.br\/missas-presenciais-voltam-a-ser-realizadas-no-santuario-saude-e-paz\/#breadcrumb\"},\"inLanguage\":\"en-US\",\"potentialAction\":[{\"@type\":\"ReadAction\",\"target\":[\"https:\/\/www.padreeustaquio.com.br\/missas-presenciais-voltam-a-ser-realizadas-no-santuario-saude-e-paz\/\"]}]},{\"@type\":\"ImageObject\",\"inLanguage\":\"en-US\",\"@id\":\"https:\/\/www.padreeustaquio.com.br\/missas-presenciais-voltam-a-ser-realizadas-no-santuario-saude-e-paz\/#primaryimage\",\"url\":\"https:\/\/www.padreeustaquio.com.br\/wp-content\/uploads\/2020\/10\/MISSAS-PRESENC.-DIA-DE-SEMANA.jpg\",\"contentUrl\":\"https:\/\/www.padreeustaquio.com.br\/wp-content\/uploads\/2020\/10\/MISSAS-PRESENC.-DIA-DE-SEMANA.jpg\",\"width\":748,\"height\":394,\"caption\":\"Foto tirada em setembro de 2020 quando foi autorizada a primeira reabertura das igrejas.\"},{\"@type\":\"BreadcrumbList\",\"@id\":\"https:\/\/www.padreeustaquio.com.br\/missas-presenciais-voltam-a-ser-realizadas-no-santuario-saude-e-paz\/#breadcrumb\",\"itemListElement\":[{\"@type\":\"ListItem\",\"position\":1,\"name\":\"In\u00edcio\",\"item\":\"https:\/\/www.padreeustaquio.com.br\/\"},{\"@type\":\"ListItem\",\"position\":2,\"name\":\"Missas presenciais voltam a ser realizadas no Santu\u00e1rio Sa\u00fade e Paz\"}]},{\"@type\":\"WebSite\",\"@id\":\"https:\/\/www.padreeustaquio.com.br\/#website\",\"url\":\"https:\/\/www.padreeustaquio.com.br\/\",\"name\":\"Padre Eust\u00e1quio\",\"description\":\"Sa\u00fade e Paz\",\"publisher\":{\"@id\":\"https:\/\/www.padreeustaquio.com.br\/#organization\"},\"potentialAction\":[{\"@type\":\"SearchAction\",\"target\":{\"@type\":\"EntryPoint\",\"urlTemplate\":\"https:\/\/www.padreeustaquio.com.br\/?s={search_term_string}\"},\"query-input\":{\"@type\":\"PropertyValueSpecification\",\"valueRequired\":true,\"valueName\":\"search_term_string\"}}],\"inLanguage\":\"en-US\"},{\"@type\":\"Organization\",\"@id\":\"https:\/\/www.padreeustaquio.com.br\/#organization\",\"name\":\"Padre Eust\u00e1quio\",\"url\":\"https:\/\/www.padreeustaquio.com.br\/\",\"logo\":{\"@type\":\"ImageObject\",\"inLanguage\":\"en-US\",\"@id\":\"https:\/\/www.padreeustaquio.com.br\/#\/schema\/logo\/image\/\",\"url\":\"https:\/\/www.padreeustaquio.com.br\/wp-content\/uploads\/2019\/08\/marca.png\",\"contentUrl\":\"https:\/\/www.padreeustaquio.com.br\/wp-content\/uploads\/2019\/08\/marca.png\",\"width\":350,\"height\":400,\"caption\":\"Padre Eust\u00e1quio\"},\"image\":{\"@id\":\"https:\/\/www.padreeustaquio.com.br\/#\/schema\/logo\/image\/\"},\"sameAs\":[\"https:\/\/www.facebook.com\/beatopadreeustaquio\/\",\"https:\/\/x.com\/beatopeustaquio\",\"https:\/\/www.instagram.com\/beatopadreeustaquio\/\",\"https:\/\/www.youtube.com\/channel\/UCRhw7vfabnajwLxb1ZXMeIw\"]},{\"@type\":\"Person\",\"@id\":\"https:\/\/www.padreeustaquio.com.br\/#\/schema\/person\/a2a51db1d00f1a7af0204a0f1ddb1566\",\"name\":\"@sscc\",\"image\":{\"@type\":\"ImageObject\",\"inLanguage\":\"en-US\",\"@id\":\"https:\/\/secure.gravatar.com\/avatar\/68cfafa5f44617fea54071e215026e0ff06be366c3d54a8425f04fdcb86f8c5f?s=96&d=mm&r=g\",\"url\":\"https:\/\/secure.gravatar.com\/avatar\/68cfafa5f44617fea54071e215026e0ff06be366c3d54a8425f04fdcb86f8c5f?s=96&d=mm&r=g\",\"contentUrl\":\"https:\/\/secure.gravatar.com\/avatar\/68cfafa5f44617fea54071e215026e0ff06be366c3d54a8425f04fdcb86f8c5f?s=96&d=mm&r=g\",\"caption\":\"@sscc\"},\"url\":\"https:\/\/www.padreeustaquio.com.br\/en\/author\/sscc\/\"}]}<\/script>\n<!-- \/ Yoast SEO plugin. -->","yoast_head_json":{"title":"In-person Masses resume at the Health and Peace Sanctuary - Father Eust\u00e1quio","robots":{"index":"index","follow":"follow","max-snippet":"max-snippet:-1","max-image-preview":"max-image-preview:large","max-video-preview":"max-video-preview:-1"},"canonical":"https:\/\/www.padreeustaquio.com.br\/en\/in-person-masses-are-once-again-being-held-at-the-health-and-peace-sanctuary\/","og_locale":"en_US","og_type":"article","og_title":"Missas presenciais voltam a ser realizadas no Santu\u00e1rio Sa\u00fade e Paz - Padre Eust\u00e1quio","og_description":"As missas presenciais no Santu\u00e1rio Sa\u00fade e Paz, Igreja Padre Eust\u00e1quio, voltam a acontecer neste s\u00e1bado, 24 de abril. A defini\u00e7\u00e3o ocorreu ap\u00f3s o prefeito de Belo Horizonte, Alexandre Kalil, anunciar na segunda-feira, 19, a reabertura do comercio na capital Mineira. Pela resolu\u00e7\u00e3o da prefeitura, as igrejas j\u00e1 podem abrir ao p\u00fablico para as celebra\u00e7\u00f5es. Para a volta das missas presenciais, a Arquidiocese de Belo Horizonte, divulgou na quarta-feira, 21 de Abril, novas orienta\u00e7\u00f5es para as igrejas. O documento, assinado pelo bispo auxiliar da capital, Dom Joaquim Giovani Mol Guimar\u00e3es, salienta a import\u00e2ncia de cumprir as determina\u00e7\u00f5es das autoridades sanit\u00e1rias, [&hellip;]","og_url":"https:\/\/www.padreeustaquio.com.br\/en\/in-person-masses-are-once-again-being-held-at-the-health-and-peace-sanctuary\/","og_site_name":"Padre Eust\u00e1quio","article_publisher":"https:\/\/www.facebook.com\/beatopadreeustaquio\/","article_published_time":"2021-04-23T08:20:10+00:00","og_image":[{"width":748,"height":394,"url":"https:\/\/www.padreeustaquio.com.br\/wp-content\/uploads\/2020\/10\/MISSAS-PRESENC.-DIA-DE-SEMANA.jpg","type":"image\/jpeg"}],"author":"@sscc","twitter_card":"summary_large_image","twitter_creator":"@beatopeustaquio","twitter_site":"@beatopeustaquio","twitter_misc":{"Written by":"@sscc","Est. reading time":"2 minutes"},"schema":{"@context":"https:\/\/schema.org","@graph":[{"@type":"Article","@id":"https:\/\/www.padreeustaquio.com.br\/missas-presenciais-voltam-a-ser-realizadas-no-santuario-saude-e-paz\/#article","isPartOf":{"@id":"https:\/\/www.padreeustaquio.com.br\/missas-presenciais-voltam-a-ser-realizadas-no-santuario-saude-e-paz\/"},"author":{"name":"@sscc","@id":"https:\/\/www.padreeustaquio.com.br\/#\/schema\/person\/a2a51db1d00f1a7af0204a0f1ddb1566"},"headline":"Missas presenciais voltam a ser realizadas no Santu\u00e1rio Sa\u00fade e Paz","datePublished":"2021-04-23T08:20:10+00:00","mainEntityOfPage":{"@id":"https:\/\/www.padreeustaquio.com.br\/missas-presenciais-voltam-a-ser-realizadas-no-santuario-saude-e-paz\/"},"wordCount":412,"commentCount":0,"publisher":{"@id":"https:\/\/www.padreeustaquio.com.br\/#organization"},"image":{"@id":"https:\/\/www.padreeustaquio.com.br\/missas-presenciais-voltam-a-ser-realizadas-no-santuario-saude-e-paz\/#primaryimage"},"thumbnailUrl":"https:\/\/www.padreeustaquio.com.br\/wp-content\/uploads\/2020\/10\/MISSAS-PRESENC.-DIA-DE-SEMANA.jpg","articleSection":["Not\u00edcias"],"inLanguage":"en-US","potentialAction":[{"@type":"CommentAction","name":"Comment","target":["https:\/\/www.padreeustaquio.com.br\/missas-presenciais-voltam-a-ser-realizadas-no-santuario-saude-e-paz\/#respond"]}]},{"@type":"WebPage","@id":"https:\/\/www.padreeustaquio.com.br\/missas-presenciais-voltam-a-ser-realizadas-no-santuario-saude-e-paz\/","url":"https:\/\/www.padreeustaquio.com.br\/missas-presenciais-voltam-a-ser-realizadas-no-santuario-saude-e-paz\/","name":"In-person Masses resume at the Health and Peace Sanctuary - Father Eust\u00e1quio","isPartOf":{"@id":"https:\/\/www.padreeustaquio.com.br\/#website"},"primaryImageOfPage":{"@id":"https:\/\/www.padreeustaquio.com.br\/missas-presenciais-voltam-a-ser-realizadas-no-santuario-saude-e-paz\/#primaryimage"},"image":{"@id":"https:\/\/www.padreeustaquio.com.br\/missas-presenciais-voltam-a-ser-realizadas-no-santuario-saude-e-paz\/#primaryimage"},"thumbnailUrl":"https:\/\/www.padreeustaquio.com.br\/wp-content\/uploads\/2020\/10\/MISSAS-PRESENC.-DIA-DE-SEMANA.jpg","datePublished":"2021-04-23T08:20:10+00:00","breadcrumb":{"@id":"https:\/\/www.padreeustaquio.com.br\/missas-presenciais-voltam-a-ser-realizadas-no-santuario-saude-e-paz\/#breadcrumb"},"inLanguage":"en-US","potentialAction":[{"@type":"ReadAction","target":["https:\/\/www.padreeustaquio.com.br\/missas-presenciais-voltam-a-ser-realizadas-no-santuario-saude-e-paz\/"]}]},{"@type":"ImageObject","inLanguage":"en-US","@id":"https:\/\/www.padreeustaquio.com.br\/missas-presenciais-voltam-a-ser-realizadas-no-santuario-saude-e-paz\/#primaryimage","url":"https:\/\/www.padreeustaquio.com.br\/wp-content\/uploads\/2020\/10\/MISSAS-PRESENC.-DIA-DE-SEMANA.jpg","contentUrl":"https:\/\/www.padreeustaquio.com.br\/wp-content\/uploads\/2020\/10\/MISSAS-PRESENC.-DIA-DE-SEMANA.jpg","width":748,"height":394,"caption":"Foto tirada em setembro de 2020 quando foi autorizada a primeira reabertura das igrejas."},{"@type":"BreadcrumbList","@id":"https:\/\/www.padreeustaquio.com.br\/missas-presenciais-voltam-a-ser-realizadas-no-santuario-saude-e-paz\/#breadcrumb","itemListElement":[{"@type":"ListItem","position":1,"name":"In\u00edcio","item":"https:\/\/www.padreeustaquio.com.br\/"},{"@type":"ListItem","position":2,"name":"Missas presenciais voltam a ser realizadas no Santu\u00e1rio Sa\u00fade e Paz"}]},{"@type":"WebSite","@id":"https:\/\/www.padreeustaquio.com.br\/#website","url":"https:\/\/www.padreeustaquio.com.br\/","name":"FATHER EUST\u00c1QUIO","description":"Health and Peace","publisher":{"@id":"https:\/\/www.padreeustaquio.com.br\/#organization"},"potentialAction":[{"@type":"SearchAction","target":{"@type":"EntryPoint","urlTemplate":"https:\/\/www.padreeustaquio.com.br\/?s={search_term_string}"},"query-input":{"@type":"PropertyValueSpecification","valueRequired":true,"valueName":"search_term_string"}}],"inLanguage":"en-US"},{"@type":"Organization","@id":"https:\/\/www.padreeustaquio.com.br\/#organization","name":"FATHER EUST\u00c1QUIO","url":"https:\/\/www.padreeustaquio.com.br\/","logo":{"@type":"ImageObject","inLanguage":"en-US","@id":"https:\/\/www.padreeustaquio.com.br\/#\/schema\/logo\/image\/","url":"https:\/\/www.padreeustaquio.com.br\/wp-content\/uploads\/2019\/08\/marca.png","contentUrl":"https:\/\/www.padreeustaquio.com.br\/wp-content\/uploads\/2019\/08\/marca.png","width":350,"height":400,"caption":"Padre Eust\u00e1quio"},"image":{"@id":"https:\/\/www.padreeustaquio.com.br\/#\/schema\/logo\/image\/"},"sameAs":["https:\/\/www.facebook.com\/beatopadreeustaquio\/","https:\/\/x.com\/beatopeustaquio","https:\/\/www.instagram.com\/beatopadreeustaquio\/","https:\/\/www.youtube.com\/channel\/UCRhw7vfabnajwLxb1ZXMeIw"]},{"@type":"Person","@id":"https:\/\/www.padreeustaquio.com.br\/#\/schema\/person\/a2a51db1d00f1a7af0204a0f1ddb1566","name":"@sscc","image":{"@type":"ImageObject","inLanguage":"en-US","@id":"https:\/\/secure.gravatar.com\/avatar\/68cfafa5f44617fea54071e215026e0ff06be366c3d54a8425f04fdcb86f8c5f?s=96&d=mm&r=g","url":"https:\/\/secure.gravatar.com\/avatar\/68cfafa5f44617fea54071e215026e0ff06be366c3d54a8425f04fdcb86f8c5f?s=96&d=mm&r=g","contentUrl":"https:\/\/secure.gravatar.com\/avatar\/68cfafa5f44617fea54071e215026e0ff06be366c3d54a8425f04fdcb86f8c5f?s=96&d=mm&r=g","caption":"@sscc"},"url":"https:\/\/www.padreeustaquio.com.br\/en\/author\/sscc\/"}]}},"_links":{"self":[{"href":"https:\/\/www.padreeustaquio.com.br\/en\/wp-json\/wp\/v2\/posts\/5669","targetHints":{"allow":["GET"]}}],"collection":[{"href":"https:\/\/www.padreeustaquio.com.br\/en\/wp-json\/wp\/v2\/posts"}],"about":[{"href":"https:\/\/www.padreeustaquio.com.br\/en\/wp-json\/wp\/v2\/types\/post"}],"author":[{"embeddable":true,"href":"https:\/\/www.padreeustaquio.com.br\/en\/wp-json\/wp\/v2\/users\/2"}],"replies":[{"embeddable":true,"href":"https:\/\/www.padreeustaquio.com.br\/en\/wp-json\/wp\/v2\/comments?post=5669"}],"version-history":[{"count":0,"href":"https:\/\/www.padreeustaquio.com.br\/en\/wp-json\/wp\/v2\/posts\/5669\/revisions"}],"wp:featuredmedia":[{"embeddable":true,"href":"https:\/\/www.padreeustaquio.com.br\/en\/wp-json\/wp\/v2\/media\/4716"}],"wp:attachment":[{"href":"https:\/\/www.padreeustaquio.com.br\/en\/wp-json\/wp\/v2\/media?parent=5669"}],"wp:term":[{"taxonomy":"category","embeddable":true,"href":"https:\/\/www.padreeustaquio.com.br\/en\/wp-json\/wp\/v2\/categories?post=5669"},{"taxonomy":"post_tag","embeddable":true,"href":"https:\/\/www.padreeustaquio.com.br\/en\/wp-json\/wp\/v2\/tags?post=5669"}],"curies":[{"name":"wp","href":"https:\/\/api.w.org\/{rel}","templated":true}]}}