{"id":5616,"date":"2021-04-21T07:26:18","date_gmt":"2021-04-21T10:26:18","guid":{"rendered":"https:\/\/www.padreeustaquio.com.br\/?p=5616"},"modified":"2021-04-15T11:59:28","modified_gmt":"2021-04-15T14:59:28","slug":"72-years-ago-the-neighborhood-where-the-sanctuary-is-located-was-named-after-father-eustaquio","status":"publish","type":"post","link":"https:\/\/www.padreeustaquio.com.br\/en\/72-years-ago-the-neighborhood-where-the-sanctuary-is-located-was-named-after-father-eustaquio\/","title":{"rendered":"Seventy-two years ago, the neighborhood where the Sanctuary is located was named &quot;Padre Eust\u00e1quio&quot;.\u201c"},"content":{"rendered":"<p>In April 1949, 72 years ago, Father Eust\u00e1quio was honored by having the neighborhood where he lived the last months of his life named after him.<\/p>\n<p>The parish registers of the Sacred Hearts Parish state that:<\/p>\n<blockquote><p><em>\u201cOn August 16, 1948, Mr. Jos\u00e9 Geraldo de Oliveira presented the following project to the City Council: &quot;The area previously known as &#039;Vila Progresso&#039; shall henceforth be called &#039;Padre Eust\u00e1quio Neighborhood&#039;.&quot; This became a reality in April 1949.\u201c<\/em><\/p><\/blockquote>\n<p>Located in the Northwest region of Belo Horizonte, the neighborhood that today bears the name of the blessed man was formed from the union of several villages: Progresso, Celeste Imp\u00e9rio, Santa Rita, and Futura. All of them date back to the 1920s.<\/p>\n<p>When he arrived in Belo Horizonte, Father Eust\u00e1quio lived in the Celeste Imp\u00e9rio neighborhood and presided over masses at the Cristo Rei chapel. He stayed in the capital of Minas Gerais for less than two years, but earned great admiration from the faithful.<\/p>\n<p>Because of the Dutch priest&#039;s life story and the devotion of the population, not only did the neighborhood take on the name of the Blessed One, but also the most important street in the region, which was formerly called Estrada de Contagem.<\/p>\n<p>The Padre Eust\u00e1quio neighborhood currently has approximately 28,000 inhabitants.<\/p>","protected":false},"excerpt":{"rendered":"<p>Em abril de 1949, h\u00e1 72 anos, Padre Eust\u00e1quio era homenageado tendo o bairro onde morou os \u00faltimos meses de vida, denominado com seu nome. Consta nos livros de tombo da Par\u00f3quia dos Sagrados Cora\u00e7\u00f5es que: &#8220;Aos 16.08.1948 o Sr. Jos\u00e9 Geraldo de Oliveira apresenta \u00e0 c\u00e2mara Municipal o seguinte Projeto: \u201cpassa a denominar-se \u201cBairro Padre Eust\u00e1quio\u201d a at\u00e9 agora denominada \u201cVila Progresso\u201d. E isto tornou-se realidade em abril de 1949.&#8221; Localizado na regi\u00e3o Noroeste de Belo Horizonte, o Bairro que hoje ganha o nome do beato, foi formado a partir da uni\u00e3o de v\u00e1rias vilas: Progresso, Celeste Imp\u00e9rio, Santa [&hellip;]<\/p>\n","protected":false},"author":2,"featured_media":5618,"comment_status":"open","ping_status":"closed","sticky":false,"template":"","format":"standard","meta":{"_acf_changed":false,"footnotes":""},"categories":[611],"tags":[],"class_list":["post-5616","post","type-post","status-publish","format-standard","has-post-thumbnail","hentry","category-noticias"],"acf":[],"yoast_head":"<!-- This site is optimized with the Yoast SEO plugin v27.2 - https:\/\/yoast.com\/product\/yoast-seo-wordpress\/ -->\n<title>H\u00e1 72 anos bairro onde fica o Santu\u00e1rio ganhava o nome de &quot;Padre Eust\u00e1quio&quot; - Padre Eust\u00e1quio<\/title>\n<meta name=\"robots\" content=\"index, follow, max-snippet:-1, max-image-preview:large, max-video-preview:-1\" \/>\n<link rel=\"canonical\" href=\"https:\/\/www.padreeustaquio.com.br\/en\/72-years-ago-the-neighborhood-where-the-sanctuary-is-located-was-named-after-father-eustaquio\/\" \/>\n<meta property=\"og:locale\" content=\"en_US\" \/>\n<meta property=\"og:type\" content=\"article\" \/>\n<meta property=\"og:title\" content=\"H\u00e1 72 anos bairro onde fica o Santu\u00e1rio ganhava o nome de &quot;Padre Eust\u00e1quio&quot; - Padre Eust\u00e1quio\" \/>\n<meta property=\"og:description\" content=\"Em abril de 1949, h\u00e1 72 anos, Padre Eust\u00e1quio era homenageado tendo o bairro onde morou os \u00faltimos meses de vida, denominado com seu nome. Consta nos livros de tombo da Par\u00f3quia dos Sagrados Cora\u00e7\u00f5es que: &#8220;Aos 16.08.1948 o Sr. Jos\u00e9 Geraldo de Oliveira apresenta \u00e0 c\u00e2mara Municipal o seguinte Projeto: \u201cpassa a denominar-se \u201cBairro Padre Eust\u00e1quio\u201d a at\u00e9 agora denominada \u201cVila Progresso\u201d. E isto tornou-se realidade em abril de 1949.&#8221; Localizado na regi\u00e3o Noroeste de Belo Horizonte, o Bairro que hoje ganha o nome do beato, foi formado a partir da uni\u00e3o de v\u00e1rias vilas: Progresso, Celeste Imp\u00e9rio, Santa [&hellip;]\" \/>\n<meta property=\"og:url\" content=\"https:\/\/www.padreeustaquio.com.br\/en\/72-years-ago-the-neighborhood-where-the-sanctuary-is-located-was-named-after-father-eustaquio\/\" \/>\n<meta property=\"og:site_name\" content=\"Padre Eust\u00e1quio\" \/>\n<meta property=\"article:publisher\" content=\"https:\/\/www.facebook.com\/beatopadreeustaquio\/\" \/>\n<meta property=\"article:published_time\" content=\"2021-04-21T10:26:18+00:00\" \/>\n<meta property=\"og:image\" content=\"https:\/\/www.padreeustaquio.com.br\/wp-content\/uploads\/2021\/04\/Bairro-Padre-Eustaquio.jpg\" \/>\n\t<meta property=\"og:image:width\" content=\"748\" \/>\n\t<meta property=\"og:image:height\" content=\"394\" \/>\n\t<meta property=\"og:image:type\" content=\"image\/jpeg\" \/>\n<meta name=\"author\" content=\"@sscc\" \/>\n<meta name=\"twitter:card\" content=\"summary_large_image\" \/>\n<meta name=\"twitter:creator\" content=\"@beatopeustaquio\" \/>\n<meta name=\"twitter:site\" content=\"@beatopeustaquio\" \/>\n<meta name=\"twitter:label1\" content=\"Written by\" \/>\n\t<meta name=\"twitter:data1\" content=\"@sscc\" \/>\n\t<meta name=\"twitter:label2\" content=\"Est. reading time\" \/>\n\t<meta name=\"twitter:data2\" content=\"1 minute\" \/>\n<script type=\"application\/ld+json\" class=\"yoast-schema-graph\">{\"@context\":\"https:\/\/schema.org\",\"@graph\":[{\"@type\":\"Article\",\"@id\":\"https:\/\/www.padreeustaquio.com.br\/ha-72-anos-bairro-onde-fica-o-santuario-ganhava-o-nome-de-padre-eustaquio\/#article\",\"isPartOf\":{\"@id\":\"https:\/\/www.padreeustaquio.com.br\/ha-72-anos-bairro-onde-fica-o-santuario-ganhava-o-nome-de-padre-eustaquio\/\"},\"author\":{\"name\":\"@sscc\",\"@id\":\"https:\/\/www.padreeustaquio.com.br\/#\/schema\/person\/a2a51db1d00f1a7af0204a0f1ddb1566\"},\"headline\":\"H\u00e1 72 anos bairro onde fica o Santu\u00e1rio ganhava o nome de &#8220;Padre Eust\u00e1quio&#8221;\",\"datePublished\":\"2021-04-21T10:26:18+00:00\",\"mainEntityOfPage\":{\"@id\":\"https:\/\/www.padreeustaquio.com.br\/ha-72-anos-bairro-onde-fica-o-santuario-ganhava-o-nome-de-padre-eustaquio\/\"},\"wordCount\":226,\"commentCount\":0,\"publisher\":{\"@id\":\"https:\/\/www.padreeustaquio.com.br\/#organization\"},\"image\":{\"@id\":\"https:\/\/www.padreeustaquio.com.br\/ha-72-anos-bairro-onde-fica-o-santuario-ganhava-o-nome-de-padre-eustaquio\/#primaryimage\"},\"thumbnailUrl\":\"https:\/\/www.padreeustaquio.com.br\/wp-content\/uploads\/2021\/04\/Bairro-Padre-Eustaquio.jpg\",\"articleSection\":[\"Not\u00edcias\"],\"inLanguage\":\"en-US\",\"potentialAction\":[{\"@type\":\"CommentAction\",\"name\":\"Comment\",\"target\":[\"https:\/\/www.padreeustaquio.com.br\/ha-72-anos-bairro-onde-fica-o-santuario-ganhava-o-nome-de-padre-eustaquio\/#respond\"]}]},{\"@type\":\"WebPage\",\"@id\":\"https:\/\/www.padreeustaquio.com.br\/ha-72-anos-bairro-onde-fica-o-santuario-ganhava-o-nome-de-padre-eustaquio\/\",\"url\":\"https:\/\/www.padreeustaquio.com.br\/ha-72-anos-bairro-onde-fica-o-santuario-ganhava-o-nome-de-padre-eustaquio\/\",\"name\":\"H\u00e1 72 anos bairro onde fica o Santu\u00e1rio ganhava o nome de \\\"Padre Eust\u00e1quio\\\" - Padre Eust\u00e1quio\",\"isPartOf\":{\"@id\":\"https:\/\/www.padreeustaquio.com.br\/#website\"},\"primaryImageOfPage\":{\"@id\":\"https:\/\/www.padreeustaquio.com.br\/ha-72-anos-bairro-onde-fica-o-santuario-ganhava-o-nome-de-padre-eustaquio\/#primaryimage\"},\"image\":{\"@id\":\"https:\/\/www.padreeustaquio.com.br\/ha-72-anos-bairro-onde-fica-o-santuario-ganhava-o-nome-de-padre-eustaquio\/#primaryimage\"},\"thumbnailUrl\":\"https:\/\/www.padreeustaquio.com.br\/wp-content\/uploads\/2021\/04\/Bairro-Padre-Eustaquio.jpg\",\"datePublished\":\"2021-04-21T10:26:18+00:00\",\"breadcrumb\":{\"@id\":\"https:\/\/www.padreeustaquio.com.br\/ha-72-anos-bairro-onde-fica-o-santuario-ganhava-o-nome-de-padre-eustaquio\/#breadcrumb\"},\"inLanguage\":\"en-US\",\"potentialAction\":[{\"@type\":\"ReadAction\",\"target\":[\"https:\/\/www.padreeustaquio.com.br\/ha-72-anos-bairro-onde-fica-o-santuario-ganhava-o-nome-de-padre-eustaquio\/\"]}]},{\"@type\":\"ImageObject\",\"inLanguage\":\"en-US\",\"@id\":\"https:\/\/www.padreeustaquio.com.br\/ha-72-anos-bairro-onde-fica-o-santuario-ganhava-o-nome-de-padre-eustaquio\/#primaryimage\",\"url\":\"https:\/\/www.padreeustaquio.com.br\/wp-content\/uploads\/2021\/04\/Bairro-Padre-Eustaquio.jpg\",\"contentUrl\":\"https:\/\/www.padreeustaquio.com.br\/wp-content\/uploads\/2021\/04\/Bairro-Padre-Eustaquio.jpg\",\"width\":748,\"height\":394},{\"@type\":\"BreadcrumbList\",\"@id\":\"https:\/\/www.padreeustaquio.com.br\/ha-72-anos-bairro-onde-fica-o-santuario-ganhava-o-nome-de-padre-eustaquio\/#breadcrumb\",\"itemListElement\":[{\"@type\":\"ListItem\",\"position\":1,\"name\":\"In\u00edcio\",\"item\":\"https:\/\/www.padreeustaquio.com.br\/\"},{\"@type\":\"ListItem\",\"position\":2,\"name\":\"H\u00e1 72 anos bairro onde fica o Santu\u00e1rio ganhava o nome de &#8220;Padre Eust\u00e1quio&#8221;\"}]},{\"@type\":\"WebSite\",\"@id\":\"https:\/\/www.padreeustaquio.com.br\/#website\",\"url\":\"https:\/\/www.padreeustaquio.com.br\/\",\"name\":\"Padre Eust\u00e1quio\",\"description\":\"Sa\u00fade e Paz\",\"publisher\":{\"@id\":\"https:\/\/www.padreeustaquio.com.br\/#organization\"},\"potentialAction\":[{\"@type\":\"SearchAction\",\"target\":{\"@type\":\"EntryPoint\",\"urlTemplate\":\"https:\/\/www.padreeustaquio.com.br\/?s={search_term_string}\"},\"query-input\":{\"@type\":\"PropertyValueSpecification\",\"valueRequired\":true,\"valueName\":\"search_term_string\"}}],\"inLanguage\":\"en-US\"},{\"@type\":\"Organization\",\"@id\":\"https:\/\/www.padreeustaquio.com.br\/#organization\",\"name\":\"Padre Eust\u00e1quio\",\"url\":\"https:\/\/www.padreeustaquio.com.br\/\",\"logo\":{\"@type\":\"ImageObject\",\"inLanguage\":\"en-US\",\"@id\":\"https:\/\/www.padreeustaquio.com.br\/#\/schema\/logo\/image\/\",\"url\":\"https:\/\/www.padreeustaquio.com.br\/wp-content\/uploads\/2019\/08\/marca.png\",\"contentUrl\":\"https:\/\/www.padreeustaquio.com.br\/wp-content\/uploads\/2019\/08\/marca.png\",\"width\":350,\"height\":400,\"caption\":\"Padre Eust\u00e1quio\"},\"image\":{\"@id\":\"https:\/\/www.padreeustaquio.com.br\/#\/schema\/logo\/image\/\"},\"sameAs\":[\"https:\/\/www.facebook.com\/beatopadreeustaquio\/\",\"https:\/\/x.com\/beatopeustaquio\",\"https:\/\/www.instagram.com\/beatopadreeustaquio\/\",\"https:\/\/www.youtube.com\/channel\/UCRhw7vfabnajwLxb1ZXMeIw\"]},{\"@type\":\"Person\",\"@id\":\"https:\/\/www.padreeustaquio.com.br\/#\/schema\/person\/a2a51db1d00f1a7af0204a0f1ddb1566\",\"name\":\"@sscc\",\"image\":{\"@type\":\"ImageObject\",\"inLanguage\":\"en-US\",\"@id\":\"https:\/\/secure.gravatar.com\/avatar\/68cfafa5f44617fea54071e215026e0ff06be366c3d54a8425f04fdcb86f8c5f?s=96&d=mm&r=g\",\"url\":\"https:\/\/secure.gravatar.com\/avatar\/68cfafa5f44617fea54071e215026e0ff06be366c3d54a8425f04fdcb86f8c5f?s=96&d=mm&r=g\",\"contentUrl\":\"https:\/\/secure.gravatar.com\/avatar\/68cfafa5f44617fea54071e215026e0ff06be366c3d54a8425f04fdcb86f8c5f?s=96&d=mm&r=g\",\"caption\":\"@sscc\"},\"url\":\"https:\/\/www.padreeustaquio.com.br\/en\/author\/sscc\/\"}]}<\/script>\n<!-- \/ Yoast SEO plugin. -->","yoast_head_json":{"title":"72 years ago, the neighborhood where the Sanctuary is located was named &quot;Padre Eust\u00e1quio&quot; - Padre Eust\u00e1quio","robots":{"index":"index","follow":"follow","max-snippet":"max-snippet:-1","max-image-preview":"max-image-preview:large","max-video-preview":"max-video-preview:-1"},"canonical":"https:\/\/www.padreeustaquio.com.br\/en\/72-years-ago-the-neighborhood-where-the-sanctuary-is-located-was-named-after-father-eustaquio\/","og_locale":"en_US","og_type":"article","og_title":"H\u00e1 72 anos bairro onde fica o Santu\u00e1rio ganhava o nome de \"Padre Eust\u00e1quio\" - Padre Eust\u00e1quio","og_description":"Em abril de 1949, h\u00e1 72 anos, Padre Eust\u00e1quio era homenageado tendo o bairro onde morou os \u00faltimos meses de vida, denominado com seu nome. Consta nos livros de tombo da Par\u00f3quia dos Sagrados Cora\u00e7\u00f5es que: &#8220;Aos 16.08.1948 o Sr. Jos\u00e9 Geraldo de Oliveira apresenta \u00e0 c\u00e2mara Municipal o seguinte Projeto: \u201cpassa a denominar-se \u201cBairro Padre Eust\u00e1quio\u201d a at\u00e9 agora denominada \u201cVila Progresso\u201d. E isto tornou-se realidade em abril de 1949.&#8221; Localizado na regi\u00e3o Noroeste de Belo Horizonte, o Bairro que hoje ganha o nome do beato, foi formado a partir da uni\u00e3o de v\u00e1rias vilas: Progresso, Celeste Imp\u00e9rio, Santa [&hellip;]","og_url":"https:\/\/www.padreeustaquio.com.br\/en\/72-years-ago-the-neighborhood-where-the-sanctuary-is-located-was-named-after-father-eustaquio\/","og_site_name":"Padre Eust\u00e1quio","article_publisher":"https:\/\/www.facebook.com\/beatopadreeustaquio\/","article_published_time":"2021-04-21T10:26:18+00:00","og_image":[{"width":748,"height":394,"url":"https:\/\/www.padreeustaquio.com.br\/wp-content\/uploads\/2021\/04\/Bairro-Padre-Eustaquio.jpg","type":"image\/jpeg"}],"author":"@sscc","twitter_card":"summary_large_image","twitter_creator":"@beatopeustaquio","twitter_site":"@beatopeustaquio","twitter_misc":{"Written by":"@sscc","Est. reading time":"1 minute"},"schema":{"@context":"https:\/\/schema.org","@graph":[{"@type":"Article","@id":"https:\/\/www.padreeustaquio.com.br\/ha-72-anos-bairro-onde-fica-o-santuario-ganhava-o-nome-de-padre-eustaquio\/#article","isPartOf":{"@id":"https:\/\/www.padreeustaquio.com.br\/ha-72-anos-bairro-onde-fica-o-santuario-ganhava-o-nome-de-padre-eustaquio\/"},"author":{"name":"@sscc","@id":"https:\/\/www.padreeustaquio.com.br\/#\/schema\/person\/a2a51db1d00f1a7af0204a0f1ddb1566"},"headline":"H\u00e1 72 anos bairro onde fica o Santu\u00e1rio ganhava o nome de &#8220;Padre Eust\u00e1quio&#8221;","datePublished":"2021-04-21T10:26:18+00:00","mainEntityOfPage":{"@id":"https:\/\/www.padreeustaquio.com.br\/ha-72-anos-bairro-onde-fica-o-santuario-ganhava-o-nome-de-padre-eustaquio\/"},"wordCount":226,"commentCount":0,"publisher":{"@id":"https:\/\/www.padreeustaquio.com.br\/#organization"},"image":{"@id":"https:\/\/www.padreeustaquio.com.br\/ha-72-anos-bairro-onde-fica-o-santuario-ganhava-o-nome-de-padre-eustaquio\/#primaryimage"},"thumbnailUrl":"https:\/\/www.padreeustaquio.com.br\/wp-content\/uploads\/2021\/04\/Bairro-Padre-Eustaquio.jpg","articleSection":["Not\u00edcias"],"inLanguage":"en-US","potentialAction":[{"@type":"CommentAction","name":"Comment","target":["https:\/\/www.padreeustaquio.com.br\/ha-72-anos-bairro-onde-fica-o-santuario-ganhava-o-nome-de-padre-eustaquio\/#respond"]}]},{"@type":"WebPage","@id":"https:\/\/www.padreeustaquio.com.br\/ha-72-anos-bairro-onde-fica-o-santuario-ganhava-o-nome-de-padre-eustaquio\/","url":"https:\/\/www.padreeustaquio.com.br\/ha-72-anos-bairro-onde-fica-o-santuario-ganhava-o-nome-de-padre-eustaquio\/","name":"72 years ago, the neighborhood where the Sanctuary is located was named &quot;Padre Eust\u00e1quio&quot; - Padre Eust\u00e1quio","isPartOf":{"@id":"https:\/\/www.padreeustaquio.com.br\/#website"},"primaryImageOfPage":{"@id":"https:\/\/www.padreeustaquio.com.br\/ha-72-anos-bairro-onde-fica-o-santuario-ganhava-o-nome-de-padre-eustaquio\/#primaryimage"},"image":{"@id":"https:\/\/www.padreeustaquio.com.br\/ha-72-anos-bairro-onde-fica-o-santuario-ganhava-o-nome-de-padre-eustaquio\/#primaryimage"},"thumbnailUrl":"https:\/\/www.padreeustaquio.com.br\/wp-content\/uploads\/2021\/04\/Bairro-Padre-Eustaquio.jpg","datePublished":"2021-04-21T10:26:18+00:00","breadcrumb":{"@id":"https:\/\/www.padreeustaquio.com.br\/ha-72-anos-bairro-onde-fica-o-santuario-ganhava-o-nome-de-padre-eustaquio\/#breadcrumb"},"inLanguage":"en-US","potentialAction":[{"@type":"ReadAction","target":["https:\/\/www.padreeustaquio.com.br\/ha-72-anos-bairro-onde-fica-o-santuario-ganhava-o-nome-de-padre-eustaquio\/"]}]},{"@type":"ImageObject","inLanguage":"en-US","@id":"https:\/\/www.padreeustaquio.com.br\/ha-72-anos-bairro-onde-fica-o-santuario-ganhava-o-nome-de-padre-eustaquio\/#primaryimage","url":"https:\/\/www.padreeustaquio.com.br\/wp-content\/uploads\/2021\/04\/Bairro-Padre-Eustaquio.jpg","contentUrl":"https:\/\/www.padreeustaquio.com.br\/wp-content\/uploads\/2021\/04\/Bairro-Padre-Eustaquio.jpg","width":748,"height":394},{"@type":"BreadcrumbList","@id":"https:\/\/www.padreeustaquio.com.br\/ha-72-anos-bairro-onde-fica-o-santuario-ganhava-o-nome-de-padre-eustaquio\/#breadcrumb","itemListElement":[{"@type":"ListItem","position":1,"name":"In\u00edcio","item":"https:\/\/www.padreeustaquio.com.br\/"},{"@type":"ListItem","position":2,"name":"H\u00e1 72 anos bairro onde fica o Santu\u00e1rio ganhava o nome de &#8220;Padre Eust\u00e1quio&#8221;"}]},{"@type":"WebSite","@id":"https:\/\/www.padreeustaquio.com.br\/#website","url":"https:\/\/www.padreeustaquio.com.br\/","name":"FATHER EUST\u00c1QUIO","description":"Health and Peace","publisher":{"@id":"https:\/\/www.padreeustaquio.com.br\/#organization"},"potentialAction":[{"@type":"SearchAction","target":{"@type":"EntryPoint","urlTemplate":"https:\/\/www.padreeustaquio.com.br\/?s={search_term_string}"},"query-input":{"@type":"PropertyValueSpecification","valueRequired":true,"valueName":"search_term_string"}}],"inLanguage":"en-US"},{"@type":"Organization","@id":"https:\/\/www.padreeustaquio.com.br\/#organization","name":"FATHER EUST\u00c1QUIO","url":"https:\/\/www.padreeustaquio.com.br\/","logo":{"@type":"ImageObject","inLanguage":"en-US","@id":"https:\/\/www.padreeustaquio.com.br\/#\/schema\/logo\/image\/","url":"https:\/\/www.padreeustaquio.com.br\/wp-content\/uploads\/2019\/08\/marca.png","contentUrl":"https:\/\/www.padreeustaquio.com.br\/wp-content\/uploads\/2019\/08\/marca.png","width":350,"height":400,"caption":"Padre Eust\u00e1quio"},"image":{"@id":"https:\/\/www.padreeustaquio.com.br\/#\/schema\/logo\/image\/"},"sameAs":["https:\/\/www.facebook.com\/beatopadreeustaquio\/","https:\/\/x.com\/beatopeustaquio","https:\/\/www.instagram.com\/beatopadreeustaquio\/","https:\/\/www.youtube.com\/channel\/UCRhw7vfabnajwLxb1ZXMeIw"]},{"@type":"Person","@id":"https:\/\/www.padreeustaquio.com.br\/#\/schema\/person\/a2a51db1d00f1a7af0204a0f1ddb1566","name":"@sscc","image":{"@type":"ImageObject","inLanguage":"en-US","@id":"https:\/\/secure.gravatar.com\/avatar\/68cfafa5f44617fea54071e215026e0ff06be366c3d54a8425f04fdcb86f8c5f?s=96&d=mm&r=g","url":"https:\/\/secure.gravatar.com\/avatar\/68cfafa5f44617fea54071e215026e0ff06be366c3d54a8425f04fdcb86f8c5f?s=96&d=mm&r=g","contentUrl":"https:\/\/secure.gravatar.com\/avatar\/68cfafa5f44617fea54071e215026e0ff06be366c3d54a8425f04fdcb86f8c5f?s=96&d=mm&r=g","caption":"@sscc"},"url":"https:\/\/www.padreeustaquio.com.br\/en\/author\/sscc\/"}]}},"_links":{"self":[{"href":"https:\/\/www.padreeustaquio.com.br\/en\/wp-json\/wp\/v2\/posts\/5616","targetHints":{"allow":["GET"]}}],"collection":[{"href":"https:\/\/www.padreeustaquio.com.br\/en\/wp-json\/wp\/v2\/posts"}],"about":[{"href":"https:\/\/www.padreeustaquio.com.br\/en\/wp-json\/wp\/v2\/types\/post"}],"author":[{"embeddable":true,"href":"https:\/\/www.padreeustaquio.com.br\/en\/wp-json\/wp\/v2\/users\/2"}],"replies":[{"embeddable":true,"href":"https:\/\/www.padreeustaquio.com.br\/en\/wp-json\/wp\/v2\/comments?post=5616"}],"version-history":[{"count":0,"href":"https:\/\/www.padreeustaquio.com.br\/en\/wp-json\/wp\/v2\/posts\/5616\/revisions"}],"wp:featuredmedia":[{"embeddable":true,"href":"https:\/\/www.padreeustaquio.com.br\/en\/wp-json\/wp\/v2\/media\/5618"}],"wp:attachment":[{"href":"https:\/\/www.padreeustaquio.com.br\/en\/wp-json\/wp\/v2\/media?parent=5616"}],"wp:term":[{"taxonomy":"category","embeddable":true,"href":"https:\/\/www.padreeustaquio.com.br\/en\/wp-json\/wp\/v2\/categories?post=5616"},{"taxonomy":"post_tag","embeddable":true,"href":"https:\/\/www.padreeustaquio.com.br\/en\/wp-json\/wp\/v2\/tags?post=5616"}],"curies":[{"name":"wp","href":"https:\/\/api.w.org\/{rel}","templated":true}]}}