{"id":5610,"date":"2021-04-20T07:06:38","date_gmt":"2021-04-20T10:06:38","guid":{"rendered":"https:\/\/www.padreeustaquio.com.br\/?p=5610"},"modified":"2021-04-15T11:24:35","modified_gmt":"2021-04-15T14:24:35","slug":"the-family-candle-becomes-part-of-the-lives-of-the-devotees","status":"publish","type":"post","link":"https:\/\/www.padreeustaquio.com.br\/en\/the-family-candle-becomes-part-of-the-lives-of-the-devotees\/","title":{"rendered":"The Family C\u00edrio becomes part of the lives of devotees."},"content":{"rendered":"<p>We are living through the Easter season in the church, still impacted and marked by the resurrection of Jesus. And for the celebration of the Easter Vigil, which this year had to be followed from home via the Padre Eust\u00e1quio YouTube Channel, many families, devotees of the Blessed and parishioners of the Health and Peace Sanctuary, acquired the Family Easter Candle.<\/p>\n<p>However, the candle wasn&#039;t only used on Holy Saturday night; these families continue to light the Paschal candle during celebrations they participate in online. This is because in-person masses are still prohibited in Belo Horizonte.<\/p>\n<p>The Paschal Candle is the most prominent symbol of Eastertide, this special time in the Church that runs from Easter to the Solemnity of Pentecost.<\/p>\n\n\t\t<style type=\"text\/css\">\n\t\t\t#gallery-1 {\n\t\t\t\tmargin: auto;\n\t\t\t}\n\t\t\t#gallery-1 .gallery-item {\n\t\t\t\tfloat: left;\n\t\t\t\tmargin-top: 10px;\n\t\t\t\ttext-align: center;\n\t\t\t\twidth: 33%;\n\t\t\t}\n\t\t\t#gallery-1 img {\n\t\t\t\tborder: 2px solid #cfcfcf;\n\t\t\t}\n\t\t\t#gallery-1 .gallery-caption {\n\t\t\t\tmargin-left: 0;\n\t\t\t}\n\t\t\t\/* see gallery_shortcode() in wp-includes\/media.php *\/\n\t\t<\/style>\n\t\t<div id='gallery-1' class='gallery galleryid-5610 gallery-columns-3 gallery-size-thumbnail'><dl class='gallery-item'>\n\t\t\t<dt class='gallery-icon portrait'>\n\t\t\t\t<a href='https:\/\/www.padreeustaquio.com.br\/en\/the-family-candle-becomes-part-of-the-lives-of-the-devotees\/cirio-da-familia-em-casa-1\/'><img decoding=\"async\" width=\"150\" height=\"150\" src=\"https:\/\/www.padreeustaquio.com.br\/wp-content\/uploads\/2021\/04\/Cirio-da-familia-em-casa-1-150x150.jpeg\" class=\"attachment-thumbnail size-thumbnail\" alt=\"\" srcset=\"https:\/\/www.padreeustaquio.com.br\/wp-content\/uploads\/2021\/04\/Cirio-da-familia-em-casa-1-150x150.jpeg 150w, https:\/\/www.padreeustaquio.com.br\/wp-content\/uploads\/2021\/04\/Cirio-da-familia-em-casa-1-75x75.jpeg 75w, https:\/\/www.padreeustaquio.com.br\/wp-content\/uploads\/2021\/04\/Cirio-da-familia-em-casa-1-180x180.jpeg 180w, https:\/\/www.padreeustaquio.com.br\/wp-content\/uploads\/2021\/04\/Cirio-da-familia-em-casa-1-400x400.jpeg 400w, https:\/\/www.padreeustaquio.com.br\/wp-content\/uploads\/2021\/04\/Cirio-da-familia-em-casa-1-600x600.jpeg 600w\" sizes=\"(max-width: 150px) 100vw, 150px\" \/><\/a>\n\t\t\t<\/dt><\/dl><dl class='gallery-item'>\n\t\t\t<dt class='gallery-icon portrait'>\n\t\t\t\t<a href='https:\/\/www.padreeustaquio.com.br\/en\/the-family-candle-becomes-part-of-the-lives-of-the-devotees\/cirio-da-familia-em-casa-2\/'><img decoding=\"async\" width=\"150\" height=\"150\" src=\"https:\/\/www.padreeustaquio.com.br\/wp-content\/uploads\/2021\/04\/Cirio-da-familia-em-casa-2-150x150.jpeg\" class=\"attachment-thumbnail size-thumbnail\" alt=\"\" srcset=\"https:\/\/www.padreeustaquio.com.br\/wp-content\/uploads\/2021\/04\/Cirio-da-familia-em-casa-2-150x150.jpeg 150w, https:\/\/www.padreeustaquio.com.br\/wp-content\/uploads\/2021\/04\/Cirio-da-familia-em-casa-2-75x75.jpeg 75w, https:\/\/www.padreeustaquio.com.br\/wp-content\/uploads\/2021\/04\/Cirio-da-familia-em-casa-2-180x180.jpeg 180w, https:\/\/www.padreeustaquio.com.br\/wp-content\/uploads\/2021\/04\/Cirio-da-familia-em-casa-2-400x400.jpeg 400w, https:\/\/www.padreeustaquio.com.br\/wp-content\/uploads\/2021\/04\/Cirio-da-familia-em-casa-2-600x600.jpeg 600w\" sizes=\"(max-width: 150px) 100vw, 150px\" \/><\/a>\n\t\t\t<\/dt><\/dl><dl class='gallery-item'>\n\t\t\t<dt class='gallery-icon portrait'>\n\t\t\t\t<a href='https:\/\/www.padreeustaquio.com.br\/en\/the-family-candle-becomes-part-of-the-lives-of-the-devotees\/cirio-da-familia-em-casa-3\/'><img decoding=\"async\" width=\"150\" height=\"150\" src=\"https:\/\/www.padreeustaquio.com.br\/wp-content\/uploads\/2021\/04\/Cirio-da-familia-em-casa-3-150x150.jpeg\" class=\"attachment-thumbnail size-thumbnail\" alt=\"\" srcset=\"https:\/\/www.padreeustaquio.com.br\/wp-content\/uploads\/2021\/04\/Cirio-da-familia-em-casa-3-150x150.jpeg 150w, https:\/\/www.padreeustaquio.com.br\/wp-content\/uploads\/2021\/04\/Cirio-da-familia-em-casa-3-75x75.jpeg 75w, https:\/\/www.padreeustaquio.com.br\/wp-content\/uploads\/2021\/04\/Cirio-da-familia-em-casa-3-180x180.jpeg 180w, https:\/\/www.padreeustaquio.com.br\/wp-content\/uploads\/2021\/04\/Cirio-da-familia-em-casa-3-400x400.jpeg 400w, https:\/\/www.padreeustaquio.com.br\/wp-content\/uploads\/2021\/04\/Cirio-da-familia-em-casa-3-600x600.jpeg 600w\" sizes=\"(max-width: 150px) 100vw, 150px\" \/><\/a>\n\t\t\t<\/dt><\/dl><br style=\"clear: both\" \/>\n\t\t<\/div>","protected":false},"excerpt":{"rendered":"<p>Estamos vivendo na igreja o per\u00edodo pascal, ainda impactados e marcados pela ressurrei\u00e7\u00e3o de Jesus. E para a celebra\u00e7\u00e3o da Vig\u00edlia Pascal, que esse ano teve que ser acompanhada de casa, pelo YouTube Canal Padre Eust\u00e1quio, muitas fam\u00edlias, devotas do Bem-Aventurado e paroquianas do Santu\u00e1rio Sa\u00fade e Paz, adquiriram o C\u00edrio Pascal da Fam\u00edlia. Mas, a vela n\u00e3o foi usada apenas na noite do S\u00e1bado Santo, estas fam\u00edlias continuam acendendo o c\u00edrio durante as celebra\u00e7\u00f5es que participam via internet. Isso porque as missas presenciais ainda est\u00e3o proibidas em Belo Horizonte. O C\u00edrio Pascal \u00e9 o s\u00edmbolo mais destacado do Tempo [&hellip;]<\/p>\n","protected":false},"author":2,"featured_media":5611,"comment_status":"open","ping_status":"closed","sticky":false,"template":"","format":"standard","meta":{"_acf_changed":false,"footnotes":""},"categories":[611],"tags":[],"class_list":["post-5610","post","type-post","status-publish","format-standard","has-post-thumbnail","hentry","category-noticias"],"acf":[],"yoast_head":"<!-- This site is optimized with the Yoast SEO plugin v27.2 - https:\/\/yoast.com\/product\/yoast-seo-wordpress\/ -->\n<title>C\u00edrio da Fam\u00edlia passa a fazer parte da vida dos devotos - Padre Eust\u00e1quio<\/title>\n<meta name=\"robots\" content=\"index, follow, max-snippet:-1, max-image-preview:large, max-video-preview:-1\" \/>\n<link rel=\"canonical\" href=\"https:\/\/www.padreeustaquio.com.br\/en\/the-family-candle-becomes-part-of-the-lives-of-the-devotees\/\" \/>\n<meta property=\"og:locale\" content=\"en_US\" \/>\n<meta property=\"og:type\" content=\"article\" \/>\n<meta property=\"og:title\" content=\"C\u00edrio da Fam\u00edlia passa a fazer parte da vida dos devotos - Padre Eust\u00e1quio\" \/>\n<meta property=\"og:description\" content=\"Estamos vivendo na igreja o per\u00edodo pascal, ainda impactados e marcados pela ressurrei\u00e7\u00e3o de Jesus. E para a celebra\u00e7\u00e3o da Vig\u00edlia Pascal, que esse ano teve que ser acompanhada de casa, pelo YouTube Canal Padre Eust\u00e1quio, muitas fam\u00edlias, devotas do Bem-Aventurado e paroquianas do Santu\u00e1rio Sa\u00fade e Paz, adquiriram o C\u00edrio Pascal da Fam\u00edlia. Mas, a vela n\u00e3o foi usada apenas na noite do S\u00e1bado Santo, estas fam\u00edlias continuam acendendo o c\u00edrio durante as celebra\u00e7\u00f5es que participam via internet. Isso porque as missas presenciais ainda est\u00e3o proibidas em Belo Horizonte. O C\u00edrio Pascal \u00e9 o s\u00edmbolo mais destacado do Tempo [&hellip;]\" \/>\n<meta property=\"og:url\" content=\"https:\/\/www.padreeustaquio.com.br\/en\/the-family-candle-becomes-part-of-the-lives-of-the-devotees\/\" \/>\n<meta property=\"og:site_name\" content=\"Padre Eust\u00e1quio\" \/>\n<meta property=\"article:publisher\" content=\"https:\/\/www.facebook.com\/beatopadreeustaquio\/\" \/>\n<meta property=\"article:published_time\" content=\"2021-04-20T10:06:38+00:00\" \/>\n<meta property=\"og:image\" content=\"https:\/\/www.padreeustaquio.com.br\/wp-content\/uploads\/2021\/04\/Familias-usam-o-cirio.jpg\" \/>\n\t<meta property=\"og:image:width\" content=\"748\" \/>\n\t<meta property=\"og:image:height\" content=\"394\" \/>\n\t<meta property=\"og:image:type\" content=\"image\/jpeg\" \/>\n<meta name=\"author\" content=\"@sscc\" \/>\n<meta name=\"twitter:card\" content=\"summary_large_image\" \/>\n<meta name=\"twitter:creator\" content=\"@beatopeustaquio\" \/>\n<meta name=\"twitter:site\" content=\"@beatopeustaquio\" \/>\n<meta name=\"twitter:label1\" content=\"Written by\" \/>\n\t<meta name=\"twitter:data1\" content=\"@sscc\" \/>\n\t<meta name=\"twitter:label2\" content=\"Est. reading time\" \/>\n\t<meta name=\"twitter:data2\" content=\"1 minute\" \/>\n<script type=\"application\/ld+json\" class=\"yoast-schema-graph\">{\"@context\":\"https:\/\/schema.org\",\"@graph\":[{\"@type\":\"Article\",\"@id\":\"https:\/\/www.padreeustaquio.com.br\/cirio-da-familia-passa-a-fazer-parte-da-vida-dos-devotos\/#article\",\"isPartOf\":{\"@id\":\"https:\/\/www.padreeustaquio.com.br\/cirio-da-familia-passa-a-fazer-parte-da-vida-dos-devotos\/\"},\"author\":{\"name\":\"@sscc\",\"@id\":\"https:\/\/www.padreeustaquio.com.br\/#\/schema\/person\/a2a51db1d00f1a7af0204a0f1ddb1566\"},\"headline\":\"C\u00edrio da Fam\u00edlia passa a fazer parte da vida dos devotos\",\"datePublished\":\"2021-04-20T10:06:38+00:00\",\"mainEntityOfPage\":{\"@id\":\"https:\/\/www.padreeustaquio.com.br\/cirio-da-familia-passa-a-fazer-parte-da-vida-dos-devotos\/\"},\"wordCount\":148,\"commentCount\":0,\"publisher\":{\"@id\":\"https:\/\/www.padreeustaquio.com.br\/#organization\"},\"image\":{\"@id\":\"https:\/\/www.padreeustaquio.com.br\/cirio-da-familia-passa-a-fazer-parte-da-vida-dos-devotos\/#primaryimage\"},\"thumbnailUrl\":\"https:\/\/www.padreeustaquio.com.br\/wp-content\/uploads\/2021\/04\/Familias-usam-o-cirio.jpg\",\"articleSection\":[\"Not\u00edcias\"],\"inLanguage\":\"en-US\",\"potentialAction\":[{\"@type\":\"CommentAction\",\"name\":\"Comment\",\"target\":[\"https:\/\/www.padreeustaquio.com.br\/cirio-da-familia-passa-a-fazer-parte-da-vida-dos-devotos\/#respond\"]}]},{\"@type\":\"WebPage\",\"@id\":\"https:\/\/www.padreeustaquio.com.br\/cirio-da-familia-passa-a-fazer-parte-da-vida-dos-devotos\/\",\"url\":\"https:\/\/www.padreeustaquio.com.br\/cirio-da-familia-passa-a-fazer-parte-da-vida-dos-devotos\/\",\"name\":\"C\u00edrio da Fam\u00edlia passa a fazer parte da vida dos devotos - Padre Eust\u00e1quio\",\"isPartOf\":{\"@id\":\"https:\/\/www.padreeustaquio.com.br\/#website\"},\"primaryImageOfPage\":{\"@id\":\"https:\/\/www.padreeustaquio.com.br\/cirio-da-familia-passa-a-fazer-parte-da-vida-dos-devotos\/#primaryimage\"},\"image\":{\"@id\":\"https:\/\/www.padreeustaquio.com.br\/cirio-da-familia-passa-a-fazer-parte-da-vida-dos-devotos\/#primaryimage\"},\"thumbnailUrl\":\"https:\/\/www.padreeustaquio.com.br\/wp-content\/uploads\/2021\/04\/Familias-usam-o-cirio.jpg\",\"datePublished\":\"2021-04-20T10:06:38+00:00\",\"breadcrumb\":{\"@id\":\"https:\/\/www.padreeustaquio.com.br\/cirio-da-familia-passa-a-fazer-parte-da-vida-dos-devotos\/#breadcrumb\"},\"inLanguage\":\"en-US\",\"potentialAction\":[{\"@type\":\"ReadAction\",\"target\":[\"https:\/\/www.padreeustaquio.com.br\/cirio-da-familia-passa-a-fazer-parte-da-vida-dos-devotos\/\"]}]},{\"@type\":\"ImageObject\",\"inLanguage\":\"en-US\",\"@id\":\"https:\/\/www.padreeustaquio.com.br\/cirio-da-familia-passa-a-fazer-parte-da-vida-dos-devotos\/#primaryimage\",\"url\":\"https:\/\/www.padreeustaquio.com.br\/wp-content\/uploads\/2021\/04\/Familias-usam-o-cirio.jpg\",\"contentUrl\":\"https:\/\/www.padreeustaquio.com.br\/wp-content\/uploads\/2021\/04\/Familias-usam-o-cirio.jpg\",\"width\":748,\"height\":394},{\"@type\":\"BreadcrumbList\",\"@id\":\"https:\/\/www.padreeustaquio.com.br\/cirio-da-familia-passa-a-fazer-parte-da-vida-dos-devotos\/#breadcrumb\",\"itemListElement\":[{\"@type\":\"ListItem\",\"position\":1,\"name\":\"In\u00edcio\",\"item\":\"https:\/\/www.padreeustaquio.com.br\/\"},{\"@type\":\"ListItem\",\"position\":2,\"name\":\"C\u00edrio da Fam\u00edlia passa a fazer parte da vida dos devotos\"}]},{\"@type\":\"WebSite\",\"@id\":\"https:\/\/www.padreeustaquio.com.br\/#website\",\"url\":\"https:\/\/www.padreeustaquio.com.br\/\",\"name\":\"Padre Eust\u00e1quio\",\"description\":\"Sa\u00fade e Paz\",\"publisher\":{\"@id\":\"https:\/\/www.padreeustaquio.com.br\/#organization\"},\"potentialAction\":[{\"@type\":\"SearchAction\",\"target\":{\"@type\":\"EntryPoint\",\"urlTemplate\":\"https:\/\/www.padreeustaquio.com.br\/?s={search_term_string}\"},\"query-input\":{\"@type\":\"PropertyValueSpecification\",\"valueRequired\":true,\"valueName\":\"search_term_string\"}}],\"inLanguage\":\"en-US\"},{\"@type\":\"Organization\",\"@id\":\"https:\/\/www.padreeustaquio.com.br\/#organization\",\"name\":\"Padre Eust\u00e1quio\",\"url\":\"https:\/\/www.padreeustaquio.com.br\/\",\"logo\":{\"@type\":\"ImageObject\",\"inLanguage\":\"en-US\",\"@id\":\"https:\/\/www.padreeustaquio.com.br\/#\/schema\/logo\/image\/\",\"url\":\"https:\/\/www.padreeustaquio.com.br\/wp-content\/uploads\/2019\/08\/marca.png\",\"contentUrl\":\"https:\/\/www.padreeustaquio.com.br\/wp-content\/uploads\/2019\/08\/marca.png\",\"width\":350,\"height\":400,\"caption\":\"Padre Eust\u00e1quio\"},\"image\":{\"@id\":\"https:\/\/www.padreeustaquio.com.br\/#\/schema\/logo\/image\/\"},\"sameAs\":[\"https:\/\/www.facebook.com\/beatopadreeustaquio\/\",\"https:\/\/x.com\/beatopeustaquio\",\"https:\/\/www.instagram.com\/beatopadreeustaquio\/\",\"https:\/\/www.youtube.com\/channel\/UCRhw7vfabnajwLxb1ZXMeIw\"]},{\"@type\":\"Person\",\"@id\":\"https:\/\/www.padreeustaquio.com.br\/#\/schema\/person\/a2a51db1d00f1a7af0204a0f1ddb1566\",\"name\":\"@sscc\",\"image\":{\"@type\":\"ImageObject\",\"inLanguage\":\"en-US\",\"@id\":\"https:\/\/secure.gravatar.com\/avatar\/68cfafa5f44617fea54071e215026e0ff06be366c3d54a8425f04fdcb86f8c5f?s=96&d=mm&r=g\",\"url\":\"https:\/\/secure.gravatar.com\/avatar\/68cfafa5f44617fea54071e215026e0ff06be366c3d54a8425f04fdcb86f8c5f?s=96&d=mm&r=g\",\"contentUrl\":\"https:\/\/secure.gravatar.com\/avatar\/68cfafa5f44617fea54071e215026e0ff06be366c3d54a8425f04fdcb86f8c5f?s=96&d=mm&r=g\",\"caption\":\"@sscc\"},\"url\":\"https:\/\/www.padreeustaquio.com.br\/en\/author\/sscc\/\"}]}<\/script>\n<!-- \/ Yoast SEO plugin. -->","yoast_head_json":{"title":"The Family Candle becomes part of the lives of devotees - Father Eust\u00e1quio","robots":{"index":"index","follow":"follow","max-snippet":"max-snippet:-1","max-image-preview":"max-image-preview:large","max-video-preview":"max-video-preview:-1"},"canonical":"https:\/\/www.padreeustaquio.com.br\/en\/the-family-candle-becomes-part-of-the-lives-of-the-devotees\/","og_locale":"en_US","og_type":"article","og_title":"C\u00edrio da Fam\u00edlia passa a fazer parte da vida dos devotos - Padre Eust\u00e1quio","og_description":"Estamos vivendo na igreja o per\u00edodo pascal, ainda impactados e marcados pela ressurrei\u00e7\u00e3o de Jesus. E para a celebra\u00e7\u00e3o da Vig\u00edlia Pascal, que esse ano teve que ser acompanhada de casa, pelo YouTube Canal Padre Eust\u00e1quio, muitas fam\u00edlias, devotas do Bem-Aventurado e paroquianas do Santu\u00e1rio Sa\u00fade e Paz, adquiriram o C\u00edrio Pascal da Fam\u00edlia. Mas, a vela n\u00e3o foi usada apenas na noite do S\u00e1bado Santo, estas fam\u00edlias continuam acendendo o c\u00edrio durante as celebra\u00e7\u00f5es que participam via internet. Isso porque as missas presenciais ainda est\u00e3o proibidas em Belo Horizonte. O C\u00edrio Pascal \u00e9 o s\u00edmbolo mais destacado do Tempo [&hellip;]","og_url":"https:\/\/www.padreeustaquio.com.br\/en\/the-family-candle-becomes-part-of-the-lives-of-the-devotees\/","og_site_name":"Padre Eust\u00e1quio","article_publisher":"https:\/\/www.facebook.com\/beatopadreeustaquio\/","article_published_time":"2021-04-20T10:06:38+00:00","og_image":[{"width":748,"height":394,"url":"https:\/\/www.padreeustaquio.com.br\/wp-content\/uploads\/2021\/04\/Familias-usam-o-cirio.jpg","type":"image\/jpeg"}],"author":"@sscc","twitter_card":"summary_large_image","twitter_creator":"@beatopeustaquio","twitter_site":"@beatopeustaquio","twitter_misc":{"Written by":"@sscc","Est. reading time":"1 minute"},"schema":{"@context":"https:\/\/schema.org","@graph":[{"@type":"Article","@id":"https:\/\/www.padreeustaquio.com.br\/cirio-da-familia-passa-a-fazer-parte-da-vida-dos-devotos\/#article","isPartOf":{"@id":"https:\/\/www.padreeustaquio.com.br\/cirio-da-familia-passa-a-fazer-parte-da-vida-dos-devotos\/"},"author":{"name":"@sscc","@id":"https:\/\/www.padreeustaquio.com.br\/#\/schema\/person\/a2a51db1d00f1a7af0204a0f1ddb1566"},"headline":"C\u00edrio da Fam\u00edlia passa a fazer parte da vida dos devotos","datePublished":"2021-04-20T10:06:38+00:00","mainEntityOfPage":{"@id":"https:\/\/www.padreeustaquio.com.br\/cirio-da-familia-passa-a-fazer-parte-da-vida-dos-devotos\/"},"wordCount":148,"commentCount":0,"publisher":{"@id":"https:\/\/www.padreeustaquio.com.br\/#organization"},"image":{"@id":"https:\/\/www.padreeustaquio.com.br\/cirio-da-familia-passa-a-fazer-parte-da-vida-dos-devotos\/#primaryimage"},"thumbnailUrl":"https:\/\/www.padreeustaquio.com.br\/wp-content\/uploads\/2021\/04\/Familias-usam-o-cirio.jpg","articleSection":["Not\u00edcias"],"inLanguage":"en-US","potentialAction":[{"@type":"CommentAction","name":"Comment","target":["https:\/\/www.padreeustaquio.com.br\/cirio-da-familia-passa-a-fazer-parte-da-vida-dos-devotos\/#respond"]}]},{"@type":"WebPage","@id":"https:\/\/www.padreeustaquio.com.br\/cirio-da-familia-passa-a-fazer-parte-da-vida-dos-devotos\/","url":"https:\/\/www.padreeustaquio.com.br\/cirio-da-familia-passa-a-fazer-parte-da-vida-dos-devotos\/","name":"The Family Candle becomes part of the lives of devotees - Father Eust\u00e1quio","isPartOf":{"@id":"https:\/\/www.padreeustaquio.com.br\/#website"},"primaryImageOfPage":{"@id":"https:\/\/www.padreeustaquio.com.br\/cirio-da-familia-passa-a-fazer-parte-da-vida-dos-devotos\/#primaryimage"},"image":{"@id":"https:\/\/www.padreeustaquio.com.br\/cirio-da-familia-passa-a-fazer-parte-da-vida-dos-devotos\/#primaryimage"},"thumbnailUrl":"https:\/\/www.padreeustaquio.com.br\/wp-content\/uploads\/2021\/04\/Familias-usam-o-cirio.jpg","datePublished":"2021-04-20T10:06:38+00:00","breadcrumb":{"@id":"https:\/\/www.padreeustaquio.com.br\/cirio-da-familia-passa-a-fazer-parte-da-vida-dos-devotos\/#breadcrumb"},"inLanguage":"en-US","potentialAction":[{"@type":"ReadAction","target":["https:\/\/www.padreeustaquio.com.br\/cirio-da-familia-passa-a-fazer-parte-da-vida-dos-devotos\/"]}]},{"@type":"ImageObject","inLanguage":"en-US","@id":"https:\/\/www.padreeustaquio.com.br\/cirio-da-familia-passa-a-fazer-parte-da-vida-dos-devotos\/#primaryimage","url":"https:\/\/www.padreeustaquio.com.br\/wp-content\/uploads\/2021\/04\/Familias-usam-o-cirio.jpg","contentUrl":"https:\/\/www.padreeustaquio.com.br\/wp-content\/uploads\/2021\/04\/Familias-usam-o-cirio.jpg","width":748,"height":394},{"@type":"BreadcrumbList","@id":"https:\/\/www.padreeustaquio.com.br\/cirio-da-familia-passa-a-fazer-parte-da-vida-dos-devotos\/#breadcrumb","itemListElement":[{"@type":"ListItem","position":1,"name":"In\u00edcio","item":"https:\/\/www.padreeustaquio.com.br\/"},{"@type":"ListItem","position":2,"name":"C\u00edrio da Fam\u00edlia passa a fazer parte da vida dos devotos"}]},{"@type":"WebSite","@id":"https:\/\/www.padreeustaquio.com.br\/#website","url":"https:\/\/www.padreeustaquio.com.br\/","name":"FATHER EUST\u00c1QUIO","description":"Health and Peace","publisher":{"@id":"https:\/\/www.padreeustaquio.com.br\/#organization"},"potentialAction":[{"@type":"SearchAction","target":{"@type":"EntryPoint","urlTemplate":"https:\/\/www.padreeustaquio.com.br\/?s={search_term_string}"},"query-input":{"@type":"PropertyValueSpecification","valueRequired":true,"valueName":"search_term_string"}}],"inLanguage":"en-US"},{"@type":"Organization","@id":"https:\/\/www.padreeustaquio.com.br\/#organization","name":"FATHER EUST\u00c1QUIO","url":"https:\/\/www.padreeustaquio.com.br\/","logo":{"@type":"ImageObject","inLanguage":"en-US","@id":"https:\/\/www.padreeustaquio.com.br\/#\/schema\/logo\/image\/","url":"https:\/\/www.padreeustaquio.com.br\/wp-content\/uploads\/2019\/08\/marca.png","contentUrl":"https:\/\/www.padreeustaquio.com.br\/wp-content\/uploads\/2019\/08\/marca.png","width":350,"height":400,"caption":"Padre Eust\u00e1quio"},"image":{"@id":"https:\/\/www.padreeustaquio.com.br\/#\/schema\/logo\/image\/"},"sameAs":["https:\/\/www.facebook.com\/beatopadreeustaquio\/","https:\/\/x.com\/beatopeustaquio","https:\/\/www.instagram.com\/beatopadreeustaquio\/","https:\/\/www.youtube.com\/channel\/UCRhw7vfabnajwLxb1ZXMeIw"]},{"@type":"Person","@id":"https:\/\/www.padreeustaquio.com.br\/#\/schema\/person\/a2a51db1d00f1a7af0204a0f1ddb1566","name":"@sscc","image":{"@type":"ImageObject","inLanguage":"en-US","@id":"https:\/\/secure.gravatar.com\/avatar\/68cfafa5f44617fea54071e215026e0ff06be366c3d54a8425f04fdcb86f8c5f?s=96&d=mm&r=g","url":"https:\/\/secure.gravatar.com\/avatar\/68cfafa5f44617fea54071e215026e0ff06be366c3d54a8425f04fdcb86f8c5f?s=96&d=mm&r=g","contentUrl":"https:\/\/secure.gravatar.com\/avatar\/68cfafa5f44617fea54071e215026e0ff06be366c3d54a8425f04fdcb86f8c5f?s=96&d=mm&r=g","caption":"@sscc"},"url":"https:\/\/www.padreeustaquio.com.br\/en\/author\/sscc\/"}]}},"_links":{"self":[{"href":"https:\/\/www.padreeustaquio.com.br\/en\/wp-json\/wp\/v2\/posts\/5610","targetHints":{"allow":["GET"]}}],"collection":[{"href":"https:\/\/www.padreeustaquio.com.br\/en\/wp-json\/wp\/v2\/posts"}],"about":[{"href":"https:\/\/www.padreeustaquio.com.br\/en\/wp-json\/wp\/v2\/types\/post"}],"author":[{"embeddable":true,"href":"https:\/\/www.padreeustaquio.com.br\/en\/wp-json\/wp\/v2\/users\/2"}],"replies":[{"embeddable":true,"href":"https:\/\/www.padreeustaquio.com.br\/en\/wp-json\/wp\/v2\/comments?post=5610"}],"version-history":[{"count":0,"href":"https:\/\/www.padreeustaquio.com.br\/en\/wp-json\/wp\/v2\/posts\/5610\/revisions"}],"wp:featuredmedia":[{"embeddable":true,"href":"https:\/\/www.padreeustaquio.com.br\/en\/wp-json\/wp\/v2\/media\/5611"}],"wp:attachment":[{"href":"https:\/\/www.padreeustaquio.com.br\/en\/wp-json\/wp\/v2\/media?parent=5610"}],"wp:term":[{"taxonomy":"category","embeddable":true,"href":"https:\/\/www.padreeustaquio.com.br\/en\/wp-json\/wp\/v2\/categories?post=5610"},{"taxonomy":"post_tag","embeddable":true,"href":"https:\/\/www.padreeustaquio.com.br\/en\/wp-json\/wp\/v2\/tags?post=5610"}],"curies":[{"name":"wp","href":"https:\/\/api.w.org\/{rel}","templated":true}]}}