{"id":5546,"date":"2021-04-19T07:06:45","date_gmt":"2021-04-19T10:06:45","guid":{"rendered":"https:\/\/www.padreeustaquio.com.br\/?p=5546"},"modified":"2021-04-19T16:32:04","modified_gmt":"2021-04-19T19:32:04","slug":"the-cataloging-work-has-already-listed-more-than-240-items-belonging-to-father-eustaquio","status":"publish","type":"post","link":"https:\/\/www.padreeustaquio.com.br\/en\/the-cataloging-work-has-already-listed-more-than-240-items-belonging-to-father-eustaquio\/","title":{"rendered":"Cataloging work has already listed more than 240 items from Padre Eust\u00e1quio."},"content":{"rendered":"<p>The work of cleaning and cataloging the objects of Blessed Father Eustace, which began in January of this year, is already well advanced. So far, 247 items have been documented.<\/p>\n<p>There are 60 pieces of clothing and 140 letters from the Blessed One. In addition, there are 47 items from the Padre Eust\u00e1quio Museum, located inside the church. Among these objects are chalices, images, relics, and other materials that belonged to the religious figure.<\/p>\n<p>All pieces were cleaned and, when necessary, restored. The cataloging process consists of photographing all items and creating individual files with information about the provenance and preservation of each object.<\/p>\n<p>This work is only possible thanks to the support of the community, which recognized the importance of these actions in preserving the memory of Blessed Father Eustace.<\/p>\n<p>And you can still help support the cataloging work with your donation via our PIX payment system or bank transfer.<\/p>\n<p>PIX Key: (31) 99545-1943<\/p>\n<p>Federal Savings Bank<br \/>\nAg: 0089 | Op. 013 | c\/p 48.086-7<br \/>\nFather Eust\u00e1quio Social Action<br \/>\nCNPJ 17.193.756\/0001-05<\/p>","protected":false},"excerpt":{"rendered":"<p>O trabalho de higieniza\u00e7\u00e3o e cataloga\u00e7\u00e3o dos objetos do Beato Padre Eust\u00e1quio, que come\u00e7ou em janeiro deste ano, j\u00e1 est\u00e1 bem avan\u00e7ado. At\u00e9 agora, j\u00e1 foram 247 itens documentados. S\u00e3o 60 pe\u00e7as do vesti\u00e1rio e 140 cartas do Bem-aventurado. Al\u00e9m disso, 47 itens do Museu Padre Eust\u00e1quio, que fica dentro da Igreja. Entre estes objetos existem c\u00e1lices, imagens, rel\u00edquias, entre outros materiais que pertenceram ao religioso. Todas as pe\u00e7as foram higienizadas e, quando necess\u00e1rio, restauradas. A cataloga\u00e7\u00e3o consiste em fotografar todos os itens e criar fichas individuais com as informa\u00e7\u00f5es sobre proced\u00eancia e preserva\u00e7\u00e3o de cada objeto. Este trabalho s\u00f3 [&hellip;]<\/p>\n","protected":false},"author":2,"featured_media":5548,"comment_status":"open","ping_status":"closed","sticky":false,"template":"","format":"standard","meta":{"_acf_changed":false,"footnotes":""},"categories":[611],"tags":[],"class_list":["post-5546","post","type-post","status-publish","format-standard","has-post-thumbnail","hentry","category-noticias"],"acf":[],"yoast_head":"<!-- This site is optimized with the Yoast SEO plugin v27.2 - https:\/\/yoast.com\/product\/yoast-seo-wordpress\/ -->\n<title>Trabalho de cataloga\u00e7\u00e3o j\u00e1 listou mais de 240 itens de Padre Eust\u00e1quio - Padre Eust\u00e1quio<\/title>\n<meta name=\"robots\" content=\"index, follow, max-snippet:-1, max-image-preview:large, max-video-preview:-1\" \/>\n<link rel=\"canonical\" href=\"https:\/\/www.padreeustaquio.com.br\/en\/the-cataloging-work-has-already-listed-more-than-240-items-belonging-to-father-eustaquio\/\" \/>\n<meta property=\"og:locale\" content=\"en_US\" \/>\n<meta property=\"og:type\" content=\"article\" \/>\n<meta property=\"og:title\" content=\"Trabalho de cataloga\u00e7\u00e3o j\u00e1 listou mais de 240 itens de Padre Eust\u00e1quio - Padre Eust\u00e1quio\" \/>\n<meta property=\"og:description\" content=\"O trabalho de higieniza\u00e7\u00e3o e cataloga\u00e7\u00e3o dos objetos do Beato Padre Eust\u00e1quio, que come\u00e7ou em janeiro deste ano, j\u00e1 est\u00e1 bem avan\u00e7ado. At\u00e9 agora, j\u00e1 foram 247 itens documentados. S\u00e3o 60 pe\u00e7as do vesti\u00e1rio e 140 cartas do Bem-aventurado. Al\u00e9m disso, 47 itens do Museu Padre Eust\u00e1quio, que fica dentro da Igreja. Entre estes objetos existem c\u00e1lices, imagens, rel\u00edquias, entre outros materiais que pertenceram ao religioso. Todas as pe\u00e7as foram higienizadas e, quando necess\u00e1rio, restauradas. A cataloga\u00e7\u00e3o consiste em fotografar todos os itens e criar fichas individuais com as informa\u00e7\u00f5es sobre proced\u00eancia e preserva\u00e7\u00e3o de cada objeto. Este trabalho s\u00f3 [&hellip;]\" \/>\n<meta property=\"og:url\" content=\"https:\/\/www.padreeustaquio.com.br\/en\/the-cataloging-work-has-already-listed-more-than-240-items-belonging-to-father-eustaquio\/\" \/>\n<meta property=\"og:site_name\" content=\"Padre Eust\u00e1quio\" \/>\n<meta property=\"article:publisher\" content=\"https:\/\/www.facebook.com\/beatopadreeustaquio\/\" \/>\n<meta property=\"article:published_time\" content=\"2021-04-19T10:06:45+00:00\" \/>\n<meta property=\"article:modified_time\" content=\"2021-04-19T19:32:04+00:00\" \/>\n<meta property=\"og:image\" content=\"https:\/\/www.padreeustaquio.com.br\/wp-content\/uploads\/2021\/04\/cibele-e-marcelino-cataloga.jpg\" \/>\n\t<meta property=\"og:image:width\" content=\"748\" \/>\n\t<meta property=\"og:image:height\" content=\"394\" \/>\n\t<meta property=\"og:image:type\" content=\"image\/jpeg\" \/>\n<meta name=\"author\" content=\"@sscc\" \/>\n<meta name=\"twitter:card\" content=\"summary_large_image\" \/>\n<meta name=\"twitter:creator\" content=\"@beatopeustaquio\" \/>\n<meta name=\"twitter:site\" content=\"@beatopeustaquio\" \/>\n<meta name=\"twitter:label1\" content=\"Written by\" \/>\n\t<meta name=\"twitter:data1\" content=\"@sscc\" \/>\n\t<meta name=\"twitter:label2\" content=\"Est. reading time\" \/>\n\t<meta name=\"twitter:data2\" content=\"1 minute\" \/>\n<script type=\"application\/ld+json\" class=\"yoast-schema-graph\">{\"@context\":\"https:\/\/schema.org\",\"@graph\":[{\"@type\":\"Article\",\"@id\":\"https:\/\/www.padreeustaquio.com.br\/trabalho-de-catalogacao-ja-listou-mais-de-240-itens-de-padre-eustaquio\/#article\",\"isPartOf\":{\"@id\":\"https:\/\/www.padreeustaquio.com.br\/trabalho-de-catalogacao-ja-listou-mais-de-240-itens-de-padre-eustaquio\/\"},\"author\":{\"name\":\"@sscc\",\"@id\":\"https:\/\/www.padreeustaquio.com.br\/#\/schema\/person\/a2a51db1d00f1a7af0204a0f1ddb1566\"},\"headline\":\"Trabalho de cataloga\u00e7\u00e3o j\u00e1 listou mais de 240 itens de Padre Eust\u00e1quio\",\"datePublished\":\"2021-04-19T10:06:45+00:00\",\"dateModified\":\"2021-04-19T19:32:04+00:00\",\"mainEntityOfPage\":{\"@id\":\"https:\/\/www.padreeustaquio.com.br\/trabalho-de-catalogacao-ja-listou-mais-de-240-itens-de-padre-eustaquio\/\"},\"wordCount\":202,\"commentCount\":0,\"publisher\":{\"@id\":\"https:\/\/www.padreeustaquio.com.br\/#organization\"},\"image\":{\"@id\":\"https:\/\/www.padreeustaquio.com.br\/trabalho-de-catalogacao-ja-listou-mais-de-240-itens-de-padre-eustaquio\/#primaryimage\"},\"thumbnailUrl\":\"https:\/\/www.padreeustaquio.com.br\/wp-content\/uploads\/2021\/04\/cibele-e-marcelino-cataloga.jpg\",\"articleSection\":[\"Not\u00edcias\"],\"inLanguage\":\"en-US\",\"potentialAction\":[{\"@type\":\"CommentAction\",\"name\":\"Comment\",\"target\":[\"https:\/\/www.padreeustaquio.com.br\/trabalho-de-catalogacao-ja-listou-mais-de-240-itens-de-padre-eustaquio\/#respond\"]}]},{\"@type\":\"WebPage\",\"@id\":\"https:\/\/www.padreeustaquio.com.br\/trabalho-de-catalogacao-ja-listou-mais-de-240-itens-de-padre-eustaquio\/\",\"url\":\"https:\/\/www.padreeustaquio.com.br\/trabalho-de-catalogacao-ja-listou-mais-de-240-itens-de-padre-eustaquio\/\",\"name\":\"Trabalho de cataloga\u00e7\u00e3o j\u00e1 listou mais de 240 itens de Padre Eust\u00e1quio - Padre Eust\u00e1quio\",\"isPartOf\":{\"@id\":\"https:\/\/www.padreeustaquio.com.br\/#website\"},\"primaryImageOfPage\":{\"@id\":\"https:\/\/www.padreeustaquio.com.br\/trabalho-de-catalogacao-ja-listou-mais-de-240-itens-de-padre-eustaquio\/#primaryimage\"},\"image\":{\"@id\":\"https:\/\/www.padreeustaquio.com.br\/trabalho-de-catalogacao-ja-listou-mais-de-240-itens-de-padre-eustaquio\/#primaryimage\"},\"thumbnailUrl\":\"https:\/\/www.padreeustaquio.com.br\/wp-content\/uploads\/2021\/04\/cibele-e-marcelino-cataloga.jpg\",\"datePublished\":\"2021-04-19T10:06:45+00:00\",\"dateModified\":\"2021-04-19T19:32:04+00:00\",\"breadcrumb\":{\"@id\":\"https:\/\/www.padreeustaquio.com.br\/trabalho-de-catalogacao-ja-listou-mais-de-240-itens-de-padre-eustaquio\/#breadcrumb\"},\"inLanguage\":\"en-US\",\"potentialAction\":[{\"@type\":\"ReadAction\",\"target\":[\"https:\/\/www.padreeustaquio.com.br\/trabalho-de-catalogacao-ja-listou-mais-de-240-itens-de-padre-eustaquio\/\"]}]},{\"@type\":\"ImageObject\",\"inLanguage\":\"en-US\",\"@id\":\"https:\/\/www.padreeustaquio.com.br\/trabalho-de-catalogacao-ja-listou-mais-de-240-itens-de-padre-eustaquio\/#primaryimage\",\"url\":\"https:\/\/www.padreeustaquio.com.br\/wp-content\/uploads\/2021\/04\/cibele-e-marcelino-cataloga.jpg\",\"contentUrl\":\"https:\/\/www.padreeustaquio.com.br\/wp-content\/uploads\/2021\/04\/cibele-e-marcelino-cataloga.jpg\",\"width\":748,\"height\":394,\"caption\":\"Foto: Th\u00e2mer Pimentel\"},{\"@type\":\"BreadcrumbList\",\"@id\":\"https:\/\/www.padreeustaquio.com.br\/trabalho-de-catalogacao-ja-listou-mais-de-240-itens-de-padre-eustaquio\/#breadcrumb\",\"itemListElement\":[{\"@type\":\"ListItem\",\"position\":1,\"name\":\"In\u00edcio\",\"item\":\"https:\/\/www.padreeustaquio.com.br\/\"},{\"@type\":\"ListItem\",\"position\":2,\"name\":\"Trabalho de cataloga\u00e7\u00e3o j\u00e1 listou mais de 240 itens de Padre Eust\u00e1quio\"}]},{\"@type\":\"WebSite\",\"@id\":\"https:\/\/www.padreeustaquio.com.br\/#website\",\"url\":\"https:\/\/www.padreeustaquio.com.br\/\",\"name\":\"Padre Eust\u00e1quio\",\"description\":\"Sa\u00fade e Paz\",\"publisher\":{\"@id\":\"https:\/\/www.padreeustaquio.com.br\/#organization\"},\"potentialAction\":[{\"@type\":\"SearchAction\",\"target\":{\"@type\":\"EntryPoint\",\"urlTemplate\":\"https:\/\/www.padreeustaquio.com.br\/?s={search_term_string}\"},\"query-input\":{\"@type\":\"PropertyValueSpecification\",\"valueRequired\":true,\"valueName\":\"search_term_string\"}}],\"inLanguage\":\"en-US\"},{\"@type\":\"Organization\",\"@id\":\"https:\/\/www.padreeustaquio.com.br\/#organization\",\"name\":\"Padre Eust\u00e1quio\",\"url\":\"https:\/\/www.padreeustaquio.com.br\/\",\"logo\":{\"@type\":\"ImageObject\",\"inLanguage\":\"en-US\",\"@id\":\"https:\/\/www.padreeustaquio.com.br\/#\/schema\/logo\/image\/\",\"url\":\"https:\/\/www.padreeustaquio.com.br\/wp-content\/uploads\/2019\/08\/marca.png\",\"contentUrl\":\"https:\/\/www.padreeustaquio.com.br\/wp-content\/uploads\/2019\/08\/marca.png\",\"width\":350,\"height\":400,\"caption\":\"Padre Eust\u00e1quio\"},\"image\":{\"@id\":\"https:\/\/www.padreeustaquio.com.br\/#\/schema\/logo\/image\/\"},\"sameAs\":[\"https:\/\/www.facebook.com\/beatopadreeustaquio\/\",\"https:\/\/x.com\/beatopeustaquio\",\"https:\/\/www.instagram.com\/beatopadreeustaquio\/\",\"https:\/\/www.youtube.com\/channel\/UCRhw7vfabnajwLxb1ZXMeIw\"]},{\"@type\":\"Person\",\"@id\":\"https:\/\/www.padreeustaquio.com.br\/#\/schema\/person\/a2a51db1d00f1a7af0204a0f1ddb1566\",\"name\":\"@sscc\",\"image\":{\"@type\":\"ImageObject\",\"inLanguage\":\"en-US\",\"@id\":\"https:\/\/secure.gravatar.com\/avatar\/68cfafa5f44617fea54071e215026e0ff06be366c3d54a8425f04fdcb86f8c5f?s=96&d=mm&r=g\",\"url\":\"https:\/\/secure.gravatar.com\/avatar\/68cfafa5f44617fea54071e215026e0ff06be366c3d54a8425f04fdcb86f8c5f?s=96&d=mm&r=g\",\"contentUrl\":\"https:\/\/secure.gravatar.com\/avatar\/68cfafa5f44617fea54071e215026e0ff06be366c3d54a8425f04fdcb86f8c5f?s=96&d=mm&r=g\",\"caption\":\"@sscc\"},\"url\":\"https:\/\/www.padreeustaquio.com.br\/en\/author\/sscc\/\"}]}<\/script>\n<!-- \/ Yoast SEO plugin. -->","yoast_head_json":{"title":"Cataloging work has already listed more than 240 items from Padre Eust\u00e1quio - Padre Eust\u00e1quio","robots":{"index":"index","follow":"follow","max-snippet":"max-snippet:-1","max-image-preview":"max-image-preview:large","max-video-preview":"max-video-preview:-1"},"canonical":"https:\/\/www.padreeustaquio.com.br\/en\/the-cataloging-work-has-already-listed-more-than-240-items-belonging-to-father-eustaquio\/","og_locale":"en_US","og_type":"article","og_title":"Trabalho de cataloga\u00e7\u00e3o j\u00e1 listou mais de 240 itens de Padre Eust\u00e1quio - Padre Eust\u00e1quio","og_description":"O trabalho de higieniza\u00e7\u00e3o e cataloga\u00e7\u00e3o dos objetos do Beato Padre Eust\u00e1quio, que come\u00e7ou em janeiro deste ano, j\u00e1 est\u00e1 bem avan\u00e7ado. At\u00e9 agora, j\u00e1 foram 247 itens documentados. S\u00e3o 60 pe\u00e7as do vesti\u00e1rio e 140 cartas do Bem-aventurado. Al\u00e9m disso, 47 itens do Museu Padre Eust\u00e1quio, que fica dentro da Igreja. Entre estes objetos existem c\u00e1lices, imagens, rel\u00edquias, entre outros materiais que pertenceram ao religioso. Todas as pe\u00e7as foram higienizadas e, quando necess\u00e1rio, restauradas. A cataloga\u00e7\u00e3o consiste em fotografar todos os itens e criar fichas individuais com as informa\u00e7\u00f5es sobre proced\u00eancia e preserva\u00e7\u00e3o de cada objeto. Este trabalho s\u00f3 [&hellip;]","og_url":"https:\/\/www.padreeustaquio.com.br\/en\/the-cataloging-work-has-already-listed-more-than-240-items-belonging-to-father-eustaquio\/","og_site_name":"Padre Eust\u00e1quio","article_publisher":"https:\/\/www.facebook.com\/beatopadreeustaquio\/","article_published_time":"2021-04-19T10:06:45+00:00","article_modified_time":"2021-04-19T19:32:04+00:00","og_image":[{"width":748,"height":394,"url":"https:\/\/www.padreeustaquio.com.br\/wp-content\/uploads\/2021\/04\/cibele-e-marcelino-cataloga.jpg","type":"image\/jpeg"}],"author":"@sscc","twitter_card":"summary_large_image","twitter_creator":"@beatopeustaquio","twitter_site":"@beatopeustaquio","twitter_misc":{"Written by":"@sscc","Est. reading time":"1 minute"},"schema":{"@context":"https:\/\/schema.org","@graph":[{"@type":"Article","@id":"https:\/\/www.padreeustaquio.com.br\/trabalho-de-catalogacao-ja-listou-mais-de-240-itens-de-padre-eustaquio\/#article","isPartOf":{"@id":"https:\/\/www.padreeustaquio.com.br\/trabalho-de-catalogacao-ja-listou-mais-de-240-itens-de-padre-eustaquio\/"},"author":{"name":"@sscc","@id":"https:\/\/www.padreeustaquio.com.br\/#\/schema\/person\/a2a51db1d00f1a7af0204a0f1ddb1566"},"headline":"Trabalho de cataloga\u00e7\u00e3o j\u00e1 listou mais de 240 itens de Padre Eust\u00e1quio","datePublished":"2021-04-19T10:06:45+00:00","dateModified":"2021-04-19T19:32:04+00:00","mainEntityOfPage":{"@id":"https:\/\/www.padreeustaquio.com.br\/trabalho-de-catalogacao-ja-listou-mais-de-240-itens-de-padre-eustaquio\/"},"wordCount":202,"commentCount":0,"publisher":{"@id":"https:\/\/www.padreeustaquio.com.br\/#organization"},"image":{"@id":"https:\/\/www.padreeustaquio.com.br\/trabalho-de-catalogacao-ja-listou-mais-de-240-itens-de-padre-eustaquio\/#primaryimage"},"thumbnailUrl":"https:\/\/www.padreeustaquio.com.br\/wp-content\/uploads\/2021\/04\/cibele-e-marcelino-cataloga.jpg","articleSection":["Not\u00edcias"],"inLanguage":"en-US","potentialAction":[{"@type":"CommentAction","name":"Comment","target":["https:\/\/www.padreeustaquio.com.br\/trabalho-de-catalogacao-ja-listou-mais-de-240-itens-de-padre-eustaquio\/#respond"]}]},{"@type":"WebPage","@id":"https:\/\/www.padreeustaquio.com.br\/trabalho-de-catalogacao-ja-listou-mais-de-240-itens-de-padre-eustaquio\/","url":"https:\/\/www.padreeustaquio.com.br\/trabalho-de-catalogacao-ja-listou-mais-de-240-itens-de-padre-eustaquio\/","name":"Cataloging work has already listed more than 240 items from Padre Eust\u00e1quio - Padre Eust\u00e1quio","isPartOf":{"@id":"https:\/\/www.padreeustaquio.com.br\/#website"},"primaryImageOfPage":{"@id":"https:\/\/www.padreeustaquio.com.br\/trabalho-de-catalogacao-ja-listou-mais-de-240-itens-de-padre-eustaquio\/#primaryimage"},"image":{"@id":"https:\/\/www.padreeustaquio.com.br\/trabalho-de-catalogacao-ja-listou-mais-de-240-itens-de-padre-eustaquio\/#primaryimage"},"thumbnailUrl":"https:\/\/www.padreeustaquio.com.br\/wp-content\/uploads\/2021\/04\/cibele-e-marcelino-cataloga.jpg","datePublished":"2021-04-19T10:06:45+00:00","dateModified":"2021-04-19T19:32:04+00:00","breadcrumb":{"@id":"https:\/\/www.padreeustaquio.com.br\/trabalho-de-catalogacao-ja-listou-mais-de-240-itens-de-padre-eustaquio\/#breadcrumb"},"inLanguage":"en-US","potentialAction":[{"@type":"ReadAction","target":["https:\/\/www.padreeustaquio.com.br\/trabalho-de-catalogacao-ja-listou-mais-de-240-itens-de-padre-eustaquio\/"]}]},{"@type":"ImageObject","inLanguage":"en-US","@id":"https:\/\/www.padreeustaquio.com.br\/trabalho-de-catalogacao-ja-listou-mais-de-240-itens-de-padre-eustaquio\/#primaryimage","url":"https:\/\/www.padreeustaquio.com.br\/wp-content\/uploads\/2021\/04\/cibele-e-marcelino-cataloga.jpg","contentUrl":"https:\/\/www.padreeustaquio.com.br\/wp-content\/uploads\/2021\/04\/cibele-e-marcelino-cataloga.jpg","width":748,"height":394,"caption":"Foto: Th\u00e2mer Pimentel"},{"@type":"BreadcrumbList","@id":"https:\/\/www.padreeustaquio.com.br\/trabalho-de-catalogacao-ja-listou-mais-de-240-itens-de-padre-eustaquio\/#breadcrumb","itemListElement":[{"@type":"ListItem","position":1,"name":"In\u00edcio","item":"https:\/\/www.padreeustaquio.com.br\/"},{"@type":"ListItem","position":2,"name":"Trabalho de cataloga\u00e7\u00e3o j\u00e1 listou mais de 240 itens de Padre Eust\u00e1quio"}]},{"@type":"WebSite","@id":"https:\/\/www.padreeustaquio.com.br\/#website","url":"https:\/\/www.padreeustaquio.com.br\/","name":"FATHER EUST\u00c1QUIO","description":"Health and Peace","publisher":{"@id":"https:\/\/www.padreeustaquio.com.br\/#organization"},"potentialAction":[{"@type":"SearchAction","target":{"@type":"EntryPoint","urlTemplate":"https:\/\/www.padreeustaquio.com.br\/?s={search_term_string}"},"query-input":{"@type":"PropertyValueSpecification","valueRequired":true,"valueName":"search_term_string"}}],"inLanguage":"en-US"},{"@type":"Organization","@id":"https:\/\/www.padreeustaquio.com.br\/#organization","name":"FATHER EUST\u00c1QUIO","url":"https:\/\/www.padreeustaquio.com.br\/","logo":{"@type":"ImageObject","inLanguage":"en-US","@id":"https:\/\/www.padreeustaquio.com.br\/#\/schema\/logo\/image\/","url":"https:\/\/www.padreeustaquio.com.br\/wp-content\/uploads\/2019\/08\/marca.png","contentUrl":"https:\/\/www.padreeustaquio.com.br\/wp-content\/uploads\/2019\/08\/marca.png","width":350,"height":400,"caption":"Padre Eust\u00e1quio"},"image":{"@id":"https:\/\/www.padreeustaquio.com.br\/#\/schema\/logo\/image\/"},"sameAs":["https:\/\/www.facebook.com\/beatopadreeustaquio\/","https:\/\/x.com\/beatopeustaquio","https:\/\/www.instagram.com\/beatopadreeustaquio\/","https:\/\/www.youtube.com\/channel\/UCRhw7vfabnajwLxb1ZXMeIw"]},{"@type":"Person","@id":"https:\/\/www.padreeustaquio.com.br\/#\/schema\/person\/a2a51db1d00f1a7af0204a0f1ddb1566","name":"@sscc","image":{"@type":"ImageObject","inLanguage":"en-US","@id":"https:\/\/secure.gravatar.com\/avatar\/68cfafa5f44617fea54071e215026e0ff06be366c3d54a8425f04fdcb86f8c5f?s=96&d=mm&r=g","url":"https:\/\/secure.gravatar.com\/avatar\/68cfafa5f44617fea54071e215026e0ff06be366c3d54a8425f04fdcb86f8c5f?s=96&d=mm&r=g","contentUrl":"https:\/\/secure.gravatar.com\/avatar\/68cfafa5f44617fea54071e215026e0ff06be366c3d54a8425f04fdcb86f8c5f?s=96&d=mm&r=g","caption":"@sscc"},"url":"https:\/\/www.padreeustaquio.com.br\/en\/author\/sscc\/"}]}},"_links":{"self":[{"href":"https:\/\/www.padreeustaquio.com.br\/en\/wp-json\/wp\/v2\/posts\/5546","targetHints":{"allow":["GET"]}}],"collection":[{"href":"https:\/\/www.padreeustaquio.com.br\/en\/wp-json\/wp\/v2\/posts"}],"about":[{"href":"https:\/\/www.padreeustaquio.com.br\/en\/wp-json\/wp\/v2\/types\/post"}],"author":[{"embeddable":true,"href":"https:\/\/www.padreeustaquio.com.br\/en\/wp-json\/wp\/v2\/users\/2"}],"replies":[{"embeddable":true,"href":"https:\/\/www.padreeustaquio.com.br\/en\/wp-json\/wp\/v2\/comments?post=5546"}],"version-history":[{"count":0,"href":"https:\/\/www.padreeustaquio.com.br\/en\/wp-json\/wp\/v2\/posts\/5546\/revisions"}],"wp:featuredmedia":[{"embeddable":true,"href":"https:\/\/www.padreeustaquio.com.br\/en\/wp-json\/wp\/v2\/media\/5548"}],"wp:attachment":[{"href":"https:\/\/www.padreeustaquio.com.br\/en\/wp-json\/wp\/v2\/media?parent=5546"}],"wp:term":[{"taxonomy":"category","embeddable":true,"href":"https:\/\/www.padreeustaquio.com.br\/en\/wp-json\/wp\/v2\/categories?post=5546"},{"taxonomy":"post_tag","embeddable":true,"href":"https:\/\/www.padreeustaquio.com.br\/en\/wp-json\/wp\/v2\/tags?post=5546"}],"curies":[{"name":"wp","href":"https:\/\/api.w.org\/{rel}","templated":true}]}}