{"id":5535,"date":"2021-04-15T06:55:01","date_gmt":"2021-04-15T09:55:01","guid":{"rendered":"https:\/\/www.padreeustaquio.com.br\/?p=5535"},"modified":"2021-04-12T11:34:17","modified_gmt":"2021-04-12T14:34:17","slug":"father-eustaces-text-invites-us-to-live-the-easter-season","status":"publish","type":"post","link":"https:\/\/www.padreeustaquio.com.br\/en\/father-eustaces-text-invites-us-to-live-the-easter-season\/","title":{"rendered":"Father Eust\u00e1quio&#039;s text invites us to live the Easter Season."},"content":{"rendered":"<p>We are currently experiencing Eastertide, a liturgical period that spans 50 days after Easter Sunday, until Pentecost. This time invites us to continue reflecting on the resurrection of Jesus and what it represents in our lives.<\/p>\n<p>The Vice-Postulation of the Cause for Canonization of Blessed Father Eust\u00e1quio found in the archives of the Health and Peace Sanctuary a homily by the Blessed Father that speaks about the resurrection of Jesus. Read an excerpt below:<\/p>\n<p><strong>The Resurrection<\/strong><\/p>\n<p><em>\u201c&quot;Just yesterday, shrouded in the dark mantle of mourning, of the consternation of grief, the Holy Church bitterly wept for the death of the author of life. With all the funereal pomp of its unparalleled mourning ceremonies, it commemorated the most tragic event ever recorded in the world.&quot;.<\/em><\/p>\n<p><em>Today, however, dressed in the most festive finery, its altars adorned with the most brilliant splendor, the Holy Church announces the joy and contentment of the entire universe, at seeing the Author of nature returned from the earth, who, shattering the shackles of death, glorious and triumphant forever, rose from his funereal grave, as he had said.<\/em><\/p>\n<p><strong><em>Surrexit non est hic\u00b9<\/em><\/strong><\/p>\n<p><em>How beautiful, how sublime is the fulfillment of the wise designs of uncreated wisdom! All the glory, all the greatness and majesty of the potentates of the earth, and poor men seem to ignore it, is buried with them in their tomb, promptly forgotten, whereas it is in the tomb, so to speak, that the glory, the greatness and the majesty of the King of Heaven begin.<\/em><\/p>\n<p><em>The glorious Resurrection of Jesus Christ is the clear proof, the authentic testimony of his divinity.<\/em><\/p>\n<p><em>In his Passion, Jesus completely lost the four kinds of goods that man can possess on earth: he lost his clothes, even to the point of utter nakedness; he lost his reputation and was subjected to the most abominable contempt; he lost his flourishing health through all sorts of mistreatment; and finally, he lost his most precious life, through the most atrocious death imaginable.<\/em><\/p>\n<p><em>Now, however, coming forth alive from the tomb, He receives with abundant profit all that He had lost. Made poor, behold Him is exceedingly rich and Lord of all the earth! He who called Himself a worm, the reproach of men, behold Him crowned with Glory, seated at the right hand of the Father. He who, a short time before, was the man of sorrows and acquainted with grief, behold Him endowed with new strength, and with immortal and impassible life. <\/em><em>Finally, He who had been killed in the most cruel and despicable way, behold Him resurrected by His own power, endowed with subtlety, agility, and clarity, made the firstfruits of all who sleep in the hope of one day also rising again in imitation of the Redeemer.<\/em><\/p>\n<p><em><strong>Christus resurrexit a mortuis primitiae dormientibus\u00b2<\/strong><\/em><\/p>\n<p><em>Let us rejoice in Jesus Christ, but let us also rejoice in ourselves, for His Resurrection is the pledge and model of our own. Yes, the hour will come when we will rise again like Our Lord Jesus Christ, and no Catholic dares to doubt it.<\/em><\/p>\n<p><em>This comforted the holy Job during his time of trial. \u201cI know,\u201d he said, and let us say the same amidst the crosses and tribulations of this present life: I know that my Redeemer lives and that, on the last day, I shall rise from the earth, be clothed again with my skin, and in my own flesh I shall see my God! This hope dwells in my heart.<\/em><\/p>\n<p><em>Indeed, brothers and sisters, our destiny is neither the earth nor the grave, because our destiny, however much poor humanity errs and harbors vain thoughts and illusory ideas, is eternal life, but life with Christ and with the resurrected Christ. <\/em><em>Hallelujah!&quot;\u201d<br \/>\n<\/em><\/p>\n<p><em><br \/>\n\u00b9Surrexit non est hic (sic) \u2013 free translation from Latin: \u201cHe has risen, he is not here\u201d<br \/>\n\u00b2Christus resurrexit a mortuis primitiae dormientibus (sic) \u2013 free translation from Latin: \u201dChrist rose from the dead\u201d<br \/>\n<\/em><\/p>\n<p>&nbsp;<\/p>\n<p>Text taken from the &quot;Bulletin of the Sacred Hearts Parish,&quot; published on January 18, 1948.<\/p>","protected":false},"excerpt":{"rendered":"<p>Estamos vivendo o Tempo Pascal, per\u00edodo lit\u00fargico que abrange 50 dias ap\u00f3s o Domingo de P\u00e1scoa, at\u00e9 o dia de Pentecostes. Este momento nos convida a continuar refletindo sobre a ressurrei\u00e7\u00e3o de Jesus e o que ela representa em nossas vidas. A Vice-postula\u00e7\u00e3o da Causa de Canoniza\u00e7\u00e3o do Beato Padre Eust\u00e1quio encontrou em arquivos do Santu\u00e1rio Sa\u00fade e Paz, uma homilia do Bem-aventurado que fala sobre a ressurrei\u00e7\u00e3o de Jesus. Leia um trecho a seguir: A Ressurrei\u00e7\u00e3o &#8220;Ainda ontem, envolta no negro manto do luto, da consterna\u00e7\u00e3o da dor, a Santa Igreja amargamente chorava a morte do autor da vida. [&hellip;]<\/p>\n","protected":false},"author":2,"featured_media":5536,"comment_status":"open","ping_status":"closed","sticky":false,"template":"","format":"standard","meta":{"_acf_changed":false,"footnotes":""},"categories":[611],"tags":[],"class_list":["post-5535","post","type-post","status-publish","format-standard","has-post-thumbnail","hentry","category-noticias"],"acf":[],"yoast_head":"<!-- This site is optimized with the Yoast SEO plugin v27.2 - https:\/\/yoast.com\/product\/yoast-seo-wordpress\/ -->\n<title>Texto de Padre Eust\u00e1quio nos convida a viver o Tempo Pascal - Padre Eust\u00e1quio<\/title>\n<meta name=\"robots\" content=\"index, follow, max-snippet:-1, max-image-preview:large, max-video-preview:-1\" \/>\n<link rel=\"canonical\" href=\"https:\/\/www.padreeustaquio.com.br\/en\/father-eustaces-text-invites-us-to-live-the-easter-season\/\" \/>\n<meta property=\"og:locale\" content=\"en_US\" \/>\n<meta property=\"og:type\" content=\"article\" \/>\n<meta property=\"og:title\" content=\"Texto de Padre Eust\u00e1quio nos convida a viver o Tempo Pascal - Padre Eust\u00e1quio\" \/>\n<meta property=\"og:description\" content=\"Estamos vivendo o Tempo Pascal, per\u00edodo lit\u00fargico que abrange 50 dias ap\u00f3s o Domingo de P\u00e1scoa, at\u00e9 o dia de Pentecostes. Este momento nos convida a continuar refletindo sobre a ressurrei\u00e7\u00e3o de Jesus e o que ela representa em nossas vidas. A Vice-postula\u00e7\u00e3o da Causa de Canoniza\u00e7\u00e3o do Beato Padre Eust\u00e1quio encontrou em arquivos do Santu\u00e1rio Sa\u00fade e Paz, uma homilia do Bem-aventurado que fala sobre a ressurrei\u00e7\u00e3o de Jesus. Leia um trecho a seguir: A Ressurrei\u00e7\u00e3o &#8220;Ainda ontem, envolta no negro manto do luto, da consterna\u00e7\u00e3o da dor, a Santa Igreja amargamente chorava a morte do autor da vida. [&hellip;]\" \/>\n<meta property=\"og:url\" content=\"https:\/\/www.padreeustaquio.com.br\/en\/father-eustaces-text-invites-us-to-live-the-easter-season\/\" \/>\n<meta property=\"og:site_name\" content=\"Padre Eust\u00e1quio\" \/>\n<meta property=\"article:publisher\" content=\"https:\/\/www.facebook.com\/beatopadreeustaquio\/\" \/>\n<meta property=\"article:published_time\" content=\"2021-04-15T09:55:01+00:00\" \/>\n<meta property=\"og:image\" content=\"https:\/\/www.padreeustaquio.com.br\/wp-content\/uploads\/2021\/04\/PE-e-a-Ressurreicao.jpg\" \/>\n\t<meta property=\"og:image:width\" content=\"748\" \/>\n\t<meta property=\"og:image:height\" content=\"394\" \/>\n\t<meta property=\"og:image:type\" content=\"image\/jpeg\" \/>\n<meta name=\"author\" content=\"@sscc\" \/>\n<meta name=\"twitter:card\" content=\"summary_large_image\" \/>\n<meta name=\"twitter:creator\" content=\"@beatopeustaquio\" \/>\n<meta name=\"twitter:site\" content=\"@beatopeustaquio\" \/>\n<meta name=\"twitter:label1\" content=\"Written by\" \/>\n\t<meta name=\"twitter:data1\" content=\"@sscc\" \/>\n\t<meta name=\"twitter:label2\" content=\"Est. reading time\" \/>\n\t<meta name=\"twitter:data2\" content=\"3 minutes\" \/>\n<script type=\"application\/ld+json\" class=\"yoast-schema-graph\">{\"@context\":\"https:\/\/schema.org\",\"@graph\":[{\"@type\":\"Article\",\"@id\":\"https:\/\/www.padreeustaquio.com.br\/texto-de-padre-eustaquio-nos-convida-a-viver-o-tempo-pascal\/#article\",\"isPartOf\":{\"@id\":\"https:\/\/www.padreeustaquio.com.br\/texto-de-padre-eustaquio-nos-convida-a-viver-o-tempo-pascal\/\"},\"author\":{\"name\":\"@sscc\",\"@id\":\"https:\/\/www.padreeustaquio.com.br\/#\/schema\/person\/a2a51db1d00f1a7af0204a0f1ddb1566\"},\"headline\":\"Texto de Padre Eust\u00e1quio nos convida a viver o Tempo Pascal\",\"datePublished\":\"2021-04-15T09:55:01+00:00\",\"mainEntityOfPage\":{\"@id\":\"https:\/\/www.padreeustaquio.com.br\/texto-de-padre-eustaquio-nos-convida-a-viver-o-tempo-pascal\/\"},\"wordCount\":701,\"commentCount\":0,\"publisher\":{\"@id\":\"https:\/\/www.padreeustaquio.com.br\/#organization\"},\"image\":{\"@id\":\"https:\/\/www.padreeustaquio.com.br\/texto-de-padre-eustaquio-nos-convida-a-viver-o-tempo-pascal\/#primaryimage\"},\"thumbnailUrl\":\"https:\/\/www.padreeustaquio.com.br\/wp-content\/uploads\/2021\/04\/PE-e-a-Ressurreicao.jpg\",\"articleSection\":[\"Not\u00edcias\"],\"inLanguage\":\"en-US\",\"potentialAction\":[{\"@type\":\"CommentAction\",\"name\":\"Comment\",\"target\":[\"https:\/\/www.padreeustaquio.com.br\/texto-de-padre-eustaquio-nos-convida-a-viver-o-tempo-pascal\/#respond\"]}]},{\"@type\":\"WebPage\",\"@id\":\"https:\/\/www.padreeustaquio.com.br\/texto-de-padre-eustaquio-nos-convida-a-viver-o-tempo-pascal\/\",\"url\":\"https:\/\/www.padreeustaquio.com.br\/texto-de-padre-eustaquio-nos-convida-a-viver-o-tempo-pascal\/\",\"name\":\"Texto de Padre Eust\u00e1quio nos convida a viver o Tempo Pascal - Padre Eust\u00e1quio\",\"isPartOf\":{\"@id\":\"https:\/\/www.padreeustaquio.com.br\/#website\"},\"primaryImageOfPage\":{\"@id\":\"https:\/\/www.padreeustaquio.com.br\/texto-de-padre-eustaquio-nos-convida-a-viver-o-tempo-pascal\/#primaryimage\"},\"image\":{\"@id\":\"https:\/\/www.padreeustaquio.com.br\/texto-de-padre-eustaquio-nos-convida-a-viver-o-tempo-pascal\/#primaryimage\"},\"thumbnailUrl\":\"https:\/\/www.padreeustaquio.com.br\/wp-content\/uploads\/2021\/04\/PE-e-a-Ressurreicao.jpg\",\"datePublished\":\"2021-04-15T09:55:01+00:00\",\"breadcrumb\":{\"@id\":\"https:\/\/www.padreeustaquio.com.br\/texto-de-padre-eustaquio-nos-convida-a-viver-o-tempo-pascal\/#breadcrumb\"},\"inLanguage\":\"en-US\",\"potentialAction\":[{\"@type\":\"ReadAction\",\"target\":[\"https:\/\/www.padreeustaquio.com.br\/texto-de-padre-eustaquio-nos-convida-a-viver-o-tempo-pascal\/\"]}]},{\"@type\":\"ImageObject\",\"inLanguage\":\"en-US\",\"@id\":\"https:\/\/www.padreeustaquio.com.br\/texto-de-padre-eustaquio-nos-convida-a-viver-o-tempo-pascal\/#primaryimage\",\"url\":\"https:\/\/www.padreeustaquio.com.br\/wp-content\/uploads\/2021\/04\/PE-e-a-Ressurreicao.jpg\",\"contentUrl\":\"https:\/\/www.padreeustaquio.com.br\/wp-content\/uploads\/2021\/04\/PE-e-a-Ressurreicao.jpg\",\"width\":748,\"height\":394},{\"@type\":\"BreadcrumbList\",\"@id\":\"https:\/\/www.padreeustaquio.com.br\/texto-de-padre-eustaquio-nos-convida-a-viver-o-tempo-pascal\/#breadcrumb\",\"itemListElement\":[{\"@type\":\"ListItem\",\"position\":1,\"name\":\"In\u00edcio\",\"item\":\"https:\/\/www.padreeustaquio.com.br\/\"},{\"@type\":\"ListItem\",\"position\":2,\"name\":\"Texto de Padre Eust\u00e1quio nos convida a viver o Tempo Pascal\"}]},{\"@type\":\"WebSite\",\"@id\":\"https:\/\/www.padreeustaquio.com.br\/#website\",\"url\":\"https:\/\/www.padreeustaquio.com.br\/\",\"name\":\"Padre Eust\u00e1quio\",\"description\":\"Sa\u00fade e Paz\",\"publisher\":{\"@id\":\"https:\/\/www.padreeustaquio.com.br\/#organization\"},\"potentialAction\":[{\"@type\":\"SearchAction\",\"target\":{\"@type\":\"EntryPoint\",\"urlTemplate\":\"https:\/\/www.padreeustaquio.com.br\/?s={search_term_string}\"},\"query-input\":{\"@type\":\"PropertyValueSpecification\",\"valueRequired\":true,\"valueName\":\"search_term_string\"}}],\"inLanguage\":\"en-US\"},{\"@type\":\"Organization\",\"@id\":\"https:\/\/www.padreeustaquio.com.br\/#organization\",\"name\":\"Padre Eust\u00e1quio\",\"url\":\"https:\/\/www.padreeustaquio.com.br\/\",\"logo\":{\"@type\":\"ImageObject\",\"inLanguage\":\"en-US\",\"@id\":\"https:\/\/www.padreeustaquio.com.br\/#\/schema\/logo\/image\/\",\"url\":\"https:\/\/www.padreeustaquio.com.br\/wp-content\/uploads\/2019\/08\/marca.png\",\"contentUrl\":\"https:\/\/www.padreeustaquio.com.br\/wp-content\/uploads\/2019\/08\/marca.png\",\"width\":350,\"height\":400,\"caption\":\"Padre Eust\u00e1quio\"},\"image\":{\"@id\":\"https:\/\/www.padreeustaquio.com.br\/#\/schema\/logo\/image\/\"},\"sameAs\":[\"https:\/\/www.facebook.com\/beatopadreeustaquio\/\",\"https:\/\/x.com\/beatopeustaquio\",\"https:\/\/www.instagram.com\/beatopadreeustaquio\/\",\"https:\/\/www.youtube.com\/channel\/UCRhw7vfabnajwLxb1ZXMeIw\"]},{\"@type\":\"Person\",\"@id\":\"https:\/\/www.padreeustaquio.com.br\/#\/schema\/person\/a2a51db1d00f1a7af0204a0f1ddb1566\",\"name\":\"@sscc\",\"image\":{\"@type\":\"ImageObject\",\"inLanguage\":\"en-US\",\"@id\":\"https:\/\/secure.gravatar.com\/avatar\/68cfafa5f44617fea54071e215026e0ff06be366c3d54a8425f04fdcb86f8c5f?s=96&d=mm&r=g\",\"url\":\"https:\/\/secure.gravatar.com\/avatar\/68cfafa5f44617fea54071e215026e0ff06be366c3d54a8425f04fdcb86f8c5f?s=96&d=mm&r=g\",\"contentUrl\":\"https:\/\/secure.gravatar.com\/avatar\/68cfafa5f44617fea54071e215026e0ff06be366c3d54a8425f04fdcb86f8c5f?s=96&d=mm&r=g\",\"caption\":\"@sscc\"},\"url\":\"https:\/\/www.padreeustaquio.com.br\/en\/author\/sscc\/\"}]}<\/script>\n<!-- \/ Yoast SEO plugin. -->","yoast_head_json":{"title":"Father Eustace&#039;s text invites us to live the Easter Season - Father Eustace","robots":{"index":"index","follow":"follow","max-snippet":"max-snippet:-1","max-image-preview":"max-image-preview:large","max-video-preview":"max-video-preview:-1"},"canonical":"https:\/\/www.padreeustaquio.com.br\/en\/father-eustaces-text-invites-us-to-live-the-easter-season\/","og_locale":"en_US","og_type":"article","og_title":"Texto de Padre Eust\u00e1quio nos convida a viver o Tempo Pascal - Padre Eust\u00e1quio","og_description":"Estamos vivendo o Tempo Pascal, per\u00edodo lit\u00fargico que abrange 50 dias ap\u00f3s o Domingo de P\u00e1scoa, at\u00e9 o dia de Pentecostes. Este momento nos convida a continuar refletindo sobre a ressurrei\u00e7\u00e3o de Jesus e o que ela representa em nossas vidas. A Vice-postula\u00e7\u00e3o da Causa de Canoniza\u00e7\u00e3o do Beato Padre Eust\u00e1quio encontrou em arquivos do Santu\u00e1rio Sa\u00fade e Paz, uma homilia do Bem-aventurado que fala sobre a ressurrei\u00e7\u00e3o de Jesus. Leia um trecho a seguir: A Ressurrei\u00e7\u00e3o &#8220;Ainda ontem, envolta no negro manto do luto, da consterna\u00e7\u00e3o da dor, a Santa Igreja amargamente chorava a morte do autor da vida. [&hellip;]","og_url":"https:\/\/www.padreeustaquio.com.br\/en\/father-eustaces-text-invites-us-to-live-the-easter-season\/","og_site_name":"Padre Eust\u00e1quio","article_publisher":"https:\/\/www.facebook.com\/beatopadreeustaquio\/","article_published_time":"2021-04-15T09:55:01+00:00","og_image":[{"width":748,"height":394,"url":"https:\/\/www.padreeustaquio.com.br\/wp-content\/uploads\/2021\/04\/PE-e-a-Ressurreicao.jpg","type":"image\/jpeg"}],"author":"@sscc","twitter_card":"summary_large_image","twitter_creator":"@beatopeustaquio","twitter_site":"@beatopeustaquio","twitter_misc":{"Written by":"@sscc","Est. reading time":"3 minutes"},"schema":{"@context":"https:\/\/schema.org","@graph":[{"@type":"Article","@id":"https:\/\/www.padreeustaquio.com.br\/texto-de-padre-eustaquio-nos-convida-a-viver-o-tempo-pascal\/#article","isPartOf":{"@id":"https:\/\/www.padreeustaquio.com.br\/texto-de-padre-eustaquio-nos-convida-a-viver-o-tempo-pascal\/"},"author":{"name":"@sscc","@id":"https:\/\/www.padreeustaquio.com.br\/#\/schema\/person\/a2a51db1d00f1a7af0204a0f1ddb1566"},"headline":"Texto de Padre Eust\u00e1quio nos convida a viver o Tempo Pascal","datePublished":"2021-04-15T09:55:01+00:00","mainEntityOfPage":{"@id":"https:\/\/www.padreeustaquio.com.br\/texto-de-padre-eustaquio-nos-convida-a-viver-o-tempo-pascal\/"},"wordCount":701,"commentCount":0,"publisher":{"@id":"https:\/\/www.padreeustaquio.com.br\/#organization"},"image":{"@id":"https:\/\/www.padreeustaquio.com.br\/texto-de-padre-eustaquio-nos-convida-a-viver-o-tempo-pascal\/#primaryimage"},"thumbnailUrl":"https:\/\/www.padreeustaquio.com.br\/wp-content\/uploads\/2021\/04\/PE-e-a-Ressurreicao.jpg","articleSection":["Not\u00edcias"],"inLanguage":"en-US","potentialAction":[{"@type":"CommentAction","name":"Comment","target":["https:\/\/www.padreeustaquio.com.br\/texto-de-padre-eustaquio-nos-convida-a-viver-o-tempo-pascal\/#respond"]}]},{"@type":"WebPage","@id":"https:\/\/www.padreeustaquio.com.br\/texto-de-padre-eustaquio-nos-convida-a-viver-o-tempo-pascal\/","url":"https:\/\/www.padreeustaquio.com.br\/texto-de-padre-eustaquio-nos-convida-a-viver-o-tempo-pascal\/","name":"Father Eustace&#039;s text invites us to live the Easter Season - Father Eustace","isPartOf":{"@id":"https:\/\/www.padreeustaquio.com.br\/#website"},"primaryImageOfPage":{"@id":"https:\/\/www.padreeustaquio.com.br\/texto-de-padre-eustaquio-nos-convida-a-viver-o-tempo-pascal\/#primaryimage"},"image":{"@id":"https:\/\/www.padreeustaquio.com.br\/texto-de-padre-eustaquio-nos-convida-a-viver-o-tempo-pascal\/#primaryimage"},"thumbnailUrl":"https:\/\/www.padreeustaquio.com.br\/wp-content\/uploads\/2021\/04\/PE-e-a-Ressurreicao.jpg","datePublished":"2021-04-15T09:55:01+00:00","breadcrumb":{"@id":"https:\/\/www.padreeustaquio.com.br\/texto-de-padre-eustaquio-nos-convida-a-viver-o-tempo-pascal\/#breadcrumb"},"inLanguage":"en-US","potentialAction":[{"@type":"ReadAction","target":["https:\/\/www.padreeustaquio.com.br\/texto-de-padre-eustaquio-nos-convida-a-viver-o-tempo-pascal\/"]}]},{"@type":"ImageObject","inLanguage":"en-US","@id":"https:\/\/www.padreeustaquio.com.br\/texto-de-padre-eustaquio-nos-convida-a-viver-o-tempo-pascal\/#primaryimage","url":"https:\/\/www.padreeustaquio.com.br\/wp-content\/uploads\/2021\/04\/PE-e-a-Ressurreicao.jpg","contentUrl":"https:\/\/www.padreeustaquio.com.br\/wp-content\/uploads\/2021\/04\/PE-e-a-Ressurreicao.jpg","width":748,"height":394},{"@type":"BreadcrumbList","@id":"https:\/\/www.padreeustaquio.com.br\/texto-de-padre-eustaquio-nos-convida-a-viver-o-tempo-pascal\/#breadcrumb","itemListElement":[{"@type":"ListItem","position":1,"name":"In\u00edcio","item":"https:\/\/www.padreeustaquio.com.br\/"},{"@type":"ListItem","position":2,"name":"Texto de Padre Eust\u00e1quio nos convida a viver o Tempo Pascal"}]},{"@type":"WebSite","@id":"https:\/\/www.padreeustaquio.com.br\/#website","url":"https:\/\/www.padreeustaquio.com.br\/","name":"FATHER EUST\u00c1QUIO","description":"Health and Peace","publisher":{"@id":"https:\/\/www.padreeustaquio.com.br\/#organization"},"potentialAction":[{"@type":"SearchAction","target":{"@type":"EntryPoint","urlTemplate":"https:\/\/www.padreeustaquio.com.br\/?s={search_term_string}"},"query-input":{"@type":"PropertyValueSpecification","valueRequired":true,"valueName":"search_term_string"}}],"inLanguage":"en-US"},{"@type":"Organization","@id":"https:\/\/www.padreeustaquio.com.br\/#organization","name":"FATHER EUST\u00c1QUIO","url":"https:\/\/www.padreeustaquio.com.br\/","logo":{"@type":"ImageObject","inLanguage":"en-US","@id":"https:\/\/www.padreeustaquio.com.br\/#\/schema\/logo\/image\/","url":"https:\/\/www.padreeustaquio.com.br\/wp-content\/uploads\/2019\/08\/marca.png","contentUrl":"https:\/\/www.padreeustaquio.com.br\/wp-content\/uploads\/2019\/08\/marca.png","width":350,"height":400,"caption":"Padre Eust\u00e1quio"},"image":{"@id":"https:\/\/www.padreeustaquio.com.br\/#\/schema\/logo\/image\/"},"sameAs":["https:\/\/www.facebook.com\/beatopadreeustaquio\/","https:\/\/x.com\/beatopeustaquio","https:\/\/www.instagram.com\/beatopadreeustaquio\/","https:\/\/www.youtube.com\/channel\/UCRhw7vfabnajwLxb1ZXMeIw"]},{"@type":"Person","@id":"https:\/\/www.padreeustaquio.com.br\/#\/schema\/person\/a2a51db1d00f1a7af0204a0f1ddb1566","name":"@sscc","image":{"@type":"ImageObject","inLanguage":"en-US","@id":"https:\/\/secure.gravatar.com\/avatar\/68cfafa5f44617fea54071e215026e0ff06be366c3d54a8425f04fdcb86f8c5f?s=96&d=mm&r=g","url":"https:\/\/secure.gravatar.com\/avatar\/68cfafa5f44617fea54071e215026e0ff06be366c3d54a8425f04fdcb86f8c5f?s=96&d=mm&r=g","contentUrl":"https:\/\/secure.gravatar.com\/avatar\/68cfafa5f44617fea54071e215026e0ff06be366c3d54a8425f04fdcb86f8c5f?s=96&d=mm&r=g","caption":"@sscc"},"url":"https:\/\/www.padreeustaquio.com.br\/en\/author\/sscc\/"}]}},"_links":{"self":[{"href":"https:\/\/www.padreeustaquio.com.br\/en\/wp-json\/wp\/v2\/posts\/5535","targetHints":{"allow":["GET"]}}],"collection":[{"href":"https:\/\/www.padreeustaquio.com.br\/en\/wp-json\/wp\/v2\/posts"}],"about":[{"href":"https:\/\/www.padreeustaquio.com.br\/en\/wp-json\/wp\/v2\/types\/post"}],"author":[{"embeddable":true,"href":"https:\/\/www.padreeustaquio.com.br\/en\/wp-json\/wp\/v2\/users\/2"}],"replies":[{"embeddable":true,"href":"https:\/\/www.padreeustaquio.com.br\/en\/wp-json\/wp\/v2\/comments?post=5535"}],"version-history":[{"count":0,"href":"https:\/\/www.padreeustaquio.com.br\/en\/wp-json\/wp\/v2\/posts\/5535\/revisions"}],"wp:featuredmedia":[{"embeddable":true,"href":"https:\/\/www.padreeustaquio.com.br\/en\/wp-json\/wp\/v2\/media\/5536"}],"wp:attachment":[{"href":"https:\/\/www.padreeustaquio.com.br\/en\/wp-json\/wp\/v2\/media?parent=5535"}],"wp:term":[{"taxonomy":"category","embeddable":true,"href":"https:\/\/www.padreeustaquio.com.br\/en\/wp-json\/wp\/v2\/categories?post=5535"},{"taxonomy":"post_tag","embeddable":true,"href":"https:\/\/www.padreeustaquio.com.br\/en\/wp-json\/wp\/v2\/tags?post=5535"}],"curies":[{"name":"wp","href":"https:\/\/api.w.org\/{rel}","templated":true}]}}