{"id":5509,"date":"2021-04-14T07:20:36","date_gmt":"2021-04-14T10:20:36","guid":{"rendered":"https:\/\/www.padreeustaquio.com.br\/?p=5509"},"modified":"2021-04-11T15:05:45","modified_gmt":"2021-04-11T18:05:45","slug":"blessed-father-eustaces-instagram-profile-reaches-3000-followers","status":"publish","type":"post","link":"https:\/\/www.padreeustaquio.com.br\/en\/blessed-father-eustaces-instagram-profile-reaches-3000-followers\/","title":{"rendered":"GRATITUDE \u2013 Blessed Father Eustace&#039;s Instagram profile reaches 3,000 followers."},"content":{"rendered":"<p>The profile of Blessed Father Eustace has reached 3,000 followers on Instagram. The social network was created with the aim of bringing devotion to the blessed one to people in Brazil and around the world.<\/p>\n<p>On the page, you can find much of Father Eust\u00e1quio&#039;s history, including old photos that belonged to the Dutch priest&#039;s personal archive. In addition, you&#039;ll find prayers, testimonies, reflections, and an account of the work the vice-postulation has been developing in social action projects and the canonization process. The profile is also used as a communication channel with the faithful of the Blessed.<\/p>\n<p>To all who contribute to spreading the Cause of Canonization and help us to speak about the life and history of the Blessed, our eternal gratitude and prayers.<\/p>\n<p>If you don&#039;t already know about this social network of Father Eust\u00e1quio, just... <a href=\"https:\/\/www.instagram.com\/beatopadreeustaquio\/\">click here<\/a> To learn more. And don&#039;t forget to share it with your friends and family, so that more people can have access to this evangelization channel.<\/p>","protected":false},"excerpt":{"rendered":"<p>O perfil do Beato Padre Eust\u00e1quio alcan\u00e7ou a marca de 3 mil seguidores no Instagram. A Rede Social foi criada com o objetivo de levar a devo\u00e7\u00e3o ao bem-aventurado \u00e0s pessoas do Brasil e do mundo. Na p\u00e1gina \u00e9 poss\u00edvel encontrar muito da hist\u00f3ria de Padre Eust\u00e1quio, inclusive, com fotos antigas que pertenceram ao arquivo pessoal do padre holand\u00eas. Al\u00e9m disso, encontramos ora\u00e7\u00f5es, testemunhos, reflex\u00f5es e presta\u00e7\u00e3o de conta sobre o trabalho que a vice-postula\u00e7\u00e3o tem desenvolvido nas obras de A\u00e7\u00e3o Social e no processo de Canoniza\u00e7\u00e3o. O perfil \u00e9 usado ainda como canal de comunica\u00e7\u00e3o com os fi\u00e9is do [&hellip;]<\/p>\n","protected":false},"author":2,"featured_media":5510,"comment_status":"open","ping_status":"closed","sticky":false,"template":"","format":"standard","meta":{"_acf_changed":false,"footnotes":""},"categories":[611],"tags":[],"class_list":["post-5509","post","type-post","status-publish","format-standard","has-post-thumbnail","hentry","category-noticias"],"acf":[],"yoast_head":"<!-- This site is optimized with the Yoast SEO plugin v27.2 - https:\/\/yoast.com\/product\/yoast-seo-wordpress\/ -->\n<title>GRATID\u00c3O - Perfil do Beato Padre Eust\u00e1quio no Instagram atinge 3 mil seguidores - Padre Eust\u00e1quio<\/title>\n<meta name=\"robots\" content=\"index, follow, max-snippet:-1, max-image-preview:large, max-video-preview:-1\" \/>\n<link rel=\"canonical\" href=\"https:\/\/www.padreeustaquio.com.br\/en\/blessed-father-eustaces-instagram-profile-reaches-3000-followers\/\" \/>\n<meta property=\"og:locale\" content=\"en_US\" \/>\n<meta property=\"og:type\" content=\"article\" \/>\n<meta property=\"og:title\" content=\"GRATID\u00c3O - Perfil do Beato Padre Eust\u00e1quio no Instagram atinge 3 mil seguidores - Padre Eust\u00e1quio\" \/>\n<meta property=\"og:description\" content=\"O perfil do Beato Padre Eust\u00e1quio alcan\u00e7ou a marca de 3 mil seguidores no Instagram. A Rede Social foi criada com o objetivo de levar a devo\u00e7\u00e3o ao bem-aventurado \u00e0s pessoas do Brasil e do mundo. Na p\u00e1gina \u00e9 poss\u00edvel encontrar muito da hist\u00f3ria de Padre Eust\u00e1quio, inclusive, com fotos antigas que pertenceram ao arquivo pessoal do padre holand\u00eas. Al\u00e9m disso, encontramos ora\u00e7\u00f5es, testemunhos, reflex\u00f5es e presta\u00e7\u00e3o de conta sobre o trabalho que a vice-postula\u00e7\u00e3o tem desenvolvido nas obras de A\u00e7\u00e3o Social e no processo de Canoniza\u00e7\u00e3o. O perfil \u00e9 usado ainda como canal de comunica\u00e7\u00e3o com os fi\u00e9is do [&hellip;]\" \/>\n<meta property=\"og:url\" content=\"https:\/\/www.padreeustaquio.com.br\/en\/blessed-father-eustaces-instagram-profile-reaches-3000-followers\/\" \/>\n<meta property=\"og:site_name\" content=\"Padre Eust\u00e1quio\" \/>\n<meta property=\"article:publisher\" content=\"https:\/\/www.facebook.com\/beatopadreeustaquio\/\" \/>\n<meta property=\"article:published_time\" content=\"2021-04-14T10:20:36+00:00\" \/>\n<meta property=\"og:image\" content=\"https:\/\/www.padreeustaquio.com.br\/wp-content\/uploads\/2021\/04\/INSTAGRAM-TRES-MIL.jpg\" \/>\n\t<meta property=\"og:image:width\" content=\"748\" \/>\n\t<meta property=\"og:image:height\" content=\"394\" \/>\n\t<meta property=\"og:image:type\" content=\"image\/jpeg\" \/>\n<meta name=\"author\" content=\"@sscc\" \/>\n<meta name=\"twitter:card\" content=\"summary_large_image\" \/>\n<meta name=\"twitter:creator\" content=\"@beatopeustaquio\" \/>\n<meta name=\"twitter:site\" content=\"@beatopeustaquio\" \/>\n<meta name=\"twitter:label1\" content=\"Written by\" \/>\n\t<meta name=\"twitter:data1\" content=\"@sscc\" \/>\n\t<meta name=\"twitter:label2\" content=\"Est. reading time\" \/>\n\t<meta name=\"twitter:data2\" content=\"1 minute\" \/>\n<script type=\"application\/ld+json\" class=\"yoast-schema-graph\">{\"@context\":\"https:\/\/schema.org\",\"@graph\":[{\"@type\":\"Article\",\"@id\":\"https:\/\/www.padreeustaquio.com.br\/perfil-do-beato-padre-eustaquio-no-instagram-atinge-3-mil-seguidores\/#article\",\"isPartOf\":{\"@id\":\"https:\/\/www.padreeustaquio.com.br\/perfil-do-beato-padre-eustaquio-no-instagram-atinge-3-mil-seguidores\/\"},\"author\":{\"name\":\"@sscc\",\"@id\":\"https:\/\/www.padreeustaquio.com.br\/#\/schema\/person\/a2a51db1d00f1a7af0204a0f1ddb1566\"},\"headline\":\"GRATID\u00c3O &#8211; Perfil do Beato Padre Eust\u00e1quio no Instagram atinge 3 mil seguidores\",\"datePublished\":\"2021-04-14T10:20:36+00:00\",\"mainEntityOfPage\":{\"@id\":\"https:\/\/www.padreeustaquio.com.br\/perfil-do-beato-padre-eustaquio-no-instagram-atinge-3-mil-seguidores\/\"},\"wordCount\":205,\"commentCount\":0,\"publisher\":{\"@id\":\"https:\/\/www.padreeustaquio.com.br\/#organization\"},\"image\":{\"@id\":\"https:\/\/www.padreeustaquio.com.br\/perfil-do-beato-padre-eustaquio-no-instagram-atinge-3-mil-seguidores\/#primaryimage\"},\"thumbnailUrl\":\"https:\/\/www.padreeustaquio.com.br\/wp-content\/uploads\/2021\/04\/INSTAGRAM-TRES-MIL.jpg\",\"articleSection\":[\"Not\u00edcias\"],\"inLanguage\":\"en-US\",\"potentialAction\":[{\"@type\":\"CommentAction\",\"name\":\"Comment\",\"target\":[\"https:\/\/www.padreeustaquio.com.br\/perfil-do-beato-padre-eustaquio-no-instagram-atinge-3-mil-seguidores\/#respond\"]}]},{\"@type\":\"WebPage\",\"@id\":\"https:\/\/www.padreeustaquio.com.br\/perfil-do-beato-padre-eustaquio-no-instagram-atinge-3-mil-seguidores\/\",\"url\":\"https:\/\/www.padreeustaquio.com.br\/perfil-do-beato-padre-eustaquio-no-instagram-atinge-3-mil-seguidores\/\",\"name\":\"GRATID\u00c3O - Perfil do Beato Padre Eust\u00e1quio no Instagram atinge 3 mil seguidores - Padre Eust\u00e1quio\",\"isPartOf\":{\"@id\":\"https:\/\/www.padreeustaquio.com.br\/#website\"},\"primaryImageOfPage\":{\"@id\":\"https:\/\/www.padreeustaquio.com.br\/perfil-do-beato-padre-eustaquio-no-instagram-atinge-3-mil-seguidores\/#primaryimage\"},\"image\":{\"@id\":\"https:\/\/www.padreeustaquio.com.br\/perfil-do-beato-padre-eustaquio-no-instagram-atinge-3-mil-seguidores\/#primaryimage\"},\"thumbnailUrl\":\"https:\/\/www.padreeustaquio.com.br\/wp-content\/uploads\/2021\/04\/INSTAGRAM-TRES-MIL.jpg\",\"datePublished\":\"2021-04-14T10:20:36+00:00\",\"breadcrumb\":{\"@id\":\"https:\/\/www.padreeustaquio.com.br\/perfil-do-beato-padre-eustaquio-no-instagram-atinge-3-mil-seguidores\/#breadcrumb\"},\"inLanguage\":\"en-US\",\"potentialAction\":[{\"@type\":\"ReadAction\",\"target\":[\"https:\/\/www.padreeustaquio.com.br\/perfil-do-beato-padre-eustaquio-no-instagram-atinge-3-mil-seguidores\/\"]}]},{\"@type\":\"ImageObject\",\"inLanguage\":\"en-US\",\"@id\":\"https:\/\/www.padreeustaquio.com.br\/perfil-do-beato-padre-eustaquio-no-instagram-atinge-3-mil-seguidores\/#primaryimage\",\"url\":\"https:\/\/www.padreeustaquio.com.br\/wp-content\/uploads\/2021\/04\/INSTAGRAM-TRES-MIL.jpg\",\"contentUrl\":\"https:\/\/www.padreeustaquio.com.br\/wp-content\/uploads\/2021\/04\/INSTAGRAM-TRES-MIL.jpg\",\"width\":748,\"height\":394},{\"@type\":\"BreadcrumbList\",\"@id\":\"https:\/\/www.padreeustaquio.com.br\/perfil-do-beato-padre-eustaquio-no-instagram-atinge-3-mil-seguidores\/#breadcrumb\",\"itemListElement\":[{\"@type\":\"ListItem\",\"position\":1,\"name\":\"In\u00edcio\",\"item\":\"https:\/\/www.padreeustaquio.com.br\/\"},{\"@type\":\"ListItem\",\"position\":2,\"name\":\"GRATID\u00c3O &#8211; Perfil do Beato Padre Eust\u00e1quio no Instagram atinge 3 mil seguidores\"}]},{\"@type\":\"WebSite\",\"@id\":\"https:\/\/www.padreeustaquio.com.br\/#website\",\"url\":\"https:\/\/www.padreeustaquio.com.br\/\",\"name\":\"Padre Eust\u00e1quio\",\"description\":\"Sa\u00fade e Paz\",\"publisher\":{\"@id\":\"https:\/\/www.padreeustaquio.com.br\/#organization\"},\"potentialAction\":[{\"@type\":\"SearchAction\",\"target\":{\"@type\":\"EntryPoint\",\"urlTemplate\":\"https:\/\/www.padreeustaquio.com.br\/?s={search_term_string}\"},\"query-input\":{\"@type\":\"PropertyValueSpecification\",\"valueRequired\":true,\"valueName\":\"search_term_string\"}}],\"inLanguage\":\"en-US\"},{\"@type\":\"Organization\",\"@id\":\"https:\/\/www.padreeustaquio.com.br\/#organization\",\"name\":\"Padre Eust\u00e1quio\",\"url\":\"https:\/\/www.padreeustaquio.com.br\/\",\"logo\":{\"@type\":\"ImageObject\",\"inLanguage\":\"en-US\",\"@id\":\"https:\/\/www.padreeustaquio.com.br\/#\/schema\/logo\/image\/\",\"url\":\"https:\/\/www.padreeustaquio.com.br\/wp-content\/uploads\/2019\/08\/marca.png\",\"contentUrl\":\"https:\/\/www.padreeustaquio.com.br\/wp-content\/uploads\/2019\/08\/marca.png\",\"width\":350,\"height\":400,\"caption\":\"Padre Eust\u00e1quio\"},\"image\":{\"@id\":\"https:\/\/www.padreeustaquio.com.br\/#\/schema\/logo\/image\/\"},\"sameAs\":[\"https:\/\/www.facebook.com\/beatopadreeustaquio\/\",\"https:\/\/x.com\/beatopeustaquio\",\"https:\/\/www.instagram.com\/beatopadreeustaquio\/\",\"https:\/\/www.youtube.com\/channel\/UCRhw7vfabnajwLxb1ZXMeIw\"]},{\"@type\":\"Person\",\"@id\":\"https:\/\/www.padreeustaquio.com.br\/#\/schema\/person\/a2a51db1d00f1a7af0204a0f1ddb1566\",\"name\":\"@sscc\",\"image\":{\"@type\":\"ImageObject\",\"inLanguage\":\"en-US\",\"@id\":\"https:\/\/secure.gravatar.com\/avatar\/68cfafa5f44617fea54071e215026e0ff06be366c3d54a8425f04fdcb86f8c5f?s=96&d=mm&r=g\",\"url\":\"https:\/\/secure.gravatar.com\/avatar\/68cfafa5f44617fea54071e215026e0ff06be366c3d54a8425f04fdcb86f8c5f?s=96&d=mm&r=g\",\"contentUrl\":\"https:\/\/secure.gravatar.com\/avatar\/68cfafa5f44617fea54071e215026e0ff06be366c3d54a8425f04fdcb86f8c5f?s=96&d=mm&r=g\",\"caption\":\"@sscc\"},\"url\":\"https:\/\/www.padreeustaquio.com.br\/en\/author\/sscc\/\"}]}<\/script>\n<!-- \/ Yoast SEO plugin. -->","yoast_head_json":{"title":"GRATITUDE - Blessed Father Eustace&#039;s Instagram profile reaches 3,000 followers - Father Eustace","robots":{"index":"index","follow":"follow","max-snippet":"max-snippet:-1","max-image-preview":"max-image-preview:large","max-video-preview":"max-video-preview:-1"},"canonical":"https:\/\/www.padreeustaquio.com.br\/en\/blessed-father-eustaces-instagram-profile-reaches-3000-followers\/","og_locale":"en_US","og_type":"article","og_title":"GRATID\u00c3O - Perfil do Beato Padre Eust\u00e1quio no Instagram atinge 3 mil seguidores - Padre Eust\u00e1quio","og_description":"O perfil do Beato Padre Eust\u00e1quio alcan\u00e7ou a marca de 3 mil seguidores no Instagram. A Rede Social foi criada com o objetivo de levar a devo\u00e7\u00e3o ao bem-aventurado \u00e0s pessoas do Brasil e do mundo. Na p\u00e1gina \u00e9 poss\u00edvel encontrar muito da hist\u00f3ria de Padre Eust\u00e1quio, inclusive, com fotos antigas que pertenceram ao arquivo pessoal do padre holand\u00eas. Al\u00e9m disso, encontramos ora\u00e7\u00f5es, testemunhos, reflex\u00f5es e presta\u00e7\u00e3o de conta sobre o trabalho que a vice-postula\u00e7\u00e3o tem desenvolvido nas obras de A\u00e7\u00e3o Social e no processo de Canoniza\u00e7\u00e3o. O perfil \u00e9 usado ainda como canal de comunica\u00e7\u00e3o com os fi\u00e9is do [&hellip;]","og_url":"https:\/\/www.padreeustaquio.com.br\/en\/blessed-father-eustaces-instagram-profile-reaches-3000-followers\/","og_site_name":"Padre Eust\u00e1quio","article_publisher":"https:\/\/www.facebook.com\/beatopadreeustaquio\/","article_published_time":"2021-04-14T10:20:36+00:00","og_image":[{"width":748,"height":394,"url":"https:\/\/www.padreeustaquio.com.br\/wp-content\/uploads\/2021\/04\/INSTAGRAM-TRES-MIL.jpg","type":"image\/jpeg"}],"author":"@sscc","twitter_card":"summary_large_image","twitter_creator":"@beatopeustaquio","twitter_site":"@beatopeustaquio","twitter_misc":{"Written by":"@sscc","Est. reading time":"1 minute"},"schema":{"@context":"https:\/\/schema.org","@graph":[{"@type":"Article","@id":"https:\/\/www.padreeustaquio.com.br\/perfil-do-beato-padre-eustaquio-no-instagram-atinge-3-mil-seguidores\/#article","isPartOf":{"@id":"https:\/\/www.padreeustaquio.com.br\/perfil-do-beato-padre-eustaquio-no-instagram-atinge-3-mil-seguidores\/"},"author":{"name":"@sscc","@id":"https:\/\/www.padreeustaquio.com.br\/#\/schema\/person\/a2a51db1d00f1a7af0204a0f1ddb1566"},"headline":"GRATID\u00c3O &#8211; Perfil do Beato Padre Eust\u00e1quio no Instagram atinge 3 mil seguidores","datePublished":"2021-04-14T10:20:36+00:00","mainEntityOfPage":{"@id":"https:\/\/www.padreeustaquio.com.br\/perfil-do-beato-padre-eustaquio-no-instagram-atinge-3-mil-seguidores\/"},"wordCount":205,"commentCount":0,"publisher":{"@id":"https:\/\/www.padreeustaquio.com.br\/#organization"},"image":{"@id":"https:\/\/www.padreeustaquio.com.br\/perfil-do-beato-padre-eustaquio-no-instagram-atinge-3-mil-seguidores\/#primaryimage"},"thumbnailUrl":"https:\/\/www.padreeustaquio.com.br\/wp-content\/uploads\/2021\/04\/INSTAGRAM-TRES-MIL.jpg","articleSection":["Not\u00edcias"],"inLanguage":"en-US","potentialAction":[{"@type":"CommentAction","name":"Comment","target":["https:\/\/www.padreeustaquio.com.br\/perfil-do-beato-padre-eustaquio-no-instagram-atinge-3-mil-seguidores\/#respond"]}]},{"@type":"WebPage","@id":"https:\/\/www.padreeustaquio.com.br\/perfil-do-beato-padre-eustaquio-no-instagram-atinge-3-mil-seguidores\/","url":"https:\/\/www.padreeustaquio.com.br\/perfil-do-beato-padre-eustaquio-no-instagram-atinge-3-mil-seguidores\/","name":"GRATITUDE - Blessed Father Eustace&#039;s Instagram profile reaches 3,000 followers - Father Eustace","isPartOf":{"@id":"https:\/\/www.padreeustaquio.com.br\/#website"},"primaryImageOfPage":{"@id":"https:\/\/www.padreeustaquio.com.br\/perfil-do-beato-padre-eustaquio-no-instagram-atinge-3-mil-seguidores\/#primaryimage"},"image":{"@id":"https:\/\/www.padreeustaquio.com.br\/perfil-do-beato-padre-eustaquio-no-instagram-atinge-3-mil-seguidores\/#primaryimage"},"thumbnailUrl":"https:\/\/www.padreeustaquio.com.br\/wp-content\/uploads\/2021\/04\/INSTAGRAM-TRES-MIL.jpg","datePublished":"2021-04-14T10:20:36+00:00","breadcrumb":{"@id":"https:\/\/www.padreeustaquio.com.br\/perfil-do-beato-padre-eustaquio-no-instagram-atinge-3-mil-seguidores\/#breadcrumb"},"inLanguage":"en-US","potentialAction":[{"@type":"ReadAction","target":["https:\/\/www.padreeustaquio.com.br\/perfil-do-beato-padre-eustaquio-no-instagram-atinge-3-mil-seguidores\/"]}]},{"@type":"ImageObject","inLanguage":"en-US","@id":"https:\/\/www.padreeustaquio.com.br\/perfil-do-beato-padre-eustaquio-no-instagram-atinge-3-mil-seguidores\/#primaryimage","url":"https:\/\/www.padreeustaquio.com.br\/wp-content\/uploads\/2021\/04\/INSTAGRAM-TRES-MIL.jpg","contentUrl":"https:\/\/www.padreeustaquio.com.br\/wp-content\/uploads\/2021\/04\/INSTAGRAM-TRES-MIL.jpg","width":748,"height":394},{"@type":"BreadcrumbList","@id":"https:\/\/www.padreeustaquio.com.br\/perfil-do-beato-padre-eustaquio-no-instagram-atinge-3-mil-seguidores\/#breadcrumb","itemListElement":[{"@type":"ListItem","position":1,"name":"In\u00edcio","item":"https:\/\/www.padreeustaquio.com.br\/"},{"@type":"ListItem","position":2,"name":"GRATID\u00c3O &#8211; Perfil do Beato Padre Eust\u00e1quio no Instagram atinge 3 mil seguidores"}]},{"@type":"WebSite","@id":"https:\/\/www.padreeustaquio.com.br\/#website","url":"https:\/\/www.padreeustaquio.com.br\/","name":"FATHER EUST\u00c1QUIO","description":"Health and Peace","publisher":{"@id":"https:\/\/www.padreeustaquio.com.br\/#organization"},"potentialAction":[{"@type":"SearchAction","target":{"@type":"EntryPoint","urlTemplate":"https:\/\/www.padreeustaquio.com.br\/?s={search_term_string}"},"query-input":{"@type":"PropertyValueSpecification","valueRequired":true,"valueName":"search_term_string"}}],"inLanguage":"en-US"},{"@type":"Organization","@id":"https:\/\/www.padreeustaquio.com.br\/#organization","name":"FATHER EUST\u00c1QUIO","url":"https:\/\/www.padreeustaquio.com.br\/","logo":{"@type":"ImageObject","inLanguage":"en-US","@id":"https:\/\/www.padreeustaquio.com.br\/#\/schema\/logo\/image\/","url":"https:\/\/www.padreeustaquio.com.br\/wp-content\/uploads\/2019\/08\/marca.png","contentUrl":"https:\/\/www.padreeustaquio.com.br\/wp-content\/uploads\/2019\/08\/marca.png","width":350,"height":400,"caption":"Padre Eust\u00e1quio"},"image":{"@id":"https:\/\/www.padreeustaquio.com.br\/#\/schema\/logo\/image\/"},"sameAs":["https:\/\/www.facebook.com\/beatopadreeustaquio\/","https:\/\/x.com\/beatopeustaquio","https:\/\/www.instagram.com\/beatopadreeustaquio\/","https:\/\/www.youtube.com\/channel\/UCRhw7vfabnajwLxb1ZXMeIw"]},{"@type":"Person","@id":"https:\/\/www.padreeustaquio.com.br\/#\/schema\/person\/a2a51db1d00f1a7af0204a0f1ddb1566","name":"@sscc","image":{"@type":"ImageObject","inLanguage":"en-US","@id":"https:\/\/secure.gravatar.com\/avatar\/68cfafa5f44617fea54071e215026e0ff06be366c3d54a8425f04fdcb86f8c5f?s=96&d=mm&r=g","url":"https:\/\/secure.gravatar.com\/avatar\/68cfafa5f44617fea54071e215026e0ff06be366c3d54a8425f04fdcb86f8c5f?s=96&d=mm&r=g","contentUrl":"https:\/\/secure.gravatar.com\/avatar\/68cfafa5f44617fea54071e215026e0ff06be366c3d54a8425f04fdcb86f8c5f?s=96&d=mm&r=g","caption":"@sscc"},"url":"https:\/\/www.padreeustaquio.com.br\/en\/author\/sscc\/"}]}},"_links":{"self":[{"href":"https:\/\/www.padreeustaquio.com.br\/en\/wp-json\/wp\/v2\/posts\/5509","targetHints":{"allow":["GET"]}}],"collection":[{"href":"https:\/\/www.padreeustaquio.com.br\/en\/wp-json\/wp\/v2\/posts"}],"about":[{"href":"https:\/\/www.padreeustaquio.com.br\/en\/wp-json\/wp\/v2\/types\/post"}],"author":[{"embeddable":true,"href":"https:\/\/www.padreeustaquio.com.br\/en\/wp-json\/wp\/v2\/users\/2"}],"replies":[{"embeddable":true,"href":"https:\/\/www.padreeustaquio.com.br\/en\/wp-json\/wp\/v2\/comments?post=5509"}],"version-history":[{"count":0,"href":"https:\/\/www.padreeustaquio.com.br\/en\/wp-json\/wp\/v2\/posts\/5509\/revisions"}],"wp:featuredmedia":[{"embeddable":true,"href":"https:\/\/www.padreeustaquio.com.br\/en\/wp-json\/wp\/v2\/media\/5510"}],"wp:attachment":[{"href":"https:\/\/www.padreeustaquio.com.br\/en\/wp-json\/wp\/v2\/media?parent=5509"}],"wp:term":[{"taxonomy":"category","embeddable":true,"href":"https:\/\/www.padreeustaquio.com.br\/en\/wp-json\/wp\/v2\/categories?post=5509"},{"taxonomy":"post_tag","embeddable":true,"href":"https:\/\/www.padreeustaquio.com.br\/en\/wp-json\/wp\/v2\/tags?post=5509"}],"curies":[{"name":"wp","href":"https:\/\/api.w.org\/{rel}","templated":true}]}}