{"id":5497,"date":"2021-04-10T12:30:51","date_gmt":"2021-04-10T15:30:51","guid":{"rendered":"https:\/\/www.padreeustaquio.com.br\/?p=5497"},"modified":"2021-04-09T20:50:16","modified_gmt":"2021-04-09T23:50:16","slug":"celebratory-itinerary-for-the-second-sunday-of-easter","status":"publish","type":"post","link":"https:\/\/www.padreeustaquio.com.br\/en\/celebratory-itinerary-for-the-second-sunday-of-easter\/","title":{"rendered":"Celebratory Itinerary \u2013 Second Sunday of Easter"},"content":{"rendered":"<p>The faith communities of the Archdiocese of Belo Horizonte celebrate the 2nd Sunday of Easter this weekend. Therefore, the Archdiocese of Belo Horizonte contributes to your prayers at home, with your family, by providing a guide to celebrate at home the Sunday of Jesus&#039; encounter with Thomas. Produced by Sister Penha Carpanedo, of the Congregation of the Disciples of the Divine Master (Liturgical Apostolate), editor of the Liturgy Magazine and member of the Celebra Network for liturgical animation.<\/p>\n<p>To receive the weekly scripts, send a message to the Archdiocesan Secretariat of Liturgy&#039;s WhatsApp: (31) 98634-0614.<\/p>\n<p><em>\u201cEaster Time is born from the Vigil; there the passage from mourning to joy, from fasting to feasting, from sadness to celebration, from death to life takes place. A time of joy, of thanksgiving, of deepening the meaning of the Christian mystery and of life in Christ, of the mystery of the Church and consequently of the mystery of the community of Christians, Easter Time is the spiritual time par excellence of the liturgical year.\u201d<\/em><strong>\u00a0(cf.:\u00a0<\/strong><a href=\"https:\/\/tinyurl.com\/8hr892bk\" data-auth=\"NotApplicable\" data-linkindex=\"0\">https:\/\/tinyurl.com\/8hr892bk<\/a><strong>)<\/strong><\/p>\n<p><a href=\"https:\/\/arquidiocesebh.org.br\/wp-content\/uploads\/2021\/04\/impressao-2o-domingo-da-pascoa.pdf\">CELEBRATORY GUIDE: 2ND SUNDAY OF EASTER \u2013 FOR PRINTING<\/a><\/p>\n<p><a href=\"https:\/\/arquidiocesebh.org.br\/wp-content\/uploads\/2021\/04\/celular-2o-domingo-da-pascoa.pdf\">CELEBRATORY SCRIPT: 2ND SUNDAY OF EASTER \u2013 FOR MOBILE PHONES<\/a><\/p>","protected":false},"excerpt":{"rendered":"<p>As comunidades de f\u00e9 da Arquidiocese de Belo Horizonte celebram, neste fim de semana, o 2\u00ba Domingo da P\u00e1scoa. Por isso, a Arquidiocese de Belo Horizonte, contribui com as suas ora\u00e7\u00f5es em casa, com a sua fam\u00edlia, disponibilizando o roteiro para celebrar em casa o Domingo do encontro de Jesus com Tom\u00e9. Produzido pela Irm\u00e3 Penha Carpanedo, da Congrega\u00e7\u00e3o Disc\u00edpulas do Divino Mestre (Apostolado lit\u00fargico), redatora da Revista de Liturgia e membro da Rede Celebra de anima\u00e7\u00e3o lit\u00fargica. Para receber os roteiros semanalmente, envie mensagem para o WhatsApp do Secretariado Arquidiocesano de Liturgia: (31) 98634-0614. \u201cO Tempo Pascal nasce da [&hellip;]<\/p>\n","protected":false},"author":2,"featured_media":5498,"comment_status":"open","ping_status":"closed","sticky":false,"template":"","format":"standard","meta":{"_acf_changed":false,"footnotes":""},"categories":[611],"tags":[],"class_list":["post-5497","post","type-post","status-publish","format-standard","has-post-thumbnail","hentry","category-noticias"],"acf":[],"yoast_head":"<!-- This site is optimized with the Yoast SEO plugin v27.2 - https:\/\/yoast.com\/product\/yoast-seo-wordpress\/ -->\n<title>Roteiro Celebrativo - Segundo Domingo da P\u00e1scoa - Padre Eust\u00e1quio<\/title>\n<meta name=\"robots\" content=\"index, follow, max-snippet:-1, max-image-preview:large, max-video-preview:-1\" \/>\n<link rel=\"canonical\" href=\"https:\/\/www.padreeustaquio.com.br\/en\/celebratory-itinerary-for-the-second-sunday-of-easter\/\" \/>\n<meta property=\"og:locale\" content=\"en_US\" \/>\n<meta property=\"og:type\" content=\"article\" \/>\n<meta property=\"og:title\" content=\"Roteiro Celebrativo - Segundo Domingo da P\u00e1scoa - Padre Eust\u00e1quio\" \/>\n<meta property=\"og:description\" content=\"As comunidades de f\u00e9 da Arquidiocese de Belo Horizonte celebram, neste fim de semana, o 2\u00ba Domingo da P\u00e1scoa. Por isso, a Arquidiocese de Belo Horizonte, contribui com as suas ora\u00e7\u00f5es em casa, com a sua fam\u00edlia, disponibilizando o roteiro para celebrar em casa o Domingo do encontro de Jesus com Tom\u00e9. Produzido pela Irm\u00e3 Penha Carpanedo, da Congrega\u00e7\u00e3o Disc\u00edpulas do Divino Mestre (Apostolado lit\u00fargico), redatora da Revista de Liturgia e membro da Rede Celebra de anima\u00e7\u00e3o lit\u00fargica. Para receber os roteiros semanalmente, envie mensagem para o WhatsApp do Secretariado Arquidiocesano de Liturgia: (31) 98634-0614. \u201cO Tempo Pascal nasce da [&hellip;]\" \/>\n<meta property=\"og:url\" content=\"https:\/\/www.padreeustaquio.com.br\/en\/celebratory-itinerary-for-the-second-sunday-of-easter\/\" \/>\n<meta property=\"og:site_name\" content=\"Padre Eust\u00e1quio\" \/>\n<meta property=\"article:publisher\" content=\"https:\/\/www.facebook.com\/beatopadreeustaquio\/\" \/>\n<meta property=\"article:published_time\" content=\"2021-04-10T15:30:51+00:00\" \/>\n<meta property=\"og:image\" content=\"https:\/\/www.padreeustaquio.com.br\/wp-content\/uploads\/2021\/04\/Roteiro-celebrativo-seg-dom.-pas.jpg\" \/>\n\t<meta property=\"og:image:width\" content=\"748\" \/>\n\t<meta property=\"og:image:height\" content=\"394\" \/>\n\t<meta property=\"og:image:type\" content=\"image\/jpeg\" \/>\n<meta name=\"author\" content=\"@sscc\" \/>\n<meta name=\"twitter:card\" content=\"summary_large_image\" \/>\n<meta name=\"twitter:creator\" content=\"@beatopeustaquio\" \/>\n<meta name=\"twitter:site\" content=\"@beatopeustaquio\" \/>\n<meta name=\"twitter:label1\" content=\"Written by\" \/>\n\t<meta name=\"twitter:data1\" content=\"@sscc\" \/>\n\t<meta name=\"twitter:label2\" content=\"Est. reading time\" \/>\n\t<meta name=\"twitter:data2\" content=\"1 minute\" \/>\n<script type=\"application\/ld+json\" class=\"yoast-schema-graph\">{\"@context\":\"https:\/\/schema.org\",\"@graph\":[{\"@type\":\"Article\",\"@id\":\"https:\/\/www.padreeustaquio.com.br\/roteiro-celebrativo-segundo-domingo-da-pascoa\/#article\",\"isPartOf\":{\"@id\":\"https:\/\/www.padreeustaquio.com.br\/roteiro-celebrativo-segundo-domingo-da-pascoa\/\"},\"author\":{\"name\":\"@sscc\",\"@id\":\"https:\/\/www.padreeustaquio.com.br\/#\/schema\/person\/a2a51db1d00f1a7af0204a0f1ddb1566\"},\"headline\":\"Roteiro Celebrativo &#8211; Segundo Domingo da P\u00e1scoa\",\"datePublished\":\"2021-04-10T15:30:51+00:00\",\"mainEntityOfPage\":{\"@id\":\"https:\/\/www.padreeustaquio.com.br\/roteiro-celebrativo-segundo-domingo-da-pascoa\/\"},\"wordCount\":208,\"commentCount\":0,\"publisher\":{\"@id\":\"https:\/\/www.padreeustaquio.com.br\/#organization\"},\"image\":{\"@id\":\"https:\/\/www.padreeustaquio.com.br\/roteiro-celebrativo-segundo-domingo-da-pascoa\/#primaryimage\"},\"thumbnailUrl\":\"https:\/\/www.padreeustaquio.com.br\/wp-content\/uploads\/2021\/04\/Roteiro-celebrativo-seg-dom.-pas.jpg\",\"articleSection\":[\"Not\u00edcias\"],\"inLanguage\":\"en-US\",\"potentialAction\":[{\"@type\":\"CommentAction\",\"name\":\"Comment\",\"target\":[\"https:\/\/www.padreeustaquio.com.br\/roteiro-celebrativo-segundo-domingo-da-pascoa\/#respond\"]}]},{\"@type\":\"WebPage\",\"@id\":\"https:\/\/www.padreeustaquio.com.br\/roteiro-celebrativo-segundo-domingo-da-pascoa\/\",\"url\":\"https:\/\/www.padreeustaquio.com.br\/roteiro-celebrativo-segundo-domingo-da-pascoa\/\",\"name\":\"Roteiro Celebrativo - Segundo Domingo da P\u00e1scoa - Padre Eust\u00e1quio\",\"isPartOf\":{\"@id\":\"https:\/\/www.padreeustaquio.com.br\/#website\"},\"primaryImageOfPage\":{\"@id\":\"https:\/\/www.padreeustaquio.com.br\/roteiro-celebrativo-segundo-domingo-da-pascoa\/#primaryimage\"},\"image\":{\"@id\":\"https:\/\/www.padreeustaquio.com.br\/roteiro-celebrativo-segundo-domingo-da-pascoa\/#primaryimage\"},\"thumbnailUrl\":\"https:\/\/www.padreeustaquio.com.br\/wp-content\/uploads\/2021\/04\/Roteiro-celebrativo-seg-dom.-pas.jpg\",\"datePublished\":\"2021-04-10T15:30:51+00:00\",\"breadcrumb\":{\"@id\":\"https:\/\/www.padreeustaquio.com.br\/roteiro-celebrativo-segundo-domingo-da-pascoa\/#breadcrumb\"},\"inLanguage\":\"en-US\",\"potentialAction\":[{\"@type\":\"ReadAction\",\"target\":[\"https:\/\/www.padreeustaquio.com.br\/roteiro-celebrativo-segundo-domingo-da-pascoa\/\"]}]},{\"@type\":\"ImageObject\",\"inLanguage\":\"en-US\",\"@id\":\"https:\/\/www.padreeustaquio.com.br\/roteiro-celebrativo-segundo-domingo-da-pascoa\/#primaryimage\",\"url\":\"https:\/\/www.padreeustaquio.com.br\/wp-content\/uploads\/2021\/04\/Roteiro-celebrativo-seg-dom.-pas.jpg\",\"contentUrl\":\"https:\/\/www.padreeustaquio.com.br\/wp-content\/uploads\/2021\/04\/Roteiro-celebrativo-seg-dom.-pas.jpg\",\"width\":748,\"height\":394},{\"@type\":\"BreadcrumbList\",\"@id\":\"https:\/\/www.padreeustaquio.com.br\/roteiro-celebrativo-segundo-domingo-da-pascoa\/#breadcrumb\",\"itemListElement\":[{\"@type\":\"ListItem\",\"position\":1,\"name\":\"In\u00edcio\",\"item\":\"https:\/\/www.padreeustaquio.com.br\/\"},{\"@type\":\"ListItem\",\"position\":2,\"name\":\"Roteiro Celebrativo &#8211; Segundo Domingo da P\u00e1scoa\"}]},{\"@type\":\"WebSite\",\"@id\":\"https:\/\/www.padreeustaquio.com.br\/#website\",\"url\":\"https:\/\/www.padreeustaquio.com.br\/\",\"name\":\"Padre Eust\u00e1quio\",\"description\":\"Sa\u00fade e Paz\",\"publisher\":{\"@id\":\"https:\/\/www.padreeustaquio.com.br\/#organization\"},\"potentialAction\":[{\"@type\":\"SearchAction\",\"target\":{\"@type\":\"EntryPoint\",\"urlTemplate\":\"https:\/\/www.padreeustaquio.com.br\/?s={search_term_string}\"},\"query-input\":{\"@type\":\"PropertyValueSpecification\",\"valueRequired\":true,\"valueName\":\"search_term_string\"}}],\"inLanguage\":\"en-US\"},{\"@type\":\"Organization\",\"@id\":\"https:\/\/www.padreeustaquio.com.br\/#organization\",\"name\":\"Padre Eust\u00e1quio\",\"url\":\"https:\/\/www.padreeustaquio.com.br\/\",\"logo\":{\"@type\":\"ImageObject\",\"inLanguage\":\"en-US\",\"@id\":\"https:\/\/www.padreeustaquio.com.br\/#\/schema\/logo\/image\/\",\"url\":\"https:\/\/www.padreeustaquio.com.br\/wp-content\/uploads\/2019\/08\/marca.png\",\"contentUrl\":\"https:\/\/www.padreeustaquio.com.br\/wp-content\/uploads\/2019\/08\/marca.png\",\"width\":350,\"height\":400,\"caption\":\"Padre Eust\u00e1quio\"},\"image\":{\"@id\":\"https:\/\/www.padreeustaquio.com.br\/#\/schema\/logo\/image\/\"},\"sameAs\":[\"https:\/\/www.facebook.com\/beatopadreeustaquio\/\",\"https:\/\/x.com\/beatopeustaquio\",\"https:\/\/www.instagram.com\/beatopadreeustaquio\/\",\"https:\/\/www.youtube.com\/channel\/UCRhw7vfabnajwLxb1ZXMeIw\"]},{\"@type\":\"Person\",\"@id\":\"https:\/\/www.padreeustaquio.com.br\/#\/schema\/person\/a2a51db1d00f1a7af0204a0f1ddb1566\",\"name\":\"@sscc\",\"image\":{\"@type\":\"ImageObject\",\"inLanguage\":\"en-US\",\"@id\":\"https:\/\/secure.gravatar.com\/avatar\/68cfafa5f44617fea54071e215026e0ff06be366c3d54a8425f04fdcb86f8c5f?s=96&d=mm&r=g\",\"url\":\"https:\/\/secure.gravatar.com\/avatar\/68cfafa5f44617fea54071e215026e0ff06be366c3d54a8425f04fdcb86f8c5f?s=96&d=mm&r=g\",\"contentUrl\":\"https:\/\/secure.gravatar.com\/avatar\/68cfafa5f44617fea54071e215026e0ff06be366c3d54a8425f04fdcb86f8c5f?s=96&d=mm&r=g\",\"caption\":\"@sscc\"},\"url\":\"https:\/\/www.padreeustaquio.com.br\/en\/author\/sscc\/\"}]}<\/script>\n<!-- \/ Yoast SEO plugin. -->","yoast_head_json":{"title":"Celebratory Itinerary - Second Sunday of Easter - Father Eust\u00e1quio","robots":{"index":"index","follow":"follow","max-snippet":"max-snippet:-1","max-image-preview":"max-image-preview:large","max-video-preview":"max-video-preview:-1"},"canonical":"https:\/\/www.padreeustaquio.com.br\/en\/celebratory-itinerary-for-the-second-sunday-of-easter\/","og_locale":"en_US","og_type":"article","og_title":"Roteiro Celebrativo - Segundo Domingo da P\u00e1scoa - Padre Eust\u00e1quio","og_description":"As comunidades de f\u00e9 da Arquidiocese de Belo Horizonte celebram, neste fim de semana, o 2\u00ba Domingo da P\u00e1scoa. Por isso, a Arquidiocese de Belo Horizonte, contribui com as suas ora\u00e7\u00f5es em casa, com a sua fam\u00edlia, disponibilizando o roteiro para celebrar em casa o Domingo do encontro de Jesus com Tom\u00e9. Produzido pela Irm\u00e3 Penha Carpanedo, da Congrega\u00e7\u00e3o Disc\u00edpulas do Divino Mestre (Apostolado lit\u00fargico), redatora da Revista de Liturgia e membro da Rede Celebra de anima\u00e7\u00e3o lit\u00fargica. Para receber os roteiros semanalmente, envie mensagem para o WhatsApp do Secretariado Arquidiocesano de Liturgia: (31) 98634-0614. \u201cO Tempo Pascal nasce da [&hellip;]","og_url":"https:\/\/www.padreeustaquio.com.br\/en\/celebratory-itinerary-for-the-second-sunday-of-easter\/","og_site_name":"Padre Eust\u00e1quio","article_publisher":"https:\/\/www.facebook.com\/beatopadreeustaquio\/","article_published_time":"2021-04-10T15:30:51+00:00","og_image":[{"width":748,"height":394,"url":"https:\/\/www.padreeustaquio.com.br\/wp-content\/uploads\/2021\/04\/Roteiro-celebrativo-seg-dom.-pas.jpg","type":"image\/jpeg"}],"author":"@sscc","twitter_card":"summary_large_image","twitter_creator":"@beatopeustaquio","twitter_site":"@beatopeustaquio","twitter_misc":{"Written by":"@sscc","Est. reading time":"1 minute"},"schema":{"@context":"https:\/\/schema.org","@graph":[{"@type":"Article","@id":"https:\/\/www.padreeustaquio.com.br\/roteiro-celebrativo-segundo-domingo-da-pascoa\/#article","isPartOf":{"@id":"https:\/\/www.padreeustaquio.com.br\/roteiro-celebrativo-segundo-domingo-da-pascoa\/"},"author":{"name":"@sscc","@id":"https:\/\/www.padreeustaquio.com.br\/#\/schema\/person\/a2a51db1d00f1a7af0204a0f1ddb1566"},"headline":"Roteiro Celebrativo &#8211; Segundo Domingo da P\u00e1scoa","datePublished":"2021-04-10T15:30:51+00:00","mainEntityOfPage":{"@id":"https:\/\/www.padreeustaquio.com.br\/roteiro-celebrativo-segundo-domingo-da-pascoa\/"},"wordCount":208,"commentCount":0,"publisher":{"@id":"https:\/\/www.padreeustaquio.com.br\/#organization"},"image":{"@id":"https:\/\/www.padreeustaquio.com.br\/roteiro-celebrativo-segundo-domingo-da-pascoa\/#primaryimage"},"thumbnailUrl":"https:\/\/www.padreeustaquio.com.br\/wp-content\/uploads\/2021\/04\/Roteiro-celebrativo-seg-dom.-pas.jpg","articleSection":["Not\u00edcias"],"inLanguage":"en-US","potentialAction":[{"@type":"CommentAction","name":"Comment","target":["https:\/\/www.padreeustaquio.com.br\/roteiro-celebrativo-segundo-domingo-da-pascoa\/#respond"]}]},{"@type":"WebPage","@id":"https:\/\/www.padreeustaquio.com.br\/roteiro-celebrativo-segundo-domingo-da-pascoa\/","url":"https:\/\/www.padreeustaquio.com.br\/roteiro-celebrativo-segundo-domingo-da-pascoa\/","name":"Celebratory Itinerary - Second Sunday of Easter - Father Eust\u00e1quio","isPartOf":{"@id":"https:\/\/www.padreeustaquio.com.br\/#website"},"primaryImageOfPage":{"@id":"https:\/\/www.padreeustaquio.com.br\/roteiro-celebrativo-segundo-domingo-da-pascoa\/#primaryimage"},"image":{"@id":"https:\/\/www.padreeustaquio.com.br\/roteiro-celebrativo-segundo-domingo-da-pascoa\/#primaryimage"},"thumbnailUrl":"https:\/\/www.padreeustaquio.com.br\/wp-content\/uploads\/2021\/04\/Roteiro-celebrativo-seg-dom.-pas.jpg","datePublished":"2021-04-10T15:30:51+00:00","breadcrumb":{"@id":"https:\/\/www.padreeustaquio.com.br\/roteiro-celebrativo-segundo-domingo-da-pascoa\/#breadcrumb"},"inLanguage":"en-US","potentialAction":[{"@type":"ReadAction","target":["https:\/\/www.padreeustaquio.com.br\/roteiro-celebrativo-segundo-domingo-da-pascoa\/"]}]},{"@type":"ImageObject","inLanguage":"en-US","@id":"https:\/\/www.padreeustaquio.com.br\/roteiro-celebrativo-segundo-domingo-da-pascoa\/#primaryimage","url":"https:\/\/www.padreeustaquio.com.br\/wp-content\/uploads\/2021\/04\/Roteiro-celebrativo-seg-dom.-pas.jpg","contentUrl":"https:\/\/www.padreeustaquio.com.br\/wp-content\/uploads\/2021\/04\/Roteiro-celebrativo-seg-dom.-pas.jpg","width":748,"height":394},{"@type":"BreadcrumbList","@id":"https:\/\/www.padreeustaquio.com.br\/roteiro-celebrativo-segundo-domingo-da-pascoa\/#breadcrumb","itemListElement":[{"@type":"ListItem","position":1,"name":"In\u00edcio","item":"https:\/\/www.padreeustaquio.com.br\/"},{"@type":"ListItem","position":2,"name":"Roteiro Celebrativo &#8211; Segundo Domingo da P\u00e1scoa"}]},{"@type":"WebSite","@id":"https:\/\/www.padreeustaquio.com.br\/#website","url":"https:\/\/www.padreeustaquio.com.br\/","name":"FATHER EUST\u00c1QUIO","description":"Health and Peace","publisher":{"@id":"https:\/\/www.padreeustaquio.com.br\/#organization"},"potentialAction":[{"@type":"SearchAction","target":{"@type":"EntryPoint","urlTemplate":"https:\/\/www.padreeustaquio.com.br\/?s={search_term_string}"},"query-input":{"@type":"PropertyValueSpecification","valueRequired":true,"valueName":"search_term_string"}}],"inLanguage":"en-US"},{"@type":"Organization","@id":"https:\/\/www.padreeustaquio.com.br\/#organization","name":"FATHER EUST\u00c1QUIO","url":"https:\/\/www.padreeustaquio.com.br\/","logo":{"@type":"ImageObject","inLanguage":"en-US","@id":"https:\/\/www.padreeustaquio.com.br\/#\/schema\/logo\/image\/","url":"https:\/\/www.padreeustaquio.com.br\/wp-content\/uploads\/2019\/08\/marca.png","contentUrl":"https:\/\/www.padreeustaquio.com.br\/wp-content\/uploads\/2019\/08\/marca.png","width":350,"height":400,"caption":"Padre Eust\u00e1quio"},"image":{"@id":"https:\/\/www.padreeustaquio.com.br\/#\/schema\/logo\/image\/"},"sameAs":["https:\/\/www.facebook.com\/beatopadreeustaquio\/","https:\/\/x.com\/beatopeustaquio","https:\/\/www.instagram.com\/beatopadreeustaquio\/","https:\/\/www.youtube.com\/channel\/UCRhw7vfabnajwLxb1ZXMeIw"]},{"@type":"Person","@id":"https:\/\/www.padreeustaquio.com.br\/#\/schema\/person\/a2a51db1d00f1a7af0204a0f1ddb1566","name":"@sscc","image":{"@type":"ImageObject","inLanguage":"en-US","@id":"https:\/\/secure.gravatar.com\/avatar\/68cfafa5f44617fea54071e215026e0ff06be366c3d54a8425f04fdcb86f8c5f?s=96&d=mm&r=g","url":"https:\/\/secure.gravatar.com\/avatar\/68cfafa5f44617fea54071e215026e0ff06be366c3d54a8425f04fdcb86f8c5f?s=96&d=mm&r=g","contentUrl":"https:\/\/secure.gravatar.com\/avatar\/68cfafa5f44617fea54071e215026e0ff06be366c3d54a8425f04fdcb86f8c5f?s=96&d=mm&r=g","caption":"@sscc"},"url":"https:\/\/www.padreeustaquio.com.br\/en\/author\/sscc\/"}]}},"_links":{"self":[{"href":"https:\/\/www.padreeustaquio.com.br\/en\/wp-json\/wp\/v2\/posts\/5497","targetHints":{"allow":["GET"]}}],"collection":[{"href":"https:\/\/www.padreeustaquio.com.br\/en\/wp-json\/wp\/v2\/posts"}],"about":[{"href":"https:\/\/www.padreeustaquio.com.br\/en\/wp-json\/wp\/v2\/types\/post"}],"author":[{"embeddable":true,"href":"https:\/\/www.padreeustaquio.com.br\/en\/wp-json\/wp\/v2\/users\/2"}],"replies":[{"embeddable":true,"href":"https:\/\/www.padreeustaquio.com.br\/en\/wp-json\/wp\/v2\/comments?post=5497"}],"version-history":[{"count":0,"href":"https:\/\/www.padreeustaquio.com.br\/en\/wp-json\/wp\/v2\/posts\/5497\/revisions"}],"wp:featuredmedia":[{"embeddable":true,"href":"https:\/\/www.padreeustaquio.com.br\/en\/wp-json\/wp\/v2\/media\/5498"}],"wp:attachment":[{"href":"https:\/\/www.padreeustaquio.com.br\/en\/wp-json\/wp\/v2\/media?parent=5497"}],"wp:term":[{"taxonomy":"category","embeddable":true,"href":"https:\/\/www.padreeustaquio.com.br\/en\/wp-json\/wp\/v2\/categories?post=5497"},{"taxonomy":"post_tag","embeddable":true,"href":"https:\/\/www.padreeustaquio.com.br\/en\/wp-json\/wp\/v2\/tags?post=5497"}],"curies":[{"name":"wp","href":"https:\/\/api.w.org\/{rel}","templated":true}]}}