{"id":5476,"date":"2021-04-09T06:48:46","date_gmt":"2021-04-09T09:48:46","guid":{"rendered":"https:\/\/www.padreeustaquio.com.br\/?p=5476"},"modified":"2021-04-07T20:09:02","modified_gmt":"2021-04-07T23:09:02","slug":"the-vice-presidential-candidate-gains-another-channel-of-communication-with-devotees","status":"publish","type":"post","link":"https:\/\/www.padreeustaquio.com.br\/en\/the-vice-presidential-candidate-gains-another-channel-of-communication-with-devotees\/","title":{"rendered":"The vice-postulation gains another channel of communication with devotees."},"content":{"rendered":"<p>The vice-postulation for the Cause of Canonization of Father Eust\u00e1quio has a new communication channel with devotees: WhatsApp. The idea is to strengthen the contact between the vice-postulation and those who want to learn more about the Blessed.<\/p>\n<p>Through the channel, it is possible to ask questions about the canonization process, learn more about the life of the Blessed, find out how to spread devotion to Father Eust\u00e1quio, and even contribute to the cause.<\/p>\n<p>WhatsApp is the <strong>(31) 99545-1943<\/strong> and it will operate during business hours., <strong>From 9am to 6pm.<\/strong><\/p>\n<p>Did you like the news? Take advantage of it and share this new way of communicating with the vice-candidacy with your friends and family.<\/p>","protected":false},"excerpt":{"rendered":"<p>A vice-postula\u00e7\u00e3o da Causa de Canoniza\u00e7\u00e3o de Padre Eust\u00e1quio est\u00e1 com um novo canal de comunica\u00e7\u00e3o com os devotos, o WhatsApp. A ideia \u00e9 estreitar o contato da vice-postula\u00e7\u00e3o com quem quer conhecer mais sobre o Bem-aventurado. Pelo canal \u00e9 poss\u00edvel tirar d\u00favidas sobre o processo de canoniza\u00e7\u00e3o, conhecer mais sobre a vida do Beato, saber como divulgar a devo\u00e7\u00e3o a Padre Eust\u00e1quio e ainda, contribuir para a causa. O WhatsApp \u00e9 o (31) 99545-1943 e funcionar\u00e1 em hor\u00e1rio comercial, das 9h \u00e0s 18h. Gostou da novidade? Aproveita e divulga para seus amigos e familiares essa nova forma de comunica\u00e7\u00e3o [&hellip;]<\/p>\n","protected":false},"author":2,"featured_media":5477,"comment_status":"open","ping_status":"closed","sticky":false,"template":"","format":"standard","meta":{"_acf_changed":false,"footnotes":""},"categories":[611],"tags":[],"class_list":["post-5476","post","type-post","status-publish","format-standard","has-post-thumbnail","hentry","category-noticias"],"acf":[],"yoast_head":"<!-- This site is optimized with the Yoast SEO plugin v27.2 - https:\/\/yoast.com\/product\/yoast-seo-wordpress\/ -->\n<title>Vice-postula\u00e7\u00e3o ganha mais um canal de comunica\u00e7\u00e3o com os devotos - Padre Eust\u00e1quio<\/title>\n<meta name=\"robots\" content=\"index, follow, max-snippet:-1, max-image-preview:large, max-video-preview:-1\" \/>\n<link rel=\"canonical\" href=\"https:\/\/www.padreeustaquio.com.br\/en\/the-vice-presidential-candidate-gains-another-channel-of-communication-with-devotees\/\" \/>\n<meta property=\"og:locale\" content=\"en_US\" \/>\n<meta property=\"og:type\" content=\"article\" \/>\n<meta property=\"og:title\" content=\"Vice-postula\u00e7\u00e3o ganha mais um canal de comunica\u00e7\u00e3o com os devotos - Padre Eust\u00e1quio\" \/>\n<meta property=\"og:description\" content=\"A vice-postula\u00e7\u00e3o da Causa de Canoniza\u00e7\u00e3o de Padre Eust\u00e1quio est\u00e1 com um novo canal de comunica\u00e7\u00e3o com os devotos, o WhatsApp. A ideia \u00e9 estreitar o contato da vice-postula\u00e7\u00e3o com quem quer conhecer mais sobre o Bem-aventurado. Pelo canal \u00e9 poss\u00edvel tirar d\u00favidas sobre o processo de canoniza\u00e7\u00e3o, conhecer mais sobre a vida do Beato, saber como divulgar a devo\u00e7\u00e3o a Padre Eust\u00e1quio e ainda, contribuir para a causa. O WhatsApp \u00e9 o (31) 99545-1943 e funcionar\u00e1 em hor\u00e1rio comercial, das 9h \u00e0s 18h. Gostou da novidade? Aproveita e divulga para seus amigos e familiares essa nova forma de comunica\u00e7\u00e3o [&hellip;]\" \/>\n<meta property=\"og:url\" content=\"https:\/\/www.padreeustaquio.com.br\/en\/the-vice-presidential-candidate-gains-another-channel-of-communication-with-devotees\/\" \/>\n<meta property=\"og:site_name\" content=\"Padre Eust\u00e1quio\" \/>\n<meta property=\"article:publisher\" content=\"https:\/\/www.facebook.com\/beatopadreeustaquio\/\" \/>\n<meta property=\"article:published_time\" content=\"2021-04-09T09:48:46+00:00\" \/>\n<meta property=\"og:image\" content=\"https:\/\/www.padreeustaquio.com.br\/wp-content\/uploads\/2021\/04\/whatsapp-1212017_1920.jpg\" \/>\n\t<meta property=\"og:image:width\" content=\"1920\" \/>\n\t<meta property=\"og:image:height\" content=\"1280\" \/>\n\t<meta property=\"og:image:type\" content=\"image\/jpeg\" \/>\n<meta name=\"author\" content=\"@sscc\" \/>\n<meta name=\"twitter:card\" content=\"summary_large_image\" \/>\n<meta name=\"twitter:creator\" content=\"@beatopeustaquio\" \/>\n<meta name=\"twitter:site\" content=\"@beatopeustaquio\" \/>\n<meta name=\"twitter:label1\" content=\"Written by\" \/>\n\t<meta name=\"twitter:data1\" content=\"@sscc\" \/>\n\t<meta name=\"twitter:label2\" content=\"Est. reading time\" \/>\n\t<meta name=\"twitter:data2\" content=\"1 minute\" \/>\n<script type=\"application\/ld+json\" class=\"yoast-schema-graph\">{\"@context\":\"https:\/\/schema.org\",\"@graph\":[{\"@type\":\"Article\",\"@id\":\"https:\/\/www.padreeustaquio.com.br\/vice-postulacao-ganha-mais-um-canal-de-comunicacao-com-os-devotos\/#article\",\"isPartOf\":{\"@id\":\"https:\/\/www.padreeustaquio.com.br\/vice-postulacao-ganha-mais-um-canal-de-comunicacao-com-os-devotos\/\"},\"author\":{\"name\":\"@sscc\",\"@id\":\"https:\/\/www.padreeustaquio.com.br\/#\/schema\/person\/a2a51db1d00f1a7af0204a0f1ddb1566\"},\"headline\":\"Vice-postula\u00e7\u00e3o ganha mais um canal de comunica\u00e7\u00e3o com os devotos\",\"datePublished\":\"2021-04-09T09:48:46+00:00\",\"mainEntityOfPage\":{\"@id\":\"https:\/\/www.padreeustaquio.com.br\/vice-postulacao-ganha-mais-um-canal-de-comunicacao-com-os-devotos\/\"},\"wordCount\":124,\"commentCount\":0,\"publisher\":{\"@id\":\"https:\/\/www.padreeustaquio.com.br\/#organization\"},\"image\":{\"@id\":\"https:\/\/www.padreeustaquio.com.br\/vice-postulacao-ganha-mais-um-canal-de-comunicacao-com-os-devotos\/#primaryimage\"},\"thumbnailUrl\":\"https:\/\/www.padreeustaquio.com.br\/wp-content\/uploads\/2021\/04\/whatsapp-1212017_1920.jpg\",\"articleSection\":[\"Not\u00edcias\"],\"inLanguage\":\"en-US\",\"potentialAction\":[{\"@type\":\"CommentAction\",\"name\":\"Comment\",\"target\":[\"https:\/\/www.padreeustaquio.com.br\/vice-postulacao-ganha-mais-um-canal-de-comunicacao-com-os-devotos\/#respond\"]}]},{\"@type\":\"WebPage\",\"@id\":\"https:\/\/www.padreeustaquio.com.br\/vice-postulacao-ganha-mais-um-canal-de-comunicacao-com-os-devotos\/\",\"url\":\"https:\/\/www.padreeustaquio.com.br\/vice-postulacao-ganha-mais-um-canal-de-comunicacao-com-os-devotos\/\",\"name\":\"Vice-postula\u00e7\u00e3o ganha mais um canal de comunica\u00e7\u00e3o com os devotos - Padre Eust\u00e1quio\",\"isPartOf\":{\"@id\":\"https:\/\/www.padreeustaquio.com.br\/#website\"},\"primaryImageOfPage\":{\"@id\":\"https:\/\/www.padreeustaquio.com.br\/vice-postulacao-ganha-mais-um-canal-de-comunicacao-com-os-devotos\/#primaryimage\"},\"image\":{\"@id\":\"https:\/\/www.padreeustaquio.com.br\/vice-postulacao-ganha-mais-um-canal-de-comunicacao-com-os-devotos\/#primaryimage\"},\"thumbnailUrl\":\"https:\/\/www.padreeustaquio.com.br\/wp-content\/uploads\/2021\/04\/whatsapp-1212017_1920.jpg\",\"datePublished\":\"2021-04-09T09:48:46+00:00\",\"breadcrumb\":{\"@id\":\"https:\/\/www.padreeustaquio.com.br\/vice-postulacao-ganha-mais-um-canal-de-comunicacao-com-os-devotos\/#breadcrumb\"},\"inLanguage\":\"en-US\",\"potentialAction\":[{\"@type\":\"ReadAction\",\"target\":[\"https:\/\/www.padreeustaquio.com.br\/vice-postulacao-ganha-mais-um-canal-de-comunicacao-com-os-devotos\/\"]}]},{\"@type\":\"ImageObject\",\"inLanguage\":\"en-US\",\"@id\":\"https:\/\/www.padreeustaquio.com.br\/vice-postulacao-ganha-mais-um-canal-de-comunicacao-com-os-devotos\/#primaryimage\",\"url\":\"https:\/\/www.padreeustaquio.com.br\/wp-content\/uploads\/2021\/04\/whatsapp-1212017_1920.jpg\",\"contentUrl\":\"https:\/\/www.padreeustaquio.com.br\/wp-content\/uploads\/2021\/04\/whatsapp-1212017_1920.jpg\",\"width\":1920,\"height\":1280},{\"@type\":\"BreadcrumbList\",\"@id\":\"https:\/\/www.padreeustaquio.com.br\/vice-postulacao-ganha-mais-um-canal-de-comunicacao-com-os-devotos\/#breadcrumb\",\"itemListElement\":[{\"@type\":\"ListItem\",\"position\":1,\"name\":\"In\u00edcio\",\"item\":\"https:\/\/www.padreeustaquio.com.br\/\"},{\"@type\":\"ListItem\",\"position\":2,\"name\":\"Vice-postula\u00e7\u00e3o ganha mais um canal de comunica\u00e7\u00e3o com os devotos\"}]},{\"@type\":\"WebSite\",\"@id\":\"https:\/\/www.padreeustaquio.com.br\/#website\",\"url\":\"https:\/\/www.padreeustaquio.com.br\/\",\"name\":\"Padre Eust\u00e1quio\",\"description\":\"Sa\u00fade e Paz\",\"publisher\":{\"@id\":\"https:\/\/www.padreeustaquio.com.br\/#organization\"},\"potentialAction\":[{\"@type\":\"SearchAction\",\"target\":{\"@type\":\"EntryPoint\",\"urlTemplate\":\"https:\/\/www.padreeustaquio.com.br\/?s={search_term_string}\"},\"query-input\":{\"@type\":\"PropertyValueSpecification\",\"valueRequired\":true,\"valueName\":\"search_term_string\"}}],\"inLanguage\":\"en-US\"},{\"@type\":\"Organization\",\"@id\":\"https:\/\/www.padreeustaquio.com.br\/#organization\",\"name\":\"Padre Eust\u00e1quio\",\"url\":\"https:\/\/www.padreeustaquio.com.br\/\",\"logo\":{\"@type\":\"ImageObject\",\"inLanguage\":\"en-US\",\"@id\":\"https:\/\/www.padreeustaquio.com.br\/#\/schema\/logo\/image\/\",\"url\":\"https:\/\/www.padreeustaquio.com.br\/wp-content\/uploads\/2019\/08\/marca.png\",\"contentUrl\":\"https:\/\/www.padreeustaquio.com.br\/wp-content\/uploads\/2019\/08\/marca.png\",\"width\":350,\"height\":400,\"caption\":\"Padre Eust\u00e1quio\"},\"image\":{\"@id\":\"https:\/\/www.padreeustaquio.com.br\/#\/schema\/logo\/image\/\"},\"sameAs\":[\"https:\/\/www.facebook.com\/beatopadreeustaquio\/\",\"https:\/\/x.com\/beatopeustaquio\",\"https:\/\/www.instagram.com\/beatopadreeustaquio\/\",\"https:\/\/www.youtube.com\/channel\/UCRhw7vfabnajwLxb1ZXMeIw\"]},{\"@type\":\"Person\",\"@id\":\"https:\/\/www.padreeustaquio.com.br\/#\/schema\/person\/a2a51db1d00f1a7af0204a0f1ddb1566\",\"name\":\"@sscc\",\"image\":{\"@type\":\"ImageObject\",\"inLanguage\":\"en-US\",\"@id\":\"https:\/\/secure.gravatar.com\/avatar\/68cfafa5f44617fea54071e215026e0ff06be366c3d54a8425f04fdcb86f8c5f?s=96&d=mm&r=g\",\"url\":\"https:\/\/secure.gravatar.com\/avatar\/68cfafa5f44617fea54071e215026e0ff06be366c3d54a8425f04fdcb86f8c5f?s=96&d=mm&r=g\",\"contentUrl\":\"https:\/\/secure.gravatar.com\/avatar\/68cfafa5f44617fea54071e215026e0ff06be366c3d54a8425f04fdcb86f8c5f?s=96&d=mm&r=g\",\"caption\":\"@sscc\"},\"url\":\"https:\/\/www.padreeustaquio.com.br\/en\/author\/sscc\/\"}]}<\/script>\n<!-- \/ Yoast SEO plugin. -->","yoast_head_json":{"title":"Vice-postulation gains another channel of communication with devotees - Father Eust\u00e1quio","robots":{"index":"index","follow":"follow","max-snippet":"max-snippet:-1","max-image-preview":"max-image-preview:large","max-video-preview":"max-video-preview:-1"},"canonical":"https:\/\/www.padreeustaquio.com.br\/en\/the-vice-presidential-candidate-gains-another-channel-of-communication-with-devotees\/","og_locale":"en_US","og_type":"article","og_title":"Vice-postula\u00e7\u00e3o ganha mais um canal de comunica\u00e7\u00e3o com os devotos - Padre Eust\u00e1quio","og_description":"A vice-postula\u00e7\u00e3o da Causa de Canoniza\u00e7\u00e3o de Padre Eust\u00e1quio est\u00e1 com um novo canal de comunica\u00e7\u00e3o com os devotos, o WhatsApp. A ideia \u00e9 estreitar o contato da vice-postula\u00e7\u00e3o com quem quer conhecer mais sobre o Bem-aventurado. Pelo canal \u00e9 poss\u00edvel tirar d\u00favidas sobre o processo de canoniza\u00e7\u00e3o, conhecer mais sobre a vida do Beato, saber como divulgar a devo\u00e7\u00e3o a Padre Eust\u00e1quio e ainda, contribuir para a causa. O WhatsApp \u00e9 o (31) 99545-1943 e funcionar\u00e1 em hor\u00e1rio comercial, das 9h \u00e0s 18h. Gostou da novidade? Aproveita e divulga para seus amigos e familiares essa nova forma de comunica\u00e7\u00e3o [&hellip;]","og_url":"https:\/\/www.padreeustaquio.com.br\/en\/the-vice-presidential-candidate-gains-another-channel-of-communication-with-devotees\/","og_site_name":"Padre Eust\u00e1quio","article_publisher":"https:\/\/www.facebook.com\/beatopadreeustaquio\/","article_published_time":"2021-04-09T09:48:46+00:00","og_image":[{"width":1920,"height":1280,"url":"https:\/\/www.padreeustaquio.com.br\/wp-content\/uploads\/2021\/04\/whatsapp-1212017_1920.jpg","type":"image\/jpeg"}],"author":"@sscc","twitter_card":"summary_large_image","twitter_creator":"@beatopeustaquio","twitter_site":"@beatopeustaquio","twitter_misc":{"Written by":"@sscc","Est. reading time":"1 minute"},"schema":{"@context":"https:\/\/schema.org","@graph":[{"@type":"Article","@id":"https:\/\/www.padreeustaquio.com.br\/vice-postulacao-ganha-mais-um-canal-de-comunicacao-com-os-devotos\/#article","isPartOf":{"@id":"https:\/\/www.padreeustaquio.com.br\/vice-postulacao-ganha-mais-um-canal-de-comunicacao-com-os-devotos\/"},"author":{"name":"@sscc","@id":"https:\/\/www.padreeustaquio.com.br\/#\/schema\/person\/a2a51db1d00f1a7af0204a0f1ddb1566"},"headline":"Vice-postula\u00e7\u00e3o ganha mais um canal de comunica\u00e7\u00e3o com os devotos","datePublished":"2021-04-09T09:48:46+00:00","mainEntityOfPage":{"@id":"https:\/\/www.padreeustaquio.com.br\/vice-postulacao-ganha-mais-um-canal-de-comunicacao-com-os-devotos\/"},"wordCount":124,"commentCount":0,"publisher":{"@id":"https:\/\/www.padreeustaquio.com.br\/#organization"},"image":{"@id":"https:\/\/www.padreeustaquio.com.br\/vice-postulacao-ganha-mais-um-canal-de-comunicacao-com-os-devotos\/#primaryimage"},"thumbnailUrl":"https:\/\/www.padreeustaquio.com.br\/wp-content\/uploads\/2021\/04\/whatsapp-1212017_1920.jpg","articleSection":["Not\u00edcias"],"inLanguage":"en-US","potentialAction":[{"@type":"CommentAction","name":"Comment","target":["https:\/\/www.padreeustaquio.com.br\/vice-postulacao-ganha-mais-um-canal-de-comunicacao-com-os-devotos\/#respond"]}]},{"@type":"WebPage","@id":"https:\/\/www.padreeustaquio.com.br\/vice-postulacao-ganha-mais-um-canal-de-comunicacao-com-os-devotos\/","url":"https:\/\/www.padreeustaquio.com.br\/vice-postulacao-ganha-mais-um-canal-de-comunicacao-com-os-devotos\/","name":"Vice-postulation gains another channel of communication with devotees - Father Eust\u00e1quio","isPartOf":{"@id":"https:\/\/www.padreeustaquio.com.br\/#website"},"primaryImageOfPage":{"@id":"https:\/\/www.padreeustaquio.com.br\/vice-postulacao-ganha-mais-um-canal-de-comunicacao-com-os-devotos\/#primaryimage"},"image":{"@id":"https:\/\/www.padreeustaquio.com.br\/vice-postulacao-ganha-mais-um-canal-de-comunicacao-com-os-devotos\/#primaryimage"},"thumbnailUrl":"https:\/\/www.padreeustaquio.com.br\/wp-content\/uploads\/2021\/04\/whatsapp-1212017_1920.jpg","datePublished":"2021-04-09T09:48:46+00:00","breadcrumb":{"@id":"https:\/\/www.padreeustaquio.com.br\/vice-postulacao-ganha-mais-um-canal-de-comunicacao-com-os-devotos\/#breadcrumb"},"inLanguage":"en-US","potentialAction":[{"@type":"ReadAction","target":["https:\/\/www.padreeustaquio.com.br\/vice-postulacao-ganha-mais-um-canal-de-comunicacao-com-os-devotos\/"]}]},{"@type":"ImageObject","inLanguage":"en-US","@id":"https:\/\/www.padreeustaquio.com.br\/vice-postulacao-ganha-mais-um-canal-de-comunicacao-com-os-devotos\/#primaryimage","url":"https:\/\/www.padreeustaquio.com.br\/wp-content\/uploads\/2021\/04\/whatsapp-1212017_1920.jpg","contentUrl":"https:\/\/www.padreeustaquio.com.br\/wp-content\/uploads\/2021\/04\/whatsapp-1212017_1920.jpg","width":1920,"height":1280},{"@type":"BreadcrumbList","@id":"https:\/\/www.padreeustaquio.com.br\/vice-postulacao-ganha-mais-um-canal-de-comunicacao-com-os-devotos\/#breadcrumb","itemListElement":[{"@type":"ListItem","position":1,"name":"In\u00edcio","item":"https:\/\/www.padreeustaquio.com.br\/"},{"@type":"ListItem","position":2,"name":"Vice-postula\u00e7\u00e3o ganha mais um canal de comunica\u00e7\u00e3o com os devotos"}]},{"@type":"WebSite","@id":"https:\/\/www.padreeustaquio.com.br\/#website","url":"https:\/\/www.padreeustaquio.com.br\/","name":"FATHER EUST\u00c1QUIO","description":"Health and Peace","publisher":{"@id":"https:\/\/www.padreeustaquio.com.br\/#organization"},"potentialAction":[{"@type":"SearchAction","target":{"@type":"EntryPoint","urlTemplate":"https:\/\/www.padreeustaquio.com.br\/?s={search_term_string}"},"query-input":{"@type":"PropertyValueSpecification","valueRequired":true,"valueName":"search_term_string"}}],"inLanguage":"en-US"},{"@type":"Organization","@id":"https:\/\/www.padreeustaquio.com.br\/#organization","name":"FATHER EUST\u00c1QUIO","url":"https:\/\/www.padreeustaquio.com.br\/","logo":{"@type":"ImageObject","inLanguage":"en-US","@id":"https:\/\/www.padreeustaquio.com.br\/#\/schema\/logo\/image\/","url":"https:\/\/www.padreeustaquio.com.br\/wp-content\/uploads\/2019\/08\/marca.png","contentUrl":"https:\/\/www.padreeustaquio.com.br\/wp-content\/uploads\/2019\/08\/marca.png","width":350,"height":400,"caption":"Padre Eust\u00e1quio"},"image":{"@id":"https:\/\/www.padreeustaquio.com.br\/#\/schema\/logo\/image\/"},"sameAs":["https:\/\/www.facebook.com\/beatopadreeustaquio\/","https:\/\/x.com\/beatopeustaquio","https:\/\/www.instagram.com\/beatopadreeustaquio\/","https:\/\/www.youtube.com\/channel\/UCRhw7vfabnajwLxb1ZXMeIw"]},{"@type":"Person","@id":"https:\/\/www.padreeustaquio.com.br\/#\/schema\/person\/a2a51db1d00f1a7af0204a0f1ddb1566","name":"@sscc","image":{"@type":"ImageObject","inLanguage":"en-US","@id":"https:\/\/secure.gravatar.com\/avatar\/68cfafa5f44617fea54071e215026e0ff06be366c3d54a8425f04fdcb86f8c5f?s=96&d=mm&r=g","url":"https:\/\/secure.gravatar.com\/avatar\/68cfafa5f44617fea54071e215026e0ff06be366c3d54a8425f04fdcb86f8c5f?s=96&d=mm&r=g","contentUrl":"https:\/\/secure.gravatar.com\/avatar\/68cfafa5f44617fea54071e215026e0ff06be366c3d54a8425f04fdcb86f8c5f?s=96&d=mm&r=g","caption":"@sscc"},"url":"https:\/\/www.padreeustaquio.com.br\/en\/author\/sscc\/"}]}},"_links":{"self":[{"href":"https:\/\/www.padreeustaquio.com.br\/en\/wp-json\/wp\/v2\/posts\/5476","targetHints":{"allow":["GET"]}}],"collection":[{"href":"https:\/\/www.padreeustaquio.com.br\/en\/wp-json\/wp\/v2\/posts"}],"about":[{"href":"https:\/\/www.padreeustaquio.com.br\/en\/wp-json\/wp\/v2\/types\/post"}],"author":[{"embeddable":true,"href":"https:\/\/www.padreeustaquio.com.br\/en\/wp-json\/wp\/v2\/users\/2"}],"replies":[{"embeddable":true,"href":"https:\/\/www.padreeustaquio.com.br\/en\/wp-json\/wp\/v2\/comments?post=5476"}],"version-history":[{"count":0,"href":"https:\/\/www.padreeustaquio.com.br\/en\/wp-json\/wp\/v2\/posts\/5476\/revisions"}],"wp:featuredmedia":[{"embeddable":true,"href":"https:\/\/www.padreeustaquio.com.br\/en\/wp-json\/wp\/v2\/media\/5477"}],"wp:attachment":[{"href":"https:\/\/www.padreeustaquio.com.br\/en\/wp-json\/wp\/v2\/media?parent=5476"}],"wp:term":[{"taxonomy":"category","embeddable":true,"href":"https:\/\/www.padreeustaquio.com.br\/en\/wp-json\/wp\/v2\/categories?post=5476"},{"taxonomy":"post_tag","embeddable":true,"href":"https:\/\/www.padreeustaquio.com.br\/en\/wp-json\/wp\/v2\/tags?post=5476"}],"curies":[{"name":"wp","href":"https:\/\/api.w.org\/{rel}","templated":true}]}}