{"id":5471,"date":"2021-04-08T07:20:53","date_gmt":"2021-04-08T10:20:53","guid":{"rendered":"https:\/\/www.padreeustaquio.com.br\/?p=5471"},"modified":"2021-04-09T20:54:35","modified_gmt":"2021-04-09T23:54:35","slug":"the-day-of-the-founder-of-the-sacred-hearts-is-celebrated-in-the-church-of-father-eustace","status":"publish","type":"post","link":"https:\/\/www.padreeustaquio.com.br\/en\/the-day-of-the-founder-of-the-sacred-hearts-is-celebrated-in-the-church-of-father-eustace\/","title":{"rendered":"The Feast Day of the Founder of the Sacred Hearts is celebrated at the Father Eust\u00e1quio Church."},"content":{"rendered":"<p class=\"tw-data-text tw-text-large XcVN5d tw-ta\" dir=\"ltr\" data-placeholder=\"Tradu\u00e7\u00e3o\"><span lang=\"pt\">Brothers and sisters, members of the Congregation of the Sacred Hearts, gathered for a moment of Adoration before the tabernacle of the Blessed Sacrament chapel at the Sanctuary of Health and Peace in Belo Horizonte. The moment was one of reflection on the life of the Congregation&#039;s founder, Father Jos\u00e9 Maria Coudrin. On the day commemorating the &quot;Good Father,&quot; as he is called by his brothers and sisters, they...<\/span><span lang=\"pt\"> They read from the text provided by the Commission for the Spiritual and Historical Heritage of the Sacred Hearts.<\/span><\/p>\n<p class=\"tw-data-text tw-text-large XcVN5d tw-ta\" dir=\"ltr\" data-placeholder=\"Tradu\u00e7\u00e3o\"><span lang=\"pt\">On Saturday, the day we celebrate the Easter of Pierre Coudrin, the Sisters&#039; Youth Vocation Ministry held a <em>\u2018&#039;live&#039;\u2019<\/em> In the church of Father Eust\u00e1quio, Sister Vera Regina dos Santos and Father Vicente Hernandez Castell\u00f3, in an interview style, spoke about the founder&#039;s life as an inspiration for today, especially in these times of pandemic. The live broadcast was made by... <a href=\"https:\/\/www.youtube.com\/channel\/UCRhw7vfabnajwLxb1ZXMeIw\">Padre Eust\u00e1quio Channel<\/a> It was streamed on YouTube and featured people from various parts of Brazil and other places. <em>(<a href=\"https:\/\/www.youtube.com\/watch?v=8gUMeMb70n0&amp;list=PL7SBzddW7Uzmvf_4mnJFgNAjKP6S5CS1a&amp;index=23\">review here<\/a>)<\/em><\/span><\/p>\n<p class=\"tw-data-text tw-text-large XcVN5d tw-ta\" dir=\"ltr\" data-placeholder=\"Tradu\u00e7\u00e3o\"><span lang=\"pt\">In addition to the Health and Peace Sanctuary, brothers from Catuji\/MG also celebrated their founding father. Brother Gleison Oliveira received the first ministries, acolyte and lector, on the Founder&#039;s feast day, during a Eucharistic Celebration presided over by Father Jo\u00e3o Lucas Barbosa, ss.cc. Normally, it is the provincial who confers the first ministries on the brothers, however, due to the pandemic, the provincial, Fr. Osv\u00e2nio Mariano, ss.cc., was unable to travel and attend the ceremony.<\/span><\/p>\n<h6 id=\"tw-target-text\" class=\"tw-data-text tw-text-large XcVN5d tw-ta\" dir=\"ltr\" data-placeholder=\"Tradu\u00e7\u00e3o\"><span lang=\"pt\">\u00a0<\/span><\/h6>","protected":false},"excerpt":{"rendered":"<p>Irm\u00e3s e irm\u00e3os, membros da Congrega\u00e7\u00e3o dos Sagrados Cora\u00e7\u00f5es, se reuniram para realizar um momento de Adora\u00e7\u00e3o, diante do sacr\u00e1rio da capela do Sant\u00edssimo, no Santu\u00e1rio da Sa\u00fade e Paz, em Belo Horizonte. O momento foi de reflex\u00e3o em torno da vida do fundador da Congrega\u00e7\u00e3o, Padre Jos\u00e9 Maria Coudrin. No dia em que se comemora o &#8220;Bom pai&#8221;, como \u00e9 chamado pelos irm\u00e3os, eles fizeram leituras do texto oferecido pela Comiss\u00e3o do Patrim\u00f4nio Espiritual e Hist\u00f3rico dos Sagrados Cora\u00e7\u00f5es. J\u00e1 no s\u00e1bado, dia em que celebramos a P\u00e1scoa de Pierre Coudrin, a Pastoral Vocacional Juvenil das Irm\u00e3s realizou uma [&hellip;]<\/p>\n","protected":false},"author":2,"featured_media":5472,"comment_status":"open","ping_status":"closed","sticky":false,"template":"","format":"standard","meta":{"_acf_changed":false,"footnotes":""},"categories":[611],"tags":[],"class_list":["post-5471","post","type-post","status-publish","format-standard","has-post-thumbnail","hentry","category-noticias"],"acf":[],"yoast_head":"<!-- This site is optimized with the Yoast SEO plugin v27.2 - https:\/\/yoast.com\/product\/yoast-seo-wordpress\/ -->\n<title>Dia do fundador dos Sagrados Cora\u00e7\u00f5es \u00e9 comemorado na igreja do Padre Eust\u00e1quio - Padre Eust\u00e1quio<\/title>\n<meta name=\"robots\" content=\"index, follow, max-snippet:-1, max-image-preview:large, max-video-preview:-1\" \/>\n<link rel=\"canonical\" href=\"https:\/\/www.padreeustaquio.com.br\/en\/the-day-of-the-founder-of-the-sacred-hearts-is-celebrated-in-the-church-of-father-eustace\/\" \/>\n<meta property=\"og:locale\" content=\"en_US\" \/>\n<meta property=\"og:type\" content=\"article\" \/>\n<meta property=\"og:title\" content=\"Dia do fundador dos Sagrados Cora\u00e7\u00f5es \u00e9 comemorado na igreja do Padre Eust\u00e1quio - Padre Eust\u00e1quio\" \/>\n<meta property=\"og:description\" content=\"Irm\u00e3s e irm\u00e3os, membros da Congrega\u00e7\u00e3o dos Sagrados Cora\u00e7\u00f5es, se reuniram para realizar um momento de Adora\u00e7\u00e3o, diante do sacr\u00e1rio da capela do Sant\u00edssimo, no Santu\u00e1rio da Sa\u00fade e Paz, em Belo Horizonte. O momento foi de reflex\u00e3o em torno da vida do fundador da Congrega\u00e7\u00e3o, Padre Jos\u00e9 Maria Coudrin. No dia em que se comemora o &#8220;Bom pai&#8221;, como \u00e9 chamado pelos irm\u00e3os, eles fizeram leituras do texto oferecido pela Comiss\u00e3o do Patrim\u00f4nio Espiritual e Hist\u00f3rico dos Sagrados Cora\u00e7\u00f5es. J\u00e1 no s\u00e1bado, dia em que celebramos a P\u00e1scoa de Pierre Coudrin, a Pastoral Vocacional Juvenil das Irm\u00e3s realizou uma [&hellip;]\" \/>\n<meta property=\"og:url\" content=\"https:\/\/www.padreeustaquio.com.br\/en\/the-day-of-the-founder-of-the-sacred-hearts-is-celebrated-in-the-church-of-father-eustace\/\" \/>\n<meta property=\"og:site_name\" content=\"Padre Eust\u00e1quio\" \/>\n<meta property=\"article:publisher\" content=\"https:\/\/www.facebook.com\/beatopadreeustaquio\/\" \/>\n<meta property=\"article:published_time\" content=\"2021-04-08T10:20:53+00:00\" \/>\n<meta property=\"article:modified_time\" content=\"2021-04-09T23:54:35+00:00\" \/>\n<meta property=\"og:image\" content=\"https:\/\/www.padreeustaquio.com.br\/wp-content\/uploads\/2021\/04\/irmaos-comemoram-dia-do-Fundador.jpeg\" \/>\n\t<meta property=\"og:image:width\" content=\"620\" \/>\n\t<meta property=\"og:image:height\" content=\"464\" \/>\n\t<meta property=\"og:image:type\" content=\"image\/jpeg\" \/>\n<meta name=\"author\" content=\"@sscc\" \/>\n<meta name=\"twitter:card\" content=\"summary_large_image\" \/>\n<meta name=\"twitter:creator\" content=\"@beatopeustaquio\" \/>\n<meta name=\"twitter:site\" content=\"@beatopeustaquio\" \/>\n<meta name=\"twitter:label1\" content=\"Written by\" \/>\n\t<meta name=\"twitter:data1\" content=\"@sscc\" \/>\n\t<meta name=\"twitter:label2\" content=\"Est. reading time\" \/>\n\t<meta name=\"twitter:data2\" content=\"1 minute\" \/>\n<script type=\"application\/ld+json\" class=\"yoast-schema-graph\">{\"@context\":\"https:\/\/schema.org\",\"@graph\":[{\"@type\":\"Article\",\"@id\":\"https:\/\/www.padreeustaquio.com.br\/dia-do-fundador-dos-sagrados-coracoes-e-comemorado-na-igreja-do-padre-eustaquio\/#article\",\"isPartOf\":{\"@id\":\"https:\/\/www.padreeustaquio.com.br\/dia-do-fundador-dos-sagrados-coracoes-e-comemorado-na-igreja-do-padre-eustaquio\/\"},\"author\":{\"name\":\"@sscc\",\"@id\":\"https:\/\/www.padreeustaquio.com.br\/#\/schema\/person\/a2a51db1d00f1a7af0204a0f1ddb1566\"},\"headline\":\"Dia do fundador dos Sagrados Cora\u00e7\u00f5es \u00e9 comemorado na igreja do Padre Eust\u00e1quio\",\"datePublished\":\"2021-04-08T10:20:53+00:00\",\"dateModified\":\"2021-04-09T23:54:35+00:00\",\"mainEntityOfPage\":{\"@id\":\"https:\/\/www.padreeustaquio.com.br\/dia-do-fundador-dos-sagrados-coracoes-e-comemorado-na-igreja-do-padre-eustaquio\/\"},\"wordCount\":288,\"commentCount\":0,\"publisher\":{\"@id\":\"https:\/\/www.padreeustaquio.com.br\/#organization\"},\"image\":{\"@id\":\"https:\/\/www.padreeustaquio.com.br\/dia-do-fundador-dos-sagrados-coracoes-e-comemorado-na-igreja-do-padre-eustaquio\/#primaryimage\"},\"thumbnailUrl\":\"https:\/\/www.padreeustaquio.com.br\/wp-content\/uploads\/2021\/04\/irmaos-comemoram-dia-do-Fundador.jpeg\",\"articleSection\":[\"Not\u00edcias\"],\"inLanguage\":\"en-US\",\"potentialAction\":[{\"@type\":\"CommentAction\",\"name\":\"Comment\",\"target\":[\"https:\/\/www.padreeustaquio.com.br\/dia-do-fundador-dos-sagrados-coracoes-e-comemorado-na-igreja-do-padre-eustaquio\/#respond\"]}]},{\"@type\":\"WebPage\",\"@id\":\"https:\/\/www.padreeustaquio.com.br\/dia-do-fundador-dos-sagrados-coracoes-e-comemorado-na-igreja-do-padre-eustaquio\/\",\"url\":\"https:\/\/www.padreeustaquio.com.br\/dia-do-fundador-dos-sagrados-coracoes-e-comemorado-na-igreja-do-padre-eustaquio\/\",\"name\":\"Dia do fundador dos Sagrados Cora\u00e7\u00f5es \u00e9 comemorado na igreja do Padre Eust\u00e1quio - Padre Eust\u00e1quio\",\"isPartOf\":{\"@id\":\"https:\/\/www.padreeustaquio.com.br\/#website\"},\"primaryImageOfPage\":{\"@id\":\"https:\/\/www.padreeustaquio.com.br\/dia-do-fundador-dos-sagrados-coracoes-e-comemorado-na-igreja-do-padre-eustaquio\/#primaryimage\"},\"image\":{\"@id\":\"https:\/\/www.padreeustaquio.com.br\/dia-do-fundador-dos-sagrados-coracoes-e-comemorado-na-igreja-do-padre-eustaquio\/#primaryimage\"},\"thumbnailUrl\":\"https:\/\/www.padreeustaquio.com.br\/wp-content\/uploads\/2021\/04\/irmaos-comemoram-dia-do-Fundador.jpeg\",\"datePublished\":\"2021-04-08T10:20:53+00:00\",\"dateModified\":\"2021-04-09T23:54:35+00:00\",\"breadcrumb\":{\"@id\":\"https:\/\/www.padreeustaquio.com.br\/dia-do-fundador-dos-sagrados-coracoes-e-comemorado-na-igreja-do-padre-eustaquio\/#breadcrumb\"},\"inLanguage\":\"en-US\",\"potentialAction\":[{\"@type\":\"ReadAction\",\"target\":[\"https:\/\/www.padreeustaquio.com.br\/dia-do-fundador-dos-sagrados-coracoes-e-comemorado-na-igreja-do-padre-eustaquio\/\"]}]},{\"@type\":\"ImageObject\",\"inLanguage\":\"en-US\",\"@id\":\"https:\/\/www.padreeustaquio.com.br\/dia-do-fundador-dos-sagrados-coracoes-e-comemorado-na-igreja-do-padre-eustaquio\/#primaryimage\",\"url\":\"https:\/\/www.padreeustaquio.com.br\/wp-content\/uploads\/2021\/04\/irmaos-comemoram-dia-do-Fundador.jpeg\",\"contentUrl\":\"https:\/\/www.padreeustaquio.com.br\/wp-content\/uploads\/2021\/04\/irmaos-comemoram-dia-do-Fundador.jpeg\",\"width\":620,\"height\":464},{\"@type\":\"BreadcrumbList\",\"@id\":\"https:\/\/www.padreeustaquio.com.br\/dia-do-fundador-dos-sagrados-coracoes-e-comemorado-na-igreja-do-padre-eustaquio\/#breadcrumb\",\"itemListElement\":[{\"@type\":\"ListItem\",\"position\":1,\"name\":\"In\u00edcio\",\"item\":\"https:\/\/www.padreeustaquio.com.br\/\"},{\"@type\":\"ListItem\",\"position\":2,\"name\":\"Dia do fundador dos Sagrados Cora\u00e7\u00f5es \u00e9 comemorado na igreja do Padre Eust\u00e1quio\"}]},{\"@type\":\"WebSite\",\"@id\":\"https:\/\/www.padreeustaquio.com.br\/#website\",\"url\":\"https:\/\/www.padreeustaquio.com.br\/\",\"name\":\"Padre Eust\u00e1quio\",\"description\":\"Sa\u00fade e Paz\",\"publisher\":{\"@id\":\"https:\/\/www.padreeustaquio.com.br\/#organization\"},\"potentialAction\":[{\"@type\":\"SearchAction\",\"target\":{\"@type\":\"EntryPoint\",\"urlTemplate\":\"https:\/\/www.padreeustaquio.com.br\/?s={search_term_string}\"},\"query-input\":{\"@type\":\"PropertyValueSpecification\",\"valueRequired\":true,\"valueName\":\"search_term_string\"}}],\"inLanguage\":\"en-US\"},{\"@type\":\"Organization\",\"@id\":\"https:\/\/www.padreeustaquio.com.br\/#organization\",\"name\":\"Padre Eust\u00e1quio\",\"url\":\"https:\/\/www.padreeustaquio.com.br\/\",\"logo\":{\"@type\":\"ImageObject\",\"inLanguage\":\"en-US\",\"@id\":\"https:\/\/www.padreeustaquio.com.br\/#\/schema\/logo\/image\/\",\"url\":\"https:\/\/www.padreeustaquio.com.br\/wp-content\/uploads\/2019\/08\/marca.png\",\"contentUrl\":\"https:\/\/www.padreeustaquio.com.br\/wp-content\/uploads\/2019\/08\/marca.png\",\"width\":350,\"height\":400,\"caption\":\"Padre Eust\u00e1quio\"},\"image\":{\"@id\":\"https:\/\/www.padreeustaquio.com.br\/#\/schema\/logo\/image\/\"},\"sameAs\":[\"https:\/\/www.facebook.com\/beatopadreeustaquio\/\",\"https:\/\/x.com\/beatopeustaquio\",\"https:\/\/www.instagram.com\/beatopadreeustaquio\/\",\"https:\/\/www.youtube.com\/channel\/UCRhw7vfabnajwLxb1ZXMeIw\"]},{\"@type\":\"Person\",\"@id\":\"https:\/\/www.padreeustaquio.com.br\/#\/schema\/person\/a2a51db1d00f1a7af0204a0f1ddb1566\",\"name\":\"@sscc\",\"image\":{\"@type\":\"ImageObject\",\"inLanguage\":\"en-US\",\"@id\":\"https:\/\/secure.gravatar.com\/avatar\/68cfafa5f44617fea54071e215026e0ff06be366c3d54a8425f04fdcb86f8c5f?s=96&d=mm&r=g\",\"url\":\"https:\/\/secure.gravatar.com\/avatar\/68cfafa5f44617fea54071e215026e0ff06be366c3d54a8425f04fdcb86f8c5f?s=96&d=mm&r=g\",\"contentUrl\":\"https:\/\/secure.gravatar.com\/avatar\/68cfafa5f44617fea54071e215026e0ff06be366c3d54a8425f04fdcb86f8c5f?s=96&d=mm&r=g\",\"caption\":\"@sscc\"},\"url\":\"https:\/\/www.padreeustaquio.com.br\/en\/author\/sscc\/\"}]}<\/script>\n<!-- \/ Yoast SEO plugin. -->","yoast_head_json":{"title":"The Feast Day of the Founder of the Sacred Hearts is celebrated at the Father Eust\u00e1quio Church - Father Eust\u00e1quio","robots":{"index":"index","follow":"follow","max-snippet":"max-snippet:-1","max-image-preview":"max-image-preview:large","max-video-preview":"max-video-preview:-1"},"canonical":"https:\/\/www.padreeustaquio.com.br\/en\/the-day-of-the-founder-of-the-sacred-hearts-is-celebrated-in-the-church-of-father-eustace\/","og_locale":"en_US","og_type":"article","og_title":"Dia do fundador dos Sagrados Cora\u00e7\u00f5es \u00e9 comemorado na igreja do Padre Eust\u00e1quio - Padre Eust\u00e1quio","og_description":"Irm\u00e3s e irm\u00e3os, membros da Congrega\u00e7\u00e3o dos Sagrados Cora\u00e7\u00f5es, se reuniram para realizar um momento de Adora\u00e7\u00e3o, diante do sacr\u00e1rio da capela do Sant\u00edssimo, no Santu\u00e1rio da Sa\u00fade e Paz, em Belo Horizonte. O momento foi de reflex\u00e3o em torno da vida do fundador da Congrega\u00e7\u00e3o, Padre Jos\u00e9 Maria Coudrin. No dia em que se comemora o &#8220;Bom pai&#8221;, como \u00e9 chamado pelos irm\u00e3os, eles fizeram leituras do texto oferecido pela Comiss\u00e3o do Patrim\u00f4nio Espiritual e Hist\u00f3rico dos Sagrados Cora\u00e7\u00f5es. J\u00e1 no s\u00e1bado, dia em que celebramos a P\u00e1scoa de Pierre Coudrin, a Pastoral Vocacional Juvenil das Irm\u00e3s realizou uma [&hellip;]","og_url":"https:\/\/www.padreeustaquio.com.br\/en\/the-day-of-the-founder-of-the-sacred-hearts-is-celebrated-in-the-church-of-father-eustace\/","og_site_name":"Padre Eust\u00e1quio","article_publisher":"https:\/\/www.facebook.com\/beatopadreeustaquio\/","article_published_time":"2021-04-08T10:20:53+00:00","article_modified_time":"2021-04-09T23:54:35+00:00","og_image":[{"width":620,"height":464,"url":"https:\/\/www.padreeustaquio.com.br\/wp-content\/uploads\/2021\/04\/irmaos-comemoram-dia-do-Fundador.jpeg","type":"image\/jpeg"}],"author":"@sscc","twitter_card":"summary_large_image","twitter_creator":"@beatopeustaquio","twitter_site":"@beatopeustaquio","twitter_misc":{"Written by":"@sscc","Est. reading time":"1 minute"},"schema":{"@context":"https:\/\/schema.org","@graph":[{"@type":"Article","@id":"https:\/\/www.padreeustaquio.com.br\/dia-do-fundador-dos-sagrados-coracoes-e-comemorado-na-igreja-do-padre-eustaquio\/#article","isPartOf":{"@id":"https:\/\/www.padreeustaquio.com.br\/dia-do-fundador-dos-sagrados-coracoes-e-comemorado-na-igreja-do-padre-eustaquio\/"},"author":{"name":"@sscc","@id":"https:\/\/www.padreeustaquio.com.br\/#\/schema\/person\/a2a51db1d00f1a7af0204a0f1ddb1566"},"headline":"Dia do fundador dos Sagrados Cora\u00e7\u00f5es \u00e9 comemorado na igreja do Padre Eust\u00e1quio","datePublished":"2021-04-08T10:20:53+00:00","dateModified":"2021-04-09T23:54:35+00:00","mainEntityOfPage":{"@id":"https:\/\/www.padreeustaquio.com.br\/dia-do-fundador-dos-sagrados-coracoes-e-comemorado-na-igreja-do-padre-eustaquio\/"},"wordCount":288,"commentCount":0,"publisher":{"@id":"https:\/\/www.padreeustaquio.com.br\/#organization"},"image":{"@id":"https:\/\/www.padreeustaquio.com.br\/dia-do-fundador-dos-sagrados-coracoes-e-comemorado-na-igreja-do-padre-eustaquio\/#primaryimage"},"thumbnailUrl":"https:\/\/www.padreeustaquio.com.br\/wp-content\/uploads\/2021\/04\/irmaos-comemoram-dia-do-Fundador.jpeg","articleSection":["Not\u00edcias"],"inLanguage":"en-US","potentialAction":[{"@type":"CommentAction","name":"Comment","target":["https:\/\/www.padreeustaquio.com.br\/dia-do-fundador-dos-sagrados-coracoes-e-comemorado-na-igreja-do-padre-eustaquio\/#respond"]}]},{"@type":"WebPage","@id":"https:\/\/www.padreeustaquio.com.br\/dia-do-fundador-dos-sagrados-coracoes-e-comemorado-na-igreja-do-padre-eustaquio\/","url":"https:\/\/www.padreeustaquio.com.br\/dia-do-fundador-dos-sagrados-coracoes-e-comemorado-na-igreja-do-padre-eustaquio\/","name":"The Feast Day of the Founder of the Sacred Hearts is celebrated at the Father Eust\u00e1quio Church - Father Eust\u00e1quio","isPartOf":{"@id":"https:\/\/www.padreeustaquio.com.br\/#website"},"primaryImageOfPage":{"@id":"https:\/\/www.padreeustaquio.com.br\/dia-do-fundador-dos-sagrados-coracoes-e-comemorado-na-igreja-do-padre-eustaquio\/#primaryimage"},"image":{"@id":"https:\/\/www.padreeustaquio.com.br\/dia-do-fundador-dos-sagrados-coracoes-e-comemorado-na-igreja-do-padre-eustaquio\/#primaryimage"},"thumbnailUrl":"https:\/\/www.padreeustaquio.com.br\/wp-content\/uploads\/2021\/04\/irmaos-comemoram-dia-do-Fundador.jpeg","datePublished":"2021-04-08T10:20:53+00:00","dateModified":"2021-04-09T23:54:35+00:00","breadcrumb":{"@id":"https:\/\/www.padreeustaquio.com.br\/dia-do-fundador-dos-sagrados-coracoes-e-comemorado-na-igreja-do-padre-eustaquio\/#breadcrumb"},"inLanguage":"en-US","potentialAction":[{"@type":"ReadAction","target":["https:\/\/www.padreeustaquio.com.br\/dia-do-fundador-dos-sagrados-coracoes-e-comemorado-na-igreja-do-padre-eustaquio\/"]}]},{"@type":"ImageObject","inLanguage":"en-US","@id":"https:\/\/www.padreeustaquio.com.br\/dia-do-fundador-dos-sagrados-coracoes-e-comemorado-na-igreja-do-padre-eustaquio\/#primaryimage","url":"https:\/\/www.padreeustaquio.com.br\/wp-content\/uploads\/2021\/04\/irmaos-comemoram-dia-do-Fundador.jpeg","contentUrl":"https:\/\/www.padreeustaquio.com.br\/wp-content\/uploads\/2021\/04\/irmaos-comemoram-dia-do-Fundador.jpeg","width":620,"height":464},{"@type":"BreadcrumbList","@id":"https:\/\/www.padreeustaquio.com.br\/dia-do-fundador-dos-sagrados-coracoes-e-comemorado-na-igreja-do-padre-eustaquio\/#breadcrumb","itemListElement":[{"@type":"ListItem","position":1,"name":"In\u00edcio","item":"https:\/\/www.padreeustaquio.com.br\/"},{"@type":"ListItem","position":2,"name":"Dia do fundador dos Sagrados Cora\u00e7\u00f5es \u00e9 comemorado na igreja do Padre Eust\u00e1quio"}]},{"@type":"WebSite","@id":"https:\/\/www.padreeustaquio.com.br\/#website","url":"https:\/\/www.padreeustaquio.com.br\/","name":"FATHER EUST\u00c1QUIO","description":"Health and Peace","publisher":{"@id":"https:\/\/www.padreeustaquio.com.br\/#organization"},"potentialAction":[{"@type":"SearchAction","target":{"@type":"EntryPoint","urlTemplate":"https:\/\/www.padreeustaquio.com.br\/?s={search_term_string}"},"query-input":{"@type":"PropertyValueSpecification","valueRequired":true,"valueName":"search_term_string"}}],"inLanguage":"en-US"},{"@type":"Organization","@id":"https:\/\/www.padreeustaquio.com.br\/#organization","name":"FATHER EUST\u00c1QUIO","url":"https:\/\/www.padreeustaquio.com.br\/","logo":{"@type":"ImageObject","inLanguage":"en-US","@id":"https:\/\/www.padreeustaquio.com.br\/#\/schema\/logo\/image\/","url":"https:\/\/www.padreeustaquio.com.br\/wp-content\/uploads\/2019\/08\/marca.png","contentUrl":"https:\/\/www.padreeustaquio.com.br\/wp-content\/uploads\/2019\/08\/marca.png","width":350,"height":400,"caption":"Padre Eust\u00e1quio"},"image":{"@id":"https:\/\/www.padreeustaquio.com.br\/#\/schema\/logo\/image\/"},"sameAs":["https:\/\/www.facebook.com\/beatopadreeustaquio\/","https:\/\/x.com\/beatopeustaquio","https:\/\/www.instagram.com\/beatopadreeustaquio\/","https:\/\/www.youtube.com\/channel\/UCRhw7vfabnajwLxb1ZXMeIw"]},{"@type":"Person","@id":"https:\/\/www.padreeustaquio.com.br\/#\/schema\/person\/a2a51db1d00f1a7af0204a0f1ddb1566","name":"@sscc","image":{"@type":"ImageObject","inLanguage":"en-US","@id":"https:\/\/secure.gravatar.com\/avatar\/68cfafa5f44617fea54071e215026e0ff06be366c3d54a8425f04fdcb86f8c5f?s=96&d=mm&r=g","url":"https:\/\/secure.gravatar.com\/avatar\/68cfafa5f44617fea54071e215026e0ff06be366c3d54a8425f04fdcb86f8c5f?s=96&d=mm&r=g","contentUrl":"https:\/\/secure.gravatar.com\/avatar\/68cfafa5f44617fea54071e215026e0ff06be366c3d54a8425f04fdcb86f8c5f?s=96&d=mm&r=g","caption":"@sscc"},"url":"https:\/\/www.padreeustaquio.com.br\/en\/author\/sscc\/"}]}},"_links":{"self":[{"href":"https:\/\/www.padreeustaquio.com.br\/en\/wp-json\/wp\/v2\/posts\/5471","targetHints":{"allow":["GET"]}}],"collection":[{"href":"https:\/\/www.padreeustaquio.com.br\/en\/wp-json\/wp\/v2\/posts"}],"about":[{"href":"https:\/\/www.padreeustaquio.com.br\/en\/wp-json\/wp\/v2\/types\/post"}],"author":[{"embeddable":true,"href":"https:\/\/www.padreeustaquio.com.br\/en\/wp-json\/wp\/v2\/users\/2"}],"replies":[{"embeddable":true,"href":"https:\/\/www.padreeustaquio.com.br\/en\/wp-json\/wp\/v2\/comments?post=5471"}],"version-history":[{"count":0,"href":"https:\/\/www.padreeustaquio.com.br\/en\/wp-json\/wp\/v2\/posts\/5471\/revisions"}],"wp:featuredmedia":[{"embeddable":true,"href":"https:\/\/www.padreeustaquio.com.br\/en\/wp-json\/wp\/v2\/media\/5472"}],"wp:attachment":[{"href":"https:\/\/www.padreeustaquio.com.br\/en\/wp-json\/wp\/v2\/media?parent=5471"}],"wp:term":[{"taxonomy":"category","embeddable":true,"href":"https:\/\/www.padreeustaquio.com.br\/en\/wp-json\/wp\/v2\/categories?post=5471"},{"taxonomy":"post_tag","embeddable":true,"href":"https:\/\/www.padreeustaquio.com.br\/en\/wp-json\/wp\/v2\/tags?post=5471"}],"curies":[{"name":"wp","href":"https:\/\/api.w.org\/{rel}","templated":true}]}}