{"id":5440,"date":"2021-04-07T10:28:03","date_gmt":"2021-04-07T13:28:03","guid":{"rendered":"https:\/\/www.padreeustaquio.com.br\/?p=5440"},"modified":"2021-04-07T10:28:03","modified_gmt":"2021-04-07T13:28:03","slug":"father-eustaquio-daycare-center-maintains-remote-activities-amid-the-pandemic","status":"publish","type":"post","link":"https:\/\/www.padreeustaquio.com.br\/en\/father-eustaquio-daycare-center-maintains-remote-activities-amid-the-pandemic\/","title":{"rendered":"Padre Eust\u00e1quio Daycare Center maintains remote activities amidst the pandemic."},"content":{"rendered":"<p>Even though Belo Horizonte is in the Purple Zone, the children at the Padre Eust\u00e1quio Daycare Center continue to receive activities to be done at home.<\/p>\n<p>The exercises are being sent by the daycare center through WhatsApp groups. The children are separated by grade level, and in addition to the work done by the teachers, storytelling sessions and activities conducted by the support staff are also available.<\/p>\n<p>At home, parents and children approve of the content, which, in addition to teaching the little ones, helps them face this difficult phase of social isolation we are going through with more peace of mind.<\/p>\n<p>Every day the students send photos to the institution, showing the activities they have completed. In response, the teachers send audio messages encouraging and congratulating the students.<\/p>\n<p>The Padre Eust\u00e1quio Daycare Center is maintained by the Vice-Postulation of the Cause of Canonization of the Blessed. And you can help the institution continue operating even during the pandemic.<\/p>\n<p>Make your donation through our <strong>PIX (31) 99545-1943.<\/strong><\/p>\n<p>Or by account:<br \/>\n<strong>Father Eust\u00e1quio Social Action<\/strong><br \/>\nCNPJ 17.193.756\/0001-05<br \/>\n<strong>Cashier | Branch: <\/strong>0089<strong> | Op. <\/strong>013<strong> | c\/p <\/strong>48.086-7<\/p>\n\n\t\t<style type=\"text\/css\">\n\t\t\t#gallery-1 {\n\t\t\t\tmargin: auto;\n\t\t\t}\n\t\t\t#gallery-1 .gallery-item {\n\t\t\t\tfloat: left;\n\t\t\t\tmargin-top: 10px;\n\t\t\t\ttext-align: center;\n\t\t\t\twidth: 25%;\n\t\t\t}\n\t\t\t#gallery-1 img {\n\t\t\t\tborder: 2px solid #cfcfcf;\n\t\t\t}\n\t\t\t#gallery-1 .gallery-caption {\n\t\t\t\tmargin-left: 0;\n\t\t\t}\n\t\t\t\/* see gallery_shortcode() in wp-includes\/media.php *\/\n\t\t<\/style>\n\t\t<div id='gallery-1' class='gallery galleryid-5440 gallery-columns-4 gallery-size-thumbnail'><dl class='gallery-item'>\n\t\t\t<dt class='gallery-icon portrait'>\n\t\t\t\t<a href='https:\/\/www.padreeustaquio.com.br\/en\/father-eustaquio-daycare-center-maintains-remote-activities-amid-the-pandemic\/creche-pandemia-21\/'><img decoding=\"async\" width=\"150\" height=\"150\" src=\"https:\/\/www.padreeustaquio.com.br\/wp-content\/uploads\/2021\/04\/Creche-Pandemia-21-150x150.jpg\" class=\"attachment-thumbnail size-thumbnail\" alt=\"\" srcset=\"https:\/\/www.padreeustaquio.com.br\/wp-content\/uploads\/2021\/04\/Creche-Pandemia-21-150x150.jpg 150w, https:\/\/www.padreeustaquio.com.br\/wp-content\/uploads\/2021\/04\/Creche-Pandemia-21-75x75.jpg 75w, https:\/\/www.padreeustaquio.com.br\/wp-content\/uploads\/2021\/04\/Creche-Pandemia-21-180x180.jpg 180w, https:\/\/www.padreeustaquio.com.br\/wp-content\/uploads\/2021\/04\/Creche-Pandemia-21-400x400.jpg 400w, https:\/\/www.padreeustaquio.com.br\/wp-content\/uploads\/2021\/04\/Creche-Pandemia-21-600x600.jpg 600w, https:\/\/www.padreeustaquio.com.br\/wp-content\/uploads\/2021\/04\/Creche-Pandemia-21-678x675.jpg 678w\" sizes=\"(max-width: 150px) 100vw, 150px\" \/><\/a>\n\t\t\t<\/dt><\/dl><dl class='gallery-item'>\n\t\t\t<dt class='gallery-icon portrait'>\n\t\t\t\t<a href='https:\/\/www.padreeustaquio.com.br\/en\/father-eustaquio-daycare-center-maintains-remote-activities-amid-the-pandemic\/creche-pandemia-8\/'><img decoding=\"async\" width=\"150\" height=\"150\" src=\"https:\/\/www.padreeustaquio.com.br\/wp-content\/uploads\/2021\/04\/Creche-Pandemia-8-150x150.jpg\" class=\"attachment-thumbnail size-thumbnail\" alt=\"\" srcset=\"https:\/\/www.padreeustaquio.com.br\/wp-content\/uploads\/2021\/04\/Creche-Pandemia-8-150x150.jpg 150w, https:\/\/www.padreeustaquio.com.br\/wp-content\/uploads\/2021\/04\/Creche-Pandemia-8-75x75.jpg 75w, https:\/\/www.padreeustaquio.com.br\/wp-content\/uploads\/2021\/04\/Creche-Pandemia-8-180x180.jpg 180w, https:\/\/www.padreeustaquio.com.br\/wp-content\/uploads\/2021\/04\/Creche-Pandemia-8-400x400.jpg 400w, https:\/\/www.padreeustaquio.com.br\/wp-content\/uploads\/2021\/04\/Creche-Pandemia-8-600x600.jpg 600w, https:\/\/www.padreeustaquio.com.br\/wp-content\/uploads\/2021\/04\/Creche-Pandemia-8-672x675.jpg 672w\" sizes=\"(max-width: 150px) 100vw, 150px\" \/><\/a>\n\t\t\t<\/dt><\/dl><dl class='gallery-item'>\n\t\t\t<dt class='gallery-icon portrait'>\n\t\t\t\t<a href='https:\/\/www.padreeustaquio.com.br\/en\/father-eustaquio-daycare-center-maintains-remote-activities-amid-the-pandemic\/creche-pandemia-6\/'><img decoding=\"async\" width=\"150\" height=\"150\" src=\"https:\/\/www.padreeustaquio.com.br\/wp-content\/uploads\/2021\/04\/Creche-Pandemia-6-150x150.jpg\" class=\"attachment-thumbnail size-thumbnail\" alt=\"\" srcset=\"https:\/\/www.padreeustaquio.com.br\/wp-content\/uploads\/2021\/04\/Creche-Pandemia-6-150x150.jpg 150w, https:\/\/www.padreeustaquio.com.br\/wp-content\/uploads\/2021\/04\/Creche-Pandemia-6-75x75.jpg 75w, https:\/\/www.padreeustaquio.com.br\/wp-content\/uploads\/2021\/04\/Creche-Pandemia-6-180x180.jpg 180w, https:\/\/www.padreeustaquio.com.br\/wp-content\/uploads\/2021\/04\/Creche-Pandemia-6-400x400.jpg 400w, https:\/\/www.padreeustaquio.com.br\/wp-content\/uploads\/2021\/04\/Creche-Pandemia-6-600x600.jpg 600w, https:\/\/www.padreeustaquio.com.br\/wp-content\/uploads\/2021\/04\/Creche-Pandemia-6-678x675.jpg 678w\" sizes=\"(max-width: 150px) 100vw, 150px\" \/><\/a>\n\t\t\t<\/dt><\/dl><dl class='gallery-item'>\n\t\t\t<dt class='gallery-icon portrait'>\n\t\t\t\t<a href='https:\/\/www.padreeustaquio.com.br\/en\/father-eustaquio-daycare-center-maintains-remote-activities-amid-the-pandemic\/creche-pandemia-1\/'><img loading=\"lazy\" decoding=\"async\" width=\"150\" height=\"150\" src=\"https:\/\/www.padreeustaquio.com.br\/wp-content\/uploads\/2021\/04\/Creche-Pandemia-1-150x150.jpg\" class=\"attachment-thumbnail size-thumbnail\" alt=\"\" srcset=\"https:\/\/www.padreeustaquio.com.br\/wp-content\/uploads\/2021\/04\/Creche-Pandemia-1-150x150.jpg 150w, https:\/\/www.padreeustaquio.com.br\/wp-content\/uploads\/2021\/04\/Creche-Pandemia-1-75x75.jpg 75w, https:\/\/www.padreeustaquio.com.br\/wp-content\/uploads\/2021\/04\/Creche-Pandemia-1-180x180.jpg 180w, https:\/\/www.padreeustaquio.com.br\/wp-content\/uploads\/2021\/04\/Creche-Pandemia-1-400x400.jpg 400w\" sizes=\"(max-width: 150px) 100vw, 150px\" \/><\/a>\n\t\t\t<\/dt><\/dl><br style=\"clear: both\" \/><dl class='gallery-item'>\n\t\t\t<dt class='gallery-icon portrait'>\n\t\t\t\t<a href='https:\/\/www.padreeustaquio.com.br\/en\/father-eustaquio-daycare-center-maintains-remote-activities-amid-the-pandemic\/creche-pandemia-2\/'><img loading=\"lazy\" decoding=\"async\" width=\"150\" height=\"150\" src=\"https:\/\/www.padreeustaquio.com.br\/wp-content\/uploads\/2021\/04\/Creche-Pandemia-2-150x150.jpg\" class=\"attachment-thumbnail size-thumbnail\" alt=\"\" srcset=\"https:\/\/www.padreeustaquio.com.br\/wp-content\/uploads\/2021\/04\/Creche-Pandemia-2-150x150.jpg 150w, https:\/\/www.padreeustaquio.com.br\/wp-content\/uploads\/2021\/04\/Creche-Pandemia-2-75x75.jpg 75w, https:\/\/www.padreeustaquio.com.br\/wp-content\/uploads\/2021\/04\/Creche-Pandemia-2-180x180.jpg 180w, https:\/\/www.padreeustaquio.com.br\/wp-content\/uploads\/2021\/04\/Creche-Pandemia-2-400x400.jpg 400w\" sizes=\"(max-width: 150px) 100vw, 150px\" \/><\/a>\n\t\t\t<\/dt><\/dl><dl class='gallery-item'>\n\t\t\t<dt class='gallery-icon portrait'>\n\t\t\t\t<a href='https:\/\/www.padreeustaquio.com.br\/en\/father-eustaquio-daycare-center-maintains-remote-activities-amid-the-pandemic\/creche-pandemia-3\/'><img loading=\"lazy\" decoding=\"async\" width=\"150\" height=\"150\" src=\"https:\/\/www.padreeustaquio.com.br\/wp-content\/uploads\/2021\/04\/Creche-Pandemia-3-150x150.jpg\" class=\"attachment-thumbnail size-thumbnail\" alt=\"\" srcset=\"https:\/\/www.padreeustaquio.com.br\/wp-content\/uploads\/2021\/04\/Creche-Pandemia-3-150x150.jpg 150w, https:\/\/www.padreeustaquio.com.br\/wp-content\/uploads\/2021\/04\/Creche-Pandemia-3-75x75.jpg 75w, https:\/\/www.padreeustaquio.com.br\/wp-content\/uploads\/2021\/04\/Creche-Pandemia-3-180x180.jpg 180w, https:\/\/www.padreeustaquio.com.br\/wp-content\/uploads\/2021\/04\/Creche-Pandemia-3-400x400.jpg 400w, https:\/\/www.padreeustaquio.com.br\/wp-content\/uploads\/2021\/04\/Creche-Pandemia-3-600x600.jpg 600w, https:\/\/www.padreeustaquio.com.br\/wp-content\/uploads\/2021\/04\/Creche-Pandemia-3-678x675.jpg 678w\" sizes=\"(max-width: 150px) 100vw, 150px\" \/><\/a>\n\t\t\t<\/dt><\/dl><dl class='gallery-item'>\n\t\t\t<dt class='gallery-icon portrait'>\n\t\t\t\t<a href='https:\/\/www.padreeustaquio.com.br\/en\/father-eustaquio-daycare-center-maintains-remote-activities-amid-the-pandemic\/creche-pandemia-4\/'><img loading=\"lazy\" decoding=\"async\" width=\"150\" height=\"150\" src=\"https:\/\/www.padreeustaquio.com.br\/wp-content\/uploads\/2021\/04\/Creche-Pandemia-4-150x150.jpg\" class=\"attachment-thumbnail size-thumbnail\" alt=\"\" srcset=\"https:\/\/www.padreeustaquio.com.br\/wp-content\/uploads\/2021\/04\/Creche-Pandemia-4-150x150.jpg 150w, https:\/\/www.padreeustaquio.com.br\/wp-content\/uploads\/2021\/04\/Creche-Pandemia-4-75x75.jpg 75w, https:\/\/www.padreeustaquio.com.br\/wp-content\/uploads\/2021\/04\/Creche-Pandemia-4-180x180.jpg 180w, https:\/\/www.padreeustaquio.com.br\/wp-content\/uploads\/2021\/04\/Creche-Pandemia-4-400x400.jpg 400w, https:\/\/www.padreeustaquio.com.br\/wp-content\/uploads\/2021\/04\/Creche-Pandemia-4-600x600.jpg 600w, https:\/\/www.padreeustaquio.com.br\/wp-content\/uploads\/2021\/04\/Creche-Pandemia-4-794x800.jpg 794w\" sizes=\"(max-width: 150px) 100vw, 150px\" \/><\/a>\n\t\t\t<\/dt><\/dl><dl class='gallery-item'>\n\t\t\t<dt class='gallery-icon portrait'>\n\t\t\t\t<a href='https:\/\/www.padreeustaquio.com.br\/en\/father-eustaquio-daycare-center-maintains-remote-activities-amid-the-pandemic\/creche-pandemia-5\/'><img loading=\"lazy\" decoding=\"async\" width=\"150\" height=\"150\" src=\"https:\/\/www.padreeustaquio.com.br\/wp-content\/uploads\/2021\/04\/Creche-Pandemia-5-150x150.jpg\" class=\"attachment-thumbnail size-thumbnail\" alt=\"\" srcset=\"https:\/\/www.padreeustaquio.com.br\/wp-content\/uploads\/2021\/04\/Creche-Pandemia-5-150x150.jpg 150w, https:\/\/www.padreeustaquio.com.br\/wp-content\/uploads\/2021\/04\/Creche-Pandemia-5-75x75.jpg 75w, https:\/\/www.padreeustaquio.com.br\/wp-content\/uploads\/2021\/04\/Creche-Pandemia-5-180x180.jpg 180w, https:\/\/www.padreeustaquio.com.br\/wp-content\/uploads\/2021\/04\/Creche-Pandemia-5-400x400.jpg 400w\" sizes=\"(max-width: 150px) 100vw, 150px\" \/><\/a>\n\t\t\t<\/dt><\/dl><br style=\"clear: both\" \/><dl class='gallery-item'>\n\t\t\t<dt class='gallery-icon portrait'>\n\t\t\t\t<a href='https:\/\/www.padreeustaquio.com.br\/en\/father-eustaquio-daycare-center-maintains-remote-activities-amid-the-pandemic\/creche-pandemia-7\/'><img loading=\"lazy\" decoding=\"async\" width=\"150\" height=\"150\" src=\"https:\/\/www.padreeustaquio.com.br\/wp-content\/uploads\/2021\/04\/Creche-Pandemia-7-150x150.jpg\" class=\"attachment-thumbnail size-thumbnail\" alt=\"\" srcset=\"https:\/\/www.padreeustaquio.com.br\/wp-content\/uploads\/2021\/04\/Creche-Pandemia-7-150x150.jpg 150w, https:\/\/www.padreeustaquio.com.br\/wp-content\/uploads\/2021\/04\/Creche-Pandemia-7-75x75.jpg 75w, https:\/\/www.padreeustaquio.com.br\/wp-content\/uploads\/2021\/04\/Creche-Pandemia-7-180x180.jpg 180w, https:\/\/www.padreeustaquio.com.br\/wp-content\/uploads\/2021\/04\/Creche-Pandemia-7-400x400.jpg 400w\" sizes=\"(max-width: 150px) 100vw, 150px\" \/><\/a>\n\t\t\t<\/dt><\/dl><dl class='gallery-item'>\n\t\t\t<dt class='gallery-icon portrait'>\n\t\t\t\t<a href='https:\/\/www.padreeustaquio.com.br\/en\/father-eustaquio-daycare-center-maintains-remote-activities-amid-the-pandemic\/creche-pandemia-9\/'><img loading=\"lazy\" decoding=\"async\" width=\"150\" height=\"150\" src=\"https:\/\/www.padreeustaquio.com.br\/wp-content\/uploads\/2021\/04\/Creche-Pandemia-9-150x150.jpg\" class=\"attachment-thumbnail size-thumbnail\" alt=\"\" srcset=\"https:\/\/www.padreeustaquio.com.br\/wp-content\/uploads\/2021\/04\/Creche-Pandemia-9-150x150.jpg 150w, https:\/\/www.padreeustaquio.com.br\/wp-content\/uploads\/2021\/04\/Creche-Pandemia-9-75x75.jpg 75w, https:\/\/www.padreeustaquio.com.br\/wp-content\/uploads\/2021\/04\/Creche-Pandemia-9-180x180.jpg 180w, https:\/\/www.padreeustaquio.com.br\/wp-content\/uploads\/2021\/04\/Creche-Pandemia-9-400x400.jpg 400w, https:\/\/www.padreeustaquio.com.br\/wp-content\/uploads\/2021\/04\/Creche-Pandemia-9-600x600.jpg 600w\" sizes=\"(max-width: 150px) 100vw, 150px\" \/><\/a>\n\t\t\t<\/dt><\/dl><dl class='gallery-item'>\n\t\t\t<dt class='gallery-icon portrait'>\n\t\t\t\t<a href='https:\/\/www.padreeustaquio.com.br\/en\/father-eustaquio-daycare-center-maintains-remote-activities-amid-the-pandemic\/creche-pandemia-10\/'><img loading=\"lazy\" decoding=\"async\" width=\"150\" height=\"150\" src=\"https:\/\/www.padreeustaquio.com.br\/wp-content\/uploads\/2021\/04\/Creche-Pandemia-10-150x150.jpg\" class=\"attachment-thumbnail size-thumbnail\" alt=\"\" srcset=\"https:\/\/www.padreeustaquio.com.br\/wp-content\/uploads\/2021\/04\/Creche-Pandemia-10-150x150.jpg 150w, https:\/\/www.padreeustaquio.com.br\/wp-content\/uploads\/2021\/04\/Creche-Pandemia-10-75x75.jpg 75w, https:\/\/www.padreeustaquio.com.br\/wp-content\/uploads\/2021\/04\/Creche-Pandemia-10-180x180.jpg 180w, https:\/\/www.padreeustaquio.com.br\/wp-content\/uploads\/2021\/04\/Creche-Pandemia-10-400x400.jpg 400w\" sizes=\"(max-width: 150px) 100vw, 150px\" \/><\/a>\n\t\t\t<\/dt><\/dl><dl class='gallery-item'>\n\t\t\t<dt class='gallery-icon portrait'>\n\t\t\t\t<a href='https:\/\/www.padreeustaquio.com.br\/en\/father-eustaquio-daycare-center-maintains-remote-activities-amid-the-pandemic\/creche-pandemia-11\/'><img loading=\"lazy\" decoding=\"async\" width=\"150\" height=\"150\" src=\"https:\/\/www.padreeustaquio.com.br\/wp-content\/uploads\/2021\/04\/Creche-Pandemia-11-150x150.jpg\" class=\"attachment-thumbnail size-thumbnail\" alt=\"\" srcset=\"https:\/\/www.padreeustaquio.com.br\/wp-content\/uploads\/2021\/04\/Creche-Pandemia-11-150x150.jpg 150w, https:\/\/www.padreeustaquio.com.br\/wp-content\/uploads\/2021\/04\/Creche-Pandemia-11-75x75.jpg 75w, https:\/\/www.padreeustaquio.com.br\/wp-content\/uploads\/2021\/04\/Creche-Pandemia-11-180x180.jpg 180w, https:\/\/www.padreeustaquio.com.br\/wp-content\/uploads\/2021\/04\/Creche-Pandemia-11-400x400.jpg 400w\" sizes=\"(max-width: 150px) 100vw, 150px\" \/><\/a>\n\t\t\t<\/dt><\/dl><br style=\"clear: both\" \/><dl class='gallery-item'>\n\t\t\t<dt class='gallery-icon portrait'>\n\t\t\t\t<a href='https:\/\/www.padreeustaquio.com.br\/en\/father-eustaquio-daycare-center-maintains-remote-activities-amid-the-pandemic\/creche-pandemia-12\/'><img loading=\"lazy\" decoding=\"async\" width=\"150\" height=\"150\" src=\"https:\/\/www.padreeustaquio.com.br\/wp-content\/uploads\/2021\/04\/Creche-Pandemia-12-150x150.jpg\" class=\"attachment-thumbnail size-thumbnail\" alt=\"\" srcset=\"https:\/\/www.padreeustaquio.com.br\/wp-content\/uploads\/2021\/04\/Creche-Pandemia-12-150x150.jpg 150w, https:\/\/www.padreeustaquio.com.br\/wp-content\/uploads\/2021\/04\/Creche-Pandemia-12-75x75.jpg 75w, https:\/\/www.padreeustaquio.com.br\/wp-content\/uploads\/2021\/04\/Creche-Pandemia-12-180x180.jpg 180w, https:\/\/www.padreeustaquio.com.br\/wp-content\/uploads\/2021\/04\/Creche-Pandemia-12-400x400.jpg 400w, https:\/\/www.padreeustaquio.com.br\/wp-content\/uploads\/2021\/04\/Creche-Pandemia-12-450x450.jpg 450w\" sizes=\"(max-width: 150px) 100vw, 150px\" \/><\/a>\n\t\t\t<\/dt><\/dl><dl class='gallery-item'>\n\t\t\t<dt class='gallery-icon portrait'>\n\t\t\t\t<a href='https:\/\/www.padreeustaquio.com.br\/en\/father-eustaquio-daycare-center-maintains-remote-activities-amid-the-pandemic\/creche-pandemia-13\/'><img loading=\"lazy\" decoding=\"async\" width=\"150\" height=\"150\" src=\"https:\/\/www.padreeustaquio.com.br\/wp-content\/uploads\/2021\/04\/Creche-Pandemia-13-150x150.jpg\" class=\"attachment-thumbnail size-thumbnail\" alt=\"\" srcset=\"https:\/\/www.padreeustaquio.com.br\/wp-content\/uploads\/2021\/04\/Creche-Pandemia-13-150x150.jpg 150w, https:\/\/www.padreeustaquio.com.br\/wp-content\/uploads\/2021\/04\/Creche-Pandemia-13-75x75.jpg 75w, https:\/\/www.padreeustaquio.com.br\/wp-content\/uploads\/2021\/04\/Creche-Pandemia-13-180x180.jpg 180w, https:\/\/www.padreeustaquio.com.br\/wp-content\/uploads\/2021\/04\/Creche-Pandemia-13-400x400.jpg 400w, https:\/\/www.padreeustaquio.com.br\/wp-content\/uploads\/2021\/04\/Creche-Pandemia-13-600x600.jpg 600w, https:\/\/www.padreeustaquio.com.br\/wp-content\/uploads\/2021\/04\/Creche-Pandemia-13-678x675.jpg 678w\" sizes=\"(max-width: 150px) 100vw, 150px\" \/><\/a>\n\t\t\t<\/dt><\/dl><dl class='gallery-item'>\n\t\t\t<dt class='gallery-icon portrait'>\n\t\t\t\t<a href='https:\/\/www.padreeustaquio.com.br\/en\/father-eustaquio-daycare-center-maintains-remote-activities-amid-the-pandemic\/creche-pandemia-14\/'><img loading=\"lazy\" decoding=\"async\" width=\"150\" height=\"150\" src=\"https:\/\/www.padreeustaquio.com.br\/wp-content\/uploads\/2021\/04\/Creche-Pandemia-14-150x150.jpg\" class=\"attachment-thumbnail size-thumbnail\" alt=\"\" srcset=\"https:\/\/www.padreeustaquio.com.br\/wp-content\/uploads\/2021\/04\/Creche-Pandemia-14-150x150.jpg 150w, https:\/\/www.padreeustaquio.com.br\/wp-content\/uploads\/2021\/04\/Creche-Pandemia-14-75x75.jpg 75w, https:\/\/www.padreeustaquio.com.br\/wp-content\/uploads\/2021\/04\/Creche-Pandemia-14-180x180.jpg 180w, https:\/\/www.padreeustaquio.com.br\/wp-content\/uploads\/2021\/04\/Creche-Pandemia-14-400x400.jpg 400w\" sizes=\"(max-width: 150px) 100vw, 150px\" \/><\/a>\n\t\t\t<\/dt><\/dl><dl class='gallery-item'>\n\t\t\t<dt class='gallery-icon portrait'>\n\t\t\t\t<a href='https:\/\/www.padreeustaquio.com.br\/en\/father-eustaquio-daycare-center-maintains-remote-activities-amid-the-pandemic\/creche-pandemia-15\/'><img loading=\"lazy\" decoding=\"async\" width=\"150\" height=\"150\" src=\"https:\/\/www.padreeustaquio.com.br\/wp-content\/uploads\/2021\/04\/Creche-Pandemia-15-150x150.jpg\" class=\"attachment-thumbnail size-thumbnail\" alt=\"\" srcset=\"https:\/\/www.padreeustaquio.com.br\/wp-content\/uploads\/2021\/04\/Creche-Pandemia-15-150x150.jpg 150w, https:\/\/www.padreeustaquio.com.br\/wp-content\/uploads\/2021\/04\/Creche-Pandemia-15-75x75.jpg 75w, https:\/\/www.padreeustaquio.com.br\/wp-content\/uploads\/2021\/04\/Creche-Pandemia-15-180x180.jpg 180w, https:\/\/www.padreeustaquio.com.br\/wp-content\/uploads\/2021\/04\/Creche-Pandemia-15-400x400.jpg 400w, https:\/\/www.padreeustaquio.com.br\/wp-content\/uploads\/2021\/04\/Creche-Pandemia-15-403x400.jpg 403w\" sizes=\"(max-width: 150px) 100vw, 150px\" \/><\/a>\n\t\t\t<\/dt><\/dl><br style=\"clear: both\" \/><dl class='gallery-item'>\n\t\t\t<dt class='gallery-icon portrait'>\n\t\t\t\t<a href='https:\/\/www.padreeustaquio.com.br\/en\/father-eustaquio-daycare-center-maintains-remote-activities-amid-the-pandemic\/creche-pandemia-16\/'><img loading=\"lazy\" decoding=\"async\" width=\"150\" height=\"150\" src=\"https:\/\/www.padreeustaquio.com.br\/wp-content\/uploads\/2021\/04\/Creche-Pandemia-16-150x150.jpg\" class=\"attachment-thumbnail size-thumbnail\" alt=\"\" srcset=\"https:\/\/www.padreeustaquio.com.br\/wp-content\/uploads\/2021\/04\/Creche-Pandemia-16-150x150.jpg 150w, https:\/\/www.padreeustaquio.com.br\/wp-content\/uploads\/2021\/04\/Creche-Pandemia-16-75x75.jpg 75w, https:\/\/www.padreeustaquio.com.br\/wp-content\/uploads\/2021\/04\/Creche-Pandemia-16-180x180.jpg 180w, https:\/\/www.padreeustaquio.com.br\/wp-content\/uploads\/2021\/04\/Creche-Pandemia-16-400x400.jpg 400w\" sizes=\"(max-width: 150px) 100vw, 150px\" \/><\/a>\n\t\t\t<\/dt><\/dl><dl class='gallery-item'>\n\t\t\t<dt class='gallery-icon portrait'>\n\t\t\t\t<a href='https:\/\/www.padreeustaquio.com.br\/en\/father-eustaquio-daycare-center-maintains-remote-activities-amid-the-pandemic\/creche-pandemia-17\/'><img loading=\"lazy\" decoding=\"async\" width=\"150\" height=\"150\" src=\"https:\/\/www.padreeustaquio.com.br\/wp-content\/uploads\/2021\/04\/Creche-Pandemia-17-150x150.jpg\" class=\"attachment-thumbnail size-thumbnail\" alt=\"\" srcset=\"https:\/\/www.padreeustaquio.com.br\/wp-content\/uploads\/2021\/04\/Creche-Pandemia-17-150x150.jpg 150w, https:\/\/www.padreeustaquio.com.br\/wp-content\/uploads\/2021\/04\/Creche-Pandemia-17-75x75.jpg 75w, https:\/\/www.padreeustaquio.com.br\/wp-content\/uploads\/2021\/04\/Creche-Pandemia-17-180x180.jpg 180w, https:\/\/www.padreeustaquio.com.br\/wp-content\/uploads\/2021\/04\/Creche-Pandemia-17-400x400.jpg 400w, https:\/\/www.padreeustaquio.com.br\/wp-content\/uploads\/2021\/04\/Creche-Pandemia-17-598x600.jpg 598w\" sizes=\"(max-width: 150px) 100vw, 150px\" \/><\/a>\n\t\t\t<\/dt><\/dl><dl class='gallery-item'>\n\t\t\t<dt class='gallery-icon portrait'>\n\t\t\t\t<a href='https:\/\/www.padreeustaquio.com.br\/en\/father-eustaquio-daycare-center-maintains-remote-activities-amid-the-pandemic\/creche-pandemia-18\/'><img loading=\"lazy\" decoding=\"async\" width=\"150\" height=\"150\" src=\"https:\/\/www.padreeustaquio.com.br\/wp-content\/uploads\/2021\/04\/Creche-Pandemia-18-150x150.jpg\" class=\"attachment-thumbnail size-thumbnail\" alt=\"\" srcset=\"https:\/\/www.padreeustaquio.com.br\/wp-content\/uploads\/2021\/04\/Creche-Pandemia-18-150x150.jpg 150w, https:\/\/www.padreeustaquio.com.br\/wp-content\/uploads\/2021\/04\/Creche-Pandemia-18-75x75.jpg 75w, https:\/\/www.padreeustaquio.com.br\/wp-content\/uploads\/2021\/04\/Creche-Pandemia-18-180x180.jpg 180w, https:\/\/www.padreeustaquio.com.br\/wp-content\/uploads\/2021\/04\/Creche-Pandemia-18-400x400.jpg 400w\" sizes=\"(max-width: 150px) 100vw, 150px\" \/><\/a>\n\t\t\t<\/dt><\/dl><dl class='gallery-item'>\n\t\t\t<dt class='gallery-icon portrait'>\n\t\t\t\t<a href='https:\/\/www.padreeustaquio.com.br\/en\/father-eustaquio-daycare-center-maintains-remote-activities-amid-the-pandemic\/creche-pandemia-19\/'><img loading=\"lazy\" decoding=\"async\" width=\"150\" height=\"150\" src=\"https:\/\/www.padreeustaquio.com.br\/wp-content\/uploads\/2021\/04\/Creche-Pandemia-19-150x150.jpg\" class=\"attachment-thumbnail size-thumbnail\" alt=\"\" srcset=\"https:\/\/www.padreeustaquio.com.br\/wp-content\/uploads\/2021\/04\/Creche-Pandemia-19-150x150.jpg 150w, https:\/\/www.padreeustaquio.com.br\/wp-content\/uploads\/2021\/04\/Creche-Pandemia-19-300x300.jpg 300w, https:\/\/www.padreeustaquio.com.br\/wp-content\/uploads\/2021\/04\/Creche-Pandemia-19-768x769.jpg 768w, https:\/\/www.padreeustaquio.com.br\/wp-content\/uploads\/2021\/04\/Creche-Pandemia-19-75x75.jpg 75w, https:\/\/www.padreeustaquio.com.br\/wp-content\/uploads\/2021\/04\/Creche-Pandemia-19-180x180.jpg 180w, https:\/\/www.padreeustaquio.com.br\/wp-content\/uploads\/2021\/04\/Creche-Pandemia-19-400x400.jpg 400w, https:\/\/www.padreeustaquio.com.br\/wp-content\/uploads\/2021\/04\/Creche-Pandemia-19-600x600.jpg 600w, https:\/\/www.padreeustaquio.com.br\/wp-content\/uploads\/2021\/04\/Creche-Pandemia-19.jpg 959w\" sizes=\"(max-width: 150px) 100vw, 150px\" \/><\/a>\n\t\t\t<\/dt><\/dl><br style=\"clear: both\" \/><dl class='gallery-item'>\n\t\t\t<dt class='gallery-icon portrait'>\n\t\t\t\t<a href='https:\/\/www.padreeustaquio.com.br\/en\/father-eustaquio-daycare-center-maintains-remote-activities-amid-the-pandemic\/creche-pandemia-20\/'><img loading=\"lazy\" decoding=\"async\" width=\"150\" height=\"150\" src=\"https:\/\/www.padreeustaquio.com.br\/wp-content\/uploads\/2021\/04\/Creche-Pandemia-20-150x150.jpg\" class=\"attachment-thumbnail size-thumbnail\" alt=\"\" srcset=\"https:\/\/www.padreeustaquio.com.br\/wp-content\/uploads\/2021\/04\/Creche-Pandemia-20-150x150.jpg 150w, https:\/\/www.padreeustaquio.com.br\/wp-content\/uploads\/2021\/04\/Creche-Pandemia-20-75x75.jpg 75w, https:\/\/www.padreeustaquio.com.br\/wp-content\/uploads\/2021\/04\/Creche-Pandemia-20-180x180.jpg 180w, https:\/\/www.padreeustaquio.com.br\/wp-content\/uploads\/2021\/04\/Creche-Pandemia-20-400x400.jpg 400w\" sizes=\"(max-width: 150px) 100vw, 150px\" \/><\/a>\n\t\t\t<\/dt><\/dl><dl class='gallery-item'>\n\t\t\t<dt class='gallery-icon portrait'>\n\t\t\t\t<a href='https:\/\/www.padreeustaquio.com.br\/en\/father-eustaquio-daycare-center-maintains-remote-activities-amid-the-pandemic\/creche-pandemia-22\/'><img loading=\"lazy\" decoding=\"async\" width=\"150\" height=\"150\" src=\"https:\/\/www.padreeustaquio.com.br\/wp-content\/uploads\/2021\/04\/Creche-Pandemia-22-150x150.jpg\" class=\"attachment-thumbnail size-thumbnail\" alt=\"\" srcset=\"https:\/\/www.padreeustaquio.com.br\/wp-content\/uploads\/2021\/04\/Creche-Pandemia-22-150x150.jpg 150w, https:\/\/www.padreeustaquio.com.br\/wp-content\/uploads\/2021\/04\/Creche-Pandemia-22-75x75.jpg 75w, https:\/\/www.padreeustaquio.com.br\/wp-content\/uploads\/2021\/04\/Creche-Pandemia-22-180x180.jpg 180w, https:\/\/www.padreeustaquio.com.br\/wp-content\/uploads\/2021\/04\/Creche-Pandemia-22-400x400.jpg 400w, https:\/\/www.padreeustaquio.com.br\/wp-content\/uploads\/2021\/04\/Creche-Pandemia-22-600x600.jpg 600w, https:\/\/www.padreeustaquio.com.br\/wp-content\/uploads\/2021\/04\/Creche-Pandemia-22-678x675.jpg 678w\" sizes=\"(max-width: 150px) 100vw, 150px\" \/><\/a>\n\t\t\t<\/dt><\/dl><dl class='gallery-item'>\n\t\t\t<dt class='gallery-icon portrait'>\n\t\t\t\t<a href='https:\/\/www.padreeustaquio.com.br\/en\/father-eustaquio-daycare-center-maintains-remote-activities-amid-the-pandemic\/creche-pandemia-23\/'><img loading=\"lazy\" decoding=\"async\" width=\"150\" height=\"150\" src=\"https:\/\/www.padreeustaquio.com.br\/wp-content\/uploads\/2021\/04\/Creche-Pandemia-23-150x150.jpg\" class=\"attachment-thumbnail size-thumbnail\" alt=\"\" srcset=\"https:\/\/www.padreeustaquio.com.br\/wp-content\/uploads\/2021\/04\/Creche-Pandemia-23-150x150.jpg 150w, https:\/\/www.padreeustaquio.com.br\/wp-content\/uploads\/2021\/04\/Creche-Pandemia-23-75x75.jpg 75w, https:\/\/www.padreeustaquio.com.br\/wp-content\/uploads\/2021\/04\/Creche-Pandemia-23-180x180.jpg 180w, https:\/\/www.padreeustaquio.com.br\/wp-content\/uploads\/2021\/04\/Creche-Pandemia-23-400x400.jpg 400w\" sizes=\"(max-width: 150px) 100vw, 150px\" \/><\/a>\n\t\t\t<\/dt><\/dl><dl class='gallery-item'>\n\t\t\t<dt class='gallery-icon portrait'>\n\t\t\t\t<a href='https:\/\/www.padreeustaquio.com.br\/en\/father-eustaquio-daycare-center-maintains-remote-activities-amid-the-pandemic\/creche-pandemia-24\/'><img loading=\"lazy\" decoding=\"async\" width=\"150\" height=\"150\" src=\"https:\/\/www.padreeustaquio.com.br\/wp-content\/uploads\/2021\/04\/Creche-Pandemia-24-150x150.jpg\" class=\"attachment-thumbnail size-thumbnail\" alt=\"\" srcset=\"https:\/\/www.padreeustaquio.com.br\/wp-content\/uploads\/2021\/04\/Creche-Pandemia-24-150x150.jpg 150w, https:\/\/www.padreeustaquio.com.br\/wp-content\/uploads\/2021\/04\/Creche-Pandemia-24-75x75.jpg 75w, https:\/\/www.padreeustaquio.com.br\/wp-content\/uploads\/2021\/04\/Creche-Pandemia-24-180x180.jpg 180w, https:\/\/www.padreeustaquio.com.br\/wp-content\/uploads\/2021\/04\/Creche-Pandemia-24-400x400.jpg 400w\" sizes=\"(max-width: 150px) 100vw, 150px\" \/><\/a>\n\t\t\t<\/dt><\/dl><br style=\"clear: both\" \/><dl class='gallery-item'>\n\t\t\t<dt class='gallery-icon portrait'>\n\t\t\t\t<a href='https:\/\/www.padreeustaquio.com.br\/en\/father-eustaquio-daycare-center-maintains-remote-activities-amid-the-pandemic\/creche-pandemia-25\/'><img loading=\"lazy\" decoding=\"async\" width=\"150\" height=\"150\" src=\"https:\/\/www.padreeustaquio.com.br\/wp-content\/uploads\/2021\/04\/Creche-Pandemia-25-150x150.jpg\" class=\"attachment-thumbnail size-thumbnail\" alt=\"\" srcset=\"https:\/\/www.padreeustaquio.com.br\/wp-content\/uploads\/2021\/04\/Creche-Pandemia-25-150x150.jpg 150w, https:\/\/www.padreeustaquio.com.br\/wp-content\/uploads\/2021\/04\/Creche-Pandemia-25-75x75.jpg 75w, https:\/\/www.padreeustaquio.com.br\/wp-content\/uploads\/2021\/04\/Creche-Pandemia-25-180x180.jpg 180w, https:\/\/www.padreeustaquio.com.br\/wp-content\/uploads\/2021\/04\/Creche-Pandemia-25-400x400.jpg 400w, https:\/\/www.padreeustaquio.com.br\/wp-content\/uploads\/2021\/04\/Creche-Pandemia-25-600x600.jpg 600w\" sizes=\"(max-width: 150px) 100vw, 150px\" \/><\/a>\n\t\t\t<\/dt><\/dl><dl class='gallery-item'>\n\t\t\t<dt class='gallery-icon portrait'>\n\t\t\t\t<a href='https:\/\/www.padreeustaquio.com.br\/en\/father-eustaquio-daycare-center-maintains-remote-activities-amid-the-pandemic\/creche-pandemia-26\/'><img loading=\"lazy\" decoding=\"async\" width=\"150\" height=\"150\" src=\"https:\/\/www.padreeustaquio.com.br\/wp-content\/uploads\/2021\/04\/Creche-Pandemia-26-150x150.jpg\" class=\"attachment-thumbnail size-thumbnail\" alt=\"\" srcset=\"https:\/\/www.padreeustaquio.com.br\/wp-content\/uploads\/2021\/04\/Creche-Pandemia-26-150x150.jpg 150w, https:\/\/www.padreeustaquio.com.br\/wp-content\/uploads\/2021\/04\/Creche-Pandemia-26-75x75.jpg 75w, https:\/\/www.padreeustaquio.com.br\/wp-content\/uploads\/2021\/04\/Creche-Pandemia-26-180x180.jpg 180w, https:\/\/www.padreeustaquio.com.br\/wp-content\/uploads\/2021\/04\/Creche-Pandemia-26-400x400.jpg 400w\" sizes=\"(max-width: 150px) 100vw, 150px\" \/><\/a>\n\t\t\t<\/dt><\/dl>\n\t\t\t<br style='clear: both' \/>\n\t\t<\/div>","protected":false},"excerpt":{"rendered":"<p>As crian\u00e7as da Creche Padre Eust\u00e1quio continuam recebendo, mesmo Belo Horizonte estando na onda Roxa, atividades para serem desenvolvidas em casa. Os exerc\u00edcios est\u00e3o sendo enviados pela creche por meio de grupos de WhatsApp. As crian\u00e7as s\u00e3o separadas por s\u00e9rie e, al\u00e9m dos trabalhos desenvolvidos pelas professoras, s\u00e3o disponibilizadas conta\u00e7\u00f5es de hist\u00f3ria e atividades realizadas pela equipe de apoio. Em casa, pais e crian\u00e7as aprovam o conte\u00fado, que al\u00e9m de ensinar os pequenos, ajuda a enfrentar com mais tranquilidade essa fase dif\u00edcil de isolamento social que passamos. Diariamente os alunos enviam fotos para a institui\u00e7\u00e3o, mostrando as atividades feitas. Em [&hellip;]<\/p>\n","protected":false},"author":2,"featured_media":5441,"comment_status":"open","ping_status":"closed","sticky":false,"template":"","format":"standard","meta":{"_acf_changed":false,"footnotes":""},"categories":[611],"tags":[],"class_list":["post-5440","post","type-post","status-publish","format-standard","has-post-thumbnail","hentry","category-noticias"],"acf":[],"yoast_head":"<!-- This site is optimized with the Yoast SEO plugin v27.2 - https:\/\/yoast.com\/product\/yoast-seo-wordpress\/ -->\n<title>Creche Padre Eust\u00e1quio mant\u00e9m atividades remotas em meio a pandemia - Padre Eust\u00e1quio<\/title>\n<meta name=\"robots\" content=\"index, follow, max-snippet:-1, max-image-preview:large, max-video-preview:-1\" \/>\n<link rel=\"canonical\" href=\"https:\/\/www.padreeustaquio.com.br\/en\/father-eustaquio-daycare-center-maintains-remote-activities-amid-the-pandemic\/\" \/>\n<meta property=\"og:locale\" content=\"en_US\" \/>\n<meta property=\"og:type\" content=\"article\" \/>\n<meta property=\"og:title\" content=\"Creche Padre Eust\u00e1quio mant\u00e9m atividades remotas em meio a pandemia - Padre Eust\u00e1quio\" \/>\n<meta property=\"og:description\" content=\"As crian\u00e7as da Creche Padre Eust\u00e1quio continuam recebendo, mesmo Belo Horizonte estando na onda Roxa, atividades para serem desenvolvidas em casa. Os exerc\u00edcios est\u00e3o sendo enviados pela creche por meio de grupos de WhatsApp. As crian\u00e7as s\u00e3o separadas por s\u00e9rie e, al\u00e9m dos trabalhos desenvolvidos pelas professoras, s\u00e3o disponibilizadas conta\u00e7\u00f5es de hist\u00f3ria e atividades realizadas pela equipe de apoio. Em casa, pais e crian\u00e7as aprovam o conte\u00fado, que al\u00e9m de ensinar os pequenos, ajuda a enfrentar com mais tranquilidade essa fase dif\u00edcil de isolamento social que passamos. Diariamente os alunos enviam fotos para a institui\u00e7\u00e3o, mostrando as atividades feitas. Em [&hellip;]\" \/>\n<meta property=\"og:url\" content=\"https:\/\/www.padreeustaquio.com.br\/en\/father-eustaquio-daycare-center-maintains-remote-activities-amid-the-pandemic\/\" \/>\n<meta property=\"og:site_name\" content=\"Padre Eust\u00e1quio\" \/>\n<meta property=\"article:publisher\" content=\"https:\/\/www.facebook.com\/beatopadreeustaquio\/\" \/>\n<meta property=\"article:published_time\" content=\"2021-04-07T13:28:03+00:00\" \/>\n<meta property=\"og:image\" content=\"https:\/\/www.padreeustaquio.com.br\/wp-content\/uploads\/2021\/04\/Creche-na-pandemia.jpg\" \/>\n\t<meta property=\"og:image:width\" content=\"748\" \/>\n\t<meta property=\"og:image:height\" content=\"394\" \/>\n\t<meta property=\"og:image:type\" content=\"image\/jpeg\" \/>\n<meta name=\"author\" content=\"@sscc\" \/>\n<meta name=\"twitter:card\" content=\"summary_large_image\" \/>\n<meta name=\"twitter:creator\" content=\"@beatopeustaquio\" \/>\n<meta name=\"twitter:site\" content=\"@beatopeustaquio\" \/>\n<meta name=\"twitter:label1\" content=\"Written by\" \/>\n\t<meta name=\"twitter:data1\" content=\"@sscc\" \/>\n\t<meta name=\"twitter:label2\" content=\"Est. reading time\" \/>\n\t<meta name=\"twitter:data2\" content=\"1 minute\" \/>\n<script type=\"application\/ld+json\" class=\"yoast-schema-graph\">{\"@context\":\"https:\/\/schema.org\",\"@graph\":[{\"@type\":\"Article\",\"@id\":\"https:\/\/www.padreeustaquio.com.br\/creche-padre-eustaquio-mantem-atividades-remotas-em-meio-a-pandemia\/#article\",\"isPartOf\":{\"@id\":\"https:\/\/www.padreeustaquio.com.br\/creche-padre-eustaquio-mantem-atividades-remotas-em-meio-a-pandemia\/\"},\"author\":{\"name\":\"@sscc\",\"@id\":\"https:\/\/www.padreeustaquio.com.br\/#\/schema\/person\/a2a51db1d00f1a7af0204a0f1ddb1566\"},\"headline\":\"Creche Padre Eust\u00e1quio mant\u00e9m atividades remotas em meio a pandemia\",\"datePublished\":\"2021-04-07T13:28:03+00:00\",\"mainEntityOfPage\":{\"@id\":\"https:\/\/www.padreeustaquio.com.br\/creche-padre-eustaquio-mantem-atividades-remotas-em-meio-a-pandemia\/\"},\"wordCount\":199,\"commentCount\":0,\"publisher\":{\"@id\":\"https:\/\/www.padreeustaquio.com.br\/#organization\"},\"image\":{\"@id\":\"https:\/\/www.padreeustaquio.com.br\/creche-padre-eustaquio-mantem-atividades-remotas-em-meio-a-pandemia\/#primaryimage\"},\"thumbnailUrl\":\"https:\/\/www.padreeustaquio.com.br\/wp-content\/uploads\/2021\/04\/Creche-na-pandemia.jpg\",\"articleSection\":[\"Not\u00edcias\"],\"inLanguage\":\"en-US\",\"potentialAction\":[{\"@type\":\"CommentAction\",\"name\":\"Comment\",\"target\":[\"https:\/\/www.padreeustaquio.com.br\/creche-padre-eustaquio-mantem-atividades-remotas-em-meio-a-pandemia\/#respond\"]}]},{\"@type\":\"WebPage\",\"@id\":\"https:\/\/www.padreeustaquio.com.br\/creche-padre-eustaquio-mantem-atividades-remotas-em-meio-a-pandemia\/\",\"url\":\"https:\/\/www.padreeustaquio.com.br\/creche-padre-eustaquio-mantem-atividades-remotas-em-meio-a-pandemia\/\",\"name\":\"Creche Padre Eust\u00e1quio mant\u00e9m atividades remotas em meio a pandemia - Padre Eust\u00e1quio\",\"isPartOf\":{\"@id\":\"https:\/\/www.padreeustaquio.com.br\/#website\"},\"primaryImageOfPage\":{\"@id\":\"https:\/\/www.padreeustaquio.com.br\/creche-padre-eustaquio-mantem-atividades-remotas-em-meio-a-pandemia\/#primaryimage\"},\"image\":{\"@id\":\"https:\/\/www.padreeustaquio.com.br\/creche-padre-eustaquio-mantem-atividades-remotas-em-meio-a-pandemia\/#primaryimage\"},\"thumbnailUrl\":\"https:\/\/www.padreeustaquio.com.br\/wp-content\/uploads\/2021\/04\/Creche-na-pandemia.jpg\",\"datePublished\":\"2021-04-07T13:28:03+00:00\",\"breadcrumb\":{\"@id\":\"https:\/\/www.padreeustaquio.com.br\/creche-padre-eustaquio-mantem-atividades-remotas-em-meio-a-pandemia\/#breadcrumb\"},\"inLanguage\":\"en-US\",\"potentialAction\":[{\"@type\":\"ReadAction\",\"target\":[\"https:\/\/www.padreeustaquio.com.br\/creche-padre-eustaquio-mantem-atividades-remotas-em-meio-a-pandemia\/\"]}]},{\"@type\":\"ImageObject\",\"inLanguage\":\"en-US\",\"@id\":\"https:\/\/www.padreeustaquio.com.br\/creche-padre-eustaquio-mantem-atividades-remotas-em-meio-a-pandemia\/#primaryimage\",\"url\":\"https:\/\/www.padreeustaquio.com.br\/wp-content\/uploads\/2021\/04\/Creche-na-pandemia.jpg\",\"contentUrl\":\"https:\/\/www.padreeustaquio.com.br\/wp-content\/uploads\/2021\/04\/Creche-na-pandemia.jpg\",\"width\":748,\"height\":394},{\"@type\":\"BreadcrumbList\",\"@id\":\"https:\/\/www.padreeustaquio.com.br\/creche-padre-eustaquio-mantem-atividades-remotas-em-meio-a-pandemia\/#breadcrumb\",\"itemListElement\":[{\"@type\":\"ListItem\",\"position\":1,\"name\":\"In\u00edcio\",\"item\":\"https:\/\/www.padreeustaquio.com.br\/\"},{\"@type\":\"ListItem\",\"position\":2,\"name\":\"Creche Padre Eust\u00e1quio mant\u00e9m atividades remotas em meio a pandemia\"}]},{\"@type\":\"WebSite\",\"@id\":\"https:\/\/www.padreeustaquio.com.br\/#website\",\"url\":\"https:\/\/www.padreeustaquio.com.br\/\",\"name\":\"Padre Eust\u00e1quio\",\"description\":\"Sa\u00fade e Paz\",\"publisher\":{\"@id\":\"https:\/\/www.padreeustaquio.com.br\/#organization\"},\"potentialAction\":[{\"@type\":\"SearchAction\",\"target\":{\"@type\":\"EntryPoint\",\"urlTemplate\":\"https:\/\/www.padreeustaquio.com.br\/?s={search_term_string}\"},\"query-input\":{\"@type\":\"PropertyValueSpecification\",\"valueRequired\":true,\"valueName\":\"search_term_string\"}}],\"inLanguage\":\"en-US\"},{\"@type\":\"Organization\",\"@id\":\"https:\/\/www.padreeustaquio.com.br\/#organization\",\"name\":\"Padre Eust\u00e1quio\",\"url\":\"https:\/\/www.padreeustaquio.com.br\/\",\"logo\":{\"@type\":\"ImageObject\",\"inLanguage\":\"en-US\",\"@id\":\"https:\/\/www.padreeustaquio.com.br\/#\/schema\/logo\/image\/\",\"url\":\"https:\/\/www.padreeustaquio.com.br\/wp-content\/uploads\/2019\/08\/marca.png\",\"contentUrl\":\"https:\/\/www.padreeustaquio.com.br\/wp-content\/uploads\/2019\/08\/marca.png\",\"width\":350,\"height\":400,\"caption\":\"Padre Eust\u00e1quio\"},\"image\":{\"@id\":\"https:\/\/www.padreeustaquio.com.br\/#\/schema\/logo\/image\/\"},\"sameAs\":[\"https:\/\/www.facebook.com\/beatopadreeustaquio\/\",\"https:\/\/x.com\/beatopeustaquio\",\"https:\/\/www.instagram.com\/beatopadreeustaquio\/\",\"https:\/\/www.youtube.com\/channel\/UCRhw7vfabnajwLxb1ZXMeIw\"]},{\"@type\":\"Person\",\"@id\":\"https:\/\/www.padreeustaquio.com.br\/#\/schema\/person\/a2a51db1d00f1a7af0204a0f1ddb1566\",\"name\":\"@sscc\",\"image\":{\"@type\":\"ImageObject\",\"inLanguage\":\"en-US\",\"@id\":\"https:\/\/secure.gravatar.com\/avatar\/68cfafa5f44617fea54071e215026e0ff06be366c3d54a8425f04fdcb86f8c5f?s=96&d=mm&r=g\",\"url\":\"https:\/\/secure.gravatar.com\/avatar\/68cfafa5f44617fea54071e215026e0ff06be366c3d54a8425f04fdcb86f8c5f?s=96&d=mm&r=g\",\"contentUrl\":\"https:\/\/secure.gravatar.com\/avatar\/68cfafa5f44617fea54071e215026e0ff06be366c3d54a8425f04fdcb86f8c5f?s=96&d=mm&r=g\",\"caption\":\"@sscc\"},\"url\":\"https:\/\/www.padreeustaquio.com.br\/en\/author\/sscc\/\"}]}<\/script>\n<!-- \/ Yoast SEO plugin. -->","yoast_head_json":{"title":"Padre Eust\u00e1quio Daycare Center maintains remote activities amidst the pandemic - Padre Eust\u00e1quio","robots":{"index":"index","follow":"follow","max-snippet":"max-snippet:-1","max-image-preview":"max-image-preview:large","max-video-preview":"max-video-preview:-1"},"canonical":"https:\/\/www.padreeustaquio.com.br\/en\/father-eustaquio-daycare-center-maintains-remote-activities-amid-the-pandemic\/","og_locale":"en_US","og_type":"article","og_title":"Creche Padre Eust\u00e1quio mant\u00e9m atividades remotas em meio a pandemia - Padre Eust\u00e1quio","og_description":"As crian\u00e7as da Creche Padre Eust\u00e1quio continuam recebendo, mesmo Belo Horizonte estando na onda Roxa, atividades para serem desenvolvidas em casa. Os exerc\u00edcios est\u00e3o sendo enviados pela creche por meio de grupos de WhatsApp. As crian\u00e7as s\u00e3o separadas por s\u00e9rie e, al\u00e9m dos trabalhos desenvolvidos pelas professoras, s\u00e3o disponibilizadas conta\u00e7\u00f5es de hist\u00f3ria e atividades realizadas pela equipe de apoio. Em casa, pais e crian\u00e7as aprovam o conte\u00fado, que al\u00e9m de ensinar os pequenos, ajuda a enfrentar com mais tranquilidade essa fase dif\u00edcil de isolamento social que passamos. Diariamente os alunos enviam fotos para a institui\u00e7\u00e3o, mostrando as atividades feitas. Em [&hellip;]","og_url":"https:\/\/www.padreeustaquio.com.br\/en\/father-eustaquio-daycare-center-maintains-remote-activities-amid-the-pandemic\/","og_site_name":"Padre Eust\u00e1quio","article_publisher":"https:\/\/www.facebook.com\/beatopadreeustaquio\/","article_published_time":"2021-04-07T13:28:03+00:00","og_image":[{"width":748,"height":394,"url":"https:\/\/www.padreeustaquio.com.br\/wp-content\/uploads\/2021\/04\/Creche-na-pandemia.jpg","type":"image\/jpeg"}],"author":"@sscc","twitter_card":"summary_large_image","twitter_creator":"@beatopeustaquio","twitter_site":"@beatopeustaquio","twitter_misc":{"Written by":"@sscc","Est. reading time":"1 minute"},"schema":{"@context":"https:\/\/schema.org","@graph":[{"@type":"Article","@id":"https:\/\/www.padreeustaquio.com.br\/creche-padre-eustaquio-mantem-atividades-remotas-em-meio-a-pandemia\/#article","isPartOf":{"@id":"https:\/\/www.padreeustaquio.com.br\/creche-padre-eustaquio-mantem-atividades-remotas-em-meio-a-pandemia\/"},"author":{"name":"@sscc","@id":"https:\/\/www.padreeustaquio.com.br\/#\/schema\/person\/a2a51db1d00f1a7af0204a0f1ddb1566"},"headline":"Creche Padre Eust\u00e1quio mant\u00e9m atividades remotas em meio a pandemia","datePublished":"2021-04-07T13:28:03+00:00","mainEntityOfPage":{"@id":"https:\/\/www.padreeustaquio.com.br\/creche-padre-eustaquio-mantem-atividades-remotas-em-meio-a-pandemia\/"},"wordCount":199,"commentCount":0,"publisher":{"@id":"https:\/\/www.padreeustaquio.com.br\/#organization"},"image":{"@id":"https:\/\/www.padreeustaquio.com.br\/creche-padre-eustaquio-mantem-atividades-remotas-em-meio-a-pandemia\/#primaryimage"},"thumbnailUrl":"https:\/\/www.padreeustaquio.com.br\/wp-content\/uploads\/2021\/04\/Creche-na-pandemia.jpg","articleSection":["Not\u00edcias"],"inLanguage":"en-US","potentialAction":[{"@type":"CommentAction","name":"Comment","target":["https:\/\/www.padreeustaquio.com.br\/creche-padre-eustaquio-mantem-atividades-remotas-em-meio-a-pandemia\/#respond"]}]},{"@type":"WebPage","@id":"https:\/\/www.padreeustaquio.com.br\/creche-padre-eustaquio-mantem-atividades-remotas-em-meio-a-pandemia\/","url":"https:\/\/www.padreeustaquio.com.br\/creche-padre-eustaquio-mantem-atividades-remotas-em-meio-a-pandemia\/","name":"Padre Eust\u00e1quio Daycare Center maintains remote activities amidst the pandemic - Padre Eust\u00e1quio","isPartOf":{"@id":"https:\/\/www.padreeustaquio.com.br\/#website"},"primaryImageOfPage":{"@id":"https:\/\/www.padreeustaquio.com.br\/creche-padre-eustaquio-mantem-atividades-remotas-em-meio-a-pandemia\/#primaryimage"},"image":{"@id":"https:\/\/www.padreeustaquio.com.br\/creche-padre-eustaquio-mantem-atividades-remotas-em-meio-a-pandemia\/#primaryimage"},"thumbnailUrl":"https:\/\/www.padreeustaquio.com.br\/wp-content\/uploads\/2021\/04\/Creche-na-pandemia.jpg","datePublished":"2021-04-07T13:28:03+00:00","breadcrumb":{"@id":"https:\/\/www.padreeustaquio.com.br\/creche-padre-eustaquio-mantem-atividades-remotas-em-meio-a-pandemia\/#breadcrumb"},"inLanguage":"en-US","potentialAction":[{"@type":"ReadAction","target":["https:\/\/www.padreeustaquio.com.br\/creche-padre-eustaquio-mantem-atividades-remotas-em-meio-a-pandemia\/"]}]},{"@type":"ImageObject","inLanguage":"en-US","@id":"https:\/\/www.padreeustaquio.com.br\/creche-padre-eustaquio-mantem-atividades-remotas-em-meio-a-pandemia\/#primaryimage","url":"https:\/\/www.padreeustaquio.com.br\/wp-content\/uploads\/2021\/04\/Creche-na-pandemia.jpg","contentUrl":"https:\/\/www.padreeustaquio.com.br\/wp-content\/uploads\/2021\/04\/Creche-na-pandemia.jpg","width":748,"height":394},{"@type":"BreadcrumbList","@id":"https:\/\/www.padreeustaquio.com.br\/creche-padre-eustaquio-mantem-atividades-remotas-em-meio-a-pandemia\/#breadcrumb","itemListElement":[{"@type":"ListItem","position":1,"name":"In\u00edcio","item":"https:\/\/www.padreeustaquio.com.br\/"},{"@type":"ListItem","position":2,"name":"Creche Padre Eust\u00e1quio mant\u00e9m atividades remotas em meio a pandemia"}]},{"@type":"WebSite","@id":"https:\/\/www.padreeustaquio.com.br\/#website","url":"https:\/\/www.padreeustaquio.com.br\/","name":"FATHER EUST\u00c1QUIO","description":"Health and Peace","publisher":{"@id":"https:\/\/www.padreeustaquio.com.br\/#organization"},"potentialAction":[{"@type":"SearchAction","target":{"@type":"EntryPoint","urlTemplate":"https:\/\/www.padreeustaquio.com.br\/?s={search_term_string}"},"query-input":{"@type":"PropertyValueSpecification","valueRequired":true,"valueName":"search_term_string"}}],"inLanguage":"en-US"},{"@type":"Organization","@id":"https:\/\/www.padreeustaquio.com.br\/#organization","name":"FATHER EUST\u00c1QUIO","url":"https:\/\/www.padreeustaquio.com.br\/","logo":{"@type":"ImageObject","inLanguage":"en-US","@id":"https:\/\/www.padreeustaquio.com.br\/#\/schema\/logo\/image\/","url":"https:\/\/www.padreeustaquio.com.br\/wp-content\/uploads\/2019\/08\/marca.png","contentUrl":"https:\/\/www.padreeustaquio.com.br\/wp-content\/uploads\/2019\/08\/marca.png","width":350,"height":400,"caption":"Padre Eust\u00e1quio"},"image":{"@id":"https:\/\/www.padreeustaquio.com.br\/#\/schema\/logo\/image\/"},"sameAs":["https:\/\/www.facebook.com\/beatopadreeustaquio\/","https:\/\/x.com\/beatopeustaquio","https:\/\/www.instagram.com\/beatopadreeustaquio\/","https:\/\/www.youtube.com\/channel\/UCRhw7vfabnajwLxb1ZXMeIw"]},{"@type":"Person","@id":"https:\/\/www.padreeustaquio.com.br\/#\/schema\/person\/a2a51db1d00f1a7af0204a0f1ddb1566","name":"@sscc","image":{"@type":"ImageObject","inLanguage":"en-US","@id":"https:\/\/secure.gravatar.com\/avatar\/68cfafa5f44617fea54071e215026e0ff06be366c3d54a8425f04fdcb86f8c5f?s=96&d=mm&r=g","url":"https:\/\/secure.gravatar.com\/avatar\/68cfafa5f44617fea54071e215026e0ff06be366c3d54a8425f04fdcb86f8c5f?s=96&d=mm&r=g","contentUrl":"https:\/\/secure.gravatar.com\/avatar\/68cfafa5f44617fea54071e215026e0ff06be366c3d54a8425f04fdcb86f8c5f?s=96&d=mm&r=g","caption":"@sscc"},"url":"https:\/\/www.padreeustaquio.com.br\/en\/author\/sscc\/"}]}},"_links":{"self":[{"href":"https:\/\/www.padreeustaquio.com.br\/en\/wp-json\/wp\/v2\/posts\/5440","targetHints":{"allow":["GET"]}}],"collection":[{"href":"https:\/\/www.padreeustaquio.com.br\/en\/wp-json\/wp\/v2\/posts"}],"about":[{"href":"https:\/\/www.padreeustaquio.com.br\/en\/wp-json\/wp\/v2\/types\/post"}],"author":[{"embeddable":true,"href":"https:\/\/www.padreeustaquio.com.br\/en\/wp-json\/wp\/v2\/users\/2"}],"replies":[{"embeddable":true,"href":"https:\/\/www.padreeustaquio.com.br\/en\/wp-json\/wp\/v2\/comments?post=5440"}],"version-history":[{"count":0,"href":"https:\/\/www.padreeustaquio.com.br\/en\/wp-json\/wp\/v2\/posts\/5440\/revisions"}],"wp:featuredmedia":[{"embeddable":true,"href":"https:\/\/www.padreeustaquio.com.br\/en\/wp-json\/wp\/v2\/media\/5441"}],"wp:attachment":[{"href":"https:\/\/www.padreeustaquio.com.br\/en\/wp-json\/wp\/v2\/media?parent=5440"}],"wp:term":[{"taxonomy":"category","embeddable":true,"href":"https:\/\/www.padreeustaquio.com.br\/en\/wp-json\/wp\/v2\/categories?post=5440"},{"taxonomy":"post_tag","embeddable":true,"href":"https:\/\/www.padreeustaquio.com.br\/en\/wp-json\/wp\/v2\/tags?post=5440"}],"curies":[{"name":"wp","href":"https:\/\/api.w.org\/{rel}","templated":true}]}}