{"id":5421,"date":"2021-04-06T07:54:04","date_gmt":"2021-04-06T10:54:04","guid":{"rendered":"https:\/\/www.padreeustaquio.com.br\/?p=5421"},"modified":"2021-04-04T21:05:20","modified_gmt":"2021-04-05T00:05:20","slug":"a-book-from-the-archdiocese-of-belo-horizonte-includes-a-chapter-about-father-eustaquio","status":"publish","type":"post","link":"https:\/\/www.padreeustaquio.com.br\/en\/a-book-from-the-archdiocese-of-belo-horizonte-includes-a-chapter-about-father-eustaquio\/","title":{"rendered":"Book from the Archdiocese of Belo Horizonte includes a chapter about Father Eust\u00e1quio."},"content":{"rendered":"<p>In commemoration of the centenary of the Archdiocese of Belo Horizonte, which was celebrated in February of this year, a collection of publications was conceived that presents the entire history of the Archdiocese, highlighting a look at the past, the present, and expectations for the future in the municipality. The series consists of ten books, released annually; the first was published in 2013.<\/p>\n<p>Issue number 5, released this year, focuses on consecrated life. The volume is divided into two parts. This one provides an overview of the history of consecrated persons and the first congregations founded in Belo Horizonte. It presents the 50 male congregations in the city. The second part focuses on the female congregations, of which there are more than 100 in the capital of Minas Gerais, ranging from those that were present in the past to those that are currently established.<\/p>\n<p>In the book, published this year, one of the chapters was dedicated to the Congregation of the Sacred Hearts. The passage was written by the vice-postulator of the Cause of Canonization of Blessed Father Eustace, Father Vin\u00edcius Maciel, ss.cc.<\/p>\n<p>In this chapter, it is possible to learn about the origin of the Congregation of the Sacred Hearts, its arrival in Brazil, and the founding of the parish in Belo Horizonte by Father Eust\u00e1quio. For devotees of the Blessed, the book also includes a passage narrating the beatification of the Dutch priest during the 12th Torcida de Deus (God&#039;s Supporters&#039; Festival), celebrated in 2006.<\/p>\n<p>If you are interested in learning more about the congregations in Belo Horizonte and about the Archdiocese, the books can be purchased at the PUC Minas rectorate. The contact number is (31) 3319-4200.<\/p>","protected":false},"excerpt":{"rendered":"<p>Em comemora\u00e7\u00e3o ao centen\u00e1rio da Arquidiocese de Belo Horizonte, que foi celebrado em fevereiro deste ano, foi idealizada uma cole\u00e7\u00e3o de publica\u00e7\u00f5es que traz toda a hist\u00f3ria da Arquidiocese, destacando um olhar sobre o passado, o presente e as expectativas para o futuro no munic\u00edpio. A s\u00e9rie conta com dez livros, lan\u00e7ados anualmente, o primeiro foi publicado em 2013. A edi\u00e7\u00e3o n\u00famero 5, lan\u00e7ada este ano, traz como tema a vida consagrada. O volume foi dividido em dois fasc\u00edculos. Este mostra uma vis\u00e3o geral da hist\u00f3ria dos consagrados e as primeiras congrega\u00e7\u00f5es fundadas em Belo Horizonte. Ele apresenta as 50 [&hellip;]<\/p>\n","protected":false},"author":2,"featured_media":5422,"comment_status":"open","ping_status":"closed","sticky":false,"template":"","format":"standard","meta":{"_acf_changed":false,"footnotes":""},"categories":[611],"tags":[],"class_list":["post-5421","post","type-post","status-publish","format-standard","has-post-thumbnail","hentry","category-noticias"],"acf":[],"yoast_head":"<!-- This site is optimized with the Yoast SEO plugin v27.2 - https:\/\/yoast.com\/product\/yoast-seo-wordpress\/ -->\n<title>Livro da Arquidiocese de Belo Horizonte traz cap\u00edtulo sobre Padre Eust\u00e1quio - Padre Eust\u00e1quio<\/title>\n<meta name=\"robots\" content=\"index, follow, max-snippet:-1, max-image-preview:large, max-video-preview:-1\" \/>\n<link rel=\"canonical\" href=\"https:\/\/www.padreeustaquio.com.br\/en\/a-book-from-the-archdiocese-of-belo-horizonte-includes-a-chapter-about-father-eustaquio\/\" \/>\n<meta property=\"og:locale\" content=\"en_US\" \/>\n<meta property=\"og:type\" content=\"article\" \/>\n<meta property=\"og:title\" content=\"Livro da Arquidiocese de Belo Horizonte traz cap\u00edtulo sobre Padre Eust\u00e1quio - Padre Eust\u00e1quio\" \/>\n<meta property=\"og:description\" content=\"Em comemora\u00e7\u00e3o ao centen\u00e1rio da Arquidiocese de Belo Horizonte, que foi celebrado em fevereiro deste ano, foi idealizada uma cole\u00e7\u00e3o de publica\u00e7\u00f5es que traz toda a hist\u00f3ria da Arquidiocese, destacando um olhar sobre o passado, o presente e as expectativas para o futuro no munic\u00edpio. A s\u00e9rie conta com dez livros, lan\u00e7ados anualmente, o primeiro foi publicado em 2013. A edi\u00e7\u00e3o n\u00famero 5, lan\u00e7ada este ano, traz como tema a vida consagrada. O volume foi dividido em dois fasc\u00edculos. Este mostra uma vis\u00e3o geral da hist\u00f3ria dos consagrados e as primeiras congrega\u00e7\u00f5es fundadas em Belo Horizonte. Ele apresenta as 50 [&hellip;]\" \/>\n<meta property=\"og:url\" content=\"https:\/\/www.padreeustaquio.com.br\/en\/a-book-from-the-archdiocese-of-belo-horizonte-includes-a-chapter-about-father-eustaquio\/\" \/>\n<meta property=\"og:site_name\" content=\"Padre Eust\u00e1quio\" \/>\n<meta property=\"article:publisher\" content=\"https:\/\/www.facebook.com\/beatopadreeustaquio\/\" \/>\n<meta property=\"article:published_time\" content=\"2021-04-06T10:54:04+00:00\" \/>\n<meta property=\"og:image\" content=\"https:\/\/www.padreeustaquio.com.br\/wp-content\/uploads\/2021\/04\/livro-arquidiocese.jpg\" \/>\n\t<meta property=\"og:image:width\" content=\"748\" \/>\n\t<meta property=\"og:image:height\" content=\"394\" \/>\n\t<meta property=\"og:image:type\" content=\"image\/jpeg\" \/>\n<meta name=\"author\" content=\"@sscc\" \/>\n<meta name=\"twitter:card\" content=\"summary_large_image\" \/>\n<meta name=\"twitter:creator\" content=\"@beatopeustaquio\" \/>\n<meta name=\"twitter:site\" content=\"@beatopeustaquio\" \/>\n<meta name=\"twitter:label1\" content=\"Written by\" \/>\n\t<meta name=\"twitter:data1\" content=\"@sscc\" \/>\n\t<meta name=\"twitter:label2\" content=\"Est. reading time\" \/>\n\t<meta name=\"twitter:data2\" content=\"1 minute\" \/>\n<script type=\"application\/ld+json\" class=\"yoast-schema-graph\">{\"@context\":\"https:\/\/schema.org\",\"@graph\":[{\"@type\":\"Article\",\"@id\":\"https:\/\/www.padreeustaquio.com.br\/livro-da-arquidiocese-de-belo-horizonte-traz-capitulo-sobre-padre-eustaquio\/#article\",\"isPartOf\":{\"@id\":\"https:\/\/www.padreeustaquio.com.br\/livro-da-arquidiocese-de-belo-horizonte-traz-capitulo-sobre-padre-eustaquio\/\"},\"author\":{\"name\":\"@sscc\",\"@id\":\"https:\/\/www.padreeustaquio.com.br\/#\/schema\/person\/a2a51db1d00f1a7af0204a0f1ddb1566\"},\"headline\":\"Livro da Arquidiocese de Belo Horizonte traz cap\u00edtulo sobre Padre Eust\u00e1quio\",\"datePublished\":\"2021-04-06T10:54:04+00:00\",\"mainEntityOfPage\":{\"@id\":\"https:\/\/www.padreeustaquio.com.br\/livro-da-arquidiocese-de-belo-horizonte-traz-capitulo-sobre-padre-eustaquio\/\"},\"wordCount\":291,\"commentCount\":0,\"publisher\":{\"@id\":\"https:\/\/www.padreeustaquio.com.br\/#organization\"},\"image\":{\"@id\":\"https:\/\/www.padreeustaquio.com.br\/livro-da-arquidiocese-de-belo-horizonte-traz-capitulo-sobre-padre-eustaquio\/#primaryimage\"},\"thumbnailUrl\":\"https:\/\/www.padreeustaquio.com.br\/wp-content\/uploads\/2021\/04\/livro-arquidiocese.jpg\",\"articleSection\":[\"Not\u00edcias\"],\"inLanguage\":\"en-US\",\"potentialAction\":[{\"@type\":\"CommentAction\",\"name\":\"Comment\",\"target\":[\"https:\/\/www.padreeustaquio.com.br\/livro-da-arquidiocese-de-belo-horizonte-traz-capitulo-sobre-padre-eustaquio\/#respond\"]}]},{\"@type\":\"WebPage\",\"@id\":\"https:\/\/www.padreeustaquio.com.br\/livro-da-arquidiocese-de-belo-horizonte-traz-capitulo-sobre-padre-eustaquio\/\",\"url\":\"https:\/\/www.padreeustaquio.com.br\/livro-da-arquidiocese-de-belo-horizonte-traz-capitulo-sobre-padre-eustaquio\/\",\"name\":\"Livro da Arquidiocese de Belo Horizonte traz cap\u00edtulo sobre Padre Eust\u00e1quio - Padre Eust\u00e1quio\",\"isPartOf\":{\"@id\":\"https:\/\/www.padreeustaquio.com.br\/#website\"},\"primaryImageOfPage\":{\"@id\":\"https:\/\/www.padreeustaquio.com.br\/livro-da-arquidiocese-de-belo-horizonte-traz-capitulo-sobre-padre-eustaquio\/#primaryimage\"},\"image\":{\"@id\":\"https:\/\/www.padreeustaquio.com.br\/livro-da-arquidiocese-de-belo-horizonte-traz-capitulo-sobre-padre-eustaquio\/#primaryimage\"},\"thumbnailUrl\":\"https:\/\/www.padreeustaquio.com.br\/wp-content\/uploads\/2021\/04\/livro-arquidiocese.jpg\",\"datePublished\":\"2021-04-06T10:54:04+00:00\",\"breadcrumb\":{\"@id\":\"https:\/\/www.padreeustaquio.com.br\/livro-da-arquidiocese-de-belo-horizonte-traz-capitulo-sobre-padre-eustaquio\/#breadcrumb\"},\"inLanguage\":\"en-US\",\"potentialAction\":[{\"@type\":\"ReadAction\",\"target\":[\"https:\/\/www.padreeustaquio.com.br\/livro-da-arquidiocese-de-belo-horizonte-traz-capitulo-sobre-padre-eustaquio\/\"]}]},{\"@type\":\"ImageObject\",\"inLanguage\":\"en-US\",\"@id\":\"https:\/\/www.padreeustaquio.com.br\/livro-da-arquidiocese-de-belo-horizonte-traz-capitulo-sobre-padre-eustaquio\/#primaryimage\",\"url\":\"https:\/\/www.padreeustaquio.com.br\/wp-content\/uploads\/2021\/04\/livro-arquidiocese.jpg\",\"contentUrl\":\"https:\/\/www.padreeustaquio.com.br\/wp-content\/uploads\/2021\/04\/livro-arquidiocese.jpg\",\"width\":748,\"height\":394},{\"@type\":\"BreadcrumbList\",\"@id\":\"https:\/\/www.padreeustaquio.com.br\/livro-da-arquidiocese-de-belo-horizonte-traz-capitulo-sobre-padre-eustaquio\/#breadcrumb\",\"itemListElement\":[{\"@type\":\"ListItem\",\"position\":1,\"name\":\"In\u00edcio\",\"item\":\"https:\/\/www.padreeustaquio.com.br\/\"},{\"@type\":\"ListItem\",\"position\":2,\"name\":\"Livro da Arquidiocese de Belo Horizonte traz cap\u00edtulo sobre Padre Eust\u00e1quio\"}]},{\"@type\":\"WebSite\",\"@id\":\"https:\/\/www.padreeustaquio.com.br\/#website\",\"url\":\"https:\/\/www.padreeustaquio.com.br\/\",\"name\":\"Padre Eust\u00e1quio\",\"description\":\"Sa\u00fade e Paz\",\"publisher\":{\"@id\":\"https:\/\/www.padreeustaquio.com.br\/#organization\"},\"potentialAction\":[{\"@type\":\"SearchAction\",\"target\":{\"@type\":\"EntryPoint\",\"urlTemplate\":\"https:\/\/www.padreeustaquio.com.br\/?s={search_term_string}\"},\"query-input\":{\"@type\":\"PropertyValueSpecification\",\"valueRequired\":true,\"valueName\":\"search_term_string\"}}],\"inLanguage\":\"en-US\"},{\"@type\":\"Organization\",\"@id\":\"https:\/\/www.padreeustaquio.com.br\/#organization\",\"name\":\"Padre Eust\u00e1quio\",\"url\":\"https:\/\/www.padreeustaquio.com.br\/\",\"logo\":{\"@type\":\"ImageObject\",\"inLanguage\":\"en-US\",\"@id\":\"https:\/\/www.padreeustaquio.com.br\/#\/schema\/logo\/image\/\",\"url\":\"https:\/\/www.padreeustaquio.com.br\/wp-content\/uploads\/2019\/08\/marca.png\",\"contentUrl\":\"https:\/\/www.padreeustaquio.com.br\/wp-content\/uploads\/2019\/08\/marca.png\",\"width\":350,\"height\":400,\"caption\":\"Padre Eust\u00e1quio\"},\"image\":{\"@id\":\"https:\/\/www.padreeustaquio.com.br\/#\/schema\/logo\/image\/\"},\"sameAs\":[\"https:\/\/www.facebook.com\/beatopadreeustaquio\/\",\"https:\/\/x.com\/beatopeustaquio\",\"https:\/\/www.instagram.com\/beatopadreeustaquio\/\",\"https:\/\/www.youtube.com\/channel\/UCRhw7vfabnajwLxb1ZXMeIw\"]},{\"@type\":\"Person\",\"@id\":\"https:\/\/www.padreeustaquio.com.br\/#\/schema\/person\/a2a51db1d00f1a7af0204a0f1ddb1566\",\"name\":\"@sscc\",\"image\":{\"@type\":\"ImageObject\",\"inLanguage\":\"en-US\",\"@id\":\"https:\/\/secure.gravatar.com\/avatar\/68cfafa5f44617fea54071e215026e0ff06be366c3d54a8425f04fdcb86f8c5f?s=96&d=mm&r=g\",\"url\":\"https:\/\/secure.gravatar.com\/avatar\/68cfafa5f44617fea54071e215026e0ff06be366c3d54a8425f04fdcb86f8c5f?s=96&d=mm&r=g\",\"contentUrl\":\"https:\/\/secure.gravatar.com\/avatar\/68cfafa5f44617fea54071e215026e0ff06be366c3d54a8425f04fdcb86f8c5f?s=96&d=mm&r=g\",\"caption\":\"@sscc\"},\"url\":\"https:\/\/www.padreeustaquio.com.br\/en\/author\/sscc\/\"}]}<\/script>\n<!-- \/ Yoast SEO plugin. -->","yoast_head_json":{"title":"Book from the Archdiocese of Belo Horizonte includes a chapter about Father Eust\u00e1quio - Father Eust\u00e1quio","robots":{"index":"index","follow":"follow","max-snippet":"max-snippet:-1","max-image-preview":"max-image-preview:large","max-video-preview":"max-video-preview:-1"},"canonical":"https:\/\/www.padreeustaquio.com.br\/en\/a-book-from-the-archdiocese-of-belo-horizonte-includes-a-chapter-about-father-eustaquio\/","og_locale":"en_US","og_type":"article","og_title":"Livro da Arquidiocese de Belo Horizonte traz cap\u00edtulo sobre Padre Eust\u00e1quio - Padre Eust\u00e1quio","og_description":"Em comemora\u00e7\u00e3o ao centen\u00e1rio da Arquidiocese de Belo Horizonte, que foi celebrado em fevereiro deste ano, foi idealizada uma cole\u00e7\u00e3o de publica\u00e7\u00f5es que traz toda a hist\u00f3ria da Arquidiocese, destacando um olhar sobre o passado, o presente e as expectativas para o futuro no munic\u00edpio. A s\u00e9rie conta com dez livros, lan\u00e7ados anualmente, o primeiro foi publicado em 2013. A edi\u00e7\u00e3o n\u00famero 5, lan\u00e7ada este ano, traz como tema a vida consagrada. O volume foi dividido em dois fasc\u00edculos. Este mostra uma vis\u00e3o geral da hist\u00f3ria dos consagrados e as primeiras congrega\u00e7\u00f5es fundadas em Belo Horizonte. Ele apresenta as 50 [&hellip;]","og_url":"https:\/\/www.padreeustaquio.com.br\/en\/a-book-from-the-archdiocese-of-belo-horizonte-includes-a-chapter-about-father-eustaquio\/","og_site_name":"Padre Eust\u00e1quio","article_publisher":"https:\/\/www.facebook.com\/beatopadreeustaquio\/","article_published_time":"2021-04-06T10:54:04+00:00","og_image":[{"width":748,"height":394,"url":"https:\/\/www.padreeustaquio.com.br\/wp-content\/uploads\/2021\/04\/livro-arquidiocese.jpg","type":"image\/jpeg"}],"author":"@sscc","twitter_card":"summary_large_image","twitter_creator":"@beatopeustaquio","twitter_site":"@beatopeustaquio","twitter_misc":{"Written by":"@sscc","Est. reading time":"1 minute"},"schema":{"@context":"https:\/\/schema.org","@graph":[{"@type":"Article","@id":"https:\/\/www.padreeustaquio.com.br\/livro-da-arquidiocese-de-belo-horizonte-traz-capitulo-sobre-padre-eustaquio\/#article","isPartOf":{"@id":"https:\/\/www.padreeustaquio.com.br\/livro-da-arquidiocese-de-belo-horizonte-traz-capitulo-sobre-padre-eustaquio\/"},"author":{"name":"@sscc","@id":"https:\/\/www.padreeustaquio.com.br\/#\/schema\/person\/a2a51db1d00f1a7af0204a0f1ddb1566"},"headline":"Livro da Arquidiocese de Belo Horizonte traz cap\u00edtulo sobre Padre Eust\u00e1quio","datePublished":"2021-04-06T10:54:04+00:00","mainEntityOfPage":{"@id":"https:\/\/www.padreeustaquio.com.br\/livro-da-arquidiocese-de-belo-horizonte-traz-capitulo-sobre-padre-eustaquio\/"},"wordCount":291,"commentCount":0,"publisher":{"@id":"https:\/\/www.padreeustaquio.com.br\/#organization"},"image":{"@id":"https:\/\/www.padreeustaquio.com.br\/livro-da-arquidiocese-de-belo-horizonte-traz-capitulo-sobre-padre-eustaquio\/#primaryimage"},"thumbnailUrl":"https:\/\/www.padreeustaquio.com.br\/wp-content\/uploads\/2021\/04\/livro-arquidiocese.jpg","articleSection":["Not\u00edcias"],"inLanguage":"en-US","potentialAction":[{"@type":"CommentAction","name":"Comment","target":["https:\/\/www.padreeustaquio.com.br\/livro-da-arquidiocese-de-belo-horizonte-traz-capitulo-sobre-padre-eustaquio\/#respond"]}]},{"@type":"WebPage","@id":"https:\/\/www.padreeustaquio.com.br\/livro-da-arquidiocese-de-belo-horizonte-traz-capitulo-sobre-padre-eustaquio\/","url":"https:\/\/www.padreeustaquio.com.br\/livro-da-arquidiocese-de-belo-horizonte-traz-capitulo-sobre-padre-eustaquio\/","name":"Book from the Archdiocese of Belo Horizonte includes a chapter about Father Eust\u00e1quio - Father Eust\u00e1quio","isPartOf":{"@id":"https:\/\/www.padreeustaquio.com.br\/#website"},"primaryImageOfPage":{"@id":"https:\/\/www.padreeustaquio.com.br\/livro-da-arquidiocese-de-belo-horizonte-traz-capitulo-sobre-padre-eustaquio\/#primaryimage"},"image":{"@id":"https:\/\/www.padreeustaquio.com.br\/livro-da-arquidiocese-de-belo-horizonte-traz-capitulo-sobre-padre-eustaquio\/#primaryimage"},"thumbnailUrl":"https:\/\/www.padreeustaquio.com.br\/wp-content\/uploads\/2021\/04\/livro-arquidiocese.jpg","datePublished":"2021-04-06T10:54:04+00:00","breadcrumb":{"@id":"https:\/\/www.padreeustaquio.com.br\/livro-da-arquidiocese-de-belo-horizonte-traz-capitulo-sobre-padre-eustaquio\/#breadcrumb"},"inLanguage":"en-US","potentialAction":[{"@type":"ReadAction","target":["https:\/\/www.padreeustaquio.com.br\/livro-da-arquidiocese-de-belo-horizonte-traz-capitulo-sobre-padre-eustaquio\/"]}]},{"@type":"ImageObject","inLanguage":"en-US","@id":"https:\/\/www.padreeustaquio.com.br\/livro-da-arquidiocese-de-belo-horizonte-traz-capitulo-sobre-padre-eustaquio\/#primaryimage","url":"https:\/\/www.padreeustaquio.com.br\/wp-content\/uploads\/2021\/04\/livro-arquidiocese.jpg","contentUrl":"https:\/\/www.padreeustaquio.com.br\/wp-content\/uploads\/2021\/04\/livro-arquidiocese.jpg","width":748,"height":394},{"@type":"BreadcrumbList","@id":"https:\/\/www.padreeustaquio.com.br\/livro-da-arquidiocese-de-belo-horizonte-traz-capitulo-sobre-padre-eustaquio\/#breadcrumb","itemListElement":[{"@type":"ListItem","position":1,"name":"In\u00edcio","item":"https:\/\/www.padreeustaquio.com.br\/"},{"@type":"ListItem","position":2,"name":"Livro da Arquidiocese de Belo Horizonte traz cap\u00edtulo sobre Padre Eust\u00e1quio"}]},{"@type":"WebSite","@id":"https:\/\/www.padreeustaquio.com.br\/#website","url":"https:\/\/www.padreeustaquio.com.br\/","name":"FATHER EUST\u00c1QUIO","description":"Health and Peace","publisher":{"@id":"https:\/\/www.padreeustaquio.com.br\/#organization"},"potentialAction":[{"@type":"SearchAction","target":{"@type":"EntryPoint","urlTemplate":"https:\/\/www.padreeustaquio.com.br\/?s={search_term_string}"},"query-input":{"@type":"PropertyValueSpecification","valueRequired":true,"valueName":"search_term_string"}}],"inLanguage":"en-US"},{"@type":"Organization","@id":"https:\/\/www.padreeustaquio.com.br\/#organization","name":"FATHER EUST\u00c1QUIO","url":"https:\/\/www.padreeustaquio.com.br\/","logo":{"@type":"ImageObject","inLanguage":"en-US","@id":"https:\/\/www.padreeustaquio.com.br\/#\/schema\/logo\/image\/","url":"https:\/\/www.padreeustaquio.com.br\/wp-content\/uploads\/2019\/08\/marca.png","contentUrl":"https:\/\/www.padreeustaquio.com.br\/wp-content\/uploads\/2019\/08\/marca.png","width":350,"height":400,"caption":"Padre Eust\u00e1quio"},"image":{"@id":"https:\/\/www.padreeustaquio.com.br\/#\/schema\/logo\/image\/"},"sameAs":["https:\/\/www.facebook.com\/beatopadreeustaquio\/","https:\/\/x.com\/beatopeustaquio","https:\/\/www.instagram.com\/beatopadreeustaquio\/","https:\/\/www.youtube.com\/channel\/UCRhw7vfabnajwLxb1ZXMeIw"]},{"@type":"Person","@id":"https:\/\/www.padreeustaquio.com.br\/#\/schema\/person\/a2a51db1d00f1a7af0204a0f1ddb1566","name":"@sscc","image":{"@type":"ImageObject","inLanguage":"en-US","@id":"https:\/\/secure.gravatar.com\/avatar\/68cfafa5f44617fea54071e215026e0ff06be366c3d54a8425f04fdcb86f8c5f?s=96&d=mm&r=g","url":"https:\/\/secure.gravatar.com\/avatar\/68cfafa5f44617fea54071e215026e0ff06be366c3d54a8425f04fdcb86f8c5f?s=96&d=mm&r=g","contentUrl":"https:\/\/secure.gravatar.com\/avatar\/68cfafa5f44617fea54071e215026e0ff06be366c3d54a8425f04fdcb86f8c5f?s=96&d=mm&r=g","caption":"@sscc"},"url":"https:\/\/www.padreeustaquio.com.br\/en\/author\/sscc\/"}]}},"_links":{"self":[{"href":"https:\/\/www.padreeustaquio.com.br\/en\/wp-json\/wp\/v2\/posts\/5421","targetHints":{"allow":["GET"]}}],"collection":[{"href":"https:\/\/www.padreeustaquio.com.br\/en\/wp-json\/wp\/v2\/posts"}],"about":[{"href":"https:\/\/www.padreeustaquio.com.br\/en\/wp-json\/wp\/v2\/types\/post"}],"author":[{"embeddable":true,"href":"https:\/\/www.padreeustaquio.com.br\/en\/wp-json\/wp\/v2\/users\/2"}],"replies":[{"embeddable":true,"href":"https:\/\/www.padreeustaquio.com.br\/en\/wp-json\/wp\/v2\/comments?post=5421"}],"version-history":[{"count":0,"href":"https:\/\/www.padreeustaquio.com.br\/en\/wp-json\/wp\/v2\/posts\/5421\/revisions"}],"wp:featuredmedia":[{"embeddable":true,"href":"https:\/\/www.padreeustaquio.com.br\/en\/wp-json\/wp\/v2\/media\/5422"}],"wp:attachment":[{"href":"https:\/\/www.padreeustaquio.com.br\/en\/wp-json\/wp\/v2\/media?parent=5421"}],"wp:term":[{"taxonomy":"category","embeddable":true,"href":"https:\/\/www.padreeustaquio.com.br\/en\/wp-json\/wp\/v2\/categories?post=5421"},{"taxonomy":"post_tag","embeddable":true,"href":"https:\/\/www.padreeustaquio.com.br\/en\/wp-json\/wp\/v2\/tags?post=5421"}],"curies":[{"name":"wp","href":"https:\/\/api.w.org\/{rel}","templated":true}]}}