{"id":5416,"date":"2021-04-05T08:10:42","date_gmt":"2021-04-05T11:10:42","guid":{"rendered":"https:\/\/www.padreeustaquio.com.br\/?p=5416"},"modified":"2021-04-04T20:42:58","modified_gmt":"2021-04-04T23:42:58","slug":"the-altar-at-the-health-and-peace-sanctuary-is-undergoing-renovation","status":"publish","type":"post","link":"https:\/\/www.padreeustaquio.com.br\/en\/the-altar-at-the-health-and-peace-sanctuary-is-undergoing-renovation\/","title":{"rendered":"Altar of the Health and Peace Sanctuary undergoes renovation."},"content":{"rendered":"<p>The altar of the Health and Peace Sanctuary, Father Eust\u00e1quio&#039;s church, underwent renovations at the end of Lent. The result was revealed this past weekend during the Easter Triduum. In its place, the Resurrected Jesus gives way to the Crucified Christ, who for many years formed part of the church&#039;s presbytery.<\/p>\n<p>This work is part of the process of reclaiming the roots of the Health and Peace Sanctuary, which seeks to return the church as close as possible to the project envisioned by Blessed Father Eust\u00e1quio before his death. The renovation was only possible thanks to a donation from a family devoted to the Blessed Father.<\/p>\n<p>The cross on the altar of churches represents Christ at the center of the liturgical action in his paschal mystery. If you want to know more about this symbolism, <a href=\"https:\/\/www.padreeustaquio.com.br\/en\/the-meaning-of-jesus-crucified-on-church-altars\/\">Click here.<\/a><\/p>","protected":false},"excerpt":{"rendered":"<p>O Altar do Santu\u00e1rio Sa\u00fade e Paz, igreja do Padre Eust\u00e1quio, passou por uma reforma no fim dessa Quaresma. O resultado foi revelado neste final de semana, durante o Tr\u00edduo Pascal. No local, Jesus Ressuscitado d\u00e1 lugar ao Crucificado, que por muitos anos comp\u00f4s o presbit\u00e9rio da igreja. A obra faz parte do processo de resgate das ra\u00edzes do Santu\u00e1rio Sa\u00fade e Paz, que busca voltar a igreja o mais pr\u00f3ximo ao projeto sonhado pelo Beato Padre Eust\u00e1quio antes de morrer. A reforma s\u00f3 foi poss\u00edvel gra\u00e7as a doa\u00e7\u00e3o de uma fam\u00edlia devota do Bem-aventurado. A Cruz no altar das [&hellip;]<\/p>\n","protected":false},"author":2,"featured_media":5418,"comment_status":"open","ping_status":"closed","sticky":false,"template":"","format":"standard","meta":{"_acf_changed":false,"footnotes":""},"categories":[611],"tags":[],"class_list":["post-5416","post","type-post","status-publish","format-standard","has-post-thumbnail","hentry","category-noticias"],"acf":[],"yoast_head":"<!-- This site is optimized with the Yoast SEO plugin v27.2 - https:\/\/yoast.com\/product\/yoast-seo-wordpress\/ -->\n<title>Altar do Santu\u00e1rio Sa\u00fade e Paz passa por reforma - Padre Eust\u00e1quio<\/title>\n<meta name=\"robots\" content=\"index, follow, max-snippet:-1, max-image-preview:large, max-video-preview:-1\" \/>\n<link rel=\"canonical\" href=\"https:\/\/www.padreeustaquio.com.br\/en\/the-altar-at-the-health-and-peace-sanctuary-is-undergoing-renovation\/\" \/>\n<meta property=\"og:locale\" content=\"en_US\" \/>\n<meta property=\"og:type\" content=\"article\" \/>\n<meta property=\"og:title\" content=\"Altar do Santu\u00e1rio Sa\u00fade e Paz passa por reforma - Padre Eust\u00e1quio\" \/>\n<meta property=\"og:description\" content=\"O Altar do Santu\u00e1rio Sa\u00fade e Paz, igreja do Padre Eust\u00e1quio, passou por uma reforma no fim dessa Quaresma. O resultado foi revelado neste final de semana, durante o Tr\u00edduo Pascal. No local, Jesus Ressuscitado d\u00e1 lugar ao Crucificado, que por muitos anos comp\u00f4s o presbit\u00e9rio da igreja. A obra faz parte do processo de resgate das ra\u00edzes do Santu\u00e1rio Sa\u00fade e Paz, que busca voltar a igreja o mais pr\u00f3ximo ao projeto sonhado pelo Beato Padre Eust\u00e1quio antes de morrer. A reforma s\u00f3 foi poss\u00edvel gra\u00e7as a doa\u00e7\u00e3o de uma fam\u00edlia devota do Bem-aventurado. A Cruz no altar das [&hellip;]\" \/>\n<meta property=\"og:url\" content=\"https:\/\/www.padreeustaquio.com.br\/en\/the-altar-at-the-health-and-peace-sanctuary-is-undergoing-renovation\/\" \/>\n<meta property=\"og:site_name\" content=\"Padre Eust\u00e1quio\" \/>\n<meta property=\"article:publisher\" content=\"https:\/\/www.facebook.com\/beatopadreeustaquio\/\" \/>\n<meta property=\"article:published_time\" content=\"2021-04-05T11:10:42+00:00\" \/>\n<meta property=\"og:image\" content=\"https:\/\/www.padreeustaquio.com.br\/wp-content\/uploads\/2021\/04\/reforma-altar.jpg\" \/>\n\t<meta property=\"og:image:width\" content=\"748\" \/>\n\t<meta property=\"og:image:height\" content=\"394\" \/>\n\t<meta property=\"og:image:type\" content=\"image\/jpeg\" \/>\n<meta name=\"author\" content=\"@sscc\" \/>\n<meta name=\"twitter:card\" content=\"summary_large_image\" \/>\n<meta name=\"twitter:creator\" content=\"@beatopeustaquio\" \/>\n<meta name=\"twitter:site\" content=\"@beatopeustaquio\" \/>\n<meta name=\"twitter:label1\" content=\"Written by\" \/>\n\t<meta name=\"twitter:data1\" content=\"@sscc\" \/>\n\t<meta name=\"twitter:label2\" content=\"Est. reading time\" \/>\n\t<meta name=\"twitter:data2\" content=\"1 minute\" \/>\n<script type=\"application\/ld+json\" class=\"yoast-schema-graph\">{\"@context\":\"https:\/\/schema.org\",\"@graph\":[{\"@type\":\"Article\",\"@id\":\"https:\/\/www.padreeustaquio.com.br\/altar-do-santuario-saude-e-paz-passa-por-reforma\/#article\",\"isPartOf\":{\"@id\":\"https:\/\/www.padreeustaquio.com.br\/altar-do-santuario-saude-e-paz-passa-por-reforma\/\"},\"author\":{\"name\":\"@sscc\",\"@id\":\"https:\/\/www.padreeustaquio.com.br\/#\/schema\/person\/a2a51db1d00f1a7af0204a0f1ddb1566\"},\"headline\":\"Altar do Santu\u00e1rio Sa\u00fade e Paz passa por reforma\",\"datePublished\":\"2021-04-05T11:10:42+00:00\",\"mainEntityOfPage\":{\"@id\":\"https:\/\/www.padreeustaquio.com.br\/altar-do-santuario-saude-e-paz-passa-por-reforma\/\"},\"wordCount\":151,\"commentCount\":0,\"publisher\":{\"@id\":\"https:\/\/www.padreeustaquio.com.br\/#organization\"},\"image\":{\"@id\":\"https:\/\/www.padreeustaquio.com.br\/altar-do-santuario-saude-e-paz-passa-por-reforma\/#primaryimage\"},\"thumbnailUrl\":\"https:\/\/www.padreeustaquio.com.br\/wp-content\/uploads\/2021\/04\/reforma-altar.jpg\",\"articleSection\":[\"Not\u00edcias\"],\"inLanguage\":\"en-US\",\"potentialAction\":[{\"@type\":\"CommentAction\",\"name\":\"Comment\",\"target\":[\"https:\/\/www.padreeustaquio.com.br\/altar-do-santuario-saude-e-paz-passa-por-reforma\/#respond\"]}]},{\"@type\":\"WebPage\",\"@id\":\"https:\/\/www.padreeustaquio.com.br\/altar-do-santuario-saude-e-paz-passa-por-reforma\/\",\"url\":\"https:\/\/www.padreeustaquio.com.br\/altar-do-santuario-saude-e-paz-passa-por-reforma\/\",\"name\":\"Altar do Santu\u00e1rio Sa\u00fade e Paz passa por reforma - Padre Eust\u00e1quio\",\"isPartOf\":{\"@id\":\"https:\/\/www.padreeustaquio.com.br\/#website\"},\"primaryImageOfPage\":{\"@id\":\"https:\/\/www.padreeustaquio.com.br\/altar-do-santuario-saude-e-paz-passa-por-reforma\/#primaryimage\"},\"image\":{\"@id\":\"https:\/\/www.padreeustaquio.com.br\/altar-do-santuario-saude-e-paz-passa-por-reforma\/#primaryimage\"},\"thumbnailUrl\":\"https:\/\/www.padreeustaquio.com.br\/wp-content\/uploads\/2021\/04\/reforma-altar.jpg\",\"datePublished\":\"2021-04-05T11:10:42+00:00\",\"breadcrumb\":{\"@id\":\"https:\/\/www.padreeustaquio.com.br\/altar-do-santuario-saude-e-paz-passa-por-reforma\/#breadcrumb\"},\"inLanguage\":\"en-US\",\"potentialAction\":[{\"@type\":\"ReadAction\",\"target\":[\"https:\/\/www.padreeustaquio.com.br\/altar-do-santuario-saude-e-paz-passa-por-reforma\/\"]}]},{\"@type\":\"ImageObject\",\"inLanguage\":\"en-US\",\"@id\":\"https:\/\/www.padreeustaquio.com.br\/altar-do-santuario-saude-e-paz-passa-por-reforma\/#primaryimage\",\"url\":\"https:\/\/www.padreeustaquio.com.br\/wp-content\/uploads\/2021\/04\/reforma-altar.jpg\",\"contentUrl\":\"https:\/\/www.padreeustaquio.com.br\/wp-content\/uploads\/2021\/04\/reforma-altar.jpg\",\"width\":748,\"height\":394},{\"@type\":\"BreadcrumbList\",\"@id\":\"https:\/\/www.padreeustaquio.com.br\/altar-do-santuario-saude-e-paz-passa-por-reforma\/#breadcrumb\",\"itemListElement\":[{\"@type\":\"ListItem\",\"position\":1,\"name\":\"In\u00edcio\",\"item\":\"https:\/\/www.padreeustaquio.com.br\/\"},{\"@type\":\"ListItem\",\"position\":2,\"name\":\"Altar do Santu\u00e1rio Sa\u00fade e Paz passa por reforma\"}]},{\"@type\":\"WebSite\",\"@id\":\"https:\/\/www.padreeustaquio.com.br\/#website\",\"url\":\"https:\/\/www.padreeustaquio.com.br\/\",\"name\":\"Padre Eust\u00e1quio\",\"description\":\"Sa\u00fade e Paz\",\"publisher\":{\"@id\":\"https:\/\/www.padreeustaquio.com.br\/#organization\"},\"potentialAction\":[{\"@type\":\"SearchAction\",\"target\":{\"@type\":\"EntryPoint\",\"urlTemplate\":\"https:\/\/www.padreeustaquio.com.br\/?s={search_term_string}\"},\"query-input\":{\"@type\":\"PropertyValueSpecification\",\"valueRequired\":true,\"valueName\":\"search_term_string\"}}],\"inLanguage\":\"en-US\"},{\"@type\":\"Organization\",\"@id\":\"https:\/\/www.padreeustaquio.com.br\/#organization\",\"name\":\"Padre Eust\u00e1quio\",\"url\":\"https:\/\/www.padreeustaquio.com.br\/\",\"logo\":{\"@type\":\"ImageObject\",\"inLanguage\":\"en-US\",\"@id\":\"https:\/\/www.padreeustaquio.com.br\/#\/schema\/logo\/image\/\",\"url\":\"https:\/\/www.padreeustaquio.com.br\/wp-content\/uploads\/2019\/08\/marca.png\",\"contentUrl\":\"https:\/\/www.padreeustaquio.com.br\/wp-content\/uploads\/2019\/08\/marca.png\",\"width\":350,\"height\":400,\"caption\":\"Padre Eust\u00e1quio\"},\"image\":{\"@id\":\"https:\/\/www.padreeustaquio.com.br\/#\/schema\/logo\/image\/\"},\"sameAs\":[\"https:\/\/www.facebook.com\/beatopadreeustaquio\/\",\"https:\/\/x.com\/beatopeustaquio\",\"https:\/\/www.instagram.com\/beatopadreeustaquio\/\",\"https:\/\/www.youtube.com\/channel\/UCRhw7vfabnajwLxb1ZXMeIw\"]},{\"@type\":\"Person\",\"@id\":\"https:\/\/www.padreeustaquio.com.br\/#\/schema\/person\/a2a51db1d00f1a7af0204a0f1ddb1566\",\"name\":\"@sscc\",\"image\":{\"@type\":\"ImageObject\",\"inLanguage\":\"en-US\",\"@id\":\"https:\/\/secure.gravatar.com\/avatar\/68cfafa5f44617fea54071e215026e0ff06be366c3d54a8425f04fdcb86f8c5f?s=96&d=mm&r=g\",\"url\":\"https:\/\/secure.gravatar.com\/avatar\/68cfafa5f44617fea54071e215026e0ff06be366c3d54a8425f04fdcb86f8c5f?s=96&d=mm&r=g\",\"contentUrl\":\"https:\/\/secure.gravatar.com\/avatar\/68cfafa5f44617fea54071e215026e0ff06be366c3d54a8425f04fdcb86f8c5f?s=96&d=mm&r=g\",\"caption\":\"@sscc\"},\"url\":\"https:\/\/www.padreeustaquio.com.br\/en\/author\/sscc\/\"}]}<\/script>\n<!-- \/ Yoast SEO plugin. -->","yoast_head_json":{"title":"Altar of the Health and Peace Sanctuary undergoes renovation - Father Eust\u00e1quio","robots":{"index":"index","follow":"follow","max-snippet":"max-snippet:-1","max-image-preview":"max-image-preview:large","max-video-preview":"max-video-preview:-1"},"canonical":"https:\/\/www.padreeustaquio.com.br\/en\/the-altar-at-the-health-and-peace-sanctuary-is-undergoing-renovation\/","og_locale":"en_US","og_type":"article","og_title":"Altar do Santu\u00e1rio Sa\u00fade e Paz passa por reforma - Padre Eust\u00e1quio","og_description":"O Altar do Santu\u00e1rio Sa\u00fade e Paz, igreja do Padre Eust\u00e1quio, passou por uma reforma no fim dessa Quaresma. O resultado foi revelado neste final de semana, durante o Tr\u00edduo Pascal. No local, Jesus Ressuscitado d\u00e1 lugar ao Crucificado, que por muitos anos comp\u00f4s o presbit\u00e9rio da igreja. A obra faz parte do processo de resgate das ra\u00edzes do Santu\u00e1rio Sa\u00fade e Paz, que busca voltar a igreja o mais pr\u00f3ximo ao projeto sonhado pelo Beato Padre Eust\u00e1quio antes de morrer. A reforma s\u00f3 foi poss\u00edvel gra\u00e7as a doa\u00e7\u00e3o de uma fam\u00edlia devota do Bem-aventurado. A Cruz no altar das [&hellip;]","og_url":"https:\/\/www.padreeustaquio.com.br\/en\/the-altar-at-the-health-and-peace-sanctuary-is-undergoing-renovation\/","og_site_name":"Padre Eust\u00e1quio","article_publisher":"https:\/\/www.facebook.com\/beatopadreeustaquio\/","article_published_time":"2021-04-05T11:10:42+00:00","og_image":[{"width":748,"height":394,"url":"https:\/\/www.padreeustaquio.com.br\/wp-content\/uploads\/2021\/04\/reforma-altar.jpg","type":"image\/jpeg"}],"author":"@sscc","twitter_card":"summary_large_image","twitter_creator":"@beatopeustaquio","twitter_site":"@beatopeustaquio","twitter_misc":{"Written by":"@sscc","Est. reading time":"1 minute"},"schema":{"@context":"https:\/\/schema.org","@graph":[{"@type":"Article","@id":"https:\/\/www.padreeustaquio.com.br\/altar-do-santuario-saude-e-paz-passa-por-reforma\/#article","isPartOf":{"@id":"https:\/\/www.padreeustaquio.com.br\/altar-do-santuario-saude-e-paz-passa-por-reforma\/"},"author":{"name":"@sscc","@id":"https:\/\/www.padreeustaquio.com.br\/#\/schema\/person\/a2a51db1d00f1a7af0204a0f1ddb1566"},"headline":"Altar do Santu\u00e1rio Sa\u00fade e Paz passa por reforma","datePublished":"2021-04-05T11:10:42+00:00","mainEntityOfPage":{"@id":"https:\/\/www.padreeustaquio.com.br\/altar-do-santuario-saude-e-paz-passa-por-reforma\/"},"wordCount":151,"commentCount":0,"publisher":{"@id":"https:\/\/www.padreeustaquio.com.br\/#organization"},"image":{"@id":"https:\/\/www.padreeustaquio.com.br\/altar-do-santuario-saude-e-paz-passa-por-reforma\/#primaryimage"},"thumbnailUrl":"https:\/\/www.padreeustaquio.com.br\/wp-content\/uploads\/2021\/04\/reforma-altar.jpg","articleSection":["Not\u00edcias"],"inLanguage":"en-US","potentialAction":[{"@type":"CommentAction","name":"Comment","target":["https:\/\/www.padreeustaquio.com.br\/altar-do-santuario-saude-e-paz-passa-por-reforma\/#respond"]}]},{"@type":"WebPage","@id":"https:\/\/www.padreeustaquio.com.br\/altar-do-santuario-saude-e-paz-passa-por-reforma\/","url":"https:\/\/www.padreeustaquio.com.br\/altar-do-santuario-saude-e-paz-passa-por-reforma\/","name":"Altar of the Health and Peace Sanctuary undergoes renovation - Father Eust\u00e1quio","isPartOf":{"@id":"https:\/\/www.padreeustaquio.com.br\/#website"},"primaryImageOfPage":{"@id":"https:\/\/www.padreeustaquio.com.br\/altar-do-santuario-saude-e-paz-passa-por-reforma\/#primaryimage"},"image":{"@id":"https:\/\/www.padreeustaquio.com.br\/altar-do-santuario-saude-e-paz-passa-por-reforma\/#primaryimage"},"thumbnailUrl":"https:\/\/www.padreeustaquio.com.br\/wp-content\/uploads\/2021\/04\/reforma-altar.jpg","datePublished":"2021-04-05T11:10:42+00:00","breadcrumb":{"@id":"https:\/\/www.padreeustaquio.com.br\/altar-do-santuario-saude-e-paz-passa-por-reforma\/#breadcrumb"},"inLanguage":"en-US","potentialAction":[{"@type":"ReadAction","target":["https:\/\/www.padreeustaquio.com.br\/altar-do-santuario-saude-e-paz-passa-por-reforma\/"]}]},{"@type":"ImageObject","inLanguage":"en-US","@id":"https:\/\/www.padreeustaquio.com.br\/altar-do-santuario-saude-e-paz-passa-por-reforma\/#primaryimage","url":"https:\/\/www.padreeustaquio.com.br\/wp-content\/uploads\/2021\/04\/reforma-altar.jpg","contentUrl":"https:\/\/www.padreeustaquio.com.br\/wp-content\/uploads\/2021\/04\/reforma-altar.jpg","width":748,"height":394},{"@type":"BreadcrumbList","@id":"https:\/\/www.padreeustaquio.com.br\/altar-do-santuario-saude-e-paz-passa-por-reforma\/#breadcrumb","itemListElement":[{"@type":"ListItem","position":1,"name":"In\u00edcio","item":"https:\/\/www.padreeustaquio.com.br\/"},{"@type":"ListItem","position":2,"name":"Altar do Santu\u00e1rio Sa\u00fade e Paz passa por reforma"}]},{"@type":"WebSite","@id":"https:\/\/www.padreeustaquio.com.br\/#website","url":"https:\/\/www.padreeustaquio.com.br\/","name":"FATHER EUST\u00c1QUIO","description":"Health and Peace","publisher":{"@id":"https:\/\/www.padreeustaquio.com.br\/#organization"},"potentialAction":[{"@type":"SearchAction","target":{"@type":"EntryPoint","urlTemplate":"https:\/\/www.padreeustaquio.com.br\/?s={search_term_string}"},"query-input":{"@type":"PropertyValueSpecification","valueRequired":true,"valueName":"search_term_string"}}],"inLanguage":"en-US"},{"@type":"Organization","@id":"https:\/\/www.padreeustaquio.com.br\/#organization","name":"FATHER EUST\u00c1QUIO","url":"https:\/\/www.padreeustaquio.com.br\/","logo":{"@type":"ImageObject","inLanguage":"en-US","@id":"https:\/\/www.padreeustaquio.com.br\/#\/schema\/logo\/image\/","url":"https:\/\/www.padreeustaquio.com.br\/wp-content\/uploads\/2019\/08\/marca.png","contentUrl":"https:\/\/www.padreeustaquio.com.br\/wp-content\/uploads\/2019\/08\/marca.png","width":350,"height":400,"caption":"Padre Eust\u00e1quio"},"image":{"@id":"https:\/\/www.padreeustaquio.com.br\/#\/schema\/logo\/image\/"},"sameAs":["https:\/\/www.facebook.com\/beatopadreeustaquio\/","https:\/\/x.com\/beatopeustaquio","https:\/\/www.instagram.com\/beatopadreeustaquio\/","https:\/\/www.youtube.com\/channel\/UCRhw7vfabnajwLxb1ZXMeIw"]},{"@type":"Person","@id":"https:\/\/www.padreeustaquio.com.br\/#\/schema\/person\/a2a51db1d00f1a7af0204a0f1ddb1566","name":"@sscc","image":{"@type":"ImageObject","inLanguage":"en-US","@id":"https:\/\/secure.gravatar.com\/avatar\/68cfafa5f44617fea54071e215026e0ff06be366c3d54a8425f04fdcb86f8c5f?s=96&d=mm&r=g","url":"https:\/\/secure.gravatar.com\/avatar\/68cfafa5f44617fea54071e215026e0ff06be366c3d54a8425f04fdcb86f8c5f?s=96&d=mm&r=g","contentUrl":"https:\/\/secure.gravatar.com\/avatar\/68cfafa5f44617fea54071e215026e0ff06be366c3d54a8425f04fdcb86f8c5f?s=96&d=mm&r=g","caption":"@sscc"},"url":"https:\/\/www.padreeustaquio.com.br\/en\/author\/sscc\/"}]}},"_links":{"self":[{"href":"https:\/\/www.padreeustaquio.com.br\/en\/wp-json\/wp\/v2\/posts\/5416","targetHints":{"allow":["GET"]}}],"collection":[{"href":"https:\/\/www.padreeustaquio.com.br\/en\/wp-json\/wp\/v2\/posts"}],"about":[{"href":"https:\/\/www.padreeustaquio.com.br\/en\/wp-json\/wp\/v2\/types\/post"}],"author":[{"embeddable":true,"href":"https:\/\/www.padreeustaquio.com.br\/en\/wp-json\/wp\/v2\/users\/2"}],"replies":[{"embeddable":true,"href":"https:\/\/www.padreeustaquio.com.br\/en\/wp-json\/wp\/v2\/comments?post=5416"}],"version-history":[{"count":0,"href":"https:\/\/www.padreeustaquio.com.br\/en\/wp-json\/wp\/v2\/posts\/5416\/revisions"}],"wp:featuredmedia":[{"embeddable":true,"href":"https:\/\/www.padreeustaquio.com.br\/en\/wp-json\/wp\/v2\/media\/5418"}],"wp:attachment":[{"href":"https:\/\/www.padreeustaquio.com.br\/en\/wp-json\/wp\/v2\/media?parent=5416"}],"wp:term":[{"taxonomy":"category","embeddable":true,"href":"https:\/\/www.padreeustaquio.com.br\/en\/wp-json\/wp\/v2\/categories?post=5416"},{"taxonomy":"post_tag","embeddable":true,"href":"https:\/\/www.padreeustaquio.com.br\/en\/wp-json\/wp\/v2\/tags?post=5416"}],"curies":[{"name":"wp","href":"https:\/\/api.w.org\/{rel}","templated":true}]}}