{"id":5386,"date":"2021-04-01T11:51:04","date_gmt":"2021-04-01T14:51:04","guid":{"rendered":"https:\/\/www.padreeustaquio.com.br\/?p=5386"},"modified":"2021-04-01T11:51:04","modified_gmt":"2021-04-01T14:51:04","slug":"participate-in-the-easter-triduum-through-the-padre-eustaquio-channel","status":"publish","type":"post","link":"https:\/\/www.padreeustaquio.com.br\/en\/participate-in-the-easter-triduum-through-the-padre-eustaquio-channel\/","title":{"rendered":"Participate in the Easter Triduum through the Padre Eust\u00e1quio Channel."},"content":{"rendered":"<p>We have arrived at the most important liturgical moment in the Catholic Church, the celebration of the death and resurrection of Jesus. This period, known as the Easter Triduum, extends from the afternoon of Holy Thursday until the evening of Holy Saturday.<\/p>\n<p>Due to the Coronavirus Pandemic, the celebrations cannot take place in person, but they will be broadcast. <a href=\"https:\/\/www.padreeustaquio.com.br\/en\/transmissoes\/\">here on our website<\/a> and on the YouTube channel Padre Eust\u00e1quio.<\/p>\n<p>This year, Thursday and Saturday masses will begin earlier, at 6 pm, due to the curfew in effect in Minas Gerais as a result of the &quot;purple wave&quot; decreed by the state with measures to combat Covid-19.<\/p>\n<p><strong>The Easter Triduum:<\/strong><\/p>\n<p>The Triduum begins with the celebration of the Passover Meal on Thursday evening, where we remember the great farewell, with the concrete gesture of the Washing of the Feet, which shows Jesus&#039; willingness to serve humanity. The Eucharist is also celebrated on that day. Mass will begin at 6 PM.<\/p>\n<p>On Good Friday, the death of Jesus is commemorated. On this day, the church does not celebrate the Eucharist, but there is an adoration of the Cross at 3 pm. At the Health and Peace Sanctuary, there will also be the Burial Sermon, broadcast at 6 pm.<\/p>\n<p>On Saturday we have the Easter Vigil, where we celebrate Christ&#039;s victory over death. Death has been conquered, and the church commemorates this victory of Christ. The vigil concludes the Holy Week Triduum and will also be held at 6 PM.<\/p>","protected":false},"excerpt":{"rendered":"<p>Chegamos ao momento lit\u00fargico mais importante da Igreja Cat\u00f3lica, a celebra\u00e7\u00e3o da morte e ressurrei\u00e7\u00e3o de Jesus. Este per\u00edodo conhecido como Tr\u00edduo Pascal, abrange da tarde da Quinta-feira Santa at\u00e9 a noite do S\u00e1bado de Aleluia. Devido a Pandemia do Coronav\u00edrus, as celebra\u00e7\u00f5es n\u00e3o poder\u00e3o acontecer presencialmente, mas ser\u00e3o transmitidas aqui em nosso site e no YouTube Canal Padre Eust\u00e1quio. Este ano as missas de quinta e s\u00e1bado v\u00e3o come\u00e7ar mais cedo, \u00e0s 18h, devido ao toque de recolher que est\u00e1 acontecendo em Minas Gerias em fun\u00e7\u00e3o da &#8220;onda roxa&#8221; decretada pelo estado com medidas de enfrentamento \u00e0 Covid-19. O [&hellip;]<\/p>\n","protected":false},"author":2,"featured_media":5387,"comment_status":"open","ping_status":"closed","sticky":false,"template":"","format":"standard","meta":{"_acf_changed":false,"footnotes":""},"categories":[611],"tags":[],"class_list":["post-5386","post","type-post","status-publish","format-standard","has-post-thumbnail","hentry","category-noticias"],"acf":[],"yoast_head":"<!-- This site is optimized with the Yoast SEO plugin v27.2 - https:\/\/yoast.com\/product\/yoast-seo-wordpress\/ -->\n<title>Participe do Tr\u00edduo Pascal pelo Canal Padre Eust\u00e1quio - Padre Eust\u00e1quio<\/title>\n<meta name=\"robots\" content=\"index, follow, max-snippet:-1, max-image-preview:large, max-video-preview:-1\" \/>\n<link rel=\"canonical\" href=\"https:\/\/www.padreeustaquio.com.br\/en\/participate-in-the-easter-triduum-through-the-padre-eustaquio-channel\/\" \/>\n<meta property=\"og:locale\" content=\"en_US\" \/>\n<meta property=\"og:type\" content=\"article\" \/>\n<meta property=\"og:title\" content=\"Participe do Tr\u00edduo Pascal pelo Canal Padre Eust\u00e1quio - Padre Eust\u00e1quio\" \/>\n<meta property=\"og:description\" content=\"Chegamos ao momento lit\u00fargico mais importante da Igreja Cat\u00f3lica, a celebra\u00e7\u00e3o da morte e ressurrei\u00e7\u00e3o de Jesus. Este per\u00edodo conhecido como Tr\u00edduo Pascal, abrange da tarde da Quinta-feira Santa at\u00e9 a noite do S\u00e1bado de Aleluia. Devido a Pandemia do Coronav\u00edrus, as celebra\u00e7\u00f5es n\u00e3o poder\u00e3o acontecer presencialmente, mas ser\u00e3o transmitidas aqui em nosso site e no YouTube Canal Padre Eust\u00e1quio. Este ano as missas de quinta e s\u00e1bado v\u00e3o come\u00e7ar mais cedo, \u00e0s 18h, devido ao toque de recolher que est\u00e1 acontecendo em Minas Gerias em fun\u00e7\u00e3o da &#8220;onda roxa&#8221; decretada pelo estado com medidas de enfrentamento \u00e0 Covid-19. O [&hellip;]\" \/>\n<meta property=\"og:url\" content=\"https:\/\/www.padreeustaquio.com.br\/en\/participate-in-the-easter-triduum-through-the-padre-eustaquio-channel\/\" \/>\n<meta property=\"og:site_name\" content=\"Padre Eust\u00e1quio\" \/>\n<meta property=\"article:publisher\" content=\"https:\/\/www.facebook.com\/beatopadreeustaquio\/\" \/>\n<meta property=\"article:published_time\" content=\"2021-04-01T14:51:04+00:00\" \/>\n<meta property=\"og:image\" content=\"https:\/\/www.padreeustaquio.com.br\/wp-content\/uploads\/2021\/04\/Cristo-Ressurreto.jpeg\" \/>\n\t<meta property=\"og:image:width\" content=\"1238\" \/>\n\t<meta property=\"og:image:height\" content=\"650\" \/>\n\t<meta property=\"og:image:type\" content=\"image\/jpeg\" \/>\n<meta name=\"author\" content=\"@sscc\" \/>\n<meta name=\"twitter:card\" content=\"summary_large_image\" \/>\n<meta name=\"twitter:creator\" content=\"@beatopeustaquio\" \/>\n<meta name=\"twitter:site\" content=\"@beatopeustaquio\" \/>\n<meta name=\"twitter:label1\" content=\"Written by\" \/>\n\t<meta name=\"twitter:data1\" content=\"@sscc\" \/>\n\t<meta name=\"twitter:label2\" content=\"Est. reading time\" \/>\n\t<meta name=\"twitter:data2\" content=\"1 minute\" \/>\n<script type=\"application\/ld+json\" class=\"yoast-schema-graph\">{\"@context\":\"https:\/\/schema.org\",\"@graph\":[{\"@type\":\"Article\",\"@id\":\"https:\/\/www.padreeustaquio.com.br\/participe-do-triduo-pascal-pelo-canal-padre-eustaquio\/#article\",\"isPartOf\":{\"@id\":\"https:\/\/www.padreeustaquio.com.br\/participe-do-triduo-pascal-pelo-canal-padre-eustaquio\/\"},\"author\":{\"name\":\"@sscc\",\"@id\":\"https:\/\/www.padreeustaquio.com.br\/#\/schema\/person\/a2a51db1d00f1a7af0204a0f1ddb1566\"},\"headline\":\"Participe do Tr\u00edduo Pascal pelo Canal Padre Eust\u00e1quio\",\"datePublished\":\"2021-04-01T14:51:04+00:00\",\"mainEntityOfPage\":{\"@id\":\"https:\/\/www.padreeustaquio.com.br\/participe-do-triduo-pascal-pelo-canal-padre-eustaquio\/\"},\"wordCount\":276,\"commentCount\":0,\"publisher\":{\"@id\":\"https:\/\/www.padreeustaquio.com.br\/#organization\"},\"image\":{\"@id\":\"https:\/\/www.padreeustaquio.com.br\/participe-do-triduo-pascal-pelo-canal-padre-eustaquio\/#primaryimage\"},\"thumbnailUrl\":\"https:\/\/www.padreeustaquio.com.br\/wp-content\/uploads\/2021\/04\/Cristo-Ressurreto.jpeg\",\"articleSection\":[\"Not\u00edcias\"],\"inLanguage\":\"en-US\",\"potentialAction\":[{\"@type\":\"CommentAction\",\"name\":\"Comment\",\"target\":[\"https:\/\/www.padreeustaquio.com.br\/participe-do-triduo-pascal-pelo-canal-padre-eustaquio\/#respond\"]}]},{\"@type\":\"WebPage\",\"@id\":\"https:\/\/www.padreeustaquio.com.br\/participe-do-triduo-pascal-pelo-canal-padre-eustaquio\/\",\"url\":\"https:\/\/www.padreeustaquio.com.br\/participe-do-triduo-pascal-pelo-canal-padre-eustaquio\/\",\"name\":\"Participe do Tr\u00edduo Pascal pelo Canal Padre Eust\u00e1quio - Padre Eust\u00e1quio\",\"isPartOf\":{\"@id\":\"https:\/\/www.padreeustaquio.com.br\/#website\"},\"primaryImageOfPage\":{\"@id\":\"https:\/\/www.padreeustaquio.com.br\/participe-do-triduo-pascal-pelo-canal-padre-eustaquio\/#primaryimage\"},\"image\":{\"@id\":\"https:\/\/www.padreeustaquio.com.br\/participe-do-triduo-pascal-pelo-canal-padre-eustaquio\/#primaryimage\"},\"thumbnailUrl\":\"https:\/\/www.padreeustaquio.com.br\/wp-content\/uploads\/2021\/04\/Cristo-Ressurreto.jpeg\",\"datePublished\":\"2021-04-01T14:51:04+00:00\",\"breadcrumb\":{\"@id\":\"https:\/\/www.padreeustaquio.com.br\/participe-do-triduo-pascal-pelo-canal-padre-eustaquio\/#breadcrumb\"},\"inLanguage\":\"en-US\",\"potentialAction\":[{\"@type\":\"ReadAction\",\"target\":[\"https:\/\/www.padreeustaquio.com.br\/participe-do-triduo-pascal-pelo-canal-padre-eustaquio\/\"]}]},{\"@type\":\"ImageObject\",\"inLanguage\":\"en-US\",\"@id\":\"https:\/\/www.padreeustaquio.com.br\/participe-do-triduo-pascal-pelo-canal-padre-eustaquio\/#primaryimage\",\"url\":\"https:\/\/www.padreeustaquio.com.br\/wp-content\/uploads\/2021\/04\/Cristo-Ressurreto.jpeg\",\"contentUrl\":\"https:\/\/www.padreeustaquio.com.br\/wp-content\/uploads\/2021\/04\/Cristo-Ressurreto.jpeg\",\"width\":1238,\"height\":650},{\"@type\":\"BreadcrumbList\",\"@id\":\"https:\/\/www.padreeustaquio.com.br\/participe-do-triduo-pascal-pelo-canal-padre-eustaquio\/#breadcrumb\",\"itemListElement\":[{\"@type\":\"ListItem\",\"position\":1,\"name\":\"In\u00edcio\",\"item\":\"https:\/\/www.padreeustaquio.com.br\/\"},{\"@type\":\"ListItem\",\"position\":2,\"name\":\"Participe do Tr\u00edduo Pascal pelo Canal Padre Eust\u00e1quio\"}]},{\"@type\":\"WebSite\",\"@id\":\"https:\/\/www.padreeustaquio.com.br\/#website\",\"url\":\"https:\/\/www.padreeustaquio.com.br\/\",\"name\":\"Padre Eust\u00e1quio\",\"description\":\"Sa\u00fade e Paz\",\"publisher\":{\"@id\":\"https:\/\/www.padreeustaquio.com.br\/#organization\"},\"potentialAction\":[{\"@type\":\"SearchAction\",\"target\":{\"@type\":\"EntryPoint\",\"urlTemplate\":\"https:\/\/www.padreeustaquio.com.br\/?s={search_term_string}\"},\"query-input\":{\"@type\":\"PropertyValueSpecification\",\"valueRequired\":true,\"valueName\":\"search_term_string\"}}],\"inLanguage\":\"en-US\"},{\"@type\":\"Organization\",\"@id\":\"https:\/\/www.padreeustaquio.com.br\/#organization\",\"name\":\"Padre Eust\u00e1quio\",\"url\":\"https:\/\/www.padreeustaquio.com.br\/\",\"logo\":{\"@type\":\"ImageObject\",\"inLanguage\":\"en-US\",\"@id\":\"https:\/\/www.padreeustaquio.com.br\/#\/schema\/logo\/image\/\",\"url\":\"https:\/\/www.padreeustaquio.com.br\/wp-content\/uploads\/2019\/08\/marca.png\",\"contentUrl\":\"https:\/\/www.padreeustaquio.com.br\/wp-content\/uploads\/2019\/08\/marca.png\",\"width\":350,\"height\":400,\"caption\":\"Padre Eust\u00e1quio\"},\"image\":{\"@id\":\"https:\/\/www.padreeustaquio.com.br\/#\/schema\/logo\/image\/\"},\"sameAs\":[\"https:\/\/www.facebook.com\/beatopadreeustaquio\/\",\"https:\/\/x.com\/beatopeustaquio\",\"https:\/\/www.instagram.com\/beatopadreeustaquio\/\",\"https:\/\/www.youtube.com\/channel\/UCRhw7vfabnajwLxb1ZXMeIw\"]},{\"@type\":\"Person\",\"@id\":\"https:\/\/www.padreeustaquio.com.br\/#\/schema\/person\/a2a51db1d00f1a7af0204a0f1ddb1566\",\"name\":\"@sscc\",\"image\":{\"@type\":\"ImageObject\",\"inLanguage\":\"en-US\",\"@id\":\"https:\/\/secure.gravatar.com\/avatar\/68cfafa5f44617fea54071e215026e0ff06be366c3d54a8425f04fdcb86f8c5f?s=96&d=mm&r=g\",\"url\":\"https:\/\/secure.gravatar.com\/avatar\/68cfafa5f44617fea54071e215026e0ff06be366c3d54a8425f04fdcb86f8c5f?s=96&d=mm&r=g\",\"contentUrl\":\"https:\/\/secure.gravatar.com\/avatar\/68cfafa5f44617fea54071e215026e0ff06be366c3d54a8425f04fdcb86f8c5f?s=96&d=mm&r=g\",\"caption\":\"@sscc\"},\"url\":\"https:\/\/www.padreeustaquio.com.br\/en\/author\/sscc\/\"}]}<\/script>\n<!-- \/ Yoast SEO plugin. -->","yoast_head_json":{"title":"Participate in the Easter Triduum through the Padre Eust\u00e1quio Channel - Padre Eust\u00e1quio","robots":{"index":"index","follow":"follow","max-snippet":"max-snippet:-1","max-image-preview":"max-image-preview:large","max-video-preview":"max-video-preview:-1"},"canonical":"https:\/\/www.padreeustaquio.com.br\/en\/participate-in-the-easter-triduum-through-the-padre-eustaquio-channel\/","og_locale":"en_US","og_type":"article","og_title":"Participe do Tr\u00edduo Pascal pelo Canal Padre Eust\u00e1quio - Padre Eust\u00e1quio","og_description":"Chegamos ao momento lit\u00fargico mais importante da Igreja Cat\u00f3lica, a celebra\u00e7\u00e3o da morte e ressurrei\u00e7\u00e3o de Jesus. Este per\u00edodo conhecido como Tr\u00edduo Pascal, abrange da tarde da Quinta-feira Santa at\u00e9 a noite do S\u00e1bado de Aleluia. Devido a Pandemia do Coronav\u00edrus, as celebra\u00e7\u00f5es n\u00e3o poder\u00e3o acontecer presencialmente, mas ser\u00e3o transmitidas aqui em nosso site e no YouTube Canal Padre Eust\u00e1quio. Este ano as missas de quinta e s\u00e1bado v\u00e3o come\u00e7ar mais cedo, \u00e0s 18h, devido ao toque de recolher que est\u00e1 acontecendo em Minas Gerias em fun\u00e7\u00e3o da &#8220;onda roxa&#8221; decretada pelo estado com medidas de enfrentamento \u00e0 Covid-19. O [&hellip;]","og_url":"https:\/\/www.padreeustaquio.com.br\/en\/participate-in-the-easter-triduum-through-the-padre-eustaquio-channel\/","og_site_name":"Padre Eust\u00e1quio","article_publisher":"https:\/\/www.facebook.com\/beatopadreeustaquio\/","article_published_time":"2021-04-01T14:51:04+00:00","og_image":[{"width":1238,"height":650,"url":"https:\/\/www.padreeustaquio.com.br\/wp-content\/uploads\/2021\/04\/Cristo-Ressurreto.jpeg","type":"image\/jpeg"}],"author":"@sscc","twitter_card":"summary_large_image","twitter_creator":"@beatopeustaquio","twitter_site":"@beatopeustaquio","twitter_misc":{"Written by":"@sscc","Est. reading time":"1 minute"},"schema":{"@context":"https:\/\/schema.org","@graph":[{"@type":"Article","@id":"https:\/\/www.padreeustaquio.com.br\/participe-do-triduo-pascal-pelo-canal-padre-eustaquio\/#article","isPartOf":{"@id":"https:\/\/www.padreeustaquio.com.br\/participe-do-triduo-pascal-pelo-canal-padre-eustaquio\/"},"author":{"name":"@sscc","@id":"https:\/\/www.padreeustaquio.com.br\/#\/schema\/person\/a2a51db1d00f1a7af0204a0f1ddb1566"},"headline":"Participe do Tr\u00edduo Pascal pelo Canal Padre Eust\u00e1quio","datePublished":"2021-04-01T14:51:04+00:00","mainEntityOfPage":{"@id":"https:\/\/www.padreeustaquio.com.br\/participe-do-triduo-pascal-pelo-canal-padre-eustaquio\/"},"wordCount":276,"commentCount":0,"publisher":{"@id":"https:\/\/www.padreeustaquio.com.br\/#organization"},"image":{"@id":"https:\/\/www.padreeustaquio.com.br\/participe-do-triduo-pascal-pelo-canal-padre-eustaquio\/#primaryimage"},"thumbnailUrl":"https:\/\/www.padreeustaquio.com.br\/wp-content\/uploads\/2021\/04\/Cristo-Ressurreto.jpeg","articleSection":["Not\u00edcias"],"inLanguage":"en-US","potentialAction":[{"@type":"CommentAction","name":"Comment","target":["https:\/\/www.padreeustaquio.com.br\/participe-do-triduo-pascal-pelo-canal-padre-eustaquio\/#respond"]}]},{"@type":"WebPage","@id":"https:\/\/www.padreeustaquio.com.br\/participe-do-triduo-pascal-pelo-canal-padre-eustaquio\/","url":"https:\/\/www.padreeustaquio.com.br\/participe-do-triduo-pascal-pelo-canal-padre-eustaquio\/","name":"Participate in the Easter Triduum through the Padre Eust\u00e1quio Channel - Padre Eust\u00e1quio","isPartOf":{"@id":"https:\/\/www.padreeustaquio.com.br\/#website"},"primaryImageOfPage":{"@id":"https:\/\/www.padreeustaquio.com.br\/participe-do-triduo-pascal-pelo-canal-padre-eustaquio\/#primaryimage"},"image":{"@id":"https:\/\/www.padreeustaquio.com.br\/participe-do-triduo-pascal-pelo-canal-padre-eustaquio\/#primaryimage"},"thumbnailUrl":"https:\/\/www.padreeustaquio.com.br\/wp-content\/uploads\/2021\/04\/Cristo-Ressurreto.jpeg","datePublished":"2021-04-01T14:51:04+00:00","breadcrumb":{"@id":"https:\/\/www.padreeustaquio.com.br\/participe-do-triduo-pascal-pelo-canal-padre-eustaquio\/#breadcrumb"},"inLanguage":"en-US","potentialAction":[{"@type":"ReadAction","target":["https:\/\/www.padreeustaquio.com.br\/participe-do-triduo-pascal-pelo-canal-padre-eustaquio\/"]}]},{"@type":"ImageObject","inLanguage":"en-US","@id":"https:\/\/www.padreeustaquio.com.br\/participe-do-triduo-pascal-pelo-canal-padre-eustaquio\/#primaryimage","url":"https:\/\/www.padreeustaquio.com.br\/wp-content\/uploads\/2021\/04\/Cristo-Ressurreto.jpeg","contentUrl":"https:\/\/www.padreeustaquio.com.br\/wp-content\/uploads\/2021\/04\/Cristo-Ressurreto.jpeg","width":1238,"height":650},{"@type":"BreadcrumbList","@id":"https:\/\/www.padreeustaquio.com.br\/participe-do-triduo-pascal-pelo-canal-padre-eustaquio\/#breadcrumb","itemListElement":[{"@type":"ListItem","position":1,"name":"In\u00edcio","item":"https:\/\/www.padreeustaquio.com.br\/"},{"@type":"ListItem","position":2,"name":"Participe do Tr\u00edduo Pascal pelo Canal Padre Eust\u00e1quio"}]},{"@type":"WebSite","@id":"https:\/\/www.padreeustaquio.com.br\/#website","url":"https:\/\/www.padreeustaquio.com.br\/","name":"FATHER EUST\u00c1QUIO","description":"Health and Peace","publisher":{"@id":"https:\/\/www.padreeustaquio.com.br\/#organization"},"potentialAction":[{"@type":"SearchAction","target":{"@type":"EntryPoint","urlTemplate":"https:\/\/www.padreeustaquio.com.br\/?s={search_term_string}"},"query-input":{"@type":"PropertyValueSpecification","valueRequired":true,"valueName":"search_term_string"}}],"inLanguage":"en-US"},{"@type":"Organization","@id":"https:\/\/www.padreeustaquio.com.br\/#organization","name":"FATHER EUST\u00c1QUIO","url":"https:\/\/www.padreeustaquio.com.br\/","logo":{"@type":"ImageObject","inLanguage":"en-US","@id":"https:\/\/www.padreeustaquio.com.br\/#\/schema\/logo\/image\/","url":"https:\/\/www.padreeustaquio.com.br\/wp-content\/uploads\/2019\/08\/marca.png","contentUrl":"https:\/\/www.padreeustaquio.com.br\/wp-content\/uploads\/2019\/08\/marca.png","width":350,"height":400,"caption":"Padre Eust\u00e1quio"},"image":{"@id":"https:\/\/www.padreeustaquio.com.br\/#\/schema\/logo\/image\/"},"sameAs":["https:\/\/www.facebook.com\/beatopadreeustaquio\/","https:\/\/x.com\/beatopeustaquio","https:\/\/www.instagram.com\/beatopadreeustaquio\/","https:\/\/www.youtube.com\/channel\/UCRhw7vfabnajwLxb1ZXMeIw"]},{"@type":"Person","@id":"https:\/\/www.padreeustaquio.com.br\/#\/schema\/person\/a2a51db1d00f1a7af0204a0f1ddb1566","name":"@sscc","image":{"@type":"ImageObject","inLanguage":"en-US","@id":"https:\/\/secure.gravatar.com\/avatar\/68cfafa5f44617fea54071e215026e0ff06be366c3d54a8425f04fdcb86f8c5f?s=96&d=mm&r=g","url":"https:\/\/secure.gravatar.com\/avatar\/68cfafa5f44617fea54071e215026e0ff06be366c3d54a8425f04fdcb86f8c5f?s=96&d=mm&r=g","contentUrl":"https:\/\/secure.gravatar.com\/avatar\/68cfafa5f44617fea54071e215026e0ff06be366c3d54a8425f04fdcb86f8c5f?s=96&d=mm&r=g","caption":"@sscc"},"url":"https:\/\/www.padreeustaquio.com.br\/en\/author\/sscc\/"}]}},"_links":{"self":[{"href":"https:\/\/www.padreeustaquio.com.br\/en\/wp-json\/wp\/v2\/posts\/5386","targetHints":{"allow":["GET"]}}],"collection":[{"href":"https:\/\/www.padreeustaquio.com.br\/en\/wp-json\/wp\/v2\/posts"}],"about":[{"href":"https:\/\/www.padreeustaquio.com.br\/en\/wp-json\/wp\/v2\/types\/post"}],"author":[{"embeddable":true,"href":"https:\/\/www.padreeustaquio.com.br\/en\/wp-json\/wp\/v2\/users\/2"}],"replies":[{"embeddable":true,"href":"https:\/\/www.padreeustaquio.com.br\/en\/wp-json\/wp\/v2\/comments?post=5386"}],"version-history":[{"count":0,"href":"https:\/\/www.padreeustaquio.com.br\/en\/wp-json\/wp\/v2\/posts\/5386\/revisions"}],"wp:featuredmedia":[{"embeddable":true,"href":"https:\/\/www.padreeustaquio.com.br\/en\/wp-json\/wp\/v2\/media\/5387"}],"wp:attachment":[{"href":"https:\/\/www.padreeustaquio.com.br\/en\/wp-json\/wp\/v2\/media?parent=5386"}],"wp:term":[{"taxonomy":"category","embeddable":true,"href":"https:\/\/www.padreeustaquio.com.br\/en\/wp-json\/wp\/v2\/categories?post=5386"},{"taxonomy":"post_tag","embeddable":true,"href":"https:\/\/www.padreeustaquio.com.br\/en\/wp-json\/wp\/v2\/tags?post=5386"}],"curies":[{"name":"wp","href":"https:\/\/api.w.org\/{rel}","templated":true}]}}