{"id":5352,"date":"2021-03-29T07:53:34","date_gmt":"2021-03-29T10:53:34","guid":{"rendered":"https:\/\/www.padreeustaquio.com.br\/?p=5352"},"modified":"2021-03-28T18:11:35","modified_gmt":"2021-03-28T21:11:35","slug":"holy-week-2021-check-out-the-schedule-for-father-eustaquios-church","status":"publish","type":"post","link":"https:\/\/www.padreeustaquio.com.br\/en\/holy-week-2021-check-out-the-schedule-for-father-eustaquios-church\/","title":{"rendered":"HOLY WEEK 2021 \u2013 Check out the schedule for Padre Eust\u00e1quio&#039;s church"},"content":{"rendered":"<p>Holy Week is the central moment of our liturgy and the most important week of the liturgical year, when the mysteries of the passion, death, and resurrection of Jesus Christ are celebrated in a special way. This year, due to the Coronavirus pandemic, all celebrations at the Sanctuary of Health and Peace, the church of Blessed Father Eustace, are being broadcast live. <a href=\"https:\/\/www.padreeustaquio.com.br\/en\/transmissoes\/\">here on the website<\/a> and by <a href=\"https:\/\/www.youtube.com\/channel\/UCRhw7vfabnajwLxb1ZXMeIw\">Padre Eust\u00e1quio Channel<\/a> on YouTube, with no worshippers present.<\/p>\n<p>To help you and your family plan and celebrate Holy Week 2021 with us, we have listed below the celebrations and the times they will be held:<\/p>\n<p><strong>Holy Week 2021<\/strong><br \/>\n\u2013 Holy Monday \u2013 <em>Mass at 7 PM<\/em><br \/>\n\u2013 Holy Tuesday \u2013 <em>Mass at 7 PM<\/em><br \/>\nHoly Wednesday <em>Mass at 7 PM<\/em><br \/>\n\u2013 Holy Thursday \u2013 <em>Institution of the Eucharist at 6 PM<\/em><br \/>\nGood Friday <em>Solemn Liturgical Service at 3 PM and Funeral Sermon at 6 PM<\/em><br \/>\nHoly Saturday <em>Easter Vigil at 6 PM<\/em><br \/>\nEaster Sunday <em>Masses at 10 AM and 6 PM<\/em><\/p>\n<p>Actively participate this week and share the broadcast links with your friends and family. Let&#039;s experience this important moment of our faith together, asking God, through the intercession of Father Eust\u00e1quio, to remove this pandemic from us, healing the sick and comforting those who have lost friends and relatives.<\/p>\n<p>Happy Easter, Happy Resurrection!<\/p>","protected":false},"excerpt":{"rendered":"<p>A Semana Santa \u00e9 o momento central da nossa liturgia e \u00e9 a semana mais importante do ano lit\u00fargico, quando se celebram de modo especial os mist\u00e9rios da paix\u00e3o, morte e ressurrei\u00e7\u00e3o de Jesus Cristo. Este ano, por causa da pandemia provocada pelo Coronav\u00edrus, todas as celebra\u00e7\u00f5es do Santu\u00e1rio da Sa\u00fade e Paz, a igreja do Beato Padre Eust\u00e1quio, est\u00e3o sendo transmitidas ao vivo aqui pelo site e pelo Canal Padre Eust\u00e1quio no YouTube, n\u00e3o havendo a presen\u00e7a de fi\u00e9is. Para que voc\u00ea e sua fam\u00edlia se programem e celebrem conosco a Semana Santa 2021 listamos, abaixo, as celebra\u00e7\u00f5es e [&hellip;]<\/p>\n","protected":false},"author":2,"featured_media":5062,"comment_status":"open","ping_status":"closed","sticky":false,"template":"","format":"standard","meta":{"_acf_changed":false,"footnotes":""},"categories":[611],"tags":[],"class_list":["post-5352","post","type-post","status-publish","format-standard","has-post-thumbnail","hentry","category-noticias"],"acf":[],"yoast_head":"<!-- This site is optimized with the Yoast SEO plugin v27.2 - https:\/\/yoast.com\/product\/yoast-seo-wordpress\/ -->\n<title>SEMANA SANTA 2021 - Confira a programa\u00e7\u00e3o da igreja do Padre Eust\u00e1quio - Padre Eust\u00e1quio<\/title>\n<meta name=\"robots\" content=\"index, follow, max-snippet:-1, max-image-preview:large, max-video-preview:-1\" \/>\n<link rel=\"canonical\" href=\"https:\/\/www.padreeustaquio.com.br\/en\/holy-week-2021-check-out-the-schedule-for-father-eustaquios-church\/\" \/>\n<meta property=\"og:locale\" content=\"en_US\" \/>\n<meta property=\"og:type\" content=\"article\" \/>\n<meta property=\"og:title\" content=\"SEMANA SANTA 2021 - Confira a programa\u00e7\u00e3o da igreja do Padre Eust\u00e1quio - Padre Eust\u00e1quio\" \/>\n<meta property=\"og:description\" content=\"A Semana Santa \u00e9 o momento central da nossa liturgia e \u00e9 a semana mais importante do ano lit\u00fargico, quando se celebram de modo especial os mist\u00e9rios da paix\u00e3o, morte e ressurrei\u00e7\u00e3o de Jesus Cristo. Este ano, por causa da pandemia provocada pelo Coronav\u00edrus, todas as celebra\u00e7\u00f5es do Santu\u00e1rio da Sa\u00fade e Paz, a igreja do Beato Padre Eust\u00e1quio, est\u00e3o sendo transmitidas ao vivo aqui pelo site e pelo Canal Padre Eust\u00e1quio no YouTube, n\u00e3o havendo a presen\u00e7a de fi\u00e9is. Para que voc\u00ea e sua fam\u00edlia se programem e celebrem conosco a Semana Santa 2021 listamos, abaixo, as celebra\u00e7\u00f5es e [&hellip;]\" \/>\n<meta property=\"og:url\" content=\"https:\/\/www.padreeustaquio.com.br\/en\/holy-week-2021-check-out-the-schedule-for-father-eustaquios-church\/\" \/>\n<meta property=\"og:site_name\" content=\"Padre Eust\u00e1quio\" \/>\n<meta property=\"article:publisher\" content=\"https:\/\/www.facebook.com\/beatopadreeustaquio\/\" \/>\n<meta property=\"article:published_time\" content=\"2021-03-29T10:53:34+00:00\" \/>\n<meta property=\"og:image\" content=\"https:\/\/www.padreeustaquio.com.br\/wp-content\/uploads\/2021\/02\/Via-sacra-e1613341117250.jpeg\" \/>\n\t<meta property=\"og:image:width\" content=\"985\" \/>\n\t<meta property=\"og:image:height\" content=\"552\" \/>\n\t<meta property=\"og:image:type\" content=\"image\/jpeg\" \/>\n<meta name=\"author\" content=\"@sscc\" \/>\n<meta name=\"twitter:card\" content=\"summary_large_image\" \/>\n<meta name=\"twitter:creator\" content=\"@beatopeustaquio\" \/>\n<meta name=\"twitter:site\" content=\"@beatopeustaquio\" \/>\n<meta name=\"twitter:label1\" content=\"Written by\" \/>\n\t<meta name=\"twitter:data1\" content=\"@sscc\" \/>\n\t<meta name=\"twitter:label2\" content=\"Est. reading time\" \/>\n\t<meta name=\"twitter:data2\" content=\"1 minute\" \/>\n<script type=\"application\/ld+json\" class=\"yoast-schema-graph\">{\"@context\":\"https:\/\/schema.org\",\"@graph\":[{\"@type\":\"Article\",\"@id\":\"https:\/\/www.padreeustaquio.com.br\/semana-santa-2021-confira-a-programacao-da-igreja-do-padre-eustaquio\/#article\",\"isPartOf\":{\"@id\":\"https:\/\/www.padreeustaquio.com.br\/semana-santa-2021-confira-a-programacao-da-igreja-do-padre-eustaquio\/\"},\"author\":{\"name\":\"@sscc\",\"@id\":\"https:\/\/www.padreeustaquio.com.br\/#\/schema\/person\/a2a51db1d00f1a7af0204a0f1ddb1566\"},\"headline\":\"SEMANA SANTA 2021 &#8211; Confira a programa\u00e7\u00e3o da igreja do Padre Eust\u00e1quio\",\"datePublished\":\"2021-03-29T10:53:34+00:00\",\"mainEntityOfPage\":{\"@id\":\"https:\/\/www.padreeustaquio.com.br\/semana-santa-2021-confira-a-programacao-da-igreja-do-padre-eustaquio\/\"},\"wordCount\":274,\"commentCount\":0,\"publisher\":{\"@id\":\"https:\/\/www.padreeustaquio.com.br\/#organization\"},\"image\":{\"@id\":\"https:\/\/www.padreeustaquio.com.br\/semana-santa-2021-confira-a-programacao-da-igreja-do-padre-eustaquio\/#primaryimage\"},\"thumbnailUrl\":\"https:\/\/www.padreeustaquio.com.br\/wp-content\/uploads\/2021\/02\/Via-sacra-e1613341117250.jpeg\",\"articleSection\":[\"Not\u00edcias\"],\"inLanguage\":\"en-US\",\"potentialAction\":[{\"@type\":\"CommentAction\",\"name\":\"Comment\",\"target\":[\"https:\/\/www.padreeustaquio.com.br\/semana-santa-2021-confira-a-programacao-da-igreja-do-padre-eustaquio\/#respond\"]}]},{\"@type\":\"WebPage\",\"@id\":\"https:\/\/www.padreeustaquio.com.br\/semana-santa-2021-confira-a-programacao-da-igreja-do-padre-eustaquio\/\",\"url\":\"https:\/\/www.padreeustaquio.com.br\/semana-santa-2021-confira-a-programacao-da-igreja-do-padre-eustaquio\/\",\"name\":\"SEMANA SANTA 2021 - Confira a programa\u00e7\u00e3o da igreja do Padre Eust\u00e1quio - Padre Eust\u00e1quio\",\"isPartOf\":{\"@id\":\"https:\/\/www.padreeustaquio.com.br\/#website\"},\"primaryImageOfPage\":{\"@id\":\"https:\/\/www.padreeustaquio.com.br\/semana-santa-2021-confira-a-programacao-da-igreja-do-padre-eustaquio\/#primaryimage\"},\"image\":{\"@id\":\"https:\/\/www.padreeustaquio.com.br\/semana-santa-2021-confira-a-programacao-da-igreja-do-padre-eustaquio\/#primaryimage\"},\"thumbnailUrl\":\"https:\/\/www.padreeustaquio.com.br\/wp-content\/uploads\/2021\/02\/Via-sacra-e1613341117250.jpeg\",\"datePublished\":\"2021-03-29T10:53:34+00:00\",\"breadcrumb\":{\"@id\":\"https:\/\/www.padreeustaquio.com.br\/semana-santa-2021-confira-a-programacao-da-igreja-do-padre-eustaquio\/#breadcrumb\"},\"inLanguage\":\"en-US\",\"potentialAction\":[{\"@type\":\"ReadAction\",\"target\":[\"https:\/\/www.padreeustaquio.com.br\/semana-santa-2021-confira-a-programacao-da-igreja-do-padre-eustaquio\/\"]}]},{\"@type\":\"ImageObject\",\"inLanguage\":\"en-US\",\"@id\":\"https:\/\/www.padreeustaquio.com.br\/semana-santa-2021-confira-a-programacao-da-igreja-do-padre-eustaquio\/#primaryimage\",\"url\":\"https:\/\/www.padreeustaquio.com.br\/wp-content\/uploads\/2021\/02\/Via-sacra-e1613341117250.jpeg\",\"contentUrl\":\"https:\/\/www.padreeustaquio.com.br\/wp-content\/uploads\/2021\/02\/Via-sacra-e1613341117250.jpeg\",\"width\":985,\"height\":552},{\"@type\":\"BreadcrumbList\",\"@id\":\"https:\/\/www.padreeustaquio.com.br\/semana-santa-2021-confira-a-programacao-da-igreja-do-padre-eustaquio\/#breadcrumb\",\"itemListElement\":[{\"@type\":\"ListItem\",\"position\":1,\"name\":\"In\u00edcio\",\"item\":\"https:\/\/www.padreeustaquio.com.br\/\"},{\"@type\":\"ListItem\",\"position\":2,\"name\":\"SEMANA SANTA 2021 &#8211; Confira a programa\u00e7\u00e3o da igreja do Padre Eust\u00e1quio\"}]},{\"@type\":\"WebSite\",\"@id\":\"https:\/\/www.padreeustaquio.com.br\/#website\",\"url\":\"https:\/\/www.padreeustaquio.com.br\/\",\"name\":\"Padre Eust\u00e1quio\",\"description\":\"Sa\u00fade e Paz\",\"publisher\":{\"@id\":\"https:\/\/www.padreeustaquio.com.br\/#organization\"},\"potentialAction\":[{\"@type\":\"SearchAction\",\"target\":{\"@type\":\"EntryPoint\",\"urlTemplate\":\"https:\/\/www.padreeustaquio.com.br\/?s={search_term_string}\"},\"query-input\":{\"@type\":\"PropertyValueSpecification\",\"valueRequired\":true,\"valueName\":\"search_term_string\"}}],\"inLanguage\":\"en-US\"},{\"@type\":\"Organization\",\"@id\":\"https:\/\/www.padreeustaquio.com.br\/#organization\",\"name\":\"Padre Eust\u00e1quio\",\"url\":\"https:\/\/www.padreeustaquio.com.br\/\",\"logo\":{\"@type\":\"ImageObject\",\"inLanguage\":\"en-US\",\"@id\":\"https:\/\/www.padreeustaquio.com.br\/#\/schema\/logo\/image\/\",\"url\":\"https:\/\/www.padreeustaquio.com.br\/wp-content\/uploads\/2019\/08\/marca.png\",\"contentUrl\":\"https:\/\/www.padreeustaquio.com.br\/wp-content\/uploads\/2019\/08\/marca.png\",\"width\":350,\"height\":400,\"caption\":\"Padre Eust\u00e1quio\"},\"image\":{\"@id\":\"https:\/\/www.padreeustaquio.com.br\/#\/schema\/logo\/image\/\"},\"sameAs\":[\"https:\/\/www.facebook.com\/beatopadreeustaquio\/\",\"https:\/\/x.com\/beatopeustaquio\",\"https:\/\/www.instagram.com\/beatopadreeustaquio\/\",\"https:\/\/www.youtube.com\/channel\/UCRhw7vfabnajwLxb1ZXMeIw\"]},{\"@type\":\"Person\",\"@id\":\"https:\/\/www.padreeustaquio.com.br\/#\/schema\/person\/a2a51db1d00f1a7af0204a0f1ddb1566\",\"name\":\"@sscc\",\"image\":{\"@type\":\"ImageObject\",\"inLanguage\":\"en-US\",\"@id\":\"https:\/\/secure.gravatar.com\/avatar\/68cfafa5f44617fea54071e215026e0ff06be366c3d54a8425f04fdcb86f8c5f?s=96&d=mm&r=g\",\"url\":\"https:\/\/secure.gravatar.com\/avatar\/68cfafa5f44617fea54071e215026e0ff06be366c3d54a8425f04fdcb86f8c5f?s=96&d=mm&r=g\",\"contentUrl\":\"https:\/\/secure.gravatar.com\/avatar\/68cfafa5f44617fea54071e215026e0ff06be366c3d54a8425f04fdcb86f8c5f?s=96&d=mm&r=g\",\"caption\":\"@sscc\"},\"url\":\"https:\/\/www.padreeustaquio.com.br\/en\/author\/sscc\/\"}]}<\/script>\n<!-- \/ Yoast SEO plugin. -->","yoast_head_json":{"title":"HOLY WEEK 2021 - Check the schedule for the Padre Eust\u00e1quio church - Padre Eust\u00e1quio","robots":{"index":"index","follow":"follow","max-snippet":"max-snippet:-1","max-image-preview":"max-image-preview:large","max-video-preview":"max-video-preview:-1"},"canonical":"https:\/\/www.padreeustaquio.com.br\/en\/holy-week-2021-check-out-the-schedule-for-father-eustaquios-church\/","og_locale":"en_US","og_type":"article","og_title":"SEMANA SANTA 2021 - Confira a programa\u00e7\u00e3o da igreja do Padre Eust\u00e1quio - Padre Eust\u00e1quio","og_description":"A Semana Santa \u00e9 o momento central da nossa liturgia e \u00e9 a semana mais importante do ano lit\u00fargico, quando se celebram de modo especial os mist\u00e9rios da paix\u00e3o, morte e ressurrei\u00e7\u00e3o de Jesus Cristo. Este ano, por causa da pandemia provocada pelo Coronav\u00edrus, todas as celebra\u00e7\u00f5es do Santu\u00e1rio da Sa\u00fade e Paz, a igreja do Beato Padre Eust\u00e1quio, est\u00e3o sendo transmitidas ao vivo aqui pelo site e pelo Canal Padre Eust\u00e1quio no YouTube, n\u00e3o havendo a presen\u00e7a de fi\u00e9is. Para que voc\u00ea e sua fam\u00edlia se programem e celebrem conosco a Semana Santa 2021 listamos, abaixo, as celebra\u00e7\u00f5es e [&hellip;]","og_url":"https:\/\/www.padreeustaquio.com.br\/en\/holy-week-2021-check-out-the-schedule-for-father-eustaquios-church\/","og_site_name":"Padre Eust\u00e1quio","article_publisher":"https:\/\/www.facebook.com\/beatopadreeustaquio\/","article_published_time":"2021-03-29T10:53:34+00:00","og_image":[{"width":985,"height":552,"url":"https:\/\/www.padreeustaquio.com.br\/wp-content\/uploads\/2021\/02\/Via-sacra-e1613341117250.jpeg","type":"image\/jpeg"}],"author":"@sscc","twitter_card":"summary_large_image","twitter_creator":"@beatopeustaquio","twitter_site":"@beatopeustaquio","twitter_misc":{"Written by":"@sscc","Est. reading time":"1 minute"},"schema":{"@context":"https:\/\/schema.org","@graph":[{"@type":"Article","@id":"https:\/\/www.padreeustaquio.com.br\/semana-santa-2021-confira-a-programacao-da-igreja-do-padre-eustaquio\/#article","isPartOf":{"@id":"https:\/\/www.padreeustaquio.com.br\/semana-santa-2021-confira-a-programacao-da-igreja-do-padre-eustaquio\/"},"author":{"name":"@sscc","@id":"https:\/\/www.padreeustaquio.com.br\/#\/schema\/person\/a2a51db1d00f1a7af0204a0f1ddb1566"},"headline":"SEMANA SANTA 2021 &#8211; Confira a programa\u00e7\u00e3o da igreja do Padre Eust\u00e1quio","datePublished":"2021-03-29T10:53:34+00:00","mainEntityOfPage":{"@id":"https:\/\/www.padreeustaquio.com.br\/semana-santa-2021-confira-a-programacao-da-igreja-do-padre-eustaquio\/"},"wordCount":274,"commentCount":0,"publisher":{"@id":"https:\/\/www.padreeustaquio.com.br\/#organization"},"image":{"@id":"https:\/\/www.padreeustaquio.com.br\/semana-santa-2021-confira-a-programacao-da-igreja-do-padre-eustaquio\/#primaryimage"},"thumbnailUrl":"https:\/\/www.padreeustaquio.com.br\/wp-content\/uploads\/2021\/02\/Via-sacra-e1613341117250.jpeg","articleSection":["Not\u00edcias"],"inLanguage":"en-US","potentialAction":[{"@type":"CommentAction","name":"Comment","target":["https:\/\/www.padreeustaquio.com.br\/semana-santa-2021-confira-a-programacao-da-igreja-do-padre-eustaquio\/#respond"]}]},{"@type":"WebPage","@id":"https:\/\/www.padreeustaquio.com.br\/semana-santa-2021-confira-a-programacao-da-igreja-do-padre-eustaquio\/","url":"https:\/\/www.padreeustaquio.com.br\/semana-santa-2021-confira-a-programacao-da-igreja-do-padre-eustaquio\/","name":"HOLY WEEK 2021 - Check the schedule for the Padre Eust\u00e1quio church - Padre Eust\u00e1quio","isPartOf":{"@id":"https:\/\/www.padreeustaquio.com.br\/#website"},"primaryImageOfPage":{"@id":"https:\/\/www.padreeustaquio.com.br\/semana-santa-2021-confira-a-programacao-da-igreja-do-padre-eustaquio\/#primaryimage"},"image":{"@id":"https:\/\/www.padreeustaquio.com.br\/semana-santa-2021-confira-a-programacao-da-igreja-do-padre-eustaquio\/#primaryimage"},"thumbnailUrl":"https:\/\/www.padreeustaquio.com.br\/wp-content\/uploads\/2021\/02\/Via-sacra-e1613341117250.jpeg","datePublished":"2021-03-29T10:53:34+00:00","breadcrumb":{"@id":"https:\/\/www.padreeustaquio.com.br\/semana-santa-2021-confira-a-programacao-da-igreja-do-padre-eustaquio\/#breadcrumb"},"inLanguage":"en-US","potentialAction":[{"@type":"ReadAction","target":["https:\/\/www.padreeustaquio.com.br\/semana-santa-2021-confira-a-programacao-da-igreja-do-padre-eustaquio\/"]}]},{"@type":"ImageObject","inLanguage":"en-US","@id":"https:\/\/www.padreeustaquio.com.br\/semana-santa-2021-confira-a-programacao-da-igreja-do-padre-eustaquio\/#primaryimage","url":"https:\/\/www.padreeustaquio.com.br\/wp-content\/uploads\/2021\/02\/Via-sacra-e1613341117250.jpeg","contentUrl":"https:\/\/www.padreeustaquio.com.br\/wp-content\/uploads\/2021\/02\/Via-sacra-e1613341117250.jpeg","width":985,"height":552},{"@type":"BreadcrumbList","@id":"https:\/\/www.padreeustaquio.com.br\/semana-santa-2021-confira-a-programacao-da-igreja-do-padre-eustaquio\/#breadcrumb","itemListElement":[{"@type":"ListItem","position":1,"name":"In\u00edcio","item":"https:\/\/www.padreeustaquio.com.br\/"},{"@type":"ListItem","position":2,"name":"SEMANA SANTA 2021 &#8211; Confira a programa\u00e7\u00e3o da igreja do Padre Eust\u00e1quio"}]},{"@type":"WebSite","@id":"https:\/\/www.padreeustaquio.com.br\/#website","url":"https:\/\/www.padreeustaquio.com.br\/","name":"FATHER EUST\u00c1QUIO","description":"Health and Peace","publisher":{"@id":"https:\/\/www.padreeustaquio.com.br\/#organization"},"potentialAction":[{"@type":"SearchAction","target":{"@type":"EntryPoint","urlTemplate":"https:\/\/www.padreeustaquio.com.br\/?s={search_term_string}"},"query-input":{"@type":"PropertyValueSpecification","valueRequired":true,"valueName":"search_term_string"}}],"inLanguage":"en-US"},{"@type":"Organization","@id":"https:\/\/www.padreeustaquio.com.br\/#organization","name":"FATHER EUST\u00c1QUIO","url":"https:\/\/www.padreeustaquio.com.br\/","logo":{"@type":"ImageObject","inLanguage":"en-US","@id":"https:\/\/www.padreeustaquio.com.br\/#\/schema\/logo\/image\/","url":"https:\/\/www.padreeustaquio.com.br\/wp-content\/uploads\/2019\/08\/marca.png","contentUrl":"https:\/\/www.padreeustaquio.com.br\/wp-content\/uploads\/2019\/08\/marca.png","width":350,"height":400,"caption":"Padre Eust\u00e1quio"},"image":{"@id":"https:\/\/www.padreeustaquio.com.br\/#\/schema\/logo\/image\/"},"sameAs":["https:\/\/www.facebook.com\/beatopadreeustaquio\/","https:\/\/x.com\/beatopeustaquio","https:\/\/www.instagram.com\/beatopadreeustaquio\/","https:\/\/www.youtube.com\/channel\/UCRhw7vfabnajwLxb1ZXMeIw"]},{"@type":"Person","@id":"https:\/\/www.padreeustaquio.com.br\/#\/schema\/person\/a2a51db1d00f1a7af0204a0f1ddb1566","name":"@sscc","image":{"@type":"ImageObject","inLanguage":"en-US","@id":"https:\/\/secure.gravatar.com\/avatar\/68cfafa5f44617fea54071e215026e0ff06be366c3d54a8425f04fdcb86f8c5f?s=96&d=mm&r=g","url":"https:\/\/secure.gravatar.com\/avatar\/68cfafa5f44617fea54071e215026e0ff06be366c3d54a8425f04fdcb86f8c5f?s=96&d=mm&r=g","contentUrl":"https:\/\/secure.gravatar.com\/avatar\/68cfafa5f44617fea54071e215026e0ff06be366c3d54a8425f04fdcb86f8c5f?s=96&d=mm&r=g","caption":"@sscc"},"url":"https:\/\/www.padreeustaquio.com.br\/en\/author\/sscc\/"}]}},"_links":{"self":[{"href":"https:\/\/www.padreeustaquio.com.br\/en\/wp-json\/wp\/v2\/posts\/5352","targetHints":{"allow":["GET"]}}],"collection":[{"href":"https:\/\/www.padreeustaquio.com.br\/en\/wp-json\/wp\/v2\/posts"}],"about":[{"href":"https:\/\/www.padreeustaquio.com.br\/en\/wp-json\/wp\/v2\/types\/post"}],"author":[{"embeddable":true,"href":"https:\/\/www.padreeustaquio.com.br\/en\/wp-json\/wp\/v2\/users\/2"}],"replies":[{"embeddable":true,"href":"https:\/\/www.padreeustaquio.com.br\/en\/wp-json\/wp\/v2\/comments?post=5352"}],"version-history":[{"count":0,"href":"https:\/\/www.padreeustaquio.com.br\/en\/wp-json\/wp\/v2\/posts\/5352\/revisions"}],"wp:featuredmedia":[{"embeddable":true,"href":"https:\/\/www.padreeustaquio.com.br\/en\/wp-json\/wp\/v2\/media\/5062"}],"wp:attachment":[{"href":"https:\/\/www.padreeustaquio.com.br\/en\/wp-json\/wp\/v2\/media?parent=5352"}],"wp:term":[{"taxonomy":"category","embeddable":true,"href":"https:\/\/www.padreeustaquio.com.br\/en\/wp-json\/wp\/v2\/categories?post=5352"},{"taxonomy":"post_tag","embeddable":true,"href":"https:\/\/www.padreeustaquio.com.br\/en\/wp-json\/wp\/v2\/tags?post=5352"}],"curies":[{"name":"wp","href":"https:\/\/api.w.org\/{rel}","templated":true}]}}