{"id":5334,"date":"2021-03-25T10:57:25","date_gmt":"2021-03-25T13:57:25","guid":{"rendered":"https:\/\/www.padreeustaquio.com.br\/?p=5334"},"modified":"2021-03-25T12:15:10","modified_gmt":"2021-03-25T15:15:10","slug":"300000-dead-solidarity-with-the-victims-of-covid-19-and-their-families","status":"publish","type":"post","link":"https:\/\/www.padreeustaquio.com.br\/en\/300000-dead-solidarity-with-the-victims-of-covid-19-and-their-families\/","title":{"rendered":"300,000 DEAD \u2013 Solidarity with the victims of Covid-19 and their families."},"content":{"rendered":"<p>Brazil has surpassed the mark of 300 lives lost to the Coronavirus and is currently experiencing its worst moment since the beginning of the pandemic. Yesterday alone, March 24th, 90,504 new cases of the disease were diagnosed and 2,244 deaths were reported. Vaccination has already begun, but the number of people vaccinated is still too small to alleviate this situation.<\/p>\n<p>As a community, we have a duty to care for ourselves and others. Maintain all necessary precautions to prevent the spread of the disease. Avoid leaving home unless necessary; when you do go out, wear a mask and always sanitize your hands with soap and water or hand sanitizer. We will get through this, but everyone&#039;s cooperation is needed.<\/p>\n<p>We stand in solidarity with all those who have lost acquaintances, friends, and family members to this terrible disease, and with those who are currently in hospital beds and ICUs seeking recovery. May God, through the intercession of Blessed Father Eustace, bring a breath of life and faith to each of them.<\/p>\n<p>Let us pray together for health and peace during this devastating time.<\/p>\n<blockquote><p>\u201c&quot;Oh Jesus, by the blood you shed, and by the tears of your most holy mother.&quot;.<br \/>\n&quot;Give sight to the blind, walking to the lame, health to the sick, and peace to all who suffer and are in pain.&quot;\u201d<\/p><\/blockquote>","protected":false},"excerpt":{"rendered":"<p>O Brasil ultrapassou a marca de 300 vidas perdidas para o Cornonav\u00edrus e vive atualmente o pior momento desde o in\u00edcio da Pandemia. S\u00f3 ontem, 24 de mar\u00e7o, foram diagnosticados 90.504 novos casos da doen\u00e7a e 2.244 mortes. A vacina\u00e7\u00e3o j\u00e1 come\u00e7ou, mas o n\u00famero de vacinados ainda \u00e9 pequeno para aliviar essa realidade. Como comunidade temos o dever de cuidar da gente e do pr\u00f3ximo. Mantenha todos os cuidados necess\u00e1rios para evitar a prolifera\u00e7\u00e3o da doen\u00e7a. Evite sair de casa se n\u00e3o for necess\u00e1rio, quando sair use a m\u00e1scara e sempre higienize as m\u00e3os com \u00e1gua e sab\u00e3o ou [&hellip;]<\/p>\n","protected":false},"author":2,"featured_media":5337,"comment_status":"open","ping_status":"closed","sticky":false,"template":"","format":"standard","meta":{"_acf_changed":false,"footnotes":""},"categories":[611],"tags":[],"class_list":["post-5334","post","type-post","status-publish","format-standard","has-post-thumbnail","hentry","category-noticias"],"acf":[],"yoast_head":"<!-- This site is optimized with the Yoast SEO plugin v27.2 - https:\/\/yoast.com\/product\/yoast-seo-wordpress\/ -->\n<title>300 MIL MORTOS - Solidariedade \u00e0s v\u00edtimas da Covid-19 e aos seus familiares - Padre Eust\u00e1quio<\/title>\n<meta name=\"robots\" content=\"index, follow, max-snippet:-1, max-image-preview:large, max-video-preview:-1\" \/>\n<link rel=\"canonical\" href=\"https:\/\/www.padreeustaquio.com.br\/en\/300000-dead-solidarity-with-the-victims-of-covid-19-and-their-families\/\" \/>\n<meta property=\"og:locale\" content=\"en_US\" \/>\n<meta property=\"og:type\" content=\"article\" \/>\n<meta property=\"og:title\" content=\"300 MIL MORTOS - Solidariedade \u00e0s v\u00edtimas da Covid-19 e aos seus familiares - Padre Eust\u00e1quio\" \/>\n<meta property=\"og:description\" content=\"O Brasil ultrapassou a marca de 300 vidas perdidas para o Cornonav\u00edrus e vive atualmente o pior momento desde o in\u00edcio da Pandemia. S\u00f3 ontem, 24 de mar\u00e7o, foram diagnosticados 90.504 novos casos da doen\u00e7a e 2.244 mortes. A vacina\u00e7\u00e3o j\u00e1 come\u00e7ou, mas o n\u00famero de vacinados ainda \u00e9 pequeno para aliviar essa realidade. Como comunidade temos o dever de cuidar da gente e do pr\u00f3ximo. Mantenha todos os cuidados necess\u00e1rios para evitar a prolifera\u00e7\u00e3o da doen\u00e7a. Evite sair de casa se n\u00e3o for necess\u00e1rio, quando sair use a m\u00e1scara e sempre higienize as m\u00e3os com \u00e1gua e sab\u00e3o ou [&hellip;]\" \/>\n<meta property=\"og:url\" content=\"https:\/\/www.padreeustaquio.com.br\/en\/300000-dead-solidarity-with-the-victims-of-covid-19-and-their-families\/\" \/>\n<meta property=\"og:site_name\" content=\"Padre Eust\u00e1quio\" \/>\n<meta property=\"article:publisher\" content=\"https:\/\/www.facebook.com\/beatopadreeustaquio\/\" \/>\n<meta property=\"article:published_time\" content=\"2021-03-25T13:57:25+00:00\" \/>\n<meta property=\"article:modified_time\" content=\"2021-03-25T15:15:10+00:00\" \/>\n<meta property=\"og:image\" content=\"https:\/\/www.padreeustaquio.com.br\/wp-content\/uploads\/2021\/03\/LUTO-COVID-1.jpg\" \/>\n\t<meta property=\"og:image:width\" content=\"748\" \/>\n\t<meta property=\"og:image:height\" content=\"394\" \/>\n\t<meta property=\"og:image:type\" content=\"image\/jpeg\" \/>\n<meta name=\"author\" content=\"@sscc\" \/>\n<meta name=\"twitter:card\" content=\"summary_large_image\" \/>\n<meta name=\"twitter:creator\" content=\"@beatopeustaquio\" \/>\n<meta name=\"twitter:site\" content=\"@beatopeustaquio\" \/>\n<meta name=\"twitter:label1\" content=\"Written by\" \/>\n\t<meta name=\"twitter:data1\" content=\"@sscc\" \/>\n\t<meta name=\"twitter:label2\" content=\"Est. reading time\" \/>\n\t<meta name=\"twitter:data2\" content=\"1 minute\" \/>\n<script type=\"application\/ld+json\" class=\"yoast-schema-graph\">{\"@context\":\"https:\/\/schema.org\",\"@graph\":[{\"@type\":\"Article\",\"@id\":\"https:\/\/www.padreeustaquio.com.br\/300-mil-mortos-solidariedade-as-vitimas-da-covid-19-e-aos-seus-familiares\/#article\",\"isPartOf\":{\"@id\":\"https:\/\/www.padreeustaquio.com.br\/300-mil-mortos-solidariedade-as-vitimas-da-covid-19-e-aos-seus-familiares\/\"},\"author\":{\"name\":\"@sscc\",\"@id\":\"https:\/\/www.padreeustaquio.com.br\/#\/schema\/person\/a2a51db1d00f1a7af0204a0f1ddb1566\"},\"headline\":\"300 MIL MORTOS &#8211; Solidariedade \u00e0s v\u00edtimas da Covid-19 e aos seus familiares\",\"datePublished\":\"2021-03-25T13:57:25+00:00\",\"dateModified\":\"2021-03-25T15:15:10+00:00\",\"mainEntityOfPage\":{\"@id\":\"https:\/\/www.padreeustaquio.com.br\/300-mil-mortos-solidariedade-as-vitimas-da-covid-19-e-aos-seus-familiares\/\"},\"wordCount\":241,\"commentCount\":0,\"publisher\":{\"@id\":\"https:\/\/www.padreeustaquio.com.br\/#organization\"},\"image\":{\"@id\":\"https:\/\/www.padreeustaquio.com.br\/300-mil-mortos-solidariedade-as-vitimas-da-covid-19-e-aos-seus-familiares\/#primaryimage\"},\"thumbnailUrl\":\"https:\/\/www.padreeustaquio.com.br\/wp-content\/uploads\/2021\/03\/LUTO-COVID-1.jpg\",\"articleSection\":[\"Not\u00edcias\"],\"inLanguage\":\"en-US\",\"potentialAction\":[{\"@type\":\"CommentAction\",\"name\":\"Comment\",\"target\":[\"https:\/\/www.padreeustaquio.com.br\/300-mil-mortos-solidariedade-as-vitimas-da-covid-19-e-aos-seus-familiares\/#respond\"]}]},{\"@type\":\"WebPage\",\"@id\":\"https:\/\/www.padreeustaquio.com.br\/300-mil-mortos-solidariedade-as-vitimas-da-covid-19-e-aos-seus-familiares\/\",\"url\":\"https:\/\/www.padreeustaquio.com.br\/300-mil-mortos-solidariedade-as-vitimas-da-covid-19-e-aos-seus-familiares\/\",\"name\":\"300 MIL MORTOS - Solidariedade \u00e0s v\u00edtimas da Covid-19 e aos seus familiares - Padre Eust\u00e1quio\",\"isPartOf\":{\"@id\":\"https:\/\/www.padreeustaquio.com.br\/#website\"},\"primaryImageOfPage\":{\"@id\":\"https:\/\/www.padreeustaquio.com.br\/300-mil-mortos-solidariedade-as-vitimas-da-covid-19-e-aos-seus-familiares\/#primaryimage\"},\"image\":{\"@id\":\"https:\/\/www.padreeustaquio.com.br\/300-mil-mortos-solidariedade-as-vitimas-da-covid-19-e-aos-seus-familiares\/#primaryimage\"},\"thumbnailUrl\":\"https:\/\/www.padreeustaquio.com.br\/wp-content\/uploads\/2021\/03\/LUTO-COVID-1.jpg\",\"datePublished\":\"2021-03-25T13:57:25+00:00\",\"dateModified\":\"2021-03-25T15:15:10+00:00\",\"breadcrumb\":{\"@id\":\"https:\/\/www.padreeustaquio.com.br\/300-mil-mortos-solidariedade-as-vitimas-da-covid-19-e-aos-seus-familiares\/#breadcrumb\"},\"inLanguage\":\"en-US\",\"potentialAction\":[{\"@type\":\"ReadAction\",\"target\":[\"https:\/\/www.padreeustaquio.com.br\/300-mil-mortos-solidariedade-as-vitimas-da-covid-19-e-aos-seus-familiares\/\"]}]},{\"@type\":\"ImageObject\",\"inLanguage\":\"en-US\",\"@id\":\"https:\/\/www.padreeustaquio.com.br\/300-mil-mortos-solidariedade-as-vitimas-da-covid-19-e-aos-seus-familiares\/#primaryimage\",\"url\":\"https:\/\/www.padreeustaquio.com.br\/wp-content\/uploads\/2021\/03\/LUTO-COVID-1.jpg\",\"contentUrl\":\"https:\/\/www.padreeustaquio.com.br\/wp-content\/uploads\/2021\/03\/LUTO-COVID-1.jpg\",\"width\":748,\"height\":394},{\"@type\":\"BreadcrumbList\",\"@id\":\"https:\/\/www.padreeustaquio.com.br\/300-mil-mortos-solidariedade-as-vitimas-da-covid-19-e-aos-seus-familiares\/#breadcrumb\",\"itemListElement\":[{\"@type\":\"ListItem\",\"position\":1,\"name\":\"In\u00edcio\",\"item\":\"https:\/\/www.padreeustaquio.com.br\/\"},{\"@type\":\"ListItem\",\"position\":2,\"name\":\"300 MIL MORTOS &#8211; Solidariedade \u00e0s v\u00edtimas da Covid-19 e aos seus familiares\"}]},{\"@type\":\"WebSite\",\"@id\":\"https:\/\/www.padreeustaquio.com.br\/#website\",\"url\":\"https:\/\/www.padreeustaquio.com.br\/\",\"name\":\"Padre Eust\u00e1quio\",\"description\":\"Sa\u00fade e Paz\",\"publisher\":{\"@id\":\"https:\/\/www.padreeustaquio.com.br\/#organization\"},\"potentialAction\":[{\"@type\":\"SearchAction\",\"target\":{\"@type\":\"EntryPoint\",\"urlTemplate\":\"https:\/\/www.padreeustaquio.com.br\/?s={search_term_string}\"},\"query-input\":{\"@type\":\"PropertyValueSpecification\",\"valueRequired\":true,\"valueName\":\"search_term_string\"}}],\"inLanguage\":\"en-US\"},{\"@type\":\"Organization\",\"@id\":\"https:\/\/www.padreeustaquio.com.br\/#organization\",\"name\":\"Padre Eust\u00e1quio\",\"url\":\"https:\/\/www.padreeustaquio.com.br\/\",\"logo\":{\"@type\":\"ImageObject\",\"inLanguage\":\"en-US\",\"@id\":\"https:\/\/www.padreeustaquio.com.br\/#\/schema\/logo\/image\/\",\"url\":\"https:\/\/www.padreeustaquio.com.br\/wp-content\/uploads\/2019\/08\/marca.png\",\"contentUrl\":\"https:\/\/www.padreeustaquio.com.br\/wp-content\/uploads\/2019\/08\/marca.png\",\"width\":350,\"height\":400,\"caption\":\"Padre Eust\u00e1quio\"},\"image\":{\"@id\":\"https:\/\/www.padreeustaquio.com.br\/#\/schema\/logo\/image\/\"},\"sameAs\":[\"https:\/\/www.facebook.com\/beatopadreeustaquio\/\",\"https:\/\/x.com\/beatopeustaquio\",\"https:\/\/www.instagram.com\/beatopadreeustaquio\/\",\"https:\/\/www.youtube.com\/channel\/UCRhw7vfabnajwLxb1ZXMeIw\"]},{\"@type\":\"Person\",\"@id\":\"https:\/\/www.padreeustaquio.com.br\/#\/schema\/person\/a2a51db1d00f1a7af0204a0f1ddb1566\",\"name\":\"@sscc\",\"image\":{\"@type\":\"ImageObject\",\"inLanguage\":\"en-US\",\"@id\":\"https:\/\/secure.gravatar.com\/avatar\/68cfafa5f44617fea54071e215026e0ff06be366c3d54a8425f04fdcb86f8c5f?s=96&d=mm&r=g\",\"url\":\"https:\/\/secure.gravatar.com\/avatar\/68cfafa5f44617fea54071e215026e0ff06be366c3d54a8425f04fdcb86f8c5f?s=96&d=mm&r=g\",\"contentUrl\":\"https:\/\/secure.gravatar.com\/avatar\/68cfafa5f44617fea54071e215026e0ff06be366c3d54a8425f04fdcb86f8c5f?s=96&d=mm&r=g\",\"caption\":\"@sscc\"},\"url\":\"https:\/\/www.padreeustaquio.com.br\/en\/author\/sscc\/\"}]}<\/script>\n<!-- \/ Yoast SEO plugin. -->","yoast_head_json":{"title":"300,000 DEAD - Solidarity with the victims of Covid-19 and their families - Father Eust\u00e1quio","robots":{"index":"index","follow":"follow","max-snippet":"max-snippet:-1","max-image-preview":"max-image-preview:large","max-video-preview":"max-video-preview:-1"},"canonical":"https:\/\/www.padreeustaquio.com.br\/en\/300000-dead-solidarity-with-the-victims-of-covid-19-and-their-families\/","og_locale":"en_US","og_type":"article","og_title":"300 MIL MORTOS - Solidariedade \u00e0s v\u00edtimas da Covid-19 e aos seus familiares - Padre Eust\u00e1quio","og_description":"O Brasil ultrapassou a marca de 300 vidas perdidas para o Cornonav\u00edrus e vive atualmente o pior momento desde o in\u00edcio da Pandemia. S\u00f3 ontem, 24 de mar\u00e7o, foram diagnosticados 90.504 novos casos da doen\u00e7a e 2.244 mortes. A vacina\u00e7\u00e3o j\u00e1 come\u00e7ou, mas o n\u00famero de vacinados ainda \u00e9 pequeno para aliviar essa realidade. Como comunidade temos o dever de cuidar da gente e do pr\u00f3ximo. Mantenha todos os cuidados necess\u00e1rios para evitar a prolifera\u00e7\u00e3o da doen\u00e7a. Evite sair de casa se n\u00e3o for necess\u00e1rio, quando sair use a m\u00e1scara e sempre higienize as m\u00e3os com \u00e1gua e sab\u00e3o ou [&hellip;]","og_url":"https:\/\/www.padreeustaquio.com.br\/en\/300000-dead-solidarity-with-the-victims-of-covid-19-and-their-families\/","og_site_name":"Padre Eust\u00e1quio","article_publisher":"https:\/\/www.facebook.com\/beatopadreeustaquio\/","article_published_time":"2021-03-25T13:57:25+00:00","article_modified_time":"2021-03-25T15:15:10+00:00","og_image":[{"width":748,"height":394,"url":"https:\/\/www.padreeustaquio.com.br\/wp-content\/uploads\/2021\/03\/LUTO-COVID-1.jpg","type":"image\/jpeg"}],"author":"@sscc","twitter_card":"summary_large_image","twitter_creator":"@beatopeustaquio","twitter_site":"@beatopeustaquio","twitter_misc":{"Written by":"@sscc","Est. reading time":"1 minute"},"schema":{"@context":"https:\/\/schema.org","@graph":[{"@type":"Article","@id":"https:\/\/www.padreeustaquio.com.br\/300-mil-mortos-solidariedade-as-vitimas-da-covid-19-e-aos-seus-familiares\/#article","isPartOf":{"@id":"https:\/\/www.padreeustaquio.com.br\/300-mil-mortos-solidariedade-as-vitimas-da-covid-19-e-aos-seus-familiares\/"},"author":{"name":"@sscc","@id":"https:\/\/www.padreeustaquio.com.br\/#\/schema\/person\/a2a51db1d00f1a7af0204a0f1ddb1566"},"headline":"300 MIL MORTOS &#8211; Solidariedade \u00e0s v\u00edtimas da Covid-19 e aos seus familiares","datePublished":"2021-03-25T13:57:25+00:00","dateModified":"2021-03-25T15:15:10+00:00","mainEntityOfPage":{"@id":"https:\/\/www.padreeustaquio.com.br\/300-mil-mortos-solidariedade-as-vitimas-da-covid-19-e-aos-seus-familiares\/"},"wordCount":241,"commentCount":0,"publisher":{"@id":"https:\/\/www.padreeustaquio.com.br\/#organization"},"image":{"@id":"https:\/\/www.padreeustaquio.com.br\/300-mil-mortos-solidariedade-as-vitimas-da-covid-19-e-aos-seus-familiares\/#primaryimage"},"thumbnailUrl":"https:\/\/www.padreeustaquio.com.br\/wp-content\/uploads\/2021\/03\/LUTO-COVID-1.jpg","articleSection":["Not\u00edcias"],"inLanguage":"en-US","potentialAction":[{"@type":"CommentAction","name":"Comment","target":["https:\/\/www.padreeustaquio.com.br\/300-mil-mortos-solidariedade-as-vitimas-da-covid-19-e-aos-seus-familiares\/#respond"]}]},{"@type":"WebPage","@id":"https:\/\/www.padreeustaquio.com.br\/300-mil-mortos-solidariedade-as-vitimas-da-covid-19-e-aos-seus-familiares\/","url":"https:\/\/www.padreeustaquio.com.br\/300-mil-mortos-solidariedade-as-vitimas-da-covid-19-e-aos-seus-familiares\/","name":"300,000 DEAD - Solidarity with the victims of Covid-19 and their families - Father Eust\u00e1quio","isPartOf":{"@id":"https:\/\/www.padreeustaquio.com.br\/#website"},"primaryImageOfPage":{"@id":"https:\/\/www.padreeustaquio.com.br\/300-mil-mortos-solidariedade-as-vitimas-da-covid-19-e-aos-seus-familiares\/#primaryimage"},"image":{"@id":"https:\/\/www.padreeustaquio.com.br\/300-mil-mortos-solidariedade-as-vitimas-da-covid-19-e-aos-seus-familiares\/#primaryimage"},"thumbnailUrl":"https:\/\/www.padreeustaquio.com.br\/wp-content\/uploads\/2021\/03\/LUTO-COVID-1.jpg","datePublished":"2021-03-25T13:57:25+00:00","dateModified":"2021-03-25T15:15:10+00:00","breadcrumb":{"@id":"https:\/\/www.padreeustaquio.com.br\/300-mil-mortos-solidariedade-as-vitimas-da-covid-19-e-aos-seus-familiares\/#breadcrumb"},"inLanguage":"en-US","potentialAction":[{"@type":"ReadAction","target":["https:\/\/www.padreeustaquio.com.br\/300-mil-mortos-solidariedade-as-vitimas-da-covid-19-e-aos-seus-familiares\/"]}]},{"@type":"ImageObject","inLanguage":"en-US","@id":"https:\/\/www.padreeustaquio.com.br\/300-mil-mortos-solidariedade-as-vitimas-da-covid-19-e-aos-seus-familiares\/#primaryimage","url":"https:\/\/www.padreeustaquio.com.br\/wp-content\/uploads\/2021\/03\/LUTO-COVID-1.jpg","contentUrl":"https:\/\/www.padreeustaquio.com.br\/wp-content\/uploads\/2021\/03\/LUTO-COVID-1.jpg","width":748,"height":394},{"@type":"BreadcrumbList","@id":"https:\/\/www.padreeustaquio.com.br\/300-mil-mortos-solidariedade-as-vitimas-da-covid-19-e-aos-seus-familiares\/#breadcrumb","itemListElement":[{"@type":"ListItem","position":1,"name":"In\u00edcio","item":"https:\/\/www.padreeustaquio.com.br\/"},{"@type":"ListItem","position":2,"name":"300 MIL MORTOS &#8211; Solidariedade \u00e0s v\u00edtimas da Covid-19 e aos seus familiares"}]},{"@type":"WebSite","@id":"https:\/\/www.padreeustaquio.com.br\/#website","url":"https:\/\/www.padreeustaquio.com.br\/","name":"FATHER EUST\u00c1QUIO","description":"Health and Peace","publisher":{"@id":"https:\/\/www.padreeustaquio.com.br\/#organization"},"potentialAction":[{"@type":"SearchAction","target":{"@type":"EntryPoint","urlTemplate":"https:\/\/www.padreeustaquio.com.br\/?s={search_term_string}"},"query-input":{"@type":"PropertyValueSpecification","valueRequired":true,"valueName":"search_term_string"}}],"inLanguage":"en-US"},{"@type":"Organization","@id":"https:\/\/www.padreeustaquio.com.br\/#organization","name":"FATHER EUST\u00c1QUIO","url":"https:\/\/www.padreeustaquio.com.br\/","logo":{"@type":"ImageObject","inLanguage":"en-US","@id":"https:\/\/www.padreeustaquio.com.br\/#\/schema\/logo\/image\/","url":"https:\/\/www.padreeustaquio.com.br\/wp-content\/uploads\/2019\/08\/marca.png","contentUrl":"https:\/\/www.padreeustaquio.com.br\/wp-content\/uploads\/2019\/08\/marca.png","width":350,"height":400,"caption":"Padre Eust\u00e1quio"},"image":{"@id":"https:\/\/www.padreeustaquio.com.br\/#\/schema\/logo\/image\/"},"sameAs":["https:\/\/www.facebook.com\/beatopadreeustaquio\/","https:\/\/x.com\/beatopeustaquio","https:\/\/www.instagram.com\/beatopadreeustaquio\/","https:\/\/www.youtube.com\/channel\/UCRhw7vfabnajwLxb1ZXMeIw"]},{"@type":"Person","@id":"https:\/\/www.padreeustaquio.com.br\/#\/schema\/person\/a2a51db1d00f1a7af0204a0f1ddb1566","name":"@sscc","image":{"@type":"ImageObject","inLanguage":"en-US","@id":"https:\/\/secure.gravatar.com\/avatar\/68cfafa5f44617fea54071e215026e0ff06be366c3d54a8425f04fdcb86f8c5f?s=96&d=mm&r=g","url":"https:\/\/secure.gravatar.com\/avatar\/68cfafa5f44617fea54071e215026e0ff06be366c3d54a8425f04fdcb86f8c5f?s=96&d=mm&r=g","contentUrl":"https:\/\/secure.gravatar.com\/avatar\/68cfafa5f44617fea54071e215026e0ff06be366c3d54a8425f04fdcb86f8c5f?s=96&d=mm&r=g","caption":"@sscc"},"url":"https:\/\/www.padreeustaquio.com.br\/en\/author\/sscc\/"}]}},"_links":{"self":[{"href":"https:\/\/www.padreeustaquio.com.br\/en\/wp-json\/wp\/v2\/posts\/5334","targetHints":{"allow":["GET"]}}],"collection":[{"href":"https:\/\/www.padreeustaquio.com.br\/en\/wp-json\/wp\/v2\/posts"}],"about":[{"href":"https:\/\/www.padreeustaquio.com.br\/en\/wp-json\/wp\/v2\/types\/post"}],"author":[{"embeddable":true,"href":"https:\/\/www.padreeustaquio.com.br\/en\/wp-json\/wp\/v2\/users\/2"}],"replies":[{"embeddable":true,"href":"https:\/\/www.padreeustaquio.com.br\/en\/wp-json\/wp\/v2\/comments?post=5334"}],"version-history":[{"count":0,"href":"https:\/\/www.padreeustaquio.com.br\/en\/wp-json\/wp\/v2\/posts\/5334\/revisions"}],"wp:featuredmedia":[{"embeddable":true,"href":"https:\/\/www.padreeustaquio.com.br\/en\/wp-json\/wp\/v2\/media\/5337"}],"wp:attachment":[{"href":"https:\/\/www.padreeustaquio.com.br\/en\/wp-json\/wp\/v2\/media?parent=5334"}],"wp:term":[{"taxonomy":"category","embeddable":true,"href":"https:\/\/www.padreeustaquio.com.br\/en\/wp-json\/wp\/v2\/categories?post=5334"},{"taxonomy":"post_tag","embeddable":true,"href":"https:\/\/www.padreeustaquio.com.br\/en\/wp-json\/wp\/v2\/tags?post=5334"}],"curies":[{"name":"wp","href":"https:\/\/api.w.org\/{rel}","templated":true}]}}