{"id":5314,"date":"2021-03-22T07:38:00","date_gmt":"2021-03-22T10:38:00","guid":{"rendered":"https:\/\/www.padreeustaquio.com.br\/?p=5314"},"modified":"2021-03-22T10:13:08","modified_gmt":"2021-03-22T13:13:08","slug":"saint-josephs-church-is-elevated-to-a-sanctuary","status":"publish","type":"post","link":"https:\/\/www.padreeustaquio.com.br\/en\/saint-josephs-church-is-elevated-to-a-sanctuary\/","title":{"rendered":"The Church of Saint Joseph is elevated to a Sanctuary."},"content":{"rendered":"<p>The Church of Saint Joseph, the place chosen in September 1943 to host the celebration of the 7th-day Mass for Father Eust\u00e1quio, was elevated to a Sanctuary on the day of its patron saint, March 19th, last Friday.<br \/><br \/>The solemn announcement was made by the Metropolitan Archbishop of Belo Horizonte and president of the National Conference of Bishops of Brazil (CNBB), Dom Walmor Oliveira de Azevedo, who presided over the mass in the church located in the center of the capital of Minas Gerais, without the presence of the faithful due to the worsening pandemic.<br \/><br \/>The Eucharistic celebration of the creation of<strong>\u00a0<\/strong>The Archdiocesan Sanctuary of Saint Joseph also marks the celebrations of the 150th anniversary of the proclamation of Saint Joseph as patron saint of the Church.<br \/><br \/><strong>Elevation to Sanctuary<\/strong><\/p>\r\n\r\n\r\n\r\n<p>A church or other sacred place becomes a sanctuary when a large number of faithful, for some special reason of piety, make pilgrimages there, with the approval of the local Church authority (bishop or archbishop).<\/p>\r\n\r\n\r\n\r\n<p>Within the territory of the Archdiocese of Belo Horizonte, which encompasses 28 municipalities, there are 11 sanctuaries, five of which are in the capital, including the Sanctuary of Health and Peace, the church of Father Eust\u00e1quio.<br \/><br \/>The parish priest of S\u00e3o Jos\u00e9 Parish and now rector of the sanctuary, the Redemptorist priest Jos\u00e9 Cl\u00e1udio Teixeira, highlights the recognition and recalls that the church is a pilgrimage center for both residents and people from neighboring municipalities: \u201cIt is a place of evangelization, of faith, which has long been a sanctuary in the hearts of the people. Before the new coronavirus pandemic, about a thousand people attended Sunday Mass.\u201d.<\/p>\r\n\r\n\r\n\r\n<p>&nbsp;<\/p>\r\n\r\n\r\n\r\n<p><strong><em>***with information from the newspaper Estado de Minas (em.com.br)<\/em><\/strong><\/p>","protected":false},"excerpt":{"rendered":"<p>A igreja de S\u00e3o Jos\u00e9, local que foi escolhido em setembro de 1943 para acolher a celebra\u00e7\u00e3o da Missa de 7\u00ba dia de Padre Eust\u00e1quio, foi elevada a Santu\u00e1rio no dia do seu padroeiro, 19 de mar\u00e7o, \u00faltima sexta-feira. O an\u00fancio solene foi feito pelo arcebispo metropolitano de Belo Horizonte e presidente da Confer\u00eancia Nacional dos Bispos do Brasil (CNBB), dom Walmor Oliveira de Azevedo, que presidiu a missa no templo que fica no centro da capital mineira, sem a presen\u00e7a de fi\u00e9is por causa do agravamento da pandemia. A celebra\u00e7\u00e3o eucar\u00edstica de cria\u00e7\u00e3o do\u00a0Santu\u00e1rio Arquidiocesano S\u00e3o Jos\u00e9\u00a0marca tamb\u00e9m as [&hellip;]<\/p>\n","protected":false},"author":2,"featured_media":5315,"comment_status":"open","ping_status":"closed","sticky":false,"template":"","format":"standard","meta":{"_acf_changed":false,"footnotes":""},"categories":[611],"tags":[],"class_list":["post-5314","post","type-post","status-publish","format-standard","has-post-thumbnail","hentry","category-noticias"],"acf":[],"yoast_head":"<!-- This site is optimized with the Yoast SEO plugin v27.2 - https:\/\/yoast.com\/product\/yoast-seo-wordpress\/ -->\n<title>Igreja de S\u00e3o Jos\u00e9 \u00e9 elevada a Santu\u00e1rio - Padre Eust\u00e1quio<\/title>\n<meta name=\"robots\" content=\"index, follow, max-snippet:-1, max-image-preview:large, max-video-preview:-1\" \/>\n<link rel=\"canonical\" href=\"https:\/\/www.padreeustaquio.com.br\/en\/saint-josephs-church-is-elevated-to-a-sanctuary\/\" \/>\n<meta property=\"og:locale\" content=\"en_US\" \/>\n<meta property=\"og:type\" content=\"article\" \/>\n<meta property=\"og:title\" content=\"Igreja de S\u00e3o Jos\u00e9 \u00e9 elevada a Santu\u00e1rio - Padre Eust\u00e1quio\" \/>\n<meta property=\"og:description\" content=\"A igreja de S\u00e3o Jos\u00e9, local que foi escolhido em setembro de 1943 para acolher a celebra\u00e7\u00e3o da Missa de 7\u00ba dia de Padre Eust\u00e1quio, foi elevada a Santu\u00e1rio no dia do seu padroeiro, 19 de mar\u00e7o, \u00faltima sexta-feira. O an\u00fancio solene foi feito pelo arcebispo metropolitano de Belo Horizonte e presidente da Confer\u00eancia Nacional dos Bispos do Brasil (CNBB), dom Walmor Oliveira de Azevedo, que presidiu a missa no templo que fica no centro da capital mineira, sem a presen\u00e7a de fi\u00e9is por causa do agravamento da pandemia. A celebra\u00e7\u00e3o eucar\u00edstica de cria\u00e7\u00e3o do\u00a0Santu\u00e1rio Arquidiocesano S\u00e3o Jos\u00e9\u00a0marca tamb\u00e9m as [&hellip;]\" \/>\n<meta property=\"og:url\" content=\"https:\/\/www.padreeustaquio.com.br\/en\/saint-josephs-church-is-elevated-to-a-sanctuary\/\" \/>\n<meta property=\"og:site_name\" content=\"Padre Eust\u00e1quio\" \/>\n<meta property=\"article:publisher\" content=\"https:\/\/www.facebook.com\/beatopadreeustaquio\/\" \/>\n<meta property=\"article:published_time\" content=\"2021-03-22T10:38:00+00:00\" \/>\n<meta property=\"article:modified_time\" content=\"2021-03-22T13:13:08+00:00\" \/>\n<meta property=\"og:image\" content=\"https:\/\/www.padreeustaquio.com.br\/wp-content\/uploads\/2021\/03\/Santuario-Sao-Jose.jpg\" \/>\n\t<meta property=\"og:image:width\" content=\"748\" \/>\n\t<meta property=\"og:image:height\" content=\"394\" \/>\n\t<meta property=\"og:image:type\" content=\"image\/jpeg\" \/>\n<meta name=\"author\" content=\"@sscc\" \/>\n<meta name=\"twitter:card\" content=\"summary_large_image\" \/>\n<meta name=\"twitter:creator\" content=\"@beatopeustaquio\" \/>\n<meta name=\"twitter:site\" content=\"@beatopeustaquio\" \/>\n<meta name=\"twitter:label1\" content=\"Written by\" \/>\n\t<meta name=\"twitter:data1\" content=\"@sscc\" \/>\n\t<meta name=\"twitter:label2\" content=\"Est. reading time\" \/>\n\t<meta name=\"twitter:data2\" content=\"2 minutes\" \/>\n<script type=\"application\/ld+json\" class=\"yoast-schema-graph\">{\"@context\":\"https:\/\/schema.org\",\"@graph\":[{\"@type\":\"Article\",\"@id\":\"https:\/\/www.padreeustaquio.com.br\/igreja-de-sao-jose-e-elevada-a-santuario\/#article\",\"isPartOf\":{\"@id\":\"https:\/\/www.padreeustaquio.com.br\/igreja-de-sao-jose-e-elevada-a-santuario\/\"},\"author\":{\"name\":\"@sscc\",\"@id\":\"https:\/\/www.padreeustaquio.com.br\/#\/schema\/person\/a2a51db1d00f1a7af0204a0f1ddb1566\"},\"headline\":\"Igreja de S\u00e3o Jos\u00e9 \u00e9 elevada a Santu\u00e1rio\",\"datePublished\":\"2021-03-22T10:38:00+00:00\",\"dateModified\":\"2021-03-22T13:13:08+00:00\",\"mainEntityOfPage\":{\"@id\":\"https:\/\/www.padreeustaquio.com.br\/igreja-de-sao-jose-e-elevada-a-santuario\/\"},\"wordCount\":309,\"commentCount\":0,\"publisher\":{\"@id\":\"https:\/\/www.padreeustaquio.com.br\/#organization\"},\"image\":{\"@id\":\"https:\/\/www.padreeustaquio.com.br\/igreja-de-sao-jose-e-elevada-a-santuario\/#primaryimage\"},\"thumbnailUrl\":\"https:\/\/www.padreeustaquio.com.br\/wp-content\/uploads\/2021\/03\/Santuario-Sao-Jose.jpg\",\"articleSection\":[\"Not\u00edcias\"],\"inLanguage\":\"en-US\",\"potentialAction\":[{\"@type\":\"CommentAction\",\"name\":\"Comment\",\"target\":[\"https:\/\/www.padreeustaquio.com.br\/igreja-de-sao-jose-e-elevada-a-santuario\/#respond\"]}]},{\"@type\":\"WebPage\",\"@id\":\"https:\/\/www.padreeustaquio.com.br\/igreja-de-sao-jose-e-elevada-a-santuario\/\",\"url\":\"https:\/\/www.padreeustaquio.com.br\/igreja-de-sao-jose-e-elevada-a-santuario\/\",\"name\":\"Igreja de S\u00e3o Jos\u00e9 \u00e9 elevada a Santu\u00e1rio - Padre Eust\u00e1quio\",\"isPartOf\":{\"@id\":\"https:\/\/www.padreeustaquio.com.br\/#website\"},\"primaryImageOfPage\":{\"@id\":\"https:\/\/www.padreeustaquio.com.br\/igreja-de-sao-jose-e-elevada-a-santuario\/#primaryimage\"},\"image\":{\"@id\":\"https:\/\/www.padreeustaquio.com.br\/igreja-de-sao-jose-e-elevada-a-santuario\/#primaryimage\"},\"thumbnailUrl\":\"https:\/\/www.padreeustaquio.com.br\/wp-content\/uploads\/2021\/03\/Santuario-Sao-Jose.jpg\",\"datePublished\":\"2021-03-22T10:38:00+00:00\",\"dateModified\":\"2021-03-22T13:13:08+00:00\",\"breadcrumb\":{\"@id\":\"https:\/\/www.padreeustaquio.com.br\/igreja-de-sao-jose-e-elevada-a-santuario\/#breadcrumb\"},\"inLanguage\":\"en-US\",\"potentialAction\":[{\"@type\":\"ReadAction\",\"target\":[\"https:\/\/www.padreeustaquio.com.br\/igreja-de-sao-jose-e-elevada-a-santuario\/\"]}]},{\"@type\":\"ImageObject\",\"inLanguage\":\"en-US\",\"@id\":\"https:\/\/www.padreeustaquio.com.br\/igreja-de-sao-jose-e-elevada-a-santuario\/#primaryimage\",\"url\":\"https:\/\/www.padreeustaquio.com.br\/wp-content\/uploads\/2021\/03\/Santuario-Sao-Jose.jpg\",\"contentUrl\":\"https:\/\/www.padreeustaquio.com.br\/wp-content\/uploads\/2021\/03\/Santuario-Sao-Jose.jpg\",\"width\":748,\"height\":394,\"caption\":\"Foto: Santu\u00e1rio Arquidiocesano de S\u00e3o Jos\u00e9\"},{\"@type\":\"BreadcrumbList\",\"@id\":\"https:\/\/www.padreeustaquio.com.br\/igreja-de-sao-jose-e-elevada-a-santuario\/#breadcrumb\",\"itemListElement\":[{\"@type\":\"ListItem\",\"position\":1,\"name\":\"In\u00edcio\",\"item\":\"https:\/\/www.padreeustaquio.com.br\/\"},{\"@type\":\"ListItem\",\"position\":2,\"name\":\"Igreja de S\u00e3o Jos\u00e9 \u00e9 elevada a Santu\u00e1rio\"}]},{\"@type\":\"WebSite\",\"@id\":\"https:\/\/www.padreeustaquio.com.br\/#website\",\"url\":\"https:\/\/www.padreeustaquio.com.br\/\",\"name\":\"Padre Eust\u00e1quio\",\"description\":\"Sa\u00fade e Paz\",\"publisher\":{\"@id\":\"https:\/\/www.padreeustaquio.com.br\/#organization\"},\"potentialAction\":[{\"@type\":\"SearchAction\",\"target\":{\"@type\":\"EntryPoint\",\"urlTemplate\":\"https:\/\/www.padreeustaquio.com.br\/?s={search_term_string}\"},\"query-input\":{\"@type\":\"PropertyValueSpecification\",\"valueRequired\":true,\"valueName\":\"search_term_string\"}}],\"inLanguage\":\"en-US\"},{\"@type\":\"Organization\",\"@id\":\"https:\/\/www.padreeustaquio.com.br\/#organization\",\"name\":\"Padre Eust\u00e1quio\",\"url\":\"https:\/\/www.padreeustaquio.com.br\/\",\"logo\":{\"@type\":\"ImageObject\",\"inLanguage\":\"en-US\",\"@id\":\"https:\/\/www.padreeustaquio.com.br\/#\/schema\/logo\/image\/\",\"url\":\"https:\/\/www.padreeustaquio.com.br\/wp-content\/uploads\/2019\/08\/marca.png\",\"contentUrl\":\"https:\/\/www.padreeustaquio.com.br\/wp-content\/uploads\/2019\/08\/marca.png\",\"width\":350,\"height\":400,\"caption\":\"Padre Eust\u00e1quio\"},\"image\":{\"@id\":\"https:\/\/www.padreeustaquio.com.br\/#\/schema\/logo\/image\/\"},\"sameAs\":[\"https:\/\/www.facebook.com\/beatopadreeustaquio\/\",\"https:\/\/x.com\/beatopeustaquio\",\"https:\/\/www.instagram.com\/beatopadreeustaquio\/\",\"https:\/\/www.youtube.com\/channel\/UCRhw7vfabnajwLxb1ZXMeIw\"]},{\"@type\":\"Person\",\"@id\":\"https:\/\/www.padreeustaquio.com.br\/#\/schema\/person\/a2a51db1d00f1a7af0204a0f1ddb1566\",\"name\":\"@sscc\",\"image\":{\"@type\":\"ImageObject\",\"inLanguage\":\"en-US\",\"@id\":\"https:\/\/secure.gravatar.com\/avatar\/68cfafa5f44617fea54071e215026e0ff06be366c3d54a8425f04fdcb86f8c5f?s=96&d=mm&r=g\",\"url\":\"https:\/\/secure.gravatar.com\/avatar\/68cfafa5f44617fea54071e215026e0ff06be366c3d54a8425f04fdcb86f8c5f?s=96&d=mm&r=g\",\"contentUrl\":\"https:\/\/secure.gravatar.com\/avatar\/68cfafa5f44617fea54071e215026e0ff06be366c3d54a8425f04fdcb86f8c5f?s=96&d=mm&r=g\",\"caption\":\"@sscc\"},\"url\":\"https:\/\/www.padreeustaquio.com.br\/en\/author\/sscc\/\"}]}<\/script>\n<!-- \/ Yoast SEO plugin. -->","yoast_head_json":{"title":"The Church of Saint Joseph is elevated to a Sanctuary - Father Eust\u00e1quio","robots":{"index":"index","follow":"follow","max-snippet":"max-snippet:-1","max-image-preview":"max-image-preview:large","max-video-preview":"max-video-preview:-1"},"canonical":"https:\/\/www.padreeustaquio.com.br\/en\/saint-josephs-church-is-elevated-to-a-sanctuary\/","og_locale":"en_US","og_type":"article","og_title":"Igreja de S\u00e3o Jos\u00e9 \u00e9 elevada a Santu\u00e1rio - Padre Eust\u00e1quio","og_description":"A igreja de S\u00e3o Jos\u00e9, local que foi escolhido em setembro de 1943 para acolher a celebra\u00e7\u00e3o da Missa de 7\u00ba dia de Padre Eust\u00e1quio, foi elevada a Santu\u00e1rio no dia do seu padroeiro, 19 de mar\u00e7o, \u00faltima sexta-feira. O an\u00fancio solene foi feito pelo arcebispo metropolitano de Belo Horizonte e presidente da Confer\u00eancia Nacional dos Bispos do Brasil (CNBB), dom Walmor Oliveira de Azevedo, que presidiu a missa no templo que fica no centro da capital mineira, sem a presen\u00e7a de fi\u00e9is por causa do agravamento da pandemia. A celebra\u00e7\u00e3o eucar\u00edstica de cria\u00e7\u00e3o do\u00a0Santu\u00e1rio Arquidiocesano S\u00e3o Jos\u00e9\u00a0marca tamb\u00e9m as [&hellip;]","og_url":"https:\/\/www.padreeustaquio.com.br\/en\/saint-josephs-church-is-elevated-to-a-sanctuary\/","og_site_name":"Padre Eust\u00e1quio","article_publisher":"https:\/\/www.facebook.com\/beatopadreeustaquio\/","article_published_time":"2021-03-22T10:38:00+00:00","article_modified_time":"2021-03-22T13:13:08+00:00","og_image":[{"width":748,"height":394,"url":"https:\/\/www.padreeustaquio.com.br\/wp-content\/uploads\/2021\/03\/Santuario-Sao-Jose.jpg","type":"image\/jpeg"}],"author":"@sscc","twitter_card":"summary_large_image","twitter_creator":"@beatopeustaquio","twitter_site":"@beatopeustaquio","twitter_misc":{"Written by":"@sscc","Est. reading time":"2 minutes"},"schema":{"@context":"https:\/\/schema.org","@graph":[{"@type":"Article","@id":"https:\/\/www.padreeustaquio.com.br\/igreja-de-sao-jose-e-elevada-a-santuario\/#article","isPartOf":{"@id":"https:\/\/www.padreeustaquio.com.br\/igreja-de-sao-jose-e-elevada-a-santuario\/"},"author":{"name":"@sscc","@id":"https:\/\/www.padreeustaquio.com.br\/#\/schema\/person\/a2a51db1d00f1a7af0204a0f1ddb1566"},"headline":"Igreja de S\u00e3o Jos\u00e9 \u00e9 elevada a Santu\u00e1rio","datePublished":"2021-03-22T10:38:00+00:00","dateModified":"2021-03-22T13:13:08+00:00","mainEntityOfPage":{"@id":"https:\/\/www.padreeustaquio.com.br\/igreja-de-sao-jose-e-elevada-a-santuario\/"},"wordCount":309,"commentCount":0,"publisher":{"@id":"https:\/\/www.padreeustaquio.com.br\/#organization"},"image":{"@id":"https:\/\/www.padreeustaquio.com.br\/igreja-de-sao-jose-e-elevada-a-santuario\/#primaryimage"},"thumbnailUrl":"https:\/\/www.padreeustaquio.com.br\/wp-content\/uploads\/2021\/03\/Santuario-Sao-Jose.jpg","articleSection":["Not\u00edcias"],"inLanguage":"en-US","potentialAction":[{"@type":"CommentAction","name":"Comment","target":["https:\/\/www.padreeustaquio.com.br\/igreja-de-sao-jose-e-elevada-a-santuario\/#respond"]}]},{"@type":"WebPage","@id":"https:\/\/www.padreeustaquio.com.br\/igreja-de-sao-jose-e-elevada-a-santuario\/","url":"https:\/\/www.padreeustaquio.com.br\/igreja-de-sao-jose-e-elevada-a-santuario\/","name":"The Church of Saint Joseph is elevated to a Sanctuary - Father Eust\u00e1quio","isPartOf":{"@id":"https:\/\/www.padreeustaquio.com.br\/#website"},"primaryImageOfPage":{"@id":"https:\/\/www.padreeustaquio.com.br\/igreja-de-sao-jose-e-elevada-a-santuario\/#primaryimage"},"image":{"@id":"https:\/\/www.padreeustaquio.com.br\/igreja-de-sao-jose-e-elevada-a-santuario\/#primaryimage"},"thumbnailUrl":"https:\/\/www.padreeustaquio.com.br\/wp-content\/uploads\/2021\/03\/Santuario-Sao-Jose.jpg","datePublished":"2021-03-22T10:38:00+00:00","dateModified":"2021-03-22T13:13:08+00:00","breadcrumb":{"@id":"https:\/\/www.padreeustaquio.com.br\/igreja-de-sao-jose-e-elevada-a-santuario\/#breadcrumb"},"inLanguage":"en-US","potentialAction":[{"@type":"ReadAction","target":["https:\/\/www.padreeustaquio.com.br\/igreja-de-sao-jose-e-elevada-a-santuario\/"]}]},{"@type":"ImageObject","inLanguage":"en-US","@id":"https:\/\/www.padreeustaquio.com.br\/igreja-de-sao-jose-e-elevada-a-santuario\/#primaryimage","url":"https:\/\/www.padreeustaquio.com.br\/wp-content\/uploads\/2021\/03\/Santuario-Sao-Jose.jpg","contentUrl":"https:\/\/www.padreeustaquio.com.br\/wp-content\/uploads\/2021\/03\/Santuario-Sao-Jose.jpg","width":748,"height":394,"caption":"Foto: Santu\u00e1rio Arquidiocesano de S\u00e3o Jos\u00e9"},{"@type":"BreadcrumbList","@id":"https:\/\/www.padreeustaquio.com.br\/igreja-de-sao-jose-e-elevada-a-santuario\/#breadcrumb","itemListElement":[{"@type":"ListItem","position":1,"name":"In\u00edcio","item":"https:\/\/www.padreeustaquio.com.br\/"},{"@type":"ListItem","position":2,"name":"Igreja de S\u00e3o Jos\u00e9 \u00e9 elevada a Santu\u00e1rio"}]},{"@type":"WebSite","@id":"https:\/\/www.padreeustaquio.com.br\/#website","url":"https:\/\/www.padreeustaquio.com.br\/","name":"FATHER EUST\u00c1QUIO","description":"Health and Peace","publisher":{"@id":"https:\/\/www.padreeustaquio.com.br\/#organization"},"potentialAction":[{"@type":"SearchAction","target":{"@type":"EntryPoint","urlTemplate":"https:\/\/www.padreeustaquio.com.br\/?s={search_term_string}"},"query-input":{"@type":"PropertyValueSpecification","valueRequired":true,"valueName":"search_term_string"}}],"inLanguage":"en-US"},{"@type":"Organization","@id":"https:\/\/www.padreeustaquio.com.br\/#organization","name":"FATHER EUST\u00c1QUIO","url":"https:\/\/www.padreeustaquio.com.br\/","logo":{"@type":"ImageObject","inLanguage":"en-US","@id":"https:\/\/www.padreeustaquio.com.br\/#\/schema\/logo\/image\/","url":"https:\/\/www.padreeustaquio.com.br\/wp-content\/uploads\/2019\/08\/marca.png","contentUrl":"https:\/\/www.padreeustaquio.com.br\/wp-content\/uploads\/2019\/08\/marca.png","width":350,"height":400,"caption":"Padre Eust\u00e1quio"},"image":{"@id":"https:\/\/www.padreeustaquio.com.br\/#\/schema\/logo\/image\/"},"sameAs":["https:\/\/www.facebook.com\/beatopadreeustaquio\/","https:\/\/x.com\/beatopeustaquio","https:\/\/www.instagram.com\/beatopadreeustaquio\/","https:\/\/www.youtube.com\/channel\/UCRhw7vfabnajwLxb1ZXMeIw"]},{"@type":"Person","@id":"https:\/\/www.padreeustaquio.com.br\/#\/schema\/person\/a2a51db1d00f1a7af0204a0f1ddb1566","name":"@sscc","image":{"@type":"ImageObject","inLanguage":"en-US","@id":"https:\/\/secure.gravatar.com\/avatar\/68cfafa5f44617fea54071e215026e0ff06be366c3d54a8425f04fdcb86f8c5f?s=96&d=mm&r=g","url":"https:\/\/secure.gravatar.com\/avatar\/68cfafa5f44617fea54071e215026e0ff06be366c3d54a8425f04fdcb86f8c5f?s=96&d=mm&r=g","contentUrl":"https:\/\/secure.gravatar.com\/avatar\/68cfafa5f44617fea54071e215026e0ff06be366c3d54a8425f04fdcb86f8c5f?s=96&d=mm&r=g","caption":"@sscc"},"url":"https:\/\/www.padreeustaquio.com.br\/en\/author\/sscc\/"}]}},"_links":{"self":[{"href":"https:\/\/www.padreeustaquio.com.br\/en\/wp-json\/wp\/v2\/posts\/5314","targetHints":{"allow":["GET"]}}],"collection":[{"href":"https:\/\/www.padreeustaquio.com.br\/en\/wp-json\/wp\/v2\/posts"}],"about":[{"href":"https:\/\/www.padreeustaquio.com.br\/en\/wp-json\/wp\/v2\/types\/post"}],"author":[{"embeddable":true,"href":"https:\/\/www.padreeustaquio.com.br\/en\/wp-json\/wp\/v2\/users\/2"}],"replies":[{"embeddable":true,"href":"https:\/\/www.padreeustaquio.com.br\/en\/wp-json\/wp\/v2\/comments?post=5314"}],"version-history":[{"count":0,"href":"https:\/\/www.padreeustaquio.com.br\/en\/wp-json\/wp\/v2\/posts\/5314\/revisions"}],"wp:featuredmedia":[{"embeddable":true,"href":"https:\/\/www.padreeustaquio.com.br\/en\/wp-json\/wp\/v2\/media\/5315"}],"wp:attachment":[{"href":"https:\/\/www.padreeustaquio.com.br\/en\/wp-json\/wp\/v2\/media?parent=5314"}],"wp:term":[{"taxonomy":"category","embeddable":true,"href":"https:\/\/www.padreeustaquio.com.br\/en\/wp-json\/wp\/v2\/categories?post=5314"},{"taxonomy":"post_tag","embeddable":true,"href":"https:\/\/www.padreeustaquio.com.br\/en\/wp-json\/wp\/v2\/tags?post=5314"}],"curies":[{"name":"wp","href":"https:\/\/api.w.org\/{rel}","templated":true}]}}